{"id":82582,"date":"2025-11-10T18:34:09","date_gmt":"2025-11-10T22:34:09","guid":{"rendered":"https:\/\/www.mundoacuicola.cl\/new\/?p=82582"},"modified":"2025-11-11T22:16:41","modified_gmt":"2025-11-12T02:16:41","slug":"salmones-antartica-fortalece-su-presencia-internacional","status":"publish","type":"post","link":"https:\/\/www.mundoacuicola.cl\/new\/salmones-antartica-fortalece-su-presencia-internacional\/","title":{"rendered":"Salmones Ant\u00e1rtica fortalece su presencia internacional"},"content":{"rendered":"<p><span style=\"font-weight: 400;\">Con una s\u00f3lida estrategia de posicionamiento en los principales mercados mundiales de alimentos del mar, <\/span><a href=\"https:\/\/www.instagram.com\/salmonesantarticasocial\/\"><b>Salmones Ant\u00e1rtica<\/b><\/a><span style=\"font-weight: 400;\"> contin\u00faa consolidando su reputaci\u00f3n como una de las empresas m\u00e1s consistentes en materia de calidad, innovaci\u00f3n y sostenibilidad dentro de la industria acu\u00edcola.<\/span><\/p>\n<p><span style=\"font-weight: 400;\">Su reciente participaci\u00f3n en la <\/span><a href=\"https:\/\/seafoodshow.com.br\/es\/\"><b>Seafood Show Latin America 2025<\/b><\/a><span style=\"font-weight: 400;\">, realizada en el Distrito de Anhembi de <\/span><b>S\u00e3o Paulo<\/b><span style=\"font-weight: 400;\">,<\/span><b> Brasil<\/b><span style=\"font-weight: 400;\">, fue una muestra de ese fortalecimiento y de la creciente valoraci\u00f3n que los productos de la compa\u00f1\u00eda despiertan entre compradores internacionales.<\/span><\/p>\n<p><span style=\"font-weight: 400;\">La feria \u2014una de las m\u00e1s importantes del continente\u2014 reuni\u00f3 a <\/span><b>m\u00e1s de 4.000 profesionales del sector<\/b><span style=\"font-weight: 400;\">, <\/span><b>100 marcas expositoras<\/b><span style=\"font-weight: 400;\">, <\/span><b>24 estados representados<\/b><span style=\"font-weight: 400;\"> y ofreci\u00f3 <\/span><b>m\u00e1s de 40 horas de contenidos t\u00e9cnicos y especializados<\/b><span style=\"font-weight: 400;\"> durante tres d\u00edas de actividad. En ella participaron representantes de <\/span><b>grandes cadenas de supermercados, restaurantes, hoteles, distribuidores globales y comercializadores<\/b><span style=\"font-weight: 400;\"> que abastecen los mercados m\u00e1s competitivos del planeta.<\/span><\/p>\n<h2><strong>Un espacio para afianzar relaciones y abrir nuevas oportunidades<\/strong><\/h2>\n<p><span style=\"font-weight: 400;\">Para el gerente comercial de Salmones Ant\u00e1rtica, <\/span><b>Jos\u00e9 Luis Garc\u00eda<\/b><span style=\"font-weight: 400;\">, la participaci\u00f3n en esta edici\u00f3n de Seafood Show Latin America no solo permiti\u00f3 exhibir la calidad de los productos chilenos, sino tambi\u00e9n profundizar <\/span><b>v\u00ednculos estrat\u00e9gicos<\/b><span style=\"font-weight: 400;\"> con actores clave del comercio internacional.<\/span><\/p>\n<p><span style=\"font-weight: 400;\">\u201cEste tipo de instancias confirman que el salm\u00f3n y la trucha cultivados en el sur de Chile contin\u00faan posicion\u00e1ndose como <\/span><b>referentes de calidad<\/b><span style=\"font-weight: 400;\"> en los mercados globales\u201d, destac\u00f3 Garc\u00eda. \u201cEn Brasil, y en toda la regi\u00f3n, existe un inter\u00e9s creciente por alimentos con trazabilidad, sostenibilidad y <\/span><b>atributos diferenciadores<\/b><span style=\"font-weight: 400;\">, aspectos que forman parte del ADN de Salmones Ant\u00e1rtica\u201d, a\u00f1adi\u00f3.<\/span><\/p>\n<p><span style=\"font-weight: 400;\">En esa l\u00ednea, el ejecutivo destac\u00f3 que el evento funcion\u00f3 como una plataforma de <\/span><b>alto impacto<\/b><span style=\"font-weight: 400;\"> para reforzar relaciones comerciales, explorar nuevas alianzas y proyectar negocios en un contexto donde la demanda por prote\u00ednas marinas sostenibles se mantiene al alza.<\/span><\/p>\n<h2><strong>Innovaci\u00f3n, sostenibilidad y origen: el sello de Salmones Ant\u00e1rtica<\/strong><\/h2>\n<p><span style=\"font-weight: 400;\">La compa\u00f1\u00eda, con operaciones arraigadas entre las regiones del Biob\u00edo y de Ays\u00e9n, ha mantenido una estrategia basada en la innovaci\u00f3n tecnol\u00f3gica, el compromiso ambiental y la mejora continua de sus procesos.<\/span><\/p>\n<p><span style=\"font-weight: 400;\">Estos factores le han permitido obtener <\/span><b>certificaciones internacionales <\/b><span style=\"font-weight: 400;\">de sostenibilidad y calidad, abriendo puertas en mercados tan exigentes como<\/span><b> Jap\u00f3n<\/b><span style=\"font-weight: 400;\">, la<\/span><b> Uni\u00f3n Europea <\/b><span style=\"font-weight: 400;\">y<\/span><b> Norteam\u00e9rica.\u00a0<\/b><\/p>\n<p><span style=\"font-weight: 400;\">\u201cNuestro desaf\u00edo ha sido demostrar que desde el sur de Chile se puede <\/span><b>competir en igualdad de condiciones<\/b><span style=\"font-weight: 400;\"> con los grandes productores del mundo, aportando no solo calidad, sino tambi\u00e9n valor agregado en t\u00e9rminos de sostenibilidad y cercan\u00eda con el entorno\u201d, explic\u00f3 el subgerente comercial de la compa\u00f1\u00eda, <\/span><b>Rafael Rodr\u00edguez<\/b><span style=\"font-weight: 400;\">.<\/span><\/p>\n<p><span style=\"font-weight: 400;\">\u201cEn cada evento internacional en que participamos, como en la reciente Seafood Show en Brasil, percibimos un <\/span><b>reconocimiento tangible<\/b><span style=\"font-weight: 400;\"> a ese esfuerzo. La percepci\u00f3n hacia los productos chilenos ha evolucionado favorablemente, y Salmones Ant\u00e1rtica es parte activa de esa transformaci\u00f3n\u201d, ahond\u00f3 Rodr\u00edguez.\u00a0<\/span><\/p>\n<h2><strong>El equilibrio entre lo local y lo global<\/strong><\/h2>\n<p><span style=\"font-weight: 400;\">Uno de los aspectos m\u00e1s destacados del modelo comercial de Salmones Ant\u00e1rtica es su capacidad de mantener una <\/span><b>presencia internacional consolidada<\/b><span style=\"font-weight: 400;\"> sin perder el v\u00ednculo con sus comunidades y consumidores locales.<\/span><\/p>\n<p><span style=\"font-weight: 400;\">En Chile, la compa\u00f1\u00eda dispone de tiendas propias \u2014<\/span><a href=\"https:\/\/tienda-salmonesantartica.cl\/\"><b>Salmones Ant\u00e1rtica La Tiendita<\/b><\/a><span style=\"font-weight: 400;\">, ubicadas en <\/span><b>Castro<\/b><span style=\"font-weight: 400;\">, regi\u00f3n de Los Lagos, y <\/span><b>Santiago<\/b><span style=\"font-weight: 400;\">, regi\u00f3n Metropolitana\u2014 donde ofrece los mismos productos que exporta a los mercados m\u00e1s sofisticados del mundo.<\/span><\/p>\n<p><span style=\"font-weight: 400;\">\u201cQueremos que las y los chilenos puedan disfrutar del mismo salm\u00f3n y trucha que llega a las mesas de <\/span><b>Tokio<\/b><span style=\"font-weight: 400;\">,<\/span><b> Madrid <\/b><span style=\"font-weight: 400;\">o<\/span><b> Nueva York<\/b><span style=\"font-weight: 400;\">\u201d, apunt\u00f3 Garc\u00eda, afirmando que \u201cesa coherencia entre lo que exportamos y lo que ofrecemos en el pa\u00eds refleja nuestro compromiso con la transparencia y la calidad total\u201d.<\/span><\/p>\n<h2><strong>Una empresa en evoluci\u00f3n constante<\/strong><\/h2>\n<p><span style=\"font-weight: 400;\">El positivo balance que dej\u00f3 la participaci\u00f3n en la Seafood Show Latin America 2025 confirma el momento de madurez y expansi\u00f3n que vive Salmones Ant\u00e1rtica. La compa\u00f1\u00eda contin\u00faa fortaleciendo su posici\u00f3n en el <\/span><b>mapa global<\/b><span style=\"font-weight: 400;\"> del salm\u00f3n y la trucha, contribuyendo con su modelo productivo sostenible al desarrollo econ\u00f3mico y social de la macrozona sur-austral del pa\u00eds.<\/span><\/p>\n<p><span style=\"font-weight: 400;\">\u201cCada feria, cada encuentro con compradores o distribuidores, nos permite reafirmar que estamos en la <\/span><b>direcci\u00f3n correcta<\/b><span style=\"font-weight: 400;\">. Y que no quepa duda alguna que seguiremos apostando por la innovaci\u00f3n, la sostenibilidad y el orgullo de nuestro origen, llevando el salm\u00f3n y la trucha chilena al mundo con la pasi\u00f3n que nos caracteriza\u201d, concluy\u00f3 Rafael Rodr\u00edguez. <\/span><\/p>\n","protected":false},"excerpt":{"rendered":"<p>En un contexto donde el consumo de prote\u00ednas sostenibles contin\u00faa en aumento, la empresa reafirma su papel como embajadora del salm\u00f3n y la trucha del sur de Chile ante el mundo.<\/p>\n","protected":false},"author":8,"featured_media":82585,"comment_status":"closed","ping_status":"closed","sticky":false,"template":"","format":"standard","meta":{"footnotes":""},"categories":[27390],"tags":[2330,8433,1105,2100,28041,2273,5096,15664,3477,897],"class_list":["post-82582","post","type-post","status-publish","format-standard","has-post-thumbnail","hentry","category-empresas","tag-brasil","tag-calidad","tag-exportaciones","tag-innovacion","tag-mercados-globales","tag-salmon-chileno","tag-salmones-antartica","tag-seafood-show","tag-sostenibilidad","tag-trucha"],"yoast_head":"<!-- This site is optimized with the Yoast SEO plugin v27.5 - https:\/\/yoast.com\/product\/yoast-seo-wordpress\/ -->\n<title>Salmones Ant\u00e1rtica fortalece su presencia internacional - Mundoacuicola<\/title>\n<meta name=\"description\" content=\"Salmones Ant\u00e1rtica destac\u00f3 en Seafood Show Latin America 2025, consolidando su liderazgo en innovaci\u00f3n y sostenibilidad acu\u00edcola.\" \/>\n<meta name=\"robots\" content=\"index, follow, max-snippet:-1, max-image-preview:large, max-video-preview:-1\" \/>\n<link rel=\"canonical\" href=\"https:\/\/www.mundoacuicola.cl\/new\/salmones-antartica-fortalece-su-presencia-internacional\/\" \/>\n<meta property=\"og:locale\" content=\"es_ES\" \/>\n<meta property=\"og:type\" content=\"article\" \/>\n<meta property=\"og:title\" content=\"Salmones Ant\u00e1rtica fortalece su presencia internacional - Mundoacuicola\" \/>\n<meta property=\"og:description\" content=\"Salmones Ant\u00e1rtica destac\u00f3 en Seafood Show Latin America 2025, consolidando su liderazgo en innovaci\u00f3n y sostenibilidad acu\u00edcola.\" \/>\n<meta property=\"og:url\" content=\"https:\/\/www.mundoacuicola.cl\/new\/salmones-antartica-fortalece-su-presencia-internacional\/\" \/>\n<meta property=\"og:site_name\" content=\"Mundoacuicola\" \/>\n<meta property=\"article:publisher\" content=\"https:\/\/www.facebook.com\/mundo.acuicola\/\" \/>\n<meta property=\"article:published_time\" content=\"2025-11-10T22:34:09+00:00\" \/>\n<meta property=\"article:modified_time\" content=\"2025-11-12T02:16:41+00:00\" \/>\n<meta property=\"og:image\" content=\"https:\/\/www.mundoacuicola.cl\/new\/wp-content\/uploads\/2025\/11\/ParticipacionSalmonesAntartica.jpeg\" \/>\n\t<meta property=\"og:image:width\" content=\"750\" \/>\n\t<meta property=\"og:image:height\" content=\"400\" \/>\n\t<meta property=\"og:image:type\" content=\"image\/jpeg\" \/>\n<meta name=\"author\" content=\"Ricardo Alvarez\" \/>\n<meta name=\"twitter:card\" content=\"summary_large_image\" \/>\n<meta name=\"twitter:creator\" content=\"@mundoacuicola\" \/>\n<meta name=\"twitter:site\" content=\"@mundoacuicola\" \/>\n<meta name=\"twitter:label1\" content=\"Escrito por\" \/>\n\t<meta name=\"twitter:data1\" content=\"Ricardo Alvarez\" \/>\n\t<meta name=\"twitter:label2\" content=\"Tiempo de lectura\" \/>\n\t<meta name=\"twitter:data2\" content=\"4 minutos\" \/>\n<script type=\"application\/ld+json\" class=\"yoast-schema-graph\">{\"@context\":\"https:\\\/\\\/schema.org\",\"@graph\":[{\"@type\":\"Article\",\"@id\":\"https:\\\/\\\/www.mundoacuicola.cl\\\/new\\\/salmones-antartica-fortalece-su-presencia-internacional\\\/#article\",\"isPartOf\":{\"@id\":\"https:\\\/\\\/www.mundoacuicola.cl\\\/new\\\/salmones-antartica-fortalece-su-presencia-internacional\\\/\"},\"author\":{\"name\":\"Ricardo Alvarez\",\"@id\":\"https:\\\/\\\/www.mundoacuicola.cl\\\/new\\\/#\\\/schema\\\/person\\\/52cfe7e461eb2d30484965350ee34bdd\"},\"headline\":\"Salmones Ant\u00e1rtica fortalece su presencia internacional\",\"datePublished\":\"2025-11-10T22:34:09+00:00\",\"dateModified\":\"2025-11-12T02:16:41+00:00\",\"mainEntityOfPage\":{\"@id\":\"https:\\\/\\\/www.mundoacuicola.cl\\\/new\\\/salmones-antartica-fortalece-su-presencia-internacional\\\/\"},\"wordCount\":774,\"publisher\":{\"@id\":\"https:\\\/\\\/www.mundoacuicola.cl\\\/new\\\/#organization\"},\"image\":{\"@id\":\"https:\\\/\\\/www.mundoacuicola.cl\\\/new\\\/salmones-antartica-fortalece-su-presencia-internacional\\\/#primaryimage\"},\"thumbnailUrl\":\"https:\\\/\\\/www.mundoacuicola.cl\\\/new\\\/wp-content\\\/uploads\\\/2025\\\/11\\\/ParticipacionSalmonesAntartica.jpeg\",\"keywords\":[\"Brasil\",\"calidad\",\"Exportaciones\",\"Innovaci\u00f3n\",\"mercados globales\",\"Salm\u00f3n chileno\",\"Salmones Ant\u00e1rtica\",\"Seafood Show\",\"sostenibilidad\",\"trucha\"],\"articleSection\":[\"Empresas\"],\"inLanguage\":\"es\"},{\"@type\":\"WebPage\",\"@id\":\"https:\\\/\\\/www.mundoacuicola.cl\\\/new\\\/salmones-antartica-fortalece-su-presencia-internacional\\\/\",\"url\":\"https:\\\/\\\/www.mundoacuicola.cl\\\/new\\\/salmones-antartica-fortalece-su-presencia-internacional\\\/\",\"name\":\"Salmones Ant\u00e1rtica fortalece su presencia internacional - Mundoacuicola\",\"isPartOf\":{\"@id\":\"https:\\\/\\\/www.mundoacuicola.cl\\\/new\\\/#website\"},\"primaryImageOfPage\":{\"@id\":\"https:\\\/\\\/www.mundoacuicola.cl\\\/new\\\/salmones-antartica-fortalece-su-presencia-internacional\\\/#primaryimage\"},\"image\":{\"@id\":\"https:\\\/\\\/www.mundoacuicola.cl\\\/new\\\/salmones-antartica-fortalece-su-presencia-internacional\\\/#primaryimage\"},\"thumbnailUrl\":\"https:\\\/\\\/www.mundoacuicola.cl\\\/new\\\/wp-content\\\/uploads\\\/2025\\\/11\\\/ParticipacionSalmonesAntartica.jpeg\",\"datePublished\":\"2025-11-10T22:34:09+00:00\",\"dateModified\":\"2025-11-12T02:16:41+00:00\",\"description\":\"Salmones Ant\u00e1rtica destac\u00f3 en Seafood Show Latin America 2025, consolidando su liderazgo en innovaci\u00f3n y sostenibilidad acu\u00edcola.\",\"breadcrumb\":{\"@id\":\"https:\\\/\\\/www.mundoacuicola.cl\\\/new\\\/salmones-antartica-fortalece-su-presencia-internacional\\\/#breadcrumb\"},\"inLanguage\":\"es\",\"potentialAction\":[{\"@type\":\"ReadAction\",\"target\":[\"https:\\\/\\\/www.mundoacuicola.cl\\\/new\\\/salmones-antartica-fortalece-su-presencia-internacional\\\/\"]}]},{\"@type\":\"ImageObject\",\"inLanguage\":\"es\",\"@id\":\"https:\\\/\\\/www.mundoacuicola.cl\\\/new\\\/salmones-antartica-fortalece-su-presencia-internacional\\\/#primaryimage\",\"url\":\"https:\\\/\\\/www.mundoacuicola.cl\\\/new\\\/wp-content\\\/uploads\\\/2025\\\/11\\\/ParticipacionSalmonesAntartica.jpeg\",\"contentUrl\":\"https:\\\/\\\/www.mundoacuicola.cl\\\/new\\\/wp-content\\\/uploads\\\/2025\\\/11\\\/ParticipacionSalmonesAntartica.jpeg\",\"width\":750,\"height\":400},{\"@type\":\"BreadcrumbList\",\"@id\":\"https:\\\/\\\/www.mundoacuicola.cl\\\/new\\\/salmones-antartica-fortalece-su-presencia-internacional\\\/#breadcrumb\",\"itemListElement\":[{\"@type\":\"ListItem\",\"position\":1,\"name\":\"Portada\",\"item\":\"https:\\\/\\\/www.mundoacuicola.cl\\\/new\\\/\"},{\"@type\":\"ListItem\",\"position\":2,\"name\":\"Salmones Ant\u00e1rtica fortalece su presencia internacional\"}]},{\"@type\":\"WebSite\",\"@id\":\"https:\\\/\\\/www.mundoacuicola.cl\\\/new\\\/#website\",\"url\":\"https:\\\/\\\/www.mundoacuicola.cl\\\/new\\\/\",\"name\":\"Mundoacuicola\",\"description\":\"Revista de Acuicultura.\",\"publisher\":{\"@id\":\"https:\\\/\\\/www.mundoacuicola.cl\\\/new\\\/#organization\"},\"potentialAction\":[{\"@type\":\"SearchAction\",\"target\":{\"@type\":\"EntryPoint\",\"urlTemplate\":\"https:\\\/\\\/www.mundoacuicola.cl\\\/new\\\/?s={search_term_string}\"},\"query-input\":{\"@type\":\"PropertyValueSpecification\",\"valueRequired\":true,\"valueName\":\"search_term_string\"}}],\"inLanguage\":\"es\"},{\"@type\":\"Organization\",\"@id\":\"https:\\\/\\\/www.mundoacuicola.cl\\\/new\\\/#organization\",\"name\":\"Mundoacuicola\",\"url\":\"https:\\\/\\\/www.mundoacuicola.cl\\\/new\\\/\",\"logo\":{\"@type\":\"ImageObject\",\"inLanguage\":\"es\",\"@id\":\"https:\\\/\\\/www.mundoacuicola.cl\\\/new\\\/#\\\/schema\\\/logo\\\/image\\\/\",\"url\":\"https:\\\/\\\/www.mundoacuicola.cl\\\/new\\\/wp-content\\\/uploads\\\/2026\\\/01\\\/cropped-LOGO-Mundo-Acuicola-2026.png\",\"contentUrl\":\"https:\\\/\\\/www.mundoacuicola.cl\\\/new\\\/wp-content\\\/uploads\\\/2026\\\/01\\\/cropped-LOGO-Mundo-Acuicola-2026.png\",\"width\":1252,\"height\":296,\"caption\":\"Mundoacuicola\"},\"image\":{\"@id\":\"https:\\\/\\\/www.mundoacuicola.cl\\\/new\\\/#\\\/schema\\\/logo\\\/image\\\/\"},\"sameAs\":[\"https:\\\/\\\/www.facebook.com\\\/mundo.acuicola\\\/\",\"https:\\\/\\\/x.com\\\/mundoacuicola\",\"https:\\\/\\\/www.linkedin.com\\\/in\\\/mundo-acuicola\"]},{\"@type\":\"Person\",\"@id\":\"https:\\\/\\\/www.mundoacuicola.cl\\\/new\\\/#\\\/schema\\\/person\\\/52cfe7e461eb2d30484965350ee34bdd\",\"name\":\"Ricardo Alvarez\",\"url\":\"https:\\\/\\\/www.mundoacuicola.cl\\\/new\\\/author\\\/ricardo\\\/\"}]}<\/script>\n<!-- \/ Yoast SEO plugin. -->","yoast_head_json":{"title":"Salmones Ant\u00e1rtica fortalece su presencia internacional - Mundoacuicola","description":"Salmones Ant\u00e1rtica destac\u00f3 en Seafood Show Latin America 2025, consolidando su liderazgo en innovaci\u00f3n y sostenibilidad acu\u00edcola.","robots":{"index":"index","follow":"follow","max-snippet":"max-snippet:-1","max-image-preview":"max-image-preview:large","max-video-preview":"max-video-preview:-1"},"canonical":"https:\/\/www.mundoacuicola.cl\/new\/salmones-antartica-fortalece-su-presencia-internacional\/","og_locale":"es_ES","og_type":"article","og_title":"Salmones Ant\u00e1rtica fortalece su presencia internacional - Mundoacuicola","og_description":"Salmones Ant\u00e1rtica destac\u00f3 en Seafood Show Latin America 2025, consolidando su liderazgo en innovaci\u00f3n y sostenibilidad acu\u00edcola.","og_url":"https:\/\/www.mundoacuicola.cl\/new\/salmones-antartica-fortalece-su-presencia-internacional\/","og_site_name":"Mundoacuicola","article_publisher":"https:\/\/www.facebook.com\/mundo.acuicola\/","article_published_time":"2025-11-10T22:34:09+00:00","article_modified_time":"2025-11-12T02:16:41+00:00","og_image":[{"width":750,"height":400,"url":"https:\/\/www.mundoacuicola.cl\/new\/wp-content\/uploads\/2025\/11\/ParticipacionSalmonesAntartica.jpeg","type":"image\/jpeg"}],"author":"Ricardo Alvarez","twitter_card":"summary_large_image","twitter_creator":"@mundoacuicola","twitter_site":"@mundoacuicola","twitter_misc":{"Escrito por":"Ricardo Alvarez","Tiempo de lectura":"4 minutos"},"schema":{"@context":"https:\/\/schema.org","@graph":[{"@type":"Article","@id":"https:\/\/www.mundoacuicola.cl\/new\/salmones-antartica-fortalece-su-presencia-internacional\/#article","isPartOf":{"@id":"https:\/\/www.mundoacuicola.cl\/new\/salmones-antartica-fortalece-su-presencia-internacional\/"},"author":{"name":"Ricardo Alvarez","@id":"https:\/\/www.mundoacuicola.cl\/new\/#\/schema\/person\/52cfe7e461eb2d30484965350ee34bdd"},"headline":"Salmones Ant\u00e1rtica fortalece su presencia internacional","datePublished":"2025-11-10T22:34:09+00:00","dateModified":"2025-11-12T02:16:41+00:00","mainEntityOfPage":{"@id":"https:\/\/www.mundoacuicola.cl\/new\/salmones-antartica-fortalece-su-presencia-internacional\/"},"wordCount":774,"publisher":{"@id":"https:\/\/www.mundoacuicola.cl\/new\/#organization"},"image":{"@id":"https:\/\/www.mundoacuicola.cl\/new\/salmones-antartica-fortalece-su-presencia-internacional\/#primaryimage"},"thumbnailUrl":"https:\/\/www.mundoacuicola.cl\/new\/wp-content\/uploads\/2025\/11\/ParticipacionSalmonesAntartica.jpeg","keywords":["Brasil","calidad","Exportaciones","Innovaci\u00f3n","mercados globales","Salm\u00f3n chileno","Salmones Ant\u00e1rtica","Seafood Show","sostenibilidad","trucha"],"articleSection":["Empresas"],"inLanguage":"es"},{"@type":"WebPage","@id":"https:\/\/www.mundoacuicola.cl\/new\/salmones-antartica-fortalece-su-presencia-internacional\/","url":"https:\/\/www.mundoacuicola.cl\/new\/salmones-antartica-fortalece-su-presencia-internacional\/","name":"Salmones Ant\u00e1rtica fortalece su presencia internacional - Mundoacuicola","isPartOf":{"@id":"https:\/\/www.mundoacuicola.cl\/new\/#website"},"primaryImageOfPage":{"@id":"https:\/\/www.mundoacuicola.cl\/new\/salmones-antartica-fortalece-su-presencia-internacional\/#primaryimage"},"image":{"@id":"https:\/\/www.mundoacuicola.cl\/new\/salmones-antartica-fortalece-su-presencia-internacional\/#primaryimage"},"thumbnailUrl":"https:\/\/www.mundoacuicola.cl\/new\/wp-content\/uploads\/2025\/11\/ParticipacionSalmonesAntartica.jpeg","datePublished":"2025-11-10T22:34:09+00:00","dateModified":"2025-11-12T02:16:41+00:00","description":"Salmones Ant\u00e1rtica destac\u00f3 en Seafood Show Latin America 2025, consolidando su liderazgo en innovaci\u00f3n y sostenibilidad acu\u00edcola.","breadcrumb":{"@id":"https:\/\/www.mundoacuicola.cl\/new\/salmones-antartica-fortalece-su-presencia-internacional\/#breadcrumb"},"inLanguage":"es","potentialAction":[{"@type":"ReadAction","target":["https:\/\/www.mundoacuicola.cl\/new\/salmones-antartica-fortalece-su-presencia-internacional\/"]}]},{"@type":"ImageObject","inLanguage":"es","@id":"https:\/\/www.mundoacuicola.cl\/new\/salmones-antartica-fortalece-su-presencia-internacional\/#primaryimage","url":"https:\/\/www.mundoacuicola.cl\/new\/wp-content\/uploads\/2025\/11\/ParticipacionSalmonesAntartica.jpeg","contentUrl":"https:\/\/www.mundoacuicola.cl\/new\/wp-content\/uploads\/2025\/11\/ParticipacionSalmonesAntartica.jpeg","width":750,"height":400},{"@type":"BreadcrumbList","@id":"https:\/\/www.mundoacuicola.cl\/new\/salmones-antartica-fortalece-su-presencia-internacional\/#breadcrumb","itemListElement":[{"@type":"ListItem","position":1,"name":"Portada","item":"https:\/\/www.mundoacuicola.cl\/new\/"},{"@type":"ListItem","position":2,"name":"Salmones Ant\u00e1rtica fortalece su presencia internacional"}]},{"@type":"WebSite","@id":"https:\/\/www.mundoacuicola.cl\/new\/#website","url":"https:\/\/www.mundoacuicola.cl\/new\/","name":"Mundoacuicola","description":"Revista de Acuicultura.","publisher":{"@id":"https:\/\/www.mundoacuicola.cl\/new\/#organization"},"potentialAction":[{"@type":"SearchAction","target":{"@type":"EntryPoint","urlTemplate":"https:\/\/www.mundoacuicola.cl\/new\/?s={search_term_string}"},"query-input":{"@type":"PropertyValueSpecification","valueRequired":true,"valueName":"search_term_string"}}],"inLanguage":"es"},{"@type":"Organization","@id":"https:\/\/www.mundoacuicola.cl\/new\/#organization","name":"Mundoacuicola","url":"https:\/\/www.mundoacuicola.cl\/new\/","logo":{"@type":"ImageObject","inLanguage":"es","@id":"https:\/\/www.mundoacuicola.cl\/new\/#\/schema\/logo\/image\/","url":"https:\/\/www.mundoacuicola.cl\/new\/wp-content\/uploads\/2026\/01\/cropped-LOGO-Mundo-Acuicola-2026.png","contentUrl":"https:\/\/www.mundoacuicola.cl\/new\/wp-content\/uploads\/2026\/01\/cropped-LOGO-Mundo-Acuicola-2026.png","width":1252,"height":296,"caption":"Mundoacuicola"},"image":{"@id":"https:\/\/www.mundoacuicola.cl\/new\/#\/schema\/logo\/image\/"},"sameAs":["https:\/\/www.facebook.com\/mundo.acuicola\/","https:\/\/x.com\/mundoacuicola","https:\/\/www.linkedin.com\/in\/mundo-acuicola"]},{"@type":"Person","@id":"https:\/\/www.mundoacuicola.cl\/new\/#\/schema\/person\/52cfe7e461eb2d30484965350ee34bdd","name":"Ricardo Alvarez","url":"https:\/\/www.mundoacuicola.cl\/new\/author\/ricardo\/"}]}},"_links":{"self":[{"href":"https:\/\/www.mundoacuicola.cl\/new\/wp-json\/wp\/v2\/posts\/82582","targetHints":{"allow":["GET"]}}],"collection":[{"href":"https:\/\/www.mundoacuicola.cl\/new\/wp-json\/wp\/v2\/posts"}],"about":[{"href":"https:\/\/www.mundoacuicola.cl\/new\/wp-json\/wp\/v2\/types\/post"}],"author":[{"embeddable":true,"href":"https:\/\/www.mundoacuicola.cl\/new\/wp-json\/wp\/v2\/users\/8"}],"replies":[{"embeddable":true,"href":"https:\/\/www.mundoacuicola.cl\/new\/wp-json\/wp\/v2\/comments?post=82582"}],"version-history":[{"count":0,"href":"https:\/\/www.mundoacuicola.cl\/new\/wp-json\/wp\/v2\/posts\/82582\/revisions"}],"wp:featuredmedia":[{"embeddable":true,"href":"https:\/\/www.mundoacuicola.cl\/new\/wp-json\/wp\/v2\/media\/82585"}],"wp:attachment":[{"href":"https:\/\/www.mundoacuicola.cl\/new\/wp-json\/wp\/v2\/media?parent=82582"}],"wp:term":[{"taxonomy":"category","embeddable":true,"href":"https:\/\/www.mundoacuicola.cl\/new\/wp-json\/wp\/v2\/categories?post=82582"},{"taxonomy":"post_tag","embeddable":true,"href":"https:\/\/www.mundoacuicola.cl\/new\/wp-json\/wp\/v2\/tags?post=82582"}],"curies":[{"name":"wp","href":"https:\/\/api.w.org\/{rel}","templated":true}]}}