{"id":82588,"date":"2025-11-10T20:55:26","date_gmt":"2025-11-11T00:55:26","guid":{"rendered":"https:\/\/www.mundoacuicola.cl\/new\/?p=82588"},"modified":"2025-11-11T22:16:21","modified_gmt":"2025-11-12T02:16:21","slug":"aimon-de-cermaq-estuvo-presente-en-el-gran-premio-de-brasil-de-formula-1","status":"publish","type":"post","link":"https:\/\/www.mundoacuicola.cl\/new\/aimon-de-cermaq-estuvo-presente-en-el-gran-premio-de-brasil-de-formula-1\/","title":{"rendered":"Aimon de Cermaq estuvo presente en el Gran Premio de Brasil de F\u00f3rmula 1"},"content":{"rendered":"<p>Aimon, el producto ultrapremium de Cermaq, estuvo presente en el Gran Premio de Brasil de F\u00f3rmula 1, que se celebr\u00f3 del 7 al 9 de noviembre en el Aut\u00f3dromo de Interlagos, en S\u00e3o Paulo. Durante el fin de semana m\u00e1s esperado del mundo automovil\u00edstico de Sudam\u00e9rica, los invitados del palco disfrutaron de una selecci\u00f3n de preparaciones contempor\u00e1neas elaboradas por el restaurante By Koji con salm\u00f3n Aimon, en una experiencia culinaria que celebr\u00f3 la precisi\u00f3n, la excelencia y la sofisticaci\u00f3n, valores que conectaron a la marca con la esencia misma de la F\u00f3rmula 1.<\/p>\n<p>\u201cLa asociaci\u00f3n con By Koji en el GP de Brasil reforz\u00f3 el prop\u00f3sito de Aimon: ofrecer un salm\u00f3n que elevara el est\u00e1ndar de la alta gastronom\u00eda y la cocina japonesa. Adem\u00e1s, haber estado presentes en uno de los eventos m\u00e1s prestigiosos de Brasil y del mundo, reforz\u00f3 la posici\u00f3n de Aimon como referencia en productos de alta gastronom\u00eda y calidad incomparable\u201d, destac\u00f3 Felipe Katata, Head of Cermaq Brasil.<\/p>\n<p>Con el prop\u00f3sito de unir la tradici\u00f3n japonesa con la acuicultura sostenible, Aimon fue producido bajo rigurosos procesos que priorizaron el bienestar animal, la innovaci\u00f3n tecnol\u00f3gica y t\u00e9cnicas tradicionales como el ikejime y el procesamiento pre rigor. Aimon garantiz\u00f3 un sabor, textura y frescura inigualables. Estos atributos fueron esenciales para las creaciones del chef Koji Yokomizo, reconocido por su maestr\u00eda en la alta gastronom\u00eda japonesa.<\/p>\n<p>\u201cTrabajar con Aimon fue tener la certeza de que cada plato expresar\u00eda lo mejor de nuestra cocina. La textura, la frescura y el sabor marcaron toda la diferencia en la experiencia, sobre todo en un evento tan emblem\u00e1tico y prestigioso como la F\u00f3rmula 1\u201d, afirm\u00f3 el chef Koji Yokomizo, de By Koji.<\/p>\n","protected":false},"excerpt":{"rendered":"<p>Aimon fue elegido por el afamado restaurante By Koji, referente de la gastronom\u00eda japonesa en S\u00e3o Paulo, como el ingrediente oficial de los men\u00fas ofrecidos en las zonas m\u00e1s exclusivas del circuito, donde se reunieron los invitados especiales.<\/p>\n","protected":false},"author":8,"featured_media":82589,"comment_status":"closed","ping_status":"closed","sticky":false,"template":"","format":"standard","meta":{"footnotes":""},"categories":[27390],"tags":[143,23591,28043,2330,28044,124,28042,2100,5764,3477],"class_list":["post-82588","post","type-post","status-publish","format-standard","has-post-thumbnail","hentry","category-empresas","tag-acuicultura","tag-aimon","tag-alta-gastronomia","tag-brasil","tag-by-koji","tag-cermaq","tag-formula-1","tag-innovacion","tag-salmon-premium","tag-sostenibilidad"],"yoast_head":"<!-- This site is optimized with the Yoast SEO plugin v27.5 - https:\/\/yoast.com\/product\/yoast-seo-wordpress\/ -->\n<title>Aimon de Cermaq estuvo presente en el Gran Premio de Brasil de F\u00f3rmula 1 - Mundoacuicola<\/title>\n<meta name=\"description\" content=\"Aimon de Cermaq brill\u00f3 en el GP de Brasil con una experiencia gourmet junto al restaurante japon\u00e9s By Koji.\" \/>\n<meta name=\"robots\" content=\"index, follow, max-snippet:-1, max-image-preview:large, max-video-preview:-1\" \/>\n<link rel=\"canonical\" href=\"https:\/\/www.mundoacuicola.cl\/new\/aimon-de-cermaq-estuvo-presente-en-el-gran-premio-de-brasil-de-formula-1\/\" \/>\n<meta property=\"og:locale\" content=\"es_ES\" \/>\n<meta property=\"og:type\" content=\"article\" \/>\n<meta property=\"og:title\" content=\"Aimon de Cermaq estuvo presente en el Gran Premio de Brasil de F\u00f3rmula 1 - Mundoacuicola\" \/>\n<meta property=\"og:description\" content=\"Aimon de Cermaq brill\u00f3 en el GP de Brasil con una experiencia gourmet junto al restaurante japon\u00e9s By Koji.\" \/>\n<meta property=\"og:url\" content=\"https:\/\/www.mundoacuicola.cl\/new\/aimon-de-cermaq-estuvo-presente-en-el-gran-premio-de-brasil-de-formula-1\/\" \/>\n<meta property=\"og:site_name\" content=\"Mundoacuicola\" \/>\n<meta property=\"article:publisher\" content=\"https:\/\/www.facebook.com\/mundo.acuicola\/\" \/>\n<meta property=\"article:published_time\" content=\"2025-11-11T00:55:26+00:00\" \/>\n<meta property=\"article:modified_time\" content=\"2025-11-12T02:16:21+00:00\" \/>\n<meta property=\"og:image\" content=\"https:\/\/www.mundoacuicola.cl\/new\/wp-content\/uploads\/2025\/11\/AimonCermaq2.jpeg\" \/>\n\t<meta property=\"og:image:width\" content=\"750\" \/>\n\t<meta property=\"og:image:height\" content=\"400\" \/>\n\t<meta property=\"og:image:type\" content=\"image\/jpeg\" \/>\n<meta name=\"author\" content=\"Ricardo Alvarez\" \/>\n<meta name=\"twitter:card\" content=\"summary_large_image\" \/>\n<meta name=\"twitter:creator\" content=\"@mundoacuicola\" \/>\n<meta name=\"twitter:site\" content=\"@mundoacuicola\" \/>\n<meta name=\"twitter:label1\" content=\"Escrito por\" \/>\n\t<meta name=\"twitter:data1\" content=\"Ricardo Alvarez\" \/>\n\t<meta name=\"twitter:label2\" content=\"Tiempo de lectura\" \/>\n\t<meta name=\"twitter:data2\" content=\"2 minutos\" \/>\n<script type=\"application\/ld+json\" class=\"yoast-schema-graph\">{\"@context\":\"https:\\\/\\\/schema.org\",\"@graph\":[{\"@type\":\"Article\",\"@id\":\"https:\\\/\\\/www.mundoacuicola.cl\\\/new\\\/aimon-de-cermaq-estuvo-presente-en-el-gran-premio-de-brasil-de-formula-1\\\/#article\",\"isPartOf\":{\"@id\":\"https:\\\/\\\/www.mundoacuicola.cl\\\/new\\\/aimon-de-cermaq-estuvo-presente-en-el-gran-premio-de-brasil-de-formula-1\\\/\"},\"author\":{\"name\":\"Ricardo Alvarez\",\"@id\":\"https:\\\/\\\/www.mundoacuicola.cl\\\/new\\\/#\\\/schema\\\/person\\\/52cfe7e461eb2d30484965350ee34bdd\"},\"headline\":\"Aimon de Cermaq estuvo presente en el Gran Premio de Brasil de F\u00f3rmula 1\",\"datePublished\":\"2025-11-11T00:55:26+00:00\",\"dateModified\":\"2025-11-12T02:16:21+00:00\",\"mainEntityOfPage\":{\"@id\":\"https:\\\/\\\/www.mundoacuicola.cl\\\/new\\\/aimon-de-cermaq-estuvo-presente-en-el-gran-premio-de-brasil-de-formula-1\\\/\"},\"wordCount\":318,\"publisher\":{\"@id\":\"https:\\\/\\\/www.mundoacuicola.cl\\\/new\\\/#organization\"},\"image\":{\"@id\":\"https:\\\/\\\/www.mundoacuicola.cl\\\/new\\\/aimon-de-cermaq-estuvo-presente-en-el-gran-premio-de-brasil-de-formula-1\\\/#primaryimage\"},\"thumbnailUrl\":\"https:\\\/\\\/www.mundoacuicola.cl\\\/new\\\/wp-content\\\/uploads\\\/2025\\\/11\\\/AimonCermaq2.jpeg\",\"keywords\":[\"Acuicultura\",\"Aimon\",\"alta gastronom\u00eda\",\"Brasil\",\"By Koji\",\"Cermaq\",\"F\u00f3rmula 1\",\"Innovaci\u00f3n\",\"salm\u00f3n premium\",\"sostenibilidad\"],\"articleSection\":[\"Empresas\"],\"inLanguage\":\"es\"},{\"@type\":\"WebPage\",\"@id\":\"https:\\\/\\\/www.mundoacuicola.cl\\\/new\\\/aimon-de-cermaq-estuvo-presente-en-el-gran-premio-de-brasil-de-formula-1\\\/\",\"url\":\"https:\\\/\\\/www.mundoacuicola.cl\\\/new\\\/aimon-de-cermaq-estuvo-presente-en-el-gran-premio-de-brasil-de-formula-1\\\/\",\"name\":\"Aimon de Cermaq estuvo presente en el Gran Premio de Brasil de F\u00f3rmula 1 - Mundoacuicola\",\"isPartOf\":{\"@id\":\"https:\\\/\\\/www.mundoacuicola.cl\\\/new\\\/#website\"},\"primaryImageOfPage\":{\"@id\":\"https:\\\/\\\/www.mundoacuicola.cl\\\/new\\\/aimon-de-cermaq-estuvo-presente-en-el-gran-premio-de-brasil-de-formula-1\\\/#primaryimage\"},\"image\":{\"@id\":\"https:\\\/\\\/www.mundoacuicola.cl\\\/new\\\/aimon-de-cermaq-estuvo-presente-en-el-gran-premio-de-brasil-de-formula-1\\\/#primaryimage\"},\"thumbnailUrl\":\"https:\\\/\\\/www.mundoacuicola.cl\\\/new\\\/wp-content\\\/uploads\\\/2025\\\/11\\\/AimonCermaq2.jpeg\",\"datePublished\":\"2025-11-11T00:55:26+00:00\",\"dateModified\":\"2025-11-12T02:16:21+00:00\",\"description\":\"Aimon de Cermaq brill\u00f3 en el GP de Brasil con una experiencia gourmet junto al restaurante japon\u00e9s By Koji.\",\"breadcrumb\":{\"@id\":\"https:\\\/\\\/www.mundoacuicola.cl\\\/new\\\/aimon-de-cermaq-estuvo-presente-en-el-gran-premio-de-brasil-de-formula-1\\\/#breadcrumb\"},\"inLanguage\":\"es\",\"potentialAction\":[{\"@type\":\"ReadAction\",\"target\":[\"https:\\\/\\\/www.mundoacuicola.cl\\\/new\\\/aimon-de-cermaq-estuvo-presente-en-el-gran-premio-de-brasil-de-formula-1\\\/\"]}]},{\"@type\":\"ImageObject\",\"inLanguage\":\"es\",\"@id\":\"https:\\\/\\\/www.mundoacuicola.cl\\\/new\\\/aimon-de-cermaq-estuvo-presente-en-el-gran-premio-de-brasil-de-formula-1\\\/#primaryimage\",\"url\":\"https:\\\/\\\/www.mundoacuicola.cl\\\/new\\\/wp-content\\\/uploads\\\/2025\\\/11\\\/AimonCermaq2.jpeg\",\"contentUrl\":\"https:\\\/\\\/www.mundoacuicola.cl\\\/new\\\/wp-content\\\/uploads\\\/2025\\\/11\\\/AimonCermaq2.jpeg\",\"width\":750,\"height\":400},{\"@type\":\"BreadcrumbList\",\"@id\":\"https:\\\/\\\/www.mundoacuicola.cl\\\/new\\\/aimon-de-cermaq-estuvo-presente-en-el-gran-premio-de-brasil-de-formula-1\\\/#breadcrumb\",\"itemListElement\":[{\"@type\":\"ListItem\",\"position\":1,\"name\":\"Portada\",\"item\":\"https:\\\/\\\/www.mundoacuicola.cl\\\/new\\\/\"},{\"@type\":\"ListItem\",\"position\":2,\"name\":\"Aimon de Cermaq estuvo presente en el Gran Premio de Brasil de F\u00f3rmula 1\"}]},{\"@type\":\"WebSite\",\"@id\":\"https:\\\/\\\/www.mundoacuicola.cl\\\/new\\\/#website\",\"url\":\"https:\\\/\\\/www.mundoacuicola.cl\\\/new\\\/\",\"name\":\"Mundoacuicola\",\"description\":\"Revista de Acuicultura.\",\"publisher\":{\"@id\":\"https:\\\/\\\/www.mundoacuicola.cl\\\/new\\\/#organization\"},\"potentialAction\":[{\"@type\":\"SearchAction\",\"target\":{\"@type\":\"EntryPoint\",\"urlTemplate\":\"https:\\\/\\\/www.mundoacuicola.cl\\\/new\\\/?s={search_term_string}\"},\"query-input\":{\"@type\":\"PropertyValueSpecification\",\"valueRequired\":true,\"valueName\":\"search_term_string\"}}],\"inLanguage\":\"es\"},{\"@type\":\"Organization\",\"@id\":\"https:\\\/\\\/www.mundoacuicola.cl\\\/new\\\/#organization\",\"name\":\"Mundoacuicola\",\"url\":\"https:\\\/\\\/www.mundoacuicola.cl\\\/new\\\/\",\"logo\":{\"@type\":\"ImageObject\",\"inLanguage\":\"es\",\"@id\":\"https:\\\/\\\/www.mundoacuicola.cl\\\/new\\\/#\\\/schema\\\/logo\\\/image\\\/\",\"url\":\"https:\\\/\\\/www.mundoacuicola.cl\\\/new\\\/wp-content\\\/uploads\\\/2026\\\/01\\\/cropped-LOGO-Mundo-Acuicola-2026.png\",\"contentUrl\":\"https:\\\/\\\/www.mundoacuicola.cl\\\/new\\\/wp-content\\\/uploads\\\/2026\\\/01\\\/cropped-LOGO-Mundo-Acuicola-2026.png\",\"width\":1252,\"height\":296,\"caption\":\"Mundoacuicola\"},\"image\":{\"@id\":\"https:\\\/\\\/www.mundoacuicola.cl\\\/new\\\/#\\\/schema\\\/logo\\\/image\\\/\"},\"sameAs\":[\"https:\\\/\\\/www.facebook.com\\\/mundo.acuicola\\\/\",\"https:\\\/\\\/x.com\\\/mundoacuicola\",\"https:\\\/\\\/www.linkedin.com\\\/in\\\/mundo-acuicola\"]},{\"@type\":\"Person\",\"@id\":\"https:\\\/\\\/www.mundoacuicola.cl\\\/new\\\/#\\\/schema\\\/person\\\/52cfe7e461eb2d30484965350ee34bdd\",\"name\":\"Ricardo Alvarez\",\"url\":\"https:\\\/\\\/www.mundoacuicola.cl\\\/new\\\/author\\\/ricardo\\\/\"}]}<\/script>\n<!-- \/ Yoast SEO plugin. -->","yoast_head_json":{"title":"Aimon de Cermaq estuvo presente en el Gran Premio de Brasil de F\u00f3rmula 1 - Mundoacuicola","description":"Aimon de Cermaq brill\u00f3 en el GP de Brasil con una experiencia gourmet junto al restaurante japon\u00e9s By Koji.","robots":{"index":"index","follow":"follow","max-snippet":"max-snippet:-1","max-image-preview":"max-image-preview:large","max-video-preview":"max-video-preview:-1"},"canonical":"https:\/\/www.mundoacuicola.cl\/new\/aimon-de-cermaq-estuvo-presente-en-el-gran-premio-de-brasil-de-formula-1\/","og_locale":"es_ES","og_type":"article","og_title":"Aimon de Cermaq estuvo presente en el Gran Premio de Brasil de F\u00f3rmula 1 - Mundoacuicola","og_description":"Aimon de Cermaq brill\u00f3 en el GP de Brasil con una experiencia gourmet junto al restaurante japon\u00e9s By Koji.","og_url":"https:\/\/www.mundoacuicola.cl\/new\/aimon-de-cermaq-estuvo-presente-en-el-gran-premio-de-brasil-de-formula-1\/","og_site_name":"Mundoacuicola","article_publisher":"https:\/\/www.facebook.com\/mundo.acuicola\/","article_published_time":"2025-11-11T00:55:26+00:00","article_modified_time":"2025-11-12T02:16:21+00:00","og_image":[{"width":750,"height":400,"url":"https:\/\/www.mundoacuicola.cl\/new\/wp-content\/uploads\/2025\/11\/AimonCermaq2.jpeg","type":"image\/jpeg"}],"author":"Ricardo Alvarez","twitter_card":"summary_large_image","twitter_creator":"@mundoacuicola","twitter_site":"@mundoacuicola","twitter_misc":{"Escrito por":"Ricardo Alvarez","Tiempo de lectura":"2 minutos"},"schema":{"@context":"https:\/\/schema.org","@graph":[{"@type":"Article","@id":"https:\/\/www.mundoacuicola.cl\/new\/aimon-de-cermaq-estuvo-presente-en-el-gran-premio-de-brasil-de-formula-1\/#article","isPartOf":{"@id":"https:\/\/www.mundoacuicola.cl\/new\/aimon-de-cermaq-estuvo-presente-en-el-gran-premio-de-brasil-de-formula-1\/"},"author":{"name":"Ricardo Alvarez","@id":"https:\/\/www.mundoacuicola.cl\/new\/#\/schema\/person\/52cfe7e461eb2d30484965350ee34bdd"},"headline":"Aimon de Cermaq estuvo presente en el Gran Premio de Brasil de F\u00f3rmula 1","datePublished":"2025-11-11T00:55:26+00:00","dateModified":"2025-11-12T02:16:21+00:00","mainEntityOfPage":{"@id":"https:\/\/www.mundoacuicola.cl\/new\/aimon-de-cermaq-estuvo-presente-en-el-gran-premio-de-brasil-de-formula-1\/"},"wordCount":318,"publisher":{"@id":"https:\/\/www.mundoacuicola.cl\/new\/#organization"},"image":{"@id":"https:\/\/www.mundoacuicola.cl\/new\/aimon-de-cermaq-estuvo-presente-en-el-gran-premio-de-brasil-de-formula-1\/#primaryimage"},"thumbnailUrl":"https:\/\/www.mundoacuicola.cl\/new\/wp-content\/uploads\/2025\/11\/AimonCermaq2.jpeg","keywords":["Acuicultura","Aimon","alta gastronom\u00eda","Brasil","By Koji","Cermaq","F\u00f3rmula 1","Innovaci\u00f3n","salm\u00f3n premium","sostenibilidad"],"articleSection":["Empresas"],"inLanguage":"es"},{"@type":"WebPage","@id":"https:\/\/www.mundoacuicola.cl\/new\/aimon-de-cermaq-estuvo-presente-en-el-gran-premio-de-brasil-de-formula-1\/","url":"https:\/\/www.mundoacuicola.cl\/new\/aimon-de-cermaq-estuvo-presente-en-el-gran-premio-de-brasil-de-formula-1\/","name":"Aimon de Cermaq estuvo presente en el Gran Premio de Brasil de F\u00f3rmula 1 - Mundoacuicola","isPartOf":{"@id":"https:\/\/www.mundoacuicola.cl\/new\/#website"},"primaryImageOfPage":{"@id":"https:\/\/www.mundoacuicola.cl\/new\/aimon-de-cermaq-estuvo-presente-en-el-gran-premio-de-brasil-de-formula-1\/#primaryimage"},"image":{"@id":"https:\/\/www.mundoacuicola.cl\/new\/aimon-de-cermaq-estuvo-presente-en-el-gran-premio-de-brasil-de-formula-1\/#primaryimage"},"thumbnailUrl":"https:\/\/www.mundoacuicola.cl\/new\/wp-content\/uploads\/2025\/11\/AimonCermaq2.jpeg","datePublished":"2025-11-11T00:55:26+00:00","dateModified":"2025-11-12T02:16:21+00:00","description":"Aimon de Cermaq brill\u00f3 en el GP de Brasil con una experiencia gourmet junto al restaurante japon\u00e9s By Koji.","breadcrumb":{"@id":"https:\/\/www.mundoacuicola.cl\/new\/aimon-de-cermaq-estuvo-presente-en-el-gran-premio-de-brasil-de-formula-1\/#breadcrumb"},"inLanguage":"es","potentialAction":[{"@type":"ReadAction","target":["https:\/\/www.mundoacuicola.cl\/new\/aimon-de-cermaq-estuvo-presente-en-el-gran-premio-de-brasil-de-formula-1\/"]}]},{"@type":"ImageObject","inLanguage":"es","@id":"https:\/\/www.mundoacuicola.cl\/new\/aimon-de-cermaq-estuvo-presente-en-el-gran-premio-de-brasil-de-formula-1\/#primaryimage","url":"https:\/\/www.mundoacuicola.cl\/new\/wp-content\/uploads\/2025\/11\/AimonCermaq2.jpeg","contentUrl":"https:\/\/www.mundoacuicola.cl\/new\/wp-content\/uploads\/2025\/11\/AimonCermaq2.jpeg","width":750,"height":400},{"@type":"BreadcrumbList","@id":"https:\/\/www.mundoacuicola.cl\/new\/aimon-de-cermaq-estuvo-presente-en-el-gran-premio-de-brasil-de-formula-1\/#breadcrumb","itemListElement":[{"@type":"ListItem","position":1,"name":"Portada","item":"https:\/\/www.mundoacuicola.cl\/new\/"},{"@type":"ListItem","position":2,"name":"Aimon de Cermaq estuvo presente en el Gran Premio de Brasil de F\u00f3rmula 1"}]},{"@type":"WebSite","@id":"https:\/\/www.mundoacuicola.cl\/new\/#website","url":"https:\/\/www.mundoacuicola.cl\/new\/","name":"Mundoacuicola","description":"Revista de Acuicultura.","publisher":{"@id":"https:\/\/www.mundoacuicola.cl\/new\/#organization"},"potentialAction":[{"@type":"SearchAction","target":{"@type":"EntryPoint","urlTemplate":"https:\/\/www.mundoacuicola.cl\/new\/?s={search_term_string}"},"query-input":{"@type":"PropertyValueSpecification","valueRequired":true,"valueName":"search_term_string"}}],"inLanguage":"es"},{"@type":"Organization","@id":"https:\/\/www.mundoacuicola.cl\/new\/#organization","name":"Mundoacuicola","url":"https:\/\/www.mundoacuicola.cl\/new\/","logo":{"@type":"ImageObject","inLanguage":"es","@id":"https:\/\/www.mundoacuicola.cl\/new\/#\/schema\/logo\/image\/","url":"https:\/\/www.mundoacuicola.cl\/new\/wp-content\/uploads\/2026\/01\/cropped-LOGO-Mundo-Acuicola-2026.png","contentUrl":"https:\/\/www.mundoacuicola.cl\/new\/wp-content\/uploads\/2026\/01\/cropped-LOGO-Mundo-Acuicola-2026.png","width":1252,"height":296,"caption":"Mundoacuicola"},"image":{"@id":"https:\/\/www.mundoacuicola.cl\/new\/#\/schema\/logo\/image\/"},"sameAs":["https:\/\/www.facebook.com\/mundo.acuicola\/","https:\/\/x.com\/mundoacuicola","https:\/\/www.linkedin.com\/in\/mundo-acuicola"]},{"@type":"Person","@id":"https:\/\/www.mundoacuicola.cl\/new\/#\/schema\/person\/52cfe7e461eb2d30484965350ee34bdd","name":"Ricardo Alvarez","url":"https:\/\/www.mundoacuicola.cl\/new\/author\/ricardo\/"}]}},"_links":{"self":[{"href":"https:\/\/www.mundoacuicola.cl\/new\/wp-json\/wp\/v2\/posts\/82588","targetHints":{"allow":["GET"]}}],"collection":[{"href":"https:\/\/www.mundoacuicola.cl\/new\/wp-json\/wp\/v2\/posts"}],"about":[{"href":"https:\/\/www.mundoacuicola.cl\/new\/wp-json\/wp\/v2\/types\/post"}],"author":[{"embeddable":true,"href":"https:\/\/www.mundoacuicola.cl\/new\/wp-json\/wp\/v2\/users\/8"}],"replies":[{"embeddable":true,"href":"https:\/\/www.mundoacuicola.cl\/new\/wp-json\/wp\/v2\/comments?post=82588"}],"version-history":[{"count":0,"href":"https:\/\/www.mundoacuicola.cl\/new\/wp-json\/wp\/v2\/posts\/82588\/revisions"}],"wp:featuredmedia":[{"embeddable":true,"href":"https:\/\/www.mundoacuicola.cl\/new\/wp-json\/wp\/v2\/media\/82589"}],"wp:attachment":[{"href":"https:\/\/www.mundoacuicola.cl\/new\/wp-json\/wp\/v2\/media?parent=82588"}],"wp:term":[{"taxonomy":"category","embeddable":true,"href":"https:\/\/www.mundoacuicola.cl\/new\/wp-json\/wp\/v2\/categories?post=82588"},{"taxonomy":"post_tag","embeddable":true,"href":"https:\/\/www.mundoacuicola.cl\/new\/wp-json\/wp\/v2\/tags?post=82588"}],"curies":[{"name":"wp","href":"https:\/\/api.w.org\/{rel}","templated":true}]}}