{"id":82594,"date":"2025-11-11T04:42:18","date_gmt":"2025-11-11T08:42:18","guid":{"rendered":"https:\/\/www.mundoacuicola.cl\/new\/?p=82594"},"modified":"2025-11-12T05:12:04","modified_gmt":"2025-11-12T09:12:04","slug":"llaman-al-proximo-gobierno-a-apoyar-el-desarrollo-acuicola-de-chile","status":"publish","type":"post","link":"https:\/\/www.mundoacuicola.cl\/new\/llaman-al-proximo-gobierno-a-apoyar-el-desarrollo-acuicola-de-chile\/","title":{"rendered":"Llaman al pr\u00f3ximo Gobierno a apoyar el desarrollo acu\u00edcola de Chile"},"content":{"rendered":"<p data-start=\"96\" data-end=\"473\">Luego de su exposici\u00f3n en la s\u00e9ptima edici\u00f3n de AquaForum Los Lagos, el presidente de SalmonChile, Arturo Cl\u00e9ment, reiter\u00f3 la necesidad de que el pr\u00f3ximo Gobierno de Chile fortalezca la colaboraci\u00f3n entre el Estado, las regiones y las comunidades costeras, con el fin de consolidar el crecimiento del sector y proyectar a Chile como una potencia acu\u00edcola mundial.<\/p>\n<p data-start=\"475\" data-end=\"846\">\u201cTenemos que involucrar al gobierno central para que los gobiernos regionales y las comunidades puedan participar y podamos hacer crecer la salmonicultura\u2026 y la acuicultura en general. Hay una oportunidad gigantesca para Chile como potencia acu\u00edcola\u201d, se\u00f1al\u00f3 Clement, destacando que la articulaci\u00f3n territorial ser\u00e1 decisiva para el desarrollo sostenible del rubro.<\/p>\n<p data-start=\"848\" data-end=\"1327\">El dirigente record\u00f3 que los avances recientes de la industria no se miden solo en producci\u00f3n, sino tambi\u00e9n en legitimidad local y valor agregado. En ese sentido, el Plan Salm\u00f3n 2050 aparece como la hoja de ruta para coordinar pol\u00edticas p\u00fablicas y compromisos regionales. \u201cEste plan nace de la macrozona sur, y al pr\u00f3ximo gobierno tenemos que involucrarlo en eso, en que el gobierno central nos apoye para que las regiones y las comunidades puedan participar\u201d, explic\u00f3.<\/p>\n<p data-start=\"1329\" data-end=\"1688\">Clement insisti\u00f3 adem\u00e1s en la urgencia de un marco regulatorio m\u00e1s \u00e1gil y coherente: \u201cHay que reducir la burocracia y tener normas simples y din\u00e1micas; de esa forma vamos a poder transformarnos\u201d. Seg\u00fan se\u00f1al\u00f3, una regulaci\u00f3n moderna permitir\u00eda acelerar la innovaci\u00f3n, atraer inversiones y consolidar un modelo acu\u00edcola m\u00e1s sustentable y descentralizado.<\/p>\n<p data-start=\"1690\" data-end=\"2040\" data-is-last-node=\"\" data-is-only-node=\"\">El mensaje, entregado en un tono constructivo, apunta a un objetivo com\u00fan: una acuicultura chilena coordinada, con participaci\u00f3n territorial y reglas claras. Para Clement, el desaf\u00edo del pr\u00f3ximo gobierno ser\u00e1 transformar esa visi\u00f3n compartida en una pol\u00edtica de Estado que permita a Chile fortalecer su liderazgo global desde los territorios del sur.<\/p>\n","protected":false},"excerpt":{"rendered":"<p>Arturo Cl\u00e9ment llam\u00f3 a fortalecer la colaboraci\u00f3n p\u00fablico-regional para consolidar el liderazgo acu\u00edcola de Chile.<\/p>\n","protected":false},"author":8,"featured_media":82595,"comment_status":"closed","ping_status":"closed","sticky":false,"template":"","format":"standard","meta":{"footnotes":""},"categories":[60],"tags":[143,2499,7143,4699,9859,184,197],"class_list":["post-82594","post","type-post","status-publish","format-standard","has-post-thumbnail","hentry","category-salmonicultura","tag-acuicultura","tag-aquaforum","tag-desarrollo","tag-gobierno","tag-potencia-acuicola","tag-salmon","tag-salmonicultura"],"yoast_head":"<!-- This site is optimized with the Yoast SEO plugin v27.5 - https:\/\/yoast.com\/product\/yoast-seo-wordpress\/ -->\n<title>Llaman al pr\u00f3ximo Gobierno a apoyar el desarrollo acu\u00edcola de Chile - Mundoacuicola<\/title>\n<meta name=\"description\" content=\"Arturo Cl\u00e9ment llam\u00f3 a fortalecer la colaboraci\u00f3n p\u00fablico-regional para consolidar el liderazgo acu\u00edcola de Chile.\" \/>\n<meta name=\"robots\" content=\"index, follow, max-snippet:-1, max-image-preview:large, max-video-preview:-1\" \/>\n<link rel=\"canonical\" href=\"https:\/\/www.mundoacuicola.cl\/new\/llaman-al-proximo-gobierno-a-apoyar-el-desarrollo-acuicola-de-chile\/\" \/>\n<meta property=\"og:locale\" content=\"es_ES\" \/>\n<meta property=\"og:type\" content=\"article\" \/>\n<meta property=\"og:title\" content=\"Llaman al pr\u00f3ximo Gobierno a apoyar el desarrollo acu\u00edcola de Chile - Mundoacuicola\" \/>\n<meta property=\"og:description\" content=\"Arturo Cl\u00e9ment llam\u00f3 a fortalecer la colaboraci\u00f3n p\u00fablico-regional para consolidar el liderazgo acu\u00edcola de Chile.\" \/>\n<meta property=\"og:url\" content=\"https:\/\/www.mundoacuicola.cl\/new\/llaman-al-proximo-gobierno-a-apoyar-el-desarrollo-acuicola-de-chile\/\" \/>\n<meta property=\"og:site_name\" content=\"Mundoacuicola\" \/>\n<meta property=\"article:publisher\" content=\"https:\/\/www.facebook.com\/mundo.acuicola\/\" \/>\n<meta property=\"article:published_time\" content=\"2025-11-11T08:42:18+00:00\" \/>\n<meta property=\"article:modified_time\" content=\"2025-11-12T09:12:04+00:00\" \/>\n<meta property=\"og:image\" content=\"https:\/\/www.mundoacuicola.cl\/new\/wp-content\/uploads\/2025\/11\/ArturoClement2025Aquaforum.jpg\" \/>\n\t<meta property=\"og:image:width\" content=\"750\" \/>\n\t<meta property=\"og:image:height\" content=\"400\" \/>\n\t<meta property=\"og:image:type\" content=\"image\/jpeg\" \/>\n<meta name=\"author\" content=\"Ricardo Alvarez\" \/>\n<meta name=\"twitter:card\" content=\"summary_large_image\" \/>\n<meta name=\"twitter:creator\" content=\"@mundoacuicola\" \/>\n<meta name=\"twitter:site\" content=\"@mundoacuicola\" \/>\n<meta name=\"twitter:label1\" content=\"Escrito por\" \/>\n\t<meta name=\"twitter:data1\" content=\"Ricardo Alvarez\" \/>\n\t<meta name=\"twitter:label2\" content=\"Tiempo de lectura\" \/>\n\t<meta name=\"twitter:data2\" content=\"2 minutos\" \/>\n<script type=\"application\/ld+json\" class=\"yoast-schema-graph\">{\"@context\":\"https:\\\/\\\/schema.org\",\"@graph\":[{\"@type\":\"Article\",\"@id\":\"https:\\\/\\\/www.mundoacuicola.cl\\\/new\\\/llaman-al-proximo-gobierno-a-apoyar-el-desarrollo-acuicola-de-chile\\\/#article\",\"isPartOf\":{\"@id\":\"https:\\\/\\\/www.mundoacuicola.cl\\\/new\\\/llaman-al-proximo-gobierno-a-apoyar-el-desarrollo-acuicola-de-chile\\\/\"},\"author\":{\"name\":\"Ricardo Alvarez\",\"@id\":\"https:\\\/\\\/www.mundoacuicola.cl\\\/new\\\/#\\\/schema\\\/person\\\/52cfe7e461eb2d30484965350ee34bdd\"},\"headline\":\"Llaman al pr\u00f3ximo Gobierno a apoyar el desarrollo acu\u00edcola de Chile\",\"datePublished\":\"2025-11-11T08:42:18+00:00\",\"dateModified\":\"2025-11-12T09:12:04+00:00\",\"mainEntityOfPage\":{\"@id\":\"https:\\\/\\\/www.mundoacuicola.cl\\\/new\\\/llaman-al-proximo-gobierno-a-apoyar-el-desarrollo-acuicola-de-chile\\\/\"},\"wordCount\":334,\"publisher\":{\"@id\":\"https:\\\/\\\/www.mundoacuicola.cl\\\/new\\\/#organization\"},\"image\":{\"@id\":\"https:\\\/\\\/www.mundoacuicola.cl\\\/new\\\/llaman-al-proximo-gobierno-a-apoyar-el-desarrollo-acuicola-de-chile\\\/#primaryimage\"},\"thumbnailUrl\":\"https:\\\/\\\/www.mundoacuicola.cl\\\/new\\\/wp-content\\\/uploads\\\/2025\\\/11\\\/ArturoClement2025Aquaforum.jpg\",\"keywords\":[\"Acuicultura\",\"AquaForum\",\"desarrollo\",\"gobierno\",\"potencia acu\u00edcola\",\"Salm\u00f3n\",\"salmonicultura\"],\"articleSection\":[\"Salmonicultura\"],\"inLanguage\":\"es\"},{\"@type\":\"WebPage\",\"@id\":\"https:\\\/\\\/www.mundoacuicola.cl\\\/new\\\/llaman-al-proximo-gobierno-a-apoyar-el-desarrollo-acuicola-de-chile\\\/\",\"url\":\"https:\\\/\\\/www.mundoacuicola.cl\\\/new\\\/llaman-al-proximo-gobierno-a-apoyar-el-desarrollo-acuicola-de-chile\\\/\",\"name\":\"Llaman al pr\u00f3ximo Gobierno a apoyar el desarrollo acu\u00edcola de Chile - Mundoacuicola\",\"isPartOf\":{\"@id\":\"https:\\\/\\\/www.mundoacuicola.cl\\\/new\\\/#website\"},\"primaryImageOfPage\":{\"@id\":\"https:\\\/\\\/www.mundoacuicola.cl\\\/new\\\/llaman-al-proximo-gobierno-a-apoyar-el-desarrollo-acuicola-de-chile\\\/#primaryimage\"},\"image\":{\"@id\":\"https:\\\/\\\/www.mundoacuicola.cl\\\/new\\\/llaman-al-proximo-gobierno-a-apoyar-el-desarrollo-acuicola-de-chile\\\/#primaryimage\"},\"thumbnailUrl\":\"https:\\\/\\\/www.mundoacuicola.cl\\\/new\\\/wp-content\\\/uploads\\\/2025\\\/11\\\/ArturoClement2025Aquaforum.jpg\",\"datePublished\":\"2025-11-11T08:42:18+00:00\",\"dateModified\":\"2025-11-12T09:12:04+00:00\",\"description\":\"Arturo Cl\u00e9ment llam\u00f3 a fortalecer la colaboraci\u00f3n p\u00fablico-regional para consolidar el liderazgo acu\u00edcola de Chile.\",\"breadcrumb\":{\"@id\":\"https:\\\/\\\/www.mundoacuicola.cl\\\/new\\\/llaman-al-proximo-gobierno-a-apoyar-el-desarrollo-acuicola-de-chile\\\/#breadcrumb\"},\"inLanguage\":\"es\",\"potentialAction\":[{\"@type\":\"ReadAction\",\"target\":[\"https:\\\/\\\/www.mundoacuicola.cl\\\/new\\\/llaman-al-proximo-gobierno-a-apoyar-el-desarrollo-acuicola-de-chile\\\/\"]}]},{\"@type\":\"ImageObject\",\"inLanguage\":\"es\",\"@id\":\"https:\\\/\\\/www.mundoacuicola.cl\\\/new\\\/llaman-al-proximo-gobierno-a-apoyar-el-desarrollo-acuicola-de-chile\\\/#primaryimage\",\"url\":\"https:\\\/\\\/www.mundoacuicola.cl\\\/new\\\/wp-content\\\/uploads\\\/2025\\\/11\\\/ArturoClement2025Aquaforum.jpg\",\"contentUrl\":\"https:\\\/\\\/www.mundoacuicola.cl\\\/new\\\/wp-content\\\/uploads\\\/2025\\\/11\\\/ArturoClement2025Aquaforum.jpg\",\"width\":750,\"height\":400},{\"@type\":\"BreadcrumbList\",\"@id\":\"https:\\\/\\\/www.mundoacuicola.cl\\\/new\\\/llaman-al-proximo-gobierno-a-apoyar-el-desarrollo-acuicola-de-chile\\\/#breadcrumb\",\"itemListElement\":[{\"@type\":\"ListItem\",\"position\":1,\"name\":\"Portada\",\"item\":\"https:\\\/\\\/www.mundoacuicola.cl\\\/new\\\/\"},{\"@type\":\"ListItem\",\"position\":2,\"name\":\"Llaman al pr\u00f3ximo Gobierno a apoyar el desarrollo acu\u00edcola de Chile\"}]},{\"@type\":\"WebSite\",\"@id\":\"https:\\\/\\\/www.mundoacuicola.cl\\\/new\\\/#website\",\"url\":\"https:\\\/\\\/www.mundoacuicola.cl\\\/new\\\/\",\"name\":\"Mundoacuicola\",\"description\":\"Revista de Acuicultura.\",\"publisher\":{\"@id\":\"https:\\\/\\\/www.mundoacuicola.cl\\\/new\\\/#organization\"},\"potentialAction\":[{\"@type\":\"SearchAction\",\"target\":{\"@type\":\"EntryPoint\",\"urlTemplate\":\"https:\\\/\\\/www.mundoacuicola.cl\\\/new\\\/?s={search_term_string}\"},\"query-input\":{\"@type\":\"PropertyValueSpecification\",\"valueRequired\":true,\"valueName\":\"search_term_string\"}}],\"inLanguage\":\"es\"},{\"@type\":\"Organization\",\"@id\":\"https:\\\/\\\/www.mundoacuicola.cl\\\/new\\\/#organization\",\"name\":\"Mundoacuicola\",\"url\":\"https:\\\/\\\/www.mundoacuicola.cl\\\/new\\\/\",\"logo\":{\"@type\":\"ImageObject\",\"inLanguage\":\"es\",\"@id\":\"https:\\\/\\\/www.mundoacuicola.cl\\\/new\\\/#\\\/schema\\\/logo\\\/image\\\/\",\"url\":\"https:\\\/\\\/www.mundoacuicola.cl\\\/new\\\/wp-content\\\/uploads\\\/2026\\\/01\\\/cropped-LOGO-Mundo-Acuicola-2026.png\",\"contentUrl\":\"https:\\\/\\\/www.mundoacuicola.cl\\\/new\\\/wp-content\\\/uploads\\\/2026\\\/01\\\/cropped-LOGO-Mundo-Acuicola-2026.png\",\"width\":1252,\"height\":296,\"caption\":\"Mundoacuicola\"},\"image\":{\"@id\":\"https:\\\/\\\/www.mundoacuicola.cl\\\/new\\\/#\\\/schema\\\/logo\\\/image\\\/\"},\"sameAs\":[\"https:\\\/\\\/www.facebook.com\\\/mundo.acuicola\\\/\",\"https:\\\/\\\/x.com\\\/mundoacuicola\",\"https:\\\/\\\/www.linkedin.com\\\/in\\\/mundo-acuicola\"]},{\"@type\":\"Person\",\"@id\":\"https:\\\/\\\/www.mundoacuicola.cl\\\/new\\\/#\\\/schema\\\/person\\\/52cfe7e461eb2d30484965350ee34bdd\",\"name\":\"Ricardo Alvarez\",\"url\":\"https:\\\/\\\/www.mundoacuicola.cl\\\/new\\\/author\\\/ricardo\\\/\"}]}<\/script>\n<!-- \/ Yoast SEO plugin. -->","yoast_head_json":{"title":"Llaman al pr\u00f3ximo Gobierno a apoyar el desarrollo acu\u00edcola de Chile - Mundoacuicola","description":"Arturo Cl\u00e9ment llam\u00f3 a fortalecer la colaboraci\u00f3n p\u00fablico-regional para consolidar el liderazgo acu\u00edcola de Chile.","robots":{"index":"index","follow":"follow","max-snippet":"max-snippet:-1","max-image-preview":"max-image-preview:large","max-video-preview":"max-video-preview:-1"},"canonical":"https:\/\/www.mundoacuicola.cl\/new\/llaman-al-proximo-gobierno-a-apoyar-el-desarrollo-acuicola-de-chile\/","og_locale":"es_ES","og_type":"article","og_title":"Llaman al pr\u00f3ximo Gobierno a apoyar el desarrollo acu\u00edcola de Chile - Mundoacuicola","og_description":"Arturo Cl\u00e9ment llam\u00f3 a fortalecer la colaboraci\u00f3n p\u00fablico-regional para consolidar el liderazgo acu\u00edcola de Chile.","og_url":"https:\/\/www.mundoacuicola.cl\/new\/llaman-al-proximo-gobierno-a-apoyar-el-desarrollo-acuicola-de-chile\/","og_site_name":"Mundoacuicola","article_publisher":"https:\/\/www.facebook.com\/mundo.acuicola\/","article_published_time":"2025-11-11T08:42:18+00:00","article_modified_time":"2025-11-12T09:12:04+00:00","og_image":[{"width":750,"height":400,"url":"https:\/\/www.mundoacuicola.cl\/new\/wp-content\/uploads\/2025\/11\/ArturoClement2025Aquaforum.jpg","type":"image\/jpeg"}],"author":"Ricardo Alvarez","twitter_card":"summary_large_image","twitter_creator":"@mundoacuicola","twitter_site":"@mundoacuicola","twitter_misc":{"Escrito por":"Ricardo Alvarez","Tiempo de lectura":"2 minutos"},"schema":{"@context":"https:\/\/schema.org","@graph":[{"@type":"Article","@id":"https:\/\/www.mundoacuicola.cl\/new\/llaman-al-proximo-gobierno-a-apoyar-el-desarrollo-acuicola-de-chile\/#article","isPartOf":{"@id":"https:\/\/www.mundoacuicola.cl\/new\/llaman-al-proximo-gobierno-a-apoyar-el-desarrollo-acuicola-de-chile\/"},"author":{"name":"Ricardo Alvarez","@id":"https:\/\/www.mundoacuicola.cl\/new\/#\/schema\/person\/52cfe7e461eb2d30484965350ee34bdd"},"headline":"Llaman al pr\u00f3ximo Gobierno a apoyar el desarrollo acu\u00edcola de Chile","datePublished":"2025-11-11T08:42:18+00:00","dateModified":"2025-11-12T09:12:04+00:00","mainEntityOfPage":{"@id":"https:\/\/www.mundoacuicola.cl\/new\/llaman-al-proximo-gobierno-a-apoyar-el-desarrollo-acuicola-de-chile\/"},"wordCount":334,"publisher":{"@id":"https:\/\/www.mundoacuicola.cl\/new\/#organization"},"image":{"@id":"https:\/\/www.mundoacuicola.cl\/new\/llaman-al-proximo-gobierno-a-apoyar-el-desarrollo-acuicola-de-chile\/#primaryimage"},"thumbnailUrl":"https:\/\/www.mundoacuicola.cl\/new\/wp-content\/uploads\/2025\/11\/ArturoClement2025Aquaforum.jpg","keywords":["Acuicultura","AquaForum","desarrollo","gobierno","potencia acu\u00edcola","Salm\u00f3n","salmonicultura"],"articleSection":["Salmonicultura"],"inLanguage":"es"},{"@type":"WebPage","@id":"https:\/\/www.mundoacuicola.cl\/new\/llaman-al-proximo-gobierno-a-apoyar-el-desarrollo-acuicola-de-chile\/","url":"https:\/\/www.mundoacuicola.cl\/new\/llaman-al-proximo-gobierno-a-apoyar-el-desarrollo-acuicola-de-chile\/","name":"Llaman al pr\u00f3ximo Gobierno a apoyar el desarrollo acu\u00edcola de Chile - Mundoacuicola","isPartOf":{"@id":"https:\/\/www.mundoacuicola.cl\/new\/#website"},"primaryImageOfPage":{"@id":"https:\/\/www.mundoacuicola.cl\/new\/llaman-al-proximo-gobierno-a-apoyar-el-desarrollo-acuicola-de-chile\/#primaryimage"},"image":{"@id":"https:\/\/www.mundoacuicola.cl\/new\/llaman-al-proximo-gobierno-a-apoyar-el-desarrollo-acuicola-de-chile\/#primaryimage"},"thumbnailUrl":"https:\/\/www.mundoacuicola.cl\/new\/wp-content\/uploads\/2025\/11\/ArturoClement2025Aquaforum.jpg","datePublished":"2025-11-11T08:42:18+00:00","dateModified":"2025-11-12T09:12:04+00:00","description":"Arturo Cl\u00e9ment llam\u00f3 a fortalecer la colaboraci\u00f3n p\u00fablico-regional para consolidar el liderazgo acu\u00edcola de Chile.","breadcrumb":{"@id":"https:\/\/www.mundoacuicola.cl\/new\/llaman-al-proximo-gobierno-a-apoyar-el-desarrollo-acuicola-de-chile\/#breadcrumb"},"inLanguage":"es","potentialAction":[{"@type":"ReadAction","target":["https:\/\/www.mundoacuicola.cl\/new\/llaman-al-proximo-gobierno-a-apoyar-el-desarrollo-acuicola-de-chile\/"]}]},{"@type":"ImageObject","inLanguage":"es","@id":"https:\/\/www.mundoacuicola.cl\/new\/llaman-al-proximo-gobierno-a-apoyar-el-desarrollo-acuicola-de-chile\/#primaryimage","url":"https:\/\/www.mundoacuicola.cl\/new\/wp-content\/uploads\/2025\/11\/ArturoClement2025Aquaforum.jpg","contentUrl":"https:\/\/www.mundoacuicola.cl\/new\/wp-content\/uploads\/2025\/11\/ArturoClement2025Aquaforum.jpg","width":750,"height":400},{"@type":"BreadcrumbList","@id":"https:\/\/www.mundoacuicola.cl\/new\/llaman-al-proximo-gobierno-a-apoyar-el-desarrollo-acuicola-de-chile\/#breadcrumb","itemListElement":[{"@type":"ListItem","position":1,"name":"Portada","item":"https:\/\/www.mundoacuicola.cl\/new\/"},{"@type":"ListItem","position":2,"name":"Llaman al pr\u00f3ximo Gobierno a apoyar el desarrollo acu\u00edcola de Chile"}]},{"@type":"WebSite","@id":"https:\/\/www.mundoacuicola.cl\/new\/#website","url":"https:\/\/www.mundoacuicola.cl\/new\/","name":"Mundoacuicola","description":"Revista de Acuicultura.","publisher":{"@id":"https:\/\/www.mundoacuicola.cl\/new\/#organization"},"potentialAction":[{"@type":"SearchAction","target":{"@type":"EntryPoint","urlTemplate":"https:\/\/www.mundoacuicola.cl\/new\/?s={search_term_string}"},"query-input":{"@type":"PropertyValueSpecification","valueRequired":true,"valueName":"search_term_string"}}],"inLanguage":"es"},{"@type":"Organization","@id":"https:\/\/www.mundoacuicola.cl\/new\/#organization","name":"Mundoacuicola","url":"https:\/\/www.mundoacuicola.cl\/new\/","logo":{"@type":"ImageObject","inLanguage":"es","@id":"https:\/\/www.mundoacuicola.cl\/new\/#\/schema\/logo\/image\/","url":"https:\/\/www.mundoacuicola.cl\/new\/wp-content\/uploads\/2026\/01\/cropped-LOGO-Mundo-Acuicola-2026.png","contentUrl":"https:\/\/www.mundoacuicola.cl\/new\/wp-content\/uploads\/2026\/01\/cropped-LOGO-Mundo-Acuicola-2026.png","width":1252,"height":296,"caption":"Mundoacuicola"},"image":{"@id":"https:\/\/www.mundoacuicola.cl\/new\/#\/schema\/logo\/image\/"},"sameAs":["https:\/\/www.facebook.com\/mundo.acuicola\/","https:\/\/x.com\/mundoacuicola","https:\/\/www.linkedin.com\/in\/mundo-acuicola"]},{"@type":"Person","@id":"https:\/\/www.mundoacuicola.cl\/new\/#\/schema\/person\/52cfe7e461eb2d30484965350ee34bdd","name":"Ricardo Alvarez","url":"https:\/\/www.mundoacuicola.cl\/new\/author\/ricardo\/"}]}},"_links":{"self":[{"href":"https:\/\/www.mundoacuicola.cl\/new\/wp-json\/wp\/v2\/posts\/82594","targetHints":{"allow":["GET"]}}],"collection":[{"href":"https:\/\/www.mundoacuicola.cl\/new\/wp-json\/wp\/v2\/posts"}],"about":[{"href":"https:\/\/www.mundoacuicola.cl\/new\/wp-json\/wp\/v2\/types\/post"}],"author":[{"embeddable":true,"href":"https:\/\/www.mundoacuicola.cl\/new\/wp-json\/wp\/v2\/users\/8"}],"replies":[{"embeddable":true,"href":"https:\/\/www.mundoacuicola.cl\/new\/wp-json\/wp\/v2\/comments?post=82594"}],"version-history":[{"count":0,"href":"https:\/\/www.mundoacuicola.cl\/new\/wp-json\/wp\/v2\/posts\/82594\/revisions"}],"wp:featuredmedia":[{"embeddable":true,"href":"https:\/\/www.mundoacuicola.cl\/new\/wp-json\/wp\/v2\/media\/82595"}],"wp:attachment":[{"href":"https:\/\/www.mundoacuicola.cl\/new\/wp-json\/wp\/v2\/media?parent=82594"}],"wp:term":[{"taxonomy":"category","embeddable":true,"href":"https:\/\/www.mundoacuicola.cl\/new\/wp-json\/wp\/v2\/categories?post=82594"},{"taxonomy":"post_tag","embeddable":true,"href":"https:\/\/www.mundoacuicola.cl\/new\/wp-json\/wp\/v2\/tags?post=82594"}],"curies":[{"name":"wp","href":"https:\/\/api.w.org\/{rel}","templated":true}]}}