{"id":82601,"date":"2025-11-11T15:05:10","date_gmt":"2025-11-11T19:05:10","guid":{"rendered":"https:\/\/www.mundoacuicola.cl\/new\/?p=82601"},"modified":"2025-11-12T15:07:22","modified_gmt":"2025-11-12T19:07:22","slug":"comienzan-los-preparativos-de-aquasur-2026-con-el-primer-encuentro-de-expositores","status":"publish","type":"post","link":"https:\/\/www.mundoacuicola.cl\/new\/comienzan-los-preparativos-de-aquasur-2026-con-el-primer-encuentro-de-expositores\/","title":{"rendered":"Comienzan los preparativos de Aquasur 2026 con el primer encuentro de expositores"},"content":{"rendered":"<div>Este martes 11 de noviembre, en la Regi\u00f3n de Los Lagos, la organizaci\u00f3n de FISA, parte del grupo GL events Chile, sostuvo una serie de reuniones con los expositores del sur del pa\u00eds que ya confirmaron su participaci\u00f3n en Aquasur 2026.<\/div>\n<div><\/div>\n<div>Estos encuentros son parte de la preparaci\u00f3n para lo que ser\u00e1 la 13\u00aa edici\u00f3n de la exhibici\u00f3n, programada para los d\u00edas 24, 25 y 26 de marzo del pr\u00f3ximo a\u00f1o, que conecta a las empresas m\u00e1s relevantes de la industria acu\u00edcola nacional e internacional, fomenta la innovaci\u00f3n e impulsa el desarrollo sostenible en la acuicultura.<\/div>\n<div><\/div>\n<div>En 2026, Aquasur estrena un nuevo recinto, ubicado en el Km 1.009 de la Ruta 5 Sur. Durante las sesiones, los expositores pudieron conocer las caracter\u00edsticas del lugar, afinar detalles log\u00edsticos y recibir toda la informaci\u00f3n necesaria para un correcto emplazamiento de lo que ser\u00e1 cada uno de sus stands.<\/div>\n<div><\/div>\n<div>Del mismo modo, FISA present\u00f3 el Plan de Movilidad asociado a la feria, con el fin de facilitar el traslado y transporte desde y hacia el lugar, mejorando as\u00ed la accesibilidad al evento. Este plan fue dise\u00f1ado y coordinado en conjunto con autoridades y Carabineros de Chile. Al respecto, Rodrigo Bastidas, gerente de la feria, coment\u00f3 que \u201cesta fue una instancia muy valiosa. Fuimos testigos de la expectaci\u00f3n por Aquasur 2026 y del inter\u00e9s en acordar acciones de manera anticipada\u201d.<\/div>\n<div><\/div>\n<div>Bastidas agreg\u00f3: \u201cMantener cercan\u00eda con nuestros expositores es uno de los pilares que refuerzan la realizaci\u00f3n de exhibiciones exitosas. Nuestro objetivo es crear experiencias inolvidables en cada feria, y estas reuniones estrat\u00e9gicas son fundamentales para lograrlo. La gesti\u00f3n del nuevo recinto y del Plan de Movilidad son pasos en esta direcci\u00f3n, pues agregan beneficios concretos como m\u00e1s estacionamientos y avances en conectividad\u201d.<\/div>\n<div><\/div>\n<div>Por su parte, Carola Fuentes, gerenta de FISA, proyect\u00f3 este tipo de encuentros. \u201cPara nosotros, construir y fortalecer peri\u00f3dicamente los v\u00ednculos con los participantes de nuestras ferias es un deber que cumplimos con mucho gusto. Queremos entregar toda la informaci\u00f3n necesaria para que esta edici\u00f3n de Aquasur sea memorable, por lo que continuaremos programando reuniones como esta a lo largo del pa\u00eds\u201d.<\/div>\n","protected":false},"excerpt":{"rendered":"<p>Empresas proveedoras y otros actores de la industria acu\u00edcola de la Regi\u00f3n de Los Lagos se reunieron en la v\u00edspera de la feria m\u00e1s importante del rubro en el hemisferio sur.<\/p>\n","protected":false},"author":8,"featured_media":82602,"comment_status":"closed","ping_status":"closed","sticky":false,"template":"","format":"standard","meta":{"footnotes":""},"categories":[112],"tags":[143,20954,10523,18111,7729,7731,2100,202,18576,3477],"class_list":["post-82601","post","type-post","status-publish","format-standard","has-post-thumbnail","hentry","category-eventos","tag-acuicultura","tag-aquasur-2026","tag-expositores","tag-feria-internacional","tag-fisa","tag-gl-events","tag-innovacion","tag-los-lagos","tag-movilidad","tag-sostenibilidad"],"yoast_head":"<!-- This site is optimized with the Yoast SEO plugin v27.5 - https:\/\/yoast.com\/product\/yoast-seo-wordpress\/ -->\n<title>Comienzan los preparativos de Aquasur 2026 con el primer encuentro de expositores - Mundoacuicola<\/title>\n<meta name=\"description\" content=\"Empresas proveedoras y otros actores de la industria acu\u00edcola de la Regi\u00f3n de Los Lagos se reunieron en la v\u00edspera de la feria m\u00e1s importante\" \/>\n<meta name=\"robots\" content=\"index, follow, max-snippet:-1, max-image-preview:large, max-video-preview:-1\" \/>\n<link rel=\"canonical\" href=\"https:\/\/www.mundoacuicola.cl\/new\/comienzan-los-preparativos-de-aquasur-2026-con-el-primer-encuentro-de-expositores\/\" \/>\n<meta property=\"og:locale\" content=\"es_ES\" \/>\n<meta property=\"og:type\" content=\"article\" \/>\n<meta property=\"og:title\" content=\"Comienzan los preparativos de Aquasur 2026 con el primer encuentro de expositores - Mundoacuicola\" \/>\n<meta property=\"og:description\" content=\"Empresas proveedoras y otros actores de la industria acu\u00edcola de la Regi\u00f3n de Los Lagos se reunieron en la v\u00edspera de la feria m\u00e1s importante\" \/>\n<meta property=\"og:url\" content=\"https:\/\/www.mundoacuicola.cl\/new\/comienzan-los-preparativos-de-aquasur-2026-con-el-primer-encuentro-de-expositores\/\" \/>\n<meta property=\"og:site_name\" content=\"Mundoacuicola\" \/>\n<meta property=\"article:publisher\" content=\"https:\/\/www.facebook.com\/mundo.acuicola\/\" \/>\n<meta property=\"article:published_time\" content=\"2025-11-11T19:05:10+00:00\" \/>\n<meta property=\"article:modified_time\" content=\"2025-11-12T19:07:22+00:00\" \/>\n<meta property=\"og:image\" content=\"https:\/\/www.mundoacuicola.cl\/new\/wp-content\/uploads\/2025\/11\/AQS1.jpeg\" \/>\n\t<meta property=\"og:image:width\" content=\"750\" \/>\n\t<meta property=\"og:image:height\" content=\"400\" \/>\n\t<meta property=\"og:image:type\" content=\"image\/jpeg\" \/>\n<meta name=\"author\" content=\"Ricardo Alvarez\" \/>\n<meta name=\"twitter:card\" content=\"summary_large_image\" \/>\n<meta name=\"twitter:creator\" content=\"@mundoacuicola\" \/>\n<meta name=\"twitter:site\" content=\"@mundoacuicola\" \/>\n<meta name=\"twitter:label1\" content=\"Escrito por\" \/>\n\t<meta name=\"twitter:data1\" content=\"Ricardo Alvarez\" \/>\n\t<meta name=\"twitter:label2\" content=\"Tiempo de lectura\" \/>\n\t<meta name=\"twitter:data2\" content=\"2 minutos\" \/>\n<script type=\"application\/ld+json\" class=\"yoast-schema-graph\">{\"@context\":\"https:\\\/\\\/schema.org\",\"@graph\":[{\"@type\":\"Article\",\"@id\":\"https:\\\/\\\/www.mundoacuicola.cl\\\/new\\\/comienzan-los-preparativos-de-aquasur-2026-con-el-primer-encuentro-de-expositores\\\/#article\",\"isPartOf\":{\"@id\":\"https:\\\/\\\/www.mundoacuicola.cl\\\/new\\\/comienzan-los-preparativos-de-aquasur-2026-con-el-primer-encuentro-de-expositores\\\/\"},\"author\":{\"name\":\"Ricardo Alvarez\",\"@id\":\"https:\\\/\\\/www.mundoacuicola.cl\\\/new\\\/#\\\/schema\\\/person\\\/52cfe7e461eb2d30484965350ee34bdd\"},\"headline\":\"Comienzan los preparativos de Aquasur 2026 con el primer encuentro de expositores\",\"datePublished\":\"2025-11-11T19:05:10+00:00\",\"dateModified\":\"2025-11-12T19:07:22+00:00\",\"mainEntityOfPage\":{\"@id\":\"https:\\\/\\\/www.mundoacuicola.cl\\\/new\\\/comienzan-los-preparativos-de-aquasur-2026-con-el-primer-encuentro-de-expositores\\\/\"},\"wordCount\":381,\"publisher\":{\"@id\":\"https:\\\/\\\/www.mundoacuicola.cl\\\/new\\\/#organization\"},\"image\":{\"@id\":\"https:\\\/\\\/www.mundoacuicola.cl\\\/new\\\/comienzan-los-preparativos-de-aquasur-2026-con-el-primer-encuentro-de-expositores\\\/#primaryimage\"},\"thumbnailUrl\":\"https:\\\/\\\/www.mundoacuicola.cl\\\/new\\\/wp-content\\\/uploads\\\/2025\\\/11\\\/AQS1.jpeg\",\"keywords\":[\"Acuicultura\",\"AQUASUR 2026\",\"expositores\",\"feria internacional\",\"FISA\",\"GL events\",\"Innovaci\u00f3n\",\"Los Lagos\",\"movilidad\",\"sostenibilidad\"],\"articleSection\":[\"Eventos\"],\"inLanguage\":\"es\"},{\"@type\":\"WebPage\",\"@id\":\"https:\\\/\\\/www.mundoacuicola.cl\\\/new\\\/comienzan-los-preparativos-de-aquasur-2026-con-el-primer-encuentro-de-expositores\\\/\",\"url\":\"https:\\\/\\\/www.mundoacuicola.cl\\\/new\\\/comienzan-los-preparativos-de-aquasur-2026-con-el-primer-encuentro-de-expositores\\\/\",\"name\":\"Comienzan los preparativos de Aquasur 2026 con el primer encuentro de expositores - Mundoacuicola\",\"isPartOf\":{\"@id\":\"https:\\\/\\\/www.mundoacuicola.cl\\\/new\\\/#website\"},\"primaryImageOfPage\":{\"@id\":\"https:\\\/\\\/www.mundoacuicola.cl\\\/new\\\/comienzan-los-preparativos-de-aquasur-2026-con-el-primer-encuentro-de-expositores\\\/#primaryimage\"},\"image\":{\"@id\":\"https:\\\/\\\/www.mundoacuicola.cl\\\/new\\\/comienzan-los-preparativos-de-aquasur-2026-con-el-primer-encuentro-de-expositores\\\/#primaryimage\"},\"thumbnailUrl\":\"https:\\\/\\\/www.mundoacuicola.cl\\\/new\\\/wp-content\\\/uploads\\\/2025\\\/11\\\/AQS1.jpeg\",\"datePublished\":\"2025-11-11T19:05:10+00:00\",\"dateModified\":\"2025-11-12T19:07:22+00:00\",\"description\":\"Empresas proveedoras y otros actores de la industria acu\u00edcola de la Regi\u00f3n de Los Lagos se reunieron en la v\u00edspera de la feria m\u00e1s importante\",\"breadcrumb\":{\"@id\":\"https:\\\/\\\/www.mundoacuicola.cl\\\/new\\\/comienzan-los-preparativos-de-aquasur-2026-con-el-primer-encuentro-de-expositores\\\/#breadcrumb\"},\"inLanguage\":\"es\",\"potentialAction\":[{\"@type\":\"ReadAction\",\"target\":[\"https:\\\/\\\/www.mundoacuicola.cl\\\/new\\\/comienzan-los-preparativos-de-aquasur-2026-con-el-primer-encuentro-de-expositores\\\/\"]}]},{\"@type\":\"ImageObject\",\"inLanguage\":\"es\",\"@id\":\"https:\\\/\\\/www.mundoacuicola.cl\\\/new\\\/comienzan-los-preparativos-de-aquasur-2026-con-el-primer-encuentro-de-expositores\\\/#primaryimage\",\"url\":\"https:\\\/\\\/www.mundoacuicola.cl\\\/new\\\/wp-content\\\/uploads\\\/2025\\\/11\\\/AQS1.jpeg\",\"contentUrl\":\"https:\\\/\\\/www.mundoacuicola.cl\\\/new\\\/wp-content\\\/uploads\\\/2025\\\/11\\\/AQS1.jpeg\",\"width\":750,\"height\":400},{\"@type\":\"BreadcrumbList\",\"@id\":\"https:\\\/\\\/www.mundoacuicola.cl\\\/new\\\/comienzan-los-preparativos-de-aquasur-2026-con-el-primer-encuentro-de-expositores\\\/#breadcrumb\",\"itemListElement\":[{\"@type\":\"ListItem\",\"position\":1,\"name\":\"Portada\",\"item\":\"https:\\\/\\\/www.mundoacuicola.cl\\\/new\\\/\"},{\"@type\":\"ListItem\",\"position\":2,\"name\":\"Comienzan los preparativos de Aquasur 2026 con el primer encuentro de expositores\"}]},{\"@type\":\"WebSite\",\"@id\":\"https:\\\/\\\/www.mundoacuicola.cl\\\/new\\\/#website\",\"url\":\"https:\\\/\\\/www.mundoacuicola.cl\\\/new\\\/\",\"name\":\"Mundoacuicola\",\"description\":\"Revista de Acuicultura.\",\"publisher\":{\"@id\":\"https:\\\/\\\/www.mundoacuicola.cl\\\/new\\\/#organization\"},\"potentialAction\":[{\"@type\":\"SearchAction\",\"target\":{\"@type\":\"EntryPoint\",\"urlTemplate\":\"https:\\\/\\\/www.mundoacuicola.cl\\\/new\\\/?s={search_term_string}\"},\"query-input\":{\"@type\":\"PropertyValueSpecification\",\"valueRequired\":true,\"valueName\":\"search_term_string\"}}],\"inLanguage\":\"es\"},{\"@type\":\"Organization\",\"@id\":\"https:\\\/\\\/www.mundoacuicola.cl\\\/new\\\/#organization\",\"name\":\"Mundoacuicola\",\"url\":\"https:\\\/\\\/www.mundoacuicola.cl\\\/new\\\/\",\"logo\":{\"@type\":\"ImageObject\",\"inLanguage\":\"es\",\"@id\":\"https:\\\/\\\/www.mundoacuicola.cl\\\/new\\\/#\\\/schema\\\/logo\\\/image\\\/\",\"url\":\"https:\\\/\\\/www.mundoacuicola.cl\\\/new\\\/wp-content\\\/uploads\\\/2026\\\/01\\\/cropped-LOGO-Mundo-Acuicola-2026.png\",\"contentUrl\":\"https:\\\/\\\/www.mundoacuicola.cl\\\/new\\\/wp-content\\\/uploads\\\/2026\\\/01\\\/cropped-LOGO-Mundo-Acuicola-2026.png\",\"width\":1252,\"height\":296,\"caption\":\"Mundoacuicola\"},\"image\":{\"@id\":\"https:\\\/\\\/www.mundoacuicola.cl\\\/new\\\/#\\\/schema\\\/logo\\\/image\\\/\"},\"sameAs\":[\"https:\\\/\\\/www.facebook.com\\\/mundo.acuicola\\\/\",\"https:\\\/\\\/x.com\\\/mundoacuicola\",\"https:\\\/\\\/www.linkedin.com\\\/in\\\/mundo-acuicola\"]},{\"@type\":\"Person\",\"@id\":\"https:\\\/\\\/www.mundoacuicola.cl\\\/new\\\/#\\\/schema\\\/person\\\/52cfe7e461eb2d30484965350ee34bdd\",\"name\":\"Ricardo Alvarez\",\"url\":\"https:\\\/\\\/www.mundoacuicola.cl\\\/new\\\/author\\\/ricardo\\\/\"}]}<\/script>\n<!-- \/ Yoast SEO plugin. -->","yoast_head_json":{"title":"Comienzan los preparativos de Aquasur 2026 con el primer encuentro de expositores - Mundoacuicola","description":"Empresas proveedoras y otros actores de la industria acu\u00edcola de la Regi\u00f3n de Los Lagos se reunieron en la v\u00edspera de la feria m\u00e1s importante","robots":{"index":"index","follow":"follow","max-snippet":"max-snippet:-1","max-image-preview":"max-image-preview:large","max-video-preview":"max-video-preview:-1"},"canonical":"https:\/\/www.mundoacuicola.cl\/new\/comienzan-los-preparativos-de-aquasur-2026-con-el-primer-encuentro-de-expositores\/","og_locale":"es_ES","og_type":"article","og_title":"Comienzan los preparativos de Aquasur 2026 con el primer encuentro de expositores - Mundoacuicola","og_description":"Empresas proveedoras y otros actores de la industria acu\u00edcola de la Regi\u00f3n de Los Lagos se reunieron en la v\u00edspera de la feria m\u00e1s importante","og_url":"https:\/\/www.mundoacuicola.cl\/new\/comienzan-los-preparativos-de-aquasur-2026-con-el-primer-encuentro-de-expositores\/","og_site_name":"Mundoacuicola","article_publisher":"https:\/\/www.facebook.com\/mundo.acuicola\/","article_published_time":"2025-11-11T19:05:10+00:00","article_modified_time":"2025-11-12T19:07:22+00:00","og_image":[{"width":750,"height":400,"url":"https:\/\/www.mundoacuicola.cl\/new\/wp-content\/uploads\/2025\/11\/AQS1.jpeg","type":"image\/jpeg"}],"author":"Ricardo Alvarez","twitter_card":"summary_large_image","twitter_creator":"@mundoacuicola","twitter_site":"@mundoacuicola","twitter_misc":{"Escrito por":"Ricardo Alvarez","Tiempo de lectura":"2 minutos"},"schema":{"@context":"https:\/\/schema.org","@graph":[{"@type":"Article","@id":"https:\/\/www.mundoacuicola.cl\/new\/comienzan-los-preparativos-de-aquasur-2026-con-el-primer-encuentro-de-expositores\/#article","isPartOf":{"@id":"https:\/\/www.mundoacuicola.cl\/new\/comienzan-los-preparativos-de-aquasur-2026-con-el-primer-encuentro-de-expositores\/"},"author":{"name":"Ricardo Alvarez","@id":"https:\/\/www.mundoacuicola.cl\/new\/#\/schema\/person\/52cfe7e461eb2d30484965350ee34bdd"},"headline":"Comienzan los preparativos de Aquasur 2026 con el primer encuentro de expositores","datePublished":"2025-11-11T19:05:10+00:00","dateModified":"2025-11-12T19:07:22+00:00","mainEntityOfPage":{"@id":"https:\/\/www.mundoacuicola.cl\/new\/comienzan-los-preparativos-de-aquasur-2026-con-el-primer-encuentro-de-expositores\/"},"wordCount":381,"publisher":{"@id":"https:\/\/www.mundoacuicola.cl\/new\/#organization"},"image":{"@id":"https:\/\/www.mundoacuicola.cl\/new\/comienzan-los-preparativos-de-aquasur-2026-con-el-primer-encuentro-de-expositores\/#primaryimage"},"thumbnailUrl":"https:\/\/www.mundoacuicola.cl\/new\/wp-content\/uploads\/2025\/11\/AQS1.jpeg","keywords":["Acuicultura","AQUASUR 2026","expositores","feria internacional","FISA","GL events","Innovaci\u00f3n","Los Lagos","movilidad","sostenibilidad"],"articleSection":["Eventos"],"inLanguage":"es"},{"@type":"WebPage","@id":"https:\/\/www.mundoacuicola.cl\/new\/comienzan-los-preparativos-de-aquasur-2026-con-el-primer-encuentro-de-expositores\/","url":"https:\/\/www.mundoacuicola.cl\/new\/comienzan-los-preparativos-de-aquasur-2026-con-el-primer-encuentro-de-expositores\/","name":"Comienzan los preparativos de Aquasur 2026 con el primer encuentro de expositores - Mundoacuicola","isPartOf":{"@id":"https:\/\/www.mundoacuicola.cl\/new\/#website"},"primaryImageOfPage":{"@id":"https:\/\/www.mundoacuicola.cl\/new\/comienzan-los-preparativos-de-aquasur-2026-con-el-primer-encuentro-de-expositores\/#primaryimage"},"image":{"@id":"https:\/\/www.mundoacuicola.cl\/new\/comienzan-los-preparativos-de-aquasur-2026-con-el-primer-encuentro-de-expositores\/#primaryimage"},"thumbnailUrl":"https:\/\/www.mundoacuicola.cl\/new\/wp-content\/uploads\/2025\/11\/AQS1.jpeg","datePublished":"2025-11-11T19:05:10+00:00","dateModified":"2025-11-12T19:07:22+00:00","description":"Empresas proveedoras y otros actores de la industria acu\u00edcola de la Regi\u00f3n de Los Lagos se reunieron en la v\u00edspera de la feria m\u00e1s importante","breadcrumb":{"@id":"https:\/\/www.mundoacuicola.cl\/new\/comienzan-los-preparativos-de-aquasur-2026-con-el-primer-encuentro-de-expositores\/#breadcrumb"},"inLanguage":"es","potentialAction":[{"@type":"ReadAction","target":["https:\/\/www.mundoacuicola.cl\/new\/comienzan-los-preparativos-de-aquasur-2026-con-el-primer-encuentro-de-expositores\/"]}]},{"@type":"ImageObject","inLanguage":"es","@id":"https:\/\/www.mundoacuicola.cl\/new\/comienzan-los-preparativos-de-aquasur-2026-con-el-primer-encuentro-de-expositores\/#primaryimage","url":"https:\/\/www.mundoacuicola.cl\/new\/wp-content\/uploads\/2025\/11\/AQS1.jpeg","contentUrl":"https:\/\/www.mundoacuicola.cl\/new\/wp-content\/uploads\/2025\/11\/AQS1.jpeg","width":750,"height":400},{"@type":"BreadcrumbList","@id":"https:\/\/www.mundoacuicola.cl\/new\/comienzan-los-preparativos-de-aquasur-2026-con-el-primer-encuentro-de-expositores\/#breadcrumb","itemListElement":[{"@type":"ListItem","position":1,"name":"Portada","item":"https:\/\/www.mundoacuicola.cl\/new\/"},{"@type":"ListItem","position":2,"name":"Comienzan los preparativos de Aquasur 2026 con el primer encuentro de expositores"}]},{"@type":"WebSite","@id":"https:\/\/www.mundoacuicola.cl\/new\/#website","url":"https:\/\/www.mundoacuicola.cl\/new\/","name":"Mundoacuicola","description":"Revista de Acuicultura.","publisher":{"@id":"https:\/\/www.mundoacuicola.cl\/new\/#organization"},"potentialAction":[{"@type":"SearchAction","target":{"@type":"EntryPoint","urlTemplate":"https:\/\/www.mundoacuicola.cl\/new\/?s={search_term_string}"},"query-input":{"@type":"PropertyValueSpecification","valueRequired":true,"valueName":"search_term_string"}}],"inLanguage":"es"},{"@type":"Organization","@id":"https:\/\/www.mundoacuicola.cl\/new\/#organization","name":"Mundoacuicola","url":"https:\/\/www.mundoacuicola.cl\/new\/","logo":{"@type":"ImageObject","inLanguage":"es","@id":"https:\/\/www.mundoacuicola.cl\/new\/#\/schema\/logo\/image\/","url":"https:\/\/www.mundoacuicola.cl\/new\/wp-content\/uploads\/2026\/01\/cropped-LOGO-Mundo-Acuicola-2026.png","contentUrl":"https:\/\/www.mundoacuicola.cl\/new\/wp-content\/uploads\/2026\/01\/cropped-LOGO-Mundo-Acuicola-2026.png","width":1252,"height":296,"caption":"Mundoacuicola"},"image":{"@id":"https:\/\/www.mundoacuicola.cl\/new\/#\/schema\/logo\/image\/"},"sameAs":["https:\/\/www.facebook.com\/mundo.acuicola\/","https:\/\/x.com\/mundoacuicola","https:\/\/www.linkedin.com\/in\/mundo-acuicola"]},{"@type":"Person","@id":"https:\/\/www.mundoacuicola.cl\/new\/#\/schema\/person\/52cfe7e461eb2d30484965350ee34bdd","name":"Ricardo Alvarez","url":"https:\/\/www.mundoacuicola.cl\/new\/author\/ricardo\/"}]}},"_links":{"self":[{"href":"https:\/\/www.mundoacuicola.cl\/new\/wp-json\/wp\/v2\/posts\/82601","targetHints":{"allow":["GET"]}}],"collection":[{"href":"https:\/\/www.mundoacuicola.cl\/new\/wp-json\/wp\/v2\/posts"}],"about":[{"href":"https:\/\/www.mundoacuicola.cl\/new\/wp-json\/wp\/v2\/types\/post"}],"author":[{"embeddable":true,"href":"https:\/\/www.mundoacuicola.cl\/new\/wp-json\/wp\/v2\/users\/8"}],"replies":[{"embeddable":true,"href":"https:\/\/www.mundoacuicola.cl\/new\/wp-json\/wp\/v2\/comments?post=82601"}],"version-history":[{"count":0,"href":"https:\/\/www.mundoacuicola.cl\/new\/wp-json\/wp\/v2\/posts\/82601\/revisions"}],"wp:featuredmedia":[{"embeddable":true,"href":"https:\/\/www.mundoacuicola.cl\/new\/wp-json\/wp\/v2\/media\/82602"}],"wp:attachment":[{"href":"https:\/\/www.mundoacuicola.cl\/new\/wp-json\/wp\/v2\/media?parent=82601"}],"wp:term":[{"taxonomy":"category","embeddable":true,"href":"https:\/\/www.mundoacuicola.cl\/new\/wp-json\/wp\/v2\/categories?post=82601"},{"taxonomy":"post_tag","embeddable":true,"href":"https:\/\/www.mundoacuicola.cl\/new\/wp-json\/wp\/v2\/tags?post=82601"}],"curies":[{"name":"wp","href":"https:\/\/api.w.org\/{rel}","templated":true}]}}