{"id":82622,"date":"2025-11-11T22:02:03","date_gmt":"2025-11-12T02:02:03","guid":{"rendered":"https:\/\/www.mundoacuicola.cl\/new\/?p=82622"},"modified":"2025-11-20T17:04:19","modified_gmt":"2025-11-20T21:04:19","slug":"exponen-sobre-alergenos-marinos-en-especies-de-interes-comercial-en-chile-en-congreso-internacional","status":"publish","type":"post","link":"https:\/\/www.mundoacuicola.cl\/new\/exponen-sobre-alergenos-marinos-en-especies-de-interes-comercial-en-chile-en-congreso-internacional\/","title":{"rendered":"Exponen sobre al\u00e9rgenos marinos en especies comerciales de Chile"},"content":{"rendered":"<p>Entre el 20 y 24 de octubre, Kelly Gonnelli, bi\u00f3loga marina de la Universidad Cat\u00f3lica de la Sant\u00edsima Concepci\u00f3n (UCSC) y estudiante del Mag\u00edster en Ecolog\u00eda Marina, particip\u00f3 en el XIII Congreso Internacional de Parasitolog\u00eda Neotropical (COPANEO 2025), realizado en Macei\u00f3, capital del estado de Alagoas, Brasil, bajo el lema \u201cLos desaf\u00edos de la parasitolog\u00eda ante el cambio clim\u00e1tico y los impactos ambientales\u201d. El evento fue organizado por la Asociaci\u00f3n Peruana de Helmintolog\u00eda e Invertebrados Afines (APHIA), Universidade Federal de Alagoas (UFAL).<\/p>\n<p>En la instancia, la investigadora expuso los resultados preliminares de su tesis titulada: \u201cCaracterizaci\u00f3n de al\u00e9rgenos de Anisakis pegreffii provenientes de hospedadores marinos de inter\u00e9s comercial en Chile (Trachurus murphyi y Dosidicus gigas)\u201d, cuya directora de tesis es la Dra. Maribet Gamboa de la Facultad de Ciencias UCSC y su codirector es el Dr. Mat\u00edas Hepp de la Facultad de Medicina UCSC.<\/p>\n<p>El objetivo es determinar la actividad alerg\u00e9nica de A. pegreffii en c\u00e9lulas humanas provenientes de hospedadores intermediarios marinos de inter\u00e9s comercial en Chile. \u201cEsto me permiti\u00f3 mostrar que hay diferenciaci\u00f3n de al\u00e9rgenos entre especies con caracter\u00edsticas similares, lo que podr\u00eda indicar tambi\u00e9n un cambio en cuanto al efecto que tendr\u00edan las prote\u00ednas sobre los seres humanos\u201d, explic\u00f3 Gonnelli.<\/p>\n<p>Durante el encuentro, adem\u00e1s, asisti\u00f3 al minicurso \u201cMetabarcoding para a detec\u00e7\u00e3o de parasitos e an\u00e1lises de dieta em amostras ambientais complexas\u201d, donde profundiz\u00f3 en metodolog\u00edas avanzadas junto al investigador Camilo Malaver de M\u00e9xico. \u201cFue una experiencia maravillosa, tanto por el entorno como por las personas. Me sent\u00ed libre y tranquila al presentar, y pude interactuar con investigadores reconocidos, creando una red de contacto valiosa\u201d, coment\u00f3.<\/p>\n<p>Investigaci\u00f3n con fondos internos e internacionales<\/p>\n<p>Su participaci\u00f3n fue posible gracias a una beca de apoyo a actividades acad\u00e9micas de la Direcci\u00f3n de Postgrado UCSC, que se sum\u00f3 a los fondos adjudicados mediante la Beca WWF y la beca de postgrado del programa.<\/p>\n<p>\u201cEstas becas no solo me permitieron cumplir con un requisito del Mag\u00edster en Ecolog\u00eda Marina, que es asistir y presentar los avances de mi trabajo en un congreso, sino que tambi\u00e9n vivir una nueva experiencia e iniciar la etapa de cumplir mis propios sue\u00f1os. Esta oportunidad me permiti\u00f3 costear gran parte del viaje y seguir avanzando en mi investigaci\u00f3n\u201d, finaliz\u00f3.<\/p>\n<p>La participaci\u00f3n de Kelly Gonnelli en esta instancia internacional refleja el compromiso de la Facultad de Ciencias UCSC por fortalecer la formaci\u00f3n de sus estudiantes e impulsar la investigaci\u00f3n cient\u00edfica desde el sur de Chile hacia el mundo.<\/p>\n","protected":false},"excerpt":{"rendered":"<p>Entre el 20 y 24 de octubre, Kelly Gonnelli, bi\u00f3loga marina de la Universidad Cat\u00f3lica&#8230;<\/p>\n","protected":false},"author":8,"featured_media":82623,"comment_status":"closed","ping_status":"closed","sticky":false,"template":"","format":"standard","meta":{"footnotes":""},"categories":[66],"tags":[1261,143,28125,28123,28124,6779,197,840,28126],"class_list":["post-82622","post","type-post","status-publish","format-standard","has-post-thumbnail","hentry","category-acuicultura","tag-acuicola","tag-acuicultura","tag-afines-aphia","tag-alergenos-marinos","tag-especies-comerciales-de-chile","tag-magister-en-ecologia-marina","tag-salmonicultura","tag-universidad-catolica-de-la-santisima-concepcion","tag-universidade-federal-de-alagoas"],"yoast_head":"<!-- This site is optimized with the Yoast SEO plugin v27.5 - https:\/\/yoast.com\/product\/yoast-seo-wordpress\/ -->\n<title>Exponen sobre al\u00e9rgenos marinos en especies comerciales de Chile - Mundoacuicola<\/title>\n<meta name=\"robots\" content=\"index, follow, max-snippet:-1, max-image-preview:large, max-video-preview:-1\" \/>\n<link rel=\"canonical\" href=\"https:\/\/www.mundoacuicola.cl\/new\/exponen-sobre-alergenos-marinos-en-especies-de-interes-comercial-en-chile-en-congreso-internacional\/\" \/>\n<meta property=\"og:locale\" content=\"es_ES\" \/>\n<meta property=\"og:type\" content=\"article\" \/>\n<meta property=\"og:title\" content=\"Exponen sobre al\u00e9rgenos marinos en especies comerciales de Chile - Mundoacuicola\" \/>\n<meta property=\"og:description\" content=\"Entre el 20 y 24 de octubre, Kelly Gonnelli, bi\u00f3loga marina de la Universidad Cat\u00f3lica...\" \/>\n<meta property=\"og:url\" content=\"https:\/\/www.mundoacuicola.cl\/new\/exponen-sobre-alergenos-marinos-en-especies-de-interes-comercial-en-chile-en-congreso-internacional\/\" \/>\n<meta property=\"og:site_name\" content=\"Mundoacuicola\" \/>\n<meta property=\"article:publisher\" content=\"https:\/\/www.facebook.com\/mundo.acuicola\/\" \/>\n<meta property=\"article:published_time\" content=\"2025-11-12T02:02:03+00:00\" \/>\n<meta property=\"article:modified_time\" content=\"2025-11-20T21:04:19+00:00\" \/>\n<meta property=\"og:image\" content=\"https:\/\/www.mundoacuicola.cl\/new\/wp-content\/uploads\/2025\/11\/UCSCbrasil222.jpeg\" \/>\n\t<meta property=\"og:image:width\" content=\"750\" \/>\n\t<meta property=\"og:image:height\" content=\"400\" \/>\n\t<meta property=\"og:image:type\" content=\"image\/jpeg\" \/>\n<meta name=\"author\" content=\"Ricardo Alvarez\" \/>\n<meta name=\"twitter:card\" content=\"summary_large_image\" \/>\n<meta name=\"twitter:creator\" content=\"@mundoacuicola\" \/>\n<meta name=\"twitter:site\" content=\"@mundoacuicola\" \/>\n<meta name=\"twitter:label1\" content=\"Escrito por\" \/>\n\t<meta name=\"twitter:data1\" content=\"Ricardo Alvarez\" \/>\n\t<meta name=\"twitter:label2\" content=\"Tiempo de lectura\" \/>\n\t<meta name=\"twitter:data2\" content=\"3 minutos\" \/>\n<script type=\"application\/ld+json\" class=\"yoast-schema-graph\">{\"@context\":\"https:\\\/\\\/schema.org\",\"@graph\":[{\"@type\":\"Article\",\"@id\":\"https:\\\/\\\/www.mundoacuicola.cl\\\/new\\\/exponen-sobre-alergenos-marinos-en-especies-de-interes-comercial-en-chile-en-congreso-internacional\\\/#article\",\"isPartOf\":{\"@id\":\"https:\\\/\\\/www.mundoacuicola.cl\\\/new\\\/exponen-sobre-alergenos-marinos-en-especies-de-interes-comercial-en-chile-en-congreso-internacional\\\/\"},\"author\":{\"name\":\"Ricardo Alvarez\",\"@id\":\"https:\\\/\\\/www.mundoacuicola.cl\\\/new\\\/#\\\/schema\\\/person\\\/52cfe7e461eb2d30484965350ee34bdd\"},\"headline\":\"Exponen sobre al\u00e9rgenos marinos en especies comerciales de Chile\",\"datePublished\":\"2025-11-12T02:02:03+00:00\",\"dateModified\":\"2025-11-20T21:04:19+00:00\",\"mainEntityOfPage\":{\"@id\":\"https:\\\/\\\/www.mundoacuicola.cl\\\/new\\\/exponen-sobre-alergenos-marinos-en-especies-de-interes-comercial-en-chile-en-congreso-internacional\\\/\"},\"wordCount\":459,\"publisher\":{\"@id\":\"https:\\\/\\\/www.mundoacuicola.cl\\\/new\\\/#organization\"},\"image\":{\"@id\":\"https:\\\/\\\/www.mundoacuicola.cl\\\/new\\\/exponen-sobre-alergenos-marinos-en-especies-de-interes-comercial-en-chile-en-congreso-internacional\\\/#primaryimage\"},\"thumbnailUrl\":\"https:\\\/\\\/www.mundoacuicola.cl\\\/new\\\/wp-content\\\/uploads\\\/2025\\\/11\\\/UCSCbrasil222.jpeg\",\"keywords\":[\"Acu\u00edcola\",\"Acuicultura\",\"Afines (APHIA)\",\"al\u00e9rgenos marinos\",\"especies comerciales de Chile\",\"Mag\u00edster en Ecolog\u00eda Marina\",\"salmonicultura\",\"Universidad Cat\u00f3lica de la Sant\u00edsima Concepci\u00f3n\",\"Universidade Federal de Alagoas\"],\"articleSection\":[\"Acuicultura\"],\"inLanguage\":\"es\"},{\"@type\":\"WebPage\",\"@id\":\"https:\\\/\\\/www.mundoacuicola.cl\\\/new\\\/exponen-sobre-alergenos-marinos-en-especies-de-interes-comercial-en-chile-en-congreso-internacional\\\/\",\"url\":\"https:\\\/\\\/www.mundoacuicola.cl\\\/new\\\/exponen-sobre-alergenos-marinos-en-especies-de-interes-comercial-en-chile-en-congreso-internacional\\\/\",\"name\":\"Exponen sobre al\u00e9rgenos marinos en especies comerciales de Chile - Mundoacuicola\",\"isPartOf\":{\"@id\":\"https:\\\/\\\/www.mundoacuicola.cl\\\/new\\\/#website\"},\"primaryImageOfPage\":{\"@id\":\"https:\\\/\\\/www.mundoacuicola.cl\\\/new\\\/exponen-sobre-alergenos-marinos-en-especies-de-interes-comercial-en-chile-en-congreso-internacional\\\/#primaryimage\"},\"image\":{\"@id\":\"https:\\\/\\\/www.mundoacuicola.cl\\\/new\\\/exponen-sobre-alergenos-marinos-en-especies-de-interes-comercial-en-chile-en-congreso-internacional\\\/#primaryimage\"},\"thumbnailUrl\":\"https:\\\/\\\/www.mundoacuicola.cl\\\/new\\\/wp-content\\\/uploads\\\/2025\\\/11\\\/UCSCbrasil222.jpeg\",\"datePublished\":\"2025-11-12T02:02:03+00:00\",\"dateModified\":\"2025-11-20T21:04:19+00:00\",\"breadcrumb\":{\"@id\":\"https:\\\/\\\/www.mundoacuicola.cl\\\/new\\\/exponen-sobre-alergenos-marinos-en-especies-de-interes-comercial-en-chile-en-congreso-internacional\\\/#breadcrumb\"},\"inLanguage\":\"es\",\"potentialAction\":[{\"@type\":\"ReadAction\",\"target\":[\"https:\\\/\\\/www.mundoacuicola.cl\\\/new\\\/exponen-sobre-alergenos-marinos-en-especies-de-interes-comercial-en-chile-en-congreso-internacional\\\/\"]}]},{\"@type\":\"ImageObject\",\"inLanguage\":\"es\",\"@id\":\"https:\\\/\\\/www.mundoacuicola.cl\\\/new\\\/exponen-sobre-alergenos-marinos-en-especies-de-interes-comercial-en-chile-en-congreso-internacional\\\/#primaryimage\",\"url\":\"https:\\\/\\\/www.mundoacuicola.cl\\\/new\\\/wp-content\\\/uploads\\\/2025\\\/11\\\/UCSCbrasil222.jpeg\",\"contentUrl\":\"https:\\\/\\\/www.mundoacuicola.cl\\\/new\\\/wp-content\\\/uploads\\\/2025\\\/11\\\/UCSCbrasil222.jpeg\",\"width\":750,\"height\":400},{\"@type\":\"BreadcrumbList\",\"@id\":\"https:\\\/\\\/www.mundoacuicola.cl\\\/new\\\/exponen-sobre-alergenos-marinos-en-especies-de-interes-comercial-en-chile-en-congreso-internacional\\\/#breadcrumb\",\"itemListElement\":[{\"@type\":\"ListItem\",\"position\":1,\"name\":\"Portada\",\"item\":\"https:\\\/\\\/www.mundoacuicola.cl\\\/new\\\/\"},{\"@type\":\"ListItem\",\"position\":2,\"name\":\"Exponen sobre al\u00e9rgenos marinos en especies comerciales de Chile\"}]},{\"@type\":\"WebSite\",\"@id\":\"https:\\\/\\\/www.mundoacuicola.cl\\\/new\\\/#website\",\"url\":\"https:\\\/\\\/www.mundoacuicola.cl\\\/new\\\/\",\"name\":\"Mundoacuicola\",\"description\":\"Revista de Acuicultura.\",\"publisher\":{\"@id\":\"https:\\\/\\\/www.mundoacuicola.cl\\\/new\\\/#organization\"},\"potentialAction\":[{\"@type\":\"SearchAction\",\"target\":{\"@type\":\"EntryPoint\",\"urlTemplate\":\"https:\\\/\\\/www.mundoacuicola.cl\\\/new\\\/?s={search_term_string}\"},\"query-input\":{\"@type\":\"PropertyValueSpecification\",\"valueRequired\":true,\"valueName\":\"search_term_string\"}}],\"inLanguage\":\"es\"},{\"@type\":\"Organization\",\"@id\":\"https:\\\/\\\/www.mundoacuicola.cl\\\/new\\\/#organization\",\"name\":\"Mundoacuicola\",\"url\":\"https:\\\/\\\/www.mundoacuicola.cl\\\/new\\\/\",\"logo\":{\"@type\":\"ImageObject\",\"inLanguage\":\"es\",\"@id\":\"https:\\\/\\\/www.mundoacuicola.cl\\\/new\\\/#\\\/schema\\\/logo\\\/image\\\/\",\"url\":\"https:\\\/\\\/www.mundoacuicola.cl\\\/new\\\/wp-content\\\/uploads\\\/2026\\\/01\\\/cropped-LOGO-Mundo-Acuicola-2026.png\",\"contentUrl\":\"https:\\\/\\\/www.mundoacuicola.cl\\\/new\\\/wp-content\\\/uploads\\\/2026\\\/01\\\/cropped-LOGO-Mundo-Acuicola-2026.png\",\"width\":1252,\"height\":296,\"caption\":\"Mundoacuicola\"},\"image\":{\"@id\":\"https:\\\/\\\/www.mundoacuicola.cl\\\/new\\\/#\\\/schema\\\/logo\\\/image\\\/\"},\"sameAs\":[\"https:\\\/\\\/www.facebook.com\\\/mundo.acuicola\\\/\",\"https:\\\/\\\/x.com\\\/mundoacuicola\",\"https:\\\/\\\/www.linkedin.com\\\/in\\\/mundo-acuicola\"]},{\"@type\":\"Person\",\"@id\":\"https:\\\/\\\/www.mundoacuicola.cl\\\/new\\\/#\\\/schema\\\/person\\\/52cfe7e461eb2d30484965350ee34bdd\",\"name\":\"Ricardo Alvarez\",\"url\":\"https:\\\/\\\/www.mundoacuicola.cl\\\/new\\\/author\\\/ricardo\\\/\"}]}<\/script>\n<!-- \/ Yoast SEO plugin. -->","yoast_head_json":{"title":"Exponen sobre al\u00e9rgenos marinos en especies comerciales de Chile - Mundoacuicola","robots":{"index":"index","follow":"follow","max-snippet":"max-snippet:-1","max-image-preview":"max-image-preview:large","max-video-preview":"max-video-preview:-1"},"canonical":"https:\/\/www.mundoacuicola.cl\/new\/exponen-sobre-alergenos-marinos-en-especies-de-interes-comercial-en-chile-en-congreso-internacional\/","og_locale":"es_ES","og_type":"article","og_title":"Exponen sobre al\u00e9rgenos marinos en especies comerciales de Chile - Mundoacuicola","og_description":"Entre el 20 y 24 de octubre, Kelly Gonnelli, bi\u00f3loga marina de la Universidad Cat\u00f3lica...","og_url":"https:\/\/www.mundoacuicola.cl\/new\/exponen-sobre-alergenos-marinos-en-especies-de-interes-comercial-en-chile-en-congreso-internacional\/","og_site_name":"Mundoacuicola","article_publisher":"https:\/\/www.facebook.com\/mundo.acuicola\/","article_published_time":"2025-11-12T02:02:03+00:00","article_modified_time":"2025-11-20T21:04:19+00:00","og_image":[{"width":750,"height":400,"url":"https:\/\/www.mundoacuicola.cl\/new\/wp-content\/uploads\/2025\/11\/UCSCbrasil222.jpeg","type":"image\/jpeg"}],"author":"Ricardo Alvarez","twitter_card":"summary_large_image","twitter_creator":"@mundoacuicola","twitter_site":"@mundoacuicola","twitter_misc":{"Escrito por":"Ricardo Alvarez","Tiempo de lectura":"3 minutos"},"schema":{"@context":"https:\/\/schema.org","@graph":[{"@type":"Article","@id":"https:\/\/www.mundoacuicola.cl\/new\/exponen-sobre-alergenos-marinos-en-especies-de-interes-comercial-en-chile-en-congreso-internacional\/#article","isPartOf":{"@id":"https:\/\/www.mundoacuicola.cl\/new\/exponen-sobre-alergenos-marinos-en-especies-de-interes-comercial-en-chile-en-congreso-internacional\/"},"author":{"name":"Ricardo Alvarez","@id":"https:\/\/www.mundoacuicola.cl\/new\/#\/schema\/person\/52cfe7e461eb2d30484965350ee34bdd"},"headline":"Exponen sobre al\u00e9rgenos marinos en especies comerciales de Chile","datePublished":"2025-11-12T02:02:03+00:00","dateModified":"2025-11-20T21:04:19+00:00","mainEntityOfPage":{"@id":"https:\/\/www.mundoacuicola.cl\/new\/exponen-sobre-alergenos-marinos-en-especies-de-interes-comercial-en-chile-en-congreso-internacional\/"},"wordCount":459,"publisher":{"@id":"https:\/\/www.mundoacuicola.cl\/new\/#organization"},"image":{"@id":"https:\/\/www.mundoacuicola.cl\/new\/exponen-sobre-alergenos-marinos-en-especies-de-interes-comercial-en-chile-en-congreso-internacional\/#primaryimage"},"thumbnailUrl":"https:\/\/www.mundoacuicola.cl\/new\/wp-content\/uploads\/2025\/11\/UCSCbrasil222.jpeg","keywords":["Acu\u00edcola","Acuicultura","Afines (APHIA)","al\u00e9rgenos marinos","especies comerciales de Chile","Mag\u00edster en Ecolog\u00eda Marina","salmonicultura","Universidad Cat\u00f3lica de la Sant\u00edsima Concepci\u00f3n","Universidade Federal de Alagoas"],"articleSection":["Acuicultura"],"inLanguage":"es"},{"@type":"WebPage","@id":"https:\/\/www.mundoacuicola.cl\/new\/exponen-sobre-alergenos-marinos-en-especies-de-interes-comercial-en-chile-en-congreso-internacional\/","url":"https:\/\/www.mundoacuicola.cl\/new\/exponen-sobre-alergenos-marinos-en-especies-de-interes-comercial-en-chile-en-congreso-internacional\/","name":"Exponen sobre al\u00e9rgenos marinos en especies comerciales de Chile - Mundoacuicola","isPartOf":{"@id":"https:\/\/www.mundoacuicola.cl\/new\/#website"},"primaryImageOfPage":{"@id":"https:\/\/www.mundoacuicola.cl\/new\/exponen-sobre-alergenos-marinos-en-especies-de-interes-comercial-en-chile-en-congreso-internacional\/#primaryimage"},"image":{"@id":"https:\/\/www.mundoacuicola.cl\/new\/exponen-sobre-alergenos-marinos-en-especies-de-interes-comercial-en-chile-en-congreso-internacional\/#primaryimage"},"thumbnailUrl":"https:\/\/www.mundoacuicola.cl\/new\/wp-content\/uploads\/2025\/11\/UCSCbrasil222.jpeg","datePublished":"2025-11-12T02:02:03+00:00","dateModified":"2025-11-20T21:04:19+00:00","breadcrumb":{"@id":"https:\/\/www.mundoacuicola.cl\/new\/exponen-sobre-alergenos-marinos-en-especies-de-interes-comercial-en-chile-en-congreso-internacional\/#breadcrumb"},"inLanguage":"es","potentialAction":[{"@type":"ReadAction","target":["https:\/\/www.mundoacuicola.cl\/new\/exponen-sobre-alergenos-marinos-en-especies-de-interes-comercial-en-chile-en-congreso-internacional\/"]}]},{"@type":"ImageObject","inLanguage":"es","@id":"https:\/\/www.mundoacuicola.cl\/new\/exponen-sobre-alergenos-marinos-en-especies-de-interes-comercial-en-chile-en-congreso-internacional\/#primaryimage","url":"https:\/\/www.mundoacuicola.cl\/new\/wp-content\/uploads\/2025\/11\/UCSCbrasil222.jpeg","contentUrl":"https:\/\/www.mundoacuicola.cl\/new\/wp-content\/uploads\/2025\/11\/UCSCbrasil222.jpeg","width":750,"height":400},{"@type":"BreadcrumbList","@id":"https:\/\/www.mundoacuicola.cl\/new\/exponen-sobre-alergenos-marinos-en-especies-de-interes-comercial-en-chile-en-congreso-internacional\/#breadcrumb","itemListElement":[{"@type":"ListItem","position":1,"name":"Portada","item":"https:\/\/www.mundoacuicola.cl\/new\/"},{"@type":"ListItem","position":2,"name":"Exponen sobre al\u00e9rgenos marinos en especies comerciales de Chile"}]},{"@type":"WebSite","@id":"https:\/\/www.mundoacuicola.cl\/new\/#website","url":"https:\/\/www.mundoacuicola.cl\/new\/","name":"Mundoacuicola","description":"Revista de Acuicultura.","publisher":{"@id":"https:\/\/www.mundoacuicola.cl\/new\/#organization"},"potentialAction":[{"@type":"SearchAction","target":{"@type":"EntryPoint","urlTemplate":"https:\/\/www.mundoacuicola.cl\/new\/?s={search_term_string}"},"query-input":{"@type":"PropertyValueSpecification","valueRequired":true,"valueName":"search_term_string"}}],"inLanguage":"es"},{"@type":"Organization","@id":"https:\/\/www.mundoacuicola.cl\/new\/#organization","name":"Mundoacuicola","url":"https:\/\/www.mundoacuicola.cl\/new\/","logo":{"@type":"ImageObject","inLanguage":"es","@id":"https:\/\/www.mundoacuicola.cl\/new\/#\/schema\/logo\/image\/","url":"https:\/\/www.mundoacuicola.cl\/new\/wp-content\/uploads\/2026\/01\/cropped-LOGO-Mundo-Acuicola-2026.png","contentUrl":"https:\/\/www.mundoacuicola.cl\/new\/wp-content\/uploads\/2026\/01\/cropped-LOGO-Mundo-Acuicola-2026.png","width":1252,"height":296,"caption":"Mundoacuicola"},"image":{"@id":"https:\/\/www.mundoacuicola.cl\/new\/#\/schema\/logo\/image\/"},"sameAs":["https:\/\/www.facebook.com\/mundo.acuicola\/","https:\/\/x.com\/mundoacuicola","https:\/\/www.linkedin.com\/in\/mundo-acuicola"]},{"@type":"Person","@id":"https:\/\/www.mundoacuicola.cl\/new\/#\/schema\/person\/52cfe7e461eb2d30484965350ee34bdd","name":"Ricardo Alvarez","url":"https:\/\/www.mundoacuicola.cl\/new\/author\/ricardo\/"}]}},"_links":{"self":[{"href":"https:\/\/www.mundoacuicola.cl\/new\/wp-json\/wp\/v2\/posts\/82622","targetHints":{"allow":["GET"]}}],"collection":[{"href":"https:\/\/www.mundoacuicola.cl\/new\/wp-json\/wp\/v2\/posts"}],"about":[{"href":"https:\/\/www.mundoacuicola.cl\/new\/wp-json\/wp\/v2\/types\/post"}],"author":[{"embeddable":true,"href":"https:\/\/www.mundoacuicola.cl\/new\/wp-json\/wp\/v2\/users\/8"}],"replies":[{"embeddable":true,"href":"https:\/\/www.mundoacuicola.cl\/new\/wp-json\/wp\/v2\/comments?post=82622"}],"version-history":[{"count":0,"href":"https:\/\/www.mundoacuicola.cl\/new\/wp-json\/wp\/v2\/posts\/82622\/revisions"}],"wp:featuredmedia":[{"embeddable":true,"href":"https:\/\/www.mundoacuicola.cl\/new\/wp-json\/wp\/v2\/media\/82623"}],"wp:attachment":[{"href":"https:\/\/www.mundoacuicola.cl\/new\/wp-json\/wp\/v2\/media?parent=82622"}],"wp:term":[{"taxonomy":"category","embeddable":true,"href":"https:\/\/www.mundoacuicola.cl\/new\/wp-json\/wp\/v2\/categories?post=82622"},{"taxonomy":"post_tag","embeddable":true,"href":"https:\/\/www.mundoacuicola.cl\/new\/wp-json\/wp\/v2\/tags?post=82622"}],"curies":[{"name":"wp","href":"https:\/\/api.w.org\/{rel}","templated":true}]}}