{"id":82841,"date":"2025-11-17T17:09:41","date_gmt":"2025-11-17T21:09:41","guid":{"rendered":"https:\/\/www.mundoacuicola.cl\/new\/?p=82841"},"modified":"2025-11-19T07:18:58","modified_gmt":"2025-11-19T11:18:58","slug":"incar-marcara-presencia-en-foro-iberoamericano-de-recursos-marinos-y-acuicultura","status":"publish","type":"post","link":"https:\/\/www.mundoacuicola.cl\/new\/incar-marcara-presencia-en-foro-iberoamericano-de-recursos-marinos-y-acuicultura\/","title":{"rendered":"INCAR marcar\u00e1 presencia en Foro Iberoamericano de Recursos Marinos y Acuicultura"},"content":{"rendered":"<p><span style=\"font-weight: 400;\">Entre el 17 y 21de noviembre tendr\u00e1 lugar el XIII Foro Iberoamericano de Recursos Marinos y la Acuicultura (FIRMA) 2025. El evento que se realizar\u00e1 en Santa Catarina, Brasil, contar\u00e1 con m\u00e1s de 50 conferencias sobre la sostenibilidad de los recursos acu\u00e1ticos y la acuicultura, adem\u00e1s de la presentaci\u00f3n de trabajos cient\u00edficos en e-p\u00f3ster y video.<\/span><\/p>\n<p><span style=\"font-weight: 400;\">En el encuentro, uno de los m\u00e1s importantes en Iberoam\u00e9rica, el Centro Interdisciplinario para la Investigaci\u00f3n Acu\u00edcola (INCAR) destacar\u00e1 con ponencias orales y en formato p\u00f3ster. En la \u201cSesi\u00f3n de cultivo de peces marinos\u201d del jueves 20 de noviembre, el Acad\u00e9mico de la Universidad Andr\u00e9s Bello (UNAB) e Investigador Principal de la l\u00ednea \u201cSalud Animal en Estadios Tempranos de Salm\u00f3nidos y Recursos Nativos\u201d, Dr. Ruben Avenda\u00f1o-Herrera dictar\u00e1 la ponencia \u201cConocimiento y Estrategias en la Gesti\u00f3n de Enfermedades: Lecciones y retos en el cultivo de salm\u00f3n en Chile\u201d.<\/span><\/p>\n<p><span style=\"font-weight: 400;\">En tanto, el viernes 21 de noviembre, en la \u201cSesi\u00f3n de Cultivo de Moluscos\u201d, el Subdirector de INCAR y Acad\u00e9mico de la Universidad de Concepci\u00f3n, Dr. Cristian Gallardo-Esc\u00e1rate, presentar\u00e1 \u201cAplicaciones Gen\u00f3micas para el cultivo sustentable de la ostra nativa chilena (<\/span><i><span style=\"font-weight: 400;\">Ostrea chilensis<\/span><\/i><span style=\"font-weight: 400;\">)\u201d.<\/span><\/p>\n<p><span style=\"font-weight: 400;\">Adem\u00e1s, el Investigador Asociado de la l\u00ednea \u201cSalud Animal en Estadios Tempranos de Salm\u00f3nidos y Recursos Nativos\u201d y Acad\u00e9mico de la UNAB, Dr. Juan Antonio Vald\u00e9s presentar\u00e1 en formato p\u00f3ster el estudio \u201cCaracterizaci\u00f3n de la respuesta molecular del erizo de mar rojo (<\/span><i><span style=\"font-weight: 400;\">Loxechinus albus<\/span><\/i><span style=\"font-weight: 400;\">) frente al estr\u00e9s t\u00e9rmico\u201d, cuyos autores son Katalina Llanos-Az\u00f3car, Martina Tampe-Mateluna, Juan M. Estrada, Pablo A. Oyarz\u00fan, Giorgia D. Ugarte y Juan A. Vald\u00e9s.<\/span><\/p>\n<h3><strong>Evento h\u00edbrido<\/strong><\/h3>\n<p><span style=\"font-weight: 400;\">El XIII FIRMA, a celebrarse en Santa Catarina, Brasil, marcar\u00e1 un hito en la historia de este encuentro regional, ya que por primera vez el evento se desarrollar\u00e1 en modalidad h\u00edbrida, combinando la participaci\u00f3n presencial y virtual.<\/span><\/p>\n<p><span style=\"font-weight: 400;\">\u201cEsta innovadora modalidad responde al compromiso de FIRMA con la accesibilidad, la inclusi\u00f3n y la cooperaci\u00f3n regional, permitiendo que profesionales, investigadores, estudiantes y actores del sector marino-acu\u00edcola puedan conectarse desde cualquier lugar de Iberoam\u00e9rica y el mundo\u201d, comentaron desde la organizaci\u00f3n.<\/span><\/p>\n<p><span style=\"font-weight: 400;\">Para m\u00e1s informaci\u00f3n sobre inscripciones y m\u00e1s detalles del programa completo del XIII Foro FIRMA, visita aqu\u00ed\u00a0<\/span><a href=\"https:\/\/firmaonline.org\/xiii-firma\/\"><span style=\"font-weight: 400;\">https:\/\/firmaonline.org\/xiii-firma\/<\/span><\/a><\/p>\n","protected":false},"excerpt":{"rendered":"<p>Investigadores del centro presentar\u00e1n avances clave en salud de salm\u00f3nidos y gen\u00f3mica de moluscos en un evento que por primera vez ser\u00e1 h\u00edbrido y reunir\u00e1 a la comunidad cient\u00edfica iberoamericana en Santa Catarina, Brasil.<\/p>\n","protected":false},"author":10,"featured_media":54302,"comment_status":"closed","ping_status":"closed","sticky":false,"template":"","format":"standard","meta":{"footnotes":""},"categories":[89],"tags":[1261,143,3522,20814,122],"class_list":["post-82841","post","type-post","status-publish","format-standard","has-post-thumbnail","hentry","category-instituciones","tag-acuicola","tag-acuicultura","tag-centro-incar","tag-centro-interdisciplinario-para-la-investigacion-acuicola","tag-industria-acuicola"],"yoast_head":"<!-- This site is optimized with the Yoast SEO plugin v27.5 - https:\/\/yoast.com\/product\/yoast-seo-wordpress\/ -->\n<title>INCAR marcar\u00e1 presencia en Foro Iberoamericano de Recursos Marinos y Acuicultura - Mundoacuicola<\/title>\n<meta name=\"description\" content=\"Investigadores del centro presentar\u00e1n avances clave en salud de salm\u00f3nidos y gen\u00f3mica de moluscos en este evento.\" \/>\n<meta name=\"robots\" content=\"index, follow, max-snippet:-1, max-image-preview:large, max-video-preview:-1\" \/>\n<link rel=\"canonical\" href=\"https:\/\/www.mundoacuicola.cl\/new\/incar-marcara-presencia-en-foro-iberoamericano-de-recursos-marinos-y-acuicultura\/\" \/>\n<meta property=\"og:locale\" content=\"es_ES\" \/>\n<meta property=\"og:type\" content=\"article\" \/>\n<meta property=\"og:title\" content=\"INCAR marcar\u00e1 presencia en Foro Iberoamericano de Recursos Marinos y Acuicultura - Mundoacuicola\" \/>\n<meta property=\"og:description\" content=\"Investigadores del centro presentar\u00e1n avances clave en salud de salm\u00f3nidos y gen\u00f3mica de moluscos en este evento.\" \/>\n<meta property=\"og:url\" content=\"https:\/\/www.mundoacuicola.cl\/new\/incar-marcara-presencia-en-foro-iberoamericano-de-recursos-marinos-y-acuicultura\/\" \/>\n<meta property=\"og:site_name\" content=\"Mundoacuicola\" \/>\n<meta property=\"article:publisher\" content=\"https:\/\/www.facebook.com\/mundo.acuicola\/\" \/>\n<meta property=\"article:published_time\" content=\"2025-11-17T21:09:41+00:00\" \/>\n<meta property=\"article:modified_time\" content=\"2025-11-19T11:18:58+00:00\" \/>\n<meta property=\"og:image\" content=\"https:\/\/www.mundoacuicola.cl\/new\/wp-content\/uploads\/2023\/07\/PERmitilicultura.jpg\" \/>\n\t<meta property=\"og:image:width\" content=\"750\" \/>\n\t<meta property=\"og:image:height\" content=\"400\" \/>\n\t<meta property=\"og:image:type\" content=\"image\/jpeg\" \/>\n<meta name=\"author\" content=\"mbarrueto\" \/>\n<meta name=\"twitter:card\" content=\"summary_large_image\" \/>\n<meta name=\"twitter:creator\" content=\"@mundoacuicola\" \/>\n<meta name=\"twitter:site\" content=\"@mundoacuicola\" \/>\n<meta name=\"twitter:label1\" content=\"Escrito por\" \/>\n\t<meta name=\"twitter:data1\" content=\"mbarrueto\" \/>\n\t<meta name=\"twitter:label2\" content=\"Tiempo de lectura\" \/>\n\t<meta name=\"twitter:data2\" content=\"2 minutos\" \/>\n<script type=\"application\/ld+json\" class=\"yoast-schema-graph\">{\"@context\":\"https:\\\/\\\/schema.org\",\"@graph\":[{\"@type\":\"Article\",\"@id\":\"https:\\\/\\\/www.mundoacuicola.cl\\\/new\\\/incar-marcara-presencia-en-foro-iberoamericano-de-recursos-marinos-y-acuicultura\\\/#article\",\"isPartOf\":{\"@id\":\"https:\\\/\\\/www.mundoacuicola.cl\\\/new\\\/incar-marcara-presencia-en-foro-iberoamericano-de-recursos-marinos-y-acuicultura\\\/\"},\"author\":{\"name\":\"mbarrueto\",\"@id\":\"https:\\\/\\\/www.mundoacuicola.cl\\\/new\\\/#\\\/schema\\\/person\\\/c00ffe389abb88bd9254653add139315\"},\"headline\":\"INCAR marcar\u00e1 presencia en Foro Iberoamericano de Recursos Marinos y Acuicultura\",\"datePublished\":\"2025-11-17T21:09:41+00:00\",\"dateModified\":\"2025-11-19T11:18:58+00:00\",\"mainEntityOfPage\":{\"@id\":\"https:\\\/\\\/www.mundoacuicola.cl\\\/new\\\/incar-marcara-presencia-en-foro-iberoamericano-de-recursos-marinos-y-acuicultura\\\/\"},\"wordCount\":407,\"publisher\":{\"@id\":\"https:\\\/\\\/www.mundoacuicola.cl\\\/new\\\/#organization\"},\"image\":{\"@id\":\"https:\\\/\\\/www.mundoacuicola.cl\\\/new\\\/incar-marcara-presencia-en-foro-iberoamericano-de-recursos-marinos-y-acuicultura\\\/#primaryimage\"},\"thumbnailUrl\":\"https:\\\/\\\/www.mundoacuicola.cl\\\/new\\\/wp-content\\\/uploads\\\/2023\\\/07\\\/PERmitilicultura.jpg\",\"keywords\":[\"Acu\u00edcola\",\"Acuicultura\",\"Centro INCAR\",\"Centro Interdisciplinario para la Investigaci\u00f3n Acu\u00edcola\",\"Industria Acu\u00edcola\"],\"articleSection\":[\"Instituciones\"],\"inLanguage\":\"es\"},{\"@type\":\"WebPage\",\"@id\":\"https:\\\/\\\/www.mundoacuicola.cl\\\/new\\\/incar-marcara-presencia-en-foro-iberoamericano-de-recursos-marinos-y-acuicultura\\\/\",\"url\":\"https:\\\/\\\/www.mundoacuicola.cl\\\/new\\\/incar-marcara-presencia-en-foro-iberoamericano-de-recursos-marinos-y-acuicultura\\\/\",\"name\":\"INCAR marcar\u00e1 presencia en Foro Iberoamericano de Recursos Marinos y Acuicultura - Mundoacuicola\",\"isPartOf\":{\"@id\":\"https:\\\/\\\/www.mundoacuicola.cl\\\/new\\\/#website\"},\"primaryImageOfPage\":{\"@id\":\"https:\\\/\\\/www.mundoacuicola.cl\\\/new\\\/incar-marcara-presencia-en-foro-iberoamericano-de-recursos-marinos-y-acuicultura\\\/#primaryimage\"},\"image\":{\"@id\":\"https:\\\/\\\/www.mundoacuicola.cl\\\/new\\\/incar-marcara-presencia-en-foro-iberoamericano-de-recursos-marinos-y-acuicultura\\\/#primaryimage\"},\"thumbnailUrl\":\"https:\\\/\\\/www.mundoacuicola.cl\\\/new\\\/wp-content\\\/uploads\\\/2023\\\/07\\\/PERmitilicultura.jpg\",\"datePublished\":\"2025-11-17T21:09:41+00:00\",\"dateModified\":\"2025-11-19T11:18:58+00:00\",\"description\":\"Investigadores del centro presentar\u00e1n avances clave en salud de salm\u00f3nidos y gen\u00f3mica de moluscos en este evento.\",\"breadcrumb\":{\"@id\":\"https:\\\/\\\/www.mundoacuicola.cl\\\/new\\\/incar-marcara-presencia-en-foro-iberoamericano-de-recursos-marinos-y-acuicultura\\\/#breadcrumb\"},\"inLanguage\":\"es\",\"potentialAction\":[{\"@type\":\"ReadAction\",\"target\":[\"https:\\\/\\\/www.mundoacuicola.cl\\\/new\\\/incar-marcara-presencia-en-foro-iberoamericano-de-recursos-marinos-y-acuicultura\\\/\"]}]},{\"@type\":\"ImageObject\",\"inLanguage\":\"es\",\"@id\":\"https:\\\/\\\/www.mundoacuicola.cl\\\/new\\\/incar-marcara-presencia-en-foro-iberoamericano-de-recursos-marinos-y-acuicultura\\\/#primaryimage\",\"url\":\"https:\\\/\\\/www.mundoacuicola.cl\\\/new\\\/wp-content\\\/uploads\\\/2023\\\/07\\\/PERmitilicultura.jpg\",\"contentUrl\":\"https:\\\/\\\/www.mundoacuicola.cl\\\/new\\\/wp-content\\\/uploads\\\/2023\\\/07\\\/PERmitilicultura.jpg\",\"width\":750,\"height\":400},{\"@type\":\"BreadcrumbList\",\"@id\":\"https:\\\/\\\/www.mundoacuicola.cl\\\/new\\\/incar-marcara-presencia-en-foro-iberoamericano-de-recursos-marinos-y-acuicultura\\\/#breadcrumb\",\"itemListElement\":[{\"@type\":\"ListItem\",\"position\":1,\"name\":\"Portada\",\"item\":\"https:\\\/\\\/www.mundoacuicola.cl\\\/new\\\/\"},{\"@type\":\"ListItem\",\"position\":2,\"name\":\"INCAR marcar\u00e1 presencia en Foro Iberoamericano de Recursos Marinos y Acuicultura\"}]},{\"@type\":\"WebSite\",\"@id\":\"https:\\\/\\\/www.mundoacuicola.cl\\\/new\\\/#website\",\"url\":\"https:\\\/\\\/www.mundoacuicola.cl\\\/new\\\/\",\"name\":\"Mundoacuicola\",\"description\":\"Revista de Acuicultura.\",\"publisher\":{\"@id\":\"https:\\\/\\\/www.mundoacuicola.cl\\\/new\\\/#organization\"},\"potentialAction\":[{\"@type\":\"SearchAction\",\"target\":{\"@type\":\"EntryPoint\",\"urlTemplate\":\"https:\\\/\\\/www.mundoacuicola.cl\\\/new\\\/?s={search_term_string}\"},\"query-input\":{\"@type\":\"PropertyValueSpecification\",\"valueRequired\":true,\"valueName\":\"search_term_string\"}}],\"inLanguage\":\"es\"},{\"@type\":\"Organization\",\"@id\":\"https:\\\/\\\/www.mundoacuicola.cl\\\/new\\\/#organization\",\"name\":\"Mundoacuicola\",\"url\":\"https:\\\/\\\/www.mundoacuicola.cl\\\/new\\\/\",\"logo\":{\"@type\":\"ImageObject\",\"inLanguage\":\"es\",\"@id\":\"https:\\\/\\\/www.mundoacuicola.cl\\\/new\\\/#\\\/schema\\\/logo\\\/image\\\/\",\"url\":\"https:\\\/\\\/www.mundoacuicola.cl\\\/new\\\/wp-content\\\/uploads\\\/2026\\\/01\\\/cropped-LOGO-Mundo-Acuicola-2026.png\",\"contentUrl\":\"https:\\\/\\\/www.mundoacuicola.cl\\\/new\\\/wp-content\\\/uploads\\\/2026\\\/01\\\/cropped-LOGO-Mundo-Acuicola-2026.png\",\"width\":1252,\"height\":296,\"caption\":\"Mundoacuicola\"},\"image\":{\"@id\":\"https:\\\/\\\/www.mundoacuicola.cl\\\/new\\\/#\\\/schema\\\/logo\\\/image\\\/\"},\"sameAs\":[\"https:\\\/\\\/www.facebook.com\\\/mundo.acuicola\\\/\",\"https:\\\/\\\/x.com\\\/mundoacuicola\",\"https:\\\/\\\/www.linkedin.com\\\/in\\\/mundo-acuicola\"]},{\"@type\":\"Person\",\"@id\":\"https:\\\/\\\/www.mundoacuicola.cl\\\/new\\\/#\\\/schema\\\/person\\\/c00ffe389abb88bd9254653add139315\",\"name\":\"mbarrueto\",\"url\":\"https:\\\/\\\/www.mundoacuicola.cl\\\/new\\\/author\\\/mbarrueto\\\/\"}]}<\/script>\n<!-- \/ Yoast SEO plugin. -->","yoast_head_json":{"title":"INCAR marcar\u00e1 presencia en Foro Iberoamericano de Recursos Marinos y Acuicultura - Mundoacuicola","description":"Investigadores del centro presentar\u00e1n avances clave en salud de salm\u00f3nidos y gen\u00f3mica de moluscos en este evento.","robots":{"index":"index","follow":"follow","max-snippet":"max-snippet:-1","max-image-preview":"max-image-preview:large","max-video-preview":"max-video-preview:-1"},"canonical":"https:\/\/www.mundoacuicola.cl\/new\/incar-marcara-presencia-en-foro-iberoamericano-de-recursos-marinos-y-acuicultura\/","og_locale":"es_ES","og_type":"article","og_title":"INCAR marcar\u00e1 presencia en Foro Iberoamericano de Recursos Marinos y Acuicultura - Mundoacuicola","og_description":"Investigadores del centro presentar\u00e1n avances clave en salud de salm\u00f3nidos y gen\u00f3mica de moluscos en este evento.","og_url":"https:\/\/www.mundoacuicola.cl\/new\/incar-marcara-presencia-en-foro-iberoamericano-de-recursos-marinos-y-acuicultura\/","og_site_name":"Mundoacuicola","article_publisher":"https:\/\/www.facebook.com\/mundo.acuicola\/","article_published_time":"2025-11-17T21:09:41+00:00","article_modified_time":"2025-11-19T11:18:58+00:00","og_image":[{"width":750,"height":400,"url":"https:\/\/www.mundoacuicola.cl\/new\/wp-content\/uploads\/2023\/07\/PERmitilicultura.jpg","type":"image\/jpeg"}],"author":"mbarrueto","twitter_card":"summary_large_image","twitter_creator":"@mundoacuicola","twitter_site":"@mundoacuicola","twitter_misc":{"Escrito por":"mbarrueto","Tiempo de lectura":"2 minutos"},"schema":{"@context":"https:\/\/schema.org","@graph":[{"@type":"Article","@id":"https:\/\/www.mundoacuicola.cl\/new\/incar-marcara-presencia-en-foro-iberoamericano-de-recursos-marinos-y-acuicultura\/#article","isPartOf":{"@id":"https:\/\/www.mundoacuicola.cl\/new\/incar-marcara-presencia-en-foro-iberoamericano-de-recursos-marinos-y-acuicultura\/"},"author":{"name":"mbarrueto","@id":"https:\/\/www.mundoacuicola.cl\/new\/#\/schema\/person\/c00ffe389abb88bd9254653add139315"},"headline":"INCAR marcar\u00e1 presencia en Foro Iberoamericano de Recursos Marinos y Acuicultura","datePublished":"2025-11-17T21:09:41+00:00","dateModified":"2025-11-19T11:18:58+00:00","mainEntityOfPage":{"@id":"https:\/\/www.mundoacuicola.cl\/new\/incar-marcara-presencia-en-foro-iberoamericano-de-recursos-marinos-y-acuicultura\/"},"wordCount":407,"publisher":{"@id":"https:\/\/www.mundoacuicola.cl\/new\/#organization"},"image":{"@id":"https:\/\/www.mundoacuicola.cl\/new\/incar-marcara-presencia-en-foro-iberoamericano-de-recursos-marinos-y-acuicultura\/#primaryimage"},"thumbnailUrl":"https:\/\/www.mundoacuicola.cl\/new\/wp-content\/uploads\/2023\/07\/PERmitilicultura.jpg","keywords":["Acu\u00edcola","Acuicultura","Centro INCAR","Centro Interdisciplinario para la Investigaci\u00f3n Acu\u00edcola","Industria Acu\u00edcola"],"articleSection":["Instituciones"],"inLanguage":"es"},{"@type":"WebPage","@id":"https:\/\/www.mundoacuicola.cl\/new\/incar-marcara-presencia-en-foro-iberoamericano-de-recursos-marinos-y-acuicultura\/","url":"https:\/\/www.mundoacuicola.cl\/new\/incar-marcara-presencia-en-foro-iberoamericano-de-recursos-marinos-y-acuicultura\/","name":"INCAR marcar\u00e1 presencia en Foro Iberoamericano de Recursos Marinos y Acuicultura - Mundoacuicola","isPartOf":{"@id":"https:\/\/www.mundoacuicola.cl\/new\/#website"},"primaryImageOfPage":{"@id":"https:\/\/www.mundoacuicola.cl\/new\/incar-marcara-presencia-en-foro-iberoamericano-de-recursos-marinos-y-acuicultura\/#primaryimage"},"image":{"@id":"https:\/\/www.mundoacuicola.cl\/new\/incar-marcara-presencia-en-foro-iberoamericano-de-recursos-marinos-y-acuicultura\/#primaryimage"},"thumbnailUrl":"https:\/\/www.mundoacuicola.cl\/new\/wp-content\/uploads\/2023\/07\/PERmitilicultura.jpg","datePublished":"2025-11-17T21:09:41+00:00","dateModified":"2025-11-19T11:18:58+00:00","description":"Investigadores del centro presentar\u00e1n avances clave en salud de salm\u00f3nidos y gen\u00f3mica de moluscos en este evento.","breadcrumb":{"@id":"https:\/\/www.mundoacuicola.cl\/new\/incar-marcara-presencia-en-foro-iberoamericano-de-recursos-marinos-y-acuicultura\/#breadcrumb"},"inLanguage":"es","potentialAction":[{"@type":"ReadAction","target":["https:\/\/www.mundoacuicola.cl\/new\/incar-marcara-presencia-en-foro-iberoamericano-de-recursos-marinos-y-acuicultura\/"]}]},{"@type":"ImageObject","inLanguage":"es","@id":"https:\/\/www.mundoacuicola.cl\/new\/incar-marcara-presencia-en-foro-iberoamericano-de-recursos-marinos-y-acuicultura\/#primaryimage","url":"https:\/\/www.mundoacuicola.cl\/new\/wp-content\/uploads\/2023\/07\/PERmitilicultura.jpg","contentUrl":"https:\/\/www.mundoacuicola.cl\/new\/wp-content\/uploads\/2023\/07\/PERmitilicultura.jpg","width":750,"height":400},{"@type":"BreadcrumbList","@id":"https:\/\/www.mundoacuicola.cl\/new\/incar-marcara-presencia-en-foro-iberoamericano-de-recursos-marinos-y-acuicultura\/#breadcrumb","itemListElement":[{"@type":"ListItem","position":1,"name":"Portada","item":"https:\/\/www.mundoacuicola.cl\/new\/"},{"@type":"ListItem","position":2,"name":"INCAR marcar\u00e1 presencia en Foro Iberoamericano de Recursos Marinos y Acuicultura"}]},{"@type":"WebSite","@id":"https:\/\/www.mundoacuicola.cl\/new\/#website","url":"https:\/\/www.mundoacuicola.cl\/new\/","name":"Mundoacuicola","description":"Revista de Acuicultura.","publisher":{"@id":"https:\/\/www.mundoacuicola.cl\/new\/#organization"},"potentialAction":[{"@type":"SearchAction","target":{"@type":"EntryPoint","urlTemplate":"https:\/\/www.mundoacuicola.cl\/new\/?s={search_term_string}"},"query-input":{"@type":"PropertyValueSpecification","valueRequired":true,"valueName":"search_term_string"}}],"inLanguage":"es"},{"@type":"Organization","@id":"https:\/\/www.mundoacuicola.cl\/new\/#organization","name":"Mundoacuicola","url":"https:\/\/www.mundoacuicola.cl\/new\/","logo":{"@type":"ImageObject","inLanguage":"es","@id":"https:\/\/www.mundoacuicola.cl\/new\/#\/schema\/logo\/image\/","url":"https:\/\/www.mundoacuicola.cl\/new\/wp-content\/uploads\/2026\/01\/cropped-LOGO-Mundo-Acuicola-2026.png","contentUrl":"https:\/\/www.mundoacuicola.cl\/new\/wp-content\/uploads\/2026\/01\/cropped-LOGO-Mundo-Acuicola-2026.png","width":1252,"height":296,"caption":"Mundoacuicola"},"image":{"@id":"https:\/\/www.mundoacuicola.cl\/new\/#\/schema\/logo\/image\/"},"sameAs":["https:\/\/www.facebook.com\/mundo.acuicola\/","https:\/\/x.com\/mundoacuicola","https:\/\/www.linkedin.com\/in\/mundo-acuicola"]},{"@type":"Person","@id":"https:\/\/www.mundoacuicola.cl\/new\/#\/schema\/person\/c00ffe389abb88bd9254653add139315","name":"mbarrueto","url":"https:\/\/www.mundoacuicola.cl\/new\/author\/mbarrueto\/"}]}},"_links":{"self":[{"href":"https:\/\/www.mundoacuicola.cl\/new\/wp-json\/wp\/v2\/posts\/82841","targetHints":{"allow":["GET"]}}],"collection":[{"href":"https:\/\/www.mundoacuicola.cl\/new\/wp-json\/wp\/v2\/posts"}],"about":[{"href":"https:\/\/www.mundoacuicola.cl\/new\/wp-json\/wp\/v2\/types\/post"}],"author":[{"embeddable":true,"href":"https:\/\/www.mundoacuicola.cl\/new\/wp-json\/wp\/v2\/users\/10"}],"replies":[{"embeddable":true,"href":"https:\/\/www.mundoacuicola.cl\/new\/wp-json\/wp\/v2\/comments?post=82841"}],"version-history":[{"count":0,"href":"https:\/\/www.mundoacuicola.cl\/new\/wp-json\/wp\/v2\/posts\/82841\/revisions"}],"wp:featuredmedia":[{"embeddable":true,"href":"https:\/\/www.mundoacuicola.cl\/new\/wp-json\/wp\/v2\/media\/54302"}],"wp:attachment":[{"href":"https:\/\/www.mundoacuicola.cl\/new\/wp-json\/wp\/v2\/media?parent=82841"}],"wp:term":[{"taxonomy":"category","embeddable":true,"href":"https:\/\/www.mundoacuicola.cl\/new\/wp-json\/wp\/v2\/categories?post=82841"},{"taxonomy":"post_tag","embeddable":true,"href":"https:\/\/www.mundoacuicola.cl\/new\/wp-json\/wp\/v2\/tags?post=82841"}],"curies":[{"name":"wp","href":"https:\/\/api.w.org\/{rel}","templated":true}]}}