{"id":82866,"date":"2025-11-18T12:37:07","date_gmt":"2025-11-18T16:37:07","guid":{"rendered":"https:\/\/www.mundoacuicola.cl\/new\/?p=82866"},"modified":"2025-11-19T19:06:04","modified_gmt":"2025-11-19T23:06:04","slug":"cientificos-latinoamericanos-alertan-sobre-acidificacion-oceanica-en-la-cop30","status":"publish","type":"post","link":"https:\/\/www.mundoacuicola.cl\/new\/cientificos-latinoamericanos-alertan-sobre-acidificacion-oceanica-en-la-cop30\/","title":{"rendered":"Cient\u00edficos latinoamericanos alertan sobre acidificaci\u00f3n oce\u00e1nica en la COP30"},"content":{"rendered":"<p><span style=\"font-weight: 400;\">La acidificaci\u00f3n del oc\u00e9ano, un proceso silencioso impulsado por el incremento gradual de di\u00f3xido de carbono (CO\u2082) en la atm\u00f3sfera y su absorci\u00f3n por parte del oc\u00e9ano, modifica la qu\u00edmica del agua de mar, y amenaza la salud del mar y el sustento de millones de personas en Am\u00e9rica Latina y el Caribe. En respuesta, un grupo de cient\u00edficos y centros de investigaci\u00f3n regionales entregar\u00e1 hoy martes 18 de noviembre, y en el marco de la COP30 realizada en Brasil, un informe clave que busca traducir la evidencia cient\u00edfica en acci\u00f3n pol\u00edtica.<\/span><\/p>\n<p><span style=\"font-weight: 400;\">El documento, titulado \u201c<\/span><a href=\"https:\/\/www.oaalliance.org\/programmes\/latin-america-and-the-caribbean\"><span style=\"font-weight: 400;\">Taking Action on Ocean Acidification in Latin America &amp; the Caribbean: Science to Policy Leadership\u201d<\/span><\/a><span style=\"font-weight: 400;\">, ser\u00e1 presentado en el side event \u201cAcidificaci\u00f3n del Oc\u00e9ano en Am\u00e9rica Latina y el Caribe: Ciencia, Pol\u00edticas y Soluciones de Financiamiento\u201d, en el Pabell\u00f3n de Cuba. El texto,\u00a0 respaldado por instituciones chilenas como el Instituto Milenio SECOS, el Laboratorio de ecosistemas Costeros y Cambio Ambiental Global (ECCALab) de la Universidad de Concepci\u00f3n, el Centro de Estudios Avanzados en Zonas \u00c1ridas (CEAZA) y el Instituto de Fomento Pesquero (IFOP), ofrece una hoja de ruta concreta para que los gobiernos integren la acidificaci\u00f3n en sus pol\u00edticas oce\u00e1nicas y clim\u00e1ticas, articulando monitoreo, financiamiento e implementaci\u00f3n de soluciones.<\/span><\/p>\n<p><span style=\"font-weight: 400;\">\u201cLa colaboraci\u00f3n cient\u00edfica internacional entre pa\u00edses latinoamericanos permite nivelar capacidades, estandarizar protocolos y fomentar el desarrollo de capital humano en la regi\u00f3n\u201d, destaca V\u00edctor Aguilera, investigador de CEAZA y uno de los firmantes del documento. Y a\u00f1ade que \u201ceste trabajo ofrece a los tomadores de decisi\u00f3n herramientas y estrategias concretas para cumplir acuerdos e implementar mecanismos de sostenibilidad en el \u00e1mbito socio-ecol\u00f3gico costero\u201d.<\/span><\/p>\n<h3><b>La crisis qu\u00edmica del oc\u00e9ano y su impacto econ\u00f3mico<\/b><\/h3>\n<p><span style=\"font-weight: 400;\">La acidificaci\u00f3n del oc\u00e9ano se produce cuando el oc\u00e9ano absorbe CO\u2082 proveniente de la quema de combustibles f\u00f3siles, alterando su qu\u00edmica natural. Este cambio reduce el pH del agua y el contenido de carbonatos, incrementa su contenido de CO<\/span><span style=\"font-weight: 400;\">2<\/span><span style=\"font-weight: 400;\"> y afecta a especies que forman conchas o esqueletos de carbonato de calcio, como moluscos, crust\u00e1ceos y corales, esenciales para la biodiversidad y las econom\u00edas costeras.<\/span><\/p>\n<p><span style=\"font-weight: 400;\">A este fen\u00f3meno global se suman otros agentes qu\u00edmicos locales, como la contaminaci\u00f3n por nutrientes derivados de la agricultura y aguas residuales, que intensifican un proceso que ocurre en forma paralela, la \u2018acidificaci\u00f3n costera\u2019, nombrada as\u00ed, para diferenciarla de aquel proceso que ocurre a escala global Seg\u00fan el informe, la regi\u00f3n latinoamericana, con m\u00e1s de 30.000 millas de costa y una producci\u00f3n de 17,7 millones de toneladas de productos pesqueros y acu\u00edcolas en 2022 (8% del total mundial), enfrenta un desaf\u00edo que podr\u00eda socavar una base econ\u00f3mica clave para la seguridad alimentaria y el empleo costero.<\/span><\/p>\n<p><span style=\"font-weight: 400;\">\u201cEn Chile a\u00fan carecemos de series de tiempo largas para confirmar tendencias, pero las observaciones disponibles ya muestran se\u00f1ales preocupantes\u201d, advierte Cristian Vargas, investigador del Instituto Milenio SECOS, acad\u00e9mico y director de ECCALab en la Facultad de Ciencias Ambientales de la Universidad de Concepci\u00f3n. \u201cEn la Patagonia norte, una boya oceanogr\u00e1fica ha registrado descensos del pH de algunas d\u00e9cimas en s\u00f3lo seis a\u00f1os, un cambio significativo en tan corto per\u00edodo. Si se confirma, esto tendr\u00eda implicancias directas para la acuicultura, al afectar la capacidad de moluscos y crust\u00e1ceos para formar sus conchas y estructuras, aumentando su vulnerabilidad en etapas tempranas de la vida\u201d, menciona Vargas.<\/span><\/p>\n<h3><b>Tres pilares para la acci\u00f3n: monitoreo, pol\u00edticas y financiamiento<\/b><\/h3>\n<p><span style=\"font-weight: 400;\">El documento transita desde la alerta cient\u00edfica hacia la acci\u00f3n concreta, bas\u00e1ndose en tres pilares fundamentales del documento. El primero es el fortalecimiento del monitoreo regional. \u201cLas brechas tecnol\u00f3gicas y de infraestructura tienen un componente de costo y otro de marco temporal\u201d, explica V\u00edctor Aguilera. Y agrega que \u201cla detecci\u00f3n de la acidificaci\u00f3n requiere series de tiempo de largo aliento, de a\u00f1os. Hasta ahora, los monitoreos en Latinoam\u00e9rica se han sustentado en proyectos cient\u00edficos de 3 a 5 a\u00f1os. Es vital la participaci\u00f3n directa de los estados\u201d.<\/span><\/p>\n<p><span style=\"font-weight: 400;\">El segundo pilar son las recomendaciones de pol\u00edtica espec\u00edficas, que detallan c\u00f3mo alinear las estrategias de manejo oce\u00e1nico, desde los Planes Oce\u00e1nicos Sostenibles hasta las \u00c1reas Marinas Protegidas, con la respuesta a la acidificaci\u00f3n. Y por \u00faltimo, el tercer pilar explora mecanismos financieros innovadores para apoyar la implementaci\u00f3n de soluciones y facilitar la adaptaci\u00f3n de las comunidades costeras.<\/span><\/p>\n<h3><b>Un llamado a la gobernanza colaborativa<\/b><\/h3>\n<p><span style=\"font-weight: 400;\">El documento insta a gobiernos, ministerios de hacienda, ONG y socios financieros a movilizarse en varios frentes. Las acciones clave incluyen reducir las emisiones de carbono y la contaminaci\u00f3n costera, e invertir en programas de monitoreo a largo plazo para emitir alertas tempranas a las comunidades pesqueras y acu\u00edcolas.<\/span><\/p>\n<p><span style=\"font-weight: 400;\">\u201cLa ciencia puede y debe actuar como un puente entre el conocimiento t\u00e9cnico y la acci\u00f3n local\u201d, afirma Cristian Vargas. \u201cInvolucrar a las comunidades costeras en el monitoreo y la comunicaci\u00f3n de resultados genera confianza y promueve la corresponsabilidad. Cuando la informaci\u00f3n cient\u00edfica se traduce en herramientas pr\u00e1cticas, como sistemas de alerta temprana, las comunidades pueden participar activamente en la toma de decisiones. Este enfoque convierte a la ciencia en un motor de transformaci\u00f3n social y ambiental\u201d, finaliza Vargas.<\/span><\/p>\n<p><span style=\"font-weight: 400;\">El informe tambi\u00e9n subraya la necesidad de integrar la variable de la acidificaci\u00f3n oce\u00e1nica de forma transversal en todas las pol\u00edticas clim\u00e1ticas y de biodiversidad, proteger los ecosistemas de carbono azul (como manglares y pastos marinos) que act\u00faan como amortiguadores naturales, y fomentar la cooperaci\u00f3n regional para construir una capacidad adaptativa colectiva.<\/span><\/p>\n<p><span style=\"font-weight: 400;\">La entrega de este documento en la COP30 busca posicionar a la acidificaci\u00f3n oce\u00e1nica como una prioridad ineludible en la agenda clim\u00e1tica regional, transformando el liderazgo cient\u00edfico en una acci\u00f3n pol\u00edtica concreta que salvaguarde el futuro del oc\u00e9ano y de millones de personas que dependen de \u00e9l.<\/span><\/p>\n","protected":false},"excerpt":{"rendered":"<p>Un documento respaldado por el Instituto Milenio SECOS, el centro CEAZA y otras instituciones de la Alianza para la Acidificaci\u00f3n Oce\u00e1nica urgen a los gobiernos de Am\u00e9rica Latina y el Caribe a adoptar pol\u00edticas basadas en ciencia, fortalecer el monitoreo y movilizar financiamiento para enfrentar una de las mayores amenazas silenciosas del cambio clim\u00e1tico.<\/p>\n","protected":false},"author":10,"featured_media":82867,"comment_status":"closed","ping_status":"closed","sticky":false,"template":"","format":"standard","meta":{"footnotes":""},"categories":[63],"tags":[21386,1261,143,748,10304,132,122,2907,8481,15020,197,1342],"class_list":["post-82866","post","type-post","status-publish","format-standard","has-post-thumbnail","hentry","category-ciencia","tag-acidificacion-oceanica","tag-acuicola","tag-acuicultura","tag-ceaza","tag-centro-de-estudios-avanzados-en-zonas-aridas","tag-ifop","tag-industria-acuicola","tag-industria-salmonera","tag-instituto-de-fomento-pesquero","tag-instituto-milenio-secos","tag-salmonicultura","tag-universidad-de-concepcion"],"yoast_head":"<!-- This site is optimized with the Yoast SEO plugin v27.5 - https:\/\/yoast.com\/product\/yoast-seo-wordpress\/ -->\n<title>Cient\u00edficos latinoamericanos alertan sobre acidificaci\u00f3n oce\u00e1nica en la COP30 - Mundoacuicola<\/title>\n<meta name=\"description\" content=\"Cient\u00edficos urgen a los gobiernos de Am\u00e9rica Latina y el Caribe a enfrentar una de las mayores amenazas silenciosas del cambio clim\u00e1tico.\" \/>\n<meta name=\"robots\" content=\"index, follow, max-snippet:-1, max-image-preview:large, max-video-preview:-1\" \/>\n<link rel=\"canonical\" href=\"https:\/\/www.mundoacuicola.cl\/new\/cientificos-latinoamericanos-alertan-sobre-acidificacion-oceanica-en-la-cop30\/\" \/>\n<meta property=\"og:locale\" content=\"es_ES\" \/>\n<meta property=\"og:type\" content=\"article\" \/>\n<meta property=\"og:title\" content=\"Cient\u00edficos latinoamericanos alertan sobre acidificaci\u00f3n oce\u00e1nica en la COP30 - Mundoacuicola\" \/>\n<meta property=\"og:description\" content=\"Cient\u00edficos urgen a los gobiernos de Am\u00e9rica Latina y el Caribe a enfrentar una de las mayores amenazas silenciosas del cambio clim\u00e1tico.\" \/>\n<meta property=\"og:url\" content=\"https:\/\/www.mundoacuicola.cl\/new\/cientificos-latinoamericanos-alertan-sobre-acidificacion-oceanica-en-la-cop30\/\" \/>\n<meta property=\"og:site_name\" content=\"Mundoacuicola\" \/>\n<meta property=\"article:publisher\" content=\"https:\/\/www.facebook.com\/mundo.acuicola\/\" \/>\n<meta property=\"article:published_time\" content=\"2025-11-18T16:37:07+00:00\" \/>\n<meta property=\"article:modified_time\" content=\"2025-11-19T23:06:04+00:00\" \/>\n<meta property=\"og:image\" content=\"https:\/\/www.mundoacuicola.cl\/new\/wp-content\/uploads\/2025\/11\/AcidificacionOceanica.jpg\" \/>\n\t<meta property=\"og:image:width\" content=\"750\" \/>\n\t<meta property=\"og:image:height\" content=\"400\" \/>\n\t<meta property=\"og:image:type\" content=\"image\/jpeg\" \/>\n<meta name=\"author\" content=\"mbarrueto\" \/>\n<meta name=\"twitter:card\" content=\"summary_large_image\" \/>\n<meta name=\"twitter:creator\" content=\"@mundoacuicola\" \/>\n<meta name=\"twitter:site\" content=\"@mundoacuicola\" \/>\n<meta name=\"twitter:label1\" content=\"Escrito por\" \/>\n\t<meta name=\"twitter:data1\" content=\"mbarrueto\" \/>\n\t<meta name=\"twitter:label2\" content=\"Tiempo de lectura\" \/>\n\t<meta name=\"twitter:data2\" content=\"5 minutos\" \/>\n<script type=\"application\/ld+json\" class=\"yoast-schema-graph\">{\"@context\":\"https:\\\/\\\/schema.org\",\"@graph\":[{\"@type\":\"Article\",\"@id\":\"https:\\\/\\\/www.mundoacuicola.cl\\\/new\\\/cientificos-latinoamericanos-alertan-sobre-acidificacion-oceanica-en-la-cop30\\\/#article\",\"isPartOf\":{\"@id\":\"https:\\\/\\\/www.mundoacuicola.cl\\\/new\\\/cientificos-latinoamericanos-alertan-sobre-acidificacion-oceanica-en-la-cop30\\\/\"},\"author\":{\"name\":\"mbarrueto\",\"@id\":\"https:\\\/\\\/www.mundoacuicola.cl\\\/new\\\/#\\\/schema\\\/person\\\/c00ffe389abb88bd9254653add139315\"},\"headline\":\"Cient\u00edficos latinoamericanos alertan sobre acidificaci\u00f3n oce\u00e1nica en la COP30\",\"datePublished\":\"2025-11-18T16:37:07+00:00\",\"dateModified\":\"2025-11-19T23:06:04+00:00\",\"mainEntityOfPage\":{\"@id\":\"https:\\\/\\\/www.mundoacuicola.cl\\\/new\\\/cientificos-latinoamericanos-alertan-sobre-acidificacion-oceanica-en-la-cop30\\\/\"},\"wordCount\":1044,\"publisher\":{\"@id\":\"https:\\\/\\\/www.mundoacuicola.cl\\\/new\\\/#organization\"},\"image\":{\"@id\":\"https:\\\/\\\/www.mundoacuicola.cl\\\/new\\\/cientificos-latinoamericanos-alertan-sobre-acidificacion-oceanica-en-la-cop30\\\/#primaryimage\"},\"thumbnailUrl\":\"https:\\\/\\\/www.mundoacuicola.cl\\\/new\\\/wp-content\\\/uploads\\\/2025\\\/11\\\/AcidificacionOceanica.jpg\",\"keywords\":[\"acidificaci\u00f3n oce\u00e1nica\",\"Acu\u00edcola\",\"Acuicultura\",\"Ceaza\",\"Centro de Estudios Avanzados en Zonas \u00c1ridas\",\"IFOP\",\"Industria Acu\u00edcola\",\"Industria salmonera\",\"Instituto de Fomento Pesquero\",\"Instituto Milenio SECOS\",\"salmonicultura\",\"Universidad de Concepci\u00f3n\"],\"articleSection\":[\"Ciencia\"],\"inLanguage\":\"es\"},{\"@type\":\"WebPage\",\"@id\":\"https:\\\/\\\/www.mundoacuicola.cl\\\/new\\\/cientificos-latinoamericanos-alertan-sobre-acidificacion-oceanica-en-la-cop30\\\/\",\"url\":\"https:\\\/\\\/www.mundoacuicola.cl\\\/new\\\/cientificos-latinoamericanos-alertan-sobre-acidificacion-oceanica-en-la-cop30\\\/\",\"name\":\"Cient\u00edficos latinoamericanos alertan sobre acidificaci\u00f3n oce\u00e1nica en la COP30 - Mundoacuicola\",\"isPartOf\":{\"@id\":\"https:\\\/\\\/www.mundoacuicola.cl\\\/new\\\/#website\"},\"primaryImageOfPage\":{\"@id\":\"https:\\\/\\\/www.mundoacuicola.cl\\\/new\\\/cientificos-latinoamericanos-alertan-sobre-acidificacion-oceanica-en-la-cop30\\\/#primaryimage\"},\"image\":{\"@id\":\"https:\\\/\\\/www.mundoacuicola.cl\\\/new\\\/cientificos-latinoamericanos-alertan-sobre-acidificacion-oceanica-en-la-cop30\\\/#primaryimage\"},\"thumbnailUrl\":\"https:\\\/\\\/www.mundoacuicola.cl\\\/new\\\/wp-content\\\/uploads\\\/2025\\\/11\\\/AcidificacionOceanica.jpg\",\"datePublished\":\"2025-11-18T16:37:07+00:00\",\"dateModified\":\"2025-11-19T23:06:04+00:00\",\"description\":\"Cient\u00edficos urgen a los gobiernos de Am\u00e9rica Latina y el Caribe a enfrentar una de las mayores amenazas silenciosas del cambio clim\u00e1tico.\",\"breadcrumb\":{\"@id\":\"https:\\\/\\\/www.mundoacuicola.cl\\\/new\\\/cientificos-latinoamericanos-alertan-sobre-acidificacion-oceanica-en-la-cop30\\\/#breadcrumb\"},\"inLanguage\":\"es\",\"potentialAction\":[{\"@type\":\"ReadAction\",\"target\":[\"https:\\\/\\\/www.mundoacuicola.cl\\\/new\\\/cientificos-latinoamericanos-alertan-sobre-acidificacion-oceanica-en-la-cop30\\\/\"]}]},{\"@type\":\"ImageObject\",\"inLanguage\":\"es\",\"@id\":\"https:\\\/\\\/www.mundoacuicola.cl\\\/new\\\/cientificos-latinoamericanos-alertan-sobre-acidificacion-oceanica-en-la-cop30\\\/#primaryimage\",\"url\":\"https:\\\/\\\/www.mundoacuicola.cl\\\/new\\\/wp-content\\\/uploads\\\/2025\\\/11\\\/AcidificacionOceanica.jpg\",\"contentUrl\":\"https:\\\/\\\/www.mundoacuicola.cl\\\/new\\\/wp-content\\\/uploads\\\/2025\\\/11\\\/AcidificacionOceanica.jpg\",\"width\":750,\"height\":400},{\"@type\":\"BreadcrumbList\",\"@id\":\"https:\\\/\\\/www.mundoacuicola.cl\\\/new\\\/cientificos-latinoamericanos-alertan-sobre-acidificacion-oceanica-en-la-cop30\\\/#breadcrumb\",\"itemListElement\":[{\"@type\":\"ListItem\",\"position\":1,\"name\":\"Portada\",\"item\":\"https:\\\/\\\/www.mundoacuicola.cl\\\/new\\\/\"},{\"@type\":\"ListItem\",\"position\":2,\"name\":\"Cient\u00edficos latinoamericanos alertan sobre acidificaci\u00f3n oce\u00e1nica en la COP30\"}]},{\"@type\":\"WebSite\",\"@id\":\"https:\\\/\\\/www.mundoacuicola.cl\\\/new\\\/#website\",\"url\":\"https:\\\/\\\/www.mundoacuicola.cl\\\/new\\\/\",\"name\":\"Mundoacuicola\",\"description\":\"Revista de Acuicultura.\",\"publisher\":{\"@id\":\"https:\\\/\\\/www.mundoacuicola.cl\\\/new\\\/#organization\"},\"potentialAction\":[{\"@type\":\"SearchAction\",\"target\":{\"@type\":\"EntryPoint\",\"urlTemplate\":\"https:\\\/\\\/www.mundoacuicola.cl\\\/new\\\/?s={search_term_string}\"},\"query-input\":{\"@type\":\"PropertyValueSpecification\",\"valueRequired\":true,\"valueName\":\"search_term_string\"}}],\"inLanguage\":\"es\"},{\"@type\":\"Organization\",\"@id\":\"https:\\\/\\\/www.mundoacuicola.cl\\\/new\\\/#organization\",\"name\":\"Mundoacuicola\",\"url\":\"https:\\\/\\\/www.mundoacuicola.cl\\\/new\\\/\",\"logo\":{\"@type\":\"ImageObject\",\"inLanguage\":\"es\",\"@id\":\"https:\\\/\\\/www.mundoacuicola.cl\\\/new\\\/#\\\/schema\\\/logo\\\/image\\\/\",\"url\":\"https:\\\/\\\/www.mundoacuicola.cl\\\/new\\\/wp-content\\\/uploads\\\/2026\\\/01\\\/cropped-LOGO-Mundo-Acuicola-2026.png\",\"contentUrl\":\"https:\\\/\\\/www.mundoacuicola.cl\\\/new\\\/wp-content\\\/uploads\\\/2026\\\/01\\\/cropped-LOGO-Mundo-Acuicola-2026.png\",\"width\":1252,\"height\":296,\"caption\":\"Mundoacuicola\"},\"image\":{\"@id\":\"https:\\\/\\\/www.mundoacuicola.cl\\\/new\\\/#\\\/schema\\\/logo\\\/image\\\/\"},\"sameAs\":[\"https:\\\/\\\/www.facebook.com\\\/mundo.acuicola\\\/\",\"https:\\\/\\\/x.com\\\/mundoacuicola\",\"https:\\\/\\\/www.linkedin.com\\\/in\\\/mundo-acuicola\"]},{\"@type\":\"Person\",\"@id\":\"https:\\\/\\\/www.mundoacuicola.cl\\\/new\\\/#\\\/schema\\\/person\\\/c00ffe389abb88bd9254653add139315\",\"name\":\"mbarrueto\",\"url\":\"https:\\\/\\\/www.mundoacuicola.cl\\\/new\\\/author\\\/mbarrueto\\\/\"}]}<\/script>\n<!-- \/ Yoast SEO plugin. -->","yoast_head_json":{"title":"Cient\u00edficos latinoamericanos alertan sobre acidificaci\u00f3n oce\u00e1nica en la COP30 - Mundoacuicola","description":"Cient\u00edficos urgen a los gobiernos de Am\u00e9rica Latina y el Caribe a enfrentar una de las mayores amenazas silenciosas del cambio clim\u00e1tico.","robots":{"index":"index","follow":"follow","max-snippet":"max-snippet:-1","max-image-preview":"max-image-preview:large","max-video-preview":"max-video-preview:-1"},"canonical":"https:\/\/www.mundoacuicola.cl\/new\/cientificos-latinoamericanos-alertan-sobre-acidificacion-oceanica-en-la-cop30\/","og_locale":"es_ES","og_type":"article","og_title":"Cient\u00edficos latinoamericanos alertan sobre acidificaci\u00f3n oce\u00e1nica en la COP30 - Mundoacuicola","og_description":"Cient\u00edficos urgen a los gobiernos de Am\u00e9rica Latina y el Caribe a enfrentar una de las mayores amenazas silenciosas del cambio clim\u00e1tico.","og_url":"https:\/\/www.mundoacuicola.cl\/new\/cientificos-latinoamericanos-alertan-sobre-acidificacion-oceanica-en-la-cop30\/","og_site_name":"Mundoacuicola","article_publisher":"https:\/\/www.facebook.com\/mundo.acuicola\/","article_published_time":"2025-11-18T16:37:07+00:00","article_modified_time":"2025-11-19T23:06:04+00:00","og_image":[{"width":750,"height":400,"url":"https:\/\/www.mundoacuicola.cl\/new\/wp-content\/uploads\/2025\/11\/AcidificacionOceanica.jpg","type":"image\/jpeg"}],"author":"mbarrueto","twitter_card":"summary_large_image","twitter_creator":"@mundoacuicola","twitter_site":"@mundoacuicola","twitter_misc":{"Escrito por":"mbarrueto","Tiempo de lectura":"5 minutos"},"schema":{"@context":"https:\/\/schema.org","@graph":[{"@type":"Article","@id":"https:\/\/www.mundoacuicola.cl\/new\/cientificos-latinoamericanos-alertan-sobre-acidificacion-oceanica-en-la-cop30\/#article","isPartOf":{"@id":"https:\/\/www.mundoacuicola.cl\/new\/cientificos-latinoamericanos-alertan-sobre-acidificacion-oceanica-en-la-cop30\/"},"author":{"name":"mbarrueto","@id":"https:\/\/www.mundoacuicola.cl\/new\/#\/schema\/person\/c00ffe389abb88bd9254653add139315"},"headline":"Cient\u00edficos latinoamericanos alertan sobre acidificaci\u00f3n oce\u00e1nica en la COP30","datePublished":"2025-11-18T16:37:07+00:00","dateModified":"2025-11-19T23:06:04+00:00","mainEntityOfPage":{"@id":"https:\/\/www.mundoacuicola.cl\/new\/cientificos-latinoamericanos-alertan-sobre-acidificacion-oceanica-en-la-cop30\/"},"wordCount":1044,"publisher":{"@id":"https:\/\/www.mundoacuicola.cl\/new\/#organization"},"image":{"@id":"https:\/\/www.mundoacuicola.cl\/new\/cientificos-latinoamericanos-alertan-sobre-acidificacion-oceanica-en-la-cop30\/#primaryimage"},"thumbnailUrl":"https:\/\/www.mundoacuicola.cl\/new\/wp-content\/uploads\/2025\/11\/AcidificacionOceanica.jpg","keywords":["acidificaci\u00f3n oce\u00e1nica","Acu\u00edcola","Acuicultura","Ceaza","Centro de Estudios Avanzados en Zonas \u00c1ridas","IFOP","Industria Acu\u00edcola","Industria salmonera","Instituto de Fomento Pesquero","Instituto Milenio SECOS","salmonicultura","Universidad de Concepci\u00f3n"],"articleSection":["Ciencia"],"inLanguage":"es"},{"@type":"WebPage","@id":"https:\/\/www.mundoacuicola.cl\/new\/cientificos-latinoamericanos-alertan-sobre-acidificacion-oceanica-en-la-cop30\/","url":"https:\/\/www.mundoacuicola.cl\/new\/cientificos-latinoamericanos-alertan-sobre-acidificacion-oceanica-en-la-cop30\/","name":"Cient\u00edficos latinoamericanos alertan sobre acidificaci\u00f3n oce\u00e1nica en la COP30 - Mundoacuicola","isPartOf":{"@id":"https:\/\/www.mundoacuicola.cl\/new\/#website"},"primaryImageOfPage":{"@id":"https:\/\/www.mundoacuicola.cl\/new\/cientificos-latinoamericanos-alertan-sobre-acidificacion-oceanica-en-la-cop30\/#primaryimage"},"image":{"@id":"https:\/\/www.mundoacuicola.cl\/new\/cientificos-latinoamericanos-alertan-sobre-acidificacion-oceanica-en-la-cop30\/#primaryimage"},"thumbnailUrl":"https:\/\/www.mundoacuicola.cl\/new\/wp-content\/uploads\/2025\/11\/AcidificacionOceanica.jpg","datePublished":"2025-11-18T16:37:07+00:00","dateModified":"2025-11-19T23:06:04+00:00","description":"Cient\u00edficos urgen a los gobiernos de Am\u00e9rica Latina y el Caribe a enfrentar una de las mayores amenazas silenciosas del cambio clim\u00e1tico.","breadcrumb":{"@id":"https:\/\/www.mundoacuicola.cl\/new\/cientificos-latinoamericanos-alertan-sobre-acidificacion-oceanica-en-la-cop30\/#breadcrumb"},"inLanguage":"es","potentialAction":[{"@type":"ReadAction","target":["https:\/\/www.mundoacuicola.cl\/new\/cientificos-latinoamericanos-alertan-sobre-acidificacion-oceanica-en-la-cop30\/"]}]},{"@type":"ImageObject","inLanguage":"es","@id":"https:\/\/www.mundoacuicola.cl\/new\/cientificos-latinoamericanos-alertan-sobre-acidificacion-oceanica-en-la-cop30\/#primaryimage","url":"https:\/\/www.mundoacuicola.cl\/new\/wp-content\/uploads\/2025\/11\/AcidificacionOceanica.jpg","contentUrl":"https:\/\/www.mundoacuicola.cl\/new\/wp-content\/uploads\/2025\/11\/AcidificacionOceanica.jpg","width":750,"height":400},{"@type":"BreadcrumbList","@id":"https:\/\/www.mundoacuicola.cl\/new\/cientificos-latinoamericanos-alertan-sobre-acidificacion-oceanica-en-la-cop30\/#breadcrumb","itemListElement":[{"@type":"ListItem","position":1,"name":"Portada","item":"https:\/\/www.mundoacuicola.cl\/new\/"},{"@type":"ListItem","position":2,"name":"Cient\u00edficos latinoamericanos alertan sobre acidificaci\u00f3n oce\u00e1nica en la COP30"}]},{"@type":"WebSite","@id":"https:\/\/www.mundoacuicola.cl\/new\/#website","url":"https:\/\/www.mundoacuicola.cl\/new\/","name":"Mundoacuicola","description":"Revista de Acuicultura.","publisher":{"@id":"https:\/\/www.mundoacuicola.cl\/new\/#organization"},"potentialAction":[{"@type":"SearchAction","target":{"@type":"EntryPoint","urlTemplate":"https:\/\/www.mundoacuicola.cl\/new\/?s={search_term_string}"},"query-input":{"@type":"PropertyValueSpecification","valueRequired":true,"valueName":"search_term_string"}}],"inLanguage":"es"},{"@type":"Organization","@id":"https:\/\/www.mundoacuicola.cl\/new\/#organization","name":"Mundoacuicola","url":"https:\/\/www.mundoacuicola.cl\/new\/","logo":{"@type":"ImageObject","inLanguage":"es","@id":"https:\/\/www.mundoacuicola.cl\/new\/#\/schema\/logo\/image\/","url":"https:\/\/www.mundoacuicola.cl\/new\/wp-content\/uploads\/2026\/01\/cropped-LOGO-Mundo-Acuicola-2026.png","contentUrl":"https:\/\/www.mundoacuicola.cl\/new\/wp-content\/uploads\/2026\/01\/cropped-LOGO-Mundo-Acuicola-2026.png","width":1252,"height":296,"caption":"Mundoacuicola"},"image":{"@id":"https:\/\/www.mundoacuicola.cl\/new\/#\/schema\/logo\/image\/"},"sameAs":["https:\/\/www.facebook.com\/mundo.acuicola\/","https:\/\/x.com\/mundoacuicola","https:\/\/www.linkedin.com\/in\/mundo-acuicola"]},{"@type":"Person","@id":"https:\/\/www.mundoacuicola.cl\/new\/#\/schema\/person\/c00ffe389abb88bd9254653add139315","name":"mbarrueto","url":"https:\/\/www.mundoacuicola.cl\/new\/author\/mbarrueto\/"}]}},"_links":{"self":[{"href":"https:\/\/www.mundoacuicola.cl\/new\/wp-json\/wp\/v2\/posts\/82866","targetHints":{"allow":["GET"]}}],"collection":[{"href":"https:\/\/www.mundoacuicola.cl\/new\/wp-json\/wp\/v2\/posts"}],"about":[{"href":"https:\/\/www.mundoacuicola.cl\/new\/wp-json\/wp\/v2\/types\/post"}],"author":[{"embeddable":true,"href":"https:\/\/www.mundoacuicola.cl\/new\/wp-json\/wp\/v2\/users\/10"}],"replies":[{"embeddable":true,"href":"https:\/\/www.mundoacuicola.cl\/new\/wp-json\/wp\/v2\/comments?post=82866"}],"version-history":[{"count":0,"href":"https:\/\/www.mundoacuicola.cl\/new\/wp-json\/wp\/v2\/posts\/82866\/revisions"}],"wp:featuredmedia":[{"embeddable":true,"href":"https:\/\/www.mundoacuicola.cl\/new\/wp-json\/wp\/v2\/media\/82867"}],"wp:attachment":[{"href":"https:\/\/www.mundoacuicola.cl\/new\/wp-json\/wp\/v2\/media?parent=82866"}],"wp:term":[{"taxonomy":"category","embeddable":true,"href":"https:\/\/www.mundoacuicola.cl\/new\/wp-json\/wp\/v2\/categories?post=82866"},{"taxonomy":"post_tag","embeddable":true,"href":"https:\/\/www.mundoacuicola.cl\/new\/wp-json\/wp\/v2\/tags?post=82866"}],"curies":[{"name":"wp","href":"https:\/\/api.w.org\/{rel}","templated":true}]}}