{"id":82972,"date":"2025-11-20T00:00:13","date_gmt":"2025-11-20T04:00:13","guid":{"rendered":"https:\/\/www.mundoacuicola.cl\/new\/?p=82972"},"modified":"2025-11-24T07:17:38","modified_gmt":"2025-11-24T11:17:38","slug":"advierten-que-chile-arriesga-quedar-atras-si-no-avanza-en-regular-la-edicion-genetica","status":"publish","type":"post","link":"https:\/\/www.mundoacuicola.cl\/new\/advierten-que-chile-arriesga-quedar-atras-si-no-avanza-en-regular-la-edicion-genetica\/","title":{"rendered":"Advierten que Chile arriesga quedar atr\u00e1s si no avanza en regular la edici\u00f3n gen\u00e9tica"},"content":{"rendered":"<p data-start=\"332\" data-end=\"865\">El Primer Encuentro Internacional sobre Edici\u00f3n de Genomas en Acuicultura, organizado por la iniciativa EDIGEN y realizado en Puerto Varas, reuni\u00f3 a especialistas de distintos pa\u00edses para discutir el estado global de la edici\u00f3n gen\u00e9tica y sus implicancias para la regulaci\u00f3n y el desarrollo productivo. En ese contexto, la destacada acad\u00e9mica estadounidense Alison Van Eenennaam, profesora de la Universidad de California, Davis, analiz\u00f3 la situaci\u00f3n regulatoria internacional y las oportunidades que se abren para pa\u00edses como Chile.<\/p>\n<p data-start=\"867\" data-end=\"1427\">Van Eenennaam explic\u00f3 que gran parte del debate actual se relaciona con la clasificaci\u00f3n de los animales editados durante los procesos regulatorios. \u201cMi presentaci\u00f3n abord\u00f3 el uso de la edici\u00f3n del genoma en especies agr\u00edcolas y c\u00f3mo regular estos productos. La edici\u00f3n del genoma suele hacer una alteraci\u00f3n dirigida sin introducir ADN for\u00e1neo, por lo que tratarlos como \u2018GMO\u2019 no tiene sentido porque no hay ADN novedoso\u201d. Agreg\u00f3 que estas modificaciones son comparables a mutaciones que pueden surgir de manera espont\u00e1nea o mediante mejoramiento convencional.<\/p>\n<p data-start=\"1429\" data-end=\"1977\">La investigadora destac\u00f3 que los pa\u00edses de Am\u00e9rica Latina han sido pioneros en adoptar marcos regulatorios que distinguen entre organismos transg\u00e9nicos y animales editados sin ADN ex\u00f3geno. \u201cMuchos pa\u00edses, liderados por Am\u00e9rica Latina y espec\u00edficamente Argentina, han dicho que si no hay ADN for\u00e1neo en un animal, no ser\u00e1 tratado de manera distinta al mejoramiento convencional. Ese enfoque ya ha sido adoptado por diversas naciones y abre espacio para que instituciones acad\u00e9micas y empresas locales desarrollen productos adaptados a sus mercados\u201d.<\/p>\n<h3 data-start=\"1429\" data-end=\"1977\"><strong>Sotenibilidad<\/strong><\/h3>\n<p data-start=\"1979\" data-end=\"2457\">Van Eenennaam sostuvo que este cambio regulatorio ha democratizado el acceso a la innovaci\u00f3n, permitiendo que pa\u00edses con recursos limitados tambi\u00e9n avancen en soluciones biotecnol\u00f3gicas. \u201cCuando un profesor en Jap\u00f3n puede producir peces editados y formar una peque\u00f1a empresa para comercializarlos en dos o tres a\u00f1os, se abren posibilidades reales. Ya no es un proceso multimillonario reservado solo para grandes corporaciones, como ocurr\u00eda con las regulaciones de transg\u00e9nicos\u201d.<\/p>\n<p data-start=\"2459\" data-end=\"2991\">Respecto del valor productivo de estas tecnolog\u00edas, la acad\u00e9mica enfatiz\u00f3 que la edici\u00f3n gen\u00e9tica puede replicar, de forma dirigida, variaciones naturales que tradicionalmente han sido seleccionadas por los criadores. \u201cEl mejoramiento tradicional ha producido diferencias enormes dentro de una misma especie, como entre un poodle y un chihuahua. La edici\u00f3n del genoma imita ese proceso, pero de forma precisa, permitiendo introducir una variante puntual que otorga resistencia a una enfermedad en un pez ya mejorado en crecimiento\u201d.<\/p>\n<p data-start=\"2993\" data-end=\"3346\">La especialista subray\u00f3 que la resistencia a enfermedades representa uno de los mayores beneficios potenciales para la sostenibilidad. \u201cSi se logra que un salm\u00f3n cultivado sea resistente a una enfermedad, es un triple beneficio: mejor para el productor, mejor para el animal y mejor para el medio ambiente. Un pez muerto no es productivo ni sostenible\u201d.<\/p>\n<h3 data-start=\"67\" data-end=\"88\"><strong data-start=\"67\" data-end=\"88\">Marco regulatorio<\/strong><\/h3>\n<p data-start=\"3348\" data-end=\"3825\">Consultada sobre las oportunidades para Chile si avanza oportunamente en esta discusi\u00f3n, Van Eenennaam advirti\u00f3 que la prohibici\u00f3n o restricci\u00f3n excesiva podr\u00eda generar desventajas competitivas. \u201cSi a Chile se le impide usar estos m\u00e9todos de mejoramiento mientras sus competidores s\u00ed pueden producir salmones resistentes, el pa\u00eds quedar\u00e1 en desventaja. Es importante que las regulaciones globales tengan criterios similares y que cada pa\u00eds siga el camino regulatorio adecuado\u201d.<\/p>\n<p data-start=\"3827\" data-end=\"4286\">Tambi\u00e9n subray\u00f3 los riesgos comerciales de mantener marcos regulatorios divergentes entre pa\u00edses exportadores e importadores. \u201cSi un pa\u00eds exportador no puede enviar sus productos porque el mercado de destino tiene una regulaci\u00f3n distinta, termina aplic\u00e1ndose una suerte de colonialismo regulatorio. Necesitamos normas sensatas, basadas en riesgo y criterios comunes, no enfoques excesivamente precaucionarios y costosos como los aplicados a los transg\u00e9nicos\u201d.<\/p>\n<p data-start=\"4288\" data-end=\"4882\">Sobre la urgencia de avanzar en estas definiciones, Van Eenennaam recalc\u00f3 que el rezago regulatorio puede implicar p\u00e9rdidas de oportunidad. \u201cHan pasado cuarenta a\u00f1os y solo existen dos productos animales gen\u00e9ticamente modificados aprobados en todo el mundo. Eso es una falla enorme y un costo de oportunidad: hay animales resistentes a enfermedades y que generan menos contaminaci\u00f3n que nunca pudieron llegar al mercado\u201d. A su juicio, adoptar criterios que distingan claramente entre transg\u00e9nicos y edici\u00f3n gen\u00e9tica permitir\u00e1 que innovaciones seguras puedan competir en igualdad de condiciones.<\/p>\n<p data-start=\"4884\" data-end=\"5189\">La investigadora valor\u00f3 la realizaci\u00f3n del encuentro organizado por EDIGEN y la participaci\u00f3n internacional lograda en Chile, destacando que estas discusiones fortalecen la mirada t\u00e9cnica, regulatoria y comercial necesaria para el desarrollo futuro de la acuicultura basada en biotecnolog\u00edas de precisi\u00f3n.<\/p>\n","protected":false},"excerpt":{"rendered":"<p>En el primer encuentro internacional de EDIGEN, la acad\u00e9mica Alison Van Eenennaam advirti\u00f3 que la falta de regulaci\u00f3n para edici\u00f3n gen\u00e9tica puede dejar a Chile rezagado frente a sus competidores.<\/p>\n","protected":false},"author":10,"featured_media":82973,"comment_status":"closed","ping_status":"closed","sticky":false,"template":"","format":"standard","meta":{"footnotes":""},"categories":[63],"tags":[1261,143,24523,26130,122,2907,197,9904],"class_list":["post-82972","post","type-post","status-publish","format-standard","has-post-thumbnail","hentry","category-ciencia","tag-acuicola","tag-acuicultura","tag-edicion-genetica","tag-edigen","tag-industria-acuicola","tag-industria-salmonera","tag-salmonicultura","tag-universidad-de-california"],"yoast_head":"<!-- This site is optimized with the Yoast SEO plugin v27.5 - https:\/\/yoast.com\/product\/yoast-seo-wordpress\/ -->\n<title>Advierten que Chile arriesga quedar atr\u00e1s si no avanza en regular la edici\u00f3n gen\u00e9tica - Mundoacuicola<\/title>\n<meta name=\"description\" content=\"Acad\u00e9mica advirti\u00f3 que la falta de regulaci\u00f3n para edici\u00f3n gen\u00e9tica puede dejar a Chile rezagado frente a sus competidores.\" \/>\n<meta name=\"robots\" content=\"index, follow, max-snippet:-1, max-image-preview:large, max-video-preview:-1\" \/>\n<link rel=\"canonical\" href=\"https:\/\/www.mundoacuicola.cl\/new\/advierten-que-chile-arriesga-quedar-atras-si-no-avanza-en-regular-la-edicion-genetica\/\" \/>\n<meta property=\"og:locale\" content=\"es_ES\" \/>\n<meta property=\"og:type\" content=\"article\" \/>\n<meta property=\"og:title\" content=\"Advierten que Chile arriesga quedar atr\u00e1s si no avanza en regular la edici\u00f3n gen\u00e9tica - Mundoacuicola\" \/>\n<meta property=\"og:description\" content=\"Acad\u00e9mica advirti\u00f3 que la falta de regulaci\u00f3n para edici\u00f3n gen\u00e9tica puede dejar a Chile rezagado frente a sus competidores.\" \/>\n<meta property=\"og:url\" content=\"https:\/\/www.mundoacuicola.cl\/new\/advierten-que-chile-arriesga-quedar-atras-si-no-avanza-en-regular-la-edicion-genetica\/\" \/>\n<meta property=\"og:site_name\" content=\"Mundoacuicola\" \/>\n<meta property=\"article:publisher\" content=\"https:\/\/www.facebook.com\/mundo.acuicola\/\" \/>\n<meta property=\"article:published_time\" content=\"2025-11-20T04:00:13+00:00\" \/>\n<meta property=\"article:modified_time\" content=\"2025-11-24T11:17:38+00:00\" \/>\n<meta property=\"og:image\" content=\"https:\/\/www.mundoacuicola.cl\/new\/wp-content\/uploads\/2025\/11\/EdicionGenetica.jpg\" \/>\n\t<meta property=\"og:image:width\" content=\"750\" \/>\n\t<meta property=\"og:image:height\" content=\"400\" \/>\n\t<meta property=\"og:image:type\" content=\"image\/jpeg\" \/>\n<meta name=\"author\" content=\"mbarrueto\" \/>\n<meta name=\"twitter:card\" content=\"summary_large_image\" \/>\n<meta name=\"twitter:creator\" content=\"@mundoacuicola\" \/>\n<meta name=\"twitter:site\" content=\"@mundoacuicola\" \/>\n<meta name=\"twitter:label1\" content=\"Escrito por\" \/>\n\t<meta name=\"twitter:data1\" content=\"mbarrueto\" \/>\n\t<meta name=\"twitter:label2\" content=\"Tiempo de lectura\" \/>\n\t<meta name=\"twitter:data2\" content=\"4 minutos\" \/>\n<script type=\"application\/ld+json\" class=\"yoast-schema-graph\">{\"@context\":\"https:\\\/\\\/schema.org\",\"@graph\":[{\"@type\":\"Article\",\"@id\":\"https:\\\/\\\/www.mundoacuicola.cl\\\/new\\\/advierten-que-chile-arriesga-quedar-atras-si-no-avanza-en-regular-la-edicion-genetica\\\/#article\",\"isPartOf\":{\"@id\":\"https:\\\/\\\/www.mundoacuicola.cl\\\/new\\\/advierten-que-chile-arriesga-quedar-atras-si-no-avanza-en-regular-la-edicion-genetica\\\/\"},\"author\":{\"name\":\"mbarrueto\",\"@id\":\"https:\\\/\\\/www.mundoacuicola.cl\\\/new\\\/#\\\/schema\\\/person\\\/c00ffe389abb88bd9254653add139315\"},\"headline\":\"Advierten que Chile arriesga quedar atr\u00e1s si no avanza en regular la edici\u00f3n gen\u00e9tica\",\"datePublished\":\"2025-11-20T04:00:13+00:00\",\"dateModified\":\"2025-11-24T11:17:38+00:00\",\"mainEntityOfPage\":{\"@id\":\"https:\\\/\\\/www.mundoacuicola.cl\\\/new\\\/advierten-que-chile-arriesga-quedar-atras-si-no-avanza-en-regular-la-edicion-genetica\\\/\"},\"wordCount\":785,\"publisher\":{\"@id\":\"https:\\\/\\\/www.mundoacuicola.cl\\\/new\\\/#organization\"},\"image\":{\"@id\":\"https:\\\/\\\/www.mundoacuicola.cl\\\/new\\\/advierten-que-chile-arriesga-quedar-atras-si-no-avanza-en-regular-la-edicion-genetica\\\/#primaryimage\"},\"thumbnailUrl\":\"https:\\\/\\\/www.mundoacuicola.cl\\\/new\\\/wp-content\\\/uploads\\\/2025\\\/11\\\/EdicionGenetica.jpg\",\"keywords\":[\"Acu\u00edcola\",\"Acuicultura\",\"edici\u00f3n gen\u00e9tica\",\"EDIGEN\",\"Industria Acu\u00edcola\",\"Industria salmonera\",\"salmonicultura\",\"Universidad de California\"],\"articleSection\":[\"Ciencia\"],\"inLanguage\":\"es\"},{\"@type\":\"WebPage\",\"@id\":\"https:\\\/\\\/www.mundoacuicola.cl\\\/new\\\/advierten-que-chile-arriesga-quedar-atras-si-no-avanza-en-regular-la-edicion-genetica\\\/\",\"url\":\"https:\\\/\\\/www.mundoacuicola.cl\\\/new\\\/advierten-que-chile-arriesga-quedar-atras-si-no-avanza-en-regular-la-edicion-genetica\\\/\",\"name\":\"Advierten que Chile arriesga quedar atr\u00e1s si no avanza en regular la edici\u00f3n gen\u00e9tica - Mundoacuicola\",\"isPartOf\":{\"@id\":\"https:\\\/\\\/www.mundoacuicola.cl\\\/new\\\/#website\"},\"primaryImageOfPage\":{\"@id\":\"https:\\\/\\\/www.mundoacuicola.cl\\\/new\\\/advierten-que-chile-arriesga-quedar-atras-si-no-avanza-en-regular-la-edicion-genetica\\\/#primaryimage\"},\"image\":{\"@id\":\"https:\\\/\\\/www.mundoacuicola.cl\\\/new\\\/advierten-que-chile-arriesga-quedar-atras-si-no-avanza-en-regular-la-edicion-genetica\\\/#primaryimage\"},\"thumbnailUrl\":\"https:\\\/\\\/www.mundoacuicola.cl\\\/new\\\/wp-content\\\/uploads\\\/2025\\\/11\\\/EdicionGenetica.jpg\",\"datePublished\":\"2025-11-20T04:00:13+00:00\",\"dateModified\":\"2025-11-24T11:17:38+00:00\",\"description\":\"Acad\u00e9mica advirti\u00f3 que la falta de regulaci\u00f3n para edici\u00f3n gen\u00e9tica puede dejar a Chile rezagado frente a sus competidores.\",\"breadcrumb\":{\"@id\":\"https:\\\/\\\/www.mundoacuicola.cl\\\/new\\\/advierten-que-chile-arriesga-quedar-atras-si-no-avanza-en-regular-la-edicion-genetica\\\/#breadcrumb\"},\"inLanguage\":\"es\",\"potentialAction\":[{\"@type\":\"ReadAction\",\"target\":[\"https:\\\/\\\/www.mundoacuicola.cl\\\/new\\\/advierten-que-chile-arriesga-quedar-atras-si-no-avanza-en-regular-la-edicion-genetica\\\/\"]}]},{\"@type\":\"ImageObject\",\"inLanguage\":\"es\",\"@id\":\"https:\\\/\\\/www.mundoacuicola.cl\\\/new\\\/advierten-que-chile-arriesga-quedar-atras-si-no-avanza-en-regular-la-edicion-genetica\\\/#primaryimage\",\"url\":\"https:\\\/\\\/www.mundoacuicola.cl\\\/new\\\/wp-content\\\/uploads\\\/2025\\\/11\\\/EdicionGenetica.jpg\",\"contentUrl\":\"https:\\\/\\\/www.mundoacuicola.cl\\\/new\\\/wp-content\\\/uploads\\\/2025\\\/11\\\/EdicionGenetica.jpg\",\"width\":750,\"height\":400},{\"@type\":\"BreadcrumbList\",\"@id\":\"https:\\\/\\\/www.mundoacuicola.cl\\\/new\\\/advierten-que-chile-arriesga-quedar-atras-si-no-avanza-en-regular-la-edicion-genetica\\\/#breadcrumb\",\"itemListElement\":[{\"@type\":\"ListItem\",\"position\":1,\"name\":\"Portada\",\"item\":\"https:\\\/\\\/www.mundoacuicola.cl\\\/new\\\/\"},{\"@type\":\"ListItem\",\"position\":2,\"name\":\"Advierten que Chile arriesga quedar atr\u00e1s si no avanza en regular la edici\u00f3n gen\u00e9tica\"}]},{\"@type\":\"WebSite\",\"@id\":\"https:\\\/\\\/www.mundoacuicola.cl\\\/new\\\/#website\",\"url\":\"https:\\\/\\\/www.mundoacuicola.cl\\\/new\\\/\",\"name\":\"Mundoacuicola\",\"description\":\"Revista de Acuicultura.\",\"publisher\":{\"@id\":\"https:\\\/\\\/www.mundoacuicola.cl\\\/new\\\/#organization\"},\"potentialAction\":[{\"@type\":\"SearchAction\",\"target\":{\"@type\":\"EntryPoint\",\"urlTemplate\":\"https:\\\/\\\/www.mundoacuicola.cl\\\/new\\\/?s={search_term_string}\"},\"query-input\":{\"@type\":\"PropertyValueSpecification\",\"valueRequired\":true,\"valueName\":\"search_term_string\"}}],\"inLanguage\":\"es\"},{\"@type\":\"Organization\",\"@id\":\"https:\\\/\\\/www.mundoacuicola.cl\\\/new\\\/#organization\",\"name\":\"Mundoacuicola\",\"url\":\"https:\\\/\\\/www.mundoacuicola.cl\\\/new\\\/\",\"logo\":{\"@type\":\"ImageObject\",\"inLanguage\":\"es\",\"@id\":\"https:\\\/\\\/www.mundoacuicola.cl\\\/new\\\/#\\\/schema\\\/logo\\\/image\\\/\",\"url\":\"https:\\\/\\\/www.mundoacuicola.cl\\\/new\\\/wp-content\\\/uploads\\\/2026\\\/01\\\/cropped-LOGO-Mundo-Acuicola-2026.png\",\"contentUrl\":\"https:\\\/\\\/www.mundoacuicola.cl\\\/new\\\/wp-content\\\/uploads\\\/2026\\\/01\\\/cropped-LOGO-Mundo-Acuicola-2026.png\",\"width\":1252,\"height\":296,\"caption\":\"Mundoacuicola\"},\"image\":{\"@id\":\"https:\\\/\\\/www.mundoacuicola.cl\\\/new\\\/#\\\/schema\\\/logo\\\/image\\\/\"},\"sameAs\":[\"https:\\\/\\\/www.facebook.com\\\/mundo.acuicola\\\/\",\"https:\\\/\\\/x.com\\\/mundoacuicola\",\"https:\\\/\\\/www.linkedin.com\\\/in\\\/mundo-acuicola\"]},{\"@type\":\"Person\",\"@id\":\"https:\\\/\\\/www.mundoacuicola.cl\\\/new\\\/#\\\/schema\\\/person\\\/c00ffe389abb88bd9254653add139315\",\"name\":\"mbarrueto\",\"url\":\"https:\\\/\\\/www.mundoacuicola.cl\\\/new\\\/author\\\/mbarrueto\\\/\"}]}<\/script>\n<!-- \/ Yoast SEO plugin. -->","yoast_head_json":{"title":"Advierten que Chile arriesga quedar atr\u00e1s si no avanza en regular la edici\u00f3n gen\u00e9tica - Mundoacuicola","description":"Acad\u00e9mica advirti\u00f3 que la falta de regulaci\u00f3n para edici\u00f3n gen\u00e9tica puede dejar a Chile rezagado frente a sus competidores.","robots":{"index":"index","follow":"follow","max-snippet":"max-snippet:-1","max-image-preview":"max-image-preview:large","max-video-preview":"max-video-preview:-1"},"canonical":"https:\/\/www.mundoacuicola.cl\/new\/advierten-que-chile-arriesga-quedar-atras-si-no-avanza-en-regular-la-edicion-genetica\/","og_locale":"es_ES","og_type":"article","og_title":"Advierten que Chile arriesga quedar atr\u00e1s si no avanza en regular la edici\u00f3n gen\u00e9tica - Mundoacuicola","og_description":"Acad\u00e9mica advirti\u00f3 que la falta de regulaci\u00f3n para edici\u00f3n gen\u00e9tica puede dejar a Chile rezagado frente a sus competidores.","og_url":"https:\/\/www.mundoacuicola.cl\/new\/advierten-que-chile-arriesga-quedar-atras-si-no-avanza-en-regular-la-edicion-genetica\/","og_site_name":"Mundoacuicola","article_publisher":"https:\/\/www.facebook.com\/mundo.acuicola\/","article_published_time":"2025-11-20T04:00:13+00:00","article_modified_time":"2025-11-24T11:17:38+00:00","og_image":[{"width":750,"height":400,"url":"https:\/\/www.mundoacuicola.cl\/new\/wp-content\/uploads\/2025\/11\/EdicionGenetica.jpg","type":"image\/jpeg"}],"author":"mbarrueto","twitter_card":"summary_large_image","twitter_creator":"@mundoacuicola","twitter_site":"@mundoacuicola","twitter_misc":{"Escrito por":"mbarrueto","Tiempo de lectura":"4 minutos"},"schema":{"@context":"https:\/\/schema.org","@graph":[{"@type":"Article","@id":"https:\/\/www.mundoacuicola.cl\/new\/advierten-que-chile-arriesga-quedar-atras-si-no-avanza-en-regular-la-edicion-genetica\/#article","isPartOf":{"@id":"https:\/\/www.mundoacuicola.cl\/new\/advierten-que-chile-arriesga-quedar-atras-si-no-avanza-en-regular-la-edicion-genetica\/"},"author":{"name":"mbarrueto","@id":"https:\/\/www.mundoacuicola.cl\/new\/#\/schema\/person\/c00ffe389abb88bd9254653add139315"},"headline":"Advierten que Chile arriesga quedar atr\u00e1s si no avanza en regular la edici\u00f3n gen\u00e9tica","datePublished":"2025-11-20T04:00:13+00:00","dateModified":"2025-11-24T11:17:38+00:00","mainEntityOfPage":{"@id":"https:\/\/www.mundoacuicola.cl\/new\/advierten-que-chile-arriesga-quedar-atras-si-no-avanza-en-regular-la-edicion-genetica\/"},"wordCount":785,"publisher":{"@id":"https:\/\/www.mundoacuicola.cl\/new\/#organization"},"image":{"@id":"https:\/\/www.mundoacuicola.cl\/new\/advierten-que-chile-arriesga-quedar-atras-si-no-avanza-en-regular-la-edicion-genetica\/#primaryimage"},"thumbnailUrl":"https:\/\/www.mundoacuicola.cl\/new\/wp-content\/uploads\/2025\/11\/EdicionGenetica.jpg","keywords":["Acu\u00edcola","Acuicultura","edici\u00f3n gen\u00e9tica","EDIGEN","Industria Acu\u00edcola","Industria salmonera","salmonicultura","Universidad de California"],"articleSection":["Ciencia"],"inLanguage":"es"},{"@type":"WebPage","@id":"https:\/\/www.mundoacuicola.cl\/new\/advierten-que-chile-arriesga-quedar-atras-si-no-avanza-en-regular-la-edicion-genetica\/","url":"https:\/\/www.mundoacuicola.cl\/new\/advierten-que-chile-arriesga-quedar-atras-si-no-avanza-en-regular-la-edicion-genetica\/","name":"Advierten que Chile arriesga quedar atr\u00e1s si no avanza en regular la edici\u00f3n gen\u00e9tica - Mundoacuicola","isPartOf":{"@id":"https:\/\/www.mundoacuicola.cl\/new\/#website"},"primaryImageOfPage":{"@id":"https:\/\/www.mundoacuicola.cl\/new\/advierten-que-chile-arriesga-quedar-atras-si-no-avanza-en-regular-la-edicion-genetica\/#primaryimage"},"image":{"@id":"https:\/\/www.mundoacuicola.cl\/new\/advierten-que-chile-arriesga-quedar-atras-si-no-avanza-en-regular-la-edicion-genetica\/#primaryimage"},"thumbnailUrl":"https:\/\/www.mundoacuicola.cl\/new\/wp-content\/uploads\/2025\/11\/EdicionGenetica.jpg","datePublished":"2025-11-20T04:00:13+00:00","dateModified":"2025-11-24T11:17:38+00:00","description":"Acad\u00e9mica advirti\u00f3 que la falta de regulaci\u00f3n para edici\u00f3n gen\u00e9tica puede dejar a Chile rezagado frente a sus competidores.","breadcrumb":{"@id":"https:\/\/www.mundoacuicola.cl\/new\/advierten-que-chile-arriesga-quedar-atras-si-no-avanza-en-regular-la-edicion-genetica\/#breadcrumb"},"inLanguage":"es","potentialAction":[{"@type":"ReadAction","target":["https:\/\/www.mundoacuicola.cl\/new\/advierten-que-chile-arriesga-quedar-atras-si-no-avanza-en-regular-la-edicion-genetica\/"]}]},{"@type":"ImageObject","inLanguage":"es","@id":"https:\/\/www.mundoacuicola.cl\/new\/advierten-que-chile-arriesga-quedar-atras-si-no-avanza-en-regular-la-edicion-genetica\/#primaryimage","url":"https:\/\/www.mundoacuicola.cl\/new\/wp-content\/uploads\/2025\/11\/EdicionGenetica.jpg","contentUrl":"https:\/\/www.mundoacuicola.cl\/new\/wp-content\/uploads\/2025\/11\/EdicionGenetica.jpg","width":750,"height":400},{"@type":"BreadcrumbList","@id":"https:\/\/www.mundoacuicola.cl\/new\/advierten-que-chile-arriesga-quedar-atras-si-no-avanza-en-regular-la-edicion-genetica\/#breadcrumb","itemListElement":[{"@type":"ListItem","position":1,"name":"Portada","item":"https:\/\/www.mundoacuicola.cl\/new\/"},{"@type":"ListItem","position":2,"name":"Advierten que Chile arriesga quedar atr\u00e1s si no avanza en regular la edici\u00f3n gen\u00e9tica"}]},{"@type":"WebSite","@id":"https:\/\/www.mundoacuicola.cl\/new\/#website","url":"https:\/\/www.mundoacuicola.cl\/new\/","name":"Mundoacuicola","description":"Revista de Acuicultura.","publisher":{"@id":"https:\/\/www.mundoacuicola.cl\/new\/#organization"},"potentialAction":[{"@type":"SearchAction","target":{"@type":"EntryPoint","urlTemplate":"https:\/\/www.mundoacuicola.cl\/new\/?s={search_term_string}"},"query-input":{"@type":"PropertyValueSpecification","valueRequired":true,"valueName":"search_term_string"}}],"inLanguage":"es"},{"@type":"Organization","@id":"https:\/\/www.mundoacuicola.cl\/new\/#organization","name":"Mundoacuicola","url":"https:\/\/www.mundoacuicola.cl\/new\/","logo":{"@type":"ImageObject","inLanguage":"es","@id":"https:\/\/www.mundoacuicola.cl\/new\/#\/schema\/logo\/image\/","url":"https:\/\/www.mundoacuicola.cl\/new\/wp-content\/uploads\/2026\/01\/cropped-LOGO-Mundo-Acuicola-2026.png","contentUrl":"https:\/\/www.mundoacuicola.cl\/new\/wp-content\/uploads\/2026\/01\/cropped-LOGO-Mundo-Acuicola-2026.png","width":1252,"height":296,"caption":"Mundoacuicola"},"image":{"@id":"https:\/\/www.mundoacuicola.cl\/new\/#\/schema\/logo\/image\/"},"sameAs":["https:\/\/www.facebook.com\/mundo.acuicola\/","https:\/\/x.com\/mundoacuicola","https:\/\/www.linkedin.com\/in\/mundo-acuicola"]},{"@type":"Person","@id":"https:\/\/www.mundoacuicola.cl\/new\/#\/schema\/person\/c00ffe389abb88bd9254653add139315","name":"mbarrueto","url":"https:\/\/www.mundoacuicola.cl\/new\/author\/mbarrueto\/"}]}},"_links":{"self":[{"href":"https:\/\/www.mundoacuicola.cl\/new\/wp-json\/wp\/v2\/posts\/82972","targetHints":{"allow":["GET"]}}],"collection":[{"href":"https:\/\/www.mundoacuicola.cl\/new\/wp-json\/wp\/v2\/posts"}],"about":[{"href":"https:\/\/www.mundoacuicola.cl\/new\/wp-json\/wp\/v2\/types\/post"}],"author":[{"embeddable":true,"href":"https:\/\/www.mundoacuicola.cl\/new\/wp-json\/wp\/v2\/users\/10"}],"replies":[{"embeddable":true,"href":"https:\/\/www.mundoacuicola.cl\/new\/wp-json\/wp\/v2\/comments?post=82972"}],"version-history":[{"count":0,"href":"https:\/\/www.mundoacuicola.cl\/new\/wp-json\/wp\/v2\/posts\/82972\/revisions"}],"wp:featuredmedia":[{"embeddable":true,"href":"https:\/\/www.mundoacuicola.cl\/new\/wp-json\/wp\/v2\/media\/82973"}],"wp:attachment":[{"href":"https:\/\/www.mundoacuicola.cl\/new\/wp-json\/wp\/v2\/media?parent=82972"}],"wp:term":[{"taxonomy":"category","embeddable":true,"href":"https:\/\/www.mundoacuicola.cl\/new\/wp-json\/wp\/v2\/categories?post=82972"},{"taxonomy":"post_tag","embeddable":true,"href":"https:\/\/www.mundoacuicola.cl\/new\/wp-json\/wp\/v2\/tags?post=82972"}],"curies":[{"name":"wp","href":"https:\/\/api.w.org\/{rel}","templated":true}]}}