{"id":83037,"date":"2025-11-24T04:53:08","date_gmt":"2025-11-24T08:53:08","guid":{"rendered":"https:\/\/www.mundoacuicola.cl\/new\/?p=83037"},"modified":"2025-11-25T06:43:07","modified_gmt":"2025-11-25T10:43:07","slug":"empresas-salmonicultoras-detallaron-sus-avances-en-vinculos-territoriales","status":"publish","type":"post","link":"https:\/\/www.mundoacuicola.cl\/new\/empresas-salmonicultoras-detallaron-sus-avances-en-vinculos-territoriales\/","title":{"rendered":"Salmonicultoras detallaron sus avances en v\u00ednculos territoriales"},"content":{"rendered":"<p data-start=\"1552\" data-end=\"2114\">El seminario <em data-start=\"1608\" data-end=\"1638\">Comunidades al Sur del Mundo<\/em>, realizado en el Hotel Wyndham Pettra, reuni\u00f3 a empresas de m\u00faltiples rubros para presentar experiencias de relacionamiento territorial. La jornada avanz\u00f3 con exposiciones de comunicaciones estrat\u00e9gicas, gremios, telecomunicaciones, energ\u00eda, transporte y vitivinicultura, hasta llegar al bloque central con las empresas de la salmonicultura, que expusieron c\u00f3mo est\u00e1n abordando las relaciones con comunidades, pueblos originarios y actores costeros en las zonas donde operan.<\/p>\n<p data-start=\"2116\" data-end=\"2610\">La apertura estuvo a cargo de <strong data-start=\"2146\" data-end=\"2166\">Magdalena Browne<\/strong>, decana de Comunicaciones y Periodismo de la Universidad Adolfo Ib\u00e1\u00f1ez, quien plante\u00f3 que el desaf\u00edo central para las organizaciones es entender que la confianza se construye desde la pertinencia territorial. Browne enfatiz\u00f3 la importancia de escuchar, adaptar metodolog\u00edas y comunicar con claridad. \u201cLa confianza no se decreta; se construye desde la relevancia y la coherencia\u201d, se\u00f1al\u00f3 en su intervenci\u00f3n, que introdujo el tono de la jornada.<\/p>\n<p data-start=\"985\" data-end=\"1951\">Ese marco conceptual sirvi\u00f3 para conectar con el primer panel de la ma\u00f1ana, donde <strong data-start=\"1067\" data-end=\"1085\">Francisca Sanz<\/strong> (Multigremial Los Lagos), <strong data-start=\"1112\" data-end=\"1127\">Felipe D\u00edaz<\/strong> (SalmonChile) y <strong data-start=\"1144\" data-end=\"1161\">Antonio Minte<\/strong> (CORMA), moderados por el periodista <strong data-start=\"1199\" data-end=\"1220\">Juan Osvaldo Mora<\/strong>, conversaron sobre c\u00f3mo sectores como el forestal, la madera y la salmonicultura han debido asumir que la presencia territorial es un compromiso permanente, no un tr\u00e1mite puntual. Sanz record\u00f3 el rol que han jugado sus gremios en emergencias \u2014desde erupciones volc\u00e1nicas hasta tornados y aluviones\u2014, mientras D\u00edaz subray\u00f3 que la salmonicultura \u201copera en territorios muy distintos, desde la cordillera a los fiordos, donde la excelencia operacional es lo m\u00ednimo, porque sin eso no hay relaci\u00f3n que aguante\u201d. Minte, en tanto, apunt\u00f3 a la necesidad de llevar metodolog\u00edas de relacionamiento tambi\u00e9n a peque\u00f1as y medianas empresas del sector forestal, que suelen tener v\u00ednculos informales pero efectivos con sus barrios y localidades.<\/p>\n<p data-start=\"985\" data-end=\"1951\"><img fetchpriority=\"high\" decoding=\"async\" class=\"size-large wp-image-83042 aligncenter\" src=\"https:\/\/www.mundoacuicola.cl\/new\/wp-content\/uploads\/2025\/11\/IMG_0936-533x400.jpeg\" alt=\"\" width=\"533\" height=\"400\" srcset=\"https:\/\/www.mundoacuicola.cl\/new\/wp-content\/uploads\/2025\/11\/IMG_0936-533x400.jpeg 533w, https:\/\/www.mundoacuicola.cl\/new\/wp-content\/uploads\/2025\/11\/IMG_0936-scaled-500x375.jpeg 500w, https:\/\/www.mundoacuicola.cl\/new\/wp-content\/uploads\/2025\/11\/IMG_0936-300x225.jpeg 300w, https:\/\/www.mundoacuicola.cl\/new\/wp-content\/uploads\/2025\/11\/IMG_0936-768x576.jpeg 768w, https:\/\/www.mundoacuicola.cl\/new\/wp-content\/uploads\/2025\/11\/IMG_0936-1536x1152.jpeg 1536w, https:\/\/www.mundoacuicola.cl\/new\/wp-content\/uploads\/2025\/11\/IMG_0936-2048x1536.jpeg 2048w, https:\/\/www.mundoacuicola.cl\/new\/wp-content\/uploads\/2025\/11\/IMG_0936-1024x768.jpeg 1024w\" sizes=\"(max-width: 533px) 100vw, 533px\" \/><\/p>\n<p data-start=\"1953\" data-end=\"3011\">El recorrido por experiencias sectoriales continu\u00f3 con <strong data-start=\"2008\" data-end=\"2029\">Juan Pablo Fadich<\/strong>, de Vi\u00f1a San Pedro, quien relat\u00f3 c\u00f3mo la empresa ha construido proyectos agr\u00edcolas con comunidades mapuche desde una l\u00f3gica de transferencia y autonom\u00eda. Luego, <strong data-start=\"2191\" data-end=\"2211\">Gonzalo Palacios<\/strong>, gerente de Asuntos Corporativos de FlixBus, explic\u00f3 c\u00f3mo una empresa nueva en el pa\u00eds se inserta en m\u00e1s de 30 destinos con una propuesta de conectividad que debe dialogar con expectativas locales. La ma\u00f1ana sum\u00f3 tambi\u00e9n la presentaci\u00f3n de <strong data-start=\"2452\" data-end=\"2472\">Claudio Anabal\u00f3n<\/strong>, de Entel, quien \u2014entre datos sobre conectividad digital\u2014 record\u00f3 que Chile es \u201cun pa\u00eds de emergencia permanente\u201d, donde las infraestructuras deben estar preparadas para servir en momentos cr\u00edticos y donde las relaciones comunitarias son tan estrat\u00e9gicas como la tecnolog\u00eda misma. Desde la energ\u00eda, <strong data-start=\"2772\" data-end=\"2793\">Mauricio Enr\u00edquez<\/strong> (WPD Chile) y <strong data-start=\"2808\" data-end=\"2832\">Mar\u00eda Jos\u00e9 Sarmiento<\/strong> (Innergex) mostraron c\u00f3mo nuevos proyectos renovables se adaptan a territorios diversos, con monitoreos abiertos, mesas de trabajo y coordinaci\u00f3n con municipios y organizaciones.<\/p>\n<h2 data-start=\"1953\" data-end=\"3011\"><strong>Panel de empresas salmoneras<\/strong><\/h2>\n<p data-start=\"3013\" data-end=\"3586\">El bloque salmonicultor profundiz\u00f3 en pr\u00e1cticas concretas y aprendizajes recientes del sector. Participaron <strong data-start=\"3187\" data-end=\"3209\">Francisco Sandoval<\/strong> (AquaChile), <strong data-start=\"3223\" data-end=\"3241\">Carla Scheggia<\/strong> (Camanchaca), <strong data-start=\"3256\" data-end=\"3277\">Felipe Hormaz\u00e1bal<\/strong> (Blumar) y <strong data-start=\"3289\" data-end=\"3312\">Jeannette Bahamonde<\/strong> (Marine Farm), bajo la moderaci\u00f3n de <strong data-start=\"3350\" data-end=\"3377\">Roberto Gaete Parraguez<\/strong>, director de Tendencia &amp; Territorio. La conversaci\u00f3n gir\u00f3 en torno a un eje claro: la relaci\u00f3n con comunidades ya no es un complemento de la operaci\u00f3n, sino una dimensi\u00f3n que define el rumbo de cada compa\u00f1\u00eda.<\/p>\n<p data-start=\"3588\" data-end=\"4148\">Sandoval fue directo al describir el punto de partida del trabajo con pueblos originarios. \u201cLo primero es mapear y conocer qui\u00e9nes son, d\u00f3nde est\u00e1n, cu\u00e1les son sus autoridades y cu\u00e1les son sus inquietudes reales. Abrimos nuestras puertas porque no tenemos nada que ocultar. Esa transparencia es la base para cualquier confianza\u201d, afirm\u00f3. Cont\u00f3 que AquaChile trabaja hoy con comunidades mapuche, huilliche y kaw\u00e9sqar en empleo local, cultura y proyectos conjuntos, siempre desde la premisa de que \u201ccompartimos el mismo mar y, por lo mismo, los mismos desaf\u00edos\u201d.<\/p>\n<p data-start=\"3588\" data-end=\"4148\"><img decoding=\"async\" class=\"size-large wp-image-83043 alignnone\" src=\"https:\/\/www.mundoacuicola.cl\/new\/wp-content\/uploads\/2025\/11\/IMG_0998-533x400.jpeg\" alt=\"\" width=\"533\" height=\"400\" srcset=\"https:\/\/www.mundoacuicola.cl\/new\/wp-content\/uploads\/2025\/11\/IMG_0998-533x400.jpeg 533w, https:\/\/www.mundoacuicola.cl\/new\/wp-content\/uploads\/2025\/11\/IMG_0998-scaled-500x375.jpeg 500w, https:\/\/www.mundoacuicola.cl\/new\/wp-content\/uploads\/2025\/11\/IMG_0998-300x225.jpeg 300w, https:\/\/www.mundoacuicola.cl\/new\/wp-content\/uploads\/2025\/11\/IMG_0998-768x576.jpeg 768w, https:\/\/www.mundoacuicola.cl\/new\/wp-content\/uploads\/2025\/11\/IMG_0998-1536x1152.jpeg 1536w, https:\/\/www.mundoacuicola.cl\/new\/wp-content\/uploads\/2025\/11\/IMG_0998-2048x1536.jpeg 2048w, https:\/\/www.mundoacuicola.cl\/new\/wp-content\/uploads\/2025\/11\/IMG_0998-1024x768.jpeg 1024w\" sizes=\"(max-width: 533px) 100vw, 533px\" \/><\/p>\n<p data-start=\"4150\" data-end=\"4680\">Scheggia relat\u00f3 c\u00f3mo Camanchaca reorganiz\u00f3 su v\u00ednculo territorial, integrando comunicaci\u00f3n y sostenibilidad social en una misma \u00e1rea. \u201cSi no comunicamos lo que hacemos, no existe. Si no abrimos las puertas, tampoco existe. Las comunidades son din\u00e1micas y cambiantes, por eso hay que estar presentes, escuchando y ajustando lo que hacemos\u201d, expres\u00f3. Present\u00f3 el Programa Embajadores como un mecanismo para que colaboradores locales representen a la empresa en los territorios, encarnando la cultura interna del v\u00ednculo comunitario.<\/p>\n<p data-start=\"4682\" data-end=\"5146\">Hormaz\u00e1bal, desde Blumar, subray\u00f3 que el trabajo con comunidades parte del prop\u00f3sito corporativo. \u201cNuestro prop\u00f3sito es nutrir personas honrando oc\u00e9anos. Eso implica tambi\u00e9n fortalecer a quienes conviven con nuestra operaci\u00f3n: trabajadores, proveedores y comunidades. El relacionamiento no es un \u00e1rea aislada, es parte de la estrategia del negocio\u201d, dijo, destacando que la empresa opera desde Caldera a Magallanes con equipos especializados seg\u00fan cada territorio.<\/p>\n<p data-start=\"5148\" data-end=\"5584\">Bahamonde cerr\u00f3 el panel contando c\u00f3mo Marine Farm ha construido una estructura de trabajo territorial basada en fondos concursables y hojas de ruta elaboradas con las propias comunidades. \u201cLos fondos funcionan cuando son transparentes, accesibles y cuando las organizaciones pueden entender claramente qu\u00e9 se financia y qu\u00e9 no. La clave es acompa\u00f1ar todo el proceso, porque los actores cambian y las comunidades son din\u00e1micas\u201d, se\u00f1al\u00f3.<\/p>\n<p data-start=\"5586\" data-end=\"5997\">La conversaci\u00f3n final dej\u00f3 la sensaci\u00f3n de que algo se est\u00e1 moviendo de manera profunda: los panelistas coincidieron en que el v\u00ednculo con las comunidades dej\u00f3 de ser una respuesta reactiva y se transform\u00f3 en un eje de continuidad. En palabras de uno de ellos, \u201ceste camino ya est\u00e1 abierto, y lo que define el futuro no es cu\u00e1ntos proyectos hagamos, sino c\u00f3mo nos hacernos cargo del territorio que compartimos\u201d.<\/p>\n<p data-start=\"5999\" data-end=\"6609\" data-is-last-node=\"\" data-is-only-node=\"\">As\u00ed, dicho bloque del seminario termin\u00f3 con una idea pr\u00e1ctica, repetida por varios expositores a lo largo del d\u00eda: que la sostenibilidad territorial no depende solo de m\u00e9tricas o reportes, sino de la capacidad de estar presentes y disponibles. No hubo una conclusi\u00f3n \u00fanica \u2014quiz\u00e1s porque en temas de comunidad no la hay\u2014, pero s\u00ed qued\u00f3 un hilo com\u00fan: trabajar bien en el territorio es un proceso vivo, que se aprende haciendo, se ajusta en el camino y exige, ante todo, honestidad para construir relaciones que puedan durar lo suficiente como para transformar algo m\u00e1s que una operaci\u00f3n.<\/p>\n<p style=\"padding-left: 40px;\" data-start=\"5999\" data-end=\"6609\" data-is-last-node=\"\" data-is-only-node=\"\"><img decoding=\"async\" class=\"size-large wp-image-83044 alignnone\" src=\"https:\/\/www.mundoacuicola.cl\/new\/wp-content\/uploads\/2025\/11\/IMG_1039-533x400.jpeg\" alt=\"\" width=\"533\" height=\"400\" srcset=\"https:\/\/www.mundoacuicola.cl\/new\/wp-content\/uploads\/2025\/11\/IMG_1039-533x400.jpeg 533w, https:\/\/www.mundoacuicola.cl\/new\/wp-content\/uploads\/2025\/11\/IMG_1039-scaled-500x375.jpeg 500w, https:\/\/www.mundoacuicola.cl\/new\/wp-content\/uploads\/2025\/11\/IMG_1039-300x225.jpeg 300w, https:\/\/www.mundoacuicola.cl\/new\/wp-content\/uploads\/2025\/11\/IMG_1039-768x576.jpeg 768w, https:\/\/www.mundoacuicola.cl\/new\/wp-content\/uploads\/2025\/11\/IMG_1039-1536x1152.jpeg 1536w, https:\/\/www.mundoacuicola.cl\/new\/wp-content\/uploads\/2025\/11\/IMG_1039-2048x1536.jpeg 2048w, https:\/\/www.mundoacuicola.cl\/new\/wp-content\/uploads\/2025\/11\/IMG_1039-1024x768.jpeg 1024w\" sizes=\"(max-width: 533px) 100vw, 533px\" \/><\/p>\n<h2 data-start=\"5999\" data-end=\"6609\">Jornada PM<\/h2>\n<p>Pasadas las 12.00 Hrs. el seminario prosigui\u00f3 con la exposici\u00f3n de <strong data-start=\"527\" data-end=\"543\">Ignacio Toro<\/strong>, exdirector del <strong data-start=\"560\" data-end=\"602\">Servicio de Evaluaci\u00f3n Ambiental (SEA)<\/strong>, quien puso sobre la mesa las tensiones entre la evaluaci\u00f3n t\u00e9cnica y la decisi\u00f3n pol\u00edtica. A juicio de Toro, el dise\u00f1o actual del sistema genera un desfase que termina afectando tanto a las comunidades como a los proyectos.<\/p>\n<p data-start=\"831\" data-end=\"1342\">Critic\u00f3 especialmente que el SEA haga una evaluaci\u00f3n y luego la autoridad pol\u00edtica pueda desconocerla sin asumir costos claros. \u201cQue el servicio haga una evaluaci\u00f3n, la autoridad pol\u00edtica no tenga idea y le llegue al final un papel que le diga \u2018recomiendo aprobarlo\u2019 o \u2018recomiendo rechazarlo\u2019, creo que es absurdo. Ning\u00fan directorio funciona as\u00ed, ninguna empresa\u201d, plante\u00f3, se\u00f1alando la necesidad de redefinir responsabilidades y hacer m\u00e1s transparente la decisi\u00f3n final.<\/p>\n<p data-start=\"1344\" data-end=\"1848\">Toro tambi\u00e9n destac\u00f3 experiencias de otros pa\u00edses, como Brasil y la Uni\u00f3n Europea, donde se usan herramientas de <em data-start=\"1457\" data-end=\"1466\">scoping<\/em> (acuerdo temprano sobre el alcance de la evaluaci\u00f3n) y mecanismos formales de resoluci\u00f3n de conflictos. A su juicio, en Chile el SEA deber\u00eda \u201cliderar procesos de resoluci\u00f3n de conflicto con equipos especializados, con seguimiento\u201d, en lugar de que las empresas enfrenten solas las controversias, por ejemplo en procesos de consulta ind\u00edgena.<\/p>\n<p data-start=\"1850\" data-end=\"2304\">La reflexi\u00f3n final la ancl\u00f3 en una pregunta m\u00e1s amplia: no solo qu\u00e9 tipo de territorio se deja en t\u00e9rminos ambientales, sino tambi\u00e9n en t\u00e9rminos de relaciones. \u201c\u00bfLe vamos a dejar una tierra m\u00e1s conflictuada, m\u00e1s polarizada entre comunidad y empresas, o vamos a generar redes, esperanza, tejido social?\u201d, se pregunt\u00f3. Y remat\u00f3: \u201cSi la dejamos un poco menos conflictuada, un poco m\u00e1s con confianza, hicimos la pega\u201d.<\/p>\n<h2 data-start=\"2538\" data-end=\"2614\"><strong>Escenarios complejos\u00a0<\/strong><\/h2>\n<p data-start=\"2616\" data-end=\"3072\">La tarde se retom\u00f3 con la presentaci\u00f3n de <strong data-start=\"2658\" data-end=\"2673\">Jos\u00e9 Robles<\/strong>, consultor de la firma <strong data-start=\"2697\" data-end=\"2711\">Paralelo 7<\/strong>, quien abord\u00f3 el trabajo comunitario en \u201cescenarios complejos\u201d, en particular vinculados a proyectos de energ\u00eda y miner\u00eda. Robles advirti\u00f3 que muchas compa\u00f1\u00edas se enfrentan a territorios donde existen organizaciones estructuradas para presionar o pedir compensaciones desalineadas con las necesidades reales, lo que obliga a revisar la forma de relacionarse.<\/p>\n<p data-start=\"3074\" data-end=\"3462\">\u201c\u00bfC\u00f3mo abordamos estos escenarios? No tenemos una varita m\u00e1gica\u201d, admiti\u00f3, apuntando a que se viene un contexto pol\u00edtico m\u00e1s incierto, con cambios de seremis y autoridades tras el pr\u00f3ximo gobierno. \u201cTenemos que aprender a navegar con viento\u201d, resumi\u00f3, subrayando que la variabilidad pol\u00edtica no puede traducirse en improvisaci\u00f3n desde las empresas.<\/p>\n<p data-start=\"3464\" data-end=\"3973\">Robles destac\u00f3 que la academia ya est\u00e1 trabajando en metodolog\u00edas para apoyar este tipo de procesos, mencionando experiencias de la <strong data-start=\"3596\" data-end=\"3625\">Universidad del Magdalena<\/strong> en Colombia y el desarrollo de consorcios que dise\u00f1an herramientas para ingenieros y equipos t\u00e9cnicos que requieren medir no solo \u201ccu\u00e1ntas reuniones\u201d realizan, sino la eficacia real de esas interacciones. \u201cA veces los KPI no significan cu\u00e1ntas veces voy, sino la eficacia de las veces que puedo ir\u201d, se\u00f1al\u00f3.<\/p>\n<p data-start=\"3975\" data-end=\"4663\">En el cierre de su exposici\u00f3n, vincul\u00f3 estas discusiones con la agenda global, recordando que en la COP de Bel\u00e9m grupos ind\u00edgenas intentaron tomarse el evento y que incluso se registr\u00f3 un incendio en la sede, hechos poco visibilizados. Tambi\u00e9n relat\u00f3 un trabajo incipiente para asegurar la entrega de medicamentos en la \u201c\u00faltima milla\u201d en favelas de R\u00edo de Janeiro y barrios de alta peligrosidad en Chile, coordinado con ONG para que personas mayores reciban tratamiento pese al control territorial. Todo, como ejemplo de que el desarrollo comunitario \u201cno es solo tema de energ\u00eda, sino algo transversal\u201d que obliga a mirar m\u00e1s all\u00e1 del propio patio.<\/p>\n<p data-start=\"4665\" data-end=\"4916\">Tras los aplausos, el moderador conect\u00f3 el mensaje con algo m\u00e1s cotidiano: \u201cParece que el chocolate ya no va a alcanzar; voy a tener que cambiar la estrategia\u201d, brome\u00f3, antes de presentar al siguiente expositor.<\/p>\n<p data-start=\"4918\" data-end=\"5331\">El turno siguiente fue para <strong data-start=\"4946\" data-end=\"4966\">Sebasti\u00e1n Videla<\/strong>, fundador de <strong data-start=\"4980\" data-end=\"5000\">Nodo Consultores<\/strong>, quien habl\u00f3 sobre \u201crelacionamiento virtuoso en entornos complejos\u201d. Videla record\u00f3 que la consultora naci\u00f3 hace diez a\u00f1os en Puerto Varas y hoy trabaja en 14 regiones, con m\u00e1s de 50 empresas y m\u00e1s de 100 proyectos en 60 comunas, en \u00e1reas como salmonicultura, energ\u00eda, sanitarias y miner\u00eda.<\/p>\n<p data-start=\"5333\" data-end=\"5831\">\u201cNacimos en el sur, y eso nos oblig\u00f3 desde el principio a entender m\u00faltiples realidades territoriales\u201d, explic\u00f3. Nodo se especializa en estrategias de sostenibilidad y comunidades, levantamiento de informaci\u00f3n y dise\u00f1o de herramientas para fortalecer v\u00ednculos con distintos <em data-start=\"5607\" data-end=\"5621\">stakeholders<\/em>. Muchas veces, dijo, entran a una compa\u00f1\u00eda para apoyar su estrategia comunitaria y terminan ayudando a reconfigurar la estrategia de sostenibilidad corporativa completa.<\/p>\n<p data-start=\"5833\" data-end=\"6402\">Videla insisti\u00f3 en que la clave no es preguntar solo \u201cqu\u00e9 necesitan\u201d las comunidades, sino construir soluciones en conjunto y a largo plazo. Habl\u00f3 de \u201cconfianza y participaci\u00f3n vinculante\u201d, proponiendo mecanismos donde las observaciones de la ciudadan\u00eda no sean meramente decorativas. \u201cSi voy a ser vecino por 30 a\u00f1os por un proyecto que estoy instalando, seamos vecinos y trabajemos esos 30 a\u00f1os en conjunto\u201d, plante\u00f3, enfatizando la idea de desarrollo econ\u00f3mico local sostenible, que \u201cenriquezca el territorio y no lo agote\u201d.<\/p>\n<h2 data-start=\"6404\" data-end=\"6489\"><strong>Servicios esenciales<\/strong><\/h2>\n<p data-start=\"6491\" data-end=\"6637\">En el tramo final de la tarde, el seminario incorpor\u00f3 experiencias desde empresas de servicios claves para la vida cotidiana en el sur de Chile.<\/p>\n<p data-start=\"6639\" data-end=\"7136\">Primero expuso <strong data-start=\"6654\" data-end=\"6669\">H\u00e9ctor Soto<\/strong>, gerente comercial de la l\u00ednea de negocios de conectividad del <strong data-start=\"6733\" data-end=\"6746\">Grupo CPT<\/strong>, quien mostr\u00f3 c\u00f3mo una empresa de ferris puede ir m\u00e1s all\u00e1 del traslado de veh\u00edculos y pasajeros. CPT opera con cuatro empresas en la Regi\u00f3n de Los Lagos y Ays\u00e9n, con 19 rutas mar\u00edtimas que movilizan cerca de 6,5 millones de pasajeros y 2,4 millones de veh\u00edculos al a\u00f1o, adem\u00e1s de operar una ruta en la Regi\u00f3n del Biob\u00edo hacia la Isla Santa Mar\u00eda.<\/p>\n<p data-start=\"7138\" data-end=\"7769\">Soto explic\u00f3 que, m\u00e1s que un \u201cpuente mar\u00edtimo\u201d entre puertos, la compa\u00f1\u00eda participa de la cadena log\u00edstica de abastecimiento y turismo en zonas aisladas. Present\u00f3 cinco iniciativas comunitarias que buscan cambiar la mirada sobre la conectividad, incorporando proyectos educativos, culturales y de apoyo local. \u201cParte importante de lo que pensamos es poder entregar oportunidades para cumplir con sus expectativas y sus sue\u00f1os, y no hacer que sus expectativas se adapten a nuestras oportunidades\u201d, se\u00f1al\u00f3, antes de mostrar un video con los rostros de las personas detr\u00e1s de estos programas.<\/p>\n<p data-start=\"7771\" data-end=\"8249\">Luego fue el turno de la distribuci\u00f3n el\u00e9ctrica, con la presentaci\u00f3n de <strong data-start=\"7843\" data-end=\"7859\">Alondra Leal<\/strong>, gerente de Asuntos Corporativos y Sustentabilidad del <strong data-start=\"7915\" data-end=\"7930\">Grupo Saesa<\/strong>. Leal explic\u00f3 que la compa\u00f1\u00eda estructura su trabajo bajo una estrategia ESG con tres pilares \u2014transici\u00f3n energ\u00e9tica, operaci\u00f3n responsable y sinton\u00eda con las personas y el entorno\u2014 desde la cual se definieron 24 temas prioritarios en materia ambiental, social y de gobernanza.<\/p>\n<p data-start=\"8251\" data-end=\"8650\">\u201cEl prop\u00f3sito que nos gu\u00eda es simple pero desafiante: la energ\u00eda que conecta y transforma vidas\u201d, resumi\u00f3. En ese marco, detall\u00f3 que la empresa busca estar \u201cjunto a la comunidad, no solo por estar, sino con prop\u00f3sitos\u201d, articulando proyectos que acompa\u00f1an la transici\u00f3n energ\u00e9tica del pa\u00eds sin desatender la dimensi\u00f3n social de la infraestructura el\u00e9ctrica.<\/p>\n<p data-start=\"8652\" data-end=\"9133\">El bloque se complement\u00f3 con la experiencia de Suralis,\u00a0que comparti\u00f3 ejemplos de trabajo con comunidades en torno a acceso a servicios b\u00e1sicos y gesti\u00f3n del agua, y con el testimonio de compa\u00f1\u00edas que prestan servicios mar\u00edtimos a navieras, reforzando la idea de que la log\u00edstica y las utilidades b\u00e1sicas tambi\u00e9n tienen una dimensi\u00f3n comunitaria que debe ser gestionada con la misma rigurosidad que la operaci\u00f3n.<\/p>\n<p data-start=\"290\" data-end=\"979\">El seminario concluy\u00f3 con un \u00faltimo panel dedicado a la participaci\u00f3n ciudadana, donde se reunieron <strong data-start=\"390\" data-end=\"405\">Juan Garc\u00eda<\/strong>, presidente del Sindicato de Pescadores Artesanales de <em data-start=\"461\" data-end=\"477\">Caleta Anahuac<\/em>; <strong data-start=\"479\" data-end=\"493\">Jos\u00e9 Palma<\/strong>, miembro del programa de conservaci\u00f3n marina de <em data-start=\"542\" data-end=\"553\">WWF Chile<\/em>; y <strong data-start=\"557\" data-end=\"574\">Tom\u00e1s S\u00e1nchez<\/strong>, CEO de <em data-start=\"583\" data-end=\"594\">Turistiko<\/em>, bajo la moderaci\u00f3n de <strong data-start=\"618\" data-end=\"645\">Roberto Gaete Parraguez<\/strong>, director de Tendencia &amp; Territorio. Los panelistas compartieron experiencias desde sus sectores y coincidieron en que la articulaci\u00f3n temprana, la transparencia y la comprensi\u00f3n de las din\u00e1micas locales son condiciones esenciales para que empresas, organizaciones y comunidades avancen hacia relaciones m\u00e1s estables y respetuosas.<\/p>\n<p data-start=\"9135\" data-end=\"9511\">\n","protected":false},"excerpt":{"rendered":"<p>Seminario reuni\u00f3 a m\u00faltiples sectores para abordar experiencias y desaf\u00edos del relacionamiento comunitario y territorial en el sur de Chile.<\/p>\n","protected":false},"author":8,"featured_media":83038,"comment_status":"closed","ping_status":"closed","sticky":false,"template":"","format":"standard","meta":{"footnotes":""},"categories":[27390],"tags":[25975,14532,20039,28135,13067,1318,9858,197,13057,28133,28134],"class_list":["post-83037","post","type-post","status-publish","format-standard","has-post-thumbnail","hentry","category-empresas","tag-articulacion-publico-privada","tag-comunidades-locales","tag-desarrollo-territorial","tag-empresas-del-sur","tag-participacion-ciudadana","tag-pueblos-originarios","tag-relacionamiento-comunitario","tag-salmonicultura","tag-sostenibilidad-social","tag-sostenibilidad-territorial","tag-vinculo-empresarial"],"yoast_head":"<!-- This site is optimized with the Yoast SEO plugin v27.4 - https:\/\/yoast.com\/product\/yoast-seo-wordpress\/ -->\n<title>Salmonicultoras detallaron sus avances en v\u00ednculos territoriales - Mundoacuicola<\/title>\n<meta name=\"description\" content=\"Seminario reuni\u00f3 a m\u00faltiples sectores para abordar experiencias y desaf\u00edos del relacionamiento comunitario y territorial en el sur de Chile.\" \/>\n<meta name=\"robots\" content=\"index, follow, max-snippet:-1, max-image-preview:large, max-video-preview:-1\" \/>\n<link rel=\"canonical\" href=\"https:\/\/www.mundoacuicola.cl\/new\/empresas-salmonicultoras-detallaron-sus-avances-en-vinculos-territoriales\/\" \/>\n<meta property=\"og:locale\" content=\"es_ES\" \/>\n<meta property=\"og:type\" content=\"article\" \/>\n<meta property=\"og:title\" content=\"Salmonicultoras detallaron sus avances en v\u00ednculos territoriales - Mundoacuicola\" \/>\n<meta property=\"og:description\" content=\"Seminario reuni\u00f3 a m\u00faltiples sectores para abordar experiencias y desaf\u00edos del relacionamiento comunitario y territorial en el sur de Chile.\" \/>\n<meta property=\"og:url\" content=\"https:\/\/www.mundoacuicola.cl\/new\/empresas-salmonicultoras-detallaron-sus-avances-en-vinculos-territoriales\/\" \/>\n<meta property=\"og:site_name\" content=\"Mundoacuicola\" \/>\n<meta property=\"article:publisher\" content=\"https:\/\/www.facebook.com\/mundo.acuicola\/\" \/>\n<meta property=\"article:published_time\" content=\"2025-11-24T08:53:08+00:00\" \/>\n<meta property=\"article:modified_time\" content=\"2025-11-25T10:43:07+00:00\" \/>\n<meta property=\"og:image\" content=\"https:\/\/www.mundoacuicola.cl\/new\/wp-content\/uploads\/2025\/11\/Salmonera2222.jpg\" \/>\n\t<meta property=\"og:image:width\" content=\"750\" \/>\n\t<meta property=\"og:image:height\" content=\"400\" \/>\n\t<meta property=\"og:image:type\" content=\"image\/jpeg\" \/>\n<meta name=\"author\" content=\"Ricardo Alvarez\" \/>\n<meta name=\"twitter:card\" content=\"summary_large_image\" \/>\n<meta name=\"twitter:creator\" content=\"@mundoacuicola\" \/>\n<meta name=\"twitter:site\" content=\"@mundoacuicola\" \/>\n<meta name=\"twitter:label1\" content=\"Escrito por\" \/>\n\t<meta name=\"twitter:data1\" content=\"Ricardo Alvarez\" \/>\n\t<meta name=\"twitter:label2\" content=\"Tiempo de lectura\" \/>\n\t<meta name=\"twitter:data2\" content=\"12 minutos\" \/>\n<script type=\"application\/ld+json\" class=\"yoast-schema-graph\">{\"@context\":\"https:\\\/\\\/schema.org\",\"@graph\":[{\"@type\":\"Article\",\"@id\":\"https:\\\/\\\/www.mundoacuicola.cl\\\/new\\\/empresas-salmonicultoras-detallaron-sus-avances-en-vinculos-territoriales\\\/#article\",\"isPartOf\":{\"@id\":\"https:\\\/\\\/www.mundoacuicola.cl\\\/new\\\/empresas-salmonicultoras-detallaron-sus-avances-en-vinculos-territoriales\\\/\"},\"author\":{\"name\":\"Ricardo Alvarez\",\"@id\":\"https:\\\/\\\/www.mundoacuicola.cl\\\/new\\\/#\\\/schema\\\/person\\\/52cfe7e461eb2d30484965350ee34bdd\"},\"headline\":\"Salmonicultoras detallaron sus avances en v\u00ednculos territoriales\",\"datePublished\":\"2025-11-24T08:53:08+00:00\",\"dateModified\":\"2025-11-25T10:43:07+00:00\",\"mainEntityOfPage\":{\"@id\":\"https:\\\/\\\/www.mundoacuicola.cl\\\/new\\\/empresas-salmonicultoras-detallaron-sus-avances-en-vinculos-territoriales\\\/\"},\"wordCount\":2459,\"publisher\":{\"@id\":\"https:\\\/\\\/www.mundoacuicola.cl\\\/new\\\/#organization\"},\"image\":{\"@id\":\"https:\\\/\\\/www.mundoacuicola.cl\\\/new\\\/empresas-salmonicultoras-detallaron-sus-avances-en-vinculos-territoriales\\\/#primaryimage\"},\"thumbnailUrl\":\"https:\\\/\\\/www.mundoacuicola.cl\\\/new\\\/wp-content\\\/uploads\\\/2025\\\/11\\\/Salmonera2222.jpg\",\"keywords\":[\"articulaci\u00f3n p\u00fablico-privada\",\"comunidades locales\",\"Desarrollo Territorial\",\"empresas del sur\",\"participaci\u00f3n ciudadana\",\"pueblos originarios\",\"relacionamiento comunitario\",\"salmonicultura\",\"sostenibilidad social\",\"sostenibilidad territorial\",\"v\u00ednculo empresarial\"],\"articleSection\":[\"Empresas\"],\"inLanguage\":\"es\"},{\"@type\":\"WebPage\",\"@id\":\"https:\\\/\\\/www.mundoacuicola.cl\\\/new\\\/empresas-salmonicultoras-detallaron-sus-avances-en-vinculos-territoriales\\\/\",\"url\":\"https:\\\/\\\/www.mundoacuicola.cl\\\/new\\\/empresas-salmonicultoras-detallaron-sus-avances-en-vinculos-territoriales\\\/\",\"name\":\"Salmonicultoras detallaron sus avances en v\u00ednculos territoriales - Mundoacuicola\",\"isPartOf\":{\"@id\":\"https:\\\/\\\/www.mundoacuicola.cl\\\/new\\\/#website\"},\"primaryImageOfPage\":{\"@id\":\"https:\\\/\\\/www.mundoacuicola.cl\\\/new\\\/empresas-salmonicultoras-detallaron-sus-avances-en-vinculos-territoriales\\\/#primaryimage\"},\"image\":{\"@id\":\"https:\\\/\\\/www.mundoacuicola.cl\\\/new\\\/empresas-salmonicultoras-detallaron-sus-avances-en-vinculos-territoriales\\\/#primaryimage\"},\"thumbnailUrl\":\"https:\\\/\\\/www.mundoacuicola.cl\\\/new\\\/wp-content\\\/uploads\\\/2025\\\/11\\\/Salmonera2222.jpg\",\"datePublished\":\"2025-11-24T08:53:08+00:00\",\"dateModified\":\"2025-11-25T10:43:07+00:00\",\"description\":\"Seminario reuni\u00f3 a m\u00faltiples sectores para abordar experiencias y desaf\u00edos del relacionamiento comunitario y territorial en el sur de Chile.\",\"breadcrumb\":{\"@id\":\"https:\\\/\\\/www.mundoacuicola.cl\\\/new\\\/empresas-salmonicultoras-detallaron-sus-avances-en-vinculos-territoriales\\\/#breadcrumb\"},\"inLanguage\":\"es\",\"potentialAction\":[{\"@type\":\"ReadAction\",\"target\":[\"https:\\\/\\\/www.mundoacuicola.cl\\\/new\\\/empresas-salmonicultoras-detallaron-sus-avances-en-vinculos-territoriales\\\/\"]}]},{\"@type\":\"ImageObject\",\"inLanguage\":\"es\",\"@id\":\"https:\\\/\\\/www.mundoacuicola.cl\\\/new\\\/empresas-salmonicultoras-detallaron-sus-avances-en-vinculos-territoriales\\\/#primaryimage\",\"url\":\"https:\\\/\\\/www.mundoacuicola.cl\\\/new\\\/wp-content\\\/uploads\\\/2025\\\/11\\\/Salmonera2222.jpg\",\"contentUrl\":\"https:\\\/\\\/www.mundoacuicola.cl\\\/new\\\/wp-content\\\/uploads\\\/2025\\\/11\\\/Salmonera2222.jpg\",\"width\":750,\"height\":400},{\"@type\":\"BreadcrumbList\",\"@id\":\"https:\\\/\\\/www.mundoacuicola.cl\\\/new\\\/empresas-salmonicultoras-detallaron-sus-avances-en-vinculos-territoriales\\\/#breadcrumb\",\"itemListElement\":[{\"@type\":\"ListItem\",\"position\":1,\"name\":\"Portada\",\"item\":\"https:\\\/\\\/www.mundoacuicola.cl\\\/new\\\/\"},{\"@type\":\"ListItem\",\"position\":2,\"name\":\"Salmonicultoras detallaron sus avances en v\u00ednculos territoriales\"}]},{\"@type\":\"WebSite\",\"@id\":\"https:\\\/\\\/www.mundoacuicola.cl\\\/new\\\/#website\",\"url\":\"https:\\\/\\\/www.mundoacuicola.cl\\\/new\\\/\",\"name\":\"Mundoacuicola\",\"description\":\"Revista de Acuicultura.\",\"publisher\":{\"@id\":\"https:\\\/\\\/www.mundoacuicola.cl\\\/new\\\/#organization\"},\"potentialAction\":[{\"@type\":\"SearchAction\",\"target\":{\"@type\":\"EntryPoint\",\"urlTemplate\":\"https:\\\/\\\/www.mundoacuicola.cl\\\/new\\\/?s={search_term_string}\"},\"query-input\":{\"@type\":\"PropertyValueSpecification\",\"valueRequired\":true,\"valueName\":\"search_term_string\"}}],\"inLanguage\":\"es\"},{\"@type\":\"Organization\",\"@id\":\"https:\\\/\\\/www.mundoacuicola.cl\\\/new\\\/#organization\",\"name\":\"Mundoacuicola\",\"url\":\"https:\\\/\\\/www.mundoacuicola.cl\\\/new\\\/\",\"logo\":{\"@type\":\"ImageObject\",\"inLanguage\":\"es\",\"@id\":\"https:\\\/\\\/www.mundoacuicola.cl\\\/new\\\/#\\\/schema\\\/logo\\\/image\\\/\",\"url\":\"https:\\\/\\\/www.mundoacuicola.cl\\\/new\\\/wp-content\\\/uploads\\\/2026\\\/01\\\/cropped-LOGO-Mundo-Acuicola-2026.png\",\"contentUrl\":\"https:\\\/\\\/www.mundoacuicola.cl\\\/new\\\/wp-content\\\/uploads\\\/2026\\\/01\\\/cropped-LOGO-Mundo-Acuicola-2026.png\",\"width\":1252,\"height\":296,\"caption\":\"Mundoacuicola\"},\"image\":{\"@id\":\"https:\\\/\\\/www.mundoacuicola.cl\\\/new\\\/#\\\/schema\\\/logo\\\/image\\\/\"},\"sameAs\":[\"https:\\\/\\\/www.facebook.com\\\/mundo.acuicola\\\/\",\"https:\\\/\\\/x.com\\\/mundoacuicola\",\"https:\\\/\\\/www.linkedin.com\\\/in\\\/mundo-acuicola\"]},{\"@type\":\"Person\",\"@id\":\"https:\\\/\\\/www.mundoacuicola.cl\\\/new\\\/#\\\/schema\\\/person\\\/52cfe7e461eb2d30484965350ee34bdd\",\"name\":\"Ricardo Alvarez\",\"url\":\"https:\\\/\\\/www.mundoacuicola.cl\\\/new\\\/author\\\/ricardo\\\/\"}]}<\/script>\n<!-- \/ Yoast SEO plugin. -->","yoast_head_json":{"title":"Salmonicultoras detallaron sus avances en v\u00ednculos territoriales - Mundoacuicola","description":"Seminario reuni\u00f3 a m\u00faltiples sectores para abordar experiencias y desaf\u00edos del relacionamiento comunitario y territorial en el sur de Chile.","robots":{"index":"index","follow":"follow","max-snippet":"max-snippet:-1","max-image-preview":"max-image-preview:large","max-video-preview":"max-video-preview:-1"},"canonical":"https:\/\/www.mundoacuicola.cl\/new\/empresas-salmonicultoras-detallaron-sus-avances-en-vinculos-territoriales\/","og_locale":"es_ES","og_type":"article","og_title":"Salmonicultoras detallaron sus avances en v\u00ednculos territoriales - Mundoacuicola","og_description":"Seminario reuni\u00f3 a m\u00faltiples sectores para abordar experiencias y desaf\u00edos del relacionamiento comunitario y territorial en el sur de Chile.","og_url":"https:\/\/www.mundoacuicola.cl\/new\/empresas-salmonicultoras-detallaron-sus-avances-en-vinculos-territoriales\/","og_site_name":"Mundoacuicola","article_publisher":"https:\/\/www.facebook.com\/mundo.acuicola\/","article_published_time":"2025-11-24T08:53:08+00:00","article_modified_time":"2025-11-25T10:43:07+00:00","og_image":[{"width":750,"height":400,"url":"https:\/\/www.mundoacuicola.cl\/new\/wp-content\/uploads\/2025\/11\/Salmonera2222.jpg","type":"image\/jpeg"}],"author":"Ricardo Alvarez","twitter_card":"summary_large_image","twitter_creator":"@mundoacuicola","twitter_site":"@mundoacuicola","twitter_misc":{"Escrito por":"Ricardo Alvarez","Tiempo de lectura":"12 minutos"},"schema":{"@context":"https:\/\/schema.org","@graph":[{"@type":"Article","@id":"https:\/\/www.mundoacuicola.cl\/new\/empresas-salmonicultoras-detallaron-sus-avances-en-vinculos-territoriales\/#article","isPartOf":{"@id":"https:\/\/www.mundoacuicola.cl\/new\/empresas-salmonicultoras-detallaron-sus-avances-en-vinculos-territoriales\/"},"author":{"name":"Ricardo Alvarez","@id":"https:\/\/www.mundoacuicola.cl\/new\/#\/schema\/person\/52cfe7e461eb2d30484965350ee34bdd"},"headline":"Salmonicultoras detallaron sus avances en v\u00ednculos territoriales","datePublished":"2025-11-24T08:53:08+00:00","dateModified":"2025-11-25T10:43:07+00:00","mainEntityOfPage":{"@id":"https:\/\/www.mundoacuicola.cl\/new\/empresas-salmonicultoras-detallaron-sus-avances-en-vinculos-territoriales\/"},"wordCount":2459,"publisher":{"@id":"https:\/\/www.mundoacuicola.cl\/new\/#organization"},"image":{"@id":"https:\/\/www.mundoacuicola.cl\/new\/empresas-salmonicultoras-detallaron-sus-avances-en-vinculos-territoriales\/#primaryimage"},"thumbnailUrl":"https:\/\/www.mundoacuicola.cl\/new\/wp-content\/uploads\/2025\/11\/Salmonera2222.jpg","keywords":["articulaci\u00f3n p\u00fablico-privada","comunidades locales","Desarrollo Territorial","empresas del sur","participaci\u00f3n ciudadana","pueblos originarios","relacionamiento comunitario","salmonicultura","sostenibilidad social","sostenibilidad territorial","v\u00ednculo empresarial"],"articleSection":["Empresas"],"inLanguage":"es"},{"@type":"WebPage","@id":"https:\/\/www.mundoacuicola.cl\/new\/empresas-salmonicultoras-detallaron-sus-avances-en-vinculos-territoriales\/","url":"https:\/\/www.mundoacuicola.cl\/new\/empresas-salmonicultoras-detallaron-sus-avances-en-vinculos-territoriales\/","name":"Salmonicultoras detallaron sus avances en v\u00ednculos territoriales - Mundoacuicola","isPartOf":{"@id":"https:\/\/www.mundoacuicola.cl\/new\/#website"},"primaryImageOfPage":{"@id":"https:\/\/www.mundoacuicola.cl\/new\/empresas-salmonicultoras-detallaron-sus-avances-en-vinculos-territoriales\/#primaryimage"},"image":{"@id":"https:\/\/www.mundoacuicola.cl\/new\/empresas-salmonicultoras-detallaron-sus-avances-en-vinculos-territoriales\/#primaryimage"},"thumbnailUrl":"https:\/\/www.mundoacuicola.cl\/new\/wp-content\/uploads\/2025\/11\/Salmonera2222.jpg","datePublished":"2025-11-24T08:53:08+00:00","dateModified":"2025-11-25T10:43:07+00:00","description":"Seminario reuni\u00f3 a m\u00faltiples sectores para abordar experiencias y desaf\u00edos del relacionamiento comunitario y territorial en el sur de Chile.","breadcrumb":{"@id":"https:\/\/www.mundoacuicola.cl\/new\/empresas-salmonicultoras-detallaron-sus-avances-en-vinculos-territoriales\/#breadcrumb"},"inLanguage":"es","potentialAction":[{"@type":"ReadAction","target":["https:\/\/www.mundoacuicola.cl\/new\/empresas-salmonicultoras-detallaron-sus-avances-en-vinculos-territoriales\/"]}]},{"@type":"ImageObject","inLanguage":"es","@id":"https:\/\/www.mundoacuicola.cl\/new\/empresas-salmonicultoras-detallaron-sus-avances-en-vinculos-territoriales\/#primaryimage","url":"https:\/\/www.mundoacuicola.cl\/new\/wp-content\/uploads\/2025\/11\/Salmonera2222.jpg","contentUrl":"https:\/\/www.mundoacuicola.cl\/new\/wp-content\/uploads\/2025\/11\/Salmonera2222.jpg","width":750,"height":400},{"@type":"BreadcrumbList","@id":"https:\/\/www.mundoacuicola.cl\/new\/empresas-salmonicultoras-detallaron-sus-avances-en-vinculos-territoriales\/#breadcrumb","itemListElement":[{"@type":"ListItem","position":1,"name":"Portada","item":"https:\/\/www.mundoacuicola.cl\/new\/"},{"@type":"ListItem","position":2,"name":"Salmonicultoras detallaron sus avances en v\u00ednculos territoriales"}]},{"@type":"WebSite","@id":"https:\/\/www.mundoacuicola.cl\/new\/#website","url":"https:\/\/www.mundoacuicola.cl\/new\/","name":"Mundoacuicola","description":"Revista de Acuicultura.","publisher":{"@id":"https:\/\/www.mundoacuicola.cl\/new\/#organization"},"potentialAction":[{"@type":"SearchAction","target":{"@type":"EntryPoint","urlTemplate":"https:\/\/www.mundoacuicola.cl\/new\/?s={search_term_string}"},"query-input":{"@type":"PropertyValueSpecification","valueRequired":true,"valueName":"search_term_string"}}],"inLanguage":"es"},{"@type":"Organization","@id":"https:\/\/www.mundoacuicola.cl\/new\/#organization","name":"Mundoacuicola","url":"https:\/\/www.mundoacuicola.cl\/new\/","logo":{"@type":"ImageObject","inLanguage":"es","@id":"https:\/\/www.mundoacuicola.cl\/new\/#\/schema\/logo\/image\/","url":"https:\/\/www.mundoacuicola.cl\/new\/wp-content\/uploads\/2026\/01\/cropped-LOGO-Mundo-Acuicola-2026.png","contentUrl":"https:\/\/www.mundoacuicola.cl\/new\/wp-content\/uploads\/2026\/01\/cropped-LOGO-Mundo-Acuicola-2026.png","width":1252,"height":296,"caption":"Mundoacuicola"},"image":{"@id":"https:\/\/www.mundoacuicola.cl\/new\/#\/schema\/logo\/image\/"},"sameAs":["https:\/\/www.facebook.com\/mundo.acuicola\/","https:\/\/x.com\/mundoacuicola","https:\/\/www.linkedin.com\/in\/mundo-acuicola"]},{"@type":"Person","@id":"https:\/\/www.mundoacuicola.cl\/new\/#\/schema\/person\/52cfe7e461eb2d30484965350ee34bdd","name":"Ricardo Alvarez","url":"https:\/\/www.mundoacuicola.cl\/new\/author\/ricardo\/"}]}},"_links":{"self":[{"href":"https:\/\/www.mundoacuicola.cl\/new\/wp-json\/wp\/v2\/posts\/83037","targetHints":{"allow":["GET"]}}],"collection":[{"href":"https:\/\/www.mundoacuicola.cl\/new\/wp-json\/wp\/v2\/posts"}],"about":[{"href":"https:\/\/www.mundoacuicola.cl\/new\/wp-json\/wp\/v2\/types\/post"}],"author":[{"embeddable":true,"href":"https:\/\/www.mundoacuicola.cl\/new\/wp-json\/wp\/v2\/users\/8"}],"replies":[{"embeddable":true,"href":"https:\/\/www.mundoacuicola.cl\/new\/wp-json\/wp\/v2\/comments?post=83037"}],"version-history":[{"count":0,"href":"https:\/\/www.mundoacuicola.cl\/new\/wp-json\/wp\/v2\/posts\/83037\/revisions"}],"wp:featuredmedia":[{"embeddable":true,"href":"https:\/\/www.mundoacuicola.cl\/new\/wp-json\/wp\/v2\/media\/83038"}],"wp:attachment":[{"href":"https:\/\/www.mundoacuicola.cl\/new\/wp-json\/wp\/v2\/media?parent=83037"}],"wp:term":[{"taxonomy":"category","embeddable":true,"href":"https:\/\/www.mundoacuicola.cl\/new\/wp-json\/wp\/v2\/categories?post=83037"},{"taxonomy":"post_tag","embeddable":true,"href":"https:\/\/www.mundoacuicola.cl\/new\/wp-json\/wp\/v2\/tags?post=83037"}],"curies":[{"name":"wp","href":"https:\/\/api.w.org\/{rel}","templated":true}]}}