{"id":83046,"date":"2025-11-24T09:29:26","date_gmt":"2025-11-24T13:29:26","guid":{"rendered":"https:\/\/www.mundoacuicola.cl\/new\/?p=83046"},"modified":"2025-11-25T13:40:33","modified_gmt":"2025-11-25T17:40:33","slug":"la-portada-logra-certificacion-orivo","status":"publish","type":"post","link":"https:\/\/www.mundoacuicola.cl\/new\/la-portada-logra-certificacion-orivo\/","title":{"rendered":"La Portada logra certificaci\u00f3n ORIVO"},"content":{"rendered":"<p>La compa\u00f1\u00eda\u00a0La Portada, una de las dos empresas en Chile, dedicada a la producci\u00f3n de aceite, harina e hidrolizado en base a subproductos del salm\u00f3n en su planta de Puerto Montt, recibi\u00f3 la\u00a0certificaci\u00f3n de origen verificado ORIVO. Este prestigioso sello internacional, obtenido tras exhaustivas\u00a0pruebas de ADN\u00a0realizadas por la empresa l\u00edder mundial en autenticaci\u00f3n de productos marinos, confirma que el\u00a0100% de su harina, hidrolizado y aceite de salm\u00f3n\u00a0provienen exclusivamente de salmones cultivados en las costas de Chile, sin mezclas de otras especies.<\/p>\n<p>El documento oficial confirma que todos los lotes de producci\u00f3n de la empresa, elaborados en su planta de Salto Grande, Puerto Montt, provienen exclusivamente de salmones, asegurando as\u00ed la\u00a0pureza y trazabilidad total\u00a0del producto final. ORIVO realiza pruebas peri\u00f3dicas a los lotes de producci\u00f3n para mantener un monitoreo continuo de la autenticidad y calidad de los productos certificados.<\/p>\n<p>Con esta certificaci\u00f3n, La Portada reafirma su compromiso con la transparencia y\u00a0 la calidad, posicion\u00e1ndose como una empresa referente en la valorizaci\u00f3n responsable de subproductos de la industria salmonicultora.<\/p>\n<p>\u201cContar con una certificaci\u00f3n internacional de este nivel refuerza la confianza de nuestros clientes y la valorizaci\u00f3n responsable de nuestros procesos,\u00a0demostrando que cumplimos con los m\u00e1s altos est\u00e1ndares de pureza y trazabilidad.\u00a0En La Portada damos nueva vida a los subproductos del salm\u00f3n, generando ingredientes esenciales y de alto valor nutritivo para la alimentaci\u00f3n animal, agr\u00edcola y acu\u00edcola\u201d, destac\u00f3 Benjam\u00edn Izquierdo, Gerente Comercial de La Portada.<\/p>\n<p>La certificaci\u00f3n fue emitida desde Molde, Noruega, con el n\u00famero de prueba #1150 y tiene validez hasta el 14 de agosto de 2026. Los resultados de autenticidad son accesibles p\u00fablicamente en\u00a0<a href=\"https:\/\/us-east-2.protection.sophos.com\/?d=orivo.no&amp;u=aHR0cHM6Ly9vcml2by5uby9jZXJ0aWZpY2F0ZS8xMTUwLw==&amp;i=NjU5YTA4MjJhNGQ3Y2EyN2FmZDc5MGY3&amp;t=MTQyRE4vNzJDbTBQenFoRmpSa2hUcFZnVnJtS3EvaGl0bWtXZTRROGZBVT0=&amp;h=bcd843eb57cb4b5682c5299a649f921c&amp;s=AVNPUEhUT0NFTkNSWVBUSVZ7idjmcQf36bh9ZbSI8yc_8Teo1vNbR8P6MFPfVjFtxNQVKp5Qr7i2Jjv0T23qNfs\" target=\"_blank\" rel=\"noopener noreferrer\" data-saferedirecturl=\"https:\/\/www.google.com\/url?q=https:\/\/us-east-2.protection.sophos.com\/?d%3Dorivo.no%26u%3DaHR0cHM6Ly9vcml2by5uby9jZXJ0aWZpY2F0ZS8xMTUwLw%3D%3D%26i%3DNjU5YTA4MjJhNGQ3Y2EyN2FmZDc5MGY3%26t%3DMTQyRE4vNzJDbTBQenFoRmpSa2hUcFZnVnJtS3EvaGl0bWtXZTRROGZBVT0%3D%26h%3Dbcd843eb57cb4b5682c5299a649f921c%26s%3DAVNPUEhUT0NFTkNSWVBUSVZ7idjmcQf36bh9ZbSI8yc_8Teo1vNbR8P6MFPfVjFtxNQVKp5Qr7i2Jjv0T23qNfs&amp;source=gmail&amp;ust=1764075749982000&amp;usg=AOvVaw1E0iJO13h2hnbz3JMjKZ1Q\">https:\/\/orivo.no\/<wbr \/>certificate\/1150\/<\/a><\/p>\n","protected":false},"excerpt":{"rendered":"<p>La Portada obtiene certificaci\u00f3n ORIVO que confirma la pureza, trazabilidad y origen exclusivo de sus subproductos de salm\u00f3n en Chile.<\/p>\n","protected":false},"author":8,"featured_media":83047,"comment_status":"closed","ping_status":"closed","sticky":false,"template":"","format":"standard","meta":{"footnotes":""},"categories":[27390],"tags":[28138,28141,28136,28137,28139,9152,4860,28142,28140,17664,2381],"class_list":["post-83046","post","type-post","status-publish","format-standard","has-post-thumbnail","hentry","category-empresas","tag-aceite-de-salmon","tag-autenticacion-adn","tag-certificacion-de-origen","tag-harina-de-salmon","tag-hidrolizado-de-salmon","tag-industria-salmonicultora","tag-orivo","tag-produccion-en-puerto-montt","tag-pureza-certificada","tag-subproductos-de-salmon","tag-trazabilidad"],"yoast_head":"<!-- This site is optimized with the Yoast SEO plugin v27.5 - https:\/\/yoast.com\/product\/yoast-seo-wordpress\/ -->\n<title>La Portada logra certificaci\u00f3n ORIVO - Mundoacuicola<\/title>\n<meta name=\"description\" content=\"La Portada obtiene certificaci\u00f3n ORIVO que confirma la pureza, trazabilidad y origen exclusivo de sus subproductos de salm\u00f3n en Chile.\" \/>\n<meta name=\"robots\" content=\"index, follow, max-snippet:-1, max-image-preview:large, max-video-preview:-1\" \/>\n<link rel=\"canonical\" href=\"https:\/\/www.mundoacuicola.cl\/new\/la-portada-logra-certificacion-orivo\/\" \/>\n<meta property=\"og:locale\" content=\"es_ES\" \/>\n<meta property=\"og:type\" content=\"article\" \/>\n<meta property=\"og:title\" content=\"La Portada logra certificaci\u00f3n ORIVO - Mundoacuicola\" \/>\n<meta property=\"og:description\" content=\"La Portada obtiene certificaci\u00f3n ORIVO que confirma la pureza, trazabilidad y origen exclusivo de sus subproductos de salm\u00f3n en Chile.\" \/>\n<meta property=\"og:url\" content=\"https:\/\/www.mundoacuicola.cl\/new\/la-portada-logra-certificacion-orivo\/\" \/>\n<meta property=\"og:site_name\" content=\"Mundoacuicola\" \/>\n<meta property=\"article:publisher\" content=\"https:\/\/www.facebook.com\/mundo.acuicola\/\" \/>\n<meta property=\"article:published_time\" content=\"2025-11-24T13:29:26+00:00\" \/>\n<meta property=\"article:modified_time\" content=\"2025-11-25T17:40:33+00:00\" \/>\n<meta property=\"og:image\" content=\"https:\/\/www.mundoacuicola.cl\/new\/wp-content\/uploads\/2025\/11\/AceitePescadoLaPortada2.jpg\" \/>\n\t<meta property=\"og:image:width\" content=\"750\" \/>\n\t<meta property=\"og:image:height\" content=\"400\" \/>\n\t<meta property=\"og:image:type\" content=\"image\/jpeg\" \/>\n<meta name=\"author\" content=\"Ricardo Alvarez\" \/>\n<meta name=\"twitter:card\" content=\"summary_large_image\" \/>\n<meta name=\"twitter:creator\" content=\"@mundoacuicola\" \/>\n<meta name=\"twitter:site\" content=\"@mundoacuicola\" \/>\n<meta name=\"twitter:label1\" content=\"Escrito por\" \/>\n\t<meta name=\"twitter:data1\" content=\"Ricardo Alvarez\" \/>\n\t<meta name=\"twitter:label2\" content=\"Tiempo de lectura\" \/>\n\t<meta name=\"twitter:data2\" content=\"2 minutos\" \/>\n<script type=\"application\/ld+json\" class=\"yoast-schema-graph\">{\"@context\":\"https:\\\/\\\/schema.org\",\"@graph\":[{\"@type\":\"Article\",\"@id\":\"https:\\\/\\\/www.mundoacuicola.cl\\\/new\\\/la-portada-logra-certificacion-orivo\\\/#article\",\"isPartOf\":{\"@id\":\"https:\\\/\\\/www.mundoacuicola.cl\\\/new\\\/la-portada-logra-certificacion-orivo\\\/\"},\"author\":{\"name\":\"Ricardo Alvarez\",\"@id\":\"https:\\\/\\\/www.mundoacuicola.cl\\\/new\\\/#\\\/schema\\\/person\\\/52cfe7e461eb2d30484965350ee34bdd\"},\"headline\":\"La Portada logra certificaci\u00f3n ORIVO\",\"datePublished\":\"2025-11-24T13:29:26+00:00\",\"dateModified\":\"2025-11-25T17:40:33+00:00\",\"mainEntityOfPage\":{\"@id\":\"https:\\\/\\\/www.mundoacuicola.cl\\\/new\\\/la-portada-logra-certificacion-orivo\\\/\"},\"wordCount\":304,\"publisher\":{\"@id\":\"https:\\\/\\\/www.mundoacuicola.cl\\\/new\\\/#organization\"},\"image\":{\"@id\":\"https:\\\/\\\/www.mundoacuicola.cl\\\/new\\\/la-portada-logra-certificacion-orivo\\\/#primaryimage\"},\"thumbnailUrl\":\"https:\\\/\\\/www.mundoacuicola.cl\\\/new\\\/wp-content\\\/uploads\\\/2025\\\/11\\\/AceitePescadoLaPortada2.jpg\",\"keywords\":[\"aceite de salm\u00f3n\",\"autenticaci\u00f3n ADN\",\"certificaci\u00f3n de origen\",\"harina de salm\u00f3n\",\"hidrolizado de salm\u00f3n\",\"industria salmonicultora\",\"Orivo\",\"producci\u00f3n en Puerto Montt\",\"pureza certificada\",\"subproductos de salm\u00f3n\",\"Trazabilidad\"],\"articleSection\":[\"Empresas\"],\"inLanguage\":\"es\"},{\"@type\":\"WebPage\",\"@id\":\"https:\\\/\\\/www.mundoacuicola.cl\\\/new\\\/la-portada-logra-certificacion-orivo\\\/\",\"url\":\"https:\\\/\\\/www.mundoacuicola.cl\\\/new\\\/la-portada-logra-certificacion-orivo\\\/\",\"name\":\"La Portada logra certificaci\u00f3n ORIVO - Mundoacuicola\",\"isPartOf\":{\"@id\":\"https:\\\/\\\/www.mundoacuicola.cl\\\/new\\\/#website\"},\"primaryImageOfPage\":{\"@id\":\"https:\\\/\\\/www.mundoacuicola.cl\\\/new\\\/la-portada-logra-certificacion-orivo\\\/#primaryimage\"},\"image\":{\"@id\":\"https:\\\/\\\/www.mundoacuicola.cl\\\/new\\\/la-portada-logra-certificacion-orivo\\\/#primaryimage\"},\"thumbnailUrl\":\"https:\\\/\\\/www.mundoacuicola.cl\\\/new\\\/wp-content\\\/uploads\\\/2025\\\/11\\\/AceitePescadoLaPortada2.jpg\",\"datePublished\":\"2025-11-24T13:29:26+00:00\",\"dateModified\":\"2025-11-25T17:40:33+00:00\",\"description\":\"La Portada obtiene certificaci\u00f3n ORIVO que confirma la pureza, trazabilidad y origen exclusivo de sus subproductos de salm\u00f3n en Chile.\",\"breadcrumb\":{\"@id\":\"https:\\\/\\\/www.mundoacuicola.cl\\\/new\\\/la-portada-logra-certificacion-orivo\\\/#breadcrumb\"},\"inLanguage\":\"es\",\"potentialAction\":[{\"@type\":\"ReadAction\",\"target\":[\"https:\\\/\\\/www.mundoacuicola.cl\\\/new\\\/la-portada-logra-certificacion-orivo\\\/\"]}]},{\"@type\":\"ImageObject\",\"inLanguage\":\"es\",\"@id\":\"https:\\\/\\\/www.mundoacuicola.cl\\\/new\\\/la-portada-logra-certificacion-orivo\\\/#primaryimage\",\"url\":\"https:\\\/\\\/www.mundoacuicola.cl\\\/new\\\/wp-content\\\/uploads\\\/2025\\\/11\\\/AceitePescadoLaPortada2.jpg\",\"contentUrl\":\"https:\\\/\\\/www.mundoacuicola.cl\\\/new\\\/wp-content\\\/uploads\\\/2025\\\/11\\\/AceitePescadoLaPortada2.jpg\",\"width\":750,\"height\":400},{\"@type\":\"BreadcrumbList\",\"@id\":\"https:\\\/\\\/www.mundoacuicola.cl\\\/new\\\/la-portada-logra-certificacion-orivo\\\/#breadcrumb\",\"itemListElement\":[{\"@type\":\"ListItem\",\"position\":1,\"name\":\"Portada\",\"item\":\"https:\\\/\\\/www.mundoacuicola.cl\\\/new\\\/\"},{\"@type\":\"ListItem\",\"position\":2,\"name\":\"La Portada logra certificaci\u00f3n ORIVO\"}]},{\"@type\":\"WebSite\",\"@id\":\"https:\\\/\\\/www.mundoacuicola.cl\\\/new\\\/#website\",\"url\":\"https:\\\/\\\/www.mundoacuicola.cl\\\/new\\\/\",\"name\":\"Mundoacuicola\",\"description\":\"Revista de Acuicultura.\",\"publisher\":{\"@id\":\"https:\\\/\\\/www.mundoacuicola.cl\\\/new\\\/#organization\"},\"potentialAction\":[{\"@type\":\"SearchAction\",\"target\":{\"@type\":\"EntryPoint\",\"urlTemplate\":\"https:\\\/\\\/www.mundoacuicola.cl\\\/new\\\/?s={search_term_string}\"},\"query-input\":{\"@type\":\"PropertyValueSpecification\",\"valueRequired\":true,\"valueName\":\"search_term_string\"}}],\"inLanguage\":\"es\"},{\"@type\":\"Organization\",\"@id\":\"https:\\\/\\\/www.mundoacuicola.cl\\\/new\\\/#organization\",\"name\":\"Mundoacuicola\",\"url\":\"https:\\\/\\\/www.mundoacuicola.cl\\\/new\\\/\",\"logo\":{\"@type\":\"ImageObject\",\"inLanguage\":\"es\",\"@id\":\"https:\\\/\\\/www.mundoacuicola.cl\\\/new\\\/#\\\/schema\\\/logo\\\/image\\\/\",\"url\":\"https:\\\/\\\/www.mundoacuicola.cl\\\/new\\\/wp-content\\\/uploads\\\/2026\\\/01\\\/cropped-LOGO-Mundo-Acuicola-2026.png\",\"contentUrl\":\"https:\\\/\\\/www.mundoacuicola.cl\\\/new\\\/wp-content\\\/uploads\\\/2026\\\/01\\\/cropped-LOGO-Mundo-Acuicola-2026.png\",\"width\":1252,\"height\":296,\"caption\":\"Mundoacuicola\"},\"image\":{\"@id\":\"https:\\\/\\\/www.mundoacuicola.cl\\\/new\\\/#\\\/schema\\\/logo\\\/image\\\/\"},\"sameAs\":[\"https:\\\/\\\/www.facebook.com\\\/mundo.acuicola\\\/\",\"https:\\\/\\\/x.com\\\/mundoacuicola\",\"https:\\\/\\\/www.linkedin.com\\\/in\\\/mundo-acuicola\"]},{\"@type\":\"Person\",\"@id\":\"https:\\\/\\\/www.mundoacuicola.cl\\\/new\\\/#\\\/schema\\\/person\\\/52cfe7e461eb2d30484965350ee34bdd\",\"name\":\"Ricardo Alvarez\",\"url\":\"https:\\\/\\\/www.mundoacuicola.cl\\\/new\\\/author\\\/ricardo\\\/\"}]}<\/script>\n<!-- \/ Yoast SEO plugin. -->","yoast_head_json":{"title":"La Portada logra certificaci\u00f3n ORIVO - Mundoacuicola","description":"La Portada obtiene certificaci\u00f3n ORIVO que confirma la pureza, trazabilidad y origen exclusivo de sus subproductos de salm\u00f3n en Chile.","robots":{"index":"index","follow":"follow","max-snippet":"max-snippet:-1","max-image-preview":"max-image-preview:large","max-video-preview":"max-video-preview:-1"},"canonical":"https:\/\/www.mundoacuicola.cl\/new\/la-portada-logra-certificacion-orivo\/","og_locale":"es_ES","og_type":"article","og_title":"La Portada logra certificaci\u00f3n ORIVO - Mundoacuicola","og_description":"La Portada obtiene certificaci\u00f3n ORIVO que confirma la pureza, trazabilidad y origen exclusivo de sus subproductos de salm\u00f3n en Chile.","og_url":"https:\/\/www.mundoacuicola.cl\/new\/la-portada-logra-certificacion-orivo\/","og_site_name":"Mundoacuicola","article_publisher":"https:\/\/www.facebook.com\/mundo.acuicola\/","article_published_time":"2025-11-24T13:29:26+00:00","article_modified_time":"2025-11-25T17:40:33+00:00","og_image":[{"width":750,"height":400,"url":"https:\/\/www.mundoacuicola.cl\/new\/wp-content\/uploads\/2025\/11\/AceitePescadoLaPortada2.jpg","type":"image\/jpeg"}],"author":"Ricardo Alvarez","twitter_card":"summary_large_image","twitter_creator":"@mundoacuicola","twitter_site":"@mundoacuicola","twitter_misc":{"Escrito por":"Ricardo Alvarez","Tiempo de lectura":"2 minutos"},"schema":{"@context":"https:\/\/schema.org","@graph":[{"@type":"Article","@id":"https:\/\/www.mundoacuicola.cl\/new\/la-portada-logra-certificacion-orivo\/#article","isPartOf":{"@id":"https:\/\/www.mundoacuicola.cl\/new\/la-portada-logra-certificacion-orivo\/"},"author":{"name":"Ricardo Alvarez","@id":"https:\/\/www.mundoacuicola.cl\/new\/#\/schema\/person\/52cfe7e461eb2d30484965350ee34bdd"},"headline":"La Portada logra certificaci\u00f3n ORIVO","datePublished":"2025-11-24T13:29:26+00:00","dateModified":"2025-11-25T17:40:33+00:00","mainEntityOfPage":{"@id":"https:\/\/www.mundoacuicola.cl\/new\/la-portada-logra-certificacion-orivo\/"},"wordCount":304,"publisher":{"@id":"https:\/\/www.mundoacuicola.cl\/new\/#organization"},"image":{"@id":"https:\/\/www.mundoacuicola.cl\/new\/la-portada-logra-certificacion-orivo\/#primaryimage"},"thumbnailUrl":"https:\/\/www.mundoacuicola.cl\/new\/wp-content\/uploads\/2025\/11\/AceitePescadoLaPortada2.jpg","keywords":["aceite de salm\u00f3n","autenticaci\u00f3n ADN","certificaci\u00f3n de origen","harina de salm\u00f3n","hidrolizado de salm\u00f3n","industria salmonicultora","Orivo","producci\u00f3n en Puerto Montt","pureza certificada","subproductos de salm\u00f3n","Trazabilidad"],"articleSection":["Empresas"],"inLanguage":"es"},{"@type":"WebPage","@id":"https:\/\/www.mundoacuicola.cl\/new\/la-portada-logra-certificacion-orivo\/","url":"https:\/\/www.mundoacuicola.cl\/new\/la-portada-logra-certificacion-orivo\/","name":"La Portada logra certificaci\u00f3n ORIVO - Mundoacuicola","isPartOf":{"@id":"https:\/\/www.mundoacuicola.cl\/new\/#website"},"primaryImageOfPage":{"@id":"https:\/\/www.mundoacuicola.cl\/new\/la-portada-logra-certificacion-orivo\/#primaryimage"},"image":{"@id":"https:\/\/www.mundoacuicola.cl\/new\/la-portada-logra-certificacion-orivo\/#primaryimage"},"thumbnailUrl":"https:\/\/www.mundoacuicola.cl\/new\/wp-content\/uploads\/2025\/11\/AceitePescadoLaPortada2.jpg","datePublished":"2025-11-24T13:29:26+00:00","dateModified":"2025-11-25T17:40:33+00:00","description":"La Portada obtiene certificaci\u00f3n ORIVO que confirma la pureza, trazabilidad y origen exclusivo de sus subproductos de salm\u00f3n en Chile.","breadcrumb":{"@id":"https:\/\/www.mundoacuicola.cl\/new\/la-portada-logra-certificacion-orivo\/#breadcrumb"},"inLanguage":"es","potentialAction":[{"@type":"ReadAction","target":["https:\/\/www.mundoacuicola.cl\/new\/la-portada-logra-certificacion-orivo\/"]}]},{"@type":"ImageObject","inLanguage":"es","@id":"https:\/\/www.mundoacuicola.cl\/new\/la-portada-logra-certificacion-orivo\/#primaryimage","url":"https:\/\/www.mundoacuicola.cl\/new\/wp-content\/uploads\/2025\/11\/AceitePescadoLaPortada2.jpg","contentUrl":"https:\/\/www.mundoacuicola.cl\/new\/wp-content\/uploads\/2025\/11\/AceitePescadoLaPortada2.jpg","width":750,"height":400},{"@type":"BreadcrumbList","@id":"https:\/\/www.mundoacuicola.cl\/new\/la-portada-logra-certificacion-orivo\/#breadcrumb","itemListElement":[{"@type":"ListItem","position":1,"name":"Portada","item":"https:\/\/www.mundoacuicola.cl\/new\/"},{"@type":"ListItem","position":2,"name":"La Portada logra certificaci\u00f3n ORIVO"}]},{"@type":"WebSite","@id":"https:\/\/www.mundoacuicola.cl\/new\/#website","url":"https:\/\/www.mundoacuicola.cl\/new\/","name":"Mundoacuicola","description":"Revista de Acuicultura.","publisher":{"@id":"https:\/\/www.mundoacuicola.cl\/new\/#organization"},"potentialAction":[{"@type":"SearchAction","target":{"@type":"EntryPoint","urlTemplate":"https:\/\/www.mundoacuicola.cl\/new\/?s={search_term_string}"},"query-input":{"@type":"PropertyValueSpecification","valueRequired":true,"valueName":"search_term_string"}}],"inLanguage":"es"},{"@type":"Organization","@id":"https:\/\/www.mundoacuicola.cl\/new\/#organization","name":"Mundoacuicola","url":"https:\/\/www.mundoacuicola.cl\/new\/","logo":{"@type":"ImageObject","inLanguage":"es","@id":"https:\/\/www.mundoacuicola.cl\/new\/#\/schema\/logo\/image\/","url":"https:\/\/www.mundoacuicola.cl\/new\/wp-content\/uploads\/2026\/01\/cropped-LOGO-Mundo-Acuicola-2026.png","contentUrl":"https:\/\/www.mundoacuicola.cl\/new\/wp-content\/uploads\/2026\/01\/cropped-LOGO-Mundo-Acuicola-2026.png","width":1252,"height":296,"caption":"Mundoacuicola"},"image":{"@id":"https:\/\/www.mundoacuicola.cl\/new\/#\/schema\/logo\/image\/"},"sameAs":["https:\/\/www.facebook.com\/mundo.acuicola\/","https:\/\/x.com\/mundoacuicola","https:\/\/www.linkedin.com\/in\/mundo-acuicola"]},{"@type":"Person","@id":"https:\/\/www.mundoacuicola.cl\/new\/#\/schema\/person\/52cfe7e461eb2d30484965350ee34bdd","name":"Ricardo Alvarez","url":"https:\/\/www.mundoacuicola.cl\/new\/author\/ricardo\/"}]}},"_links":{"self":[{"href":"https:\/\/www.mundoacuicola.cl\/new\/wp-json\/wp\/v2\/posts\/83046","targetHints":{"allow":["GET"]}}],"collection":[{"href":"https:\/\/www.mundoacuicola.cl\/new\/wp-json\/wp\/v2\/posts"}],"about":[{"href":"https:\/\/www.mundoacuicola.cl\/new\/wp-json\/wp\/v2\/types\/post"}],"author":[{"embeddable":true,"href":"https:\/\/www.mundoacuicola.cl\/new\/wp-json\/wp\/v2\/users\/8"}],"replies":[{"embeddable":true,"href":"https:\/\/www.mundoacuicola.cl\/new\/wp-json\/wp\/v2\/comments?post=83046"}],"version-history":[{"count":0,"href":"https:\/\/www.mundoacuicola.cl\/new\/wp-json\/wp\/v2\/posts\/83046\/revisions"}],"wp:featuredmedia":[{"embeddable":true,"href":"https:\/\/www.mundoacuicola.cl\/new\/wp-json\/wp\/v2\/media\/83047"}],"wp:attachment":[{"href":"https:\/\/www.mundoacuicola.cl\/new\/wp-json\/wp\/v2\/media?parent=83046"}],"wp:term":[{"taxonomy":"category","embeddable":true,"href":"https:\/\/www.mundoacuicola.cl\/new\/wp-json\/wp\/v2\/categories?post=83046"},{"taxonomy":"post_tag","embeddable":true,"href":"https:\/\/www.mundoacuicola.cl\/new\/wp-json\/wp\/v2\/tags?post=83046"}],"curies":[{"name":"wp","href":"https:\/\/api.w.org\/{rel}","templated":true}]}}