{"id":83082,"date":"2025-11-25T14:10:38","date_gmt":"2025-11-25T18:10:38","guid":{"rendered":"https:\/\/www.mundoacuicola.cl\/new\/?p=83082"},"modified":"2025-11-26T16:03:25","modified_gmt":"2025-11-26T20:03:25","slug":"facultad-de-ciencias-ucsc-realizo-cuenta-publica-en-el-marco-del-aniversario-n33","status":"publish","type":"post","link":"https:\/\/www.mundoacuicola.cl\/new\/facultad-de-ciencias-ucsc-realizo-cuenta-publica-en-el-marco-del-aniversario-n33\/","title":{"rendered":"Facultad de Ciencias UCSC realiz\u00f3 cuenta p\u00fablica en el marco del Aniversario N\u00b033"},"content":{"rendered":"<p><span style=\"font-weight: 400;\">Durante noviembre, la Facultad de Ciencias de la Universidad Cat\u00f3lica de la Sant\u00edsima Concepci\u00f3n (UCSC) conmemora su mes de aniversario, con una nutrida programaci\u00f3n que abarca diferentes charlas y actividades que incluye experiencias de internacionalizaci\u00f3n, alumnis y expertos en diferentes materias.<\/span><\/p>\n<p><span style=\"font-weight: 400;\">En esa l\u00ednea, el pasado viernes 21 de noviembre desarroll\u00f3 la tradicional cuenta p\u00fablica a cargo de la Decana Dra. Florence Tellier, dando a conocer los detalles del periodo 2024-2025. En la ocasi\u00f3n, se detallaron los avances en materia de los desaf\u00edos estrat\u00e9gicos en docencia, investigaci\u00f3n e innovaci\u00f3n, vinculaci\u00f3n con el medio y gesti\u00f3n institucional.<\/span><\/p>\n<p><span style=\"font-weight: 400;\">En pregrado se mencionaron los a\u00f1os de acreditaci\u00f3n de las carreras de Biolog\u00eda Marina y Qu\u00edmica Ambiental por seis a\u00f1os, destacando el continuo aumento de la matr\u00edcula y la titulaci\u00f3n oportuna. Este a\u00f1o, el desaf\u00edo principal fue la creaci\u00f3n de una tercera carrera de pregrado: Qu\u00edmica y Farmacia, cuya primera cohorte ingresa el a\u00f1o 2026.<\/span><\/p>\n<p><span style=\"font-weight: 400;\">En cuanto a postgrado, se relev\u00f3 el avance del Doctorado en Ciencias con menci\u00f3n en Biodiversidad y Biorecursos y del Mag\u00edster en Ecolog\u00eda Marina en tem\u00e1ticas como la graduaci\u00f3n oportuna y la adjudicaci\u00f3n de fondos internacionales y del sector productivo. A esto se suma la nutrida oferta de diplomados, que a\u00f1o a a\u00f1o se consolida con nuevas ofertas ligadas a las tem\u00e1ticas contingentes.\u00a0<\/span><\/p>\n<p><span style=\"font-weight: 400;\">Tambi\u00e9n se mencion\u00f3 el trabajo realizado en conjunto con la Facultad de Ingenier\u00eda sobre el Mag\u00edster en Medio Ambiente y la preparaci\u00f3n de un Mag\u00edster en el \u00e1rea de Innovaci\u00f3n, por medio de las universidades que pertenecen al Ciencia 2030, Consorcio Sur Subant\u00e1rtico.\u00a0<\/span><\/p>\n<p><span style=\"font-weight: 400;\">En materia de investigaci\u00f3n, se enfatiz\u00f3 en el aumento sostenido de los art\u00edculos indexados en WoS, y el aporte de la Facultad a los indicadores institucionales. As\u00ed, durante el periodo 2023-2025, el 64% de los art\u00edculos cont\u00f3 con la participaci\u00f3n estudiantil de pregrado y el 59% de postgrado fueron generados en esta unidad.<\/span><\/p>\n<p><span style=\"font-weight: 400;\">Tambi\u00e9n se destacaron las adjudicaciones de proyectos ANID FONDECYT, FONDEF y Tesis Doctoral en el Sector Productivo, donde la Facultad de Ciencias UCSC tiene un notable aporte.<\/span><\/p>\n<h2><b>Aporte transversal<\/b><\/h2>\n<p><span style=\"font-weight: 400;\">Se reconoci\u00f3 el aporte transversal de la Facultad de Ciencias en diferentes proyectos de investigaci\u00f3n de car\u00e1cter internacional, adem\u00e1s de iniciativas de vinculaci\u00f3n con el medio, como el Acuario M\u00f3vil, visitas a la Estaci\u00f3n de Biolog\u00eda Marina ubicada en Caleta Lenga, y actividades conjuntas con la Unidad de Identidad Cat\u00f3lica orientadas al cuidado de la casa com\u00fan. Tambi\u00e9n, se destac\u00f3 el creciente aporte en materia de difusi\u00f3n de la ciencia, con contribuciones que se han materializado en dos libros desarrollados por miembros de la Facultad de Ciencias UCSC.<\/span><\/p>\n<p><span style=\"font-weight: 400;\">Finalmente, se reconoci\u00f3 el rendimiento acad\u00e9mico de estudiantes de Biolog\u00eda Marina, Qu\u00edmica Ambiental, Mag\u00edster en Ecolog\u00eda Marina y Doctorado en Ciencias con menci\u00f3n en Biodiversidad y Biorecursos, con la idea de premiar su esfuerzo y su compromiso con su formaci\u00f3n acad\u00e9mico.<\/span><\/p>\n<p><span style=\"font-weight: 400;\">Los y las estudiantes destacados fueron:<\/span><\/p>\n<p><b>Biolog\u00eda Marina:<\/b><span style=\"font-weight: 400;\"> B\u00e1rbara Araneda, Maira Palomino, Paz Z\u00fa\u00f1iga, Ingger Placencia y \u00d3scar Lobo.<\/span><\/p>\n<p><b>Qu\u00edmica Ambiental:<\/b><span style=\"font-weight: 400;\"> Nicol\u00e1s Monsalves, Yasna Ram\u00edrez, Constanza Sep\u00falveda y Catalina Cole.<\/span><\/p>\n<p><b>Mag\u00edster en Ecolog\u00eda Marina:<\/b><span style=\"font-weight: 400;\"> David Mons\u00e1lvez<\/span><\/p>\n<p><b>Doctorado en Ciencias:<\/b><span style=\"font-weight: 400;\"> Constanza Mill\u00e1n<\/span><\/p>\n<p><span style=\"font-weight: 400;\">Adem\u00e1s, la Direcci\u00f3n de comunicaci\u00f3n Institucional distingui\u00f3 a la Dra. Laura Az\u00f3car por su contribuci\u00f3n y vocer\u00eda en tem\u00e1ticas relacionadas con su l\u00ednea de investigaci\u00f3n y que aportan a difundir informaci\u00f3n en los medios de comunicaci\u00f3n.<\/span><\/p>\n<p><span style=\"font-weight: 400;\">Para finalizar, se dio paso a la exhibici\u00f3n del trailer de un microdocumental desarrollado por un grupo de estudiantes de Biolog\u00eda Marina de la UCSC, dando una muestra del compromiso y del desaf\u00edo de comunicar la relaci\u00f3n de las zonas costeras con la comunidad.<\/span><\/p>\n","protected":false},"excerpt":{"rendered":"<p>El evento destac\u00f3 los avances y desaf\u00edos actuales en materia de investigaci\u00f3n, docencia, vinculaci\u00f3n con el medio, innovaci\u00f3n, entre otros. <\/p>\n","protected":false},"author":8,"featured_media":83086,"comment_status":"closed","ping_status":"closed","sticky":false,"template":"","format":"standard","meta":{"footnotes":""},"categories":[89],"tags":[1681,375,13358,14861,2056,22735,8365,459,215,2100,1859,6779,22282,28161,495,28162],"class_list":["post-83082","post","type-post","status-publish","format-standard","has-post-thumbnail","hentry","category-instituciones","tag-biodiversidad","tag-biologia-marina","tag-biorecursos","tag-ciencia-2030","tag-cuenta-publica","tag-docencia","tag-facultad-de-ciencias","tag-fondecyt","tag-fondef","tag-innovacion","tag-investigacion","tag-magister-en-ecologia-marina","tag-postgrado","tag-quimica-y-farmacia","tag-ucsc","tag-wos"],"yoast_head":"<!-- This site is optimized with the Yoast SEO plugin v27.5 - https:\/\/yoast.com\/product\/yoast-seo-wordpress\/ -->\n<title>Facultad de Ciencias UCSC realiz\u00f3 cuenta p\u00fablica en el marco del Aniversario N\u00b033 - Mundoacuicola<\/title>\n<meta name=\"description\" content=\"El evento destac\u00f3 los avances y desaf\u00edos actuales en materia de investigaci\u00f3n, docencia, vinculaci\u00f3n con el medio, innovaci\u00f3n, entre otros.\" \/>\n<meta name=\"robots\" content=\"index, follow, max-snippet:-1, max-image-preview:large, max-video-preview:-1\" \/>\n<link rel=\"canonical\" href=\"https:\/\/www.mundoacuicola.cl\/new\/facultad-de-ciencias-ucsc-realizo-cuenta-publica-en-el-marco-del-aniversario-n33\/\" \/>\n<meta property=\"og:locale\" content=\"es_ES\" \/>\n<meta property=\"og:type\" content=\"article\" \/>\n<meta property=\"og:title\" content=\"Facultad de Ciencias UCSC realiz\u00f3 cuenta p\u00fablica en el marco del Aniversario N\u00b033 - Mundoacuicola\" \/>\n<meta property=\"og:description\" content=\"El evento destac\u00f3 los avances y desaf\u00edos actuales en materia de investigaci\u00f3n, docencia, vinculaci\u00f3n con el medio, innovaci\u00f3n, entre otros.\" \/>\n<meta property=\"og:url\" content=\"https:\/\/www.mundoacuicola.cl\/new\/facultad-de-ciencias-ucsc-realizo-cuenta-publica-en-el-marco-del-aniversario-n33\/\" \/>\n<meta property=\"og:site_name\" content=\"Mundoacuicola\" \/>\n<meta property=\"article:publisher\" content=\"https:\/\/www.facebook.com\/mundo.acuicola\/\" \/>\n<meta property=\"article:published_time\" content=\"2025-11-25T18:10:38+00:00\" \/>\n<meta property=\"article:modified_time\" content=\"2025-11-26T20:03:25+00:00\" \/>\n<meta property=\"og:image\" content=\"https:\/\/www.mundoacuicola.cl\/new\/wp-content\/uploads\/2025\/11\/UCSConcepcion3455.jpg\" \/>\n\t<meta property=\"og:image:width\" content=\"750\" \/>\n\t<meta property=\"og:image:height\" content=\"400\" \/>\n\t<meta property=\"og:image:type\" content=\"image\/jpeg\" \/>\n<meta name=\"author\" content=\"Ricardo Alvarez\" \/>\n<meta name=\"twitter:card\" content=\"summary_large_image\" \/>\n<meta name=\"twitter:creator\" content=\"@mundoacuicola\" \/>\n<meta name=\"twitter:site\" content=\"@mundoacuicola\" \/>\n<meta name=\"twitter:label1\" content=\"Escrito por\" \/>\n\t<meta name=\"twitter:data1\" content=\"Ricardo Alvarez\" \/>\n\t<meta name=\"twitter:label2\" content=\"Tiempo de lectura\" \/>\n\t<meta name=\"twitter:data2\" content=\"3 minutos\" \/>\n<script type=\"application\/ld+json\" class=\"yoast-schema-graph\">{\"@context\":\"https:\\\/\\\/schema.org\",\"@graph\":[{\"@type\":\"Article\",\"@id\":\"https:\\\/\\\/www.mundoacuicola.cl\\\/new\\\/facultad-de-ciencias-ucsc-realizo-cuenta-publica-en-el-marco-del-aniversario-n33\\\/#article\",\"isPartOf\":{\"@id\":\"https:\\\/\\\/www.mundoacuicola.cl\\\/new\\\/facultad-de-ciencias-ucsc-realizo-cuenta-publica-en-el-marco-del-aniversario-n33\\\/\"},\"author\":{\"name\":\"Ricardo Alvarez\",\"@id\":\"https:\\\/\\\/www.mundoacuicola.cl\\\/new\\\/#\\\/schema\\\/person\\\/52cfe7e461eb2d30484965350ee34bdd\"},\"headline\":\"Facultad de Ciencias UCSC realiz\u00f3 cuenta p\u00fablica en el marco del Aniversario N\u00b033\",\"datePublished\":\"2025-11-25T18:10:38+00:00\",\"dateModified\":\"2025-11-26T20:03:25+00:00\",\"mainEntityOfPage\":{\"@id\":\"https:\\\/\\\/www.mundoacuicola.cl\\\/new\\\/facultad-de-ciencias-ucsc-realizo-cuenta-publica-en-el-marco-del-aniversario-n33\\\/\"},\"wordCount\":690,\"publisher\":{\"@id\":\"https:\\\/\\\/www.mundoacuicola.cl\\\/new\\\/#organization\"},\"image\":{\"@id\":\"https:\\\/\\\/www.mundoacuicola.cl\\\/new\\\/facultad-de-ciencias-ucsc-realizo-cuenta-publica-en-el-marco-del-aniversario-n33\\\/#primaryimage\"},\"thumbnailUrl\":\"https:\\\/\\\/www.mundoacuicola.cl\\\/new\\\/wp-content\\\/uploads\\\/2025\\\/11\\\/UCSConcepcion3455.jpg\",\"keywords\":[\"Biodiversidad\",\"Biolog\u00eda Marina\",\"Biorecursos\",\"Ciencia 2030\",\"Cuenta P\u00fablica\",\"docencia\",\"facultad de ciencias\",\"Fondecyt\",\"FONDEF\",\"Innovaci\u00f3n\",\"Investigaci\u00f3n\",\"Mag\u00edster en Ecolog\u00eda Marina\",\"postgrado\",\"Qu\u00edmica y Farmacia\",\"UCSC\",\"WoS\"],\"articleSection\":[\"Instituciones\"],\"inLanguage\":\"es\"},{\"@type\":\"WebPage\",\"@id\":\"https:\\\/\\\/www.mundoacuicola.cl\\\/new\\\/facultad-de-ciencias-ucsc-realizo-cuenta-publica-en-el-marco-del-aniversario-n33\\\/\",\"url\":\"https:\\\/\\\/www.mundoacuicola.cl\\\/new\\\/facultad-de-ciencias-ucsc-realizo-cuenta-publica-en-el-marco-del-aniversario-n33\\\/\",\"name\":\"Facultad de Ciencias UCSC realiz\u00f3 cuenta p\u00fablica en el marco del Aniversario N\u00b033 - Mundoacuicola\",\"isPartOf\":{\"@id\":\"https:\\\/\\\/www.mundoacuicola.cl\\\/new\\\/#website\"},\"primaryImageOfPage\":{\"@id\":\"https:\\\/\\\/www.mundoacuicola.cl\\\/new\\\/facultad-de-ciencias-ucsc-realizo-cuenta-publica-en-el-marco-del-aniversario-n33\\\/#primaryimage\"},\"image\":{\"@id\":\"https:\\\/\\\/www.mundoacuicola.cl\\\/new\\\/facultad-de-ciencias-ucsc-realizo-cuenta-publica-en-el-marco-del-aniversario-n33\\\/#primaryimage\"},\"thumbnailUrl\":\"https:\\\/\\\/www.mundoacuicola.cl\\\/new\\\/wp-content\\\/uploads\\\/2025\\\/11\\\/UCSConcepcion3455.jpg\",\"datePublished\":\"2025-11-25T18:10:38+00:00\",\"dateModified\":\"2025-11-26T20:03:25+00:00\",\"description\":\"El evento destac\u00f3 los avances y desaf\u00edos actuales en materia de investigaci\u00f3n, docencia, vinculaci\u00f3n con el medio, innovaci\u00f3n, entre otros.\",\"breadcrumb\":{\"@id\":\"https:\\\/\\\/www.mundoacuicola.cl\\\/new\\\/facultad-de-ciencias-ucsc-realizo-cuenta-publica-en-el-marco-del-aniversario-n33\\\/#breadcrumb\"},\"inLanguage\":\"es\",\"potentialAction\":[{\"@type\":\"ReadAction\",\"target\":[\"https:\\\/\\\/www.mundoacuicola.cl\\\/new\\\/facultad-de-ciencias-ucsc-realizo-cuenta-publica-en-el-marco-del-aniversario-n33\\\/\"]}]},{\"@type\":\"ImageObject\",\"inLanguage\":\"es\",\"@id\":\"https:\\\/\\\/www.mundoacuicola.cl\\\/new\\\/facultad-de-ciencias-ucsc-realizo-cuenta-publica-en-el-marco-del-aniversario-n33\\\/#primaryimage\",\"url\":\"https:\\\/\\\/www.mundoacuicola.cl\\\/new\\\/wp-content\\\/uploads\\\/2025\\\/11\\\/UCSConcepcion3455.jpg\",\"contentUrl\":\"https:\\\/\\\/www.mundoacuicola.cl\\\/new\\\/wp-content\\\/uploads\\\/2025\\\/11\\\/UCSConcepcion3455.jpg\",\"width\":750,\"height\":400},{\"@type\":\"BreadcrumbList\",\"@id\":\"https:\\\/\\\/www.mundoacuicola.cl\\\/new\\\/facultad-de-ciencias-ucsc-realizo-cuenta-publica-en-el-marco-del-aniversario-n33\\\/#breadcrumb\",\"itemListElement\":[{\"@type\":\"ListItem\",\"position\":1,\"name\":\"Portada\",\"item\":\"https:\\\/\\\/www.mundoacuicola.cl\\\/new\\\/\"},{\"@type\":\"ListItem\",\"position\":2,\"name\":\"Facultad de Ciencias UCSC realiz\u00f3 cuenta p\u00fablica en el marco del Aniversario N\u00b033\"}]},{\"@type\":\"WebSite\",\"@id\":\"https:\\\/\\\/www.mundoacuicola.cl\\\/new\\\/#website\",\"url\":\"https:\\\/\\\/www.mundoacuicola.cl\\\/new\\\/\",\"name\":\"Mundoacuicola\",\"description\":\"Revista de Acuicultura.\",\"publisher\":{\"@id\":\"https:\\\/\\\/www.mundoacuicola.cl\\\/new\\\/#organization\"},\"potentialAction\":[{\"@type\":\"SearchAction\",\"target\":{\"@type\":\"EntryPoint\",\"urlTemplate\":\"https:\\\/\\\/www.mundoacuicola.cl\\\/new\\\/?s={search_term_string}\"},\"query-input\":{\"@type\":\"PropertyValueSpecification\",\"valueRequired\":true,\"valueName\":\"search_term_string\"}}],\"inLanguage\":\"es\"},{\"@type\":\"Organization\",\"@id\":\"https:\\\/\\\/www.mundoacuicola.cl\\\/new\\\/#organization\",\"name\":\"Mundoacuicola\",\"url\":\"https:\\\/\\\/www.mundoacuicola.cl\\\/new\\\/\",\"logo\":{\"@type\":\"ImageObject\",\"inLanguage\":\"es\",\"@id\":\"https:\\\/\\\/www.mundoacuicola.cl\\\/new\\\/#\\\/schema\\\/logo\\\/image\\\/\",\"url\":\"https:\\\/\\\/www.mundoacuicola.cl\\\/new\\\/wp-content\\\/uploads\\\/2026\\\/01\\\/cropped-LOGO-Mundo-Acuicola-2026.png\",\"contentUrl\":\"https:\\\/\\\/www.mundoacuicola.cl\\\/new\\\/wp-content\\\/uploads\\\/2026\\\/01\\\/cropped-LOGO-Mundo-Acuicola-2026.png\",\"width\":1252,\"height\":296,\"caption\":\"Mundoacuicola\"},\"image\":{\"@id\":\"https:\\\/\\\/www.mundoacuicola.cl\\\/new\\\/#\\\/schema\\\/logo\\\/image\\\/\"},\"sameAs\":[\"https:\\\/\\\/www.facebook.com\\\/mundo.acuicola\\\/\",\"https:\\\/\\\/x.com\\\/mundoacuicola\",\"https:\\\/\\\/www.linkedin.com\\\/in\\\/mundo-acuicola\"]},{\"@type\":\"Person\",\"@id\":\"https:\\\/\\\/www.mundoacuicola.cl\\\/new\\\/#\\\/schema\\\/person\\\/52cfe7e461eb2d30484965350ee34bdd\",\"name\":\"Ricardo Alvarez\",\"url\":\"https:\\\/\\\/www.mundoacuicola.cl\\\/new\\\/author\\\/ricardo\\\/\"}]}<\/script>\n<!-- \/ Yoast SEO plugin. -->","yoast_head_json":{"title":"Facultad de Ciencias UCSC realiz\u00f3 cuenta p\u00fablica en el marco del Aniversario N\u00b033 - Mundoacuicola","description":"El evento destac\u00f3 los avances y desaf\u00edos actuales en materia de investigaci\u00f3n, docencia, vinculaci\u00f3n con el medio, innovaci\u00f3n, entre otros.","robots":{"index":"index","follow":"follow","max-snippet":"max-snippet:-1","max-image-preview":"max-image-preview:large","max-video-preview":"max-video-preview:-1"},"canonical":"https:\/\/www.mundoacuicola.cl\/new\/facultad-de-ciencias-ucsc-realizo-cuenta-publica-en-el-marco-del-aniversario-n33\/","og_locale":"es_ES","og_type":"article","og_title":"Facultad de Ciencias UCSC realiz\u00f3 cuenta p\u00fablica en el marco del Aniversario N\u00b033 - Mundoacuicola","og_description":"El evento destac\u00f3 los avances y desaf\u00edos actuales en materia de investigaci\u00f3n, docencia, vinculaci\u00f3n con el medio, innovaci\u00f3n, entre otros.","og_url":"https:\/\/www.mundoacuicola.cl\/new\/facultad-de-ciencias-ucsc-realizo-cuenta-publica-en-el-marco-del-aniversario-n33\/","og_site_name":"Mundoacuicola","article_publisher":"https:\/\/www.facebook.com\/mundo.acuicola\/","article_published_time":"2025-11-25T18:10:38+00:00","article_modified_time":"2025-11-26T20:03:25+00:00","og_image":[{"width":750,"height":400,"url":"https:\/\/www.mundoacuicola.cl\/new\/wp-content\/uploads\/2025\/11\/UCSConcepcion3455.jpg","type":"image\/jpeg"}],"author":"Ricardo Alvarez","twitter_card":"summary_large_image","twitter_creator":"@mundoacuicola","twitter_site":"@mundoacuicola","twitter_misc":{"Escrito por":"Ricardo Alvarez","Tiempo de lectura":"3 minutos"},"schema":{"@context":"https:\/\/schema.org","@graph":[{"@type":"Article","@id":"https:\/\/www.mundoacuicola.cl\/new\/facultad-de-ciencias-ucsc-realizo-cuenta-publica-en-el-marco-del-aniversario-n33\/#article","isPartOf":{"@id":"https:\/\/www.mundoacuicola.cl\/new\/facultad-de-ciencias-ucsc-realizo-cuenta-publica-en-el-marco-del-aniversario-n33\/"},"author":{"name":"Ricardo Alvarez","@id":"https:\/\/www.mundoacuicola.cl\/new\/#\/schema\/person\/52cfe7e461eb2d30484965350ee34bdd"},"headline":"Facultad de Ciencias UCSC realiz\u00f3 cuenta p\u00fablica en el marco del Aniversario N\u00b033","datePublished":"2025-11-25T18:10:38+00:00","dateModified":"2025-11-26T20:03:25+00:00","mainEntityOfPage":{"@id":"https:\/\/www.mundoacuicola.cl\/new\/facultad-de-ciencias-ucsc-realizo-cuenta-publica-en-el-marco-del-aniversario-n33\/"},"wordCount":690,"publisher":{"@id":"https:\/\/www.mundoacuicola.cl\/new\/#organization"},"image":{"@id":"https:\/\/www.mundoacuicola.cl\/new\/facultad-de-ciencias-ucsc-realizo-cuenta-publica-en-el-marco-del-aniversario-n33\/#primaryimage"},"thumbnailUrl":"https:\/\/www.mundoacuicola.cl\/new\/wp-content\/uploads\/2025\/11\/UCSConcepcion3455.jpg","keywords":["Biodiversidad","Biolog\u00eda Marina","Biorecursos","Ciencia 2030","Cuenta P\u00fablica","docencia","facultad de ciencias","Fondecyt","FONDEF","Innovaci\u00f3n","Investigaci\u00f3n","Mag\u00edster en Ecolog\u00eda Marina","postgrado","Qu\u00edmica y Farmacia","UCSC","WoS"],"articleSection":["Instituciones"],"inLanguage":"es"},{"@type":"WebPage","@id":"https:\/\/www.mundoacuicola.cl\/new\/facultad-de-ciencias-ucsc-realizo-cuenta-publica-en-el-marco-del-aniversario-n33\/","url":"https:\/\/www.mundoacuicola.cl\/new\/facultad-de-ciencias-ucsc-realizo-cuenta-publica-en-el-marco-del-aniversario-n33\/","name":"Facultad de Ciencias UCSC realiz\u00f3 cuenta p\u00fablica en el marco del Aniversario N\u00b033 - Mundoacuicola","isPartOf":{"@id":"https:\/\/www.mundoacuicola.cl\/new\/#website"},"primaryImageOfPage":{"@id":"https:\/\/www.mundoacuicola.cl\/new\/facultad-de-ciencias-ucsc-realizo-cuenta-publica-en-el-marco-del-aniversario-n33\/#primaryimage"},"image":{"@id":"https:\/\/www.mundoacuicola.cl\/new\/facultad-de-ciencias-ucsc-realizo-cuenta-publica-en-el-marco-del-aniversario-n33\/#primaryimage"},"thumbnailUrl":"https:\/\/www.mundoacuicola.cl\/new\/wp-content\/uploads\/2025\/11\/UCSConcepcion3455.jpg","datePublished":"2025-11-25T18:10:38+00:00","dateModified":"2025-11-26T20:03:25+00:00","description":"El evento destac\u00f3 los avances y desaf\u00edos actuales en materia de investigaci\u00f3n, docencia, vinculaci\u00f3n con el medio, innovaci\u00f3n, entre otros.","breadcrumb":{"@id":"https:\/\/www.mundoacuicola.cl\/new\/facultad-de-ciencias-ucsc-realizo-cuenta-publica-en-el-marco-del-aniversario-n33\/#breadcrumb"},"inLanguage":"es","potentialAction":[{"@type":"ReadAction","target":["https:\/\/www.mundoacuicola.cl\/new\/facultad-de-ciencias-ucsc-realizo-cuenta-publica-en-el-marco-del-aniversario-n33\/"]}]},{"@type":"ImageObject","inLanguage":"es","@id":"https:\/\/www.mundoacuicola.cl\/new\/facultad-de-ciencias-ucsc-realizo-cuenta-publica-en-el-marco-del-aniversario-n33\/#primaryimage","url":"https:\/\/www.mundoacuicola.cl\/new\/wp-content\/uploads\/2025\/11\/UCSConcepcion3455.jpg","contentUrl":"https:\/\/www.mundoacuicola.cl\/new\/wp-content\/uploads\/2025\/11\/UCSConcepcion3455.jpg","width":750,"height":400},{"@type":"BreadcrumbList","@id":"https:\/\/www.mundoacuicola.cl\/new\/facultad-de-ciencias-ucsc-realizo-cuenta-publica-en-el-marco-del-aniversario-n33\/#breadcrumb","itemListElement":[{"@type":"ListItem","position":1,"name":"Portada","item":"https:\/\/www.mundoacuicola.cl\/new\/"},{"@type":"ListItem","position":2,"name":"Facultad de Ciencias UCSC realiz\u00f3 cuenta p\u00fablica en el marco del Aniversario N\u00b033"}]},{"@type":"WebSite","@id":"https:\/\/www.mundoacuicola.cl\/new\/#website","url":"https:\/\/www.mundoacuicola.cl\/new\/","name":"Mundoacuicola","description":"Revista de Acuicultura.","publisher":{"@id":"https:\/\/www.mundoacuicola.cl\/new\/#organization"},"potentialAction":[{"@type":"SearchAction","target":{"@type":"EntryPoint","urlTemplate":"https:\/\/www.mundoacuicola.cl\/new\/?s={search_term_string}"},"query-input":{"@type":"PropertyValueSpecification","valueRequired":true,"valueName":"search_term_string"}}],"inLanguage":"es"},{"@type":"Organization","@id":"https:\/\/www.mundoacuicola.cl\/new\/#organization","name":"Mundoacuicola","url":"https:\/\/www.mundoacuicola.cl\/new\/","logo":{"@type":"ImageObject","inLanguage":"es","@id":"https:\/\/www.mundoacuicola.cl\/new\/#\/schema\/logo\/image\/","url":"https:\/\/www.mundoacuicola.cl\/new\/wp-content\/uploads\/2026\/01\/cropped-LOGO-Mundo-Acuicola-2026.png","contentUrl":"https:\/\/www.mundoacuicola.cl\/new\/wp-content\/uploads\/2026\/01\/cropped-LOGO-Mundo-Acuicola-2026.png","width":1252,"height":296,"caption":"Mundoacuicola"},"image":{"@id":"https:\/\/www.mundoacuicola.cl\/new\/#\/schema\/logo\/image\/"},"sameAs":["https:\/\/www.facebook.com\/mundo.acuicola\/","https:\/\/x.com\/mundoacuicola","https:\/\/www.linkedin.com\/in\/mundo-acuicola"]},{"@type":"Person","@id":"https:\/\/www.mundoacuicola.cl\/new\/#\/schema\/person\/52cfe7e461eb2d30484965350ee34bdd","name":"Ricardo Alvarez","url":"https:\/\/www.mundoacuicola.cl\/new\/author\/ricardo\/"}]}},"_links":{"self":[{"href":"https:\/\/www.mundoacuicola.cl\/new\/wp-json\/wp\/v2\/posts\/83082","targetHints":{"allow":["GET"]}}],"collection":[{"href":"https:\/\/www.mundoacuicola.cl\/new\/wp-json\/wp\/v2\/posts"}],"about":[{"href":"https:\/\/www.mundoacuicola.cl\/new\/wp-json\/wp\/v2\/types\/post"}],"author":[{"embeddable":true,"href":"https:\/\/www.mundoacuicola.cl\/new\/wp-json\/wp\/v2\/users\/8"}],"replies":[{"embeddable":true,"href":"https:\/\/www.mundoacuicola.cl\/new\/wp-json\/wp\/v2\/comments?post=83082"}],"version-history":[{"count":0,"href":"https:\/\/www.mundoacuicola.cl\/new\/wp-json\/wp\/v2\/posts\/83082\/revisions"}],"wp:featuredmedia":[{"embeddable":true,"href":"https:\/\/www.mundoacuicola.cl\/new\/wp-json\/wp\/v2\/media\/83086"}],"wp:attachment":[{"href":"https:\/\/www.mundoacuicola.cl\/new\/wp-json\/wp\/v2\/media?parent=83082"}],"wp:term":[{"taxonomy":"category","embeddable":true,"href":"https:\/\/www.mundoacuicola.cl\/new\/wp-json\/wp\/v2\/categories?post=83082"},{"taxonomy":"post_tag","embeddable":true,"href":"https:\/\/www.mundoacuicola.cl\/new\/wp-json\/wp\/v2\/tags?post=83082"}],"curies":[{"name":"wp","href":"https:\/\/api.w.org\/{rel}","templated":true}]}}