{"id":83412,"date":"2025-12-04T21:12:36","date_gmt":"2025-12-05T01:12:36","guid":{"rendered":"https:\/\/www.mundoacuicola.cl\/new\/?p=83412"},"modified":"2025-12-09T16:57:45","modified_gmt":"2025-12-09T20:57:45","slug":"sea-lice-conference-fijo-su-proxima-version-para-2028-en-bergen","status":"publish","type":"post","link":"https:\/\/www.mundoacuicola.cl\/new\/sea-lice-conference-fijo-su-proxima-version-para-2028-en-bergen\/","title":{"rendered":"Sea Lice Conference fij\u00f3 su pr\u00f3xima versi\u00f3n en Bergen, Noruega"},"content":{"rendered":"<p>\u201cComo comit\u00e9 organizador nos sentimos profundamente satisfechos con el trabajo realizado. Creemos que la calidad de los trabajos presentados fue alta y de mucha diversidad, por lo que tenemos un tremendo insumo para colaborar en la pr\u00f3xima versi\u00f3n. Esperamos que para el 2028, la investigaci\u00f3n siga avanzando cada vez m\u00e1s hacia la aplicabilidad de la problem\u00e1tica del Caligus a nivel mundial, para contribuir directamente a la sustentabilidad de la industria\u201d, expres\u00f3 Sandra Mar\u00edn, del Instituto de Acuicultura y Medio Ambiente, de la Universidad Austral de Chile, sede Puerto Montt.<\/p>\n<p>As\u00ed, con un balance positivo y el anuncio de que la pr\u00f3xima conferencia tendr\u00e1 lugar el 2028, en la ciudad de Bergen, Noruega, concluy\u00f3 la versi\u00f3n 2025 la Sea Lice Conference 2025, que se realiz\u00f3 en Puerto Varas, Chile, entre el 30 de noviembre y el 04 de diciembre.<\/p>\n<p>Con 250 inscritos, la conferencia cont\u00f3 con m\u00e1s de 80 trabajos en formato oral y posters, lo que refleja el dinamismo y diversidad de la investigaci\u00f3n actual en control de par\u00e1sitos, gen\u00e9tica, farmacolog\u00eda, bienestar animal y tecnolog\u00edas emergentes.<\/p>\n<p>Sea Lice Conference: Punto de encuentro para la sustentabilidad acu\u00edcola<\/p>\n<p>El evento, el m\u00e1s importante a nivel mundial en torno al avance en investigaci\u00f3n e innovaci\u00f3n relacionado al piojo de mar, fue destacado por la Subdirectora de Acuicultura de Sernapesca, M\u00f3nica Rojas, quien expres\u00f3 que \u201cla instancia permite a los actores del ecosistema acu\u00edcola compartir experiencias que contribuyen al manejo sostenible del sector\u201d.<\/p>\n<p>Asimismo, el Acad\u00e9mico de la University of Prince Edward Island, de Canada, Dr. Mark\u00a0 Fast manifest\u00f3 que \u201ctener esta comunidad trabajando en conjunto para soluciones para el piojo de mar es la mejor manera de lograr una industria m\u00e1s sostenible. Contar con personas que conocen el problema y pueden aportar soluciones contribuye mucho al sector\u201d.<\/p>\n<p>Los participantes coincidieron en la importancia de la tr\u00edada del sector p\u00fablico, el sector privado y la academia es vital para encontrar soluciones innovadoras que apunten a los desaf\u00edos del futuro.<\/p>\n<p>\u201cLa interacci\u00f3n entre el conocimiento relevante que genera la academia y el quehacer de las empresas productoras para dar soluci\u00f3n a los desaf\u00edos que hoy enfrentamos permite intercambiar experiencias, aterrizar pr\u00e1cticas enfocadas principalmente en la prevenci\u00f3n, en el control, y en el conocimiento de la biolog\u00eda del par\u00e1sito, permitiendo un manejo m\u00e1s sustentable y sostenible del mismo\u201d, expres\u00f3 Alejandro Heisinger, gerente de Salud del Grupo AquaChile.<\/p>\n<p>Asu vez, el Director del Centro INCAR\u00b2, Dr Cristian Gallardo-Esc\u00e1rate, manifest\u00f3 que \u201cesta conferencia ratifica el liderazgo que tiene Chile en investigaci\u00f3n, en desarrollo, en temas de c\u00e1ligus. Logramos armar un programa cient\u00edfico de alto nivel con m\u00e1s de 200 asistentes que han repletado todas las sesiones\u201d.<\/p>\n<p>El Dr. Gallardo-Esc\u00e1rate destac\u00f3 tambi\u00e9n la innovaci\u00f3n y talento joven involucrado en esta versi\u00f3n \u201cYo creo que eso est\u00e1 abriendo la puerta a que nuevos m\u00e9todos de control sean m\u00e1s efectivos. Hay mucho talento por metro cuadrado en Chile, justamente en investigaci\u00f3n y desarrollo en salmonicultura. As\u00ed que hay que aprovecharlo, hay que potenciarlo, y es algo que impulsaremos desde el Centro INCAR\u00b2\u201d.<\/p>\n<p>La presente versi\u00f3n fue organizada por el Instituto de Acuicultura de la Universidad Austral de Chile, sede Puerto Montt; el Centro Interdisciplinario para la Investigaci\u00f3n Acu\u00edcola (INCAR) y el Instituto Tecnol\u00f3gico del Salm\u00f3n (INTESAL) y est\u00e1 auspiciado por MSD Salud Animal, Cflow, Sudvet corp, Mowi Chile, AQUA PHARMA Group, Aquabyte, STIM, Tidal e Imenco, con Salmonexpert, Medios AQUA, InfoSALMON, Mundo Acu\u00edcola, Panorama Acu\u00edcola y AQUACULTURE Magazine como Media Partners.<\/p>\n","protected":false},"excerpt":{"rendered":"<p>Con el anuncio de que la pr\u00f3xima conferencia tendr\u00e1 lugar el 2028, en la ciudad de Bergen, Noruega, concluy\u00f3 la versi\u00f3n 2025 la Sea Lice Conference 2025, que se realiz\u00f3 en Puerto Varas, Chile.<\/p>\n","protected":false},"author":8,"featured_media":83413,"comment_status":"closed","ping_status":"closed","sticky":false,"template":"","format":"standard","meta":{"footnotes":""},"categories":[60],"tags":[11515,475,473,109,476,197,2465],"class_list":["post-83412","post","type-post","status-publish","format-standard","has-post-thumbnail","hentry","category-salmonicultura","tag-bergen","tag-caligus","tag-incar","tag-mundo-acuicola","tag-piojo-de-mar","tag-salmonicultura","tag-sea-lice-conference"],"yoast_head":"<!-- This site is optimized with the Yoast SEO plugin v27.5 - https:\/\/yoast.com\/product\/yoast-seo-wordpress\/ -->\n<title>Sea Lice Conference fij\u00f3 su pr\u00f3xima versi\u00f3n en Bergen, Noruega - Mundoacuicola<\/title>\n<meta name=\"description\" content=\"Con el anuncio de que la pr\u00f3xima conferencia tendr\u00e1 lugar el 2028, en Noruega, concluy\u00f3 la versi\u00f3n 2025 de la Sea Lice Conference\" \/>\n<meta name=\"robots\" content=\"index, follow, max-snippet:-1, max-image-preview:large, max-video-preview:-1\" \/>\n<link rel=\"canonical\" href=\"https:\/\/www.mundoacuicola.cl\/new\/sea-lice-conference-fijo-su-proxima-version-para-2028-en-bergen\/\" \/>\n<meta property=\"og:locale\" content=\"es_ES\" \/>\n<meta property=\"og:type\" content=\"article\" \/>\n<meta property=\"og:title\" content=\"Sea Lice Conference fij\u00f3 su pr\u00f3xima versi\u00f3n en Bergen, Noruega - Mundoacuicola\" \/>\n<meta property=\"og:description\" content=\"Con el anuncio de que la pr\u00f3xima conferencia tendr\u00e1 lugar el 2028, en Noruega, concluy\u00f3 la versi\u00f3n 2025 de la Sea Lice Conference\" \/>\n<meta property=\"og:url\" content=\"https:\/\/www.mundoacuicola.cl\/new\/sea-lice-conference-fijo-su-proxima-version-para-2028-en-bergen\/\" \/>\n<meta property=\"og:site_name\" content=\"Mundoacuicola\" \/>\n<meta property=\"article:publisher\" content=\"https:\/\/www.facebook.com\/mundo.acuicola\/\" \/>\n<meta property=\"article:published_time\" content=\"2025-12-05T01:12:36+00:00\" \/>\n<meta property=\"article:modified_time\" content=\"2025-12-09T20:57:45+00:00\" \/>\n<meta property=\"og:image\" content=\"https:\/\/www.mundoacuicola.cl\/new\/wp-content\/uploads\/2025\/12\/SeaLiceCierre.jpeg\" \/>\n\t<meta property=\"og:image:width\" content=\"750\" \/>\n\t<meta property=\"og:image:height\" content=\"400\" \/>\n\t<meta property=\"og:image:type\" content=\"image\/jpeg\" \/>\n<meta name=\"author\" content=\"Ricardo Alvarez\" \/>\n<meta name=\"twitter:card\" content=\"summary_large_image\" \/>\n<meta name=\"twitter:creator\" content=\"@mundoacuicola\" \/>\n<meta name=\"twitter:site\" content=\"@mundoacuicola\" \/>\n<meta name=\"twitter:label1\" content=\"Escrito por\" \/>\n\t<meta name=\"twitter:data1\" content=\"Ricardo Alvarez\" \/>\n\t<meta name=\"twitter:label2\" content=\"Tiempo de lectura\" \/>\n\t<meta name=\"twitter:data2\" content=\"3 minutos\" \/>\n<script type=\"application\/ld+json\" class=\"yoast-schema-graph\">{\"@context\":\"https:\\\/\\\/schema.org\",\"@graph\":[{\"@type\":\"Article\",\"@id\":\"https:\\\/\\\/www.mundoacuicola.cl\\\/new\\\/sea-lice-conference-fijo-su-proxima-version-para-2028-en-bergen\\\/#article\",\"isPartOf\":{\"@id\":\"https:\\\/\\\/www.mundoacuicola.cl\\\/new\\\/sea-lice-conference-fijo-su-proxima-version-para-2028-en-bergen\\\/\"},\"author\":{\"name\":\"Ricardo Alvarez\",\"@id\":\"https:\\\/\\\/www.mundoacuicola.cl\\\/new\\\/#\\\/schema\\\/person\\\/52cfe7e461eb2d30484965350ee34bdd\"},\"headline\":\"Sea Lice Conference fij\u00f3 su pr\u00f3xima versi\u00f3n en Bergen, Noruega\",\"datePublished\":\"2025-12-05T01:12:36+00:00\",\"dateModified\":\"2025-12-09T20:57:45+00:00\",\"mainEntityOfPage\":{\"@id\":\"https:\\\/\\\/www.mundoacuicola.cl\\\/new\\\/sea-lice-conference-fijo-su-proxima-version-para-2028-en-bergen\\\/\"},\"wordCount\":625,\"publisher\":{\"@id\":\"https:\\\/\\\/www.mundoacuicola.cl\\\/new\\\/#organization\"},\"image\":{\"@id\":\"https:\\\/\\\/www.mundoacuicola.cl\\\/new\\\/sea-lice-conference-fijo-su-proxima-version-para-2028-en-bergen\\\/#primaryimage\"},\"thumbnailUrl\":\"https:\\\/\\\/www.mundoacuicola.cl\\\/new\\\/wp-content\\\/uploads\\\/2025\\\/12\\\/SeaLiceCierre.jpeg\",\"keywords\":[\"Bergen\",\"C\u00e1ligus\",\"Incar\",\"Mundo Acu\u00edcola\",\"Piojo de mar\",\"salmonicultura\",\"Sea Lice Conference\"],\"articleSection\":[\"Salmonicultura\"],\"inLanguage\":\"es\"},{\"@type\":\"WebPage\",\"@id\":\"https:\\\/\\\/www.mundoacuicola.cl\\\/new\\\/sea-lice-conference-fijo-su-proxima-version-para-2028-en-bergen\\\/\",\"url\":\"https:\\\/\\\/www.mundoacuicola.cl\\\/new\\\/sea-lice-conference-fijo-su-proxima-version-para-2028-en-bergen\\\/\",\"name\":\"Sea Lice Conference fij\u00f3 su pr\u00f3xima versi\u00f3n en Bergen, Noruega - Mundoacuicola\",\"isPartOf\":{\"@id\":\"https:\\\/\\\/www.mundoacuicola.cl\\\/new\\\/#website\"},\"primaryImageOfPage\":{\"@id\":\"https:\\\/\\\/www.mundoacuicola.cl\\\/new\\\/sea-lice-conference-fijo-su-proxima-version-para-2028-en-bergen\\\/#primaryimage\"},\"image\":{\"@id\":\"https:\\\/\\\/www.mundoacuicola.cl\\\/new\\\/sea-lice-conference-fijo-su-proxima-version-para-2028-en-bergen\\\/#primaryimage\"},\"thumbnailUrl\":\"https:\\\/\\\/www.mundoacuicola.cl\\\/new\\\/wp-content\\\/uploads\\\/2025\\\/12\\\/SeaLiceCierre.jpeg\",\"datePublished\":\"2025-12-05T01:12:36+00:00\",\"dateModified\":\"2025-12-09T20:57:45+00:00\",\"description\":\"Con el anuncio de que la pr\u00f3xima conferencia tendr\u00e1 lugar el 2028, en Noruega, concluy\u00f3 la versi\u00f3n 2025 de la Sea Lice Conference\",\"breadcrumb\":{\"@id\":\"https:\\\/\\\/www.mundoacuicola.cl\\\/new\\\/sea-lice-conference-fijo-su-proxima-version-para-2028-en-bergen\\\/#breadcrumb\"},\"inLanguage\":\"es\",\"potentialAction\":[{\"@type\":\"ReadAction\",\"target\":[\"https:\\\/\\\/www.mundoacuicola.cl\\\/new\\\/sea-lice-conference-fijo-su-proxima-version-para-2028-en-bergen\\\/\"]}]},{\"@type\":\"ImageObject\",\"inLanguage\":\"es\",\"@id\":\"https:\\\/\\\/www.mundoacuicola.cl\\\/new\\\/sea-lice-conference-fijo-su-proxima-version-para-2028-en-bergen\\\/#primaryimage\",\"url\":\"https:\\\/\\\/www.mundoacuicola.cl\\\/new\\\/wp-content\\\/uploads\\\/2025\\\/12\\\/SeaLiceCierre.jpeg\",\"contentUrl\":\"https:\\\/\\\/www.mundoacuicola.cl\\\/new\\\/wp-content\\\/uploads\\\/2025\\\/12\\\/SeaLiceCierre.jpeg\",\"width\":750,\"height\":400},{\"@type\":\"BreadcrumbList\",\"@id\":\"https:\\\/\\\/www.mundoacuicola.cl\\\/new\\\/sea-lice-conference-fijo-su-proxima-version-para-2028-en-bergen\\\/#breadcrumb\",\"itemListElement\":[{\"@type\":\"ListItem\",\"position\":1,\"name\":\"Portada\",\"item\":\"https:\\\/\\\/www.mundoacuicola.cl\\\/new\\\/\"},{\"@type\":\"ListItem\",\"position\":2,\"name\":\"Sea Lice Conference fij\u00f3 su pr\u00f3xima versi\u00f3n en Bergen, Noruega\"}]},{\"@type\":\"WebSite\",\"@id\":\"https:\\\/\\\/www.mundoacuicola.cl\\\/new\\\/#website\",\"url\":\"https:\\\/\\\/www.mundoacuicola.cl\\\/new\\\/\",\"name\":\"Mundoacuicola\",\"description\":\"Revista de Acuicultura.\",\"publisher\":{\"@id\":\"https:\\\/\\\/www.mundoacuicola.cl\\\/new\\\/#organization\"},\"potentialAction\":[{\"@type\":\"SearchAction\",\"target\":{\"@type\":\"EntryPoint\",\"urlTemplate\":\"https:\\\/\\\/www.mundoacuicola.cl\\\/new\\\/?s={search_term_string}\"},\"query-input\":{\"@type\":\"PropertyValueSpecification\",\"valueRequired\":true,\"valueName\":\"search_term_string\"}}],\"inLanguage\":\"es\"},{\"@type\":\"Organization\",\"@id\":\"https:\\\/\\\/www.mundoacuicola.cl\\\/new\\\/#organization\",\"name\":\"Mundoacuicola\",\"url\":\"https:\\\/\\\/www.mundoacuicola.cl\\\/new\\\/\",\"logo\":{\"@type\":\"ImageObject\",\"inLanguage\":\"es\",\"@id\":\"https:\\\/\\\/www.mundoacuicola.cl\\\/new\\\/#\\\/schema\\\/logo\\\/image\\\/\",\"url\":\"https:\\\/\\\/www.mundoacuicola.cl\\\/new\\\/wp-content\\\/uploads\\\/2026\\\/01\\\/cropped-LOGO-Mundo-Acuicola-2026.png\",\"contentUrl\":\"https:\\\/\\\/www.mundoacuicola.cl\\\/new\\\/wp-content\\\/uploads\\\/2026\\\/01\\\/cropped-LOGO-Mundo-Acuicola-2026.png\",\"width\":1252,\"height\":296,\"caption\":\"Mundoacuicola\"},\"image\":{\"@id\":\"https:\\\/\\\/www.mundoacuicola.cl\\\/new\\\/#\\\/schema\\\/logo\\\/image\\\/\"},\"sameAs\":[\"https:\\\/\\\/www.facebook.com\\\/mundo.acuicola\\\/\",\"https:\\\/\\\/x.com\\\/mundoacuicola\",\"https:\\\/\\\/www.linkedin.com\\\/in\\\/mundo-acuicola\"]},{\"@type\":\"Person\",\"@id\":\"https:\\\/\\\/www.mundoacuicola.cl\\\/new\\\/#\\\/schema\\\/person\\\/52cfe7e461eb2d30484965350ee34bdd\",\"name\":\"Ricardo Alvarez\",\"url\":\"https:\\\/\\\/www.mundoacuicola.cl\\\/new\\\/author\\\/ricardo\\\/\"}]}<\/script>\n<!-- \/ Yoast SEO plugin. -->","yoast_head_json":{"title":"Sea Lice Conference fij\u00f3 su pr\u00f3xima versi\u00f3n en Bergen, Noruega - Mundoacuicola","description":"Con el anuncio de que la pr\u00f3xima conferencia tendr\u00e1 lugar el 2028, en Noruega, concluy\u00f3 la versi\u00f3n 2025 de la Sea Lice Conference","robots":{"index":"index","follow":"follow","max-snippet":"max-snippet:-1","max-image-preview":"max-image-preview:large","max-video-preview":"max-video-preview:-1"},"canonical":"https:\/\/www.mundoacuicola.cl\/new\/sea-lice-conference-fijo-su-proxima-version-para-2028-en-bergen\/","og_locale":"es_ES","og_type":"article","og_title":"Sea Lice Conference fij\u00f3 su pr\u00f3xima versi\u00f3n en Bergen, Noruega - Mundoacuicola","og_description":"Con el anuncio de que la pr\u00f3xima conferencia tendr\u00e1 lugar el 2028, en Noruega, concluy\u00f3 la versi\u00f3n 2025 de la Sea Lice Conference","og_url":"https:\/\/www.mundoacuicola.cl\/new\/sea-lice-conference-fijo-su-proxima-version-para-2028-en-bergen\/","og_site_name":"Mundoacuicola","article_publisher":"https:\/\/www.facebook.com\/mundo.acuicola\/","article_published_time":"2025-12-05T01:12:36+00:00","article_modified_time":"2025-12-09T20:57:45+00:00","og_image":[{"width":750,"height":400,"url":"https:\/\/www.mundoacuicola.cl\/new\/wp-content\/uploads\/2025\/12\/SeaLiceCierre.jpeg","type":"image\/jpeg"}],"author":"Ricardo Alvarez","twitter_card":"summary_large_image","twitter_creator":"@mundoacuicola","twitter_site":"@mundoacuicola","twitter_misc":{"Escrito por":"Ricardo Alvarez","Tiempo de lectura":"3 minutos"},"schema":{"@context":"https:\/\/schema.org","@graph":[{"@type":"Article","@id":"https:\/\/www.mundoacuicola.cl\/new\/sea-lice-conference-fijo-su-proxima-version-para-2028-en-bergen\/#article","isPartOf":{"@id":"https:\/\/www.mundoacuicola.cl\/new\/sea-lice-conference-fijo-su-proxima-version-para-2028-en-bergen\/"},"author":{"name":"Ricardo Alvarez","@id":"https:\/\/www.mundoacuicola.cl\/new\/#\/schema\/person\/52cfe7e461eb2d30484965350ee34bdd"},"headline":"Sea Lice Conference fij\u00f3 su pr\u00f3xima versi\u00f3n en Bergen, Noruega","datePublished":"2025-12-05T01:12:36+00:00","dateModified":"2025-12-09T20:57:45+00:00","mainEntityOfPage":{"@id":"https:\/\/www.mundoacuicola.cl\/new\/sea-lice-conference-fijo-su-proxima-version-para-2028-en-bergen\/"},"wordCount":625,"publisher":{"@id":"https:\/\/www.mundoacuicola.cl\/new\/#organization"},"image":{"@id":"https:\/\/www.mundoacuicola.cl\/new\/sea-lice-conference-fijo-su-proxima-version-para-2028-en-bergen\/#primaryimage"},"thumbnailUrl":"https:\/\/www.mundoacuicola.cl\/new\/wp-content\/uploads\/2025\/12\/SeaLiceCierre.jpeg","keywords":["Bergen","C\u00e1ligus","Incar","Mundo Acu\u00edcola","Piojo de mar","salmonicultura","Sea Lice Conference"],"articleSection":["Salmonicultura"],"inLanguage":"es"},{"@type":"WebPage","@id":"https:\/\/www.mundoacuicola.cl\/new\/sea-lice-conference-fijo-su-proxima-version-para-2028-en-bergen\/","url":"https:\/\/www.mundoacuicola.cl\/new\/sea-lice-conference-fijo-su-proxima-version-para-2028-en-bergen\/","name":"Sea Lice Conference fij\u00f3 su pr\u00f3xima versi\u00f3n en Bergen, Noruega - Mundoacuicola","isPartOf":{"@id":"https:\/\/www.mundoacuicola.cl\/new\/#website"},"primaryImageOfPage":{"@id":"https:\/\/www.mundoacuicola.cl\/new\/sea-lice-conference-fijo-su-proxima-version-para-2028-en-bergen\/#primaryimage"},"image":{"@id":"https:\/\/www.mundoacuicola.cl\/new\/sea-lice-conference-fijo-su-proxima-version-para-2028-en-bergen\/#primaryimage"},"thumbnailUrl":"https:\/\/www.mundoacuicola.cl\/new\/wp-content\/uploads\/2025\/12\/SeaLiceCierre.jpeg","datePublished":"2025-12-05T01:12:36+00:00","dateModified":"2025-12-09T20:57:45+00:00","description":"Con el anuncio de que la pr\u00f3xima conferencia tendr\u00e1 lugar el 2028, en Noruega, concluy\u00f3 la versi\u00f3n 2025 de la Sea Lice Conference","breadcrumb":{"@id":"https:\/\/www.mundoacuicola.cl\/new\/sea-lice-conference-fijo-su-proxima-version-para-2028-en-bergen\/#breadcrumb"},"inLanguage":"es","potentialAction":[{"@type":"ReadAction","target":["https:\/\/www.mundoacuicola.cl\/new\/sea-lice-conference-fijo-su-proxima-version-para-2028-en-bergen\/"]}]},{"@type":"ImageObject","inLanguage":"es","@id":"https:\/\/www.mundoacuicola.cl\/new\/sea-lice-conference-fijo-su-proxima-version-para-2028-en-bergen\/#primaryimage","url":"https:\/\/www.mundoacuicola.cl\/new\/wp-content\/uploads\/2025\/12\/SeaLiceCierre.jpeg","contentUrl":"https:\/\/www.mundoacuicola.cl\/new\/wp-content\/uploads\/2025\/12\/SeaLiceCierre.jpeg","width":750,"height":400},{"@type":"BreadcrumbList","@id":"https:\/\/www.mundoacuicola.cl\/new\/sea-lice-conference-fijo-su-proxima-version-para-2028-en-bergen\/#breadcrumb","itemListElement":[{"@type":"ListItem","position":1,"name":"Portada","item":"https:\/\/www.mundoacuicola.cl\/new\/"},{"@type":"ListItem","position":2,"name":"Sea Lice Conference fij\u00f3 su pr\u00f3xima versi\u00f3n en Bergen, Noruega"}]},{"@type":"WebSite","@id":"https:\/\/www.mundoacuicola.cl\/new\/#website","url":"https:\/\/www.mundoacuicola.cl\/new\/","name":"Mundoacuicola","description":"Revista de Acuicultura.","publisher":{"@id":"https:\/\/www.mundoacuicola.cl\/new\/#organization"},"potentialAction":[{"@type":"SearchAction","target":{"@type":"EntryPoint","urlTemplate":"https:\/\/www.mundoacuicola.cl\/new\/?s={search_term_string}"},"query-input":{"@type":"PropertyValueSpecification","valueRequired":true,"valueName":"search_term_string"}}],"inLanguage":"es"},{"@type":"Organization","@id":"https:\/\/www.mundoacuicola.cl\/new\/#organization","name":"Mundoacuicola","url":"https:\/\/www.mundoacuicola.cl\/new\/","logo":{"@type":"ImageObject","inLanguage":"es","@id":"https:\/\/www.mundoacuicola.cl\/new\/#\/schema\/logo\/image\/","url":"https:\/\/www.mundoacuicola.cl\/new\/wp-content\/uploads\/2026\/01\/cropped-LOGO-Mundo-Acuicola-2026.png","contentUrl":"https:\/\/www.mundoacuicola.cl\/new\/wp-content\/uploads\/2026\/01\/cropped-LOGO-Mundo-Acuicola-2026.png","width":1252,"height":296,"caption":"Mundoacuicola"},"image":{"@id":"https:\/\/www.mundoacuicola.cl\/new\/#\/schema\/logo\/image\/"},"sameAs":["https:\/\/www.facebook.com\/mundo.acuicola\/","https:\/\/x.com\/mundoacuicola","https:\/\/www.linkedin.com\/in\/mundo-acuicola"]},{"@type":"Person","@id":"https:\/\/www.mundoacuicola.cl\/new\/#\/schema\/person\/52cfe7e461eb2d30484965350ee34bdd","name":"Ricardo Alvarez","url":"https:\/\/www.mundoacuicola.cl\/new\/author\/ricardo\/"}]}},"_links":{"self":[{"href":"https:\/\/www.mundoacuicola.cl\/new\/wp-json\/wp\/v2\/posts\/83412","targetHints":{"allow":["GET"]}}],"collection":[{"href":"https:\/\/www.mundoacuicola.cl\/new\/wp-json\/wp\/v2\/posts"}],"about":[{"href":"https:\/\/www.mundoacuicola.cl\/new\/wp-json\/wp\/v2\/types\/post"}],"author":[{"embeddable":true,"href":"https:\/\/www.mundoacuicola.cl\/new\/wp-json\/wp\/v2\/users\/8"}],"replies":[{"embeddable":true,"href":"https:\/\/www.mundoacuicola.cl\/new\/wp-json\/wp\/v2\/comments?post=83412"}],"version-history":[{"count":0,"href":"https:\/\/www.mundoacuicola.cl\/new\/wp-json\/wp\/v2\/posts\/83412\/revisions"}],"wp:featuredmedia":[{"embeddable":true,"href":"https:\/\/www.mundoacuicola.cl\/new\/wp-json\/wp\/v2\/media\/83413"}],"wp:attachment":[{"href":"https:\/\/www.mundoacuicola.cl\/new\/wp-json\/wp\/v2\/media?parent=83412"}],"wp:term":[{"taxonomy":"category","embeddable":true,"href":"https:\/\/www.mundoacuicola.cl\/new\/wp-json\/wp\/v2\/categories?post=83412"},{"taxonomy":"post_tag","embeddable":true,"href":"https:\/\/www.mundoacuicola.cl\/new\/wp-json\/wp\/v2\/tags?post=83412"}],"curies":[{"name":"wp","href":"https:\/\/api.w.org\/{rel}","templated":true}]}}