{"id":83455,"date":"2025-12-09T11:05:19","date_gmt":"2025-12-09T15:05:19","guid":{"rendered":"https:\/\/www.mundoacuicola.cl\/new\/?p=83455"},"modified":"2025-12-09T11:13:15","modified_gmt":"2025-12-09T15:13:15","slug":"caleta-llico-destaca-como-modelo-para-la-pesca-artesanal-del-biobio","status":"publish","type":"post","link":"https:\/\/www.mundoacuicola.cl\/new\/caleta-llico-destaca-como-modelo-para-la-pesca-artesanal-del-biobio\/","title":{"rendered":"Caleta Llico destaca como modelo para la pesca artesanal del Biob\u00edo"},"content":{"rendered":"<p data-start=\"484\" data-end=\"819\">En una jornada marcada por el di\u00e1logo directo y el reconocimiento al trabajo organizado de la pesca artesanal, el Gobernador Regional del Biob\u00edo, Sergio Giacaman, junto a dirigentes de Ferepa Biob\u00edo, realizaron una visita a Caleta Llico para conocer en terreno los avances, desaf\u00edos y proyectos que impulsa la comunidad pesquera local.<\/p>\n<p data-start=\"821\" data-end=\"1203\">La actividad cont\u00f3 con una masiva participaci\u00f3n de socios del Sindicato de Trabajadores Independientes de la Pesca Artesanal, Buzos Mariscadores y Actividades Conexas de Caleta Llico de Arauco \u201442 socios\u2014 quienes valoraron el encuentro como una oportunidad concreta para mostrar su trayectoria, sus iniciativas productivas y la s\u00f3lida organizaci\u00f3n que los ha caracterizado por a\u00f1os.<\/p>\n<p data-start=\"1205\" data-end=\"1727\"><strong>Caleta Llico: un modelo para Chile<\/strong><\/p>\n<p data-start=\"1205\" data-end=\"1727\">Tras el recorrido, el Gobernador Regional destac\u00f3 la relevancia de Llico dentro del mapa pesquero del pa\u00eds.<br data-start=\"1353\" data-end=\"1356\" \/>\u201cLa Regi\u00f3n del Biob\u00edo es la capital pesquera de Chile y Caleta Llico es un ejemplo para todo el pa\u00eds por su organizaci\u00f3n, su capacidad de obtener recursos y la calidad de sus instalaciones. Este es un modelo que queremos replicar en otras caletas, profesionalizando y consolidando propuestas que integren pesca artesanal, turismo, cultura y gastronom\u00eda\u201d, se\u00f1al\u00f3 Giacaman.<\/p>\n<p data-start=\"1729\" data-end=\"2001\">El Gobernador tambi\u00e9n enfatiz\u00f3 que la Ley de Caletas abre un camino claro para fortalecer estas unidades productivas y que el Gobierno Regional est\u00e1 comprometido con apoyar iniciativas que impulsen el desarrollo econ\u00f3mico, tur\u00edstico y cultural de las comunidades costeras.<\/p>\n<p data-start=\"2003\" data-end=\"2532\"><strong>Sindicato local valora la visita y el reconocimiento<\/strong><\/p>\n<p data-start=\"2003\" data-end=\"2532\">El secretario del Sindicato de Pescadores de Caleta Llico, Rodrigo Jerez, manifest\u00f3 su satisfacci\u00f3n con la presencia de las autoridades y la atenci\u00f3n dedicada a los planteamientos presentados.<br data-start=\"2254\" data-end=\"2257\" \/>\u201cQuedamos muy satisfechos con la visita del Gobernador. Agradecemos que nos hayan escuchado, que conocieran nuestra propuesta y nuestros proyectos. Tenemos un plan de desarrollo que lleva a\u00f1os esperando financiamiento, y este fue el momento preciso para presentarlo\u201d, afirm\u00f3.<\/p>\n<p data-start=\"2534\" data-end=\"2929\">Jerez destac\u00f3 especialmente la amplia experiencia de la organizaci\u00f3n en cultivo de ostras y ostiones, un sello diferenciador que les otorga ventajas frente a otras caletas.<br data-start=\"2706\" data-end=\"2709\" \/>\u201cQue seamos reconocidos como una caleta modelo nos llena de orgullo. Esto es fruto de a\u00f1os de trabajo ordenado y bien realizado. Esperamos que lo conversado hoy se concrete en proyectos reales para la comunidad\u201d, agreg\u00f3.<\/p>\n<p data-start=\"2931\" data-end=\"3523\"><strong>Ferepa Biob\u00edo: \u201cUn ejemplo de gesti\u00f3n que debe replicarse\u201d<\/strong><\/p>\n<p data-start=\"2931\" data-end=\"3523\">El presidente de Ferepa Biob\u00edo, Cristian Arancibia Chand\u00eda, subray\u00f3 la importancia de que las autoridades conozcan en terreno la realidad de las organizaciones con buena estructura y liderazgo.<br data-start=\"3189\" data-end=\"3192\" \/>\u201cEstamos muy contentos con esta visita. El Gobernador pudo recoger directamente las dificultades, necesidades y tambi\u00e9n los avances de Caleta Llico. Para nosotros, es fundamental que las inversiones del Gobierno Regional lleguen a las organizaciones s\u00f3lidas, que trabajan bien y que est\u00e1n preparadas para seguir creciendo\u201d, indic\u00f3.<\/p>\n<p data-start=\"3525\" data-end=\"3763\">Arancibia enfatiz\u00f3 que la experiencia de Caleta Llico representa una oportunidad para impulsar est\u00e1ndares similares en otras caletas del Biob\u00edo, reforzando el rol de Ferepa en la articulaci\u00f3n y fortalecimiento de sus sindicatos afiliados.<\/p>\n<p data-start=\"3765\" data-end=\"4311\"><strong>Un camino com\u00fan para el desarrollo costero<\/strong><\/p>\n<p data-start=\"3765\" data-end=\"4311\">La visita dej\u00f3 de manifiesto la importancia de continuar fortaleciendo la articulaci\u00f3n entre el Gobierno Regional, Ferepa Biob\u00edo y las organizaciones de pescadores artesanales de la regi\u00f3n, permitiendo invertir los recursos de manera eficiente en sindicatos tradicionales que hagan buen uso de los fondos p\u00fablicos. Caleta Llico se posiciona as\u00ed como un referente regional, ejemplo de organizaci\u00f3n, visi\u00f3n y compromiso, y como modelo a replicar en otras comunidades pesqueras del Biob\u00edo y del pa\u00eds.<\/p>\n","protected":false},"excerpt":{"rendered":"<p>La visita del Gobernador Regional del Biob\u00edo a Caleta Llico destac\u00f3 el trabajo organizado de la pesca artesanal y confirm\u00f3 a la caleta como un modelo regional por su gesti\u00f3n, producci\u00f3n y articulaci\u00f3n comunitaria. <\/p>\n","protected":false},"author":8,"featured_media":83460,"comment_status":"closed","ping_status":"closed","sticky":false,"template":"","format":"standard","meta":{"footnotes":""},"categories":[62],"tags":[3130,24740,5956,10967,3131,9976,1235,2083,441,3489],"class_list":["post-83455","post","type-post","status-publish","format-standard","has-post-thumbnail","hentry","category-pesca","tag-biobio","tag-caleta-llico","tag-comunidades-costeras","tag-desarrollo-local","tag-ferepa","tag-gobernador-regional","tag-ostiones","tag-ostras","tag-pesca-artesanal","tag-turismo"],"yoast_head":"<!-- This site is optimized with the Yoast SEO plugin v27.4 - https:\/\/yoast.com\/product\/yoast-seo-wordpress\/ -->\n<title>Caleta Llico destaca como modelo para la pesca artesanal del Biob\u00edo - Mundoacuicola<\/title>\n<meta name=\"description\" content=\"La visita del Gobernador Regional del Biob\u00edo a Caleta Llico destac\u00f3 el trabajo organizado de la pesca artesanal.\" \/>\n<meta name=\"robots\" content=\"index, follow, max-snippet:-1, max-image-preview:large, max-video-preview:-1\" \/>\n<link rel=\"canonical\" href=\"https:\/\/www.mundoacuicola.cl\/new\/caleta-llico-destaca-como-modelo-para-la-pesca-artesanal-del-biobio\/\" \/>\n<meta property=\"og:locale\" content=\"es_ES\" \/>\n<meta property=\"og:type\" content=\"article\" \/>\n<meta property=\"og:title\" content=\"Caleta Llico destaca como modelo para la pesca artesanal del Biob\u00edo - Mundoacuicola\" \/>\n<meta property=\"og:description\" content=\"La visita del Gobernador Regional del Biob\u00edo a Caleta Llico destac\u00f3 el trabajo organizado de la pesca artesanal.\" \/>\n<meta property=\"og:url\" content=\"https:\/\/www.mundoacuicola.cl\/new\/caleta-llico-destaca-como-modelo-para-la-pesca-artesanal-del-biobio\/\" \/>\n<meta property=\"og:site_name\" content=\"Mundoacuicola\" \/>\n<meta property=\"article:publisher\" content=\"https:\/\/www.facebook.com\/mundo.acuicola\/\" \/>\n<meta property=\"article:published_time\" content=\"2025-12-09T15:05:19+00:00\" \/>\n<meta property=\"article:modified_time\" content=\"2025-12-09T15:13:15+00:00\" \/>\n<meta property=\"og:image\" content=\"https:\/\/www.mundoacuicola.cl\/new\/wp-content\/uploads\/2025\/12\/FerepaLlico444.jpg\" \/>\n\t<meta property=\"og:image:width\" content=\"750\" \/>\n\t<meta property=\"og:image:height\" content=\"400\" \/>\n\t<meta property=\"og:image:type\" content=\"image\/jpeg\" \/>\n<meta name=\"author\" content=\"Ricardo Alvarez\" \/>\n<meta name=\"twitter:card\" content=\"summary_large_image\" \/>\n<meta name=\"twitter:creator\" content=\"@mundoacuicola\" \/>\n<meta name=\"twitter:site\" content=\"@mundoacuicola\" \/>\n<meta name=\"twitter:label1\" content=\"Escrito por\" \/>\n\t<meta name=\"twitter:data1\" content=\"Ricardo Alvarez\" \/>\n\t<meta name=\"twitter:label2\" content=\"Tiempo de lectura\" \/>\n\t<meta name=\"twitter:data2\" content=\"3 minutos\" \/>\n<script type=\"application\/ld+json\" class=\"yoast-schema-graph\">{\"@context\":\"https:\\\/\\\/schema.org\",\"@graph\":[{\"@type\":\"Article\",\"@id\":\"https:\\\/\\\/www.mundoacuicola.cl\\\/new\\\/caleta-llico-destaca-como-modelo-para-la-pesca-artesanal-del-biobio\\\/#article\",\"isPartOf\":{\"@id\":\"https:\\\/\\\/www.mundoacuicola.cl\\\/new\\\/caleta-llico-destaca-como-modelo-para-la-pesca-artesanal-del-biobio\\\/\"},\"author\":{\"name\":\"Ricardo Alvarez\",\"@id\":\"https:\\\/\\\/www.mundoacuicola.cl\\\/new\\\/#\\\/schema\\\/person\\\/52cfe7e461eb2d30484965350ee34bdd\"},\"headline\":\"Caleta Llico destaca como modelo para la pesca artesanal del Biob\u00edo\",\"datePublished\":\"2025-12-09T15:05:19+00:00\",\"dateModified\":\"2025-12-09T15:13:15+00:00\",\"mainEntityOfPage\":{\"@id\":\"https:\\\/\\\/www.mundoacuicola.cl\\\/new\\\/caleta-llico-destaca-como-modelo-para-la-pesca-artesanal-del-biobio\\\/\"},\"wordCount\":617,\"publisher\":{\"@id\":\"https:\\\/\\\/www.mundoacuicola.cl\\\/new\\\/#organization\"},\"image\":{\"@id\":\"https:\\\/\\\/www.mundoacuicola.cl\\\/new\\\/caleta-llico-destaca-como-modelo-para-la-pesca-artesanal-del-biobio\\\/#primaryimage\"},\"thumbnailUrl\":\"https:\\\/\\\/www.mundoacuicola.cl\\\/new\\\/wp-content\\\/uploads\\\/2025\\\/12\\\/FerepaLlico444.jpg\",\"keywords\":[\"Biob\u00edo\",\"Caleta Llico\",\"comunidades costeras\",\"desarrollo local\",\"Ferepa\",\"Gobernador Regional\",\"Ostiones\",\"Ostras\",\"Pesca artesanal\",\"turismo\"],\"articleSection\":[\"Pesca\"],\"inLanguage\":\"es\"},{\"@type\":\"WebPage\",\"@id\":\"https:\\\/\\\/www.mundoacuicola.cl\\\/new\\\/caleta-llico-destaca-como-modelo-para-la-pesca-artesanal-del-biobio\\\/\",\"url\":\"https:\\\/\\\/www.mundoacuicola.cl\\\/new\\\/caleta-llico-destaca-como-modelo-para-la-pesca-artesanal-del-biobio\\\/\",\"name\":\"Caleta Llico destaca como modelo para la pesca artesanal del Biob\u00edo - Mundoacuicola\",\"isPartOf\":{\"@id\":\"https:\\\/\\\/www.mundoacuicola.cl\\\/new\\\/#website\"},\"primaryImageOfPage\":{\"@id\":\"https:\\\/\\\/www.mundoacuicola.cl\\\/new\\\/caleta-llico-destaca-como-modelo-para-la-pesca-artesanal-del-biobio\\\/#primaryimage\"},\"image\":{\"@id\":\"https:\\\/\\\/www.mundoacuicola.cl\\\/new\\\/caleta-llico-destaca-como-modelo-para-la-pesca-artesanal-del-biobio\\\/#primaryimage\"},\"thumbnailUrl\":\"https:\\\/\\\/www.mundoacuicola.cl\\\/new\\\/wp-content\\\/uploads\\\/2025\\\/12\\\/FerepaLlico444.jpg\",\"datePublished\":\"2025-12-09T15:05:19+00:00\",\"dateModified\":\"2025-12-09T15:13:15+00:00\",\"description\":\"La visita del Gobernador Regional del Biob\u00edo a Caleta Llico destac\u00f3 el trabajo organizado de la pesca artesanal.\",\"breadcrumb\":{\"@id\":\"https:\\\/\\\/www.mundoacuicola.cl\\\/new\\\/caleta-llico-destaca-como-modelo-para-la-pesca-artesanal-del-biobio\\\/#breadcrumb\"},\"inLanguage\":\"es\",\"potentialAction\":[{\"@type\":\"ReadAction\",\"target\":[\"https:\\\/\\\/www.mundoacuicola.cl\\\/new\\\/caleta-llico-destaca-como-modelo-para-la-pesca-artesanal-del-biobio\\\/\"]}]},{\"@type\":\"ImageObject\",\"inLanguage\":\"es\",\"@id\":\"https:\\\/\\\/www.mundoacuicola.cl\\\/new\\\/caleta-llico-destaca-como-modelo-para-la-pesca-artesanal-del-biobio\\\/#primaryimage\",\"url\":\"https:\\\/\\\/www.mundoacuicola.cl\\\/new\\\/wp-content\\\/uploads\\\/2025\\\/12\\\/FerepaLlico444.jpg\",\"contentUrl\":\"https:\\\/\\\/www.mundoacuicola.cl\\\/new\\\/wp-content\\\/uploads\\\/2025\\\/12\\\/FerepaLlico444.jpg\",\"width\":750,\"height\":400},{\"@type\":\"BreadcrumbList\",\"@id\":\"https:\\\/\\\/www.mundoacuicola.cl\\\/new\\\/caleta-llico-destaca-como-modelo-para-la-pesca-artesanal-del-biobio\\\/#breadcrumb\",\"itemListElement\":[{\"@type\":\"ListItem\",\"position\":1,\"name\":\"Portada\",\"item\":\"https:\\\/\\\/www.mundoacuicola.cl\\\/new\\\/\"},{\"@type\":\"ListItem\",\"position\":2,\"name\":\"Caleta Llico destaca como modelo para la pesca artesanal del Biob\u00edo\"}]},{\"@type\":\"WebSite\",\"@id\":\"https:\\\/\\\/www.mundoacuicola.cl\\\/new\\\/#website\",\"url\":\"https:\\\/\\\/www.mundoacuicola.cl\\\/new\\\/\",\"name\":\"Mundoacuicola\",\"description\":\"Revista de Acuicultura.\",\"publisher\":{\"@id\":\"https:\\\/\\\/www.mundoacuicola.cl\\\/new\\\/#organization\"},\"potentialAction\":[{\"@type\":\"SearchAction\",\"target\":{\"@type\":\"EntryPoint\",\"urlTemplate\":\"https:\\\/\\\/www.mundoacuicola.cl\\\/new\\\/?s={search_term_string}\"},\"query-input\":{\"@type\":\"PropertyValueSpecification\",\"valueRequired\":true,\"valueName\":\"search_term_string\"}}],\"inLanguage\":\"es\"},{\"@type\":\"Organization\",\"@id\":\"https:\\\/\\\/www.mundoacuicola.cl\\\/new\\\/#organization\",\"name\":\"Mundoacuicola\",\"url\":\"https:\\\/\\\/www.mundoacuicola.cl\\\/new\\\/\",\"logo\":{\"@type\":\"ImageObject\",\"inLanguage\":\"es\",\"@id\":\"https:\\\/\\\/www.mundoacuicola.cl\\\/new\\\/#\\\/schema\\\/logo\\\/image\\\/\",\"url\":\"https:\\\/\\\/www.mundoacuicola.cl\\\/new\\\/wp-content\\\/uploads\\\/2026\\\/01\\\/cropped-LOGO-Mundo-Acuicola-2026.png\",\"contentUrl\":\"https:\\\/\\\/www.mundoacuicola.cl\\\/new\\\/wp-content\\\/uploads\\\/2026\\\/01\\\/cropped-LOGO-Mundo-Acuicola-2026.png\",\"width\":1252,\"height\":296,\"caption\":\"Mundoacuicola\"},\"image\":{\"@id\":\"https:\\\/\\\/www.mundoacuicola.cl\\\/new\\\/#\\\/schema\\\/logo\\\/image\\\/\"},\"sameAs\":[\"https:\\\/\\\/www.facebook.com\\\/mundo.acuicola\\\/\",\"https:\\\/\\\/x.com\\\/mundoacuicola\",\"https:\\\/\\\/www.linkedin.com\\\/in\\\/mundo-acuicola\"]},{\"@type\":\"Person\",\"@id\":\"https:\\\/\\\/www.mundoacuicola.cl\\\/new\\\/#\\\/schema\\\/person\\\/52cfe7e461eb2d30484965350ee34bdd\",\"name\":\"Ricardo Alvarez\",\"url\":\"https:\\\/\\\/www.mundoacuicola.cl\\\/new\\\/author\\\/ricardo\\\/\"}]}<\/script>\n<!-- \/ Yoast SEO plugin. -->","yoast_head_json":{"title":"Caleta Llico destaca como modelo para la pesca artesanal del Biob\u00edo - Mundoacuicola","description":"La visita del Gobernador Regional del Biob\u00edo a Caleta Llico destac\u00f3 el trabajo organizado de la pesca artesanal.","robots":{"index":"index","follow":"follow","max-snippet":"max-snippet:-1","max-image-preview":"max-image-preview:large","max-video-preview":"max-video-preview:-1"},"canonical":"https:\/\/www.mundoacuicola.cl\/new\/caleta-llico-destaca-como-modelo-para-la-pesca-artesanal-del-biobio\/","og_locale":"es_ES","og_type":"article","og_title":"Caleta Llico destaca como modelo para la pesca artesanal del Biob\u00edo - Mundoacuicola","og_description":"La visita del Gobernador Regional del Biob\u00edo a Caleta Llico destac\u00f3 el trabajo organizado de la pesca artesanal.","og_url":"https:\/\/www.mundoacuicola.cl\/new\/caleta-llico-destaca-como-modelo-para-la-pesca-artesanal-del-biobio\/","og_site_name":"Mundoacuicola","article_publisher":"https:\/\/www.facebook.com\/mundo.acuicola\/","article_published_time":"2025-12-09T15:05:19+00:00","article_modified_time":"2025-12-09T15:13:15+00:00","og_image":[{"width":750,"height":400,"url":"https:\/\/www.mundoacuicola.cl\/new\/wp-content\/uploads\/2025\/12\/FerepaLlico444.jpg","type":"image\/jpeg"}],"author":"Ricardo Alvarez","twitter_card":"summary_large_image","twitter_creator":"@mundoacuicola","twitter_site":"@mundoacuicola","twitter_misc":{"Escrito por":"Ricardo Alvarez","Tiempo de lectura":"3 minutos"},"schema":{"@context":"https:\/\/schema.org","@graph":[{"@type":"Article","@id":"https:\/\/www.mundoacuicola.cl\/new\/caleta-llico-destaca-como-modelo-para-la-pesca-artesanal-del-biobio\/#article","isPartOf":{"@id":"https:\/\/www.mundoacuicola.cl\/new\/caleta-llico-destaca-como-modelo-para-la-pesca-artesanal-del-biobio\/"},"author":{"name":"Ricardo Alvarez","@id":"https:\/\/www.mundoacuicola.cl\/new\/#\/schema\/person\/52cfe7e461eb2d30484965350ee34bdd"},"headline":"Caleta Llico destaca como modelo para la pesca artesanal del Biob\u00edo","datePublished":"2025-12-09T15:05:19+00:00","dateModified":"2025-12-09T15:13:15+00:00","mainEntityOfPage":{"@id":"https:\/\/www.mundoacuicola.cl\/new\/caleta-llico-destaca-como-modelo-para-la-pesca-artesanal-del-biobio\/"},"wordCount":617,"publisher":{"@id":"https:\/\/www.mundoacuicola.cl\/new\/#organization"},"image":{"@id":"https:\/\/www.mundoacuicola.cl\/new\/caleta-llico-destaca-como-modelo-para-la-pesca-artesanal-del-biobio\/#primaryimage"},"thumbnailUrl":"https:\/\/www.mundoacuicola.cl\/new\/wp-content\/uploads\/2025\/12\/FerepaLlico444.jpg","keywords":["Biob\u00edo","Caleta Llico","comunidades costeras","desarrollo local","Ferepa","Gobernador Regional","Ostiones","Ostras","Pesca artesanal","turismo"],"articleSection":["Pesca"],"inLanguage":"es"},{"@type":"WebPage","@id":"https:\/\/www.mundoacuicola.cl\/new\/caleta-llico-destaca-como-modelo-para-la-pesca-artesanal-del-biobio\/","url":"https:\/\/www.mundoacuicola.cl\/new\/caleta-llico-destaca-como-modelo-para-la-pesca-artesanal-del-biobio\/","name":"Caleta Llico destaca como modelo para la pesca artesanal del Biob\u00edo - Mundoacuicola","isPartOf":{"@id":"https:\/\/www.mundoacuicola.cl\/new\/#website"},"primaryImageOfPage":{"@id":"https:\/\/www.mundoacuicola.cl\/new\/caleta-llico-destaca-como-modelo-para-la-pesca-artesanal-del-biobio\/#primaryimage"},"image":{"@id":"https:\/\/www.mundoacuicola.cl\/new\/caleta-llico-destaca-como-modelo-para-la-pesca-artesanal-del-biobio\/#primaryimage"},"thumbnailUrl":"https:\/\/www.mundoacuicola.cl\/new\/wp-content\/uploads\/2025\/12\/FerepaLlico444.jpg","datePublished":"2025-12-09T15:05:19+00:00","dateModified":"2025-12-09T15:13:15+00:00","description":"La visita del Gobernador Regional del Biob\u00edo a Caleta Llico destac\u00f3 el trabajo organizado de la pesca artesanal.","breadcrumb":{"@id":"https:\/\/www.mundoacuicola.cl\/new\/caleta-llico-destaca-como-modelo-para-la-pesca-artesanal-del-biobio\/#breadcrumb"},"inLanguage":"es","potentialAction":[{"@type":"ReadAction","target":["https:\/\/www.mundoacuicola.cl\/new\/caleta-llico-destaca-como-modelo-para-la-pesca-artesanal-del-biobio\/"]}]},{"@type":"ImageObject","inLanguage":"es","@id":"https:\/\/www.mundoacuicola.cl\/new\/caleta-llico-destaca-como-modelo-para-la-pesca-artesanal-del-biobio\/#primaryimage","url":"https:\/\/www.mundoacuicola.cl\/new\/wp-content\/uploads\/2025\/12\/FerepaLlico444.jpg","contentUrl":"https:\/\/www.mundoacuicola.cl\/new\/wp-content\/uploads\/2025\/12\/FerepaLlico444.jpg","width":750,"height":400},{"@type":"BreadcrumbList","@id":"https:\/\/www.mundoacuicola.cl\/new\/caleta-llico-destaca-como-modelo-para-la-pesca-artesanal-del-biobio\/#breadcrumb","itemListElement":[{"@type":"ListItem","position":1,"name":"Portada","item":"https:\/\/www.mundoacuicola.cl\/new\/"},{"@type":"ListItem","position":2,"name":"Caleta Llico destaca como modelo para la pesca artesanal del Biob\u00edo"}]},{"@type":"WebSite","@id":"https:\/\/www.mundoacuicola.cl\/new\/#website","url":"https:\/\/www.mundoacuicola.cl\/new\/","name":"Mundoacuicola","description":"Revista de Acuicultura.","publisher":{"@id":"https:\/\/www.mundoacuicola.cl\/new\/#organization"},"potentialAction":[{"@type":"SearchAction","target":{"@type":"EntryPoint","urlTemplate":"https:\/\/www.mundoacuicola.cl\/new\/?s={search_term_string}"},"query-input":{"@type":"PropertyValueSpecification","valueRequired":true,"valueName":"search_term_string"}}],"inLanguage":"es"},{"@type":"Organization","@id":"https:\/\/www.mundoacuicola.cl\/new\/#organization","name":"Mundoacuicola","url":"https:\/\/www.mundoacuicola.cl\/new\/","logo":{"@type":"ImageObject","inLanguage":"es","@id":"https:\/\/www.mundoacuicola.cl\/new\/#\/schema\/logo\/image\/","url":"https:\/\/www.mundoacuicola.cl\/new\/wp-content\/uploads\/2026\/01\/cropped-LOGO-Mundo-Acuicola-2026.png","contentUrl":"https:\/\/www.mundoacuicola.cl\/new\/wp-content\/uploads\/2026\/01\/cropped-LOGO-Mundo-Acuicola-2026.png","width":1252,"height":296,"caption":"Mundoacuicola"},"image":{"@id":"https:\/\/www.mundoacuicola.cl\/new\/#\/schema\/logo\/image\/"},"sameAs":["https:\/\/www.facebook.com\/mundo.acuicola\/","https:\/\/x.com\/mundoacuicola","https:\/\/www.linkedin.com\/in\/mundo-acuicola"]},{"@type":"Person","@id":"https:\/\/www.mundoacuicola.cl\/new\/#\/schema\/person\/52cfe7e461eb2d30484965350ee34bdd","name":"Ricardo Alvarez","url":"https:\/\/www.mundoacuicola.cl\/new\/author\/ricardo\/"}]}},"_links":{"self":[{"href":"https:\/\/www.mundoacuicola.cl\/new\/wp-json\/wp\/v2\/posts\/83455","targetHints":{"allow":["GET"]}}],"collection":[{"href":"https:\/\/www.mundoacuicola.cl\/new\/wp-json\/wp\/v2\/posts"}],"about":[{"href":"https:\/\/www.mundoacuicola.cl\/new\/wp-json\/wp\/v2\/types\/post"}],"author":[{"embeddable":true,"href":"https:\/\/www.mundoacuicola.cl\/new\/wp-json\/wp\/v2\/users\/8"}],"replies":[{"embeddable":true,"href":"https:\/\/www.mundoacuicola.cl\/new\/wp-json\/wp\/v2\/comments?post=83455"}],"version-history":[{"count":0,"href":"https:\/\/www.mundoacuicola.cl\/new\/wp-json\/wp\/v2\/posts\/83455\/revisions"}],"wp:featuredmedia":[{"embeddable":true,"href":"https:\/\/www.mundoacuicola.cl\/new\/wp-json\/wp\/v2\/media\/83460"}],"wp:attachment":[{"href":"https:\/\/www.mundoacuicola.cl\/new\/wp-json\/wp\/v2\/media?parent=83455"}],"wp:term":[{"taxonomy":"category","embeddable":true,"href":"https:\/\/www.mundoacuicola.cl\/new\/wp-json\/wp\/v2\/categories?post=83455"},{"taxonomy":"post_tag","embeddable":true,"href":"https:\/\/www.mundoacuicola.cl\/new\/wp-json\/wp\/v2\/tags?post=83455"}],"curies":[{"name":"wp","href":"https:\/\/api.w.org\/{rel}","templated":true}]}}