{"id":83470,"date":"2025-12-09T14:55:47","date_gmt":"2025-12-09T18:55:47","guid":{"rendered":"https:\/\/www.mundoacuicola.cl\/new\/?p=83470"},"modified":"2025-12-10T11:01:42","modified_gmt":"2025-12-10T15:01:42","slug":"aquapacifico-avanza-en-estudio-sobre-colecta-de-semilla-de-moluscos","status":"publish","type":"post","link":"https:\/\/www.mundoacuicola.cl\/new\/aquapacifico-avanza-en-estudio-sobre-colecta-de-semilla-de-moluscos\/","title":{"rendered":"AquaPac\u00edfico avanza en estudio sobre colecta de semilla de moluscos"},"content":{"rendered":"<p>El Centro Tecnol\u00f3gico de Innovaci\u00f3n Acu\u00edcola AquaPac\u00edfico desarrolla actualmente el proyecto \u201cEstudio para la identificaci\u00f3n de \u00e1reas de colecta para captaci\u00f3n de semillas en las regiones de Arica-Parinacota y Tarapac\u00e1\u201d (FIPA 202503), una iniciativa mandatada y financiada por la Subsecretar\u00eda de Pesca y Acuicultura (Subpesca) cuyo objetivo es identificar \u00e1reas de colecta de semilla de moluscos de inter\u00e9s acu\u00edcola en el extremo norte del pa\u00eds, en el marco de la implementaci\u00f3n de la Ley 21.183.<\/p>\n<p>El estudio, de 15 meses de ejecuci\u00f3n, representa un hito para ambas regiones, donde hoy no existe una actividad acu\u00edcola consolidada, pese a experiencias puntuales con ostiones y ostras. Los resultados permitir\u00e1n orientar decisiones estrat\u00e9gicas para evaluar el potencial de impulsar, a futuro, cultivos de especies locales como choro zapato y cholga, tomando como referencia modelos de captaci\u00f3n natural y producci\u00f3n de semillas ya aplicados en el sur del pa\u00eds.<\/p>\n<h2>Del mar al laboratorio: 9 meses de terreno y an\u00e1lisis intensivos<\/h2>\n<p>\u201cPara el desarrollo de este proyecto, AquaPac\u00edfico reuni\u00f3 un equipo multidisciplinario de expertos que integra muestreo de campo y laboratorio para analizar el ecosistema marino del Norte Grande. As\u00ed logramos explicar el comportamiento de los organismos clave y definimos con precisi\u00f3n las \u00e1reas \u00f3ptimas de captaci\u00f3n de semillas\u201d, explica el Director del proyecto y Coordinador de Negocios y TT de AquaPac\u00edfico, Daniel Arriagada.<\/p>\n<p>Por su parte, el asesor cient\u00edfico del centro, Carlos Merino, detalla que el proyecto implica \u201cun esfuerzo operativo de gran escala, centrado principalmente en trabajo de campo. Esto incluye el muestreo sistem\u00e1tico de zooplancton y la instalaci\u00f3n estrat\u00e9gica de colectores a lo largo de m\u00e1s de 400 kil\u00f3metros de costa. Las muestras, que se procesan mensualmente, se analizan rigurosamente para generar datos s\u00f3lidos y precisos que respalden la toma de decisiones basadas en evidencia cient\u00edfica\u201d.<\/p>\n<p>Cada mes, el equipo realiza muestreos en cuatro zonas seleccionadas seg\u00fan criterios t\u00e9cnicos, log\u00edsticos y el conocimiento de pescadores locales. Se trata de Arenillas Negras y Caleta Camarones en Arica-Parinacota, y de Pisagua y Caleta C\u00e1\u00f1amo en Tarapac\u00e1. En cada punto se instalan colectores capaces de captar larvas de forma natural. El material recolectado se analiza por estratos, sumando m\u00e1s de un centenar de muestras procesadas mensualmente, junto con las obtenidas de arrastres de zooplancton.<\/p>\n<p>\u201cPartimos con un preestudio t\u00e9cnico y luego validamos los puntos mediante consulta ciudadana. Escuchar a las comunidades era fundamental, porque son ellos quienes conviven con el mar y conocen mejor su comportamiento\u201d, explica Merino.<\/p>\n<p>Las muestras procesadas se analizan en laboratorio por especialistas del Centro AquaPac\u00edfico: Francisca Cornejo, experta en zooplancton de bivalvos, quien eval\u00faa las muestras obtenidas por arrastre vertical para caracterizar la abundancia y composici\u00f3n larval; mientras que Mar\u00eda Gabriela Nieves, analista de laboratorio, analiza el material fijado en colectores para determinar las tasas de fijaci\u00f3n por estratos y la viabilidad de las semillas.<\/p>\n<p>A esto se suma una evaluaci\u00f3n oceanogr\u00e1fica a cargo del profesional de AquaPac\u00edfico, Ricardo Cunha, que aportar\u00e1 informaci\u00f3n sobre las condiciones f\u00edsico-qu\u00edmicas y las din\u00e1micas marinas en las zonas de muestreo. Tambi\u00e9n incluye una descripci\u00f3n batim\u00e9trica de cada pol\u00edgono en estudio, que permitir\u00e1 contextualizar la profundidad y morfolog\u00eda submarina.<\/p>\n<p>\u201cEste enfoque multifactorial asegura datos complementarios sobre din\u00e1mica planct\u00f3nica, reclutamiento y ambiente marino, integrando muestreo de campo con an\u00e1lisis taxon\u00f3mico, oceanogr\u00e1fico y batim\u00e9trico para validar \u00e1reas \u00f3ptimas de colecta en el Norte Grande\u201d, puntualiza el director de la iniciativa.<\/p>\n<h2>Metodolog\u00eda comparada con modelos sure\u00f1os<\/h2>\n<p>Al igual que en las regiones del Biob\u00edo y Los Lagos, donde la colecta natural de semillas ha consolidado a la industria de ostiones y choritos mediante monitoreo sistem\u00e1tico de plancton y colectores estratificados, este proyecto replica esa metodolog\u00eda validada en el Norte Grande.<\/p>\n<p>Los resultados generados \u2014din\u00e1mica larval, tasas de fijaci\u00f3n y caracterizaci\u00f3n oceanogr\u00e1fica\u2014 se posicionan como insumos clave para sentar las bases cient\u00edficas de una acuicultura sustentable en Arica-Parinacota y Tarapac\u00e1, adaptando \u00e9xitos sure\u00f1os a especies locales como choro zapato y cholga.<\/p>\n<p>Estos datos integrados no s\u00f3lo validan pol\u00edgonos \u00f3ptimos de colecta, sino que proveen herramientas concretas para el dise\u00f1o de hatcheries regionales y planes de producci\u00f3n, replicando el modelo del sur que transform\u00f3 econom\u00edas costeras a trav\u00e9s de evidencia cient\u00edfica aplicada.<\/p>\n<h2>Un avance estrat\u00e9gico para la soberan\u00eda productiva del norte de Chile<\/h2>\n<p>Para AquaPac\u00edfico, este proyecto representa un hito en el fortalecimiento de capacidades cient\u00edficas y t\u00e9cnicas, habilitando oportunidades productivas en regiones hist\u00f3ricamente desatendidas por pol\u00edticas acu\u00edcolas consolidadas.<\/p>\n<p>\u201cSi los resultados confirman disponibilidad significativa de larvas, el norte podr\u00eda replicar \u00e9xitos sure\u00f1os con cultivos sustentables de choro zapato y cholga, diversificando la econom\u00eda local y elevando la resiliencia de comunidades costeras\u201d, concluye el asesor cient\u00edfico Carlos Merino.<\/p>\n","protected":false},"excerpt":{"rendered":"<p>AquaPac\u00edfico ejecuta un estudio mandatado por Subpesca para identificar \u00e1reas \u00f3ptimas de colecta de semillas de moluscos en Arica-Parinacota y Tarapac\u00e1, generando datos oceanogr\u00e1ficos y larvales clave para impulsar una futura acuicultura sustentable en el Norte Grande.<\/p>\n","protected":false},"author":8,"featured_media":83471,"comment_status":"closed","ping_status":"closed","sticky":false,"template":"","format":"standard","meta":{"footnotes":""},"categories":[66],"tags":[143,272,2483,3956,366,2067,759,3561,307,3246],"class_list":["post-83470","post","type-post","status-publish","format-standard","has-post-thumbnail","hentry","category-acuicultura","tag-acuicultura","tag-aquapacifico","tag-arica","tag-cholga","tag-choro-zapato","tag-fipa","tag-moluscos","tag-semillas","tag-subpesca","tag-tarapaca"],"yoast_head":"<!-- This site is optimized with the Yoast SEO plugin v27.5 - https:\/\/yoast.com\/product\/yoast-seo-wordpress\/ -->\n<title>AquaPac\u00edfico avanza en estudio sobre colecta de semilla de moluscos - Mundoacuicola<\/title>\n<meta name=\"description\" content=\"AquaPac\u00edfico ejecuta un estudio mandatado por Subpesca para identificar \u00e1reas \u00f3ptimas de colecta de semillas de moluscos en el Norte Grande.\" \/>\n<meta name=\"robots\" content=\"index, follow, max-snippet:-1, max-image-preview:large, max-video-preview:-1\" \/>\n<link rel=\"canonical\" href=\"https:\/\/www.mundoacuicola.cl\/new\/aquapacifico-avanza-en-estudio-sobre-colecta-de-semilla-de-moluscos\/\" \/>\n<meta property=\"og:locale\" content=\"es_ES\" \/>\n<meta property=\"og:type\" content=\"article\" \/>\n<meta property=\"og:title\" content=\"AquaPac\u00edfico avanza en estudio sobre colecta de semilla de moluscos - Mundoacuicola\" \/>\n<meta property=\"og:description\" content=\"AquaPac\u00edfico ejecuta un estudio mandatado por Subpesca para identificar \u00e1reas \u00f3ptimas de colecta de semillas de moluscos en el Norte Grande.\" \/>\n<meta property=\"og:url\" content=\"https:\/\/www.mundoacuicola.cl\/new\/aquapacifico-avanza-en-estudio-sobre-colecta-de-semilla-de-moluscos\/\" \/>\n<meta property=\"og:site_name\" content=\"Mundoacuicola\" \/>\n<meta property=\"article:publisher\" content=\"https:\/\/www.facebook.com\/mundo.acuicola\/\" \/>\n<meta property=\"article:published_time\" content=\"2025-12-09T18:55:47+00:00\" \/>\n<meta property=\"article:modified_time\" content=\"2025-12-10T15:01:42+00:00\" \/>\n<meta property=\"og:image\" content=\"https:\/\/www.mundoacuicola.cl\/new\/wp-content\/uploads\/2025\/12\/FIPAsemilla222.jpg\" \/>\n\t<meta property=\"og:image:width\" content=\"750\" \/>\n\t<meta property=\"og:image:height\" content=\"400\" \/>\n\t<meta property=\"og:image:type\" content=\"image\/jpeg\" \/>\n<meta name=\"author\" content=\"Ricardo Alvarez\" \/>\n<meta name=\"twitter:card\" content=\"summary_large_image\" \/>\n<meta name=\"twitter:creator\" content=\"@mundoacuicola\" \/>\n<meta name=\"twitter:site\" content=\"@mundoacuicola\" \/>\n<meta name=\"twitter:label1\" content=\"Escrito por\" \/>\n\t<meta name=\"twitter:data1\" content=\"Ricardo Alvarez\" \/>\n\t<meta name=\"twitter:label2\" content=\"Tiempo de lectura\" \/>\n\t<meta name=\"twitter:data2\" content=\"4 minutos\" \/>\n<script type=\"application\/ld+json\" class=\"yoast-schema-graph\">{\"@context\":\"https:\\\/\\\/schema.org\",\"@graph\":[{\"@type\":\"Article\",\"@id\":\"https:\\\/\\\/www.mundoacuicola.cl\\\/new\\\/aquapacifico-avanza-en-estudio-sobre-colecta-de-semilla-de-moluscos\\\/#article\",\"isPartOf\":{\"@id\":\"https:\\\/\\\/www.mundoacuicola.cl\\\/new\\\/aquapacifico-avanza-en-estudio-sobre-colecta-de-semilla-de-moluscos\\\/\"},\"author\":{\"name\":\"Ricardo Alvarez\",\"@id\":\"https:\\\/\\\/www.mundoacuicola.cl\\\/new\\\/#\\\/schema\\\/person\\\/52cfe7e461eb2d30484965350ee34bdd\"},\"headline\":\"AquaPac\u00edfico avanza en estudio sobre colecta de semilla de moluscos\",\"datePublished\":\"2025-12-09T18:55:47+00:00\",\"dateModified\":\"2025-12-10T15:01:42+00:00\",\"mainEntityOfPage\":{\"@id\":\"https:\\\/\\\/www.mundoacuicola.cl\\\/new\\\/aquapacifico-avanza-en-estudio-sobre-colecta-de-semilla-de-moluscos\\\/\"},\"wordCount\":854,\"publisher\":{\"@id\":\"https:\\\/\\\/www.mundoacuicola.cl\\\/new\\\/#organization\"},\"image\":{\"@id\":\"https:\\\/\\\/www.mundoacuicola.cl\\\/new\\\/aquapacifico-avanza-en-estudio-sobre-colecta-de-semilla-de-moluscos\\\/#primaryimage\"},\"thumbnailUrl\":\"https:\\\/\\\/www.mundoacuicola.cl\\\/new\\\/wp-content\\\/uploads\\\/2025\\\/12\\\/FIPAsemilla222.jpg\",\"keywords\":[\"Acuicultura\",\"AquaPac\u00edfico\",\"Arica\",\"cholga\",\"choro zapato\",\"FIPA\",\"Moluscos\",\"semillas\",\"subpesca\",\"Tarapac\u00e1\"],\"articleSection\":[\"Acuicultura\"],\"inLanguage\":\"es\"},{\"@type\":\"WebPage\",\"@id\":\"https:\\\/\\\/www.mundoacuicola.cl\\\/new\\\/aquapacifico-avanza-en-estudio-sobre-colecta-de-semilla-de-moluscos\\\/\",\"url\":\"https:\\\/\\\/www.mundoacuicola.cl\\\/new\\\/aquapacifico-avanza-en-estudio-sobre-colecta-de-semilla-de-moluscos\\\/\",\"name\":\"AquaPac\u00edfico avanza en estudio sobre colecta de semilla de moluscos - Mundoacuicola\",\"isPartOf\":{\"@id\":\"https:\\\/\\\/www.mundoacuicola.cl\\\/new\\\/#website\"},\"primaryImageOfPage\":{\"@id\":\"https:\\\/\\\/www.mundoacuicola.cl\\\/new\\\/aquapacifico-avanza-en-estudio-sobre-colecta-de-semilla-de-moluscos\\\/#primaryimage\"},\"image\":{\"@id\":\"https:\\\/\\\/www.mundoacuicola.cl\\\/new\\\/aquapacifico-avanza-en-estudio-sobre-colecta-de-semilla-de-moluscos\\\/#primaryimage\"},\"thumbnailUrl\":\"https:\\\/\\\/www.mundoacuicola.cl\\\/new\\\/wp-content\\\/uploads\\\/2025\\\/12\\\/FIPAsemilla222.jpg\",\"datePublished\":\"2025-12-09T18:55:47+00:00\",\"dateModified\":\"2025-12-10T15:01:42+00:00\",\"description\":\"AquaPac\u00edfico ejecuta un estudio mandatado por Subpesca para identificar \u00e1reas \u00f3ptimas de colecta de semillas de moluscos en el Norte Grande.\",\"breadcrumb\":{\"@id\":\"https:\\\/\\\/www.mundoacuicola.cl\\\/new\\\/aquapacifico-avanza-en-estudio-sobre-colecta-de-semilla-de-moluscos\\\/#breadcrumb\"},\"inLanguage\":\"es\",\"potentialAction\":[{\"@type\":\"ReadAction\",\"target\":[\"https:\\\/\\\/www.mundoacuicola.cl\\\/new\\\/aquapacifico-avanza-en-estudio-sobre-colecta-de-semilla-de-moluscos\\\/\"]}]},{\"@type\":\"ImageObject\",\"inLanguage\":\"es\",\"@id\":\"https:\\\/\\\/www.mundoacuicola.cl\\\/new\\\/aquapacifico-avanza-en-estudio-sobre-colecta-de-semilla-de-moluscos\\\/#primaryimage\",\"url\":\"https:\\\/\\\/www.mundoacuicola.cl\\\/new\\\/wp-content\\\/uploads\\\/2025\\\/12\\\/FIPAsemilla222.jpg\",\"contentUrl\":\"https:\\\/\\\/www.mundoacuicola.cl\\\/new\\\/wp-content\\\/uploads\\\/2025\\\/12\\\/FIPAsemilla222.jpg\",\"width\":750,\"height\":400},{\"@type\":\"BreadcrumbList\",\"@id\":\"https:\\\/\\\/www.mundoacuicola.cl\\\/new\\\/aquapacifico-avanza-en-estudio-sobre-colecta-de-semilla-de-moluscos\\\/#breadcrumb\",\"itemListElement\":[{\"@type\":\"ListItem\",\"position\":1,\"name\":\"Portada\",\"item\":\"https:\\\/\\\/www.mundoacuicola.cl\\\/new\\\/\"},{\"@type\":\"ListItem\",\"position\":2,\"name\":\"AquaPac\u00edfico avanza en estudio sobre colecta de semilla de moluscos\"}]},{\"@type\":\"WebSite\",\"@id\":\"https:\\\/\\\/www.mundoacuicola.cl\\\/new\\\/#website\",\"url\":\"https:\\\/\\\/www.mundoacuicola.cl\\\/new\\\/\",\"name\":\"Mundoacuicola\",\"description\":\"Revista de Acuicultura.\",\"publisher\":{\"@id\":\"https:\\\/\\\/www.mundoacuicola.cl\\\/new\\\/#organization\"},\"potentialAction\":[{\"@type\":\"SearchAction\",\"target\":{\"@type\":\"EntryPoint\",\"urlTemplate\":\"https:\\\/\\\/www.mundoacuicola.cl\\\/new\\\/?s={search_term_string}\"},\"query-input\":{\"@type\":\"PropertyValueSpecification\",\"valueRequired\":true,\"valueName\":\"search_term_string\"}}],\"inLanguage\":\"es\"},{\"@type\":\"Organization\",\"@id\":\"https:\\\/\\\/www.mundoacuicola.cl\\\/new\\\/#organization\",\"name\":\"Mundoacuicola\",\"url\":\"https:\\\/\\\/www.mundoacuicola.cl\\\/new\\\/\",\"logo\":{\"@type\":\"ImageObject\",\"inLanguage\":\"es\",\"@id\":\"https:\\\/\\\/www.mundoacuicola.cl\\\/new\\\/#\\\/schema\\\/logo\\\/image\\\/\",\"url\":\"https:\\\/\\\/www.mundoacuicola.cl\\\/new\\\/wp-content\\\/uploads\\\/2026\\\/01\\\/cropped-LOGO-Mundo-Acuicola-2026.png\",\"contentUrl\":\"https:\\\/\\\/www.mundoacuicola.cl\\\/new\\\/wp-content\\\/uploads\\\/2026\\\/01\\\/cropped-LOGO-Mundo-Acuicola-2026.png\",\"width\":1252,\"height\":296,\"caption\":\"Mundoacuicola\"},\"image\":{\"@id\":\"https:\\\/\\\/www.mundoacuicola.cl\\\/new\\\/#\\\/schema\\\/logo\\\/image\\\/\"},\"sameAs\":[\"https:\\\/\\\/www.facebook.com\\\/mundo.acuicola\\\/\",\"https:\\\/\\\/x.com\\\/mundoacuicola\",\"https:\\\/\\\/www.linkedin.com\\\/in\\\/mundo-acuicola\"]},{\"@type\":\"Person\",\"@id\":\"https:\\\/\\\/www.mundoacuicola.cl\\\/new\\\/#\\\/schema\\\/person\\\/52cfe7e461eb2d30484965350ee34bdd\",\"name\":\"Ricardo Alvarez\",\"url\":\"https:\\\/\\\/www.mundoacuicola.cl\\\/new\\\/author\\\/ricardo\\\/\"}]}<\/script>\n<!-- \/ Yoast SEO plugin. -->","yoast_head_json":{"title":"AquaPac\u00edfico avanza en estudio sobre colecta de semilla de moluscos - Mundoacuicola","description":"AquaPac\u00edfico ejecuta un estudio mandatado por Subpesca para identificar \u00e1reas \u00f3ptimas de colecta de semillas de moluscos en el Norte Grande.","robots":{"index":"index","follow":"follow","max-snippet":"max-snippet:-1","max-image-preview":"max-image-preview:large","max-video-preview":"max-video-preview:-1"},"canonical":"https:\/\/www.mundoacuicola.cl\/new\/aquapacifico-avanza-en-estudio-sobre-colecta-de-semilla-de-moluscos\/","og_locale":"es_ES","og_type":"article","og_title":"AquaPac\u00edfico avanza en estudio sobre colecta de semilla de moluscos - Mundoacuicola","og_description":"AquaPac\u00edfico ejecuta un estudio mandatado por Subpesca para identificar \u00e1reas \u00f3ptimas de colecta de semillas de moluscos en el Norte Grande.","og_url":"https:\/\/www.mundoacuicola.cl\/new\/aquapacifico-avanza-en-estudio-sobre-colecta-de-semilla-de-moluscos\/","og_site_name":"Mundoacuicola","article_publisher":"https:\/\/www.facebook.com\/mundo.acuicola\/","article_published_time":"2025-12-09T18:55:47+00:00","article_modified_time":"2025-12-10T15:01:42+00:00","og_image":[{"width":750,"height":400,"url":"https:\/\/www.mundoacuicola.cl\/new\/wp-content\/uploads\/2025\/12\/FIPAsemilla222.jpg","type":"image\/jpeg"}],"author":"Ricardo Alvarez","twitter_card":"summary_large_image","twitter_creator":"@mundoacuicola","twitter_site":"@mundoacuicola","twitter_misc":{"Escrito por":"Ricardo Alvarez","Tiempo de lectura":"4 minutos"},"schema":{"@context":"https:\/\/schema.org","@graph":[{"@type":"Article","@id":"https:\/\/www.mundoacuicola.cl\/new\/aquapacifico-avanza-en-estudio-sobre-colecta-de-semilla-de-moluscos\/#article","isPartOf":{"@id":"https:\/\/www.mundoacuicola.cl\/new\/aquapacifico-avanza-en-estudio-sobre-colecta-de-semilla-de-moluscos\/"},"author":{"name":"Ricardo Alvarez","@id":"https:\/\/www.mundoacuicola.cl\/new\/#\/schema\/person\/52cfe7e461eb2d30484965350ee34bdd"},"headline":"AquaPac\u00edfico avanza en estudio sobre colecta de semilla de moluscos","datePublished":"2025-12-09T18:55:47+00:00","dateModified":"2025-12-10T15:01:42+00:00","mainEntityOfPage":{"@id":"https:\/\/www.mundoacuicola.cl\/new\/aquapacifico-avanza-en-estudio-sobre-colecta-de-semilla-de-moluscos\/"},"wordCount":854,"publisher":{"@id":"https:\/\/www.mundoacuicola.cl\/new\/#organization"},"image":{"@id":"https:\/\/www.mundoacuicola.cl\/new\/aquapacifico-avanza-en-estudio-sobre-colecta-de-semilla-de-moluscos\/#primaryimage"},"thumbnailUrl":"https:\/\/www.mundoacuicola.cl\/new\/wp-content\/uploads\/2025\/12\/FIPAsemilla222.jpg","keywords":["Acuicultura","AquaPac\u00edfico","Arica","cholga","choro zapato","FIPA","Moluscos","semillas","subpesca","Tarapac\u00e1"],"articleSection":["Acuicultura"],"inLanguage":"es"},{"@type":"WebPage","@id":"https:\/\/www.mundoacuicola.cl\/new\/aquapacifico-avanza-en-estudio-sobre-colecta-de-semilla-de-moluscos\/","url":"https:\/\/www.mundoacuicola.cl\/new\/aquapacifico-avanza-en-estudio-sobre-colecta-de-semilla-de-moluscos\/","name":"AquaPac\u00edfico avanza en estudio sobre colecta de semilla de moluscos - Mundoacuicola","isPartOf":{"@id":"https:\/\/www.mundoacuicola.cl\/new\/#website"},"primaryImageOfPage":{"@id":"https:\/\/www.mundoacuicola.cl\/new\/aquapacifico-avanza-en-estudio-sobre-colecta-de-semilla-de-moluscos\/#primaryimage"},"image":{"@id":"https:\/\/www.mundoacuicola.cl\/new\/aquapacifico-avanza-en-estudio-sobre-colecta-de-semilla-de-moluscos\/#primaryimage"},"thumbnailUrl":"https:\/\/www.mundoacuicola.cl\/new\/wp-content\/uploads\/2025\/12\/FIPAsemilla222.jpg","datePublished":"2025-12-09T18:55:47+00:00","dateModified":"2025-12-10T15:01:42+00:00","description":"AquaPac\u00edfico ejecuta un estudio mandatado por Subpesca para identificar \u00e1reas \u00f3ptimas de colecta de semillas de moluscos en el Norte Grande.","breadcrumb":{"@id":"https:\/\/www.mundoacuicola.cl\/new\/aquapacifico-avanza-en-estudio-sobre-colecta-de-semilla-de-moluscos\/#breadcrumb"},"inLanguage":"es","potentialAction":[{"@type":"ReadAction","target":["https:\/\/www.mundoacuicola.cl\/new\/aquapacifico-avanza-en-estudio-sobre-colecta-de-semilla-de-moluscos\/"]}]},{"@type":"ImageObject","inLanguage":"es","@id":"https:\/\/www.mundoacuicola.cl\/new\/aquapacifico-avanza-en-estudio-sobre-colecta-de-semilla-de-moluscos\/#primaryimage","url":"https:\/\/www.mundoacuicola.cl\/new\/wp-content\/uploads\/2025\/12\/FIPAsemilla222.jpg","contentUrl":"https:\/\/www.mundoacuicola.cl\/new\/wp-content\/uploads\/2025\/12\/FIPAsemilla222.jpg","width":750,"height":400},{"@type":"BreadcrumbList","@id":"https:\/\/www.mundoacuicola.cl\/new\/aquapacifico-avanza-en-estudio-sobre-colecta-de-semilla-de-moluscos\/#breadcrumb","itemListElement":[{"@type":"ListItem","position":1,"name":"Portada","item":"https:\/\/www.mundoacuicola.cl\/new\/"},{"@type":"ListItem","position":2,"name":"AquaPac\u00edfico avanza en estudio sobre colecta de semilla de moluscos"}]},{"@type":"WebSite","@id":"https:\/\/www.mundoacuicola.cl\/new\/#website","url":"https:\/\/www.mundoacuicola.cl\/new\/","name":"Mundoacuicola","description":"Revista de Acuicultura.","publisher":{"@id":"https:\/\/www.mundoacuicola.cl\/new\/#organization"},"potentialAction":[{"@type":"SearchAction","target":{"@type":"EntryPoint","urlTemplate":"https:\/\/www.mundoacuicola.cl\/new\/?s={search_term_string}"},"query-input":{"@type":"PropertyValueSpecification","valueRequired":true,"valueName":"search_term_string"}}],"inLanguage":"es"},{"@type":"Organization","@id":"https:\/\/www.mundoacuicola.cl\/new\/#organization","name":"Mundoacuicola","url":"https:\/\/www.mundoacuicola.cl\/new\/","logo":{"@type":"ImageObject","inLanguage":"es","@id":"https:\/\/www.mundoacuicola.cl\/new\/#\/schema\/logo\/image\/","url":"https:\/\/www.mundoacuicola.cl\/new\/wp-content\/uploads\/2026\/01\/cropped-LOGO-Mundo-Acuicola-2026.png","contentUrl":"https:\/\/www.mundoacuicola.cl\/new\/wp-content\/uploads\/2026\/01\/cropped-LOGO-Mundo-Acuicola-2026.png","width":1252,"height":296,"caption":"Mundoacuicola"},"image":{"@id":"https:\/\/www.mundoacuicola.cl\/new\/#\/schema\/logo\/image\/"},"sameAs":["https:\/\/www.facebook.com\/mundo.acuicola\/","https:\/\/x.com\/mundoacuicola","https:\/\/www.linkedin.com\/in\/mundo-acuicola"]},{"@type":"Person","@id":"https:\/\/www.mundoacuicola.cl\/new\/#\/schema\/person\/52cfe7e461eb2d30484965350ee34bdd","name":"Ricardo Alvarez","url":"https:\/\/www.mundoacuicola.cl\/new\/author\/ricardo\/"}]}},"_links":{"self":[{"href":"https:\/\/www.mundoacuicola.cl\/new\/wp-json\/wp\/v2\/posts\/83470","targetHints":{"allow":["GET"]}}],"collection":[{"href":"https:\/\/www.mundoacuicola.cl\/new\/wp-json\/wp\/v2\/posts"}],"about":[{"href":"https:\/\/www.mundoacuicola.cl\/new\/wp-json\/wp\/v2\/types\/post"}],"author":[{"embeddable":true,"href":"https:\/\/www.mundoacuicola.cl\/new\/wp-json\/wp\/v2\/users\/8"}],"replies":[{"embeddable":true,"href":"https:\/\/www.mundoacuicola.cl\/new\/wp-json\/wp\/v2\/comments?post=83470"}],"version-history":[{"count":0,"href":"https:\/\/www.mundoacuicola.cl\/new\/wp-json\/wp\/v2\/posts\/83470\/revisions"}],"wp:featuredmedia":[{"embeddable":true,"href":"https:\/\/www.mundoacuicola.cl\/new\/wp-json\/wp\/v2\/media\/83471"}],"wp:attachment":[{"href":"https:\/\/www.mundoacuicola.cl\/new\/wp-json\/wp\/v2\/media?parent=83470"}],"wp:term":[{"taxonomy":"category","embeddable":true,"href":"https:\/\/www.mundoacuicola.cl\/new\/wp-json\/wp\/v2\/categories?post=83470"},{"taxonomy":"post_tag","embeddable":true,"href":"https:\/\/www.mundoacuicola.cl\/new\/wp-json\/wp\/v2\/tags?post=83470"}],"curies":[{"name":"wp","href":"https:\/\/api.w.org\/{rel}","templated":true}]}}