{"id":83476,"date":"2025-12-09T15:46:13","date_gmt":"2025-12-09T19:46:13","guid":{"rendered":"https:\/\/www.mundoacuicola.cl\/new\/?p=83476"},"modified":"2025-12-10T11:09:59","modified_gmt":"2025-12-10T15:09:59","slug":"prochile-y-fundacion-chile-sellan-acuerdos-para-fortalecer-el-ecosistema-emprendedor","status":"publish","type":"post","link":"https:\/\/www.mundoacuicola.cl\/new\/prochile-y-fundacion-chile-sellan-acuerdos-para-fortalecer-el-ecosistema-emprendedor\/","title":{"rendered":"ProChile y Fundaci\u00f3n Chile sellan acuerdos para fortalecer el ecosistema emprendedor"},"content":{"rendered":"<p>ProChile y Fundaci\u00f3n Chile (FCh) firmaron dos convenios de colaboraci\u00f3n orientados a impulsar la internacionalizaci\u00f3n de las startups cient\u00edfico-tecnol\u00f3gicas chilenas, y a contribuir a fortalecer las capacidades exportadoras de las Micro, Peque\u00f1as y Medianas Empresas (MiPymes) de la Regi\u00f3n Metropolitana, a trav\u00e9s del Hub Metropolitano de Emprendimiento, iniciativa liderada por el Gobierno de Santiago, aprobada por el Consejo Regional y ejecutada por Fundaci\u00f3n Chile.<\/p>\n<p><b>El Director General de ProChile, Ignacio Fern\u00e1ndez<\/b>, se\u00f1al\u00f3 que \u00abestas alianzas reflejan el crecimiento que est\u00e1n mostrando las startups chilenas en \u00e1reas tales como ciencia aplicada, soluciones clim\u00e1ticas y tecnolog\u00edas basadas en conocimiento. Cada vez m\u00e1s startups desarrollan soluciones globales, competitivas y requieren apoyo especializado para escalar. La alianza con Fundaci\u00f3n Chile nos permite unir capacidades para acompa\u00f1arlas, combinando infraestructura, programas de aceleraci\u00f3n y nuestra red de oficinas comerciales en m\u00e1s de 40 mercados\u00bb.<\/p>\n<p>Y agreg\u00f3 que \u0093al mismo tiempo, el trabajo conjunto en el Hub Metropolitano fortalecer\u00e1 a las MiPymes de la regi\u00f3n, entreg\u00e1ndoles formaci\u00f3n, informaci\u00f3n estrat\u00e9gica y acceso a oportunidades internacionales. Con estos acuerdos avanzamos en una agenda de internacionalizaci\u00f3n m\u00e1s inclusiva y conectada, que busca que tanto startups como MiPymes puedan proyectarse hacia el mundo con m\u00e1s herramientas y apoyo\u0094.<\/p>\n<p>Por su parte, el\u00a0<b>presidente ejecutivo de Fundaci\u00f3n Chile, Pablo Zamora<\/b>, indic\u00f3 que \u00abpara nosotros, esta alianza con ProChile es una se\u00f1al concreta de c\u00f3mo la colaboraci\u00f3n p\u00fablico-privada puede acelerar soluciones que Chile necesita proyectar al mundo. Es muy significativo que podamos trabajar en conjunto para la exportaci\u00f3n de nuevos servicios y nuevas compa\u00f1\u00edas, y al mismo tiempo poder visibilizar de la mejor manera la forma en que Chile est\u00e1 desarrollando innovaci\u00f3n, ciencia y tecnolog\u00eda, y movilizando el conocimiento\u00bb.<\/p>\n<h3>\u00a0<b>Emprendimientos cient\u00edfico-tecnol\u00f3gicos<\/b><\/h3>\n<p>El primer convenio busca fortalecer el desarrollo y la internacionalizaci\u00f3n de startups de base cient\u00edfica- tecnol\u00f3gica. Para ello, ProChile y FCh trabajar\u00e1n de manera coordinada para, crear instancias de vinculaci\u00f3n con el ecosistema nacional e internacional, facilitar oportunidades de softlanding y promover la transferencia de capacidades.<\/p>\n<p>La alianza se sustenta en startuplab.01, iniciativa impulsada por Fundaci\u00f3n Chile y Corfo, dise\u00f1ada para catalizar el crecimiento de startups cient\u00edfico-tecnol\u00f3gicas enfocadas en resolver desaf\u00edos del cambio clim\u00e1tico mediante tres pilares: infraestructura especializada, con m\u00e1s de 4.000 m\u00b2 de cowork y laboratorios avanzados, programas de acompa\u00f1amiento y una red estrat\u00e9gica de corporativos, inversionistas, asesores y entidades gubernamentales. En este marco, startuplab.01 dispondr\u00e1 de espacios preferenciales, incluyendo cowork, laboratorios y equipamiento para los emprendedores que formen parte de esta colaboraci\u00f3n.<\/p>\n<p>ProChile contribuir\u00e1 con su experiencia en internacionalizaci\u00f3n a trav\u00e9s de la difusi\u00f3n de estas iniciativas, el acompa\u00f1amiento a startups con potencial exportador y el acceso a mercados mediante su red de oficinas comerciales en el exterior.<\/p>\n<h3><b>ProChile se suma al Hub Metropolitano de Emprendimiento<\/b><\/h3>\n<p>El segundo convenio se enmarca en el Hub Metropolitano de Emprendimiento para el Desarrollo Sostenible e Inclusivo), iniciativa liderada por el Gobierno de Santiago, aprobada por el Consejo Regional y ejecutada por Fundaci\u00f3n Chi Su objetivo es fortalecer el ecosistema emprendedor regional a trav\u00e9s de servicios, articulaci\u00f3n y un espacio f\u00edsico de encuentro.<\/p>\n<p>A trav\u00e9s del acuerdo, ProChile colaborar\u00e1 con capacitaci\u00f3n especializada, talleres sobre internacionalizaci\u00f3n, informaci\u00f3n comercial estrat\u00e9gica y acompa\u00f1amiento t\u00e9cnico para MiPymes con perfil exportador. Adem\u00e1s, entregar\u00e1 acceso a su red internacional para identificar oportunidades comerciales y apoyar la inserci\u00f3n de oferta regional en mercados extranjeros.<\/p>\n<p>El Hub Metropolitano, por su parte, articular\u00e1 servicios y actores del ecosistema, facilitar\u00e1 espacios de trabajo colaborativo y difundir\u00e1 las actividades conjuntas para asegurar una alta participaci\u00f3n de emprendedores y peque\u00f1as empresas.<\/p>\n<p>Con estas firmas, ProChile y Fundaci\u00f3n Chile establecen un marco de colaboraci\u00f3n concreto y coordinado que permitir\u00e1 avanzar en acciones orientadas a fortalecer el emprendimiento innovador y a apoyar a las MiPymes con potencial exportador. Ambos convenios facilitan el desarrollo de iniciativas conjuntas y la implementaci\u00f3n de programas que aportar\u00e1n al crecimiento del ecosistema emprendedor del pa\u00eds.<\/p>\n","protected":false},"excerpt":{"rendered":"<p>Los convenios entre ProChile y Fundaci\u00f3n Chile buscan internacionalizar startups cient\u00edfico-tecnol\u00f3gicas y fortalecer las capacidades exportadoras de las MiPymes.<\/p>\n","protected":false},"author":10,"featured_media":83480,"comment_status":"closed","ping_status":"closed","sticky":false,"template":"","format":"standard","meta":{"footnotes":""},"categories":[89],"tags":[1105,787,11531,601,20513],"class_list":["post-83476","post","type-post","status-publish","format-standard","has-post-thumbnail","hentry","category-instituciones","tag-exportaciones","tag-fundacion-chile","tag-mipymes","tag-prochile","tag-sector-exportador"],"yoast_head":"<!-- This site is optimized with the Yoast SEO plugin v27.5 - https:\/\/yoast.com\/product\/yoast-seo-wordpress\/ -->\n<title>ProChile y Fundaci\u00f3n Chile sellan acuerdos para fortalecer el ecosistema emprendedor - Mundoacuicola<\/title>\n<meta name=\"description\" content=\"Los convenios entre ProChile y Fundaci\u00f3n Chile buscan internacionalizar startups y fortalecer sus capacidades exportadoras.\" \/>\n<meta name=\"robots\" content=\"index, follow, max-snippet:-1, max-image-preview:large, max-video-preview:-1\" \/>\n<link rel=\"canonical\" href=\"https:\/\/www.mundoacuicola.cl\/new\/prochile-y-fundacion-chile-sellan-acuerdos-para-fortalecer-el-ecosistema-emprendedor\/\" \/>\n<meta property=\"og:locale\" content=\"es_ES\" \/>\n<meta property=\"og:type\" content=\"article\" \/>\n<meta property=\"og:title\" content=\"ProChile y Fundaci\u00f3n Chile sellan acuerdos para fortalecer el ecosistema emprendedor - Mundoacuicola\" \/>\n<meta property=\"og:description\" content=\"Los convenios entre ProChile y Fundaci\u00f3n Chile buscan internacionalizar startups y fortalecer sus capacidades exportadoras.\" \/>\n<meta property=\"og:url\" content=\"https:\/\/www.mundoacuicola.cl\/new\/prochile-y-fundacion-chile-sellan-acuerdos-para-fortalecer-el-ecosistema-emprendedor\/\" \/>\n<meta property=\"og:site_name\" content=\"Mundoacuicola\" \/>\n<meta property=\"article:publisher\" content=\"https:\/\/www.facebook.com\/mundo.acuicola\/\" \/>\n<meta property=\"article:published_time\" content=\"2025-12-09T19:46:13+00:00\" \/>\n<meta property=\"article:modified_time\" content=\"2025-12-10T15:09:59+00:00\" \/>\n<meta property=\"og:image\" content=\"https:\/\/www.mundoacuicola.cl\/new\/wp-content\/uploads\/2025\/12\/ProChileFundacionChile.jpg\" \/>\n\t<meta property=\"og:image:width\" content=\"750\" \/>\n\t<meta property=\"og:image:height\" content=\"400\" \/>\n\t<meta property=\"og:image:type\" content=\"image\/jpeg\" \/>\n<meta name=\"author\" content=\"mbarrueto\" \/>\n<meta name=\"twitter:card\" content=\"summary_large_image\" \/>\n<meta name=\"twitter:creator\" content=\"@mundoacuicola\" \/>\n<meta name=\"twitter:site\" content=\"@mundoacuicola\" \/>\n<meta name=\"twitter:label1\" content=\"Escrito por\" \/>\n\t<meta name=\"twitter:data1\" content=\"mbarrueto\" \/>\n\t<meta name=\"twitter:label2\" content=\"Tiempo de lectura\" \/>\n\t<meta name=\"twitter:data2\" content=\"4 minutos\" \/>\n<script type=\"application\/ld+json\" class=\"yoast-schema-graph\">{\"@context\":\"https:\\\/\\\/schema.org\",\"@graph\":[{\"@type\":\"Article\",\"@id\":\"https:\\\/\\\/www.mundoacuicola.cl\\\/new\\\/prochile-y-fundacion-chile-sellan-acuerdos-para-fortalecer-el-ecosistema-emprendedor\\\/#article\",\"isPartOf\":{\"@id\":\"https:\\\/\\\/www.mundoacuicola.cl\\\/new\\\/prochile-y-fundacion-chile-sellan-acuerdos-para-fortalecer-el-ecosistema-emprendedor\\\/\"},\"author\":{\"name\":\"mbarrueto\",\"@id\":\"https:\\\/\\\/www.mundoacuicola.cl\\\/new\\\/#\\\/schema\\\/person\\\/c00ffe389abb88bd9254653add139315\"},\"headline\":\"ProChile y Fundaci\u00f3n Chile sellan acuerdos para fortalecer el ecosistema emprendedor\",\"datePublished\":\"2025-12-09T19:46:13+00:00\",\"dateModified\":\"2025-12-10T15:09:59+00:00\",\"mainEntityOfPage\":{\"@id\":\"https:\\\/\\\/www.mundoacuicola.cl\\\/new\\\/prochile-y-fundacion-chile-sellan-acuerdos-para-fortalecer-el-ecosistema-emprendedor\\\/\"},\"wordCount\":720,\"publisher\":{\"@id\":\"https:\\\/\\\/www.mundoacuicola.cl\\\/new\\\/#organization\"},\"image\":{\"@id\":\"https:\\\/\\\/www.mundoacuicola.cl\\\/new\\\/prochile-y-fundacion-chile-sellan-acuerdos-para-fortalecer-el-ecosistema-emprendedor\\\/#primaryimage\"},\"thumbnailUrl\":\"https:\\\/\\\/www.mundoacuicola.cl\\\/new\\\/wp-content\\\/uploads\\\/2025\\\/12\\\/ProChileFundacionChile.jpg\",\"keywords\":[\"Exportaciones\",\"Fundaci\u00f3n Chile\",\"MiPymes\",\"ProChile\",\"sector exportador\"],\"articleSection\":[\"Instituciones\"],\"inLanguage\":\"es\"},{\"@type\":\"WebPage\",\"@id\":\"https:\\\/\\\/www.mundoacuicola.cl\\\/new\\\/prochile-y-fundacion-chile-sellan-acuerdos-para-fortalecer-el-ecosistema-emprendedor\\\/\",\"url\":\"https:\\\/\\\/www.mundoacuicola.cl\\\/new\\\/prochile-y-fundacion-chile-sellan-acuerdos-para-fortalecer-el-ecosistema-emprendedor\\\/\",\"name\":\"ProChile y Fundaci\u00f3n Chile sellan acuerdos para fortalecer el ecosistema emprendedor - Mundoacuicola\",\"isPartOf\":{\"@id\":\"https:\\\/\\\/www.mundoacuicola.cl\\\/new\\\/#website\"},\"primaryImageOfPage\":{\"@id\":\"https:\\\/\\\/www.mundoacuicola.cl\\\/new\\\/prochile-y-fundacion-chile-sellan-acuerdos-para-fortalecer-el-ecosistema-emprendedor\\\/#primaryimage\"},\"image\":{\"@id\":\"https:\\\/\\\/www.mundoacuicola.cl\\\/new\\\/prochile-y-fundacion-chile-sellan-acuerdos-para-fortalecer-el-ecosistema-emprendedor\\\/#primaryimage\"},\"thumbnailUrl\":\"https:\\\/\\\/www.mundoacuicola.cl\\\/new\\\/wp-content\\\/uploads\\\/2025\\\/12\\\/ProChileFundacionChile.jpg\",\"datePublished\":\"2025-12-09T19:46:13+00:00\",\"dateModified\":\"2025-12-10T15:09:59+00:00\",\"description\":\"Los convenios entre ProChile y Fundaci\u00f3n Chile buscan internacionalizar startups y fortalecer sus capacidades exportadoras.\",\"breadcrumb\":{\"@id\":\"https:\\\/\\\/www.mundoacuicola.cl\\\/new\\\/prochile-y-fundacion-chile-sellan-acuerdos-para-fortalecer-el-ecosistema-emprendedor\\\/#breadcrumb\"},\"inLanguage\":\"es\",\"potentialAction\":[{\"@type\":\"ReadAction\",\"target\":[\"https:\\\/\\\/www.mundoacuicola.cl\\\/new\\\/prochile-y-fundacion-chile-sellan-acuerdos-para-fortalecer-el-ecosistema-emprendedor\\\/\"]}]},{\"@type\":\"ImageObject\",\"inLanguage\":\"es\",\"@id\":\"https:\\\/\\\/www.mundoacuicola.cl\\\/new\\\/prochile-y-fundacion-chile-sellan-acuerdos-para-fortalecer-el-ecosistema-emprendedor\\\/#primaryimage\",\"url\":\"https:\\\/\\\/www.mundoacuicola.cl\\\/new\\\/wp-content\\\/uploads\\\/2025\\\/12\\\/ProChileFundacionChile.jpg\",\"contentUrl\":\"https:\\\/\\\/www.mundoacuicola.cl\\\/new\\\/wp-content\\\/uploads\\\/2025\\\/12\\\/ProChileFundacionChile.jpg\",\"width\":750,\"height\":400},{\"@type\":\"BreadcrumbList\",\"@id\":\"https:\\\/\\\/www.mundoacuicola.cl\\\/new\\\/prochile-y-fundacion-chile-sellan-acuerdos-para-fortalecer-el-ecosistema-emprendedor\\\/#breadcrumb\",\"itemListElement\":[{\"@type\":\"ListItem\",\"position\":1,\"name\":\"Portada\",\"item\":\"https:\\\/\\\/www.mundoacuicola.cl\\\/new\\\/\"},{\"@type\":\"ListItem\",\"position\":2,\"name\":\"ProChile y Fundaci\u00f3n Chile sellan acuerdos para fortalecer el ecosistema emprendedor\"}]},{\"@type\":\"WebSite\",\"@id\":\"https:\\\/\\\/www.mundoacuicola.cl\\\/new\\\/#website\",\"url\":\"https:\\\/\\\/www.mundoacuicola.cl\\\/new\\\/\",\"name\":\"Mundoacuicola\",\"description\":\"Revista de Acuicultura.\",\"publisher\":{\"@id\":\"https:\\\/\\\/www.mundoacuicola.cl\\\/new\\\/#organization\"},\"potentialAction\":[{\"@type\":\"SearchAction\",\"target\":{\"@type\":\"EntryPoint\",\"urlTemplate\":\"https:\\\/\\\/www.mundoacuicola.cl\\\/new\\\/?s={search_term_string}\"},\"query-input\":{\"@type\":\"PropertyValueSpecification\",\"valueRequired\":true,\"valueName\":\"search_term_string\"}}],\"inLanguage\":\"es\"},{\"@type\":\"Organization\",\"@id\":\"https:\\\/\\\/www.mundoacuicola.cl\\\/new\\\/#organization\",\"name\":\"Mundoacuicola\",\"url\":\"https:\\\/\\\/www.mundoacuicola.cl\\\/new\\\/\",\"logo\":{\"@type\":\"ImageObject\",\"inLanguage\":\"es\",\"@id\":\"https:\\\/\\\/www.mundoacuicola.cl\\\/new\\\/#\\\/schema\\\/logo\\\/image\\\/\",\"url\":\"https:\\\/\\\/www.mundoacuicola.cl\\\/new\\\/wp-content\\\/uploads\\\/2026\\\/01\\\/cropped-LOGO-Mundo-Acuicola-2026.png\",\"contentUrl\":\"https:\\\/\\\/www.mundoacuicola.cl\\\/new\\\/wp-content\\\/uploads\\\/2026\\\/01\\\/cropped-LOGO-Mundo-Acuicola-2026.png\",\"width\":1252,\"height\":296,\"caption\":\"Mundoacuicola\"},\"image\":{\"@id\":\"https:\\\/\\\/www.mundoacuicola.cl\\\/new\\\/#\\\/schema\\\/logo\\\/image\\\/\"},\"sameAs\":[\"https:\\\/\\\/www.facebook.com\\\/mundo.acuicola\\\/\",\"https:\\\/\\\/x.com\\\/mundoacuicola\",\"https:\\\/\\\/www.linkedin.com\\\/in\\\/mundo-acuicola\"]},{\"@type\":\"Person\",\"@id\":\"https:\\\/\\\/www.mundoacuicola.cl\\\/new\\\/#\\\/schema\\\/person\\\/c00ffe389abb88bd9254653add139315\",\"name\":\"mbarrueto\",\"url\":\"https:\\\/\\\/www.mundoacuicola.cl\\\/new\\\/author\\\/mbarrueto\\\/\"}]}<\/script>\n<!-- \/ Yoast SEO plugin. -->","yoast_head_json":{"title":"ProChile y Fundaci\u00f3n Chile sellan acuerdos para fortalecer el ecosistema emprendedor - Mundoacuicola","description":"Los convenios entre ProChile y Fundaci\u00f3n Chile buscan internacionalizar startups y fortalecer sus capacidades exportadoras.","robots":{"index":"index","follow":"follow","max-snippet":"max-snippet:-1","max-image-preview":"max-image-preview:large","max-video-preview":"max-video-preview:-1"},"canonical":"https:\/\/www.mundoacuicola.cl\/new\/prochile-y-fundacion-chile-sellan-acuerdos-para-fortalecer-el-ecosistema-emprendedor\/","og_locale":"es_ES","og_type":"article","og_title":"ProChile y Fundaci\u00f3n Chile sellan acuerdos para fortalecer el ecosistema emprendedor - Mundoacuicola","og_description":"Los convenios entre ProChile y Fundaci\u00f3n Chile buscan internacionalizar startups y fortalecer sus capacidades exportadoras.","og_url":"https:\/\/www.mundoacuicola.cl\/new\/prochile-y-fundacion-chile-sellan-acuerdos-para-fortalecer-el-ecosistema-emprendedor\/","og_site_name":"Mundoacuicola","article_publisher":"https:\/\/www.facebook.com\/mundo.acuicola\/","article_published_time":"2025-12-09T19:46:13+00:00","article_modified_time":"2025-12-10T15:09:59+00:00","og_image":[{"width":750,"height":400,"url":"https:\/\/www.mundoacuicola.cl\/new\/wp-content\/uploads\/2025\/12\/ProChileFundacionChile.jpg","type":"image\/jpeg"}],"author":"mbarrueto","twitter_card":"summary_large_image","twitter_creator":"@mundoacuicola","twitter_site":"@mundoacuicola","twitter_misc":{"Escrito por":"mbarrueto","Tiempo de lectura":"4 minutos"},"schema":{"@context":"https:\/\/schema.org","@graph":[{"@type":"Article","@id":"https:\/\/www.mundoacuicola.cl\/new\/prochile-y-fundacion-chile-sellan-acuerdos-para-fortalecer-el-ecosistema-emprendedor\/#article","isPartOf":{"@id":"https:\/\/www.mundoacuicola.cl\/new\/prochile-y-fundacion-chile-sellan-acuerdos-para-fortalecer-el-ecosistema-emprendedor\/"},"author":{"name":"mbarrueto","@id":"https:\/\/www.mundoacuicola.cl\/new\/#\/schema\/person\/c00ffe389abb88bd9254653add139315"},"headline":"ProChile y Fundaci\u00f3n Chile sellan acuerdos para fortalecer el ecosistema emprendedor","datePublished":"2025-12-09T19:46:13+00:00","dateModified":"2025-12-10T15:09:59+00:00","mainEntityOfPage":{"@id":"https:\/\/www.mundoacuicola.cl\/new\/prochile-y-fundacion-chile-sellan-acuerdos-para-fortalecer-el-ecosistema-emprendedor\/"},"wordCount":720,"publisher":{"@id":"https:\/\/www.mundoacuicola.cl\/new\/#organization"},"image":{"@id":"https:\/\/www.mundoacuicola.cl\/new\/prochile-y-fundacion-chile-sellan-acuerdos-para-fortalecer-el-ecosistema-emprendedor\/#primaryimage"},"thumbnailUrl":"https:\/\/www.mundoacuicola.cl\/new\/wp-content\/uploads\/2025\/12\/ProChileFundacionChile.jpg","keywords":["Exportaciones","Fundaci\u00f3n Chile","MiPymes","ProChile","sector exportador"],"articleSection":["Instituciones"],"inLanguage":"es"},{"@type":"WebPage","@id":"https:\/\/www.mundoacuicola.cl\/new\/prochile-y-fundacion-chile-sellan-acuerdos-para-fortalecer-el-ecosistema-emprendedor\/","url":"https:\/\/www.mundoacuicola.cl\/new\/prochile-y-fundacion-chile-sellan-acuerdos-para-fortalecer-el-ecosistema-emprendedor\/","name":"ProChile y Fundaci\u00f3n Chile sellan acuerdos para fortalecer el ecosistema emprendedor - Mundoacuicola","isPartOf":{"@id":"https:\/\/www.mundoacuicola.cl\/new\/#website"},"primaryImageOfPage":{"@id":"https:\/\/www.mundoacuicola.cl\/new\/prochile-y-fundacion-chile-sellan-acuerdos-para-fortalecer-el-ecosistema-emprendedor\/#primaryimage"},"image":{"@id":"https:\/\/www.mundoacuicola.cl\/new\/prochile-y-fundacion-chile-sellan-acuerdos-para-fortalecer-el-ecosistema-emprendedor\/#primaryimage"},"thumbnailUrl":"https:\/\/www.mundoacuicola.cl\/new\/wp-content\/uploads\/2025\/12\/ProChileFundacionChile.jpg","datePublished":"2025-12-09T19:46:13+00:00","dateModified":"2025-12-10T15:09:59+00:00","description":"Los convenios entre ProChile y Fundaci\u00f3n Chile buscan internacionalizar startups y fortalecer sus capacidades exportadoras.","breadcrumb":{"@id":"https:\/\/www.mundoacuicola.cl\/new\/prochile-y-fundacion-chile-sellan-acuerdos-para-fortalecer-el-ecosistema-emprendedor\/#breadcrumb"},"inLanguage":"es","potentialAction":[{"@type":"ReadAction","target":["https:\/\/www.mundoacuicola.cl\/new\/prochile-y-fundacion-chile-sellan-acuerdos-para-fortalecer-el-ecosistema-emprendedor\/"]}]},{"@type":"ImageObject","inLanguage":"es","@id":"https:\/\/www.mundoacuicola.cl\/new\/prochile-y-fundacion-chile-sellan-acuerdos-para-fortalecer-el-ecosistema-emprendedor\/#primaryimage","url":"https:\/\/www.mundoacuicola.cl\/new\/wp-content\/uploads\/2025\/12\/ProChileFundacionChile.jpg","contentUrl":"https:\/\/www.mundoacuicola.cl\/new\/wp-content\/uploads\/2025\/12\/ProChileFundacionChile.jpg","width":750,"height":400},{"@type":"BreadcrumbList","@id":"https:\/\/www.mundoacuicola.cl\/new\/prochile-y-fundacion-chile-sellan-acuerdos-para-fortalecer-el-ecosistema-emprendedor\/#breadcrumb","itemListElement":[{"@type":"ListItem","position":1,"name":"Portada","item":"https:\/\/www.mundoacuicola.cl\/new\/"},{"@type":"ListItem","position":2,"name":"ProChile y Fundaci\u00f3n Chile sellan acuerdos para fortalecer el ecosistema emprendedor"}]},{"@type":"WebSite","@id":"https:\/\/www.mundoacuicola.cl\/new\/#website","url":"https:\/\/www.mundoacuicola.cl\/new\/","name":"Mundoacuicola","description":"Revista de Acuicultura.","publisher":{"@id":"https:\/\/www.mundoacuicola.cl\/new\/#organization"},"potentialAction":[{"@type":"SearchAction","target":{"@type":"EntryPoint","urlTemplate":"https:\/\/www.mundoacuicola.cl\/new\/?s={search_term_string}"},"query-input":{"@type":"PropertyValueSpecification","valueRequired":true,"valueName":"search_term_string"}}],"inLanguage":"es"},{"@type":"Organization","@id":"https:\/\/www.mundoacuicola.cl\/new\/#organization","name":"Mundoacuicola","url":"https:\/\/www.mundoacuicola.cl\/new\/","logo":{"@type":"ImageObject","inLanguage":"es","@id":"https:\/\/www.mundoacuicola.cl\/new\/#\/schema\/logo\/image\/","url":"https:\/\/www.mundoacuicola.cl\/new\/wp-content\/uploads\/2026\/01\/cropped-LOGO-Mundo-Acuicola-2026.png","contentUrl":"https:\/\/www.mundoacuicola.cl\/new\/wp-content\/uploads\/2026\/01\/cropped-LOGO-Mundo-Acuicola-2026.png","width":1252,"height":296,"caption":"Mundoacuicola"},"image":{"@id":"https:\/\/www.mundoacuicola.cl\/new\/#\/schema\/logo\/image\/"},"sameAs":["https:\/\/www.facebook.com\/mundo.acuicola\/","https:\/\/x.com\/mundoacuicola","https:\/\/www.linkedin.com\/in\/mundo-acuicola"]},{"@type":"Person","@id":"https:\/\/www.mundoacuicola.cl\/new\/#\/schema\/person\/c00ffe389abb88bd9254653add139315","name":"mbarrueto","url":"https:\/\/www.mundoacuicola.cl\/new\/author\/mbarrueto\/"}]}},"_links":{"self":[{"href":"https:\/\/www.mundoacuicola.cl\/new\/wp-json\/wp\/v2\/posts\/83476","targetHints":{"allow":["GET"]}}],"collection":[{"href":"https:\/\/www.mundoacuicola.cl\/new\/wp-json\/wp\/v2\/posts"}],"about":[{"href":"https:\/\/www.mundoacuicola.cl\/new\/wp-json\/wp\/v2\/types\/post"}],"author":[{"embeddable":true,"href":"https:\/\/www.mundoacuicola.cl\/new\/wp-json\/wp\/v2\/users\/10"}],"replies":[{"embeddable":true,"href":"https:\/\/www.mundoacuicola.cl\/new\/wp-json\/wp\/v2\/comments?post=83476"}],"version-history":[{"count":0,"href":"https:\/\/www.mundoacuicola.cl\/new\/wp-json\/wp\/v2\/posts\/83476\/revisions"}],"wp:featuredmedia":[{"embeddable":true,"href":"https:\/\/www.mundoacuicola.cl\/new\/wp-json\/wp\/v2\/media\/83480"}],"wp:attachment":[{"href":"https:\/\/www.mundoacuicola.cl\/new\/wp-json\/wp\/v2\/media?parent=83476"}],"wp:term":[{"taxonomy":"category","embeddable":true,"href":"https:\/\/www.mundoacuicola.cl\/new\/wp-json\/wp\/v2\/categories?post=83476"},{"taxonomy":"post_tag","embeddable":true,"href":"https:\/\/www.mundoacuicola.cl\/new\/wp-json\/wp\/v2\/tags?post=83476"}],"curies":[{"name":"wp","href":"https:\/\/api.w.org\/{rel}","templated":true}]}}