{"id":83526,"date":"2025-12-10T12:11:48","date_gmt":"2025-12-10T16:11:48","guid":{"rendered":"https:\/\/www.mundoacuicola.cl\/new\/?p=83526"},"modified":"2025-12-11T14:08:53","modified_gmt":"2025-12-11T18:08:53","slug":"salmonchile-forma-parte-del-comite-regional-escazu","status":"publish","type":"post","link":"https:\/\/www.mundoacuicola.cl\/new\/salmonchile-forma-parte-del-comite-regional-escazu\/","title":{"rendered":"SalmonChile forma parte del comit\u00e9 regional Escaz\u00fa"},"content":{"rendered":"<p>SalmonChile fue seleccionado para formar parte del reci\u00e9n conformado Comit\u00e9 Estrat\u00e9gico Regional de Escaz\u00fa de Ays\u00e9n, un espacio plural y diverso convocado por la Seremi del Medio Ambiente, en el marco del Plan Nacional de Implementaci\u00f3n Participativa del Acuerdo de Escaz\u00fa (PIPE 2024\u20132030).<\/p>\n<p>La constituci\u00f3n de este importante comit\u00e9 regional, que tuvo lugar la semana pasada, representa un hito significativo en la implementaci\u00f3n territorial del Acuerdo de Escaz\u00fa en Chile, permitiendo fortalecer los principios de acceso a la informaci\u00f3n ambiental, participaci\u00f3n p\u00fablica en la toma de decisiones, justicia en asuntos ambientales y protecci\u00f3n de los defensores de derechos humanos en cuestiones ambientales.<\/p>\n<p>La integraci\u00f3n de SalmonChile a este comit\u00e9 refleja el compromiso del gremio con el desarrollo sostenible de la regi\u00f3n y su disposici\u00f3n a ser parte activa de los procesos de gobernanza ambiental participativa en el territorio.<\/p>\n<p>\u201cPara SalmonChile ser parte de este Comit\u00e9 es muy importante, dado que la transparencia es uno de los valores que hemos implementado con fuerza al interior del gremio y sus empresas socias\u201d, destac\u00f3 Ximena Rojas, jefa del \u00c1rea de Medio Ambiente del Instituto Tecnol\u00f3gico del Salm\u00f3n (Intesal) de SalmonChile.<\/p>\n<p>Por su parte, Tom\u00e1s Monge, gerente de Asuntos Corporativos de SalmonChile asegur\u00f3 que la participaci\u00f3n del gremio \u201cpermitir\u00e1 aportar desde nuestra experiencia productiva a la generaci\u00f3n de propuestas que fortalezcan la democracia ambiental, promoviendo el di\u00e1logo constructivo entre los diversos actores de la regi\u00f3n\u00bb.<\/p>\n<p>El Comit\u00e9 Estrat\u00e9gico Regional de Escaz\u00fa en Ays\u00e9n est\u00e1 conformado por representantes del Gobierno Regional de Ays\u00e9n, Seremi del Medio Ambiente, Delegaci\u00f3n Regional Presidencial de Ays\u00e9n, Seremi de Desarrollo Social y Familia, Seremi de Justicia y Derechos Humanos, Direcci\u00f3n Regional SEA, Municipalidad de O&#8217;Higgins, CIEP, Corporaci\u00f3n Chelenko, SalmonChile, Fundaci\u00f3n Costera Patagonia, Corporaci\u00f3n Privada para el Desarrollo de Ays\u00e9n, y el Colegio M\u00e9dico de la regi\u00f3n.<\/p>\n<p>Este espacio de articulaci\u00f3n permitir\u00e1 territorializar los principios del Acuerdo de Escaz\u00fa, definir lineamientos locales, evaluar avances y aportar a un proceso transparente, inclusivo y profundamente conectado con las realidades del territorio aysenino. De esta manera, se busca implementar acciones concretas que reflejen el esp\u00edritu del acuerdo internacional, considerando las particularidades y desaf\u00edos espec\u00edficos de la regi\u00f3n.<\/p>\n","protected":false},"excerpt":{"rendered":"<p>SalmonChile se integra al Comit\u00e9 Estrat\u00e9gico Regional de Escaz\u00fa de Ays\u00e9n, fortaleciendo su compromiso con la transparencia y la gobernanza ambiental participativa<\/p>\n","protected":false},"author":8,"featured_media":83527,"comment_status":"closed","ping_status":"closed","sticky":false,"template":"","format":"standard","meta":{"footnotes":""},"categories":[60],"tags":[10870,2958,28233,28234,28232,26931,2907,591,1304,28236,434,170,3477,28235],"class_list":["post-83526","post","type-post","status-publish","format-standard","has-post-thumbnail","hentry","category-salmonicultura","tag-acuerdo-de-escazu","tag-aysen","tag-comite-estrategico-regional","tag-democracia-ambiental","tag-escazu","tag-gobernanza-ambiental","tag-industria-salmonera","tag-intesal","tag-medio-ambiente","tag-pipe-2024-2030","tag-region-de-aysen","tag-salmonchile","tag-sostenibilidad","tag-transparencia-ambiental"],"yoast_head":"<!-- This site is optimized with the Yoast SEO plugin v27.5 - https:\/\/yoast.com\/product\/yoast-seo-wordpress\/ -->\n<title>SalmonChile forma parte del comit\u00e9 regional Escaz\u00fa - Mundoacuicola<\/title>\n<meta name=\"description\" content=\"SalmonChile se integra al Comit\u00e9 Estrat\u00e9gico Regional de Escaz\u00fa de Ays\u00e9n, fortaleciendo su compromiso con la transparencia.\" \/>\n<meta name=\"robots\" content=\"index, follow, max-snippet:-1, max-image-preview:large, max-video-preview:-1\" \/>\n<link rel=\"canonical\" href=\"https:\/\/www.mundoacuicola.cl\/new\/salmonchile-forma-parte-del-comite-regional-escazu\/\" \/>\n<meta property=\"og:locale\" content=\"es_ES\" \/>\n<meta property=\"og:type\" content=\"article\" \/>\n<meta property=\"og:title\" content=\"SalmonChile forma parte del comit\u00e9 regional Escaz\u00fa - Mundoacuicola\" \/>\n<meta property=\"og:description\" content=\"SalmonChile se integra al Comit\u00e9 Estrat\u00e9gico Regional de Escaz\u00fa de Ays\u00e9n, fortaleciendo su compromiso con la transparencia.\" \/>\n<meta property=\"og:url\" content=\"https:\/\/www.mundoacuicola.cl\/new\/salmonchile-forma-parte-del-comite-regional-escazu\/\" \/>\n<meta property=\"og:site_name\" content=\"Mundoacuicola\" \/>\n<meta property=\"article:publisher\" content=\"https:\/\/www.facebook.com\/mundo.acuicola\/\" \/>\n<meta property=\"article:published_time\" content=\"2025-12-10T16:11:48+00:00\" \/>\n<meta property=\"article:modified_time\" content=\"2025-12-11T18:08:53+00:00\" \/>\n<meta property=\"og:image\" content=\"https:\/\/www.mundoacuicola.cl\/new\/wp-content\/uploads\/2025\/12\/AysenEscazu.jpeg\" \/>\n\t<meta property=\"og:image:width\" content=\"750\" \/>\n\t<meta property=\"og:image:height\" content=\"400\" \/>\n\t<meta property=\"og:image:type\" content=\"image\/jpeg\" \/>\n<meta name=\"author\" content=\"Ricardo Alvarez\" \/>\n<meta name=\"twitter:card\" content=\"summary_large_image\" \/>\n<meta name=\"twitter:creator\" content=\"@mundoacuicola\" \/>\n<meta name=\"twitter:site\" content=\"@mundoacuicola\" \/>\n<meta name=\"twitter:label1\" content=\"Escrito por\" \/>\n\t<meta name=\"twitter:data1\" content=\"Ricardo Alvarez\" \/>\n\t<meta name=\"twitter:label2\" content=\"Tiempo de lectura\" \/>\n\t<meta name=\"twitter:data2\" content=\"2 minutos\" \/>\n<script type=\"application\/ld+json\" class=\"yoast-schema-graph\">{\"@context\":\"https:\\\/\\\/schema.org\",\"@graph\":[{\"@type\":\"Article\",\"@id\":\"https:\\\/\\\/www.mundoacuicola.cl\\\/new\\\/salmonchile-forma-parte-del-comite-regional-escazu\\\/#article\",\"isPartOf\":{\"@id\":\"https:\\\/\\\/www.mundoacuicola.cl\\\/new\\\/salmonchile-forma-parte-del-comite-regional-escazu\\\/\"},\"author\":{\"name\":\"Ricardo Alvarez\",\"@id\":\"https:\\\/\\\/www.mundoacuicola.cl\\\/new\\\/#\\\/schema\\\/person\\\/52cfe7e461eb2d30484965350ee34bdd\"},\"headline\":\"SalmonChile forma parte del comit\u00e9 regional Escaz\u00fa\",\"datePublished\":\"2025-12-10T16:11:48+00:00\",\"dateModified\":\"2025-12-11T18:08:53+00:00\",\"mainEntityOfPage\":{\"@id\":\"https:\\\/\\\/www.mundoacuicola.cl\\\/new\\\/salmonchile-forma-parte-del-comite-regional-escazu\\\/\"},\"wordCount\":397,\"publisher\":{\"@id\":\"https:\\\/\\\/www.mundoacuicola.cl\\\/new\\\/#organization\"},\"image\":{\"@id\":\"https:\\\/\\\/www.mundoacuicola.cl\\\/new\\\/salmonchile-forma-parte-del-comite-regional-escazu\\\/#primaryimage\"},\"thumbnailUrl\":\"https:\\\/\\\/www.mundoacuicola.cl\\\/new\\\/wp-content\\\/uploads\\\/2025\\\/12\\\/AysenEscazu.jpeg\",\"keywords\":[\"Acuerdo de Escaz\u00fa\",\"Ays\u00e9n\",\"Comit\u00e9 Estrat\u00e9gico Regional\",\"democracia ambiental\",\"Escaz\u00fa\",\"gobernanza ambiental\",\"Industria salmonera\",\"Intesal\",\"Medio Ambiente\",\"PIPE 2024-2030\",\"Regi\u00f3n de Ays\u00e9n\",\"Salmonchile\",\"sostenibilidad\",\"transparencia ambiental\"],\"articleSection\":[\"Salmonicultura\"],\"inLanguage\":\"es\"},{\"@type\":\"WebPage\",\"@id\":\"https:\\\/\\\/www.mundoacuicola.cl\\\/new\\\/salmonchile-forma-parte-del-comite-regional-escazu\\\/\",\"url\":\"https:\\\/\\\/www.mundoacuicola.cl\\\/new\\\/salmonchile-forma-parte-del-comite-regional-escazu\\\/\",\"name\":\"SalmonChile forma parte del comit\u00e9 regional Escaz\u00fa - Mundoacuicola\",\"isPartOf\":{\"@id\":\"https:\\\/\\\/www.mundoacuicola.cl\\\/new\\\/#website\"},\"primaryImageOfPage\":{\"@id\":\"https:\\\/\\\/www.mundoacuicola.cl\\\/new\\\/salmonchile-forma-parte-del-comite-regional-escazu\\\/#primaryimage\"},\"image\":{\"@id\":\"https:\\\/\\\/www.mundoacuicola.cl\\\/new\\\/salmonchile-forma-parte-del-comite-regional-escazu\\\/#primaryimage\"},\"thumbnailUrl\":\"https:\\\/\\\/www.mundoacuicola.cl\\\/new\\\/wp-content\\\/uploads\\\/2025\\\/12\\\/AysenEscazu.jpeg\",\"datePublished\":\"2025-12-10T16:11:48+00:00\",\"dateModified\":\"2025-12-11T18:08:53+00:00\",\"description\":\"SalmonChile se integra al Comit\u00e9 Estrat\u00e9gico Regional de Escaz\u00fa de Ays\u00e9n, fortaleciendo su compromiso con la transparencia.\",\"breadcrumb\":{\"@id\":\"https:\\\/\\\/www.mundoacuicola.cl\\\/new\\\/salmonchile-forma-parte-del-comite-regional-escazu\\\/#breadcrumb\"},\"inLanguage\":\"es\",\"potentialAction\":[{\"@type\":\"ReadAction\",\"target\":[\"https:\\\/\\\/www.mundoacuicola.cl\\\/new\\\/salmonchile-forma-parte-del-comite-regional-escazu\\\/\"]}]},{\"@type\":\"ImageObject\",\"inLanguage\":\"es\",\"@id\":\"https:\\\/\\\/www.mundoacuicola.cl\\\/new\\\/salmonchile-forma-parte-del-comite-regional-escazu\\\/#primaryimage\",\"url\":\"https:\\\/\\\/www.mundoacuicola.cl\\\/new\\\/wp-content\\\/uploads\\\/2025\\\/12\\\/AysenEscazu.jpeg\",\"contentUrl\":\"https:\\\/\\\/www.mundoacuicola.cl\\\/new\\\/wp-content\\\/uploads\\\/2025\\\/12\\\/AysenEscazu.jpeg\",\"width\":750,\"height\":400},{\"@type\":\"BreadcrumbList\",\"@id\":\"https:\\\/\\\/www.mundoacuicola.cl\\\/new\\\/salmonchile-forma-parte-del-comite-regional-escazu\\\/#breadcrumb\",\"itemListElement\":[{\"@type\":\"ListItem\",\"position\":1,\"name\":\"Portada\",\"item\":\"https:\\\/\\\/www.mundoacuicola.cl\\\/new\\\/\"},{\"@type\":\"ListItem\",\"position\":2,\"name\":\"SalmonChile forma parte del comit\u00e9 regional Escaz\u00fa\"}]},{\"@type\":\"WebSite\",\"@id\":\"https:\\\/\\\/www.mundoacuicola.cl\\\/new\\\/#website\",\"url\":\"https:\\\/\\\/www.mundoacuicola.cl\\\/new\\\/\",\"name\":\"Mundoacuicola\",\"description\":\"Revista de Acuicultura.\",\"publisher\":{\"@id\":\"https:\\\/\\\/www.mundoacuicola.cl\\\/new\\\/#organization\"},\"potentialAction\":[{\"@type\":\"SearchAction\",\"target\":{\"@type\":\"EntryPoint\",\"urlTemplate\":\"https:\\\/\\\/www.mundoacuicola.cl\\\/new\\\/?s={search_term_string}\"},\"query-input\":{\"@type\":\"PropertyValueSpecification\",\"valueRequired\":true,\"valueName\":\"search_term_string\"}}],\"inLanguage\":\"es\"},{\"@type\":\"Organization\",\"@id\":\"https:\\\/\\\/www.mundoacuicola.cl\\\/new\\\/#organization\",\"name\":\"Mundoacuicola\",\"url\":\"https:\\\/\\\/www.mundoacuicola.cl\\\/new\\\/\",\"logo\":{\"@type\":\"ImageObject\",\"inLanguage\":\"es\",\"@id\":\"https:\\\/\\\/www.mundoacuicola.cl\\\/new\\\/#\\\/schema\\\/logo\\\/image\\\/\",\"url\":\"https:\\\/\\\/www.mundoacuicola.cl\\\/new\\\/wp-content\\\/uploads\\\/2026\\\/01\\\/cropped-LOGO-Mundo-Acuicola-2026.png\",\"contentUrl\":\"https:\\\/\\\/www.mundoacuicola.cl\\\/new\\\/wp-content\\\/uploads\\\/2026\\\/01\\\/cropped-LOGO-Mundo-Acuicola-2026.png\",\"width\":1252,\"height\":296,\"caption\":\"Mundoacuicola\"},\"image\":{\"@id\":\"https:\\\/\\\/www.mundoacuicola.cl\\\/new\\\/#\\\/schema\\\/logo\\\/image\\\/\"},\"sameAs\":[\"https:\\\/\\\/www.facebook.com\\\/mundo.acuicola\\\/\",\"https:\\\/\\\/x.com\\\/mundoacuicola\",\"https:\\\/\\\/www.linkedin.com\\\/in\\\/mundo-acuicola\"]},{\"@type\":\"Person\",\"@id\":\"https:\\\/\\\/www.mundoacuicola.cl\\\/new\\\/#\\\/schema\\\/person\\\/52cfe7e461eb2d30484965350ee34bdd\",\"name\":\"Ricardo Alvarez\",\"url\":\"https:\\\/\\\/www.mundoacuicola.cl\\\/new\\\/author\\\/ricardo\\\/\"}]}<\/script>\n<!-- \/ Yoast SEO plugin. -->","yoast_head_json":{"title":"SalmonChile forma parte del comit\u00e9 regional Escaz\u00fa - Mundoacuicola","description":"SalmonChile se integra al Comit\u00e9 Estrat\u00e9gico Regional de Escaz\u00fa de Ays\u00e9n, fortaleciendo su compromiso con la transparencia.","robots":{"index":"index","follow":"follow","max-snippet":"max-snippet:-1","max-image-preview":"max-image-preview:large","max-video-preview":"max-video-preview:-1"},"canonical":"https:\/\/www.mundoacuicola.cl\/new\/salmonchile-forma-parte-del-comite-regional-escazu\/","og_locale":"es_ES","og_type":"article","og_title":"SalmonChile forma parte del comit\u00e9 regional Escaz\u00fa - Mundoacuicola","og_description":"SalmonChile se integra al Comit\u00e9 Estrat\u00e9gico Regional de Escaz\u00fa de Ays\u00e9n, fortaleciendo su compromiso con la transparencia.","og_url":"https:\/\/www.mundoacuicola.cl\/new\/salmonchile-forma-parte-del-comite-regional-escazu\/","og_site_name":"Mundoacuicola","article_publisher":"https:\/\/www.facebook.com\/mundo.acuicola\/","article_published_time":"2025-12-10T16:11:48+00:00","article_modified_time":"2025-12-11T18:08:53+00:00","og_image":[{"width":750,"height":400,"url":"https:\/\/www.mundoacuicola.cl\/new\/wp-content\/uploads\/2025\/12\/AysenEscazu.jpeg","type":"image\/jpeg"}],"author":"Ricardo Alvarez","twitter_card":"summary_large_image","twitter_creator":"@mundoacuicola","twitter_site":"@mundoacuicola","twitter_misc":{"Escrito por":"Ricardo Alvarez","Tiempo de lectura":"2 minutos"},"schema":{"@context":"https:\/\/schema.org","@graph":[{"@type":"Article","@id":"https:\/\/www.mundoacuicola.cl\/new\/salmonchile-forma-parte-del-comite-regional-escazu\/#article","isPartOf":{"@id":"https:\/\/www.mundoacuicola.cl\/new\/salmonchile-forma-parte-del-comite-regional-escazu\/"},"author":{"name":"Ricardo Alvarez","@id":"https:\/\/www.mundoacuicola.cl\/new\/#\/schema\/person\/52cfe7e461eb2d30484965350ee34bdd"},"headline":"SalmonChile forma parte del comit\u00e9 regional Escaz\u00fa","datePublished":"2025-12-10T16:11:48+00:00","dateModified":"2025-12-11T18:08:53+00:00","mainEntityOfPage":{"@id":"https:\/\/www.mundoacuicola.cl\/new\/salmonchile-forma-parte-del-comite-regional-escazu\/"},"wordCount":397,"publisher":{"@id":"https:\/\/www.mundoacuicola.cl\/new\/#organization"},"image":{"@id":"https:\/\/www.mundoacuicola.cl\/new\/salmonchile-forma-parte-del-comite-regional-escazu\/#primaryimage"},"thumbnailUrl":"https:\/\/www.mundoacuicola.cl\/new\/wp-content\/uploads\/2025\/12\/AysenEscazu.jpeg","keywords":["Acuerdo de Escaz\u00fa","Ays\u00e9n","Comit\u00e9 Estrat\u00e9gico Regional","democracia ambiental","Escaz\u00fa","gobernanza ambiental","Industria salmonera","Intesal","Medio Ambiente","PIPE 2024-2030","Regi\u00f3n de Ays\u00e9n","Salmonchile","sostenibilidad","transparencia ambiental"],"articleSection":["Salmonicultura"],"inLanguage":"es"},{"@type":"WebPage","@id":"https:\/\/www.mundoacuicola.cl\/new\/salmonchile-forma-parte-del-comite-regional-escazu\/","url":"https:\/\/www.mundoacuicola.cl\/new\/salmonchile-forma-parte-del-comite-regional-escazu\/","name":"SalmonChile forma parte del comit\u00e9 regional Escaz\u00fa - Mundoacuicola","isPartOf":{"@id":"https:\/\/www.mundoacuicola.cl\/new\/#website"},"primaryImageOfPage":{"@id":"https:\/\/www.mundoacuicola.cl\/new\/salmonchile-forma-parte-del-comite-regional-escazu\/#primaryimage"},"image":{"@id":"https:\/\/www.mundoacuicola.cl\/new\/salmonchile-forma-parte-del-comite-regional-escazu\/#primaryimage"},"thumbnailUrl":"https:\/\/www.mundoacuicola.cl\/new\/wp-content\/uploads\/2025\/12\/AysenEscazu.jpeg","datePublished":"2025-12-10T16:11:48+00:00","dateModified":"2025-12-11T18:08:53+00:00","description":"SalmonChile se integra al Comit\u00e9 Estrat\u00e9gico Regional de Escaz\u00fa de Ays\u00e9n, fortaleciendo su compromiso con la transparencia.","breadcrumb":{"@id":"https:\/\/www.mundoacuicola.cl\/new\/salmonchile-forma-parte-del-comite-regional-escazu\/#breadcrumb"},"inLanguage":"es","potentialAction":[{"@type":"ReadAction","target":["https:\/\/www.mundoacuicola.cl\/new\/salmonchile-forma-parte-del-comite-regional-escazu\/"]}]},{"@type":"ImageObject","inLanguage":"es","@id":"https:\/\/www.mundoacuicola.cl\/new\/salmonchile-forma-parte-del-comite-regional-escazu\/#primaryimage","url":"https:\/\/www.mundoacuicola.cl\/new\/wp-content\/uploads\/2025\/12\/AysenEscazu.jpeg","contentUrl":"https:\/\/www.mundoacuicola.cl\/new\/wp-content\/uploads\/2025\/12\/AysenEscazu.jpeg","width":750,"height":400},{"@type":"BreadcrumbList","@id":"https:\/\/www.mundoacuicola.cl\/new\/salmonchile-forma-parte-del-comite-regional-escazu\/#breadcrumb","itemListElement":[{"@type":"ListItem","position":1,"name":"Portada","item":"https:\/\/www.mundoacuicola.cl\/new\/"},{"@type":"ListItem","position":2,"name":"SalmonChile forma parte del comit\u00e9 regional Escaz\u00fa"}]},{"@type":"WebSite","@id":"https:\/\/www.mundoacuicola.cl\/new\/#website","url":"https:\/\/www.mundoacuicola.cl\/new\/","name":"Mundoacuicola","description":"Revista de Acuicultura.","publisher":{"@id":"https:\/\/www.mundoacuicola.cl\/new\/#organization"},"potentialAction":[{"@type":"SearchAction","target":{"@type":"EntryPoint","urlTemplate":"https:\/\/www.mundoacuicola.cl\/new\/?s={search_term_string}"},"query-input":{"@type":"PropertyValueSpecification","valueRequired":true,"valueName":"search_term_string"}}],"inLanguage":"es"},{"@type":"Organization","@id":"https:\/\/www.mundoacuicola.cl\/new\/#organization","name":"Mundoacuicola","url":"https:\/\/www.mundoacuicola.cl\/new\/","logo":{"@type":"ImageObject","inLanguage":"es","@id":"https:\/\/www.mundoacuicola.cl\/new\/#\/schema\/logo\/image\/","url":"https:\/\/www.mundoacuicola.cl\/new\/wp-content\/uploads\/2026\/01\/cropped-LOGO-Mundo-Acuicola-2026.png","contentUrl":"https:\/\/www.mundoacuicola.cl\/new\/wp-content\/uploads\/2026\/01\/cropped-LOGO-Mundo-Acuicola-2026.png","width":1252,"height":296,"caption":"Mundoacuicola"},"image":{"@id":"https:\/\/www.mundoacuicola.cl\/new\/#\/schema\/logo\/image\/"},"sameAs":["https:\/\/www.facebook.com\/mundo.acuicola\/","https:\/\/x.com\/mundoacuicola","https:\/\/www.linkedin.com\/in\/mundo-acuicola"]},{"@type":"Person","@id":"https:\/\/www.mundoacuicola.cl\/new\/#\/schema\/person\/52cfe7e461eb2d30484965350ee34bdd","name":"Ricardo Alvarez","url":"https:\/\/www.mundoacuicola.cl\/new\/author\/ricardo\/"}]}},"_links":{"self":[{"href":"https:\/\/www.mundoacuicola.cl\/new\/wp-json\/wp\/v2\/posts\/83526","targetHints":{"allow":["GET"]}}],"collection":[{"href":"https:\/\/www.mundoacuicola.cl\/new\/wp-json\/wp\/v2\/posts"}],"about":[{"href":"https:\/\/www.mundoacuicola.cl\/new\/wp-json\/wp\/v2\/types\/post"}],"author":[{"embeddable":true,"href":"https:\/\/www.mundoacuicola.cl\/new\/wp-json\/wp\/v2\/users\/8"}],"replies":[{"embeddable":true,"href":"https:\/\/www.mundoacuicola.cl\/new\/wp-json\/wp\/v2\/comments?post=83526"}],"version-history":[{"count":0,"href":"https:\/\/www.mundoacuicola.cl\/new\/wp-json\/wp\/v2\/posts\/83526\/revisions"}],"wp:featuredmedia":[{"embeddable":true,"href":"https:\/\/www.mundoacuicola.cl\/new\/wp-json\/wp\/v2\/media\/83527"}],"wp:attachment":[{"href":"https:\/\/www.mundoacuicola.cl\/new\/wp-json\/wp\/v2\/media?parent=83526"}],"wp:term":[{"taxonomy":"category","embeddable":true,"href":"https:\/\/www.mundoacuicola.cl\/new\/wp-json\/wp\/v2\/categories?post=83526"},{"taxonomy":"post_tag","embeddable":true,"href":"https:\/\/www.mundoacuicola.cl\/new\/wp-json\/wp\/v2\/tags?post=83526"}],"curies":[{"name":"wp","href":"https:\/\/api.w.org\/{rel}","templated":true}]}}