{"id":83689,"date":"2025-12-16T15:34:52","date_gmt":"2025-12-16T19:34:52","guid":{"rendered":"https:\/\/www.mundoacuicola.cl\/new\/?p=83689"},"modified":"2025-12-17T18:06:46","modified_gmt":"2025-12-17T22:06:46","slug":"condepp-llama-a-ministro-del-trabajo-a-defender-derechos-laborales-de-la-pesca-artesanal","status":"publish","type":"post","link":"https:\/\/www.mundoacuicola.cl\/new\/condepp-llama-a-ministro-del-trabajo-a-defender-derechos-laborales-de-la-pesca-artesanal\/","title":{"rendered":"Condepp llama a ministro del Trabajo a defender derechos laborales de la pesca artesanal"},"content":{"rendered":"<p>El apoyo entregado por el ministro del Trabajo, Giorgio Boccardo a la nueva ley que crea el contrato especial de buceo y que favorece a los trabajadores del mar con una protecci\u00f3n laboral, despert\u00f3 el inter\u00e9s de la pesca artesanal.<\/p>\n<p>\u00bfLa raz\u00f3n?, el sector de la pesca artesanal est\u00e1 empujando la Plataforma Social en el marco de la tramitaci\u00f3n de la nueva Ley de Pesca que busca precisamente entregar a los hombres de mar un soporte social, que hoy no tienen.<\/p>\n<p>Para el presidente de la Condepp, Hern\u00e1n Cort\u00e9s es urgente que el gobierno empuje desde todos los frentes la nueva Ley de Pesca para que cuenten con un piso que los ayude a defender sus derechos sociales y laborales.<\/p>\n<p>\u201cValoramos que el ministro del Trabajo empujar\u00e1 y hoy visibilice la ley que favorece a las y los buzos del pa\u00eds, pero necesitamos que Boccardo no olvide a la pesca artesanal y tambi\u00e9n nos ayude a empujar la iniciativa que busca establecer un est\u00e1ndar m\u00ednimo para proteger nuestros derechos como trabajadores\u201d, afirm\u00f3.<\/p>\n<p>En esa l\u00ednea, precis\u00f3 que, \u201cla nueva Ley de Pesca no s\u00f3lo tiene una arista t\u00e9cnica, tambi\u00e9n contempla la situaci\u00f3n de vulnerabilidad en que trabajamos los pescadores artesanales y pedimos que desde la cartera del Trabajo tambi\u00e9n se defiendan nuestros derechos sociales\u201d.<\/p>\n<p>Cort\u00e9s hizo ver que, \u201cse est\u00e1 cerrando este gobierno y necesitamos que haga un \u00faltimo esfuerzo para sacar adelante la nueva Ley de Pesca que tanto ha costado y que necesitamos para equiparar la cancha de una vez por todas\u201d.<\/p>\n<p>Asimismo, el dirigente pidi\u00f3 al presidente electo, Jos\u00e9 Antonio Kast que no frene la tramitaci\u00f3n de esta ley y la saque adelante para favorecer a los artesanales.<\/p>\n","protected":false},"excerpt":{"rendered":"<p>Pesca artesanal pide apoyo del Ministerio del Trabajo para impulsar nueva Ley de Pesca y Plataforma Social para trabajadores del m\u00e1s. <\/p>\n","protected":false},"author":8,"featured_media":77641,"comment_status":"closed","ping_status":"closed","sticky":false,"template":"","format":"standard","meta":{"footnotes":""},"categories":[62],"tags":[2704,171,28318,1819,13205,441,17947,15537,17289,261],"class_list":["post-83689","post","type-post","status-publish","format-standard","has-post-thumbnail","hentry","category-pesca","tag-buzos","tag-condepp","tag-derechos-laborales","tag-hernan-cortes","tag-nueva-ley-de-pesca","tag-pesca-artesanal","tag-plataforma-social","tag-politicas-publicas","tag-proteccion-social","tag-sector-pesquero-artesanal"],"yoast_head":"<!-- This site is optimized with the Yoast SEO plugin v27.5 - https:\/\/yoast.com\/product\/yoast-seo-wordpress\/ -->\n<title>Condepp llama a ministro del Trabajo a defender derechos laborales de la pesca artesanal - Mundoacuicola<\/title>\n<meta name=\"description\" content=\"Pesca artesanal pide apoyo del Ministerio del Trabajo para impulsar nueva Ley de Pesca y Plataforma Social para trabajadores del m\u00e1s.\" \/>\n<meta name=\"robots\" content=\"index, follow, max-snippet:-1, max-image-preview:large, max-video-preview:-1\" \/>\n<link rel=\"canonical\" href=\"https:\/\/www.mundoacuicola.cl\/new\/condepp-llama-a-ministro-del-trabajo-a-defender-derechos-laborales-de-la-pesca-artesanal\/\" \/>\n<meta property=\"og:locale\" content=\"es_ES\" \/>\n<meta property=\"og:type\" content=\"article\" \/>\n<meta property=\"og:title\" content=\"Condepp llama a ministro del Trabajo a defender derechos laborales de la pesca artesanal - Mundoacuicola\" \/>\n<meta property=\"og:description\" content=\"Pesca artesanal pide apoyo del Ministerio del Trabajo para impulsar nueva Ley de Pesca y Plataforma Social para trabajadores del m\u00e1s.\" \/>\n<meta property=\"og:url\" content=\"https:\/\/www.mundoacuicola.cl\/new\/condepp-llama-a-ministro-del-trabajo-a-defender-derechos-laborales-de-la-pesca-artesanal\/\" \/>\n<meta property=\"og:site_name\" content=\"Mundoacuicola\" \/>\n<meta property=\"article:publisher\" content=\"https:\/\/www.facebook.com\/mundo.acuicola\/\" \/>\n<meta property=\"article:published_time\" content=\"2025-12-16T19:34:52+00:00\" \/>\n<meta property=\"article:modified_time\" content=\"2025-12-17T22:06:46+00:00\" \/>\n<meta property=\"og:image\" content=\"https:\/\/www.mundoacuicola.cl\/new\/wp-content\/uploads\/2025\/07\/BoricCondepp22.jpeg\" \/>\n\t<meta property=\"og:image:width\" content=\"750\" \/>\n\t<meta property=\"og:image:height\" content=\"400\" \/>\n\t<meta property=\"og:image:type\" content=\"image\/jpeg\" \/>\n<meta name=\"author\" content=\"Ricardo Alvarez\" \/>\n<meta name=\"twitter:card\" content=\"summary_large_image\" \/>\n<meta name=\"twitter:creator\" content=\"@mundoacuicola\" \/>\n<meta name=\"twitter:site\" content=\"@mundoacuicola\" \/>\n<meta name=\"twitter:label1\" content=\"Escrito por\" \/>\n\t<meta name=\"twitter:data1\" content=\"Ricardo Alvarez\" \/>\n\t<meta name=\"twitter:label2\" content=\"Tiempo de lectura\" \/>\n\t<meta name=\"twitter:data2\" content=\"2 minutos\" \/>\n<script type=\"application\/ld+json\" class=\"yoast-schema-graph\">{\"@context\":\"https:\\\/\\\/schema.org\",\"@graph\":[{\"@type\":\"Article\",\"@id\":\"https:\\\/\\\/www.mundoacuicola.cl\\\/new\\\/condepp-llama-a-ministro-del-trabajo-a-defender-derechos-laborales-de-la-pesca-artesanal\\\/#article\",\"isPartOf\":{\"@id\":\"https:\\\/\\\/www.mundoacuicola.cl\\\/new\\\/condepp-llama-a-ministro-del-trabajo-a-defender-derechos-laborales-de-la-pesca-artesanal\\\/\"},\"author\":{\"name\":\"Ricardo Alvarez\",\"@id\":\"https:\\\/\\\/www.mundoacuicola.cl\\\/new\\\/#\\\/schema\\\/person\\\/52cfe7e461eb2d30484965350ee34bdd\"},\"headline\":\"Condepp llama a ministro del Trabajo a defender derechos laborales de la pesca artesanal\",\"datePublished\":\"2025-12-16T19:34:52+00:00\",\"dateModified\":\"2025-12-17T22:06:46+00:00\",\"mainEntityOfPage\":{\"@id\":\"https:\\\/\\\/www.mundoacuicola.cl\\\/new\\\/condepp-llama-a-ministro-del-trabajo-a-defender-derechos-laborales-de-la-pesca-artesanal\\\/\"},\"wordCount\":313,\"publisher\":{\"@id\":\"https:\\\/\\\/www.mundoacuicola.cl\\\/new\\\/#organization\"},\"image\":{\"@id\":\"https:\\\/\\\/www.mundoacuicola.cl\\\/new\\\/condepp-llama-a-ministro-del-trabajo-a-defender-derechos-laborales-de-la-pesca-artesanal\\\/#primaryimage\"},\"thumbnailUrl\":\"https:\\\/\\\/www.mundoacuicola.cl\\\/new\\\/wp-content\\\/uploads\\\/2025\\\/07\\\/BoricCondepp22.jpeg\",\"keywords\":[\"buzos\",\"Condepp\",\"derechos laborales\",\"Hern\u00e1n Cort\u00e9s\",\"Nueva Ley de Pesca\",\"Pesca artesanal\",\"plataforma social\",\"pol\u00edticas publicas\",\"protecci\u00f3n social\",\"sector Pesquero Artesanal\"],\"articleSection\":[\"Pesca\"],\"inLanguage\":\"es\"},{\"@type\":\"WebPage\",\"@id\":\"https:\\\/\\\/www.mundoacuicola.cl\\\/new\\\/condepp-llama-a-ministro-del-trabajo-a-defender-derechos-laborales-de-la-pesca-artesanal\\\/\",\"url\":\"https:\\\/\\\/www.mundoacuicola.cl\\\/new\\\/condepp-llama-a-ministro-del-trabajo-a-defender-derechos-laborales-de-la-pesca-artesanal\\\/\",\"name\":\"Condepp llama a ministro del Trabajo a defender derechos laborales de la pesca artesanal - Mundoacuicola\",\"isPartOf\":{\"@id\":\"https:\\\/\\\/www.mundoacuicola.cl\\\/new\\\/#website\"},\"primaryImageOfPage\":{\"@id\":\"https:\\\/\\\/www.mundoacuicola.cl\\\/new\\\/condepp-llama-a-ministro-del-trabajo-a-defender-derechos-laborales-de-la-pesca-artesanal\\\/#primaryimage\"},\"image\":{\"@id\":\"https:\\\/\\\/www.mundoacuicola.cl\\\/new\\\/condepp-llama-a-ministro-del-trabajo-a-defender-derechos-laborales-de-la-pesca-artesanal\\\/#primaryimage\"},\"thumbnailUrl\":\"https:\\\/\\\/www.mundoacuicola.cl\\\/new\\\/wp-content\\\/uploads\\\/2025\\\/07\\\/BoricCondepp22.jpeg\",\"datePublished\":\"2025-12-16T19:34:52+00:00\",\"dateModified\":\"2025-12-17T22:06:46+00:00\",\"description\":\"Pesca artesanal pide apoyo del Ministerio del Trabajo para impulsar nueva Ley de Pesca y Plataforma Social para trabajadores del m\u00e1s.\",\"breadcrumb\":{\"@id\":\"https:\\\/\\\/www.mundoacuicola.cl\\\/new\\\/condepp-llama-a-ministro-del-trabajo-a-defender-derechos-laborales-de-la-pesca-artesanal\\\/#breadcrumb\"},\"inLanguage\":\"es\",\"potentialAction\":[{\"@type\":\"ReadAction\",\"target\":[\"https:\\\/\\\/www.mundoacuicola.cl\\\/new\\\/condepp-llama-a-ministro-del-trabajo-a-defender-derechos-laborales-de-la-pesca-artesanal\\\/\"]}]},{\"@type\":\"ImageObject\",\"inLanguage\":\"es\",\"@id\":\"https:\\\/\\\/www.mundoacuicola.cl\\\/new\\\/condepp-llama-a-ministro-del-trabajo-a-defender-derechos-laborales-de-la-pesca-artesanal\\\/#primaryimage\",\"url\":\"https:\\\/\\\/www.mundoacuicola.cl\\\/new\\\/wp-content\\\/uploads\\\/2025\\\/07\\\/BoricCondepp22.jpeg\",\"contentUrl\":\"https:\\\/\\\/www.mundoacuicola.cl\\\/new\\\/wp-content\\\/uploads\\\/2025\\\/07\\\/BoricCondepp22.jpeg\",\"width\":750,\"height\":400},{\"@type\":\"BreadcrumbList\",\"@id\":\"https:\\\/\\\/www.mundoacuicola.cl\\\/new\\\/condepp-llama-a-ministro-del-trabajo-a-defender-derechos-laborales-de-la-pesca-artesanal\\\/#breadcrumb\",\"itemListElement\":[{\"@type\":\"ListItem\",\"position\":1,\"name\":\"Portada\",\"item\":\"https:\\\/\\\/www.mundoacuicola.cl\\\/new\\\/\"},{\"@type\":\"ListItem\",\"position\":2,\"name\":\"Condepp llama a ministro del Trabajo a defender derechos laborales de la pesca artesanal\"}]},{\"@type\":\"WebSite\",\"@id\":\"https:\\\/\\\/www.mundoacuicola.cl\\\/new\\\/#website\",\"url\":\"https:\\\/\\\/www.mundoacuicola.cl\\\/new\\\/\",\"name\":\"Mundoacuicola\",\"description\":\"Revista de Acuicultura.\",\"publisher\":{\"@id\":\"https:\\\/\\\/www.mundoacuicola.cl\\\/new\\\/#organization\"},\"potentialAction\":[{\"@type\":\"SearchAction\",\"target\":{\"@type\":\"EntryPoint\",\"urlTemplate\":\"https:\\\/\\\/www.mundoacuicola.cl\\\/new\\\/?s={search_term_string}\"},\"query-input\":{\"@type\":\"PropertyValueSpecification\",\"valueRequired\":true,\"valueName\":\"search_term_string\"}}],\"inLanguage\":\"es\"},{\"@type\":\"Organization\",\"@id\":\"https:\\\/\\\/www.mundoacuicola.cl\\\/new\\\/#organization\",\"name\":\"Mundoacuicola\",\"url\":\"https:\\\/\\\/www.mundoacuicola.cl\\\/new\\\/\",\"logo\":{\"@type\":\"ImageObject\",\"inLanguage\":\"es\",\"@id\":\"https:\\\/\\\/www.mundoacuicola.cl\\\/new\\\/#\\\/schema\\\/logo\\\/image\\\/\",\"url\":\"https:\\\/\\\/www.mundoacuicola.cl\\\/new\\\/wp-content\\\/uploads\\\/2026\\\/01\\\/cropped-LOGO-Mundo-Acuicola-2026.png\",\"contentUrl\":\"https:\\\/\\\/www.mundoacuicola.cl\\\/new\\\/wp-content\\\/uploads\\\/2026\\\/01\\\/cropped-LOGO-Mundo-Acuicola-2026.png\",\"width\":1252,\"height\":296,\"caption\":\"Mundoacuicola\"},\"image\":{\"@id\":\"https:\\\/\\\/www.mundoacuicola.cl\\\/new\\\/#\\\/schema\\\/logo\\\/image\\\/\"},\"sameAs\":[\"https:\\\/\\\/www.facebook.com\\\/mundo.acuicola\\\/\",\"https:\\\/\\\/x.com\\\/mundoacuicola\",\"https:\\\/\\\/www.linkedin.com\\\/in\\\/mundo-acuicola\"]},{\"@type\":\"Person\",\"@id\":\"https:\\\/\\\/www.mundoacuicola.cl\\\/new\\\/#\\\/schema\\\/person\\\/52cfe7e461eb2d30484965350ee34bdd\",\"name\":\"Ricardo Alvarez\",\"url\":\"https:\\\/\\\/www.mundoacuicola.cl\\\/new\\\/author\\\/ricardo\\\/\"}]}<\/script>\n<!-- \/ Yoast SEO plugin. -->","yoast_head_json":{"title":"Condepp llama a ministro del Trabajo a defender derechos laborales de la pesca artesanal - Mundoacuicola","description":"Pesca artesanal pide apoyo del Ministerio del Trabajo para impulsar nueva Ley de Pesca y Plataforma Social para trabajadores del m\u00e1s.","robots":{"index":"index","follow":"follow","max-snippet":"max-snippet:-1","max-image-preview":"max-image-preview:large","max-video-preview":"max-video-preview:-1"},"canonical":"https:\/\/www.mundoacuicola.cl\/new\/condepp-llama-a-ministro-del-trabajo-a-defender-derechos-laborales-de-la-pesca-artesanal\/","og_locale":"es_ES","og_type":"article","og_title":"Condepp llama a ministro del Trabajo a defender derechos laborales de la pesca artesanal - Mundoacuicola","og_description":"Pesca artesanal pide apoyo del Ministerio del Trabajo para impulsar nueva Ley de Pesca y Plataforma Social para trabajadores del m\u00e1s.","og_url":"https:\/\/www.mundoacuicola.cl\/new\/condepp-llama-a-ministro-del-trabajo-a-defender-derechos-laborales-de-la-pesca-artesanal\/","og_site_name":"Mundoacuicola","article_publisher":"https:\/\/www.facebook.com\/mundo.acuicola\/","article_published_time":"2025-12-16T19:34:52+00:00","article_modified_time":"2025-12-17T22:06:46+00:00","og_image":[{"width":750,"height":400,"url":"https:\/\/www.mundoacuicola.cl\/new\/wp-content\/uploads\/2025\/07\/BoricCondepp22.jpeg","type":"image\/jpeg"}],"author":"Ricardo Alvarez","twitter_card":"summary_large_image","twitter_creator":"@mundoacuicola","twitter_site":"@mundoacuicola","twitter_misc":{"Escrito por":"Ricardo Alvarez","Tiempo de lectura":"2 minutos"},"schema":{"@context":"https:\/\/schema.org","@graph":[{"@type":"Article","@id":"https:\/\/www.mundoacuicola.cl\/new\/condepp-llama-a-ministro-del-trabajo-a-defender-derechos-laborales-de-la-pesca-artesanal\/#article","isPartOf":{"@id":"https:\/\/www.mundoacuicola.cl\/new\/condepp-llama-a-ministro-del-trabajo-a-defender-derechos-laborales-de-la-pesca-artesanal\/"},"author":{"name":"Ricardo Alvarez","@id":"https:\/\/www.mundoacuicola.cl\/new\/#\/schema\/person\/52cfe7e461eb2d30484965350ee34bdd"},"headline":"Condepp llama a ministro del Trabajo a defender derechos laborales de la pesca artesanal","datePublished":"2025-12-16T19:34:52+00:00","dateModified":"2025-12-17T22:06:46+00:00","mainEntityOfPage":{"@id":"https:\/\/www.mundoacuicola.cl\/new\/condepp-llama-a-ministro-del-trabajo-a-defender-derechos-laborales-de-la-pesca-artesanal\/"},"wordCount":313,"publisher":{"@id":"https:\/\/www.mundoacuicola.cl\/new\/#organization"},"image":{"@id":"https:\/\/www.mundoacuicola.cl\/new\/condepp-llama-a-ministro-del-trabajo-a-defender-derechos-laborales-de-la-pesca-artesanal\/#primaryimage"},"thumbnailUrl":"https:\/\/www.mundoacuicola.cl\/new\/wp-content\/uploads\/2025\/07\/BoricCondepp22.jpeg","keywords":["buzos","Condepp","derechos laborales","Hern\u00e1n Cort\u00e9s","Nueva Ley de Pesca","Pesca artesanal","plataforma social","pol\u00edticas publicas","protecci\u00f3n social","sector Pesquero Artesanal"],"articleSection":["Pesca"],"inLanguage":"es"},{"@type":"WebPage","@id":"https:\/\/www.mundoacuicola.cl\/new\/condepp-llama-a-ministro-del-trabajo-a-defender-derechos-laborales-de-la-pesca-artesanal\/","url":"https:\/\/www.mundoacuicola.cl\/new\/condepp-llama-a-ministro-del-trabajo-a-defender-derechos-laborales-de-la-pesca-artesanal\/","name":"Condepp llama a ministro del Trabajo a defender derechos laborales de la pesca artesanal - Mundoacuicola","isPartOf":{"@id":"https:\/\/www.mundoacuicola.cl\/new\/#website"},"primaryImageOfPage":{"@id":"https:\/\/www.mundoacuicola.cl\/new\/condepp-llama-a-ministro-del-trabajo-a-defender-derechos-laborales-de-la-pesca-artesanal\/#primaryimage"},"image":{"@id":"https:\/\/www.mundoacuicola.cl\/new\/condepp-llama-a-ministro-del-trabajo-a-defender-derechos-laborales-de-la-pesca-artesanal\/#primaryimage"},"thumbnailUrl":"https:\/\/www.mundoacuicola.cl\/new\/wp-content\/uploads\/2025\/07\/BoricCondepp22.jpeg","datePublished":"2025-12-16T19:34:52+00:00","dateModified":"2025-12-17T22:06:46+00:00","description":"Pesca artesanal pide apoyo del Ministerio del Trabajo para impulsar nueva Ley de Pesca y Plataforma Social para trabajadores del m\u00e1s.","breadcrumb":{"@id":"https:\/\/www.mundoacuicola.cl\/new\/condepp-llama-a-ministro-del-trabajo-a-defender-derechos-laborales-de-la-pesca-artesanal\/#breadcrumb"},"inLanguage":"es","potentialAction":[{"@type":"ReadAction","target":["https:\/\/www.mundoacuicola.cl\/new\/condepp-llama-a-ministro-del-trabajo-a-defender-derechos-laborales-de-la-pesca-artesanal\/"]}]},{"@type":"ImageObject","inLanguage":"es","@id":"https:\/\/www.mundoacuicola.cl\/new\/condepp-llama-a-ministro-del-trabajo-a-defender-derechos-laborales-de-la-pesca-artesanal\/#primaryimage","url":"https:\/\/www.mundoacuicola.cl\/new\/wp-content\/uploads\/2025\/07\/BoricCondepp22.jpeg","contentUrl":"https:\/\/www.mundoacuicola.cl\/new\/wp-content\/uploads\/2025\/07\/BoricCondepp22.jpeg","width":750,"height":400},{"@type":"BreadcrumbList","@id":"https:\/\/www.mundoacuicola.cl\/new\/condepp-llama-a-ministro-del-trabajo-a-defender-derechos-laborales-de-la-pesca-artesanal\/#breadcrumb","itemListElement":[{"@type":"ListItem","position":1,"name":"Portada","item":"https:\/\/www.mundoacuicola.cl\/new\/"},{"@type":"ListItem","position":2,"name":"Condepp llama a ministro del Trabajo a defender derechos laborales de la pesca artesanal"}]},{"@type":"WebSite","@id":"https:\/\/www.mundoacuicola.cl\/new\/#website","url":"https:\/\/www.mundoacuicola.cl\/new\/","name":"Mundoacuicola","description":"Revista de Acuicultura.","publisher":{"@id":"https:\/\/www.mundoacuicola.cl\/new\/#organization"},"potentialAction":[{"@type":"SearchAction","target":{"@type":"EntryPoint","urlTemplate":"https:\/\/www.mundoacuicola.cl\/new\/?s={search_term_string}"},"query-input":{"@type":"PropertyValueSpecification","valueRequired":true,"valueName":"search_term_string"}}],"inLanguage":"es"},{"@type":"Organization","@id":"https:\/\/www.mundoacuicola.cl\/new\/#organization","name":"Mundoacuicola","url":"https:\/\/www.mundoacuicola.cl\/new\/","logo":{"@type":"ImageObject","inLanguage":"es","@id":"https:\/\/www.mundoacuicola.cl\/new\/#\/schema\/logo\/image\/","url":"https:\/\/www.mundoacuicola.cl\/new\/wp-content\/uploads\/2026\/01\/cropped-LOGO-Mundo-Acuicola-2026.png","contentUrl":"https:\/\/www.mundoacuicola.cl\/new\/wp-content\/uploads\/2026\/01\/cropped-LOGO-Mundo-Acuicola-2026.png","width":1252,"height":296,"caption":"Mundoacuicola"},"image":{"@id":"https:\/\/www.mundoacuicola.cl\/new\/#\/schema\/logo\/image\/"},"sameAs":["https:\/\/www.facebook.com\/mundo.acuicola\/","https:\/\/x.com\/mundoacuicola","https:\/\/www.linkedin.com\/in\/mundo-acuicola"]},{"@type":"Person","@id":"https:\/\/www.mundoacuicola.cl\/new\/#\/schema\/person\/52cfe7e461eb2d30484965350ee34bdd","name":"Ricardo Alvarez","url":"https:\/\/www.mundoacuicola.cl\/new\/author\/ricardo\/"}]}},"_links":{"self":[{"href":"https:\/\/www.mundoacuicola.cl\/new\/wp-json\/wp\/v2\/posts\/83689","targetHints":{"allow":["GET"]}}],"collection":[{"href":"https:\/\/www.mundoacuicola.cl\/new\/wp-json\/wp\/v2\/posts"}],"about":[{"href":"https:\/\/www.mundoacuicola.cl\/new\/wp-json\/wp\/v2\/types\/post"}],"author":[{"embeddable":true,"href":"https:\/\/www.mundoacuicola.cl\/new\/wp-json\/wp\/v2\/users\/8"}],"replies":[{"embeddable":true,"href":"https:\/\/www.mundoacuicola.cl\/new\/wp-json\/wp\/v2\/comments?post=83689"}],"version-history":[{"count":0,"href":"https:\/\/www.mundoacuicola.cl\/new\/wp-json\/wp\/v2\/posts\/83689\/revisions"}],"wp:featuredmedia":[{"embeddable":true,"href":"https:\/\/www.mundoacuicola.cl\/new\/wp-json\/wp\/v2\/media\/77641"}],"wp:attachment":[{"href":"https:\/\/www.mundoacuicola.cl\/new\/wp-json\/wp\/v2\/media?parent=83689"}],"wp:term":[{"taxonomy":"category","embeddable":true,"href":"https:\/\/www.mundoacuicola.cl\/new\/wp-json\/wp\/v2\/categories?post=83689"},{"taxonomy":"post_tag","embeddable":true,"href":"https:\/\/www.mundoacuicola.cl\/new\/wp-json\/wp\/v2\/tags?post=83689"}],"curies":[{"name":"wp","href":"https:\/\/api.w.org\/{rel}","templated":true}]}}