{"id":83695,"date":"2025-12-16T16:45:59","date_gmt":"2025-12-16T20:45:59","guid":{"rendered":"https:\/\/www.mundoacuicola.cl\/new\/?p=83695"},"modified":"2025-12-18T07:30:32","modified_gmt":"2025-12-18T11:30:32","slug":"conozca-como-funcionara-el-nuevo-centro-tecnologico-de-economia-circular","status":"publish","type":"post","link":"https:\/\/www.mundoacuicola.cl\/new\/conozca-como-funcionara-el-nuevo-centro-tecnologico-de-economia-circular\/","title":{"rendered":"Conozca c\u00f3mo funcionar\u00e1 el nuevo centro tecnol\u00f3gico de econom\u00eda circular"},"content":{"rendered":"<p>La\u00a0<a href=\"https:\/\/www.uss.cl\/\" target=\"_blank\" rel=\"noopener\">Universidad San Sebasti\u00e1n<\/a>, junto a un consorcio de universidades e instituciones nacionales, se adjudic\u00f3 el concurso de\u00a0<a href=\"https:\/\/www.corfo.cl\/\" target=\"_blank\" rel=\"noopener\">CORFO<\/a>\u00a0para la creaci\u00f3n del\u00a0<strong>Centro Tecnol\u00f3gico de Econom\u00eda Circular Los Lagos (CeTEC Los Lagos)<\/strong>, que se instalar\u00e1 en la regi\u00f3n con sede en Puerto Montt. Con una duraci\u00f3n de diez a\u00f1os y una inversi\u00f3n p\u00fablica superior a los 9 mil millones de pesos aportados por CORFO y el Gobierno Regional, a lo que se suma un cofinanciamiento privado que eleva la inversi\u00f3n total a cerca de 17 mil millones, el nuevo centro buscar\u00e1\u00a0<strong>impulsar la transici\u00f3n de la regi\u00f3n hacia modelos de desarrollo basados en la econom\u00eda circular, mediante innovaci\u00f3n tecnol\u00f3gica, formaci\u00f3n de capital humano especializado y un trabajo colaborativo entre el sector p\u00fablico, el mundo productivo y la academia.<\/strong><\/p>\n<p>En la macrozona sur confluyen actividades intensivas en el uso de recursos naturales (como la acuicultura, la agroindustria, el turismo y la energ\u00eda) que generan grandes vol\u00famenes de residuos y subproductos. Frente a este contexto,\u00a0<strong>avanzar desde el esquema lineal de \u201cproducir\u2013usar\u2013desechar\u201d hacia modelos circulares<\/strong>\u00a0es hoy un desaf\u00edo ineludible para este territorio. As\u00ed, el CeTEC Los Lagos se propone\u00a0<strong>desarrollar soluciones tecnol\u00f3gicas sostenibles y nuevos esquemas productivos<\/strong>\u00a0que permitan aprovechar mejor esos flujos de materiales.<\/p>\n<h3><strong>Alianza, emplazamiento y \u00e1reas de trabajo<\/strong><\/h3>\n<p>La ejecuci\u00f3n del CeTEC Los Lagos estar\u00e1 a cargo de la Universidad San Sebasti\u00e1n, a trav\u00e9s de su sede De la Patagonia, en alianza con la\u00a0<strong>Universidad Austral de Chile, la Universidad T\u00e9cnica Federico Santa Mar\u00eda, la Universidad Santo Tom\u00e1s y Duoc UC.<\/strong>\u00a0A este grupo se suman como coejecutores\u00a0<strong>SOFOFA Hub, UC Davis Chile, la Unidad de Desarrollo Tecnol\u00f3gico de la Universidad de Concepci\u00f3n (UDT) y NIVA Chile,<\/strong>\u00a0adem\u00e1s de una red de empresas y entidades asociadas de la regi\u00f3n. Entre estas destacan el municipio de Puerto Montt, compa\u00f1\u00edas del sector salmonero como\u00a0<strong>Mowi, Cermaq y Blumar, el grupo energ\u00e9tico Saesa, gremios agr\u00edcolas y otras organizaciones<\/strong>\u00a0que han comenzado a incorporar la econom\u00eda circular en sus estrategias de desarrollo.<\/p>\n<p>En cuanto a su emplazamiento f\u00edsico, el CeTEC Los Lagos contar\u00e1 con oficinas administrativas y comerciales en el edificio Arena Puerto Montt, mientras que en el sector de La Laja, a unos 11 kil\u00f3metros de la ciudad, se construir\u00e1n las plantas piloto y las instalaciones de escalamiento con financiamiento del proyecto.<\/p>\n<p>El trabajo del centro se articular\u00e1 a trav\u00e9s de un\u00a0<strong>modelo de gobernanza territorial y colaborativa, con instancias de decisi\u00f3n que integrar\u00e1n a los distintos actores del ecosistema regional.<\/strong>\u00a0Sobre esa base, el CeTEC Los Lagos organizar\u00e1 su quehacer en\u00a0<strong>cinco \u00e1mbitos<\/strong>\u00a0estrechamente relacionados. Uno de ellos ser\u00e1 el<strong>\u00a0desarrollo de servicios tecnol\u00f3gicos,<\/strong>\u00a0mediante la implementaci\u00f3n y articulaci\u00f3n de laboratorios y plantas piloto que permitan caracterizar materiales, realizar pruebas de desempe\u00f1o, dise\u00f1ar y validar prototipos, avanzar en el escalamiento de soluciones y ofrecer servicios de certificaci\u00f3n y trazabilidad de datos a empresas y entidades p\u00fablicas.<\/p>\n<h3><strong>I+D+i<\/strong><\/h3>\n<p>Otro eje estar\u00e1 centrado en la<strong>\u00a0investigaci\u00f3n, desarrollo e innovaci\u00f3n (I+D+i), con proyectos orientados a abordar brechas prioritarias en econom\u00eda circular.<\/strong>\u00a0Entre ellos se consideran l\u00edneas en bioprocesos, nuevos materiales, digitalizaci\u00f3n y monitoreo de procesos, as\u00ed como dise\u00f1o de procesos y productos con criterios de circularidad, avanzando desde la validaci\u00f3n en laboratorio hasta la demostraci\u00f3n en entornos reales y etapas cercanas a la precomercializaci\u00f3n.<\/p>\n<p>El\u00a0<strong>fortalecimiento del capital humano ser\u00e1 una tercera l\u00ednea de acci\u00f3n, con programas de formaci\u00f3n t\u00e9cnica y profesional en econom\u00eda circular,<\/strong>\u00a0cursos de actualizaci\u00f3n, diplomados, pasant\u00edas y microcredenciales, as\u00ed como iniciativas de reconversi\u00f3n laboral hacia empleos vinculados a la sostenibilidad. El centro buscar\u00e1, adem\u00e1s, propiciar la\u00a0<strong>inserci\u00f3n de talento<\/strong>\u00a0en empresas y organizaciones a trav\u00e9s de tesis, proyectos de posgrado y programas de capacitaci\u00f3n especializados.<\/p>\n<p>En paralelo, el CeTEC Los Lagos impulsar\u00e1 la<strong>\u00a0articulaci\u00f3n del ecosistema regional\u00a0<\/strong>mediante la creaci\u00f3n de mesas sectoriales p\u00fablico-privadas, la coordinaci\u00f3n con gobiernos locales y servicios p\u00fablicos, y la vinculaci\u00f3n con redes nacionales e internacionales<strong>.<\/strong>\u00a0Este trabajo estar\u00e1 orientado tambi\u00e9n a\u00a0<strong>acompa\u00f1ar el desarrollo de emprendimientos y empresas de base cient\u00edfico-tecnol\u00f3gica<\/strong>\u00a0con foco en la circularidad, promoviendo encadenamientos productivos que permitan que los residuos de una actividad se transformen en insumos para otra.<\/p>\n<p>Finalmente, el centro desplegar\u00e1 una\u00a0<strong>estrategia de difusi\u00f3n territorial<\/strong>\u00a0que incluir\u00e1 espacios demostrativos abiertos, actividades con comunidades y la elaboraci\u00f3n de gu\u00edas y orientaciones de buenas pr\u00e1cticas. Junto con ello, se proyecta la instalaci\u00f3n de un\u00a0<strong>Observatorio Regional de Circularidad<\/strong>\u00a0que contribuya a generar informaci\u00f3n, indicadores y an\u00e1lisis para apoyar la toma de decisiones p\u00fablicas y privadas, y favorecer un cambio cultural en torno a la gesti\u00f3n de los recursos y los residuos.<\/p>\n<div id=\"attachment_32498\" class=\"wp-caption alignnone\"><img fetchpriority=\"high\" decoding=\"async\" class=\"wp-image-32498 size-full\" src=\"https:\/\/cdn.uss.cl\/investigacion\/2025\/11\/sede-de-la-patagonia-uss.jpg\" sizes=\"(max-width: 1500px) 100vw, 1500px\" srcset=\"https:\/\/cdn.uss.cl\/investigacion\/2025\/11\/sede-de-la-patagonia-uss.jpg 1500w, https:\/\/cdn.uss.cl\/investigacion\/2025\/11\/sede-de-la-patagonia-uss-300x169.jpg 300w, https:\/\/cdn.uss.cl\/investigacion\/2025\/11\/sede-de-la-patagonia-uss-1024x575.jpg 1024w, https:\/\/cdn.uss.cl\/investigacion\/2025\/11\/sede-de-la-patagonia-uss-768x432.jpg 768w\" alt=\"\" width=\"1500\" height=\"843\" aria-describedby=\"caption-attachment-32498\" \/><\/p>\n<p id=\"caption-attachment-32498\" class=\"wp-caption-text\">Universidad San Sebasti\u00e1n, sede de La Patagonia<\/p>\n<\/div>\n<h3><strong>Impactos para la regi\u00f3n y la macrozona sur<\/strong><\/h3>\n<p>A mediano y largo plazo,\u00a0<strong>el CeTEC Los Lagos espera contribuir a una disminuci\u00f3n sostenida de residuos enviados a disposici\u00f3n final, junto con un aumento en su valorizaci\u00f3n material y energ\u00e9tica y mejoras en la ecoeficiencia de los procesos productivos.<\/strong>\u00a0En el plano econ\u00f3mico, el centro fomentar\u00e1 la\u00a0<strong>adopci\u00f3n de estrategias basadas en la reutilizaci\u00f3n, la reparaci\u00f3n, la remanufactura y el reciclaje,<\/strong>\u00a0lo que podr\u00eda traducirse en menores costos operativos y mayores capacidades de innovaci\u00f3n para las empresas locales. En cuanto al capital humano, se proyecta la formaci\u00f3n de t\u00e9cnicos y profesionales con competencias en circularidad y la reconversi\u00f3n de trabajadores hacia empleos m\u00e1s sostenibles, fortaleciendo tambi\u00e9n las capacidades de municipios y servicios p\u00fablicos para dise\u00f1ar e implementar pol\u00edticas en esta materia.<\/p>\n<p>Desde una perspectiva institucional, la iniciativa dejar\u00e1 instaladas infraestructuras tecnol\u00f3gicas en la regi\u00f3n y mecanismos de gobernanza, junto con redes de colaboraci\u00f3n activas y sistemas de indicadores que permitan hacer seguimiento a los avances y ajustar las estrategias en funci\u00f3n de la evidencia disponible. La expectativa es que esta base contribuya a\u00a0<strong>construir una trayectoria regional en econom\u00eda circular con proyecci\u00f3n nacional.<\/strong><\/p>\n<p>Para\u00a0<strong><a href=\"https:\/\/researchers.uss.cl\/es\/persons\/tomas-orlando-perez-acle\/\" target=\"_blank\" rel=\"noopener\">Tom\u00e1s P\u00e9rez-Acle<\/a>,<\/strong>\u00a0vicerrector de Investigaci\u00f3n y Doctorados de la Universidad San Sebasti\u00e1n, \u201ceste proyecto es resultado de la colaboraci\u00f3n entre la Vicerrector\u00eda de Investigaci\u00f3n y Doctorados, la Vicerrector\u00eda de Vinculaci\u00f3n con el Medio, nuestra sede De la Patagonia y las instituciones y empresas que forman parte del consorcio. Ese esfuerzo compartido nos permite abordar desaf\u00edos complejos del territorio y avanzar, junto a m\u00faltiples actores, hacia formas de desarrollo m\u00e1s sostenibles para la Regi\u00f3n de Los Lagos\u201d.<\/p>\n<p>El nuevo centro aspira a<strong>\u00a0mostrar, a trav\u00e9s de proyectos concretos, c\u00f3mo la articulaci\u00f3n entre ciencia, sector productivo, instituciones p\u00fablicas y comunidades puede cambiar la forma en que se producen y gestionan los recursos,<\/strong>\u00a0combinando innovaci\u00f3n tecnol\u00f3gica, cuidado ambiental y mejores condiciones de vida para las personas.<\/p>\n","protected":false},"excerpt":{"rendered":"<p>La Universidad San Sebasti\u00e1n lidera el nuevo Centro Tecnol\u00f3gico de Econom\u00eda Circular Los Lagos, con sede en Puerto Montt, que articular\u00e1 a academia, empresas y sector p\u00fablico para impulsar soluciones y capital humano en econom\u00eda circular.<\/p>\n","protected":false},"author":10,"featured_media":83696,"comment_status":"closed","ping_status":"closed","sticky":false,"template":"","format":"standard","meta":{"footnotes":""},"categories":[89],"tags":[1261,143,122,2907,184,2273,137,197],"class_list":["post-83695","post","type-post","status-publish","format-standard","has-post-thumbnail","hentry","category-instituciones","tag-acuicola","tag-acuicultura","tag-industria-acuicola","tag-industria-salmonera","tag-salmon","tag-salmon-chileno","tag-salmones","tag-salmonicultura"],"yoast_head":"<!-- This site is optimized with the Yoast SEO plugin v27.5 - https:\/\/yoast.com\/product\/yoast-seo-wordpress\/ -->\n<title>Conozca c\u00f3mo funcionar\u00e1 el nuevo centro tecnol\u00f3gico de econom\u00eda circular - Mundoacuicola<\/title>\n<meta name=\"description\" content=\"La Universidad San Sebasti\u00e1n lidera el nuevo Centro Tecnol\u00f3gico de Econom\u00eda Circular Los Lagos, con sede en Puerto Montt.\" \/>\n<meta name=\"robots\" content=\"index, follow, max-snippet:-1, max-image-preview:large, max-video-preview:-1\" \/>\n<link rel=\"canonical\" href=\"https:\/\/www.mundoacuicola.cl\/new\/conozca-como-funcionara-el-nuevo-centro-tecnologico-de-economia-circular\/\" \/>\n<meta property=\"og:locale\" content=\"es_ES\" \/>\n<meta property=\"og:type\" content=\"article\" \/>\n<meta property=\"og:title\" content=\"Conozca c\u00f3mo funcionar\u00e1 el nuevo centro tecnol\u00f3gico de econom\u00eda circular - Mundoacuicola\" \/>\n<meta property=\"og:description\" content=\"La Universidad San Sebasti\u00e1n lidera el nuevo Centro Tecnol\u00f3gico de Econom\u00eda Circular Los Lagos, con sede en Puerto Montt.\" \/>\n<meta property=\"og:url\" content=\"https:\/\/www.mundoacuicola.cl\/new\/conozca-como-funcionara-el-nuevo-centro-tecnologico-de-economia-circular\/\" \/>\n<meta property=\"og:site_name\" content=\"Mundoacuicola\" \/>\n<meta property=\"article:publisher\" content=\"https:\/\/www.facebook.com\/mundo.acuicola\/\" \/>\n<meta property=\"article:published_time\" content=\"2025-12-16T20:45:59+00:00\" \/>\n<meta property=\"article:modified_time\" content=\"2025-12-18T11:30:32+00:00\" \/>\n<meta property=\"og:image\" content=\"https:\/\/www.mundoacuicola.cl\/new\/wp-content\/uploads\/2025\/12\/CentroEconomiaCircular.jpg\" \/>\n\t<meta property=\"og:image:width\" content=\"750\" \/>\n\t<meta property=\"og:image:height\" content=\"400\" \/>\n\t<meta property=\"og:image:type\" content=\"image\/jpeg\" \/>\n<meta name=\"author\" content=\"mbarrueto\" \/>\n<meta name=\"twitter:card\" content=\"summary_large_image\" \/>\n<meta name=\"twitter:creator\" content=\"@mundoacuicola\" \/>\n<meta name=\"twitter:site\" content=\"@mundoacuicola\" \/>\n<meta name=\"twitter:label1\" content=\"Escrito por\" \/>\n\t<meta name=\"twitter:data1\" content=\"mbarrueto\" \/>\n\t<meta name=\"twitter:label2\" content=\"Tiempo de lectura\" \/>\n\t<meta name=\"twitter:data2\" content=\"6 minutos\" \/>\n<script type=\"application\/ld+json\" class=\"yoast-schema-graph\">{\"@context\":\"https:\\\/\\\/schema.org\",\"@graph\":[{\"@type\":\"Article\",\"@id\":\"https:\\\/\\\/www.mundoacuicola.cl\\\/new\\\/conozca-como-funcionara-el-nuevo-centro-tecnologico-de-economia-circular\\\/#article\",\"isPartOf\":{\"@id\":\"https:\\\/\\\/www.mundoacuicola.cl\\\/new\\\/conozca-como-funcionara-el-nuevo-centro-tecnologico-de-economia-circular\\\/\"},\"author\":{\"name\":\"mbarrueto\",\"@id\":\"https:\\\/\\\/www.mundoacuicola.cl\\\/new\\\/#\\\/schema\\\/person\\\/c00ffe389abb88bd9254653add139315\"},\"headline\":\"Conozca c\u00f3mo funcionar\u00e1 el nuevo centro tecnol\u00f3gico de econom\u00eda circular\",\"datePublished\":\"2025-12-16T20:45:59+00:00\",\"dateModified\":\"2025-12-18T11:30:32+00:00\",\"mainEntityOfPage\":{\"@id\":\"https:\\\/\\\/www.mundoacuicola.cl\\\/new\\\/conozca-como-funcionara-el-nuevo-centro-tecnologico-de-economia-circular\\\/\"},\"wordCount\":1225,\"publisher\":{\"@id\":\"https:\\\/\\\/www.mundoacuicola.cl\\\/new\\\/#organization\"},\"image\":{\"@id\":\"https:\\\/\\\/www.mundoacuicola.cl\\\/new\\\/conozca-como-funcionara-el-nuevo-centro-tecnologico-de-economia-circular\\\/#primaryimage\"},\"thumbnailUrl\":\"https:\\\/\\\/www.mundoacuicola.cl\\\/new\\\/wp-content\\\/uploads\\\/2025\\\/12\\\/CentroEconomiaCircular.jpg\",\"keywords\":[\"Acu\u00edcola\",\"Acuicultura\",\"Industria Acu\u00edcola\",\"Industria salmonera\",\"Salm\u00f3n\",\"Salm\u00f3n chileno\",\"salmones\",\"salmonicultura\"],\"articleSection\":[\"Instituciones\"],\"inLanguage\":\"es\"},{\"@type\":\"WebPage\",\"@id\":\"https:\\\/\\\/www.mundoacuicola.cl\\\/new\\\/conozca-como-funcionara-el-nuevo-centro-tecnologico-de-economia-circular\\\/\",\"url\":\"https:\\\/\\\/www.mundoacuicola.cl\\\/new\\\/conozca-como-funcionara-el-nuevo-centro-tecnologico-de-economia-circular\\\/\",\"name\":\"Conozca c\u00f3mo funcionar\u00e1 el nuevo centro tecnol\u00f3gico de econom\u00eda circular - Mundoacuicola\",\"isPartOf\":{\"@id\":\"https:\\\/\\\/www.mundoacuicola.cl\\\/new\\\/#website\"},\"primaryImageOfPage\":{\"@id\":\"https:\\\/\\\/www.mundoacuicola.cl\\\/new\\\/conozca-como-funcionara-el-nuevo-centro-tecnologico-de-economia-circular\\\/#primaryimage\"},\"image\":{\"@id\":\"https:\\\/\\\/www.mundoacuicola.cl\\\/new\\\/conozca-como-funcionara-el-nuevo-centro-tecnologico-de-economia-circular\\\/#primaryimage\"},\"thumbnailUrl\":\"https:\\\/\\\/www.mundoacuicola.cl\\\/new\\\/wp-content\\\/uploads\\\/2025\\\/12\\\/CentroEconomiaCircular.jpg\",\"datePublished\":\"2025-12-16T20:45:59+00:00\",\"dateModified\":\"2025-12-18T11:30:32+00:00\",\"description\":\"La Universidad San Sebasti\u00e1n lidera el nuevo Centro Tecnol\u00f3gico de Econom\u00eda Circular Los Lagos, con sede en Puerto Montt.\",\"breadcrumb\":{\"@id\":\"https:\\\/\\\/www.mundoacuicola.cl\\\/new\\\/conozca-como-funcionara-el-nuevo-centro-tecnologico-de-economia-circular\\\/#breadcrumb\"},\"inLanguage\":\"es\",\"potentialAction\":[{\"@type\":\"ReadAction\",\"target\":[\"https:\\\/\\\/www.mundoacuicola.cl\\\/new\\\/conozca-como-funcionara-el-nuevo-centro-tecnologico-de-economia-circular\\\/\"]}]},{\"@type\":\"ImageObject\",\"inLanguage\":\"es\",\"@id\":\"https:\\\/\\\/www.mundoacuicola.cl\\\/new\\\/conozca-como-funcionara-el-nuevo-centro-tecnologico-de-economia-circular\\\/#primaryimage\",\"url\":\"https:\\\/\\\/www.mundoacuicola.cl\\\/new\\\/wp-content\\\/uploads\\\/2025\\\/12\\\/CentroEconomiaCircular.jpg\",\"contentUrl\":\"https:\\\/\\\/www.mundoacuicola.cl\\\/new\\\/wp-content\\\/uploads\\\/2025\\\/12\\\/CentroEconomiaCircular.jpg\",\"width\":750,\"height\":400},{\"@type\":\"BreadcrumbList\",\"@id\":\"https:\\\/\\\/www.mundoacuicola.cl\\\/new\\\/conozca-como-funcionara-el-nuevo-centro-tecnologico-de-economia-circular\\\/#breadcrumb\",\"itemListElement\":[{\"@type\":\"ListItem\",\"position\":1,\"name\":\"Portada\",\"item\":\"https:\\\/\\\/www.mundoacuicola.cl\\\/new\\\/\"},{\"@type\":\"ListItem\",\"position\":2,\"name\":\"Conozca c\u00f3mo funcionar\u00e1 el nuevo centro tecnol\u00f3gico de econom\u00eda circular\"}]},{\"@type\":\"WebSite\",\"@id\":\"https:\\\/\\\/www.mundoacuicola.cl\\\/new\\\/#website\",\"url\":\"https:\\\/\\\/www.mundoacuicola.cl\\\/new\\\/\",\"name\":\"Mundoacuicola\",\"description\":\"Revista de Acuicultura.\",\"publisher\":{\"@id\":\"https:\\\/\\\/www.mundoacuicola.cl\\\/new\\\/#organization\"},\"potentialAction\":[{\"@type\":\"SearchAction\",\"target\":{\"@type\":\"EntryPoint\",\"urlTemplate\":\"https:\\\/\\\/www.mundoacuicola.cl\\\/new\\\/?s={search_term_string}\"},\"query-input\":{\"@type\":\"PropertyValueSpecification\",\"valueRequired\":true,\"valueName\":\"search_term_string\"}}],\"inLanguage\":\"es\"},{\"@type\":\"Organization\",\"@id\":\"https:\\\/\\\/www.mundoacuicola.cl\\\/new\\\/#organization\",\"name\":\"Mundoacuicola\",\"url\":\"https:\\\/\\\/www.mundoacuicola.cl\\\/new\\\/\",\"logo\":{\"@type\":\"ImageObject\",\"inLanguage\":\"es\",\"@id\":\"https:\\\/\\\/www.mundoacuicola.cl\\\/new\\\/#\\\/schema\\\/logo\\\/image\\\/\",\"url\":\"https:\\\/\\\/www.mundoacuicola.cl\\\/new\\\/wp-content\\\/uploads\\\/2026\\\/01\\\/cropped-LOGO-Mundo-Acuicola-2026.png\",\"contentUrl\":\"https:\\\/\\\/www.mundoacuicola.cl\\\/new\\\/wp-content\\\/uploads\\\/2026\\\/01\\\/cropped-LOGO-Mundo-Acuicola-2026.png\",\"width\":1252,\"height\":296,\"caption\":\"Mundoacuicola\"},\"image\":{\"@id\":\"https:\\\/\\\/www.mundoacuicola.cl\\\/new\\\/#\\\/schema\\\/logo\\\/image\\\/\"},\"sameAs\":[\"https:\\\/\\\/www.facebook.com\\\/mundo.acuicola\\\/\",\"https:\\\/\\\/x.com\\\/mundoacuicola\",\"https:\\\/\\\/www.linkedin.com\\\/in\\\/mundo-acuicola\"]},{\"@type\":\"Person\",\"@id\":\"https:\\\/\\\/www.mundoacuicola.cl\\\/new\\\/#\\\/schema\\\/person\\\/c00ffe389abb88bd9254653add139315\",\"name\":\"mbarrueto\",\"url\":\"https:\\\/\\\/www.mundoacuicola.cl\\\/new\\\/author\\\/mbarrueto\\\/\"}]}<\/script>\n<!-- \/ Yoast SEO plugin. -->","yoast_head_json":{"title":"Conozca c\u00f3mo funcionar\u00e1 el nuevo centro tecnol\u00f3gico de econom\u00eda circular - Mundoacuicola","description":"La Universidad San Sebasti\u00e1n lidera el nuevo Centro Tecnol\u00f3gico de Econom\u00eda Circular Los Lagos, con sede en Puerto Montt.","robots":{"index":"index","follow":"follow","max-snippet":"max-snippet:-1","max-image-preview":"max-image-preview:large","max-video-preview":"max-video-preview:-1"},"canonical":"https:\/\/www.mundoacuicola.cl\/new\/conozca-como-funcionara-el-nuevo-centro-tecnologico-de-economia-circular\/","og_locale":"es_ES","og_type":"article","og_title":"Conozca c\u00f3mo funcionar\u00e1 el nuevo centro tecnol\u00f3gico de econom\u00eda circular - Mundoacuicola","og_description":"La Universidad San Sebasti\u00e1n lidera el nuevo Centro Tecnol\u00f3gico de Econom\u00eda Circular Los Lagos, con sede en Puerto Montt.","og_url":"https:\/\/www.mundoacuicola.cl\/new\/conozca-como-funcionara-el-nuevo-centro-tecnologico-de-economia-circular\/","og_site_name":"Mundoacuicola","article_publisher":"https:\/\/www.facebook.com\/mundo.acuicola\/","article_published_time":"2025-12-16T20:45:59+00:00","article_modified_time":"2025-12-18T11:30:32+00:00","og_image":[{"width":750,"height":400,"url":"https:\/\/www.mundoacuicola.cl\/new\/wp-content\/uploads\/2025\/12\/CentroEconomiaCircular.jpg","type":"image\/jpeg"}],"author":"mbarrueto","twitter_card":"summary_large_image","twitter_creator":"@mundoacuicola","twitter_site":"@mundoacuicola","twitter_misc":{"Escrito por":"mbarrueto","Tiempo de lectura":"6 minutos"},"schema":{"@context":"https:\/\/schema.org","@graph":[{"@type":"Article","@id":"https:\/\/www.mundoacuicola.cl\/new\/conozca-como-funcionara-el-nuevo-centro-tecnologico-de-economia-circular\/#article","isPartOf":{"@id":"https:\/\/www.mundoacuicola.cl\/new\/conozca-como-funcionara-el-nuevo-centro-tecnologico-de-economia-circular\/"},"author":{"name":"mbarrueto","@id":"https:\/\/www.mundoacuicola.cl\/new\/#\/schema\/person\/c00ffe389abb88bd9254653add139315"},"headline":"Conozca c\u00f3mo funcionar\u00e1 el nuevo centro tecnol\u00f3gico de econom\u00eda circular","datePublished":"2025-12-16T20:45:59+00:00","dateModified":"2025-12-18T11:30:32+00:00","mainEntityOfPage":{"@id":"https:\/\/www.mundoacuicola.cl\/new\/conozca-como-funcionara-el-nuevo-centro-tecnologico-de-economia-circular\/"},"wordCount":1225,"publisher":{"@id":"https:\/\/www.mundoacuicola.cl\/new\/#organization"},"image":{"@id":"https:\/\/www.mundoacuicola.cl\/new\/conozca-como-funcionara-el-nuevo-centro-tecnologico-de-economia-circular\/#primaryimage"},"thumbnailUrl":"https:\/\/www.mundoacuicola.cl\/new\/wp-content\/uploads\/2025\/12\/CentroEconomiaCircular.jpg","keywords":["Acu\u00edcola","Acuicultura","Industria Acu\u00edcola","Industria salmonera","Salm\u00f3n","Salm\u00f3n chileno","salmones","salmonicultura"],"articleSection":["Instituciones"],"inLanguage":"es"},{"@type":"WebPage","@id":"https:\/\/www.mundoacuicola.cl\/new\/conozca-como-funcionara-el-nuevo-centro-tecnologico-de-economia-circular\/","url":"https:\/\/www.mundoacuicola.cl\/new\/conozca-como-funcionara-el-nuevo-centro-tecnologico-de-economia-circular\/","name":"Conozca c\u00f3mo funcionar\u00e1 el nuevo centro tecnol\u00f3gico de econom\u00eda circular - Mundoacuicola","isPartOf":{"@id":"https:\/\/www.mundoacuicola.cl\/new\/#website"},"primaryImageOfPage":{"@id":"https:\/\/www.mundoacuicola.cl\/new\/conozca-como-funcionara-el-nuevo-centro-tecnologico-de-economia-circular\/#primaryimage"},"image":{"@id":"https:\/\/www.mundoacuicola.cl\/new\/conozca-como-funcionara-el-nuevo-centro-tecnologico-de-economia-circular\/#primaryimage"},"thumbnailUrl":"https:\/\/www.mundoacuicola.cl\/new\/wp-content\/uploads\/2025\/12\/CentroEconomiaCircular.jpg","datePublished":"2025-12-16T20:45:59+00:00","dateModified":"2025-12-18T11:30:32+00:00","description":"La Universidad San Sebasti\u00e1n lidera el nuevo Centro Tecnol\u00f3gico de Econom\u00eda Circular Los Lagos, con sede en Puerto Montt.","breadcrumb":{"@id":"https:\/\/www.mundoacuicola.cl\/new\/conozca-como-funcionara-el-nuevo-centro-tecnologico-de-economia-circular\/#breadcrumb"},"inLanguage":"es","potentialAction":[{"@type":"ReadAction","target":["https:\/\/www.mundoacuicola.cl\/new\/conozca-como-funcionara-el-nuevo-centro-tecnologico-de-economia-circular\/"]}]},{"@type":"ImageObject","inLanguage":"es","@id":"https:\/\/www.mundoacuicola.cl\/new\/conozca-como-funcionara-el-nuevo-centro-tecnologico-de-economia-circular\/#primaryimage","url":"https:\/\/www.mundoacuicola.cl\/new\/wp-content\/uploads\/2025\/12\/CentroEconomiaCircular.jpg","contentUrl":"https:\/\/www.mundoacuicola.cl\/new\/wp-content\/uploads\/2025\/12\/CentroEconomiaCircular.jpg","width":750,"height":400},{"@type":"BreadcrumbList","@id":"https:\/\/www.mundoacuicola.cl\/new\/conozca-como-funcionara-el-nuevo-centro-tecnologico-de-economia-circular\/#breadcrumb","itemListElement":[{"@type":"ListItem","position":1,"name":"Portada","item":"https:\/\/www.mundoacuicola.cl\/new\/"},{"@type":"ListItem","position":2,"name":"Conozca c\u00f3mo funcionar\u00e1 el nuevo centro tecnol\u00f3gico de econom\u00eda circular"}]},{"@type":"WebSite","@id":"https:\/\/www.mundoacuicola.cl\/new\/#website","url":"https:\/\/www.mundoacuicola.cl\/new\/","name":"Mundoacuicola","description":"Revista de Acuicultura.","publisher":{"@id":"https:\/\/www.mundoacuicola.cl\/new\/#organization"},"potentialAction":[{"@type":"SearchAction","target":{"@type":"EntryPoint","urlTemplate":"https:\/\/www.mundoacuicola.cl\/new\/?s={search_term_string}"},"query-input":{"@type":"PropertyValueSpecification","valueRequired":true,"valueName":"search_term_string"}}],"inLanguage":"es"},{"@type":"Organization","@id":"https:\/\/www.mundoacuicola.cl\/new\/#organization","name":"Mundoacuicola","url":"https:\/\/www.mundoacuicola.cl\/new\/","logo":{"@type":"ImageObject","inLanguage":"es","@id":"https:\/\/www.mundoacuicola.cl\/new\/#\/schema\/logo\/image\/","url":"https:\/\/www.mundoacuicola.cl\/new\/wp-content\/uploads\/2026\/01\/cropped-LOGO-Mundo-Acuicola-2026.png","contentUrl":"https:\/\/www.mundoacuicola.cl\/new\/wp-content\/uploads\/2026\/01\/cropped-LOGO-Mundo-Acuicola-2026.png","width":1252,"height":296,"caption":"Mundoacuicola"},"image":{"@id":"https:\/\/www.mundoacuicola.cl\/new\/#\/schema\/logo\/image\/"},"sameAs":["https:\/\/www.facebook.com\/mundo.acuicola\/","https:\/\/x.com\/mundoacuicola","https:\/\/www.linkedin.com\/in\/mundo-acuicola"]},{"@type":"Person","@id":"https:\/\/www.mundoacuicola.cl\/new\/#\/schema\/person\/c00ffe389abb88bd9254653add139315","name":"mbarrueto","url":"https:\/\/www.mundoacuicola.cl\/new\/author\/mbarrueto\/"}]}},"_links":{"self":[{"href":"https:\/\/www.mundoacuicola.cl\/new\/wp-json\/wp\/v2\/posts\/83695","targetHints":{"allow":["GET"]}}],"collection":[{"href":"https:\/\/www.mundoacuicola.cl\/new\/wp-json\/wp\/v2\/posts"}],"about":[{"href":"https:\/\/www.mundoacuicola.cl\/new\/wp-json\/wp\/v2\/types\/post"}],"author":[{"embeddable":true,"href":"https:\/\/www.mundoacuicola.cl\/new\/wp-json\/wp\/v2\/users\/10"}],"replies":[{"embeddable":true,"href":"https:\/\/www.mundoacuicola.cl\/new\/wp-json\/wp\/v2\/comments?post=83695"}],"version-history":[{"count":0,"href":"https:\/\/www.mundoacuicola.cl\/new\/wp-json\/wp\/v2\/posts\/83695\/revisions"}],"wp:featuredmedia":[{"embeddable":true,"href":"https:\/\/www.mundoacuicola.cl\/new\/wp-json\/wp\/v2\/media\/83696"}],"wp:attachment":[{"href":"https:\/\/www.mundoacuicola.cl\/new\/wp-json\/wp\/v2\/media?parent=83695"}],"wp:term":[{"taxonomy":"category","embeddable":true,"href":"https:\/\/www.mundoacuicola.cl\/new\/wp-json\/wp\/v2\/categories?post=83695"},{"taxonomy":"post_tag","embeddable":true,"href":"https:\/\/www.mundoacuicola.cl\/new\/wp-json\/wp\/v2\/tags?post=83695"}],"curies":[{"name":"wp","href":"https:\/\/api.w.org\/{rel}","templated":true}]}}