{"id":83716,"date":"2025-12-17T16:20:46","date_gmt":"2025-12-17T20:20:46","guid":{"rendered":"https:\/\/www.mundoacuicola.cl\/new\/?p=83716"},"modified":"2025-12-18T09:47:50","modified_gmt":"2025-12-18T13:47:50","slug":"aquasur-2026-adelanta-los-ejes-que-marcaran-el-debate-acuicola-del-proximo-ano","status":"publish","type":"post","link":"https:\/\/www.mundoacuicola.cl\/new\/aquasur-2026-adelanta-los-ejes-que-marcaran-el-debate-acuicola-del-proximo-ano\/","title":{"rendered":"AquaSur 2026 adelanta los ejes que marcar\u00e1n el debate acu\u00edcola del pr\u00f3ximo a\u00f1o"},"content":{"rendered":"<div class=\"col-lg-7 col-12\">\n<div class=\"news-details-content\">\n<p>Desde el 24 hasta el 26 de marzo de 2026 en la Regi\u00f3n de Los Lagos, Chile, tendr\u00e1 lugar la decimotercera versi\u00f3n de Aquasur. La exhibici\u00f3n, sindicada como el principal punto de encuentro, en el hemisferio sur, de empresas dedicadas al cultivo acu\u00e1tico y a productos relacionados con esta actividad.<\/p>\n<p>La organizaci\u00f3n del evento, a cargo de FISA, del grupo franc\u00e9s GL events, tiene altas expectativas por esta edici\u00f3n. Entre las novedades que se han dado a conocer est\u00e1n la elecci\u00f3n de un nuevo recinto, de 80.000 metros cuadrados, y la creaci\u00f3n de un ambicioso plan de movilidad que facilite el ingreso y la salida de los visitantes.<\/p>\n<p>Adem\u00e1s, el programa contempla la realizaci\u00f3n de un congreso internacional en paralelo a la exhibici\u00f3n. Los temas que abordar\u00e1 son: alimentos azules e innovaci\u00f3n en la producci\u00f3n de prote\u00edna de calidad desde la salmonicultura; y la aceleraci\u00f3n del crecimiento sostenible de la acuicultura global.<\/p>\n<h3><strong>Cronograma<\/strong><\/h3>\n<p>Este congreso, en su jornada inaugural, tendr\u00e1 un panel sobre la Iniciativa Global del Salm\u00f3n (GSI, por su sigla en ingl\u00e9s), dirigida por gerentes de empresas mundiales productoras de salm\u00f3n comprometidos a impulsar mejoras continuas en la salmonicultura en el mundo. Tambi\u00e9n est\u00e1 programada, para el mismo d\u00eda, la entrega de los premios Happy Salmon.<\/p>\n<p>En tanto, el mi\u00e9rcoles 25 iniciar\u00e1 con el panel \u201cInnovaci\u00f3n para el cambio desde el alimento hasta el producto final\u201d, que ser\u00e1 presentado por el alcalde de Puerto Montt, Rodrigo Wainraight, y que estar\u00e1 integrado por expertas nacionales e internacionales de la industria acu\u00edcola. Le sigue el panel \u201cBeneficios para la salud humana del consumo de salm\u00f3n\u201d, con representantes de la Administraci\u00f3n de Alimentos y Medicamentos (FDA, por su sigla en ingl\u00e9s) de Estados Unidos.<\/p>\n<p>Otros debates que ocurrir\u00e1n durante esta jornada est\u00e1n relacionados con las nuevas miradas para manejar el bienestar animal en acuicultura y perspectivas sobre la aplicaci\u00f3n de edici\u00f3n g\u00e9nica en la industria acu\u00edcola global.<\/p>\n<p>Mientras, para el jueves 26 se proyectan conversaciones sobre la innovaci\u00f3n para la sostenibilidad en acuicultura, soluciones biotecnol\u00f3gicas para la sustentabilidad en el sector y el uso de tecnolog\u00edas disruptivas para una producci\u00f3n acu\u00edcola sostenible.<\/p>\n<h3><strong>El futuro de la acuicultura<\/strong><\/h3>\n<p>Rodrigo Bastidas, gerente de la feria, se\u00f1al\u00f3 que \u201chay gran entusiasmo por este congreso. En FISA, en cada una de nuestras ferias, brindamos un espacio para que se den los debates relevantes de los sectores productivos. Aquasur 2026 no ser\u00e1 la excepci\u00f3n\u201d.<\/p>\n<p>Agreg\u00f3 que \u201cestamos trabajando para reunir a los expertos clave de la industria acu\u00edcola y as\u00ed posicionar a Chile no solo como un lugar propicio para su desarrollo material sino tambi\u00e9n como un polo de generaci\u00f3n de ideas e innovaci\u00f3n que nos lleve un paso m\u00e1s adelante\u201d.<\/p>\n<p><a href=\"https:\/\/www.aqua-sur.cl\/descargas\/programa-aquasur-2026.pdf\"><strong>Revisa el programa completo aqu\u00ed<\/strong><\/a><\/p>\n<p><a href=\"https:\/\/www.aqua-sur.cl\/\"><strong>M\u00e1s detalles e inscripciones en la p\u00e1gina oficial del evento<\/strong><\/a><\/p>\n<\/div>\n<\/div>\n","protected":false},"excerpt":{"rendered":"<p>FISA present\u00f3 el programa preliminar del Congreso AquaSur 2026, con tres jornadas enfocadas en innovaci\u00f3n, sostenibilidad, gen\u00e9tica y tecnolog\u00edas para la acuicultura.<\/p>\n","protected":false},"author":10,"featured_media":83717,"comment_status":"closed","ping_status":"closed","sticky":false,"template":"","format":"standard","meta":{"footnotes":""},"categories":[112],"tags":[1261,143,20954,7729,122,2907,184,2273,197],"class_list":["post-83716","post","type-post","status-publish","format-standard","has-post-thumbnail","hentry","category-eventos","tag-acuicola","tag-acuicultura","tag-aquasur-2026","tag-fisa","tag-industria-acuicola","tag-industria-salmonera","tag-salmon","tag-salmon-chileno","tag-salmonicultura"],"yoast_head":"<!-- This site is optimized with the Yoast SEO plugin v27.5 - https:\/\/yoast.com\/product\/yoast-seo-wordpress\/ -->\n<title>AquaSur 2026 adelanta los ejes que marcar\u00e1n el debate acu\u00edcola del pr\u00f3ximo a\u00f1o - Mundoacuicola<\/title>\n<meta name=\"description\" content=\"FISA present\u00f3 el programa preliminar de AquaSur 2026, con tres jornadas enfocadas en innovaci\u00f3n, sostenibilidad y tecnolog\u00edas acu\u00edcolas.\" \/>\n<meta name=\"robots\" content=\"index, follow, max-snippet:-1, max-image-preview:large, max-video-preview:-1\" \/>\n<link rel=\"canonical\" href=\"https:\/\/www.mundoacuicola.cl\/new\/aquasur-2026-adelanta-los-ejes-que-marcaran-el-debate-acuicola-del-proximo-ano\/\" \/>\n<meta property=\"og:locale\" content=\"es_ES\" \/>\n<meta property=\"og:type\" content=\"article\" \/>\n<meta property=\"og:title\" content=\"AquaSur 2026 adelanta los ejes que marcar\u00e1n el debate acu\u00edcola del pr\u00f3ximo a\u00f1o - Mundoacuicola\" \/>\n<meta property=\"og:description\" content=\"FISA present\u00f3 el programa preliminar de AquaSur 2026, con tres jornadas enfocadas en innovaci\u00f3n, sostenibilidad y tecnolog\u00edas acu\u00edcolas.\" \/>\n<meta property=\"og:url\" content=\"https:\/\/www.mundoacuicola.cl\/new\/aquasur-2026-adelanta-los-ejes-que-marcaran-el-debate-acuicola-del-proximo-ano\/\" \/>\n<meta property=\"og:site_name\" content=\"Mundoacuicola\" \/>\n<meta property=\"article:publisher\" content=\"https:\/\/www.facebook.com\/mundo.acuicola\/\" \/>\n<meta property=\"article:published_time\" content=\"2025-12-17T20:20:46+00:00\" \/>\n<meta property=\"article:modified_time\" content=\"2025-12-18T13:47:50+00:00\" \/>\n<meta property=\"og:image\" content=\"https:\/\/www.mundoacuicola.cl\/new\/wp-content\/uploads\/2025\/12\/AquaSurPrograma.jpg\" \/>\n\t<meta property=\"og:image:width\" content=\"750\" \/>\n\t<meta property=\"og:image:height\" content=\"400\" \/>\n\t<meta property=\"og:image:type\" content=\"image\/jpeg\" \/>\n<meta name=\"author\" content=\"mbarrueto\" \/>\n<meta name=\"twitter:card\" content=\"summary_large_image\" \/>\n<meta name=\"twitter:creator\" content=\"@mundoacuicola\" \/>\n<meta name=\"twitter:site\" content=\"@mundoacuicola\" \/>\n<meta name=\"twitter:label1\" content=\"Escrito por\" \/>\n\t<meta name=\"twitter:data1\" content=\"mbarrueto\" \/>\n\t<meta name=\"twitter:label2\" content=\"Tiempo de lectura\" \/>\n\t<meta name=\"twitter:data2\" content=\"3 minutos\" \/>\n<script type=\"application\/ld+json\" class=\"yoast-schema-graph\">{\"@context\":\"https:\\\/\\\/schema.org\",\"@graph\":[{\"@type\":\"Article\",\"@id\":\"https:\\\/\\\/www.mundoacuicola.cl\\\/new\\\/aquasur-2026-adelanta-los-ejes-que-marcaran-el-debate-acuicola-del-proximo-ano\\\/#article\",\"isPartOf\":{\"@id\":\"https:\\\/\\\/www.mundoacuicola.cl\\\/new\\\/aquasur-2026-adelanta-los-ejes-que-marcaran-el-debate-acuicola-del-proximo-ano\\\/\"},\"author\":{\"name\":\"mbarrueto\",\"@id\":\"https:\\\/\\\/www.mundoacuicola.cl\\\/new\\\/#\\\/schema\\\/person\\\/c00ffe389abb88bd9254653add139315\"},\"headline\":\"AquaSur 2026 adelanta los ejes que marcar\u00e1n el debate acu\u00edcola del pr\u00f3ximo a\u00f1o\",\"datePublished\":\"2025-12-17T20:20:46+00:00\",\"dateModified\":\"2025-12-18T13:47:50+00:00\",\"mainEntityOfPage\":{\"@id\":\"https:\\\/\\\/www.mundoacuicola.cl\\\/new\\\/aquasur-2026-adelanta-los-ejes-que-marcaran-el-debate-acuicola-del-proximo-ano\\\/\"},\"wordCount\":517,\"publisher\":{\"@id\":\"https:\\\/\\\/www.mundoacuicola.cl\\\/new\\\/#organization\"},\"image\":{\"@id\":\"https:\\\/\\\/www.mundoacuicola.cl\\\/new\\\/aquasur-2026-adelanta-los-ejes-que-marcaran-el-debate-acuicola-del-proximo-ano\\\/#primaryimage\"},\"thumbnailUrl\":\"https:\\\/\\\/www.mundoacuicola.cl\\\/new\\\/wp-content\\\/uploads\\\/2025\\\/12\\\/AquaSurPrograma.jpg\",\"keywords\":[\"Acu\u00edcola\",\"Acuicultura\",\"AQUASUR 2026\",\"FISA\",\"Industria Acu\u00edcola\",\"Industria salmonera\",\"Salm\u00f3n\",\"Salm\u00f3n chileno\",\"salmonicultura\"],\"articleSection\":[\"Eventos\"],\"inLanguage\":\"es\"},{\"@type\":\"WebPage\",\"@id\":\"https:\\\/\\\/www.mundoacuicola.cl\\\/new\\\/aquasur-2026-adelanta-los-ejes-que-marcaran-el-debate-acuicola-del-proximo-ano\\\/\",\"url\":\"https:\\\/\\\/www.mundoacuicola.cl\\\/new\\\/aquasur-2026-adelanta-los-ejes-que-marcaran-el-debate-acuicola-del-proximo-ano\\\/\",\"name\":\"AquaSur 2026 adelanta los ejes que marcar\u00e1n el debate acu\u00edcola del pr\u00f3ximo a\u00f1o - Mundoacuicola\",\"isPartOf\":{\"@id\":\"https:\\\/\\\/www.mundoacuicola.cl\\\/new\\\/#website\"},\"primaryImageOfPage\":{\"@id\":\"https:\\\/\\\/www.mundoacuicola.cl\\\/new\\\/aquasur-2026-adelanta-los-ejes-que-marcaran-el-debate-acuicola-del-proximo-ano\\\/#primaryimage\"},\"image\":{\"@id\":\"https:\\\/\\\/www.mundoacuicola.cl\\\/new\\\/aquasur-2026-adelanta-los-ejes-que-marcaran-el-debate-acuicola-del-proximo-ano\\\/#primaryimage\"},\"thumbnailUrl\":\"https:\\\/\\\/www.mundoacuicola.cl\\\/new\\\/wp-content\\\/uploads\\\/2025\\\/12\\\/AquaSurPrograma.jpg\",\"datePublished\":\"2025-12-17T20:20:46+00:00\",\"dateModified\":\"2025-12-18T13:47:50+00:00\",\"description\":\"FISA present\u00f3 el programa preliminar de AquaSur 2026, con tres jornadas enfocadas en innovaci\u00f3n, sostenibilidad y tecnolog\u00edas acu\u00edcolas.\",\"breadcrumb\":{\"@id\":\"https:\\\/\\\/www.mundoacuicola.cl\\\/new\\\/aquasur-2026-adelanta-los-ejes-que-marcaran-el-debate-acuicola-del-proximo-ano\\\/#breadcrumb\"},\"inLanguage\":\"es\",\"potentialAction\":[{\"@type\":\"ReadAction\",\"target\":[\"https:\\\/\\\/www.mundoacuicola.cl\\\/new\\\/aquasur-2026-adelanta-los-ejes-que-marcaran-el-debate-acuicola-del-proximo-ano\\\/\"]}]},{\"@type\":\"ImageObject\",\"inLanguage\":\"es\",\"@id\":\"https:\\\/\\\/www.mundoacuicola.cl\\\/new\\\/aquasur-2026-adelanta-los-ejes-que-marcaran-el-debate-acuicola-del-proximo-ano\\\/#primaryimage\",\"url\":\"https:\\\/\\\/www.mundoacuicola.cl\\\/new\\\/wp-content\\\/uploads\\\/2025\\\/12\\\/AquaSurPrograma.jpg\",\"contentUrl\":\"https:\\\/\\\/www.mundoacuicola.cl\\\/new\\\/wp-content\\\/uploads\\\/2025\\\/12\\\/AquaSurPrograma.jpg\",\"width\":750,\"height\":400},{\"@type\":\"BreadcrumbList\",\"@id\":\"https:\\\/\\\/www.mundoacuicola.cl\\\/new\\\/aquasur-2026-adelanta-los-ejes-que-marcaran-el-debate-acuicola-del-proximo-ano\\\/#breadcrumb\",\"itemListElement\":[{\"@type\":\"ListItem\",\"position\":1,\"name\":\"Portada\",\"item\":\"https:\\\/\\\/www.mundoacuicola.cl\\\/new\\\/\"},{\"@type\":\"ListItem\",\"position\":2,\"name\":\"AquaSur 2026 adelanta los ejes que marcar\u00e1n el debate acu\u00edcola del pr\u00f3ximo a\u00f1o\"}]},{\"@type\":\"WebSite\",\"@id\":\"https:\\\/\\\/www.mundoacuicola.cl\\\/new\\\/#website\",\"url\":\"https:\\\/\\\/www.mundoacuicola.cl\\\/new\\\/\",\"name\":\"Mundoacuicola\",\"description\":\"Revista de Acuicultura.\",\"publisher\":{\"@id\":\"https:\\\/\\\/www.mundoacuicola.cl\\\/new\\\/#organization\"},\"potentialAction\":[{\"@type\":\"SearchAction\",\"target\":{\"@type\":\"EntryPoint\",\"urlTemplate\":\"https:\\\/\\\/www.mundoacuicola.cl\\\/new\\\/?s={search_term_string}\"},\"query-input\":{\"@type\":\"PropertyValueSpecification\",\"valueRequired\":true,\"valueName\":\"search_term_string\"}}],\"inLanguage\":\"es\"},{\"@type\":\"Organization\",\"@id\":\"https:\\\/\\\/www.mundoacuicola.cl\\\/new\\\/#organization\",\"name\":\"Mundoacuicola\",\"url\":\"https:\\\/\\\/www.mundoacuicola.cl\\\/new\\\/\",\"logo\":{\"@type\":\"ImageObject\",\"inLanguage\":\"es\",\"@id\":\"https:\\\/\\\/www.mundoacuicola.cl\\\/new\\\/#\\\/schema\\\/logo\\\/image\\\/\",\"url\":\"https:\\\/\\\/www.mundoacuicola.cl\\\/new\\\/wp-content\\\/uploads\\\/2026\\\/01\\\/cropped-LOGO-Mundo-Acuicola-2026.png\",\"contentUrl\":\"https:\\\/\\\/www.mundoacuicola.cl\\\/new\\\/wp-content\\\/uploads\\\/2026\\\/01\\\/cropped-LOGO-Mundo-Acuicola-2026.png\",\"width\":1252,\"height\":296,\"caption\":\"Mundoacuicola\"},\"image\":{\"@id\":\"https:\\\/\\\/www.mundoacuicola.cl\\\/new\\\/#\\\/schema\\\/logo\\\/image\\\/\"},\"sameAs\":[\"https:\\\/\\\/www.facebook.com\\\/mundo.acuicola\\\/\",\"https:\\\/\\\/x.com\\\/mundoacuicola\",\"https:\\\/\\\/www.linkedin.com\\\/in\\\/mundo-acuicola\"]},{\"@type\":\"Person\",\"@id\":\"https:\\\/\\\/www.mundoacuicola.cl\\\/new\\\/#\\\/schema\\\/person\\\/c00ffe389abb88bd9254653add139315\",\"name\":\"mbarrueto\",\"url\":\"https:\\\/\\\/www.mundoacuicola.cl\\\/new\\\/author\\\/mbarrueto\\\/\"}]}<\/script>\n<!-- \/ Yoast SEO plugin. -->","yoast_head_json":{"title":"AquaSur 2026 adelanta los ejes que marcar\u00e1n el debate acu\u00edcola del pr\u00f3ximo a\u00f1o - Mundoacuicola","description":"FISA present\u00f3 el programa preliminar de AquaSur 2026, con tres jornadas enfocadas en innovaci\u00f3n, sostenibilidad y tecnolog\u00edas acu\u00edcolas.","robots":{"index":"index","follow":"follow","max-snippet":"max-snippet:-1","max-image-preview":"max-image-preview:large","max-video-preview":"max-video-preview:-1"},"canonical":"https:\/\/www.mundoacuicola.cl\/new\/aquasur-2026-adelanta-los-ejes-que-marcaran-el-debate-acuicola-del-proximo-ano\/","og_locale":"es_ES","og_type":"article","og_title":"AquaSur 2026 adelanta los ejes que marcar\u00e1n el debate acu\u00edcola del pr\u00f3ximo a\u00f1o - Mundoacuicola","og_description":"FISA present\u00f3 el programa preliminar de AquaSur 2026, con tres jornadas enfocadas en innovaci\u00f3n, sostenibilidad y tecnolog\u00edas acu\u00edcolas.","og_url":"https:\/\/www.mundoacuicola.cl\/new\/aquasur-2026-adelanta-los-ejes-que-marcaran-el-debate-acuicola-del-proximo-ano\/","og_site_name":"Mundoacuicola","article_publisher":"https:\/\/www.facebook.com\/mundo.acuicola\/","article_published_time":"2025-12-17T20:20:46+00:00","article_modified_time":"2025-12-18T13:47:50+00:00","og_image":[{"width":750,"height":400,"url":"https:\/\/www.mundoacuicola.cl\/new\/wp-content\/uploads\/2025\/12\/AquaSurPrograma.jpg","type":"image\/jpeg"}],"author":"mbarrueto","twitter_card":"summary_large_image","twitter_creator":"@mundoacuicola","twitter_site":"@mundoacuicola","twitter_misc":{"Escrito por":"mbarrueto","Tiempo de lectura":"3 minutos"},"schema":{"@context":"https:\/\/schema.org","@graph":[{"@type":"Article","@id":"https:\/\/www.mundoacuicola.cl\/new\/aquasur-2026-adelanta-los-ejes-que-marcaran-el-debate-acuicola-del-proximo-ano\/#article","isPartOf":{"@id":"https:\/\/www.mundoacuicola.cl\/new\/aquasur-2026-adelanta-los-ejes-que-marcaran-el-debate-acuicola-del-proximo-ano\/"},"author":{"name":"mbarrueto","@id":"https:\/\/www.mundoacuicola.cl\/new\/#\/schema\/person\/c00ffe389abb88bd9254653add139315"},"headline":"AquaSur 2026 adelanta los ejes que marcar\u00e1n el debate acu\u00edcola del pr\u00f3ximo a\u00f1o","datePublished":"2025-12-17T20:20:46+00:00","dateModified":"2025-12-18T13:47:50+00:00","mainEntityOfPage":{"@id":"https:\/\/www.mundoacuicola.cl\/new\/aquasur-2026-adelanta-los-ejes-que-marcaran-el-debate-acuicola-del-proximo-ano\/"},"wordCount":517,"publisher":{"@id":"https:\/\/www.mundoacuicola.cl\/new\/#organization"},"image":{"@id":"https:\/\/www.mundoacuicola.cl\/new\/aquasur-2026-adelanta-los-ejes-que-marcaran-el-debate-acuicola-del-proximo-ano\/#primaryimage"},"thumbnailUrl":"https:\/\/www.mundoacuicola.cl\/new\/wp-content\/uploads\/2025\/12\/AquaSurPrograma.jpg","keywords":["Acu\u00edcola","Acuicultura","AQUASUR 2026","FISA","Industria Acu\u00edcola","Industria salmonera","Salm\u00f3n","Salm\u00f3n chileno","salmonicultura"],"articleSection":["Eventos"],"inLanguage":"es"},{"@type":"WebPage","@id":"https:\/\/www.mundoacuicola.cl\/new\/aquasur-2026-adelanta-los-ejes-que-marcaran-el-debate-acuicola-del-proximo-ano\/","url":"https:\/\/www.mundoacuicola.cl\/new\/aquasur-2026-adelanta-los-ejes-que-marcaran-el-debate-acuicola-del-proximo-ano\/","name":"AquaSur 2026 adelanta los ejes que marcar\u00e1n el debate acu\u00edcola del pr\u00f3ximo a\u00f1o - Mundoacuicola","isPartOf":{"@id":"https:\/\/www.mundoacuicola.cl\/new\/#website"},"primaryImageOfPage":{"@id":"https:\/\/www.mundoacuicola.cl\/new\/aquasur-2026-adelanta-los-ejes-que-marcaran-el-debate-acuicola-del-proximo-ano\/#primaryimage"},"image":{"@id":"https:\/\/www.mundoacuicola.cl\/new\/aquasur-2026-adelanta-los-ejes-que-marcaran-el-debate-acuicola-del-proximo-ano\/#primaryimage"},"thumbnailUrl":"https:\/\/www.mundoacuicola.cl\/new\/wp-content\/uploads\/2025\/12\/AquaSurPrograma.jpg","datePublished":"2025-12-17T20:20:46+00:00","dateModified":"2025-12-18T13:47:50+00:00","description":"FISA present\u00f3 el programa preliminar de AquaSur 2026, con tres jornadas enfocadas en innovaci\u00f3n, sostenibilidad y tecnolog\u00edas acu\u00edcolas.","breadcrumb":{"@id":"https:\/\/www.mundoacuicola.cl\/new\/aquasur-2026-adelanta-los-ejes-que-marcaran-el-debate-acuicola-del-proximo-ano\/#breadcrumb"},"inLanguage":"es","potentialAction":[{"@type":"ReadAction","target":["https:\/\/www.mundoacuicola.cl\/new\/aquasur-2026-adelanta-los-ejes-que-marcaran-el-debate-acuicola-del-proximo-ano\/"]}]},{"@type":"ImageObject","inLanguage":"es","@id":"https:\/\/www.mundoacuicola.cl\/new\/aquasur-2026-adelanta-los-ejes-que-marcaran-el-debate-acuicola-del-proximo-ano\/#primaryimage","url":"https:\/\/www.mundoacuicola.cl\/new\/wp-content\/uploads\/2025\/12\/AquaSurPrograma.jpg","contentUrl":"https:\/\/www.mundoacuicola.cl\/new\/wp-content\/uploads\/2025\/12\/AquaSurPrograma.jpg","width":750,"height":400},{"@type":"BreadcrumbList","@id":"https:\/\/www.mundoacuicola.cl\/new\/aquasur-2026-adelanta-los-ejes-que-marcaran-el-debate-acuicola-del-proximo-ano\/#breadcrumb","itemListElement":[{"@type":"ListItem","position":1,"name":"Portada","item":"https:\/\/www.mundoacuicola.cl\/new\/"},{"@type":"ListItem","position":2,"name":"AquaSur 2026 adelanta los ejes que marcar\u00e1n el debate acu\u00edcola del pr\u00f3ximo a\u00f1o"}]},{"@type":"WebSite","@id":"https:\/\/www.mundoacuicola.cl\/new\/#website","url":"https:\/\/www.mundoacuicola.cl\/new\/","name":"Mundoacuicola","description":"Revista de Acuicultura.","publisher":{"@id":"https:\/\/www.mundoacuicola.cl\/new\/#organization"},"potentialAction":[{"@type":"SearchAction","target":{"@type":"EntryPoint","urlTemplate":"https:\/\/www.mundoacuicola.cl\/new\/?s={search_term_string}"},"query-input":{"@type":"PropertyValueSpecification","valueRequired":true,"valueName":"search_term_string"}}],"inLanguage":"es"},{"@type":"Organization","@id":"https:\/\/www.mundoacuicola.cl\/new\/#organization","name":"Mundoacuicola","url":"https:\/\/www.mundoacuicola.cl\/new\/","logo":{"@type":"ImageObject","inLanguage":"es","@id":"https:\/\/www.mundoacuicola.cl\/new\/#\/schema\/logo\/image\/","url":"https:\/\/www.mundoacuicola.cl\/new\/wp-content\/uploads\/2026\/01\/cropped-LOGO-Mundo-Acuicola-2026.png","contentUrl":"https:\/\/www.mundoacuicola.cl\/new\/wp-content\/uploads\/2026\/01\/cropped-LOGO-Mundo-Acuicola-2026.png","width":1252,"height":296,"caption":"Mundoacuicola"},"image":{"@id":"https:\/\/www.mundoacuicola.cl\/new\/#\/schema\/logo\/image\/"},"sameAs":["https:\/\/www.facebook.com\/mundo.acuicola\/","https:\/\/x.com\/mundoacuicola","https:\/\/www.linkedin.com\/in\/mundo-acuicola"]},{"@type":"Person","@id":"https:\/\/www.mundoacuicola.cl\/new\/#\/schema\/person\/c00ffe389abb88bd9254653add139315","name":"mbarrueto","url":"https:\/\/www.mundoacuicola.cl\/new\/author\/mbarrueto\/"}]}},"_links":{"self":[{"href":"https:\/\/www.mundoacuicola.cl\/new\/wp-json\/wp\/v2\/posts\/83716","targetHints":{"allow":["GET"]}}],"collection":[{"href":"https:\/\/www.mundoacuicola.cl\/new\/wp-json\/wp\/v2\/posts"}],"about":[{"href":"https:\/\/www.mundoacuicola.cl\/new\/wp-json\/wp\/v2\/types\/post"}],"author":[{"embeddable":true,"href":"https:\/\/www.mundoacuicola.cl\/new\/wp-json\/wp\/v2\/users\/10"}],"replies":[{"embeddable":true,"href":"https:\/\/www.mundoacuicola.cl\/new\/wp-json\/wp\/v2\/comments?post=83716"}],"version-history":[{"count":0,"href":"https:\/\/www.mundoacuicola.cl\/new\/wp-json\/wp\/v2\/posts\/83716\/revisions"}],"wp:featuredmedia":[{"embeddable":true,"href":"https:\/\/www.mundoacuicola.cl\/new\/wp-json\/wp\/v2\/media\/83717"}],"wp:attachment":[{"href":"https:\/\/www.mundoacuicola.cl\/new\/wp-json\/wp\/v2\/media?parent=83716"}],"wp:term":[{"taxonomy":"category","embeddable":true,"href":"https:\/\/www.mundoacuicola.cl\/new\/wp-json\/wp\/v2\/categories?post=83716"},{"taxonomy":"post_tag","embeddable":true,"href":"https:\/\/www.mundoacuicola.cl\/new\/wp-json\/wp\/v2\/tags?post=83716"}],"curies":[{"name":"wp","href":"https:\/\/api.w.org\/{rel}","templated":true}]}}