{"id":83921,"date":"2025-12-29T15:32:08","date_gmt":"2025-12-29T19:32:08","guid":{"rendered":"https:\/\/www.mundoacuicola.cl\/new\/?p=83921"},"modified":"2025-12-30T13:39:57","modified_gmt":"2025-12-30T17:39:57","slug":"mas-de-620-mil-hectareas-en-disputa-bajo-ley-lafkenche-reabren-debate-acuicola","status":"publish","type":"post","link":"https:\/\/www.mundoacuicola.cl\/new\/mas-de-620-mil-hectareas-en-disputa-bajo-ley-lafkenche-reabren-debate-acuicola\/","title":{"rendered":"M\u00e1s de 620 mil hect\u00e1reas en disputa bajo Ley Lafkenche reabren debate acu\u00edcola"},"content":{"rendered":"<p data-start=\"210\" data-end=\"628\">La tramitaci\u00f3n de Espacios Costeros Marinos de Pueblos Originarios (ECMPO) bajo la Ley Lafkenche volvi\u00f3 a tensionar la relaci\u00f3n entre comunidades solicitantes, autoridades y la industria acu\u00edcola, luego de nuevos movimientos judiciales en la Regi\u00f3n de Ays\u00e9n y cuestionamientos surgidos en la Regi\u00f3n de Los Lagos, que desde el sector salmonicultor advierten como generadores de incertidumbre jur\u00eddica para la actividad.<\/p>\n<p data-start=\"630\" data-end=\"1183\">Seg\u00fan public\u00f3 El Mercurio, en el caso de Ays\u00e9n, una comunidad ind\u00edgena volvi\u00f3 a impulsar acciones para impugnar el rechazo un\u00e1nime de una solicitud de ECMPO que abarcaba m\u00e1s de 620 mil hect\u00e1reas, pese a que la Comisi\u00f3n Regional de Uso del Borde Costero (CRUBC) emiti\u00f3 un pronunciamiento transversal desfavorable tras retrotraer el procedimiento, en cumplimiento de lo ordenado previamente por la Corte Suprema. La solicitud forma parte de un proceso que se ha extendido por cerca de ocho a\u00f1os y que, tras el nuevo pronunciamiento, fue nuevamente objetado por la comunidad Pu Wapi.<\/p>\n<p data-start=\"1185\" data-end=\"1789\">Desde la comunidad sostienen que la CRUBC habr\u00eda interpretado err\u00f3neamente el fallo del m\u00e1ximo tribunal, al asumir que este ordenaba rechazar la solicitud, cuando a su juicio exig\u00eda un esfuerzo efectivo de ponderaci\u00f3n y compatibilizaci\u00f3n entre los usos consuetudinarios ind\u00edgenas y las actividades productivas existentes. Asimismo, acusan que no se consideraron propuestas de reducci\u00f3n del \u00e1rea solicitada ni se habilitaron nuevas instancias de di\u00e1logo, lo que los llev\u00f3 a solicitar que se ordene a la comisi\u00f3n dictar un nuevo pronunciamiento ajustado estrictamente a los lineamientos del fallo judicial.<\/p>\n<p data-start=\"1791\" data-end=\"2251\">Frente a esta situaci\u00f3n, la presidenta ejecutiva del Consejo del Salm\u00f3n, Loreto Seguel, se\u00f1al\u00f3 que el Gobierno Regional dio estricto cumplimiento a la sentencia de la Corte Suprema, la cual orden\u00f3 retrotraer el procedimiento y volver a pronunciarse, lo que se concret\u00f3 el pasado 9 de diciembre. En esa l\u00ednea, sostuvo que resulta esperable que quienes no est\u00e9n conformes con un rechazo un\u00e1nime y transversal busquen objetar la decisi\u00f3n adoptada por la comisi\u00f3n.<\/p>\n<p data-start=\"2253\" data-end=\"2649\">Desde SalmonChile, su gerente de Asuntos Corporativos, Tom\u00e1s Monge se\u00f1al\u00f3 que \u00abcualquier acci\u00f3n judicial implica tiempo y recursos adicionales, lo que en la pr\u00e1ctica significa una nueva dilaci\u00f3n de un proceso que ya lleva casi 8 a\u00f1os\u00bb. Agreg\u00f3 que este recurso \u00abes una clara se\u00f1al de que los solicitantes no quieren acatar lo resuelto por una amplia mayor\u00eda\u00bb.<\/p>\n<h3 data-start=\"2253\" data-end=\"2649\"><strong>El caso del ECMPO Ma\u00f1ihueico Huinay en Hualaihu\u00e9<\/strong><\/h3>\n<p data-start=\"2651\" data-end=\"3135\">En paralelo, en la Regi\u00f3n de Los Lagos surgi\u00f3 una nueva fuente de inquietud para el sector acu\u00edcola, luego de que el 23 de diciembre la Subsecretar\u00eda de Pesca y Acuicultura aprobara el plan de administraci\u00f3n del ECMPO Ma\u00f1ihueico Huinay. Desde la industria salmonicultora acusan que el sector qued\u00f3 excluido de dicho plan, pese a la existencia de actividad productiva y concesiones en el \u00e1rea, lo que a su juicio incrementa la incertidumbre jur\u00eddica para el desarrollo de la actividad.<\/p>\n<p data-start=\"3137\" data-end=\"3838\">El abogado y fundador de la Consultora Borde Costero, Patricio Flores, explic\u00f3 que la tramitaci\u00f3n de este ECMPO se ha extendido por aproximadamente 15 a\u00f1os y que durante ese per\u00edodo se desarrollaron m\u00faltiples instancias de di\u00e1logo entre comunidades y actores productivos. Sin embargo, advirti\u00f3 que la exclusi\u00f3n de la salmonicultura del plan de administraci\u00f3n podr\u00eda generar efectos perjudiciales graves, como la denegaci\u00f3n de solicitudes de concesiones mar\u00edtimas y acu\u00edcolas existentes, la falta de mecanismos de compatibilizaci\u00f3n con los fines del espacio y obst\u00e1culos para modificar proyectos t\u00e9cnicos vigentes, incluyendo ampliaciones de biomasa autorizada y ajustes sujetos a evaluaci\u00f3n ambiental.<\/p>\n<p data-start=\"3840\" data-end=\"4363\">Flores agreg\u00f3 que esta situaci\u00f3n podr\u00eda afectar la tramitaci\u00f3n de nuevas solicitudes o ajustes t\u00e9cnicos necesarios para la continuidad operativa, impactando directamente la planificaci\u00f3n productiva y las decisiones de inversi\u00f3n del sector. A su juicio, la omisi\u00f3n de la salmonicultura en el plan de administraci\u00f3n no solo desconoce un proceso participativo documentado, sino que adem\u00e1s instala un precedente preocupante para la implementaci\u00f3n de la Ley Lafkenche, con potenciales efectos sobre la legitimidad institucional.<\/p>\n<h3 data-start=\"3840\" data-end=\"4363\"><strong>Deliberadamente excluido<\/strong><\/h3>\n<p data-start=\"4365\" data-end=\"4816\">Desde SalmonChile, Tom\u00e1s Monge calific\u00f3 el escenario como una muy mala se\u00f1al, se\u00f1alando que, pese a haber participado de buena fe en mesas de trabajo destinadas a armonizar la presencia de los distintos actores del borde costero, el sector fue deliberadamente excluido del plan y de la etapa final del proceso. A\u00f1adi\u00f3 que esta situaci\u00f3n genera una p\u00e9rdida significativa de confianzas y sienta precedentes complejos para futuras solicitudes en tr\u00e1mite.<\/p>\n<p data-start=\"4818\" data-end=\"5339\">Agreg\u00f3 que el plan de administraci\u00f3n \u00abdefine entre otros aspectos los m\u00e9todos de resoluci\u00f3n de conflictos y las reglas espec\u00edficas para actuar dentro del espacio\u00bb. Afirm\u00f3 \u00abal quedar excluidos, quedamos con muchas dudas sobre c\u00f3mo se podr\u00e1n desarrollar a futuro diferentes tramitaciones, como concesiones mar\u00edtimas, relocalizaciones, ampliaciones y aspectos operacionales b\u00e1sicos para nuestra actividad\u00bb.<\/p>\n","protected":false},"excerpt":{"rendered":"<p>Impugnaciones por m\u00e1s de 620 mil hect\u00e1reas bajo Ley Lafkenche en Ays\u00e9n y un ECMPO en Los Lagos reabren el debate regulatorio en acuicultura.<\/p>\n","protected":false},"author":10,"featured_media":83938,"comment_status":"closed","ping_status":"closed","sticky":false,"template":"","format":"standard","meta":{"footnotes":""},"categories":[60],"tags":[1261,143,1319,28383,122,2907,176,184,2273,170,197],"class_list":["post-83921","post","type-post","status-publish","format-standard","has-post-thumbnail","hentry","category-salmonicultura","tag-acuicola","tag-acuicultura","tag-ecmpo","tag-espacios-costeros-marinos-de-pueblos-originarios","tag-industria-acuicola","tag-industria-salmonera","tag-ley-lafkenche","tag-salmon","tag-salmon-chileno","tag-salmonchile","tag-salmonicultura"],"yoast_head":"<!-- This site is optimized with the Yoast SEO plugin v27.4 - https:\/\/yoast.com\/product\/yoast-seo-wordpress\/ -->\n<title>M\u00e1s de 620 mil hect\u00e1reas en disputa bajo Ley Lafkenche reabren debate acu\u00edcola - Mundoacuicola<\/title>\n<meta name=\"description\" content=\"Impugnaciones por m\u00e1s de 620 mil hect\u00e1reas bajo Ley Lafkenche en Ays\u00e9n y un ECMPO en Los Lagos reabren el debate regulatorio en acuicultura.\" \/>\n<meta name=\"robots\" content=\"index, follow, max-snippet:-1, max-image-preview:large, max-video-preview:-1\" \/>\n<link rel=\"canonical\" href=\"https:\/\/www.mundoacuicola.cl\/new\/mas-de-620-mil-hectareas-en-disputa-bajo-ley-lafkenche-reabren-debate-acuicola\/\" \/>\n<meta property=\"og:locale\" content=\"es_ES\" \/>\n<meta property=\"og:type\" content=\"article\" \/>\n<meta property=\"og:title\" content=\"M\u00e1s de 620 mil hect\u00e1reas en disputa bajo Ley Lafkenche reabren debate acu\u00edcola - Mundoacuicola\" \/>\n<meta property=\"og:description\" content=\"Impugnaciones por m\u00e1s de 620 mil hect\u00e1reas bajo Ley Lafkenche en Ays\u00e9n y un ECMPO en Los Lagos reabren el debate regulatorio en acuicultura.\" \/>\n<meta property=\"og:url\" content=\"https:\/\/www.mundoacuicola.cl\/new\/mas-de-620-mil-hectareas-en-disputa-bajo-ley-lafkenche-reabren-debate-acuicola\/\" \/>\n<meta property=\"og:site_name\" content=\"Mundoacuicola\" \/>\n<meta property=\"article:publisher\" content=\"https:\/\/www.facebook.com\/mundo.acuicola\/\" \/>\n<meta property=\"article:published_time\" content=\"2025-12-29T19:32:08+00:00\" \/>\n<meta property=\"article:modified_time\" content=\"2025-12-30T17:39:57+00:00\" \/>\n<meta property=\"og:image\" content=\"https:\/\/www.mundoacuicola.cl\/new\/wp-content\/uploads\/2025\/12\/ecmpoISlasHuichas2.jpg\" \/>\n\t<meta property=\"og:image:width\" content=\"750\" \/>\n\t<meta property=\"og:image:height\" content=\"400\" \/>\n\t<meta property=\"og:image:type\" content=\"image\/jpeg\" \/>\n<meta name=\"author\" content=\"mbarrueto\" \/>\n<meta name=\"twitter:card\" content=\"summary_large_image\" \/>\n<meta name=\"twitter:creator\" content=\"@mundoacuicola\" \/>\n<meta name=\"twitter:site\" content=\"@mundoacuicola\" \/>\n<meta name=\"twitter:label1\" content=\"Escrito por\" \/>\n\t<meta name=\"twitter:data1\" content=\"mbarrueto\" \/>\n\t<meta name=\"twitter:label2\" content=\"Tiempo de lectura\" \/>\n\t<meta name=\"twitter:data2\" content=\"4 minutos\" \/>\n<script type=\"application\/ld+json\" class=\"yoast-schema-graph\">{\"@context\":\"https:\\\/\\\/schema.org\",\"@graph\":[{\"@type\":\"Article\",\"@id\":\"https:\\\/\\\/www.mundoacuicola.cl\\\/new\\\/mas-de-620-mil-hectareas-en-disputa-bajo-ley-lafkenche-reabren-debate-acuicola\\\/#article\",\"isPartOf\":{\"@id\":\"https:\\\/\\\/www.mundoacuicola.cl\\\/new\\\/mas-de-620-mil-hectareas-en-disputa-bajo-ley-lafkenche-reabren-debate-acuicola\\\/\"},\"author\":{\"name\":\"mbarrueto\",\"@id\":\"https:\\\/\\\/www.mundoacuicola.cl\\\/new\\\/#\\\/schema\\\/person\\\/c00ffe389abb88bd9254653add139315\"},\"headline\":\"M\u00e1s de 620 mil hect\u00e1reas en disputa bajo Ley Lafkenche reabren debate acu\u00edcola\",\"datePublished\":\"2025-12-29T19:32:08+00:00\",\"dateModified\":\"2025-12-30T17:39:57+00:00\",\"mainEntityOfPage\":{\"@id\":\"https:\\\/\\\/www.mundoacuicola.cl\\\/new\\\/mas-de-620-mil-hectareas-en-disputa-bajo-ley-lafkenche-reabren-debate-acuicola\\\/\"},\"wordCount\":857,\"publisher\":{\"@id\":\"https:\\\/\\\/www.mundoacuicola.cl\\\/new\\\/#organization\"},\"image\":{\"@id\":\"https:\\\/\\\/www.mundoacuicola.cl\\\/new\\\/mas-de-620-mil-hectareas-en-disputa-bajo-ley-lafkenche-reabren-debate-acuicola\\\/#primaryimage\"},\"thumbnailUrl\":\"https:\\\/\\\/www.mundoacuicola.cl\\\/new\\\/wp-content\\\/uploads\\\/2025\\\/12\\\/ecmpoISlasHuichas2.jpg\",\"keywords\":[\"Acu\u00edcola\",\"Acuicultura\",\"Ecmpo\",\"Espacios Costeros Marinos de Pueblos Originarios\",\"Industria Acu\u00edcola\",\"Industria salmonera\",\"Ley Lafkenche\",\"Salm\u00f3n\",\"Salm\u00f3n chileno\",\"Salmonchile\",\"salmonicultura\"],\"articleSection\":[\"Salmonicultura\"],\"inLanguage\":\"es\"},{\"@type\":\"WebPage\",\"@id\":\"https:\\\/\\\/www.mundoacuicola.cl\\\/new\\\/mas-de-620-mil-hectareas-en-disputa-bajo-ley-lafkenche-reabren-debate-acuicola\\\/\",\"url\":\"https:\\\/\\\/www.mundoacuicola.cl\\\/new\\\/mas-de-620-mil-hectareas-en-disputa-bajo-ley-lafkenche-reabren-debate-acuicola\\\/\",\"name\":\"M\u00e1s de 620 mil hect\u00e1reas en disputa bajo Ley Lafkenche reabren debate acu\u00edcola - Mundoacuicola\",\"isPartOf\":{\"@id\":\"https:\\\/\\\/www.mundoacuicola.cl\\\/new\\\/#website\"},\"primaryImageOfPage\":{\"@id\":\"https:\\\/\\\/www.mundoacuicola.cl\\\/new\\\/mas-de-620-mil-hectareas-en-disputa-bajo-ley-lafkenche-reabren-debate-acuicola\\\/#primaryimage\"},\"image\":{\"@id\":\"https:\\\/\\\/www.mundoacuicola.cl\\\/new\\\/mas-de-620-mil-hectareas-en-disputa-bajo-ley-lafkenche-reabren-debate-acuicola\\\/#primaryimage\"},\"thumbnailUrl\":\"https:\\\/\\\/www.mundoacuicola.cl\\\/new\\\/wp-content\\\/uploads\\\/2025\\\/12\\\/ecmpoISlasHuichas2.jpg\",\"datePublished\":\"2025-12-29T19:32:08+00:00\",\"dateModified\":\"2025-12-30T17:39:57+00:00\",\"description\":\"Impugnaciones por m\u00e1s de 620 mil hect\u00e1reas bajo Ley Lafkenche en Ays\u00e9n y un ECMPO en Los Lagos reabren el debate regulatorio en acuicultura.\",\"breadcrumb\":{\"@id\":\"https:\\\/\\\/www.mundoacuicola.cl\\\/new\\\/mas-de-620-mil-hectareas-en-disputa-bajo-ley-lafkenche-reabren-debate-acuicola\\\/#breadcrumb\"},\"inLanguage\":\"es\",\"potentialAction\":[{\"@type\":\"ReadAction\",\"target\":[\"https:\\\/\\\/www.mundoacuicola.cl\\\/new\\\/mas-de-620-mil-hectareas-en-disputa-bajo-ley-lafkenche-reabren-debate-acuicola\\\/\"]}]},{\"@type\":\"ImageObject\",\"inLanguage\":\"es\",\"@id\":\"https:\\\/\\\/www.mundoacuicola.cl\\\/new\\\/mas-de-620-mil-hectareas-en-disputa-bajo-ley-lafkenche-reabren-debate-acuicola\\\/#primaryimage\",\"url\":\"https:\\\/\\\/www.mundoacuicola.cl\\\/new\\\/wp-content\\\/uploads\\\/2025\\\/12\\\/ecmpoISlasHuichas2.jpg\",\"contentUrl\":\"https:\\\/\\\/www.mundoacuicola.cl\\\/new\\\/wp-content\\\/uploads\\\/2025\\\/12\\\/ecmpoISlasHuichas2.jpg\",\"width\":750,\"height\":400},{\"@type\":\"BreadcrumbList\",\"@id\":\"https:\\\/\\\/www.mundoacuicola.cl\\\/new\\\/mas-de-620-mil-hectareas-en-disputa-bajo-ley-lafkenche-reabren-debate-acuicola\\\/#breadcrumb\",\"itemListElement\":[{\"@type\":\"ListItem\",\"position\":1,\"name\":\"Portada\",\"item\":\"https:\\\/\\\/www.mundoacuicola.cl\\\/new\\\/\"},{\"@type\":\"ListItem\",\"position\":2,\"name\":\"M\u00e1s de 620 mil hect\u00e1reas en disputa bajo Ley Lafkenche reabren debate acu\u00edcola\"}]},{\"@type\":\"WebSite\",\"@id\":\"https:\\\/\\\/www.mundoacuicola.cl\\\/new\\\/#website\",\"url\":\"https:\\\/\\\/www.mundoacuicola.cl\\\/new\\\/\",\"name\":\"Mundoacuicola\",\"description\":\"Revista de Acuicultura.\",\"publisher\":{\"@id\":\"https:\\\/\\\/www.mundoacuicola.cl\\\/new\\\/#organization\"},\"potentialAction\":[{\"@type\":\"SearchAction\",\"target\":{\"@type\":\"EntryPoint\",\"urlTemplate\":\"https:\\\/\\\/www.mundoacuicola.cl\\\/new\\\/?s={search_term_string}\"},\"query-input\":{\"@type\":\"PropertyValueSpecification\",\"valueRequired\":true,\"valueName\":\"search_term_string\"}}],\"inLanguage\":\"es\"},{\"@type\":\"Organization\",\"@id\":\"https:\\\/\\\/www.mundoacuicola.cl\\\/new\\\/#organization\",\"name\":\"Mundoacuicola\",\"url\":\"https:\\\/\\\/www.mundoacuicola.cl\\\/new\\\/\",\"logo\":{\"@type\":\"ImageObject\",\"inLanguage\":\"es\",\"@id\":\"https:\\\/\\\/www.mundoacuicola.cl\\\/new\\\/#\\\/schema\\\/logo\\\/image\\\/\",\"url\":\"https:\\\/\\\/www.mundoacuicola.cl\\\/new\\\/wp-content\\\/uploads\\\/2026\\\/01\\\/cropped-LOGO-Mundo-Acuicola-2026.png\",\"contentUrl\":\"https:\\\/\\\/www.mundoacuicola.cl\\\/new\\\/wp-content\\\/uploads\\\/2026\\\/01\\\/cropped-LOGO-Mundo-Acuicola-2026.png\",\"width\":1252,\"height\":296,\"caption\":\"Mundoacuicola\"},\"image\":{\"@id\":\"https:\\\/\\\/www.mundoacuicola.cl\\\/new\\\/#\\\/schema\\\/logo\\\/image\\\/\"},\"sameAs\":[\"https:\\\/\\\/www.facebook.com\\\/mundo.acuicola\\\/\",\"https:\\\/\\\/x.com\\\/mundoacuicola\",\"https:\\\/\\\/www.linkedin.com\\\/in\\\/mundo-acuicola\"]},{\"@type\":\"Person\",\"@id\":\"https:\\\/\\\/www.mundoacuicola.cl\\\/new\\\/#\\\/schema\\\/person\\\/c00ffe389abb88bd9254653add139315\",\"name\":\"mbarrueto\",\"url\":\"https:\\\/\\\/www.mundoacuicola.cl\\\/new\\\/author\\\/mbarrueto\\\/\"}]}<\/script>\n<!-- \/ Yoast SEO plugin. -->","yoast_head_json":{"title":"M\u00e1s de 620 mil hect\u00e1reas en disputa bajo Ley Lafkenche reabren debate acu\u00edcola - Mundoacuicola","description":"Impugnaciones por m\u00e1s de 620 mil hect\u00e1reas bajo Ley Lafkenche en Ays\u00e9n y un ECMPO en Los Lagos reabren el debate regulatorio en acuicultura.","robots":{"index":"index","follow":"follow","max-snippet":"max-snippet:-1","max-image-preview":"max-image-preview:large","max-video-preview":"max-video-preview:-1"},"canonical":"https:\/\/www.mundoacuicola.cl\/new\/mas-de-620-mil-hectareas-en-disputa-bajo-ley-lafkenche-reabren-debate-acuicola\/","og_locale":"es_ES","og_type":"article","og_title":"M\u00e1s de 620 mil hect\u00e1reas en disputa bajo Ley Lafkenche reabren debate acu\u00edcola - Mundoacuicola","og_description":"Impugnaciones por m\u00e1s de 620 mil hect\u00e1reas bajo Ley Lafkenche en Ays\u00e9n y un ECMPO en Los Lagos reabren el debate regulatorio en acuicultura.","og_url":"https:\/\/www.mundoacuicola.cl\/new\/mas-de-620-mil-hectareas-en-disputa-bajo-ley-lafkenche-reabren-debate-acuicola\/","og_site_name":"Mundoacuicola","article_publisher":"https:\/\/www.facebook.com\/mundo.acuicola\/","article_published_time":"2025-12-29T19:32:08+00:00","article_modified_time":"2025-12-30T17:39:57+00:00","og_image":[{"width":750,"height":400,"url":"https:\/\/www.mundoacuicola.cl\/new\/wp-content\/uploads\/2025\/12\/ecmpoISlasHuichas2.jpg","type":"image\/jpeg"}],"author":"mbarrueto","twitter_card":"summary_large_image","twitter_creator":"@mundoacuicola","twitter_site":"@mundoacuicola","twitter_misc":{"Escrito por":"mbarrueto","Tiempo de lectura":"4 minutos"},"schema":{"@context":"https:\/\/schema.org","@graph":[{"@type":"Article","@id":"https:\/\/www.mundoacuicola.cl\/new\/mas-de-620-mil-hectareas-en-disputa-bajo-ley-lafkenche-reabren-debate-acuicola\/#article","isPartOf":{"@id":"https:\/\/www.mundoacuicola.cl\/new\/mas-de-620-mil-hectareas-en-disputa-bajo-ley-lafkenche-reabren-debate-acuicola\/"},"author":{"name":"mbarrueto","@id":"https:\/\/www.mundoacuicola.cl\/new\/#\/schema\/person\/c00ffe389abb88bd9254653add139315"},"headline":"M\u00e1s de 620 mil hect\u00e1reas en disputa bajo Ley Lafkenche reabren debate acu\u00edcola","datePublished":"2025-12-29T19:32:08+00:00","dateModified":"2025-12-30T17:39:57+00:00","mainEntityOfPage":{"@id":"https:\/\/www.mundoacuicola.cl\/new\/mas-de-620-mil-hectareas-en-disputa-bajo-ley-lafkenche-reabren-debate-acuicola\/"},"wordCount":857,"publisher":{"@id":"https:\/\/www.mundoacuicola.cl\/new\/#organization"},"image":{"@id":"https:\/\/www.mundoacuicola.cl\/new\/mas-de-620-mil-hectareas-en-disputa-bajo-ley-lafkenche-reabren-debate-acuicola\/#primaryimage"},"thumbnailUrl":"https:\/\/www.mundoacuicola.cl\/new\/wp-content\/uploads\/2025\/12\/ecmpoISlasHuichas2.jpg","keywords":["Acu\u00edcola","Acuicultura","Ecmpo","Espacios Costeros Marinos de Pueblos Originarios","Industria Acu\u00edcola","Industria salmonera","Ley Lafkenche","Salm\u00f3n","Salm\u00f3n chileno","Salmonchile","salmonicultura"],"articleSection":["Salmonicultura"],"inLanguage":"es"},{"@type":"WebPage","@id":"https:\/\/www.mundoacuicola.cl\/new\/mas-de-620-mil-hectareas-en-disputa-bajo-ley-lafkenche-reabren-debate-acuicola\/","url":"https:\/\/www.mundoacuicola.cl\/new\/mas-de-620-mil-hectareas-en-disputa-bajo-ley-lafkenche-reabren-debate-acuicola\/","name":"M\u00e1s de 620 mil hect\u00e1reas en disputa bajo Ley Lafkenche reabren debate acu\u00edcola - Mundoacuicola","isPartOf":{"@id":"https:\/\/www.mundoacuicola.cl\/new\/#website"},"primaryImageOfPage":{"@id":"https:\/\/www.mundoacuicola.cl\/new\/mas-de-620-mil-hectareas-en-disputa-bajo-ley-lafkenche-reabren-debate-acuicola\/#primaryimage"},"image":{"@id":"https:\/\/www.mundoacuicola.cl\/new\/mas-de-620-mil-hectareas-en-disputa-bajo-ley-lafkenche-reabren-debate-acuicola\/#primaryimage"},"thumbnailUrl":"https:\/\/www.mundoacuicola.cl\/new\/wp-content\/uploads\/2025\/12\/ecmpoISlasHuichas2.jpg","datePublished":"2025-12-29T19:32:08+00:00","dateModified":"2025-12-30T17:39:57+00:00","description":"Impugnaciones por m\u00e1s de 620 mil hect\u00e1reas bajo Ley Lafkenche en Ays\u00e9n y un ECMPO en Los Lagos reabren el debate regulatorio en acuicultura.","breadcrumb":{"@id":"https:\/\/www.mundoacuicola.cl\/new\/mas-de-620-mil-hectareas-en-disputa-bajo-ley-lafkenche-reabren-debate-acuicola\/#breadcrumb"},"inLanguage":"es","potentialAction":[{"@type":"ReadAction","target":["https:\/\/www.mundoacuicola.cl\/new\/mas-de-620-mil-hectareas-en-disputa-bajo-ley-lafkenche-reabren-debate-acuicola\/"]}]},{"@type":"ImageObject","inLanguage":"es","@id":"https:\/\/www.mundoacuicola.cl\/new\/mas-de-620-mil-hectareas-en-disputa-bajo-ley-lafkenche-reabren-debate-acuicola\/#primaryimage","url":"https:\/\/www.mundoacuicola.cl\/new\/wp-content\/uploads\/2025\/12\/ecmpoISlasHuichas2.jpg","contentUrl":"https:\/\/www.mundoacuicola.cl\/new\/wp-content\/uploads\/2025\/12\/ecmpoISlasHuichas2.jpg","width":750,"height":400},{"@type":"BreadcrumbList","@id":"https:\/\/www.mundoacuicola.cl\/new\/mas-de-620-mil-hectareas-en-disputa-bajo-ley-lafkenche-reabren-debate-acuicola\/#breadcrumb","itemListElement":[{"@type":"ListItem","position":1,"name":"Portada","item":"https:\/\/www.mundoacuicola.cl\/new\/"},{"@type":"ListItem","position":2,"name":"M\u00e1s de 620 mil hect\u00e1reas en disputa bajo Ley Lafkenche reabren debate acu\u00edcola"}]},{"@type":"WebSite","@id":"https:\/\/www.mundoacuicola.cl\/new\/#website","url":"https:\/\/www.mundoacuicola.cl\/new\/","name":"Mundoacuicola","description":"Revista de Acuicultura.","publisher":{"@id":"https:\/\/www.mundoacuicola.cl\/new\/#organization"},"potentialAction":[{"@type":"SearchAction","target":{"@type":"EntryPoint","urlTemplate":"https:\/\/www.mundoacuicola.cl\/new\/?s={search_term_string}"},"query-input":{"@type":"PropertyValueSpecification","valueRequired":true,"valueName":"search_term_string"}}],"inLanguage":"es"},{"@type":"Organization","@id":"https:\/\/www.mundoacuicola.cl\/new\/#organization","name":"Mundoacuicola","url":"https:\/\/www.mundoacuicola.cl\/new\/","logo":{"@type":"ImageObject","inLanguage":"es","@id":"https:\/\/www.mundoacuicola.cl\/new\/#\/schema\/logo\/image\/","url":"https:\/\/www.mundoacuicola.cl\/new\/wp-content\/uploads\/2026\/01\/cropped-LOGO-Mundo-Acuicola-2026.png","contentUrl":"https:\/\/www.mundoacuicola.cl\/new\/wp-content\/uploads\/2026\/01\/cropped-LOGO-Mundo-Acuicola-2026.png","width":1252,"height":296,"caption":"Mundoacuicola"},"image":{"@id":"https:\/\/www.mundoacuicola.cl\/new\/#\/schema\/logo\/image\/"},"sameAs":["https:\/\/www.facebook.com\/mundo.acuicola\/","https:\/\/x.com\/mundoacuicola","https:\/\/www.linkedin.com\/in\/mundo-acuicola"]},{"@type":"Person","@id":"https:\/\/www.mundoacuicola.cl\/new\/#\/schema\/person\/c00ffe389abb88bd9254653add139315","name":"mbarrueto","url":"https:\/\/www.mundoacuicola.cl\/new\/author\/mbarrueto\/"}]}},"_links":{"self":[{"href":"https:\/\/www.mundoacuicola.cl\/new\/wp-json\/wp\/v2\/posts\/83921","targetHints":{"allow":["GET"]}}],"collection":[{"href":"https:\/\/www.mundoacuicola.cl\/new\/wp-json\/wp\/v2\/posts"}],"about":[{"href":"https:\/\/www.mundoacuicola.cl\/new\/wp-json\/wp\/v2\/types\/post"}],"author":[{"embeddable":true,"href":"https:\/\/www.mundoacuicola.cl\/new\/wp-json\/wp\/v2\/users\/10"}],"replies":[{"embeddable":true,"href":"https:\/\/www.mundoacuicola.cl\/new\/wp-json\/wp\/v2\/comments?post=83921"}],"version-history":[{"count":0,"href":"https:\/\/www.mundoacuicola.cl\/new\/wp-json\/wp\/v2\/posts\/83921\/revisions"}],"wp:featuredmedia":[{"embeddable":true,"href":"https:\/\/www.mundoacuicola.cl\/new\/wp-json\/wp\/v2\/media\/83938"}],"wp:attachment":[{"href":"https:\/\/www.mundoacuicola.cl\/new\/wp-json\/wp\/v2\/media?parent=83921"}],"wp:term":[{"taxonomy":"category","embeddable":true,"href":"https:\/\/www.mundoacuicola.cl\/new\/wp-json\/wp\/v2\/categories?post=83921"},{"taxonomy":"post_tag","embeddable":true,"href":"https:\/\/www.mundoacuicola.cl\/new\/wp-json\/wp\/v2\/tags?post=83921"}],"curies":[{"name":"wp","href":"https:\/\/api.w.org\/{rel}","templated":true}]}}