{"id":84057,"date":"2026-01-06T11:50:46","date_gmt":"2026-01-06T15:50:46","guid":{"rendered":"https:\/\/www.mundoacuicola.cl\/new\/?p=84057"},"modified":"2026-01-08T07:37:05","modified_gmt":"2026-01-08T11:37:05","slug":"scaleaq-nombra-a-cristian-sauterel-como-nuevo-responsable-de-sus-operaciones-en-chile","status":"publish","type":"post","link":"https:\/\/www.mundoacuicola.cl\/new\/scaleaq-nombra-a-cristian-sauterel-como-nuevo-responsable-de-sus-operaciones-en-chile\/","title":{"rendered":"ScaleAQ nombra a Cristian Sauterel como nuevo responsable de sus operaciones en Chile"},"content":{"rendered":"<p data-start=\"317\" data-end=\"635\"><span class=\"hover:entity-accent entity-underline inline cursor-pointer align-baseline\"><span class=\"whitespace-normal\">ScaleAQ<\/span><\/span> anunci\u00f3 el nombramiento de <strong data-start=\"382\" data-end=\"423\"><span class=\"hover:entity-accent entity-underline inline cursor-pointer align-baseline\"><span class=\"whitespace-normal\">Cristian Sauterel<\/span><\/span><\/strong> como nuevo responsable de las operaciones de la compa\u00f1\u00eda en Chile, en el marco de su estrategia de fortalecimiento y consolidaci\u00f3n en el pa\u00eds. El ejecutivo asumir\u00e1 formalmente el cargo durante el mes de febrero.<\/p>\n<p data-start=\"637\" data-end=\"1060\">Sauterel es m\u00e9dico veterinario y cuenta con una trayectoria de m\u00e1s de una d\u00e9cada en la industria salmonicultora nacional. Antes de su incorporaci\u00f3n a ScaleAQ, se desempe\u00f1\u00f3 durante 12 a\u00f1os como gerente de Producci\u00f3n en <strong data-start=\"855\" data-end=\"896\"><span class=\"hover:entity-accent entity-underline inline cursor-pointer align-baseline\"><span class=\"whitespace-normal\">Australis Seafoods<\/span><\/span><\/strong>, donde lider\u00f3 procesos orientados a mejorar el desempe\u00f1o productivo mediante el uso de estrategias basadas en datos. Asimismo, registra experiencia previa en Mowi.<\/p>\n<p data-start=\"1062\" data-end=\"1476\">Desde ScaleAQ destacaron que el proceso de selecci\u00f3n se realiz\u00f3 a nivel nacional, con el objetivo de identificar un perfil con conocimiento profundo de la realidad productiva chilena y de los desaf\u00edos operacionales de la salmonicultura. En esa l\u00ednea, el director ejecutivo interino de ScaleAQ Chile, Ben \u00d8ksnes, se\u00f1al\u00f3 que Sauterel \u201ccomprende a la perfecci\u00f3n los desaf\u00edos y las complejidades de la salmonicultura\u201d.<\/p>\n<p data-start=\"1478\" data-end=\"1893\">La compa\u00f1\u00eda tambi\u00e9n subray\u00f3 que, durante el \u00faltimo a\u00f1o, ha destinado recursos relevantes a profundizar su comprensi\u00f3n de la acuicultura, la cultura y la identidad chilenas, elementos que han sido clave para definir una estrategia renovada en el pa\u00eds. En ese contexto, el nombramiento de Sauterel se alinea con el objetivo de ofrecer soluciones basadas en principios biol\u00f3gicos y adaptadas a las necesidades locales.<\/p>\n<p data-start=\"1895\" data-end=\"2180\">Por su parte, el director ejecutivo de ScaleAQ, Audun Sivertsen, afirm\u00f3 que el nuevo responsable en Chile contribuir\u00e1 a identificar desaf\u00edos y soluciones presentes y futuros para los productores, reforzando la propuesta tecnol\u00f3gica y de servicios de la compa\u00f1\u00eda en el mercado nacional.<\/p>\n","protected":false},"excerpt":{"rendered":"<p>Cristian Sauterel, m\u00e9dico veterinario, asumir\u00e1 el cargo en la empresa proveedora de la acuicultura tras 12 a\u00f1os de trayectoria en Australis Seafoods como gerente de Producci\u00f3n.<\/p>\n","protected":false},"author":10,"featured_media":84060,"comment_status":"closed","ping_status":"closed","sticky":false,"template":"","format":"standard","meta":{"footnotes":""},"categories":[27390],"tags":[1261,143,22839,122,2907,184,2273,197,7302],"class_list":["post-84057","post","type-post","status-publish","format-standard","has-post-thumbnail","hentry","category-empresas","tag-acuicola","tag-acuicultura","tag-cristian-sauterel","tag-industria-acuicola","tag-industria-salmonera","tag-salmon","tag-salmon-chileno","tag-salmonicultura","tag-scaleaq"],"yoast_head":"<!-- This site is optimized with the Yoast SEO plugin v27.5 - https:\/\/yoast.com\/product\/yoast-seo-wordpress\/ -->\n<title>ScaleAQ nombra a Cristian Sauterel como nuevo responsable de sus operaciones en Chile - Mundoacuicola<\/title>\n<meta name=\"description\" content=\"Cristian Sauterel, asumir\u00e1 el cargo tras 12 a\u00f1os de trayectoria en Australis Seafoods como gerente de Producci\u00f3n.\" \/>\n<meta name=\"robots\" content=\"index, follow, max-snippet:-1, max-image-preview:large, max-video-preview:-1\" \/>\n<link rel=\"canonical\" href=\"https:\/\/www.mundoacuicola.cl\/new\/scaleaq-nombra-a-cristian-sauterel-como-nuevo-responsable-de-sus-operaciones-en-chile\/\" \/>\n<meta property=\"og:locale\" content=\"es_ES\" \/>\n<meta property=\"og:type\" content=\"article\" \/>\n<meta property=\"og:title\" content=\"ScaleAQ nombra a Cristian Sauterel como nuevo responsable de sus operaciones en Chile - Mundoacuicola\" \/>\n<meta property=\"og:description\" content=\"Cristian Sauterel, asumir\u00e1 el cargo tras 12 a\u00f1os de trayectoria en Australis Seafoods como gerente de Producci\u00f3n.\" \/>\n<meta property=\"og:url\" content=\"https:\/\/www.mundoacuicola.cl\/new\/scaleaq-nombra-a-cristian-sauterel-como-nuevo-responsable-de-sus-operaciones-en-chile\/\" \/>\n<meta property=\"og:site_name\" content=\"Mundoacuicola\" \/>\n<meta property=\"article:publisher\" content=\"https:\/\/www.facebook.com\/mundo.acuicola\/\" \/>\n<meta property=\"article:published_time\" content=\"2026-01-06T15:50:46+00:00\" \/>\n<meta property=\"article:modified_time\" content=\"2026-01-08T11:37:05+00:00\" \/>\n<meta property=\"og:image\" content=\"https:\/\/www.mundoacuicola.cl\/new\/wp-content\/uploads\/2026\/01\/SauterelEstasi.jpg\" \/>\n\t<meta property=\"og:image:width\" content=\"1200\" \/>\n\t<meta property=\"og:image:height\" content=\"700\" \/>\n\t<meta property=\"og:image:type\" content=\"image\/jpeg\" \/>\n<meta name=\"author\" content=\"mbarrueto\" \/>\n<meta name=\"twitter:card\" content=\"summary_large_image\" \/>\n<meta name=\"twitter:creator\" content=\"@mundoacuicola\" \/>\n<meta name=\"twitter:site\" content=\"@mundoacuicola\" \/>\n<meta name=\"twitter:label1\" content=\"Escrito por\" \/>\n\t<meta name=\"twitter:data1\" content=\"mbarrueto\" \/>\n\t<meta name=\"twitter:label2\" content=\"Tiempo de lectura\" \/>\n\t<meta name=\"twitter:data2\" content=\"2 minutos\" \/>\n<script type=\"application\/ld+json\" class=\"yoast-schema-graph\">{\"@context\":\"https:\\\/\\\/schema.org\",\"@graph\":[{\"@type\":\"Article\",\"@id\":\"https:\\\/\\\/www.mundoacuicola.cl\\\/new\\\/scaleaq-nombra-a-cristian-sauterel-como-nuevo-responsable-de-sus-operaciones-en-chile\\\/#article\",\"isPartOf\":{\"@id\":\"https:\\\/\\\/www.mundoacuicola.cl\\\/new\\\/scaleaq-nombra-a-cristian-sauterel-como-nuevo-responsable-de-sus-operaciones-en-chile\\\/\"},\"author\":{\"name\":\"mbarrueto\",\"@id\":\"https:\\\/\\\/www.mundoacuicola.cl\\\/new\\\/#\\\/schema\\\/person\\\/c00ffe389abb88bd9254653add139315\"},\"headline\":\"ScaleAQ nombra a Cristian Sauterel como nuevo responsable de sus operaciones en Chile\",\"datePublished\":\"2026-01-06T15:50:46+00:00\",\"dateModified\":\"2026-01-08T11:37:05+00:00\",\"mainEntityOfPage\":{\"@id\":\"https:\\\/\\\/www.mundoacuicola.cl\\\/new\\\/scaleaq-nombra-a-cristian-sauterel-como-nuevo-responsable-de-sus-operaciones-en-chile\\\/\"},\"wordCount\":309,\"publisher\":{\"@id\":\"https:\\\/\\\/www.mundoacuicola.cl\\\/new\\\/#organization\"},\"image\":{\"@id\":\"https:\\\/\\\/www.mundoacuicola.cl\\\/new\\\/scaleaq-nombra-a-cristian-sauterel-como-nuevo-responsable-de-sus-operaciones-en-chile\\\/#primaryimage\"},\"thumbnailUrl\":\"https:\\\/\\\/www.mundoacuicola.cl\\\/new\\\/wp-content\\\/uploads\\\/2026\\\/01\\\/SauterelEstasi.jpg\",\"keywords\":[\"Acu\u00edcola\",\"Acuicultura\",\"Cristi\u00e1n Sauterel\",\"Industria Acu\u00edcola\",\"Industria salmonera\",\"Salm\u00f3n\",\"Salm\u00f3n chileno\",\"salmonicultura\",\"ScaleAQ\"],\"articleSection\":[\"Empresas\"],\"inLanguage\":\"es\"},{\"@type\":\"WebPage\",\"@id\":\"https:\\\/\\\/www.mundoacuicola.cl\\\/new\\\/scaleaq-nombra-a-cristian-sauterel-como-nuevo-responsable-de-sus-operaciones-en-chile\\\/\",\"url\":\"https:\\\/\\\/www.mundoacuicola.cl\\\/new\\\/scaleaq-nombra-a-cristian-sauterel-como-nuevo-responsable-de-sus-operaciones-en-chile\\\/\",\"name\":\"ScaleAQ nombra a Cristian Sauterel como nuevo responsable de sus operaciones en Chile - Mundoacuicola\",\"isPartOf\":{\"@id\":\"https:\\\/\\\/www.mundoacuicola.cl\\\/new\\\/#website\"},\"primaryImageOfPage\":{\"@id\":\"https:\\\/\\\/www.mundoacuicola.cl\\\/new\\\/scaleaq-nombra-a-cristian-sauterel-como-nuevo-responsable-de-sus-operaciones-en-chile\\\/#primaryimage\"},\"image\":{\"@id\":\"https:\\\/\\\/www.mundoacuicola.cl\\\/new\\\/scaleaq-nombra-a-cristian-sauterel-como-nuevo-responsable-de-sus-operaciones-en-chile\\\/#primaryimage\"},\"thumbnailUrl\":\"https:\\\/\\\/www.mundoacuicola.cl\\\/new\\\/wp-content\\\/uploads\\\/2026\\\/01\\\/SauterelEstasi.jpg\",\"datePublished\":\"2026-01-06T15:50:46+00:00\",\"dateModified\":\"2026-01-08T11:37:05+00:00\",\"description\":\"Cristian Sauterel, asumir\u00e1 el cargo tras 12 a\u00f1os de trayectoria en Australis Seafoods como gerente de Producci\u00f3n.\",\"breadcrumb\":{\"@id\":\"https:\\\/\\\/www.mundoacuicola.cl\\\/new\\\/scaleaq-nombra-a-cristian-sauterel-como-nuevo-responsable-de-sus-operaciones-en-chile\\\/#breadcrumb\"},\"inLanguage\":\"es\",\"potentialAction\":[{\"@type\":\"ReadAction\",\"target\":[\"https:\\\/\\\/www.mundoacuicola.cl\\\/new\\\/scaleaq-nombra-a-cristian-sauterel-como-nuevo-responsable-de-sus-operaciones-en-chile\\\/\"]}]},{\"@type\":\"ImageObject\",\"inLanguage\":\"es\",\"@id\":\"https:\\\/\\\/www.mundoacuicola.cl\\\/new\\\/scaleaq-nombra-a-cristian-sauterel-como-nuevo-responsable-de-sus-operaciones-en-chile\\\/#primaryimage\",\"url\":\"https:\\\/\\\/www.mundoacuicola.cl\\\/new\\\/wp-content\\\/uploads\\\/2026\\\/01\\\/SauterelEstasi.jpg\",\"contentUrl\":\"https:\\\/\\\/www.mundoacuicola.cl\\\/new\\\/wp-content\\\/uploads\\\/2026\\\/01\\\/SauterelEstasi.jpg\",\"width\":1200,\"height\":700},{\"@type\":\"BreadcrumbList\",\"@id\":\"https:\\\/\\\/www.mundoacuicola.cl\\\/new\\\/scaleaq-nombra-a-cristian-sauterel-como-nuevo-responsable-de-sus-operaciones-en-chile\\\/#breadcrumb\",\"itemListElement\":[{\"@type\":\"ListItem\",\"position\":1,\"name\":\"Portada\",\"item\":\"https:\\\/\\\/www.mundoacuicola.cl\\\/new\\\/\"},{\"@type\":\"ListItem\",\"position\":2,\"name\":\"ScaleAQ nombra a Cristian Sauterel como nuevo responsable de sus operaciones en Chile\"}]},{\"@type\":\"WebSite\",\"@id\":\"https:\\\/\\\/www.mundoacuicola.cl\\\/new\\\/#website\",\"url\":\"https:\\\/\\\/www.mundoacuicola.cl\\\/new\\\/\",\"name\":\"Mundoacuicola\",\"description\":\"Revista de Acuicultura.\",\"publisher\":{\"@id\":\"https:\\\/\\\/www.mundoacuicola.cl\\\/new\\\/#organization\"},\"potentialAction\":[{\"@type\":\"SearchAction\",\"target\":{\"@type\":\"EntryPoint\",\"urlTemplate\":\"https:\\\/\\\/www.mundoacuicola.cl\\\/new\\\/?s={search_term_string}\"},\"query-input\":{\"@type\":\"PropertyValueSpecification\",\"valueRequired\":true,\"valueName\":\"search_term_string\"}}],\"inLanguage\":\"es\"},{\"@type\":\"Organization\",\"@id\":\"https:\\\/\\\/www.mundoacuicola.cl\\\/new\\\/#organization\",\"name\":\"Mundoacuicola\",\"url\":\"https:\\\/\\\/www.mundoacuicola.cl\\\/new\\\/\",\"logo\":{\"@type\":\"ImageObject\",\"inLanguage\":\"es\",\"@id\":\"https:\\\/\\\/www.mundoacuicola.cl\\\/new\\\/#\\\/schema\\\/logo\\\/image\\\/\",\"url\":\"https:\\\/\\\/www.mundoacuicola.cl\\\/new\\\/wp-content\\\/uploads\\\/2026\\\/01\\\/cropped-LOGO-Mundo-Acuicola-2026.png\",\"contentUrl\":\"https:\\\/\\\/www.mundoacuicola.cl\\\/new\\\/wp-content\\\/uploads\\\/2026\\\/01\\\/cropped-LOGO-Mundo-Acuicola-2026.png\",\"width\":1252,\"height\":296,\"caption\":\"Mundoacuicola\"},\"image\":{\"@id\":\"https:\\\/\\\/www.mundoacuicola.cl\\\/new\\\/#\\\/schema\\\/logo\\\/image\\\/\"},\"sameAs\":[\"https:\\\/\\\/www.facebook.com\\\/mundo.acuicola\\\/\",\"https:\\\/\\\/x.com\\\/mundoacuicola\",\"https:\\\/\\\/www.linkedin.com\\\/in\\\/mundo-acuicola\"]},{\"@type\":\"Person\",\"@id\":\"https:\\\/\\\/www.mundoacuicola.cl\\\/new\\\/#\\\/schema\\\/person\\\/c00ffe389abb88bd9254653add139315\",\"name\":\"mbarrueto\",\"url\":\"https:\\\/\\\/www.mundoacuicola.cl\\\/new\\\/author\\\/mbarrueto\\\/\"}]}<\/script>\n<!-- \/ Yoast SEO plugin. -->","yoast_head_json":{"title":"ScaleAQ nombra a Cristian Sauterel como nuevo responsable de sus operaciones en Chile - Mundoacuicola","description":"Cristian Sauterel, asumir\u00e1 el cargo tras 12 a\u00f1os de trayectoria en Australis Seafoods como gerente de Producci\u00f3n.","robots":{"index":"index","follow":"follow","max-snippet":"max-snippet:-1","max-image-preview":"max-image-preview:large","max-video-preview":"max-video-preview:-1"},"canonical":"https:\/\/www.mundoacuicola.cl\/new\/scaleaq-nombra-a-cristian-sauterel-como-nuevo-responsable-de-sus-operaciones-en-chile\/","og_locale":"es_ES","og_type":"article","og_title":"ScaleAQ nombra a Cristian Sauterel como nuevo responsable de sus operaciones en Chile - Mundoacuicola","og_description":"Cristian Sauterel, asumir\u00e1 el cargo tras 12 a\u00f1os de trayectoria en Australis Seafoods como gerente de Producci\u00f3n.","og_url":"https:\/\/www.mundoacuicola.cl\/new\/scaleaq-nombra-a-cristian-sauterel-como-nuevo-responsable-de-sus-operaciones-en-chile\/","og_site_name":"Mundoacuicola","article_publisher":"https:\/\/www.facebook.com\/mundo.acuicola\/","article_published_time":"2026-01-06T15:50:46+00:00","article_modified_time":"2026-01-08T11:37:05+00:00","og_image":[{"width":1200,"height":700,"url":"https:\/\/www.mundoacuicola.cl\/new\/wp-content\/uploads\/2026\/01\/SauterelEstasi.jpg","type":"image\/jpeg"}],"author":"mbarrueto","twitter_card":"summary_large_image","twitter_creator":"@mundoacuicola","twitter_site":"@mundoacuicola","twitter_misc":{"Escrito por":"mbarrueto","Tiempo de lectura":"2 minutos"},"schema":{"@context":"https:\/\/schema.org","@graph":[{"@type":"Article","@id":"https:\/\/www.mundoacuicola.cl\/new\/scaleaq-nombra-a-cristian-sauterel-como-nuevo-responsable-de-sus-operaciones-en-chile\/#article","isPartOf":{"@id":"https:\/\/www.mundoacuicola.cl\/new\/scaleaq-nombra-a-cristian-sauterel-como-nuevo-responsable-de-sus-operaciones-en-chile\/"},"author":{"name":"mbarrueto","@id":"https:\/\/www.mundoacuicola.cl\/new\/#\/schema\/person\/c00ffe389abb88bd9254653add139315"},"headline":"ScaleAQ nombra a Cristian Sauterel como nuevo responsable de sus operaciones en Chile","datePublished":"2026-01-06T15:50:46+00:00","dateModified":"2026-01-08T11:37:05+00:00","mainEntityOfPage":{"@id":"https:\/\/www.mundoacuicola.cl\/new\/scaleaq-nombra-a-cristian-sauterel-como-nuevo-responsable-de-sus-operaciones-en-chile\/"},"wordCount":309,"publisher":{"@id":"https:\/\/www.mundoacuicola.cl\/new\/#organization"},"image":{"@id":"https:\/\/www.mundoacuicola.cl\/new\/scaleaq-nombra-a-cristian-sauterel-como-nuevo-responsable-de-sus-operaciones-en-chile\/#primaryimage"},"thumbnailUrl":"https:\/\/www.mundoacuicola.cl\/new\/wp-content\/uploads\/2026\/01\/SauterelEstasi.jpg","keywords":["Acu\u00edcola","Acuicultura","Cristi\u00e1n Sauterel","Industria Acu\u00edcola","Industria salmonera","Salm\u00f3n","Salm\u00f3n chileno","salmonicultura","ScaleAQ"],"articleSection":["Empresas"],"inLanguage":"es"},{"@type":"WebPage","@id":"https:\/\/www.mundoacuicola.cl\/new\/scaleaq-nombra-a-cristian-sauterel-como-nuevo-responsable-de-sus-operaciones-en-chile\/","url":"https:\/\/www.mundoacuicola.cl\/new\/scaleaq-nombra-a-cristian-sauterel-como-nuevo-responsable-de-sus-operaciones-en-chile\/","name":"ScaleAQ nombra a Cristian Sauterel como nuevo responsable de sus operaciones en Chile - Mundoacuicola","isPartOf":{"@id":"https:\/\/www.mundoacuicola.cl\/new\/#website"},"primaryImageOfPage":{"@id":"https:\/\/www.mundoacuicola.cl\/new\/scaleaq-nombra-a-cristian-sauterel-como-nuevo-responsable-de-sus-operaciones-en-chile\/#primaryimage"},"image":{"@id":"https:\/\/www.mundoacuicola.cl\/new\/scaleaq-nombra-a-cristian-sauterel-como-nuevo-responsable-de-sus-operaciones-en-chile\/#primaryimage"},"thumbnailUrl":"https:\/\/www.mundoacuicola.cl\/new\/wp-content\/uploads\/2026\/01\/SauterelEstasi.jpg","datePublished":"2026-01-06T15:50:46+00:00","dateModified":"2026-01-08T11:37:05+00:00","description":"Cristian Sauterel, asumir\u00e1 el cargo tras 12 a\u00f1os de trayectoria en Australis Seafoods como gerente de Producci\u00f3n.","breadcrumb":{"@id":"https:\/\/www.mundoacuicola.cl\/new\/scaleaq-nombra-a-cristian-sauterel-como-nuevo-responsable-de-sus-operaciones-en-chile\/#breadcrumb"},"inLanguage":"es","potentialAction":[{"@type":"ReadAction","target":["https:\/\/www.mundoacuicola.cl\/new\/scaleaq-nombra-a-cristian-sauterel-como-nuevo-responsable-de-sus-operaciones-en-chile\/"]}]},{"@type":"ImageObject","inLanguage":"es","@id":"https:\/\/www.mundoacuicola.cl\/new\/scaleaq-nombra-a-cristian-sauterel-como-nuevo-responsable-de-sus-operaciones-en-chile\/#primaryimage","url":"https:\/\/www.mundoacuicola.cl\/new\/wp-content\/uploads\/2026\/01\/SauterelEstasi.jpg","contentUrl":"https:\/\/www.mundoacuicola.cl\/new\/wp-content\/uploads\/2026\/01\/SauterelEstasi.jpg","width":1200,"height":700},{"@type":"BreadcrumbList","@id":"https:\/\/www.mundoacuicola.cl\/new\/scaleaq-nombra-a-cristian-sauterel-como-nuevo-responsable-de-sus-operaciones-en-chile\/#breadcrumb","itemListElement":[{"@type":"ListItem","position":1,"name":"Portada","item":"https:\/\/www.mundoacuicola.cl\/new\/"},{"@type":"ListItem","position":2,"name":"ScaleAQ nombra a Cristian Sauterel como nuevo responsable de sus operaciones en Chile"}]},{"@type":"WebSite","@id":"https:\/\/www.mundoacuicola.cl\/new\/#website","url":"https:\/\/www.mundoacuicola.cl\/new\/","name":"Mundoacuicola","description":"Revista de Acuicultura.","publisher":{"@id":"https:\/\/www.mundoacuicola.cl\/new\/#organization"},"potentialAction":[{"@type":"SearchAction","target":{"@type":"EntryPoint","urlTemplate":"https:\/\/www.mundoacuicola.cl\/new\/?s={search_term_string}"},"query-input":{"@type":"PropertyValueSpecification","valueRequired":true,"valueName":"search_term_string"}}],"inLanguage":"es"},{"@type":"Organization","@id":"https:\/\/www.mundoacuicola.cl\/new\/#organization","name":"Mundoacuicola","url":"https:\/\/www.mundoacuicola.cl\/new\/","logo":{"@type":"ImageObject","inLanguage":"es","@id":"https:\/\/www.mundoacuicola.cl\/new\/#\/schema\/logo\/image\/","url":"https:\/\/www.mundoacuicola.cl\/new\/wp-content\/uploads\/2026\/01\/cropped-LOGO-Mundo-Acuicola-2026.png","contentUrl":"https:\/\/www.mundoacuicola.cl\/new\/wp-content\/uploads\/2026\/01\/cropped-LOGO-Mundo-Acuicola-2026.png","width":1252,"height":296,"caption":"Mundoacuicola"},"image":{"@id":"https:\/\/www.mundoacuicola.cl\/new\/#\/schema\/logo\/image\/"},"sameAs":["https:\/\/www.facebook.com\/mundo.acuicola\/","https:\/\/x.com\/mundoacuicola","https:\/\/www.linkedin.com\/in\/mundo-acuicola"]},{"@type":"Person","@id":"https:\/\/www.mundoacuicola.cl\/new\/#\/schema\/person\/c00ffe389abb88bd9254653add139315","name":"mbarrueto","url":"https:\/\/www.mundoacuicola.cl\/new\/author\/mbarrueto\/"}]}},"_links":{"self":[{"href":"https:\/\/www.mundoacuicola.cl\/new\/wp-json\/wp\/v2\/posts\/84057","targetHints":{"allow":["GET"]}}],"collection":[{"href":"https:\/\/www.mundoacuicola.cl\/new\/wp-json\/wp\/v2\/posts"}],"about":[{"href":"https:\/\/www.mundoacuicola.cl\/new\/wp-json\/wp\/v2\/types\/post"}],"author":[{"embeddable":true,"href":"https:\/\/www.mundoacuicola.cl\/new\/wp-json\/wp\/v2\/users\/10"}],"replies":[{"embeddable":true,"href":"https:\/\/www.mundoacuicola.cl\/new\/wp-json\/wp\/v2\/comments?post=84057"}],"version-history":[{"count":0,"href":"https:\/\/www.mundoacuicola.cl\/new\/wp-json\/wp\/v2\/posts\/84057\/revisions"}],"wp:featuredmedia":[{"embeddable":true,"href":"https:\/\/www.mundoacuicola.cl\/new\/wp-json\/wp\/v2\/media\/84060"}],"wp:attachment":[{"href":"https:\/\/www.mundoacuicola.cl\/new\/wp-json\/wp\/v2\/media?parent=84057"}],"wp:term":[{"taxonomy":"category","embeddable":true,"href":"https:\/\/www.mundoacuicola.cl\/new\/wp-json\/wp\/v2\/categories?post=84057"},{"taxonomy":"post_tag","embeddable":true,"href":"https:\/\/www.mundoacuicola.cl\/new\/wp-json\/wp\/v2\/tags?post=84057"}],"curies":[{"name":"wp","href":"https:\/\/api.w.org\/{rel}","templated":true}]}}