{"id":84462,"date":"2026-01-19T04:01:58","date_gmt":"2026-01-19T08:01:58","guid":{"rendered":"https:\/\/www.mundoacuicola.cl\/new\/?p=84462"},"modified":"2026-01-19T17:59:06","modified_gmt":"2026-01-19T21:59:06","slug":"sector-salmonero-solidariza-y-coordina-apoyos-ante-emergencia-por-incendios","status":"publish","type":"post","link":"https:\/\/www.mundoacuicola.cl\/new\/sector-salmonero-solidariza-y-coordina-apoyos-ante-emergencia-por-incendios\/","title":{"rendered":"Sector salmonero solidariza y coordina apoyos ante emergencia por incendios"},"content":{"rendered":"<p data-start=\"304\" data-end=\"565\">En el marco de la emergencia por incendios forestales que afecta a distintas zonas del pa\u00eds, gremios vinculados a la industria salmonera han comenzado a manifestar p\u00fablicamente su preocupaci\u00f3n y a coordinar acciones de apoyo para las comunidades impactadas.<\/p>\n<p data-start=\"567\" data-end=\"838\">En esa l\u00ednea, el Consejo del Salm\u00f3n difundi\u00f3 un comunicado oficial en el que expres\u00f3 su solidaridad con las personas afectadas y llam\u00f3 a actuar con unidad y sentido de comunidad, se\u00f1alando que se trata de \u201cmomentos muy adversos\u201d que requieren un esfuerzo transversal.<\/p>\n<p data-start=\"840\" data-end=\"1049\">El texto destaca que los incendios \u201cse est\u00e1n propagando en diversas zonas de Chile\u201d y subraya la gravedad del escenario, indicando que \u201clos da\u00f1os han sido devastadores y miles de familias lo han perdido todo\u201d.<\/p>\n<p data-start=\"1051\" data-end=\"1236\">Asimismo, el gremio indic\u00f3 que se mantiene siguiendo la situaci\u00f3n \u201ccon atenci\u00f3n\u201d en las regiones afectadas, reconociendo el impacto que la emergencia ha tenido en distintas localidades.<\/p>\n<p data-start=\"1238\" data-end=\"1473\">Respecto a acciones concretas, el comunicado sostiene que las empresas que forman parte del Consejo del Salm\u00f3n \u201cest\u00e1n trabajando, de manera directa y aut\u00f3noma, en los apoyos que se vayan requiriendo en los distintos lugares afectados\u201d.<\/p>\n<p data-start=\"1475\" data-end=\"1665\">Finalmente, el Consejo del Salm\u00f3n afirm\u00f3 que continuar\u00e1 activo para facilitar espacios de coordinaci\u00f3n p\u00fablico-privada, con el objetivo de canalizar colaboraci\u00f3n donde pueda ser de utilidad.<\/p>\n","protected":false},"excerpt":{"rendered":"<p>Consejo del Salm\u00f3n expres\u00f3 preocupaci\u00f3n por incendios forestales y anunci\u00f3 coordinaci\u00f3n de apoyos para comunidades afectadas en distintas regiones.<\/p>\n","protected":false},"author":8,"featured_media":84463,"comment_status":"closed","ping_status":"closed","sticky":false,"template":"","format":"standard","meta":{"footnotes":""},"categories":[27390],"tags":[28281,26650,14532,5625,23341,28548,6384,2907,28550,28549],"class_list":["post-84462","post","type-post","status-publish","format-standard","has-post-thumbnail","hentry","category-empresas","tag-apoyo-comunitario","tag-ayuda-humanitaria","tag-comunidades-locales","tag-consejo-del-salmon","tag-coordinacion-publico-privada","tag-emergencia-chile","tag-incendios-forestales","tag-industria-salmonera","tag-regiones-afectadas","tag-solidaridad-gremial"],"yoast_head":"<!-- This site is optimized with the Yoast SEO plugin v27.5 - https:\/\/yoast.com\/product\/yoast-seo-wordpress\/ -->\n<title>Sector salmonero solidariza y coordina apoyos ante emergencia por incendios - Mundoacuicola<\/title>\n<meta name=\"description\" content=\"Consejo del Salm\u00f3n expres\u00f3 preocupaci\u00f3n por incendios forestales y anunci\u00f3 coordinaci\u00f3n de apoyos para comunidades afectadas.\" \/>\n<meta name=\"robots\" content=\"index, follow, max-snippet:-1, max-image-preview:large, max-video-preview:-1\" \/>\n<link rel=\"canonical\" href=\"https:\/\/www.mundoacuicola.cl\/new\/sector-salmonero-solidariza-y-coordina-apoyos-ante-emergencia-por-incendios\/\" \/>\n<meta property=\"og:locale\" content=\"es_ES\" \/>\n<meta property=\"og:type\" content=\"article\" \/>\n<meta property=\"og:title\" content=\"Sector salmonero solidariza y coordina apoyos ante emergencia por incendios - Mundoacuicola\" \/>\n<meta property=\"og:description\" content=\"Consejo del Salm\u00f3n expres\u00f3 preocupaci\u00f3n por incendios forestales y anunci\u00f3 coordinaci\u00f3n de apoyos para comunidades afectadas.\" \/>\n<meta property=\"og:url\" content=\"https:\/\/www.mundoacuicola.cl\/new\/sector-salmonero-solidariza-y-coordina-apoyos-ante-emergencia-por-incendios\/\" \/>\n<meta property=\"og:site_name\" content=\"Mundoacuicola\" \/>\n<meta property=\"article:publisher\" content=\"https:\/\/www.facebook.com\/mundo.acuicola\/\" \/>\n<meta property=\"article:published_time\" content=\"2026-01-19T08:01:58+00:00\" \/>\n<meta property=\"article:modified_time\" content=\"2026-01-19T21:59:06+00:00\" \/>\n<meta property=\"og:image\" content=\"https:\/\/www.mundoacuicola.cl\/new\/wp-content\/uploads\/2026\/01\/IncendiosSalmonero2.jpg\" \/>\n\t<meta property=\"og:image:width\" content=\"1200\" \/>\n\t<meta property=\"og:image:height\" content=\"641\" \/>\n\t<meta property=\"og:image:type\" content=\"image\/jpeg\" \/>\n<meta name=\"author\" content=\"Ricardo Alvarez\" \/>\n<meta name=\"twitter:card\" content=\"summary_large_image\" \/>\n<meta name=\"twitter:creator\" content=\"@mundoacuicola\" \/>\n<meta name=\"twitter:site\" content=\"@mundoacuicola\" \/>\n<meta name=\"twitter:label1\" content=\"Escrito por\" \/>\n\t<meta name=\"twitter:data1\" content=\"Ricardo Alvarez\" \/>\n\t<meta name=\"twitter:label2\" content=\"Tiempo de lectura\" \/>\n\t<meta name=\"twitter:data2\" content=\"2 minutos\" \/>\n<script type=\"application\/ld+json\" class=\"yoast-schema-graph\">{\"@context\":\"https:\\\/\\\/schema.org\",\"@graph\":[{\"@type\":\"Article\",\"@id\":\"https:\\\/\\\/www.mundoacuicola.cl\\\/new\\\/sector-salmonero-solidariza-y-coordina-apoyos-ante-emergencia-por-incendios\\\/#article\",\"isPartOf\":{\"@id\":\"https:\\\/\\\/www.mundoacuicola.cl\\\/new\\\/sector-salmonero-solidariza-y-coordina-apoyos-ante-emergencia-por-incendios\\\/\"},\"author\":{\"name\":\"Ricardo Alvarez\",\"@id\":\"https:\\\/\\\/www.mundoacuicola.cl\\\/new\\\/#\\\/schema\\\/person\\\/52cfe7e461eb2d30484965350ee34bdd\"},\"headline\":\"Sector salmonero solidariza y coordina apoyos ante emergencia por incendios\",\"datePublished\":\"2026-01-19T08:01:58+00:00\",\"dateModified\":\"2026-01-19T21:59:06+00:00\",\"mainEntityOfPage\":{\"@id\":\"https:\\\/\\\/www.mundoacuicola.cl\\\/new\\\/sector-salmonero-solidariza-y-coordina-apoyos-ante-emergencia-por-incendios\\\/\"},\"wordCount\":234,\"publisher\":{\"@id\":\"https:\\\/\\\/www.mundoacuicola.cl\\\/new\\\/#organization\"},\"image\":{\"@id\":\"https:\\\/\\\/www.mundoacuicola.cl\\\/new\\\/sector-salmonero-solidariza-y-coordina-apoyos-ante-emergencia-por-incendios\\\/#primaryimage\"},\"thumbnailUrl\":\"https:\\\/\\\/www.mundoacuicola.cl\\\/new\\\/wp-content\\\/uploads\\\/2026\\\/01\\\/IncendiosSalmonero2.jpg\",\"keywords\":[\"apoyo comunitario\",\"ayuda humanitaria\",\"comunidades locales\",\"Consejo del Salm\u00f3n\",\"coordinaci\u00f3n p\u00fablico-privada\",\"emergencia Chile\",\"incendios forestales\",\"Industria salmonera\",\"regiones afectadas\",\"solidaridad gremial\"],\"articleSection\":[\"Empresas\"],\"inLanguage\":\"es\"},{\"@type\":\"WebPage\",\"@id\":\"https:\\\/\\\/www.mundoacuicola.cl\\\/new\\\/sector-salmonero-solidariza-y-coordina-apoyos-ante-emergencia-por-incendios\\\/\",\"url\":\"https:\\\/\\\/www.mundoacuicola.cl\\\/new\\\/sector-salmonero-solidariza-y-coordina-apoyos-ante-emergencia-por-incendios\\\/\",\"name\":\"Sector salmonero solidariza y coordina apoyos ante emergencia por incendios - Mundoacuicola\",\"isPartOf\":{\"@id\":\"https:\\\/\\\/www.mundoacuicola.cl\\\/new\\\/#website\"},\"primaryImageOfPage\":{\"@id\":\"https:\\\/\\\/www.mundoacuicola.cl\\\/new\\\/sector-salmonero-solidariza-y-coordina-apoyos-ante-emergencia-por-incendios\\\/#primaryimage\"},\"image\":{\"@id\":\"https:\\\/\\\/www.mundoacuicola.cl\\\/new\\\/sector-salmonero-solidariza-y-coordina-apoyos-ante-emergencia-por-incendios\\\/#primaryimage\"},\"thumbnailUrl\":\"https:\\\/\\\/www.mundoacuicola.cl\\\/new\\\/wp-content\\\/uploads\\\/2026\\\/01\\\/IncendiosSalmonero2.jpg\",\"datePublished\":\"2026-01-19T08:01:58+00:00\",\"dateModified\":\"2026-01-19T21:59:06+00:00\",\"description\":\"Consejo del Salm\u00f3n expres\u00f3 preocupaci\u00f3n por incendios forestales y anunci\u00f3 coordinaci\u00f3n de apoyos para comunidades afectadas.\",\"breadcrumb\":{\"@id\":\"https:\\\/\\\/www.mundoacuicola.cl\\\/new\\\/sector-salmonero-solidariza-y-coordina-apoyos-ante-emergencia-por-incendios\\\/#breadcrumb\"},\"inLanguage\":\"es\",\"potentialAction\":[{\"@type\":\"ReadAction\",\"target\":[\"https:\\\/\\\/www.mundoacuicola.cl\\\/new\\\/sector-salmonero-solidariza-y-coordina-apoyos-ante-emergencia-por-incendios\\\/\"]}]},{\"@type\":\"ImageObject\",\"inLanguage\":\"es\",\"@id\":\"https:\\\/\\\/www.mundoacuicola.cl\\\/new\\\/sector-salmonero-solidariza-y-coordina-apoyos-ante-emergencia-por-incendios\\\/#primaryimage\",\"url\":\"https:\\\/\\\/www.mundoacuicola.cl\\\/new\\\/wp-content\\\/uploads\\\/2026\\\/01\\\/IncendiosSalmonero2.jpg\",\"contentUrl\":\"https:\\\/\\\/www.mundoacuicola.cl\\\/new\\\/wp-content\\\/uploads\\\/2026\\\/01\\\/IncendiosSalmonero2.jpg\",\"width\":1200,\"height\":641},{\"@type\":\"BreadcrumbList\",\"@id\":\"https:\\\/\\\/www.mundoacuicola.cl\\\/new\\\/sector-salmonero-solidariza-y-coordina-apoyos-ante-emergencia-por-incendios\\\/#breadcrumb\",\"itemListElement\":[{\"@type\":\"ListItem\",\"position\":1,\"name\":\"Portada\",\"item\":\"https:\\\/\\\/www.mundoacuicola.cl\\\/new\\\/\"},{\"@type\":\"ListItem\",\"position\":2,\"name\":\"Sector salmonero solidariza y coordina apoyos ante emergencia por incendios\"}]},{\"@type\":\"WebSite\",\"@id\":\"https:\\\/\\\/www.mundoacuicola.cl\\\/new\\\/#website\",\"url\":\"https:\\\/\\\/www.mundoacuicola.cl\\\/new\\\/\",\"name\":\"Mundoacuicola\",\"description\":\"Revista de Acuicultura.\",\"publisher\":{\"@id\":\"https:\\\/\\\/www.mundoacuicola.cl\\\/new\\\/#organization\"},\"potentialAction\":[{\"@type\":\"SearchAction\",\"target\":{\"@type\":\"EntryPoint\",\"urlTemplate\":\"https:\\\/\\\/www.mundoacuicola.cl\\\/new\\\/?s={search_term_string}\"},\"query-input\":{\"@type\":\"PropertyValueSpecification\",\"valueRequired\":true,\"valueName\":\"search_term_string\"}}],\"inLanguage\":\"es\"},{\"@type\":\"Organization\",\"@id\":\"https:\\\/\\\/www.mundoacuicola.cl\\\/new\\\/#organization\",\"name\":\"Mundoacuicola\",\"url\":\"https:\\\/\\\/www.mundoacuicola.cl\\\/new\\\/\",\"logo\":{\"@type\":\"ImageObject\",\"inLanguage\":\"es\",\"@id\":\"https:\\\/\\\/www.mundoacuicola.cl\\\/new\\\/#\\\/schema\\\/logo\\\/image\\\/\",\"url\":\"https:\\\/\\\/www.mundoacuicola.cl\\\/new\\\/wp-content\\\/uploads\\\/2026\\\/01\\\/cropped-LOGO-Mundo-Acuicola-2026.png\",\"contentUrl\":\"https:\\\/\\\/www.mundoacuicola.cl\\\/new\\\/wp-content\\\/uploads\\\/2026\\\/01\\\/cropped-LOGO-Mundo-Acuicola-2026.png\",\"width\":1252,\"height\":296,\"caption\":\"Mundoacuicola\"},\"image\":{\"@id\":\"https:\\\/\\\/www.mundoacuicola.cl\\\/new\\\/#\\\/schema\\\/logo\\\/image\\\/\"},\"sameAs\":[\"https:\\\/\\\/www.facebook.com\\\/mundo.acuicola\\\/\",\"https:\\\/\\\/x.com\\\/mundoacuicola\",\"https:\\\/\\\/www.linkedin.com\\\/in\\\/mundo-acuicola\"]},{\"@type\":\"Person\",\"@id\":\"https:\\\/\\\/www.mundoacuicola.cl\\\/new\\\/#\\\/schema\\\/person\\\/52cfe7e461eb2d30484965350ee34bdd\",\"name\":\"Ricardo Alvarez\",\"url\":\"https:\\\/\\\/www.mundoacuicola.cl\\\/new\\\/author\\\/ricardo\\\/\"}]}<\/script>\n<!-- \/ Yoast SEO plugin. -->","yoast_head_json":{"title":"Sector salmonero solidariza y coordina apoyos ante emergencia por incendios - Mundoacuicola","description":"Consejo del Salm\u00f3n expres\u00f3 preocupaci\u00f3n por incendios forestales y anunci\u00f3 coordinaci\u00f3n de apoyos para comunidades afectadas.","robots":{"index":"index","follow":"follow","max-snippet":"max-snippet:-1","max-image-preview":"max-image-preview:large","max-video-preview":"max-video-preview:-1"},"canonical":"https:\/\/www.mundoacuicola.cl\/new\/sector-salmonero-solidariza-y-coordina-apoyos-ante-emergencia-por-incendios\/","og_locale":"es_ES","og_type":"article","og_title":"Sector salmonero solidariza y coordina apoyos ante emergencia por incendios - Mundoacuicola","og_description":"Consejo del Salm\u00f3n expres\u00f3 preocupaci\u00f3n por incendios forestales y anunci\u00f3 coordinaci\u00f3n de apoyos para comunidades afectadas.","og_url":"https:\/\/www.mundoacuicola.cl\/new\/sector-salmonero-solidariza-y-coordina-apoyos-ante-emergencia-por-incendios\/","og_site_name":"Mundoacuicola","article_publisher":"https:\/\/www.facebook.com\/mundo.acuicola\/","article_published_time":"2026-01-19T08:01:58+00:00","article_modified_time":"2026-01-19T21:59:06+00:00","og_image":[{"width":1200,"height":641,"url":"https:\/\/www.mundoacuicola.cl\/new\/wp-content\/uploads\/2026\/01\/IncendiosSalmonero2.jpg","type":"image\/jpeg"}],"author":"Ricardo Alvarez","twitter_card":"summary_large_image","twitter_creator":"@mundoacuicola","twitter_site":"@mundoacuicola","twitter_misc":{"Escrito por":"Ricardo Alvarez","Tiempo de lectura":"2 minutos"},"schema":{"@context":"https:\/\/schema.org","@graph":[{"@type":"Article","@id":"https:\/\/www.mundoacuicola.cl\/new\/sector-salmonero-solidariza-y-coordina-apoyos-ante-emergencia-por-incendios\/#article","isPartOf":{"@id":"https:\/\/www.mundoacuicola.cl\/new\/sector-salmonero-solidariza-y-coordina-apoyos-ante-emergencia-por-incendios\/"},"author":{"name":"Ricardo Alvarez","@id":"https:\/\/www.mundoacuicola.cl\/new\/#\/schema\/person\/52cfe7e461eb2d30484965350ee34bdd"},"headline":"Sector salmonero solidariza y coordina apoyos ante emergencia por incendios","datePublished":"2026-01-19T08:01:58+00:00","dateModified":"2026-01-19T21:59:06+00:00","mainEntityOfPage":{"@id":"https:\/\/www.mundoacuicola.cl\/new\/sector-salmonero-solidariza-y-coordina-apoyos-ante-emergencia-por-incendios\/"},"wordCount":234,"publisher":{"@id":"https:\/\/www.mundoacuicola.cl\/new\/#organization"},"image":{"@id":"https:\/\/www.mundoacuicola.cl\/new\/sector-salmonero-solidariza-y-coordina-apoyos-ante-emergencia-por-incendios\/#primaryimage"},"thumbnailUrl":"https:\/\/www.mundoacuicola.cl\/new\/wp-content\/uploads\/2026\/01\/IncendiosSalmonero2.jpg","keywords":["apoyo comunitario","ayuda humanitaria","comunidades locales","Consejo del Salm\u00f3n","coordinaci\u00f3n p\u00fablico-privada","emergencia Chile","incendios forestales","Industria salmonera","regiones afectadas","solidaridad gremial"],"articleSection":["Empresas"],"inLanguage":"es"},{"@type":"WebPage","@id":"https:\/\/www.mundoacuicola.cl\/new\/sector-salmonero-solidariza-y-coordina-apoyos-ante-emergencia-por-incendios\/","url":"https:\/\/www.mundoacuicola.cl\/new\/sector-salmonero-solidariza-y-coordina-apoyos-ante-emergencia-por-incendios\/","name":"Sector salmonero solidariza y coordina apoyos ante emergencia por incendios - Mundoacuicola","isPartOf":{"@id":"https:\/\/www.mundoacuicola.cl\/new\/#website"},"primaryImageOfPage":{"@id":"https:\/\/www.mundoacuicola.cl\/new\/sector-salmonero-solidariza-y-coordina-apoyos-ante-emergencia-por-incendios\/#primaryimage"},"image":{"@id":"https:\/\/www.mundoacuicola.cl\/new\/sector-salmonero-solidariza-y-coordina-apoyos-ante-emergencia-por-incendios\/#primaryimage"},"thumbnailUrl":"https:\/\/www.mundoacuicola.cl\/new\/wp-content\/uploads\/2026\/01\/IncendiosSalmonero2.jpg","datePublished":"2026-01-19T08:01:58+00:00","dateModified":"2026-01-19T21:59:06+00:00","description":"Consejo del Salm\u00f3n expres\u00f3 preocupaci\u00f3n por incendios forestales y anunci\u00f3 coordinaci\u00f3n de apoyos para comunidades afectadas.","breadcrumb":{"@id":"https:\/\/www.mundoacuicola.cl\/new\/sector-salmonero-solidariza-y-coordina-apoyos-ante-emergencia-por-incendios\/#breadcrumb"},"inLanguage":"es","potentialAction":[{"@type":"ReadAction","target":["https:\/\/www.mundoacuicola.cl\/new\/sector-salmonero-solidariza-y-coordina-apoyos-ante-emergencia-por-incendios\/"]}]},{"@type":"ImageObject","inLanguage":"es","@id":"https:\/\/www.mundoacuicola.cl\/new\/sector-salmonero-solidariza-y-coordina-apoyos-ante-emergencia-por-incendios\/#primaryimage","url":"https:\/\/www.mundoacuicola.cl\/new\/wp-content\/uploads\/2026\/01\/IncendiosSalmonero2.jpg","contentUrl":"https:\/\/www.mundoacuicola.cl\/new\/wp-content\/uploads\/2026\/01\/IncendiosSalmonero2.jpg","width":1200,"height":641},{"@type":"BreadcrumbList","@id":"https:\/\/www.mundoacuicola.cl\/new\/sector-salmonero-solidariza-y-coordina-apoyos-ante-emergencia-por-incendios\/#breadcrumb","itemListElement":[{"@type":"ListItem","position":1,"name":"Portada","item":"https:\/\/www.mundoacuicola.cl\/new\/"},{"@type":"ListItem","position":2,"name":"Sector salmonero solidariza y coordina apoyos ante emergencia por incendios"}]},{"@type":"WebSite","@id":"https:\/\/www.mundoacuicola.cl\/new\/#website","url":"https:\/\/www.mundoacuicola.cl\/new\/","name":"Mundoacuicola","description":"Revista de Acuicultura.","publisher":{"@id":"https:\/\/www.mundoacuicola.cl\/new\/#organization"},"potentialAction":[{"@type":"SearchAction","target":{"@type":"EntryPoint","urlTemplate":"https:\/\/www.mundoacuicola.cl\/new\/?s={search_term_string}"},"query-input":{"@type":"PropertyValueSpecification","valueRequired":true,"valueName":"search_term_string"}}],"inLanguage":"es"},{"@type":"Organization","@id":"https:\/\/www.mundoacuicola.cl\/new\/#organization","name":"Mundoacuicola","url":"https:\/\/www.mundoacuicola.cl\/new\/","logo":{"@type":"ImageObject","inLanguage":"es","@id":"https:\/\/www.mundoacuicola.cl\/new\/#\/schema\/logo\/image\/","url":"https:\/\/www.mundoacuicola.cl\/new\/wp-content\/uploads\/2026\/01\/cropped-LOGO-Mundo-Acuicola-2026.png","contentUrl":"https:\/\/www.mundoacuicola.cl\/new\/wp-content\/uploads\/2026\/01\/cropped-LOGO-Mundo-Acuicola-2026.png","width":1252,"height":296,"caption":"Mundoacuicola"},"image":{"@id":"https:\/\/www.mundoacuicola.cl\/new\/#\/schema\/logo\/image\/"},"sameAs":["https:\/\/www.facebook.com\/mundo.acuicola\/","https:\/\/x.com\/mundoacuicola","https:\/\/www.linkedin.com\/in\/mundo-acuicola"]},{"@type":"Person","@id":"https:\/\/www.mundoacuicola.cl\/new\/#\/schema\/person\/52cfe7e461eb2d30484965350ee34bdd","name":"Ricardo Alvarez","url":"https:\/\/www.mundoacuicola.cl\/new\/author\/ricardo\/"}]}},"_links":{"self":[{"href":"https:\/\/www.mundoacuicola.cl\/new\/wp-json\/wp\/v2\/posts\/84462","targetHints":{"allow":["GET"]}}],"collection":[{"href":"https:\/\/www.mundoacuicola.cl\/new\/wp-json\/wp\/v2\/posts"}],"about":[{"href":"https:\/\/www.mundoacuicola.cl\/new\/wp-json\/wp\/v2\/types\/post"}],"author":[{"embeddable":true,"href":"https:\/\/www.mundoacuicola.cl\/new\/wp-json\/wp\/v2\/users\/8"}],"replies":[{"embeddable":true,"href":"https:\/\/www.mundoacuicola.cl\/new\/wp-json\/wp\/v2\/comments?post=84462"}],"version-history":[{"count":0,"href":"https:\/\/www.mundoacuicola.cl\/new\/wp-json\/wp\/v2\/posts\/84462\/revisions"}],"wp:featuredmedia":[{"embeddable":true,"href":"https:\/\/www.mundoacuicola.cl\/new\/wp-json\/wp\/v2\/media\/84463"}],"wp:attachment":[{"href":"https:\/\/www.mundoacuicola.cl\/new\/wp-json\/wp\/v2\/media?parent=84462"}],"wp:term":[{"taxonomy":"category","embeddable":true,"href":"https:\/\/www.mundoacuicola.cl\/new\/wp-json\/wp\/v2\/categories?post=84462"},{"taxonomy":"post_tag","embeddable":true,"href":"https:\/\/www.mundoacuicola.cl\/new\/wp-json\/wp\/v2\/tags?post=84462"}],"curies":[{"name":"wp","href":"https:\/\/api.w.org\/{rel}","templated":true}]}}