{"id":84473,"date":"2026-01-19T09:23:04","date_gmt":"2026-01-19T13:23:04","guid":{"rendered":"https:\/\/www.mundoacuicola.cl\/new\/?p=84473"},"modified":"2026-01-20T06:51:22","modified_gmt":"2026-01-20T10:51:22","slug":"compliance-ambiental-el-2026-riesgo-y-responabilidad-de-los-gerentes-y-directores","status":"publish","type":"post","link":"https:\/\/www.mundoacuicola.cl\/new\/compliance-ambiental-el-2026-riesgo-y-responabilidad-de-los-gerentes-y-directores\/","title":{"rendered":"\u00abCompliance Ambiental el 2026: Riesgo y Responsabilidad de los Gerentes y Directores\u00bb"},"content":{"rendered":"<p>La entrada en vigencia de nuevas normas sobre delitos econ\u00f3micos y ambientales est\u00e1 redefiniendo el est\u00e1ndar de responsabilidad para empresas y ejecutivos en Chile. En 2026, el foco no solo estar\u00e1 en el cumplimiento corporativo, sino tambi\u00e9n en el riesgo personal que asumen gerentes y directores frente a omisiones o reportes incorrectos. En esta columna, Tom\u00e1s Nawrath, Director de Compliance en Neubau Consultores Ambientales, analiza el cambio de escenario y sus implicancias para la gesti\u00f3n ambiental:<\/p>\n<p><img fetchpriority=\"high\" decoding=\"async\" class=\"size-full wp-image-84474 alignright\" src=\"https:\/\/www.mundoacuicola.cl\/new\/wp-content\/uploads\/2026\/01\/TomasNawrath.jpg\" alt=\"\" width=\"362\" height=\"392\" srcset=\"https:\/\/www.mundoacuicola.cl\/new\/wp-content\/uploads\/2026\/01\/TomasNawrath.jpg 362w, https:\/\/www.mundoacuicola.cl\/new\/wp-content\/uploads\/2026\/01\/TomasNawrath-200x217.jpg 200w, https:\/\/www.mundoacuicola.cl\/new\/wp-content\/uploads\/2026\/01\/TomasNawrath-208x225.jpg 208w\" sizes=\"(max-width: 362px) 100vw, 362px\" \/>\u00ab<span style=\"font-weight: 400;\">Estamos frente a un giro absoluto en los est\u00e1ndares de responsabilidad frente a delitos ambientales, afectando tanto a la persona natural (ejecutivos) como a la persona jur\u00eddica (empresas). Hasta septiembre de 2024 la Ley 20.393 operaba con un cat\u00e1logo limitado de delitos econ\u00f3micos y ambientales, donde las sanciones reca\u00edan principalmente en la empresa. El caso Nova Austral S.A., acusada el a\u00f1o 2020 de fraude de subvenciones y delitos ambientales, es un buen ejemplo para entender como operaban los procesos sancionatorios.\u00a0<\/span><\/p>\n<p><span style=\"font-weight: 400;\">El 2024 en lo corporativo, la empresa evit\u00f3 un juicio penal al comprometerse a ejecutar un Programa de Cumplimiento, al pago de multas y a la actualizaci\u00f3n de su Modelo de Prevenci\u00f3n de Delitos Ambientales (MPD-A). Respecto a los ejecutivos involucrados, fueron absueltos por la Corte de Apelaciones de Punta Arenas en enero de 2026, aunque se probaron irregularidades por sobreproducci\u00f3n, no se logr\u00f3 demostrar un da\u00f1o ambiental concreto, requisito que en ese entonces era indispensable. Este escenario cambia radicalmente con la entrada en vigencia, en septiembre de 2024, de la Ley 21.595 que actualiza la Ley 20.393.<\/span><\/p>\n<p><span style=\"font-weight: 400;\">Hoy, el criterio de prueba y la responsabilidad se desplazan con m\u00e1s intenci\u00f3n hacia la persona natural. Bajo estas nuevas reglas, los ejecutivos arriesgan penas de c\u00e1rcel por omisiones o reportes falsos, independientemente de la magnitud del da\u00f1o ambiental. En este contexto, la implementaci\u00f3n y auditor\u00eda de los MPD-A es un escudo para trabajadores, gerentes y la alta direcci\u00f3n. El \u00e9xito de los objetivos en sostenibilidad de las empresas se define por la capacidad de proyectar una estrategia productiva que respete tanto el marco jur\u00eddico como la integridad de los ecosistemas.\u00bb<\/span><\/p>\n","protected":false},"excerpt":{"rendered":"<p>Tom\u00e1s Nawrath, Director de Compliance en Neubau Consultores Ambientales, analiza el compliance ambiental 2026 y advierte mayor responsabilidad penal para gerentes y directores ante delitos ambientales.<\/p>\n","protected":false},"author":8,"featured_media":84475,"comment_status":"closed","ping_status":"closed","sticky":false,"template":"","format":"standard","meta":{"footnotes":""},"categories":[27390],"tags":[28554,18751,28556,5448,28557,28558,28559,28561,28555,28560],"class_list":["post-84473","post","type-post","status-publish","format-standard","has-post-thumbnail","hentry","category-empresas","tag-compliance-ambiental","tag-delitos-ambientales","tag-directores-empresas","tag-gestion-ambiental","tag-ley-20393","tag-ley-21595","tag-modelo-prevencion","tag-neubau-consultores","tag-responsabilidad-gerencial","tag-riesgo-penal"],"yoast_head":"<!-- This site is optimized with the Yoast SEO plugin v27.5 - https:\/\/yoast.com\/product\/yoast-seo-wordpress\/ -->\n<title>&quot;Compliance Ambiental el 2026: Riesgo y Responsabilidad de los Gerentes y Directores&quot; - Mundoacuicola<\/title>\n<meta name=\"description\" content=\"Tom\u00e1s Nawrath analiza el compliance ambiental 2026 y advierte mayor responsabilidad penal para gerentes y directores ante delitos.\" \/>\n<meta name=\"robots\" content=\"index, follow, max-snippet:-1, max-image-preview:large, max-video-preview:-1\" \/>\n<link rel=\"canonical\" href=\"https:\/\/www.mundoacuicola.cl\/new\/compliance-ambiental-el-2026-riesgo-y-responabilidad-de-los-gerentes-y-directores\/\" \/>\n<meta property=\"og:locale\" content=\"es_ES\" \/>\n<meta property=\"og:type\" content=\"article\" \/>\n<meta property=\"og:title\" content=\"&quot;Compliance Ambiental el 2026: Riesgo y Responsabilidad de los Gerentes y Directores&quot; - Mundoacuicola\" \/>\n<meta property=\"og:description\" content=\"Tom\u00e1s Nawrath analiza el compliance ambiental 2026 y advierte mayor responsabilidad penal para gerentes y directores ante delitos.\" \/>\n<meta property=\"og:url\" content=\"https:\/\/www.mundoacuicola.cl\/new\/compliance-ambiental-el-2026-riesgo-y-responabilidad-de-los-gerentes-y-directores\/\" \/>\n<meta property=\"og:site_name\" content=\"Mundoacuicola\" \/>\n<meta property=\"article:publisher\" content=\"https:\/\/www.facebook.com\/mundo.acuicola\/\" \/>\n<meta property=\"article:published_time\" content=\"2026-01-19T13:23:04+00:00\" \/>\n<meta property=\"article:modified_time\" content=\"2026-01-20T10:51:22+00:00\" \/>\n<meta property=\"og:image\" content=\"https:\/\/www.mundoacuicola.cl\/new\/wp-content\/uploads\/2026\/01\/NaubauConsultores2.jpg\" \/>\n\t<meta property=\"og:image:width\" content=\"1200\" \/>\n\t<meta property=\"og:image:height\" content=\"712\" \/>\n\t<meta property=\"og:image:type\" content=\"image\/jpeg\" \/>\n<meta name=\"author\" content=\"Ricardo Alvarez\" \/>\n<meta name=\"twitter:card\" content=\"summary_large_image\" \/>\n<meta name=\"twitter:creator\" content=\"@mundoacuicola\" \/>\n<meta name=\"twitter:site\" content=\"@mundoacuicola\" \/>\n<meta name=\"twitter:label1\" content=\"Escrito por\" \/>\n\t<meta name=\"twitter:data1\" content=\"Ricardo Alvarez\" \/>\n\t<meta name=\"twitter:label2\" content=\"Tiempo de lectura\" \/>\n\t<meta name=\"twitter:data2\" content=\"2 minutos\" \/>\n<script type=\"application\/ld+json\" class=\"yoast-schema-graph\">{\"@context\":\"https:\\\/\\\/schema.org\",\"@graph\":[{\"@type\":\"Article\",\"@id\":\"https:\\\/\\\/www.mundoacuicola.cl\\\/new\\\/compliance-ambiental-el-2026-riesgo-y-responabilidad-de-los-gerentes-y-directores\\\/#article\",\"isPartOf\":{\"@id\":\"https:\\\/\\\/www.mundoacuicola.cl\\\/new\\\/compliance-ambiental-el-2026-riesgo-y-responabilidad-de-los-gerentes-y-directores\\\/\"},\"author\":{\"name\":\"Ricardo Alvarez\",\"@id\":\"https:\\\/\\\/www.mundoacuicola.cl\\\/new\\\/#\\\/schema\\\/person\\\/52cfe7e461eb2d30484965350ee34bdd\"},\"headline\":\"\u00abCompliance Ambiental el 2026: Riesgo y Responsabilidad de los Gerentes y Directores\u00bb\",\"datePublished\":\"2026-01-19T13:23:04+00:00\",\"dateModified\":\"2026-01-20T10:51:22+00:00\",\"mainEntityOfPage\":{\"@id\":\"https:\\\/\\\/www.mundoacuicola.cl\\\/new\\\/compliance-ambiental-el-2026-riesgo-y-responabilidad-de-los-gerentes-y-directores\\\/\"},\"wordCount\":371,\"publisher\":{\"@id\":\"https:\\\/\\\/www.mundoacuicola.cl\\\/new\\\/#organization\"},\"image\":{\"@id\":\"https:\\\/\\\/www.mundoacuicola.cl\\\/new\\\/compliance-ambiental-el-2026-riesgo-y-responabilidad-de-los-gerentes-y-directores\\\/#primaryimage\"},\"thumbnailUrl\":\"https:\\\/\\\/www.mundoacuicola.cl\\\/new\\\/wp-content\\\/uploads\\\/2026\\\/01\\\/NaubauConsultores2.jpg\",\"keywords\":[\"compliance ambiental\",\"delitos ambientales\",\"directores empresas\",\"Gesti\u00f3n Ambiental\",\"Ley 20393\",\"Ley 21595\",\"modelo prevenci\u00f3n\",\"Neubau Consultores\",\"responsabilidad gerencial\",\"riesgo penal\"],\"articleSection\":[\"Empresas\"],\"inLanguage\":\"es\"},{\"@type\":\"WebPage\",\"@id\":\"https:\\\/\\\/www.mundoacuicola.cl\\\/new\\\/compliance-ambiental-el-2026-riesgo-y-responabilidad-de-los-gerentes-y-directores\\\/\",\"url\":\"https:\\\/\\\/www.mundoacuicola.cl\\\/new\\\/compliance-ambiental-el-2026-riesgo-y-responabilidad-de-los-gerentes-y-directores\\\/\",\"name\":\"\\\"Compliance Ambiental el 2026: Riesgo y Responsabilidad de los Gerentes y Directores\\\" - Mundoacuicola\",\"isPartOf\":{\"@id\":\"https:\\\/\\\/www.mundoacuicola.cl\\\/new\\\/#website\"},\"primaryImageOfPage\":{\"@id\":\"https:\\\/\\\/www.mundoacuicola.cl\\\/new\\\/compliance-ambiental-el-2026-riesgo-y-responabilidad-de-los-gerentes-y-directores\\\/#primaryimage\"},\"image\":{\"@id\":\"https:\\\/\\\/www.mundoacuicola.cl\\\/new\\\/compliance-ambiental-el-2026-riesgo-y-responabilidad-de-los-gerentes-y-directores\\\/#primaryimage\"},\"thumbnailUrl\":\"https:\\\/\\\/www.mundoacuicola.cl\\\/new\\\/wp-content\\\/uploads\\\/2026\\\/01\\\/NaubauConsultores2.jpg\",\"datePublished\":\"2026-01-19T13:23:04+00:00\",\"dateModified\":\"2026-01-20T10:51:22+00:00\",\"description\":\"Tom\u00e1s Nawrath analiza el compliance ambiental 2026 y advierte mayor responsabilidad penal para gerentes y directores ante delitos.\",\"breadcrumb\":{\"@id\":\"https:\\\/\\\/www.mundoacuicola.cl\\\/new\\\/compliance-ambiental-el-2026-riesgo-y-responabilidad-de-los-gerentes-y-directores\\\/#breadcrumb\"},\"inLanguage\":\"es\",\"potentialAction\":[{\"@type\":\"ReadAction\",\"target\":[\"https:\\\/\\\/www.mundoacuicola.cl\\\/new\\\/compliance-ambiental-el-2026-riesgo-y-responabilidad-de-los-gerentes-y-directores\\\/\"]}]},{\"@type\":\"ImageObject\",\"inLanguage\":\"es\",\"@id\":\"https:\\\/\\\/www.mundoacuicola.cl\\\/new\\\/compliance-ambiental-el-2026-riesgo-y-responabilidad-de-los-gerentes-y-directores\\\/#primaryimage\",\"url\":\"https:\\\/\\\/www.mundoacuicola.cl\\\/new\\\/wp-content\\\/uploads\\\/2026\\\/01\\\/NaubauConsultores2.jpg\",\"contentUrl\":\"https:\\\/\\\/www.mundoacuicola.cl\\\/new\\\/wp-content\\\/uploads\\\/2026\\\/01\\\/NaubauConsultores2.jpg\",\"width\":1200,\"height\":712},{\"@type\":\"BreadcrumbList\",\"@id\":\"https:\\\/\\\/www.mundoacuicola.cl\\\/new\\\/compliance-ambiental-el-2026-riesgo-y-responabilidad-de-los-gerentes-y-directores\\\/#breadcrumb\",\"itemListElement\":[{\"@type\":\"ListItem\",\"position\":1,\"name\":\"Portada\",\"item\":\"https:\\\/\\\/www.mundoacuicola.cl\\\/new\\\/\"},{\"@type\":\"ListItem\",\"position\":2,\"name\":\"\u00abCompliance Ambiental el 2026: Riesgo y Responsabilidad de los Gerentes y Directores\u00bb\"}]},{\"@type\":\"WebSite\",\"@id\":\"https:\\\/\\\/www.mundoacuicola.cl\\\/new\\\/#website\",\"url\":\"https:\\\/\\\/www.mundoacuicola.cl\\\/new\\\/\",\"name\":\"Mundoacuicola\",\"description\":\"Revista de Acuicultura.\",\"publisher\":{\"@id\":\"https:\\\/\\\/www.mundoacuicola.cl\\\/new\\\/#organization\"},\"potentialAction\":[{\"@type\":\"SearchAction\",\"target\":{\"@type\":\"EntryPoint\",\"urlTemplate\":\"https:\\\/\\\/www.mundoacuicola.cl\\\/new\\\/?s={search_term_string}\"},\"query-input\":{\"@type\":\"PropertyValueSpecification\",\"valueRequired\":true,\"valueName\":\"search_term_string\"}}],\"inLanguage\":\"es\"},{\"@type\":\"Organization\",\"@id\":\"https:\\\/\\\/www.mundoacuicola.cl\\\/new\\\/#organization\",\"name\":\"Mundoacuicola\",\"url\":\"https:\\\/\\\/www.mundoacuicola.cl\\\/new\\\/\",\"logo\":{\"@type\":\"ImageObject\",\"inLanguage\":\"es\",\"@id\":\"https:\\\/\\\/www.mundoacuicola.cl\\\/new\\\/#\\\/schema\\\/logo\\\/image\\\/\",\"url\":\"https:\\\/\\\/www.mundoacuicola.cl\\\/new\\\/wp-content\\\/uploads\\\/2026\\\/01\\\/cropped-LOGO-Mundo-Acuicola-2026.png\",\"contentUrl\":\"https:\\\/\\\/www.mundoacuicola.cl\\\/new\\\/wp-content\\\/uploads\\\/2026\\\/01\\\/cropped-LOGO-Mundo-Acuicola-2026.png\",\"width\":1252,\"height\":296,\"caption\":\"Mundoacuicola\"},\"image\":{\"@id\":\"https:\\\/\\\/www.mundoacuicola.cl\\\/new\\\/#\\\/schema\\\/logo\\\/image\\\/\"},\"sameAs\":[\"https:\\\/\\\/www.facebook.com\\\/mundo.acuicola\\\/\",\"https:\\\/\\\/x.com\\\/mundoacuicola\",\"https:\\\/\\\/www.linkedin.com\\\/in\\\/mundo-acuicola\"]},{\"@type\":\"Person\",\"@id\":\"https:\\\/\\\/www.mundoacuicola.cl\\\/new\\\/#\\\/schema\\\/person\\\/52cfe7e461eb2d30484965350ee34bdd\",\"name\":\"Ricardo Alvarez\",\"url\":\"https:\\\/\\\/www.mundoacuicola.cl\\\/new\\\/author\\\/ricardo\\\/\"}]}<\/script>\n<!-- \/ Yoast SEO plugin. -->","yoast_head_json":{"title":"\"Compliance Ambiental el 2026: Riesgo y Responsabilidad de los Gerentes y Directores\" - Mundoacuicola","description":"Tom\u00e1s Nawrath analiza el compliance ambiental 2026 y advierte mayor responsabilidad penal para gerentes y directores ante delitos.","robots":{"index":"index","follow":"follow","max-snippet":"max-snippet:-1","max-image-preview":"max-image-preview:large","max-video-preview":"max-video-preview:-1"},"canonical":"https:\/\/www.mundoacuicola.cl\/new\/compliance-ambiental-el-2026-riesgo-y-responabilidad-de-los-gerentes-y-directores\/","og_locale":"es_ES","og_type":"article","og_title":"\"Compliance Ambiental el 2026: Riesgo y Responsabilidad de los Gerentes y Directores\" - Mundoacuicola","og_description":"Tom\u00e1s Nawrath analiza el compliance ambiental 2026 y advierte mayor responsabilidad penal para gerentes y directores ante delitos.","og_url":"https:\/\/www.mundoacuicola.cl\/new\/compliance-ambiental-el-2026-riesgo-y-responabilidad-de-los-gerentes-y-directores\/","og_site_name":"Mundoacuicola","article_publisher":"https:\/\/www.facebook.com\/mundo.acuicola\/","article_published_time":"2026-01-19T13:23:04+00:00","article_modified_time":"2026-01-20T10:51:22+00:00","og_image":[{"width":1200,"height":712,"url":"https:\/\/www.mundoacuicola.cl\/new\/wp-content\/uploads\/2026\/01\/NaubauConsultores2.jpg","type":"image\/jpeg"}],"author":"Ricardo Alvarez","twitter_card":"summary_large_image","twitter_creator":"@mundoacuicola","twitter_site":"@mundoacuicola","twitter_misc":{"Escrito por":"Ricardo Alvarez","Tiempo de lectura":"2 minutos"},"schema":{"@context":"https:\/\/schema.org","@graph":[{"@type":"Article","@id":"https:\/\/www.mundoacuicola.cl\/new\/compliance-ambiental-el-2026-riesgo-y-responabilidad-de-los-gerentes-y-directores\/#article","isPartOf":{"@id":"https:\/\/www.mundoacuicola.cl\/new\/compliance-ambiental-el-2026-riesgo-y-responabilidad-de-los-gerentes-y-directores\/"},"author":{"name":"Ricardo Alvarez","@id":"https:\/\/www.mundoacuicola.cl\/new\/#\/schema\/person\/52cfe7e461eb2d30484965350ee34bdd"},"headline":"\u00abCompliance Ambiental el 2026: Riesgo y Responsabilidad de los Gerentes y Directores\u00bb","datePublished":"2026-01-19T13:23:04+00:00","dateModified":"2026-01-20T10:51:22+00:00","mainEntityOfPage":{"@id":"https:\/\/www.mundoacuicola.cl\/new\/compliance-ambiental-el-2026-riesgo-y-responabilidad-de-los-gerentes-y-directores\/"},"wordCount":371,"publisher":{"@id":"https:\/\/www.mundoacuicola.cl\/new\/#organization"},"image":{"@id":"https:\/\/www.mundoacuicola.cl\/new\/compliance-ambiental-el-2026-riesgo-y-responabilidad-de-los-gerentes-y-directores\/#primaryimage"},"thumbnailUrl":"https:\/\/www.mundoacuicola.cl\/new\/wp-content\/uploads\/2026\/01\/NaubauConsultores2.jpg","keywords":["compliance ambiental","delitos ambientales","directores empresas","Gesti\u00f3n Ambiental","Ley 20393","Ley 21595","modelo prevenci\u00f3n","Neubau Consultores","responsabilidad gerencial","riesgo penal"],"articleSection":["Empresas"],"inLanguage":"es"},{"@type":"WebPage","@id":"https:\/\/www.mundoacuicola.cl\/new\/compliance-ambiental-el-2026-riesgo-y-responabilidad-de-los-gerentes-y-directores\/","url":"https:\/\/www.mundoacuicola.cl\/new\/compliance-ambiental-el-2026-riesgo-y-responabilidad-de-los-gerentes-y-directores\/","name":"\"Compliance Ambiental el 2026: Riesgo y Responsabilidad de los Gerentes y Directores\" - Mundoacuicola","isPartOf":{"@id":"https:\/\/www.mundoacuicola.cl\/new\/#website"},"primaryImageOfPage":{"@id":"https:\/\/www.mundoacuicola.cl\/new\/compliance-ambiental-el-2026-riesgo-y-responabilidad-de-los-gerentes-y-directores\/#primaryimage"},"image":{"@id":"https:\/\/www.mundoacuicola.cl\/new\/compliance-ambiental-el-2026-riesgo-y-responabilidad-de-los-gerentes-y-directores\/#primaryimage"},"thumbnailUrl":"https:\/\/www.mundoacuicola.cl\/new\/wp-content\/uploads\/2026\/01\/NaubauConsultores2.jpg","datePublished":"2026-01-19T13:23:04+00:00","dateModified":"2026-01-20T10:51:22+00:00","description":"Tom\u00e1s Nawrath analiza el compliance ambiental 2026 y advierte mayor responsabilidad penal para gerentes y directores ante delitos.","breadcrumb":{"@id":"https:\/\/www.mundoacuicola.cl\/new\/compliance-ambiental-el-2026-riesgo-y-responabilidad-de-los-gerentes-y-directores\/#breadcrumb"},"inLanguage":"es","potentialAction":[{"@type":"ReadAction","target":["https:\/\/www.mundoacuicola.cl\/new\/compliance-ambiental-el-2026-riesgo-y-responabilidad-de-los-gerentes-y-directores\/"]}]},{"@type":"ImageObject","inLanguage":"es","@id":"https:\/\/www.mundoacuicola.cl\/new\/compliance-ambiental-el-2026-riesgo-y-responabilidad-de-los-gerentes-y-directores\/#primaryimage","url":"https:\/\/www.mundoacuicola.cl\/new\/wp-content\/uploads\/2026\/01\/NaubauConsultores2.jpg","contentUrl":"https:\/\/www.mundoacuicola.cl\/new\/wp-content\/uploads\/2026\/01\/NaubauConsultores2.jpg","width":1200,"height":712},{"@type":"BreadcrumbList","@id":"https:\/\/www.mundoacuicola.cl\/new\/compliance-ambiental-el-2026-riesgo-y-responabilidad-de-los-gerentes-y-directores\/#breadcrumb","itemListElement":[{"@type":"ListItem","position":1,"name":"Portada","item":"https:\/\/www.mundoacuicola.cl\/new\/"},{"@type":"ListItem","position":2,"name":"\u00abCompliance Ambiental el 2026: Riesgo y Responsabilidad de los Gerentes y Directores\u00bb"}]},{"@type":"WebSite","@id":"https:\/\/www.mundoacuicola.cl\/new\/#website","url":"https:\/\/www.mundoacuicola.cl\/new\/","name":"Mundoacuicola","description":"Revista de Acuicultura.","publisher":{"@id":"https:\/\/www.mundoacuicola.cl\/new\/#organization"},"potentialAction":[{"@type":"SearchAction","target":{"@type":"EntryPoint","urlTemplate":"https:\/\/www.mundoacuicola.cl\/new\/?s={search_term_string}"},"query-input":{"@type":"PropertyValueSpecification","valueRequired":true,"valueName":"search_term_string"}}],"inLanguage":"es"},{"@type":"Organization","@id":"https:\/\/www.mundoacuicola.cl\/new\/#organization","name":"Mundoacuicola","url":"https:\/\/www.mundoacuicola.cl\/new\/","logo":{"@type":"ImageObject","inLanguage":"es","@id":"https:\/\/www.mundoacuicola.cl\/new\/#\/schema\/logo\/image\/","url":"https:\/\/www.mundoacuicola.cl\/new\/wp-content\/uploads\/2026\/01\/cropped-LOGO-Mundo-Acuicola-2026.png","contentUrl":"https:\/\/www.mundoacuicola.cl\/new\/wp-content\/uploads\/2026\/01\/cropped-LOGO-Mundo-Acuicola-2026.png","width":1252,"height":296,"caption":"Mundoacuicola"},"image":{"@id":"https:\/\/www.mundoacuicola.cl\/new\/#\/schema\/logo\/image\/"},"sameAs":["https:\/\/www.facebook.com\/mundo.acuicola\/","https:\/\/x.com\/mundoacuicola","https:\/\/www.linkedin.com\/in\/mundo-acuicola"]},{"@type":"Person","@id":"https:\/\/www.mundoacuicola.cl\/new\/#\/schema\/person\/52cfe7e461eb2d30484965350ee34bdd","name":"Ricardo Alvarez","url":"https:\/\/www.mundoacuicola.cl\/new\/author\/ricardo\/"}]}},"_links":{"self":[{"href":"https:\/\/www.mundoacuicola.cl\/new\/wp-json\/wp\/v2\/posts\/84473","targetHints":{"allow":["GET"]}}],"collection":[{"href":"https:\/\/www.mundoacuicola.cl\/new\/wp-json\/wp\/v2\/posts"}],"about":[{"href":"https:\/\/www.mundoacuicola.cl\/new\/wp-json\/wp\/v2\/types\/post"}],"author":[{"embeddable":true,"href":"https:\/\/www.mundoacuicola.cl\/new\/wp-json\/wp\/v2\/users\/8"}],"replies":[{"embeddable":true,"href":"https:\/\/www.mundoacuicola.cl\/new\/wp-json\/wp\/v2\/comments?post=84473"}],"version-history":[{"count":0,"href":"https:\/\/www.mundoacuicola.cl\/new\/wp-json\/wp\/v2\/posts\/84473\/revisions"}],"wp:featuredmedia":[{"embeddable":true,"href":"https:\/\/www.mundoacuicola.cl\/new\/wp-json\/wp\/v2\/media\/84475"}],"wp:attachment":[{"href":"https:\/\/www.mundoacuicola.cl\/new\/wp-json\/wp\/v2\/media?parent=84473"}],"wp:term":[{"taxonomy":"category","embeddable":true,"href":"https:\/\/www.mundoacuicola.cl\/new\/wp-json\/wp\/v2\/categories?post=84473"},{"taxonomy":"post_tag","embeddable":true,"href":"https:\/\/www.mundoacuicola.cl\/new\/wp-json\/wp\/v2\/tags?post=84473"}],"curies":[{"name":"wp","href":"https:\/\/api.w.org\/{rel}","templated":true}]}}