{"id":84648,"date":"2026-01-22T11:42:32","date_gmt":"2026-01-22T15:42:32","guid":{"rendered":"https:\/\/www.mundoacuicola.cl\/new\/?p=84648"},"modified":"2026-01-23T12:06:32","modified_gmt":"2026-01-23T16:06:32","slug":"revisan-reclamacion-por-centro-de-cultivo-de-salmones-austral-en-contao","status":"publish","type":"post","link":"https:\/\/www.mundoacuicola.cl\/new\/revisan-reclamacion-por-centro-de-cultivo-de-salmones-austral-en-contao\/","title":{"rendered":"Revisan reclamaci\u00f3n por centro de cultivo de Salmones Austral en Contao"},"content":{"rendered":"<p data-start=\"438\" data-end=\"946\">La Agrupaci\u00f3n Eco Voluntarios de Hualaihu\u00e9, junto a otros reclamantes, interpuso una <strong>reclamaci\u00f3n de ilegalidad en contra de la Superintendencia del Medio Ambiente (SMA)<\/strong>, luego de que este organismo resolviera <strong>archivar una serie de denuncias<\/strong> presentadas en contra del \u201cCentro de Cultivo de Salm\u00f3nidos Contao\u201d, cuyo titular es <strong>Salmones Austral<\/strong> S.A. Las denuncias estaban asociadas a una eventual <strong>afectaci\u00f3n del humedal<\/strong> ubicado en la desembocadura del r\u00edo Contao, en la comuna de Hualaihu\u00e9, Regi\u00f3n de Los Lagos.<\/p>\n<p data-start=\"948\" data-end=\"1369\">La acci\u00f3n judicial fue conocida en audiencia el pasado 20 de enero, instancia en la que la reclamante solicit\u00f3 al Tribunal dejar sin efecto la resoluci\u00f3n de la SMA por estimarla contraria a Derecho. En concreto, pidi\u00f3 que se ordene a la autoridad ambiental dictar una Medida Urgente y Transitoria, as\u00ed como tambi\u00e9n iniciar un procedimiento administrativo sancionador en contra de la empresa titular del centro de cultivo.<\/p>\n<h3 data-start=\"948\" data-end=\"1369\"><strong>Acusan impactos ambientales no contemplados<\/strong><\/h3>\n<p data-start=\"1371\" data-end=\"1872\">Durante la audiencia, la reclamante sostuvo que la operaci\u00f3n del centro de cultivo estar\u00eda generando <strong>efectos no previstos en la Resoluci\u00f3n de Calificaci\u00f3n Ambiental (RCA)<\/strong> otorgada al proyecto en el a\u00f1o 2009. Entre estos efectos, mencion\u00f3 el arrastre de sedimentos, de alimento no consumido y de fecas propias de la actividad salmonicultora, los cuales, a su juicio, estar\u00edan afectando al humedal ubicado en la desembocadura del r\u00edo Contao, emplazado a aproximadamente 200 metros del centro de cultivo.<\/p>\n<p data-start=\"1874\" data-end=\"2275\">Asimismo, la reclamante plante\u00f3 que entre la aprobaci\u00f3n ambiental del proyecto y el inicio efectivo de sus operaciones transcurrieron 13 a\u00f1os, periodo durante el cual \u2014seg\u00fan argument\u00f3\u2014 se habr\u00edan producido cambios relevantes en la sensibilidad ambiental del entorno, los que no habr\u00edan sido considerados por la empresa ni por la autoridad al momento de evaluar los eventuales impactos de la actividad.<\/p>\n<p data-start=\"2277\" data-end=\"2586\">Otro de los puntos centrales expuestos por la reclamante fue que la resoluci\u00f3n mediante la cual la SMA archiv\u00f3 las denuncias no se habr\u00eda pronunciado sobre la solicitud de dictar una Medida Urgente y Transitoria, lo que, a su juicio, constituir\u00eda una omisi\u00f3n relevante en el actuar del organismo fiscalizador.<\/p>\n<h3 data-start=\"2277\" data-end=\"2586\"><strong>SMA descart\u00f3 impactos no previstos<\/strong><\/h3>\n<p data-start=\"2588\" data-end=\"2928\">Por su parte, <strong>la Superintendencia del Medio Ambiente solicit\u00f3 al Tribunal rechazar la reclamaci\u00f3n en todas sus partes<\/strong>. La SMA sostuvo que tanto las fiscalizaciones realizadas como las consultas efectuadas a los \u00f3rganos sectoriales competentes permitieron descartar, de manera fundada, la existencia de incumplimientos a la RCA del proyecto.<\/p>\n<p data-start=\"2930\" data-end=\"3499\">La autoridad ambiental explic\u00f3 que el informe de fiscalizaci\u00f3n abord\u00f3 espec\u00edficamente el aporte de material org\u00e1nico al sustrato marino del humedal Contao, se\u00f1alando que dicho aporte habr\u00eda sido considerado durante la evaluaci\u00f3n ambiental del proyecto y que los efectos asociados fueron reportados por el titular. En ese contexto, la SMA reconoci\u00f3 que existe una influencia del centro de cultivo sobre el humedal, pero sostuvo que dicha influencia ya estaba contemplada dentro del proceso de evaluaci\u00f3n ambiental, descartando as\u00ed la existencia de impactos no previstos.<\/p>\n<p data-start=\"3501\" data-end=\"3932\">En relaci\u00f3n con la Medida Urgente y Transitoria solicitada por la reclamante, la SMA indic\u00f3 que su dictaci\u00f3n requiere la concurrencia de ciertos supuestos b\u00e1sicos, tales como la existencia de un incumplimiento a la RCA o la constataci\u00f3n de impactos ambientales no previstos. Seg\u00fan se\u00f1al\u00f3, ninguno de estos supuestos se configurar\u00eda en el caso del Centro de Cultivo Contao, raz\u00f3n por la cual no proced\u00eda la adopci\u00f3n de dicha medida.<\/p>\n","protected":false},"excerpt":{"rendered":"<p>El Tribunal Ambiental analiz\u00f3 una reclamaci\u00f3n que busca revertir el archivo de denuncias de la SMA contra el centro de cultivo Contao, operado por Salmones Austral.<\/p>\n","protected":false},"author":10,"featured_media":84651,"comment_status":"closed","ping_status":"closed","sticky":false,"template":"","format":"standard","meta":{"footnotes":""},"categories":[60],"tags":[1261,143,28662,122,2907,184,2273,721,197],"class_list":["post-84648","post","type-post","status-publish","format-standard","has-post-thumbnail","hentry","category-salmonicultura","tag-acuicola","tag-acuicultura","tag-agrupacion-eco-voluntarios-de-hualaihue","tag-industria-acuicola","tag-industria-salmonera","tag-salmon","tag-salmon-chileno","tag-salmones-austral","tag-salmonicultura"],"yoast_head":"<!-- This site is optimized with the Yoast SEO plugin v27.5 - https:\/\/yoast.com\/product\/yoast-seo-wordpress\/ -->\n<title>Revisan reclamaci\u00f3n por centro de cultivo de Salmones Austral en Contao - Mundoacuicola<\/title>\n<meta name=\"description\" content=\"El Tribunal Ambiental analiz\u00f3 una reclamaci\u00f3n que busca revertir el archivo de denuncias de la SMA contra el centro de cultivo Contao.\" \/>\n<meta name=\"robots\" content=\"index, follow, max-snippet:-1, max-image-preview:large, max-video-preview:-1\" \/>\n<link rel=\"canonical\" href=\"https:\/\/www.mundoacuicola.cl\/new\/revisan-reclamacion-por-centro-de-cultivo-de-salmones-austral-en-contao\/\" \/>\n<meta property=\"og:locale\" content=\"es_ES\" \/>\n<meta property=\"og:type\" content=\"article\" \/>\n<meta property=\"og:title\" content=\"Revisan reclamaci\u00f3n por centro de cultivo de Salmones Austral en Contao - Mundoacuicola\" \/>\n<meta property=\"og:description\" content=\"El Tribunal Ambiental analiz\u00f3 una reclamaci\u00f3n que busca revertir el archivo de denuncias de la SMA contra el centro de cultivo Contao.\" \/>\n<meta property=\"og:url\" content=\"https:\/\/www.mundoacuicola.cl\/new\/revisan-reclamacion-por-centro-de-cultivo-de-salmones-austral-en-contao\/\" \/>\n<meta property=\"og:site_name\" content=\"Mundoacuicola\" \/>\n<meta property=\"article:publisher\" content=\"https:\/\/www.facebook.com\/mundo.acuicola\/\" \/>\n<meta property=\"article:published_time\" content=\"2026-01-22T15:42:32+00:00\" \/>\n<meta property=\"article:modified_time\" content=\"2026-01-23T16:06:32+00:00\" \/>\n<meta property=\"og:image\" content=\"https:\/\/www.mundoacuicola.cl\/new\/wp-content\/uploads\/2026\/01\/SalmonesAustralSMA.jpg\" \/>\n\t<meta property=\"og:image:width\" content=\"1200\" \/>\n\t<meta property=\"og:image:height\" content=\"700\" \/>\n\t<meta property=\"og:image:type\" content=\"image\/jpeg\" \/>\n<meta name=\"author\" content=\"mbarrueto\" \/>\n<meta name=\"twitter:card\" content=\"summary_large_image\" \/>\n<meta name=\"twitter:creator\" content=\"@mundoacuicola\" \/>\n<meta name=\"twitter:site\" content=\"@mundoacuicola\" \/>\n<meta name=\"twitter:label1\" content=\"Escrito por\" \/>\n\t<meta name=\"twitter:data1\" content=\"mbarrueto\" \/>\n\t<meta name=\"twitter:label2\" content=\"Tiempo de lectura\" \/>\n\t<meta name=\"twitter:data2\" content=\"3 minutos\" \/>\n<script type=\"application\/ld+json\" class=\"yoast-schema-graph\">{\"@context\":\"https:\\\/\\\/schema.org\",\"@graph\":[{\"@type\":\"Article\",\"@id\":\"https:\\\/\\\/www.mundoacuicola.cl\\\/new\\\/revisan-reclamacion-por-centro-de-cultivo-de-salmones-austral-en-contao\\\/#article\",\"isPartOf\":{\"@id\":\"https:\\\/\\\/www.mundoacuicola.cl\\\/new\\\/revisan-reclamacion-por-centro-de-cultivo-de-salmones-austral-en-contao\\\/\"},\"author\":{\"name\":\"mbarrueto\",\"@id\":\"https:\\\/\\\/www.mundoacuicola.cl\\\/new\\\/#\\\/schema\\\/person\\\/c00ffe389abb88bd9254653add139315\"},\"headline\":\"Revisan reclamaci\u00f3n por centro de cultivo de Salmones Austral en Contao\",\"datePublished\":\"2026-01-22T15:42:32+00:00\",\"dateModified\":\"2026-01-23T16:06:32+00:00\",\"mainEntityOfPage\":{\"@id\":\"https:\\\/\\\/www.mundoacuicola.cl\\\/new\\\/revisan-reclamacion-por-centro-de-cultivo-de-salmones-austral-en-contao\\\/\"},\"wordCount\":598,\"publisher\":{\"@id\":\"https:\\\/\\\/www.mundoacuicola.cl\\\/new\\\/#organization\"},\"image\":{\"@id\":\"https:\\\/\\\/www.mundoacuicola.cl\\\/new\\\/revisan-reclamacion-por-centro-de-cultivo-de-salmones-austral-en-contao\\\/#primaryimage\"},\"thumbnailUrl\":\"https:\\\/\\\/www.mundoacuicola.cl\\\/new\\\/wp-content\\\/uploads\\\/2026\\\/01\\\/SalmonesAustralSMA.jpg\",\"keywords\":[\"Acu\u00edcola\",\"Acuicultura\",\"Agrupaci\u00f3n Eco Voluntarios de Hualaihu\u00e9\",\"Industria Acu\u00edcola\",\"Industria salmonera\",\"Salm\u00f3n\",\"Salm\u00f3n chileno\",\"Salmones Austral\",\"salmonicultura\"],\"articleSection\":[\"Salmonicultura\"],\"inLanguage\":\"es\"},{\"@type\":\"WebPage\",\"@id\":\"https:\\\/\\\/www.mundoacuicola.cl\\\/new\\\/revisan-reclamacion-por-centro-de-cultivo-de-salmones-austral-en-contao\\\/\",\"url\":\"https:\\\/\\\/www.mundoacuicola.cl\\\/new\\\/revisan-reclamacion-por-centro-de-cultivo-de-salmones-austral-en-contao\\\/\",\"name\":\"Revisan reclamaci\u00f3n por centro de cultivo de Salmones Austral en Contao - Mundoacuicola\",\"isPartOf\":{\"@id\":\"https:\\\/\\\/www.mundoacuicola.cl\\\/new\\\/#website\"},\"primaryImageOfPage\":{\"@id\":\"https:\\\/\\\/www.mundoacuicola.cl\\\/new\\\/revisan-reclamacion-por-centro-de-cultivo-de-salmones-austral-en-contao\\\/#primaryimage\"},\"image\":{\"@id\":\"https:\\\/\\\/www.mundoacuicola.cl\\\/new\\\/revisan-reclamacion-por-centro-de-cultivo-de-salmones-austral-en-contao\\\/#primaryimage\"},\"thumbnailUrl\":\"https:\\\/\\\/www.mundoacuicola.cl\\\/new\\\/wp-content\\\/uploads\\\/2026\\\/01\\\/SalmonesAustralSMA.jpg\",\"datePublished\":\"2026-01-22T15:42:32+00:00\",\"dateModified\":\"2026-01-23T16:06:32+00:00\",\"description\":\"El Tribunal Ambiental analiz\u00f3 una reclamaci\u00f3n que busca revertir el archivo de denuncias de la SMA contra el centro de cultivo Contao.\",\"breadcrumb\":{\"@id\":\"https:\\\/\\\/www.mundoacuicola.cl\\\/new\\\/revisan-reclamacion-por-centro-de-cultivo-de-salmones-austral-en-contao\\\/#breadcrumb\"},\"inLanguage\":\"es\",\"potentialAction\":[{\"@type\":\"ReadAction\",\"target\":[\"https:\\\/\\\/www.mundoacuicola.cl\\\/new\\\/revisan-reclamacion-por-centro-de-cultivo-de-salmones-austral-en-contao\\\/\"]}]},{\"@type\":\"ImageObject\",\"inLanguage\":\"es\",\"@id\":\"https:\\\/\\\/www.mundoacuicola.cl\\\/new\\\/revisan-reclamacion-por-centro-de-cultivo-de-salmones-austral-en-contao\\\/#primaryimage\",\"url\":\"https:\\\/\\\/www.mundoacuicola.cl\\\/new\\\/wp-content\\\/uploads\\\/2026\\\/01\\\/SalmonesAustralSMA.jpg\",\"contentUrl\":\"https:\\\/\\\/www.mundoacuicola.cl\\\/new\\\/wp-content\\\/uploads\\\/2026\\\/01\\\/SalmonesAustralSMA.jpg\",\"width\":1200,\"height\":700},{\"@type\":\"BreadcrumbList\",\"@id\":\"https:\\\/\\\/www.mundoacuicola.cl\\\/new\\\/revisan-reclamacion-por-centro-de-cultivo-de-salmones-austral-en-contao\\\/#breadcrumb\",\"itemListElement\":[{\"@type\":\"ListItem\",\"position\":1,\"name\":\"Portada\",\"item\":\"https:\\\/\\\/www.mundoacuicola.cl\\\/new\\\/\"},{\"@type\":\"ListItem\",\"position\":2,\"name\":\"Revisan reclamaci\u00f3n por centro de cultivo de Salmones Austral en Contao\"}]},{\"@type\":\"WebSite\",\"@id\":\"https:\\\/\\\/www.mundoacuicola.cl\\\/new\\\/#website\",\"url\":\"https:\\\/\\\/www.mundoacuicola.cl\\\/new\\\/\",\"name\":\"Mundoacuicola\",\"description\":\"Revista de Acuicultura.\",\"publisher\":{\"@id\":\"https:\\\/\\\/www.mundoacuicola.cl\\\/new\\\/#organization\"},\"potentialAction\":[{\"@type\":\"SearchAction\",\"target\":{\"@type\":\"EntryPoint\",\"urlTemplate\":\"https:\\\/\\\/www.mundoacuicola.cl\\\/new\\\/?s={search_term_string}\"},\"query-input\":{\"@type\":\"PropertyValueSpecification\",\"valueRequired\":true,\"valueName\":\"search_term_string\"}}],\"inLanguage\":\"es\"},{\"@type\":\"Organization\",\"@id\":\"https:\\\/\\\/www.mundoacuicola.cl\\\/new\\\/#organization\",\"name\":\"Mundoacuicola\",\"url\":\"https:\\\/\\\/www.mundoacuicola.cl\\\/new\\\/\",\"logo\":{\"@type\":\"ImageObject\",\"inLanguage\":\"es\",\"@id\":\"https:\\\/\\\/www.mundoacuicola.cl\\\/new\\\/#\\\/schema\\\/logo\\\/image\\\/\",\"url\":\"https:\\\/\\\/www.mundoacuicola.cl\\\/new\\\/wp-content\\\/uploads\\\/2026\\\/01\\\/cropped-LOGO-Mundo-Acuicola-2026.png\",\"contentUrl\":\"https:\\\/\\\/www.mundoacuicola.cl\\\/new\\\/wp-content\\\/uploads\\\/2026\\\/01\\\/cropped-LOGO-Mundo-Acuicola-2026.png\",\"width\":1252,\"height\":296,\"caption\":\"Mundoacuicola\"},\"image\":{\"@id\":\"https:\\\/\\\/www.mundoacuicola.cl\\\/new\\\/#\\\/schema\\\/logo\\\/image\\\/\"},\"sameAs\":[\"https:\\\/\\\/www.facebook.com\\\/mundo.acuicola\\\/\",\"https:\\\/\\\/x.com\\\/mundoacuicola\",\"https:\\\/\\\/www.linkedin.com\\\/in\\\/mundo-acuicola\"]},{\"@type\":\"Person\",\"@id\":\"https:\\\/\\\/www.mundoacuicola.cl\\\/new\\\/#\\\/schema\\\/person\\\/c00ffe389abb88bd9254653add139315\",\"name\":\"mbarrueto\",\"url\":\"https:\\\/\\\/www.mundoacuicola.cl\\\/new\\\/author\\\/mbarrueto\\\/\"}]}<\/script>\n<!-- \/ Yoast SEO plugin. -->","yoast_head_json":{"title":"Revisan reclamaci\u00f3n por centro de cultivo de Salmones Austral en Contao - Mundoacuicola","description":"El Tribunal Ambiental analiz\u00f3 una reclamaci\u00f3n que busca revertir el archivo de denuncias de la SMA contra el centro de cultivo Contao.","robots":{"index":"index","follow":"follow","max-snippet":"max-snippet:-1","max-image-preview":"max-image-preview:large","max-video-preview":"max-video-preview:-1"},"canonical":"https:\/\/www.mundoacuicola.cl\/new\/revisan-reclamacion-por-centro-de-cultivo-de-salmones-austral-en-contao\/","og_locale":"es_ES","og_type":"article","og_title":"Revisan reclamaci\u00f3n por centro de cultivo de Salmones Austral en Contao - Mundoacuicola","og_description":"El Tribunal Ambiental analiz\u00f3 una reclamaci\u00f3n que busca revertir el archivo de denuncias de la SMA contra el centro de cultivo Contao.","og_url":"https:\/\/www.mundoacuicola.cl\/new\/revisan-reclamacion-por-centro-de-cultivo-de-salmones-austral-en-contao\/","og_site_name":"Mundoacuicola","article_publisher":"https:\/\/www.facebook.com\/mundo.acuicola\/","article_published_time":"2026-01-22T15:42:32+00:00","article_modified_time":"2026-01-23T16:06:32+00:00","og_image":[{"width":1200,"height":700,"url":"https:\/\/www.mundoacuicola.cl\/new\/wp-content\/uploads\/2026\/01\/SalmonesAustralSMA.jpg","type":"image\/jpeg"}],"author":"mbarrueto","twitter_card":"summary_large_image","twitter_creator":"@mundoacuicola","twitter_site":"@mundoacuicola","twitter_misc":{"Escrito por":"mbarrueto","Tiempo de lectura":"3 minutos"},"schema":{"@context":"https:\/\/schema.org","@graph":[{"@type":"Article","@id":"https:\/\/www.mundoacuicola.cl\/new\/revisan-reclamacion-por-centro-de-cultivo-de-salmones-austral-en-contao\/#article","isPartOf":{"@id":"https:\/\/www.mundoacuicola.cl\/new\/revisan-reclamacion-por-centro-de-cultivo-de-salmones-austral-en-contao\/"},"author":{"name":"mbarrueto","@id":"https:\/\/www.mundoacuicola.cl\/new\/#\/schema\/person\/c00ffe389abb88bd9254653add139315"},"headline":"Revisan reclamaci\u00f3n por centro de cultivo de Salmones Austral en Contao","datePublished":"2026-01-22T15:42:32+00:00","dateModified":"2026-01-23T16:06:32+00:00","mainEntityOfPage":{"@id":"https:\/\/www.mundoacuicola.cl\/new\/revisan-reclamacion-por-centro-de-cultivo-de-salmones-austral-en-contao\/"},"wordCount":598,"publisher":{"@id":"https:\/\/www.mundoacuicola.cl\/new\/#organization"},"image":{"@id":"https:\/\/www.mundoacuicola.cl\/new\/revisan-reclamacion-por-centro-de-cultivo-de-salmones-austral-en-contao\/#primaryimage"},"thumbnailUrl":"https:\/\/www.mundoacuicola.cl\/new\/wp-content\/uploads\/2026\/01\/SalmonesAustralSMA.jpg","keywords":["Acu\u00edcola","Acuicultura","Agrupaci\u00f3n Eco Voluntarios de Hualaihu\u00e9","Industria Acu\u00edcola","Industria salmonera","Salm\u00f3n","Salm\u00f3n chileno","Salmones Austral","salmonicultura"],"articleSection":["Salmonicultura"],"inLanguage":"es"},{"@type":"WebPage","@id":"https:\/\/www.mundoacuicola.cl\/new\/revisan-reclamacion-por-centro-de-cultivo-de-salmones-austral-en-contao\/","url":"https:\/\/www.mundoacuicola.cl\/new\/revisan-reclamacion-por-centro-de-cultivo-de-salmones-austral-en-contao\/","name":"Revisan reclamaci\u00f3n por centro de cultivo de Salmones Austral en Contao - Mundoacuicola","isPartOf":{"@id":"https:\/\/www.mundoacuicola.cl\/new\/#website"},"primaryImageOfPage":{"@id":"https:\/\/www.mundoacuicola.cl\/new\/revisan-reclamacion-por-centro-de-cultivo-de-salmones-austral-en-contao\/#primaryimage"},"image":{"@id":"https:\/\/www.mundoacuicola.cl\/new\/revisan-reclamacion-por-centro-de-cultivo-de-salmones-austral-en-contao\/#primaryimage"},"thumbnailUrl":"https:\/\/www.mundoacuicola.cl\/new\/wp-content\/uploads\/2026\/01\/SalmonesAustralSMA.jpg","datePublished":"2026-01-22T15:42:32+00:00","dateModified":"2026-01-23T16:06:32+00:00","description":"El Tribunal Ambiental analiz\u00f3 una reclamaci\u00f3n que busca revertir el archivo de denuncias de la SMA contra el centro de cultivo Contao.","breadcrumb":{"@id":"https:\/\/www.mundoacuicola.cl\/new\/revisan-reclamacion-por-centro-de-cultivo-de-salmones-austral-en-contao\/#breadcrumb"},"inLanguage":"es","potentialAction":[{"@type":"ReadAction","target":["https:\/\/www.mundoacuicola.cl\/new\/revisan-reclamacion-por-centro-de-cultivo-de-salmones-austral-en-contao\/"]}]},{"@type":"ImageObject","inLanguage":"es","@id":"https:\/\/www.mundoacuicola.cl\/new\/revisan-reclamacion-por-centro-de-cultivo-de-salmones-austral-en-contao\/#primaryimage","url":"https:\/\/www.mundoacuicola.cl\/new\/wp-content\/uploads\/2026\/01\/SalmonesAustralSMA.jpg","contentUrl":"https:\/\/www.mundoacuicola.cl\/new\/wp-content\/uploads\/2026\/01\/SalmonesAustralSMA.jpg","width":1200,"height":700},{"@type":"BreadcrumbList","@id":"https:\/\/www.mundoacuicola.cl\/new\/revisan-reclamacion-por-centro-de-cultivo-de-salmones-austral-en-contao\/#breadcrumb","itemListElement":[{"@type":"ListItem","position":1,"name":"Portada","item":"https:\/\/www.mundoacuicola.cl\/new\/"},{"@type":"ListItem","position":2,"name":"Revisan reclamaci\u00f3n por centro de cultivo de Salmones Austral en Contao"}]},{"@type":"WebSite","@id":"https:\/\/www.mundoacuicola.cl\/new\/#website","url":"https:\/\/www.mundoacuicola.cl\/new\/","name":"Mundoacuicola","description":"Revista de Acuicultura.","publisher":{"@id":"https:\/\/www.mundoacuicola.cl\/new\/#organization"},"potentialAction":[{"@type":"SearchAction","target":{"@type":"EntryPoint","urlTemplate":"https:\/\/www.mundoacuicola.cl\/new\/?s={search_term_string}"},"query-input":{"@type":"PropertyValueSpecification","valueRequired":true,"valueName":"search_term_string"}}],"inLanguage":"es"},{"@type":"Organization","@id":"https:\/\/www.mundoacuicola.cl\/new\/#organization","name":"Mundoacuicola","url":"https:\/\/www.mundoacuicola.cl\/new\/","logo":{"@type":"ImageObject","inLanguage":"es","@id":"https:\/\/www.mundoacuicola.cl\/new\/#\/schema\/logo\/image\/","url":"https:\/\/www.mundoacuicola.cl\/new\/wp-content\/uploads\/2026\/01\/cropped-LOGO-Mundo-Acuicola-2026.png","contentUrl":"https:\/\/www.mundoacuicola.cl\/new\/wp-content\/uploads\/2026\/01\/cropped-LOGO-Mundo-Acuicola-2026.png","width":1252,"height":296,"caption":"Mundoacuicola"},"image":{"@id":"https:\/\/www.mundoacuicola.cl\/new\/#\/schema\/logo\/image\/"},"sameAs":["https:\/\/www.facebook.com\/mundo.acuicola\/","https:\/\/x.com\/mundoacuicola","https:\/\/www.linkedin.com\/in\/mundo-acuicola"]},{"@type":"Person","@id":"https:\/\/www.mundoacuicola.cl\/new\/#\/schema\/person\/c00ffe389abb88bd9254653add139315","name":"mbarrueto","url":"https:\/\/www.mundoacuicola.cl\/new\/author\/mbarrueto\/"}]}},"_links":{"self":[{"href":"https:\/\/www.mundoacuicola.cl\/new\/wp-json\/wp\/v2\/posts\/84648","targetHints":{"allow":["GET"]}}],"collection":[{"href":"https:\/\/www.mundoacuicola.cl\/new\/wp-json\/wp\/v2\/posts"}],"about":[{"href":"https:\/\/www.mundoacuicola.cl\/new\/wp-json\/wp\/v2\/types\/post"}],"author":[{"embeddable":true,"href":"https:\/\/www.mundoacuicola.cl\/new\/wp-json\/wp\/v2\/users\/10"}],"replies":[{"embeddable":true,"href":"https:\/\/www.mundoacuicola.cl\/new\/wp-json\/wp\/v2\/comments?post=84648"}],"version-history":[{"count":0,"href":"https:\/\/www.mundoacuicola.cl\/new\/wp-json\/wp\/v2\/posts\/84648\/revisions"}],"wp:featuredmedia":[{"embeddable":true,"href":"https:\/\/www.mundoacuicola.cl\/new\/wp-json\/wp\/v2\/media\/84651"}],"wp:attachment":[{"href":"https:\/\/www.mundoacuicola.cl\/new\/wp-json\/wp\/v2\/media?parent=84648"}],"wp:term":[{"taxonomy":"category","embeddable":true,"href":"https:\/\/www.mundoacuicola.cl\/new\/wp-json\/wp\/v2\/categories?post=84648"},{"taxonomy":"post_tag","embeddable":true,"href":"https:\/\/www.mundoacuicola.cl\/new\/wp-json\/wp\/v2\/tags?post=84648"}],"curies":[{"name":"wp","href":"https:\/\/api.w.org\/{rel}","templated":true}]}}