{"id":84744,"date":"2026-01-26T14:25:42","date_gmt":"2026-01-26T18:25:42","guid":{"rendered":"https:\/\/www.mundoacuicola.cl\/new\/?p=84744"},"modified":"2026-01-27T13:59:23","modified_gmt":"2026-01-27T17:59:23","slug":"expertos-presentan-texto-para-proyectar-una-acuicultura-con-especies-nativas-y-equidad-territorial","status":"publish","type":"post","link":"https:\/\/www.mundoacuicola.cl\/new\/expertos-presentan-texto-para-proyectar-una-acuicultura-con-especies-nativas-y-equidad-territorial\/","title":{"rendered":"Expertos presentan texto para proyectar una acuicultura con especies nativas y equidad territorial"},"content":{"rendered":"<p>La investigadora del Centro de Investigaci\u00f3n Aplicada INCAR\u00b2, Dra. Doris Soto, particip\u00f3 en la presentaci\u00f3n del libro \u201cChile tiene futuro desde sus territorios. Recomendaciones para potenciar una acuicultura sustentable con \u00e9nfasis en especies nativas\u201d, actividad realizada en el marco del Congreso Futuro y en cuya redacci\u00f3n participaron expertos chilenos entre los que destacan los Investigadores del Centro INCAR\u00b2, Dr. Renato Qui\u00f1ones y Dr. Rub\u00e9n Avenda\u00f1o-Herrera.<\/p>\n<p>El documento promovido por la Comisi\u00f3n de Desaf\u00edos del Futuro, Ciencia, Tecnolog\u00eda e Innovaci\u00f3n del Senado a finales de 2020, se gener\u00f3 del trabajo conjunto de un gran n\u00famero de investigadores y expertos de diversas instituciones a lo largo del pa\u00eds, se construy\u00f3 entorno a una visi\u00f3n com\u00fan con tres objetivos: una acuicultura que crezca y se diversifique en armon\u00eda con el ecosistema y con las aptitudes de las regiones, una acuicultura como motor de desarrollo local y nacional con equidad social y territorial, y una acuicultura que incremente la oferta de alimentos del mar, y contribuya en forma significativa a la nutrici\u00f3n de los chilenos y de la poblaci\u00f3n global.<\/p>\n<p>\u00abEste documento mira al futuro y hace recomendaciones para pol\u00edticas p\u00fablicas desde la experiencia acu\u00edcola que tiene nuestro pa\u00eds, reconociendo los problemas y desaf\u00edos en el contexto nacional y mundial, y buscando sustentabilidad de largo plazo, con equidad social y territorial. Chile es un pa\u00eds acu\u00edcola, si bien el sector se ha desarrollado principalmente en el sur de nuestro territorio; por lo cual se requiere una mirada m\u00e1s nacional, potenciado la actividad en todas las regiones y explorando otras especies, ojal\u00e1 nativas\u00bb, releva.\u00a0 Asimismo, la Dra. Soto destaca la importancia de respetar la capacidad de carga ecol\u00f3gica de los ecosistemas, recalcando que los cultivos de especies nativas tambi\u00e9n presentan riesgos ambientales y sanitarios relevantes, evit\u00e1ndose solo aquellos de introducir especies y enfermedades ex\u00f3ticas.<\/p>\n<p>\u00abLa acuicultura que tenemos hoy en el sur de Chile; principalmente mejillones y salm\u00f3nidos nos posiciona entre los 10 productores acu\u00edcolas m\u00e1s importantes a nivel global, contribuyendo al crecimiento azul y entregando prote\u00edna, con una huella ambiental mucho menor que la huella de las prote\u00ednas terrestres. Ya hemos hecho un recorrido muy relevante, y tenemos el deber de corregir errores y mejorar para seguir avanzando hacia el logro de los objetivos de desarrollo sostenible (ODS) con estos sistemas productivos y con aquellos que se desarrollen en otras regiones del pa\u00eds\u00bb, expres\u00f3 la Acad\u00e9mica<\/p>\n<p>La Dra. Doris Soto agreg\u00f3 que es fundamental reconocer la importancia de los mercados y de la cadena productiva para asegurar que la producci\u00f3n acu\u00edcola, cualquiera sea la especie, pueda venderse y genere beneficios para el productor en el mediano y largo plazo, \u00abS\u00f3lo as\u00ed se asegura una sustentabilidad econ\u00f3mica que no requiera de subsidios permanentes del estado\u00bb, afirm\u00f3, a\u00f1adiendo que \u00abtenemos como ejemplos los esfuerzos recientes que se realizan a nivel local y nacional, por mejorar el consumo y la demanda de ostras chilenas ,y as\u00ed potenciar esta acuicultura con impacto, en los mercados locales y en la alimentaci\u00f3n de los chilenos\u00bb.<\/p>\n<p>Para preparar el documento, los expertos organizaron el trabajo mediante tres comisiones t\u00e9cnicas: Capacidades para una acuicultura sustentable y diversificada; Viabilidad t\u00e9cnica y socioecon\u00f3mica para una acuicultura diversificada, y Viabilidad ambiental y sanitaria de las especies que se cultivan, y de nuevas especies y sistemas productivos. El objetivo de cada comisi\u00f3n se centr\u00f3 en los requerimientos de la diversificaci\u00f3n con especies en lo posible nativas, pero sin dejar de lado las necesidades de fortalecer y mejorar la acuicultura que ya existe.<\/p>\n<p>En la elaboraci\u00f3n del texto, la Dra. Soto, quien lider\u00f3 la comisi\u00f3n de aspectos ambientales y sanitarios, secundada por el Dr. Ruben Avenda\u00f1o-Herrera; mientras el Dr. Renato Qui\u00f1ones encabez\u00f3 la Comisi\u00f3n de Capacidades, quienes adem\u00e1s cumplieron la funci\u00f3n de editores del documento junto a Arturo Clement de SalmonChile A.G. y Leonardo Arancibia Jeraldo, de la Biblioteca del Congreso Nacional. De esta manera, el centro cumple con uno de los objetivos centrales del financiamiento otorgado por ANID cual es contribuir desde la investigaci\u00f3n acu\u00edcola hacia las pol\u00edticas p\u00fablicas, para el bien de la naci\u00f3n y de sus ecosistemas.<\/p>\n<p><a href=\"https:\/\/www.bcn.cl\/publicaciones\/detalle.html?s=Desaf%C3%ADos%20de%20la%20democracia&amp;ss=Desarrollo%20Territorial%20Sostenible%20y%20con%20Equidad&amp;handle=10221.1\/97249\">Puede escuchar y descargar el libro en el siguiente link.<\/a><\/p>\n","protected":false},"excerpt":{"rendered":"<p>Investigadores de INCAR\u00b2 presentan recomendaciones para una acuicultura sustentable, territorial y con \u00e9nfasis en especies nativas.<\/p>\n","protected":false},"author":8,"featured_media":84745,"comment_status":"closed","ping_status":"closed","sticky":false,"template":"","format":"standard","meta":{"footnotes":""},"categories":[66],"tags":[3825,5737,9830,16328,20039,7338,3484,12226,28051,6846,15537,6987,7057,170,22434,28686],"class_list":["post-84744","post","type-post","status-publish","format-standard","has-post-thumbnail","hentry","category-acuicultura","tag-acuicultura-sustentable","tag-alimentos-del-mar","tag-capacidad-de-carga","tag-congreso-futuro","tag-desarrollo-territorial","tag-diversificacion-acuicola","tag-doris-soto","tag-especies-nativas","tag-incar","tag-ods","tag-politicas-publicas","tag-renato-quinones","tag-ruben-avendano-herrera","tag-salmonchile","tag-sanidad-acuicola","tag-viabilidad-ambiental"],"yoast_head":"<!-- This site is optimized with the Yoast SEO plugin v27.5 - https:\/\/yoast.com\/product\/yoast-seo-wordpress\/ -->\n<title>Expertos presentan texto para proyectar una acuicultura con especies nativas y equidad territorial - Mundoacuicola<\/title>\n<meta name=\"description\" content=\"Investigadores de INCAR\u00b2 presentan recomendaciones para una acuicultura sustentable, territorial y con \u00e9nfasis en especies nativas.\" \/>\n<meta name=\"robots\" content=\"index, follow, max-snippet:-1, max-image-preview:large, max-video-preview:-1\" \/>\n<link rel=\"canonical\" href=\"https:\/\/www.mundoacuicola.cl\/new\/expertos-presentan-texto-para-proyectar-una-acuicultura-con-especies-nativas-y-equidad-territorial\/\" \/>\n<meta property=\"og:locale\" content=\"es_ES\" \/>\n<meta property=\"og:type\" content=\"article\" \/>\n<meta property=\"og:title\" content=\"Expertos presentan texto para proyectar una acuicultura con especies nativas y equidad territorial - Mundoacuicola\" \/>\n<meta property=\"og:description\" content=\"Investigadores de INCAR\u00b2 presentan recomendaciones para una acuicultura sustentable, territorial y con \u00e9nfasis en especies nativas.\" \/>\n<meta property=\"og:url\" content=\"https:\/\/www.mundoacuicola.cl\/new\/expertos-presentan-texto-para-proyectar-una-acuicultura-con-especies-nativas-y-equidad-territorial\/\" \/>\n<meta property=\"og:site_name\" content=\"Mundoacuicola\" \/>\n<meta property=\"article:publisher\" content=\"https:\/\/www.facebook.com\/mundo.acuicola\/\" \/>\n<meta property=\"article:published_time\" content=\"2026-01-26T18:25:42+00:00\" \/>\n<meta property=\"article:modified_time\" content=\"2026-01-27T17:59:23+00:00\" \/>\n<meta property=\"og:image\" content=\"https:\/\/www.mundoacuicola.cl\/new\/wp-content\/uploads\/2026\/01\/DorisSotoCF20226.jpeg\" \/>\n\t<meta property=\"og:image:width\" content=\"1200\" \/>\n\t<meta property=\"og:image:height\" content=\"636\" \/>\n\t<meta property=\"og:image:type\" content=\"image\/jpeg\" \/>\n<meta name=\"author\" content=\"Ricardo Alvarez\" \/>\n<meta name=\"twitter:card\" content=\"summary_large_image\" \/>\n<meta name=\"twitter:creator\" content=\"@mundoacuicola\" \/>\n<meta name=\"twitter:site\" content=\"@mundoacuicola\" \/>\n<meta name=\"twitter:label1\" content=\"Escrito por\" \/>\n\t<meta name=\"twitter:data1\" content=\"Ricardo Alvarez\" \/>\n\t<meta name=\"twitter:label2\" content=\"Tiempo de lectura\" \/>\n\t<meta name=\"twitter:data2\" content=\"4 minutos\" \/>\n<script type=\"application\/ld+json\" class=\"yoast-schema-graph\">{\"@context\":\"https:\\\/\\\/schema.org\",\"@graph\":[{\"@type\":\"Article\",\"@id\":\"https:\\\/\\\/www.mundoacuicola.cl\\\/new\\\/expertos-presentan-texto-para-proyectar-una-acuicultura-con-especies-nativas-y-equidad-territorial\\\/#article\",\"isPartOf\":{\"@id\":\"https:\\\/\\\/www.mundoacuicola.cl\\\/new\\\/expertos-presentan-texto-para-proyectar-una-acuicultura-con-especies-nativas-y-equidad-territorial\\\/\"},\"author\":{\"name\":\"Ricardo Alvarez\",\"@id\":\"https:\\\/\\\/www.mundoacuicola.cl\\\/new\\\/#\\\/schema\\\/person\\\/52cfe7e461eb2d30484965350ee34bdd\"},\"headline\":\"Expertos presentan texto para proyectar una acuicultura con especies nativas y equidad territorial\",\"datePublished\":\"2026-01-26T18:25:42+00:00\",\"dateModified\":\"2026-01-27T17:59:23+00:00\",\"mainEntityOfPage\":{\"@id\":\"https:\\\/\\\/www.mundoacuicola.cl\\\/new\\\/expertos-presentan-texto-para-proyectar-una-acuicultura-con-especies-nativas-y-equidad-territorial\\\/\"},\"wordCount\":754,\"publisher\":{\"@id\":\"https:\\\/\\\/www.mundoacuicola.cl\\\/new\\\/#organization\"},\"image\":{\"@id\":\"https:\\\/\\\/www.mundoacuicola.cl\\\/new\\\/expertos-presentan-texto-para-proyectar-una-acuicultura-con-especies-nativas-y-equidad-territorial\\\/#primaryimage\"},\"thumbnailUrl\":\"https:\\\/\\\/www.mundoacuicola.cl\\\/new\\\/wp-content\\\/uploads\\\/2026\\\/01\\\/DorisSotoCF20226.jpeg\",\"keywords\":[\"Acuicultura Sustentable\",\"Alimentos del mar\",\"capacidad de carga\",\"Congreso Futuro\",\"Desarrollo Territorial\",\"diversificaci\u00f3n acu\u00edcola\",\"Doris Soto\",\"especies nativas\",\"INCAR\u00b2\",\"ODS\",\"pol\u00edticas publicas\",\"Renato Qui\u00f1ones\",\"Ruben Avenda\u00f1o-Herrera\",\"Salmonchile\",\"sanidad acu\u00edcola\",\"viabilidad ambiental\"],\"articleSection\":[\"Acuicultura\"],\"inLanguage\":\"es\"},{\"@type\":\"WebPage\",\"@id\":\"https:\\\/\\\/www.mundoacuicola.cl\\\/new\\\/expertos-presentan-texto-para-proyectar-una-acuicultura-con-especies-nativas-y-equidad-territorial\\\/\",\"url\":\"https:\\\/\\\/www.mundoacuicola.cl\\\/new\\\/expertos-presentan-texto-para-proyectar-una-acuicultura-con-especies-nativas-y-equidad-territorial\\\/\",\"name\":\"Expertos presentan texto para proyectar una acuicultura con especies nativas y equidad territorial - Mundoacuicola\",\"isPartOf\":{\"@id\":\"https:\\\/\\\/www.mundoacuicola.cl\\\/new\\\/#website\"},\"primaryImageOfPage\":{\"@id\":\"https:\\\/\\\/www.mundoacuicola.cl\\\/new\\\/expertos-presentan-texto-para-proyectar-una-acuicultura-con-especies-nativas-y-equidad-territorial\\\/#primaryimage\"},\"image\":{\"@id\":\"https:\\\/\\\/www.mundoacuicola.cl\\\/new\\\/expertos-presentan-texto-para-proyectar-una-acuicultura-con-especies-nativas-y-equidad-territorial\\\/#primaryimage\"},\"thumbnailUrl\":\"https:\\\/\\\/www.mundoacuicola.cl\\\/new\\\/wp-content\\\/uploads\\\/2026\\\/01\\\/DorisSotoCF20226.jpeg\",\"datePublished\":\"2026-01-26T18:25:42+00:00\",\"dateModified\":\"2026-01-27T17:59:23+00:00\",\"description\":\"Investigadores de INCAR\u00b2 presentan recomendaciones para una acuicultura sustentable, territorial y con \u00e9nfasis en especies nativas.\",\"breadcrumb\":{\"@id\":\"https:\\\/\\\/www.mundoacuicola.cl\\\/new\\\/expertos-presentan-texto-para-proyectar-una-acuicultura-con-especies-nativas-y-equidad-territorial\\\/#breadcrumb\"},\"inLanguage\":\"es\",\"potentialAction\":[{\"@type\":\"ReadAction\",\"target\":[\"https:\\\/\\\/www.mundoacuicola.cl\\\/new\\\/expertos-presentan-texto-para-proyectar-una-acuicultura-con-especies-nativas-y-equidad-territorial\\\/\"]}]},{\"@type\":\"ImageObject\",\"inLanguage\":\"es\",\"@id\":\"https:\\\/\\\/www.mundoacuicola.cl\\\/new\\\/expertos-presentan-texto-para-proyectar-una-acuicultura-con-especies-nativas-y-equidad-territorial\\\/#primaryimage\",\"url\":\"https:\\\/\\\/www.mundoacuicola.cl\\\/new\\\/wp-content\\\/uploads\\\/2026\\\/01\\\/DorisSotoCF20226.jpeg\",\"contentUrl\":\"https:\\\/\\\/www.mundoacuicola.cl\\\/new\\\/wp-content\\\/uploads\\\/2026\\\/01\\\/DorisSotoCF20226.jpeg\",\"width\":1200,\"height\":636},{\"@type\":\"BreadcrumbList\",\"@id\":\"https:\\\/\\\/www.mundoacuicola.cl\\\/new\\\/expertos-presentan-texto-para-proyectar-una-acuicultura-con-especies-nativas-y-equidad-territorial\\\/#breadcrumb\",\"itemListElement\":[{\"@type\":\"ListItem\",\"position\":1,\"name\":\"Portada\",\"item\":\"https:\\\/\\\/www.mundoacuicola.cl\\\/new\\\/\"},{\"@type\":\"ListItem\",\"position\":2,\"name\":\"Expertos presentan texto para proyectar una acuicultura con especies nativas y equidad territorial\"}]},{\"@type\":\"WebSite\",\"@id\":\"https:\\\/\\\/www.mundoacuicola.cl\\\/new\\\/#website\",\"url\":\"https:\\\/\\\/www.mundoacuicola.cl\\\/new\\\/\",\"name\":\"Mundoacuicola\",\"description\":\"Revista de Acuicultura.\",\"publisher\":{\"@id\":\"https:\\\/\\\/www.mundoacuicola.cl\\\/new\\\/#organization\"},\"potentialAction\":[{\"@type\":\"SearchAction\",\"target\":{\"@type\":\"EntryPoint\",\"urlTemplate\":\"https:\\\/\\\/www.mundoacuicola.cl\\\/new\\\/?s={search_term_string}\"},\"query-input\":{\"@type\":\"PropertyValueSpecification\",\"valueRequired\":true,\"valueName\":\"search_term_string\"}}],\"inLanguage\":\"es\"},{\"@type\":\"Organization\",\"@id\":\"https:\\\/\\\/www.mundoacuicola.cl\\\/new\\\/#organization\",\"name\":\"Mundoacuicola\",\"url\":\"https:\\\/\\\/www.mundoacuicola.cl\\\/new\\\/\",\"logo\":{\"@type\":\"ImageObject\",\"inLanguage\":\"es\",\"@id\":\"https:\\\/\\\/www.mundoacuicola.cl\\\/new\\\/#\\\/schema\\\/logo\\\/image\\\/\",\"url\":\"https:\\\/\\\/www.mundoacuicola.cl\\\/new\\\/wp-content\\\/uploads\\\/2026\\\/01\\\/cropped-LOGO-Mundo-Acuicola-2026.png\",\"contentUrl\":\"https:\\\/\\\/www.mundoacuicola.cl\\\/new\\\/wp-content\\\/uploads\\\/2026\\\/01\\\/cropped-LOGO-Mundo-Acuicola-2026.png\",\"width\":1252,\"height\":296,\"caption\":\"Mundoacuicola\"},\"image\":{\"@id\":\"https:\\\/\\\/www.mundoacuicola.cl\\\/new\\\/#\\\/schema\\\/logo\\\/image\\\/\"},\"sameAs\":[\"https:\\\/\\\/www.facebook.com\\\/mundo.acuicola\\\/\",\"https:\\\/\\\/x.com\\\/mundoacuicola\",\"https:\\\/\\\/www.linkedin.com\\\/in\\\/mundo-acuicola\"]},{\"@type\":\"Person\",\"@id\":\"https:\\\/\\\/www.mundoacuicola.cl\\\/new\\\/#\\\/schema\\\/person\\\/52cfe7e461eb2d30484965350ee34bdd\",\"name\":\"Ricardo Alvarez\",\"url\":\"https:\\\/\\\/www.mundoacuicola.cl\\\/new\\\/author\\\/ricardo\\\/\"}]}<\/script>\n<!-- \/ Yoast SEO plugin. -->","yoast_head_json":{"title":"Expertos presentan texto para proyectar una acuicultura con especies nativas y equidad territorial - Mundoacuicola","description":"Investigadores de INCAR\u00b2 presentan recomendaciones para una acuicultura sustentable, territorial y con \u00e9nfasis en especies nativas.","robots":{"index":"index","follow":"follow","max-snippet":"max-snippet:-1","max-image-preview":"max-image-preview:large","max-video-preview":"max-video-preview:-1"},"canonical":"https:\/\/www.mundoacuicola.cl\/new\/expertos-presentan-texto-para-proyectar-una-acuicultura-con-especies-nativas-y-equidad-territorial\/","og_locale":"es_ES","og_type":"article","og_title":"Expertos presentan texto para proyectar una acuicultura con especies nativas y equidad territorial - Mundoacuicola","og_description":"Investigadores de INCAR\u00b2 presentan recomendaciones para una acuicultura sustentable, territorial y con \u00e9nfasis en especies nativas.","og_url":"https:\/\/www.mundoacuicola.cl\/new\/expertos-presentan-texto-para-proyectar-una-acuicultura-con-especies-nativas-y-equidad-territorial\/","og_site_name":"Mundoacuicola","article_publisher":"https:\/\/www.facebook.com\/mundo.acuicola\/","article_published_time":"2026-01-26T18:25:42+00:00","article_modified_time":"2026-01-27T17:59:23+00:00","og_image":[{"width":1200,"height":636,"url":"https:\/\/www.mundoacuicola.cl\/new\/wp-content\/uploads\/2026\/01\/DorisSotoCF20226.jpeg","type":"image\/jpeg"}],"author":"Ricardo Alvarez","twitter_card":"summary_large_image","twitter_creator":"@mundoacuicola","twitter_site":"@mundoacuicola","twitter_misc":{"Escrito por":"Ricardo Alvarez","Tiempo de lectura":"4 minutos"},"schema":{"@context":"https:\/\/schema.org","@graph":[{"@type":"Article","@id":"https:\/\/www.mundoacuicola.cl\/new\/expertos-presentan-texto-para-proyectar-una-acuicultura-con-especies-nativas-y-equidad-territorial\/#article","isPartOf":{"@id":"https:\/\/www.mundoacuicola.cl\/new\/expertos-presentan-texto-para-proyectar-una-acuicultura-con-especies-nativas-y-equidad-territorial\/"},"author":{"name":"Ricardo Alvarez","@id":"https:\/\/www.mundoacuicola.cl\/new\/#\/schema\/person\/52cfe7e461eb2d30484965350ee34bdd"},"headline":"Expertos presentan texto para proyectar una acuicultura con especies nativas y equidad territorial","datePublished":"2026-01-26T18:25:42+00:00","dateModified":"2026-01-27T17:59:23+00:00","mainEntityOfPage":{"@id":"https:\/\/www.mundoacuicola.cl\/new\/expertos-presentan-texto-para-proyectar-una-acuicultura-con-especies-nativas-y-equidad-territorial\/"},"wordCount":754,"publisher":{"@id":"https:\/\/www.mundoacuicola.cl\/new\/#organization"},"image":{"@id":"https:\/\/www.mundoacuicola.cl\/new\/expertos-presentan-texto-para-proyectar-una-acuicultura-con-especies-nativas-y-equidad-territorial\/#primaryimage"},"thumbnailUrl":"https:\/\/www.mundoacuicola.cl\/new\/wp-content\/uploads\/2026\/01\/DorisSotoCF20226.jpeg","keywords":["Acuicultura Sustentable","Alimentos del mar","capacidad de carga","Congreso Futuro","Desarrollo Territorial","diversificaci\u00f3n acu\u00edcola","Doris Soto","especies nativas","INCAR\u00b2","ODS","pol\u00edticas publicas","Renato Qui\u00f1ones","Ruben Avenda\u00f1o-Herrera","Salmonchile","sanidad acu\u00edcola","viabilidad ambiental"],"articleSection":["Acuicultura"],"inLanguage":"es"},{"@type":"WebPage","@id":"https:\/\/www.mundoacuicola.cl\/new\/expertos-presentan-texto-para-proyectar-una-acuicultura-con-especies-nativas-y-equidad-territorial\/","url":"https:\/\/www.mundoacuicola.cl\/new\/expertos-presentan-texto-para-proyectar-una-acuicultura-con-especies-nativas-y-equidad-territorial\/","name":"Expertos presentan texto para proyectar una acuicultura con especies nativas y equidad territorial - Mundoacuicola","isPartOf":{"@id":"https:\/\/www.mundoacuicola.cl\/new\/#website"},"primaryImageOfPage":{"@id":"https:\/\/www.mundoacuicola.cl\/new\/expertos-presentan-texto-para-proyectar-una-acuicultura-con-especies-nativas-y-equidad-territorial\/#primaryimage"},"image":{"@id":"https:\/\/www.mundoacuicola.cl\/new\/expertos-presentan-texto-para-proyectar-una-acuicultura-con-especies-nativas-y-equidad-territorial\/#primaryimage"},"thumbnailUrl":"https:\/\/www.mundoacuicola.cl\/new\/wp-content\/uploads\/2026\/01\/DorisSotoCF20226.jpeg","datePublished":"2026-01-26T18:25:42+00:00","dateModified":"2026-01-27T17:59:23+00:00","description":"Investigadores de INCAR\u00b2 presentan recomendaciones para una acuicultura sustentable, territorial y con \u00e9nfasis en especies nativas.","breadcrumb":{"@id":"https:\/\/www.mundoacuicola.cl\/new\/expertos-presentan-texto-para-proyectar-una-acuicultura-con-especies-nativas-y-equidad-territorial\/#breadcrumb"},"inLanguage":"es","potentialAction":[{"@type":"ReadAction","target":["https:\/\/www.mundoacuicola.cl\/new\/expertos-presentan-texto-para-proyectar-una-acuicultura-con-especies-nativas-y-equidad-territorial\/"]}]},{"@type":"ImageObject","inLanguage":"es","@id":"https:\/\/www.mundoacuicola.cl\/new\/expertos-presentan-texto-para-proyectar-una-acuicultura-con-especies-nativas-y-equidad-territorial\/#primaryimage","url":"https:\/\/www.mundoacuicola.cl\/new\/wp-content\/uploads\/2026\/01\/DorisSotoCF20226.jpeg","contentUrl":"https:\/\/www.mundoacuicola.cl\/new\/wp-content\/uploads\/2026\/01\/DorisSotoCF20226.jpeg","width":1200,"height":636},{"@type":"BreadcrumbList","@id":"https:\/\/www.mundoacuicola.cl\/new\/expertos-presentan-texto-para-proyectar-una-acuicultura-con-especies-nativas-y-equidad-territorial\/#breadcrumb","itemListElement":[{"@type":"ListItem","position":1,"name":"Portada","item":"https:\/\/www.mundoacuicola.cl\/new\/"},{"@type":"ListItem","position":2,"name":"Expertos presentan texto para proyectar una acuicultura con especies nativas y equidad territorial"}]},{"@type":"WebSite","@id":"https:\/\/www.mundoacuicola.cl\/new\/#website","url":"https:\/\/www.mundoacuicola.cl\/new\/","name":"Mundoacuicola","description":"Revista de Acuicultura.","publisher":{"@id":"https:\/\/www.mundoacuicola.cl\/new\/#organization"},"potentialAction":[{"@type":"SearchAction","target":{"@type":"EntryPoint","urlTemplate":"https:\/\/www.mundoacuicola.cl\/new\/?s={search_term_string}"},"query-input":{"@type":"PropertyValueSpecification","valueRequired":true,"valueName":"search_term_string"}}],"inLanguage":"es"},{"@type":"Organization","@id":"https:\/\/www.mundoacuicola.cl\/new\/#organization","name":"Mundoacuicola","url":"https:\/\/www.mundoacuicola.cl\/new\/","logo":{"@type":"ImageObject","inLanguage":"es","@id":"https:\/\/www.mundoacuicola.cl\/new\/#\/schema\/logo\/image\/","url":"https:\/\/www.mundoacuicola.cl\/new\/wp-content\/uploads\/2026\/01\/cropped-LOGO-Mundo-Acuicola-2026.png","contentUrl":"https:\/\/www.mundoacuicola.cl\/new\/wp-content\/uploads\/2026\/01\/cropped-LOGO-Mundo-Acuicola-2026.png","width":1252,"height":296,"caption":"Mundoacuicola"},"image":{"@id":"https:\/\/www.mundoacuicola.cl\/new\/#\/schema\/logo\/image\/"},"sameAs":["https:\/\/www.facebook.com\/mundo.acuicola\/","https:\/\/x.com\/mundoacuicola","https:\/\/www.linkedin.com\/in\/mundo-acuicola"]},{"@type":"Person","@id":"https:\/\/www.mundoacuicola.cl\/new\/#\/schema\/person\/52cfe7e461eb2d30484965350ee34bdd","name":"Ricardo Alvarez","url":"https:\/\/www.mundoacuicola.cl\/new\/author\/ricardo\/"}]}},"_links":{"self":[{"href":"https:\/\/www.mundoacuicola.cl\/new\/wp-json\/wp\/v2\/posts\/84744","targetHints":{"allow":["GET"]}}],"collection":[{"href":"https:\/\/www.mundoacuicola.cl\/new\/wp-json\/wp\/v2\/posts"}],"about":[{"href":"https:\/\/www.mundoacuicola.cl\/new\/wp-json\/wp\/v2\/types\/post"}],"author":[{"embeddable":true,"href":"https:\/\/www.mundoacuicola.cl\/new\/wp-json\/wp\/v2\/users\/8"}],"replies":[{"embeddable":true,"href":"https:\/\/www.mundoacuicola.cl\/new\/wp-json\/wp\/v2\/comments?post=84744"}],"version-history":[{"count":0,"href":"https:\/\/www.mundoacuicola.cl\/new\/wp-json\/wp\/v2\/posts\/84744\/revisions"}],"wp:featuredmedia":[{"embeddable":true,"href":"https:\/\/www.mundoacuicola.cl\/new\/wp-json\/wp\/v2\/media\/84745"}],"wp:attachment":[{"href":"https:\/\/www.mundoacuicola.cl\/new\/wp-json\/wp\/v2\/media?parent=84744"}],"wp:term":[{"taxonomy":"category","embeddable":true,"href":"https:\/\/www.mundoacuicola.cl\/new\/wp-json\/wp\/v2\/categories?post=84744"},{"taxonomy":"post_tag","embeddable":true,"href":"https:\/\/www.mundoacuicola.cl\/new\/wp-json\/wp\/v2\/tags?post=84744"}],"curies":[{"name":"wp","href":"https:\/\/api.w.org\/{rel}","templated":true}]}}