{"id":84780,"date":"2026-01-27T08:32:43","date_gmt":"2026-01-27T12:32:43","guid":{"rendered":"https:\/\/www.mundoacuicola.cl\/new\/?p=84780"},"modified":"2026-01-27T17:42:59","modified_gmt":"2026-01-27T21:42:59","slug":"reportan-desaparecidos-tras-hundimiento-de-embarcacion-vinculada-a-la-salmonicultura","status":"publish","type":"post","link":"https:\/\/www.mundoacuicola.cl\/new\/reportan-desaparecidos-tras-hundimiento-de-embarcacion-vinculada-a-la-salmonicultura\/","title":{"rendered":"Reportan desaparecidos tras hundimiento de embarcaci\u00f3n vinculada a la salmonicultura"},"content":{"rendered":"<p data-start=\"429\" data-end=\"648\">Al menos seis personas permanecen desaparecidas tras el hundimiento de una embarcaci\u00f3n vinculada al sector salmonero ocurrido durante la madrugada de este martes en el Estuario de Reloncav\u00ed, en la regi\u00f3n de Los Lagos.<\/p>\n<p data-start=\"650\" data-end=\"808\">El hecho involucr\u00f3 a un catamar\u00e1n que prestaba servicios de apoyo a centros de cultivo, en el cual se desplazaban ocho tripulantes al momento del accidente.<\/p>\n<p data-start=\"810\" data-end=\"1077\">De acuerdo con informaci\u00f3n preliminar entregada por Radio B\u00edo B\u00edo, la nave corresponde al catamar\u00e1n Ko\u00f1imo I, desde donde dos personas lograron ser rescatadas y derivadas a un centro asistencial, conforme a los protocolos establecidos.<\/p>\n<p data-start=\"1079\" data-end=\"1418\">Tras el hundimiento, se activ\u00f3 un operativo de b\u00fasqueda y rescate que involucra a personal de la Armada de Chile, el Senapred, la Gobernaci\u00f3n Mar\u00edtima de Puerto Montt, as\u00ed como las capitan\u00edas de puerto de Puerto Montt y Cocham\u00f3, adem\u00e1s de botes salvavidas que operan en la zona.<\/p>\n<p data-start=\"1420\" data-end=\"1726\">Desde la Capitan\u00eda de Puerto de Cocham\u00f3, el sargento primero litoral y capit\u00e1n de puerto, Rodrigo S\u00e1nchez, inform\u00f3 que se dispuso de inmediato el despliegue de personal dependiente de esa unidad para adoptar las primeras diligencias, lo que permiti\u00f3 la recuperaci\u00f3n de los dos tripulantes sobrevivientes.<\/p>\n<p data-start=\"1728\" data-end=\"1982\">En tanto, desde el bote salvavidas de Puerto Montt se indic\u00f3 que, tras recibir la alerta por parte de Senapred, voluntarios se trasladaron al lugar del accidente para apoyar las labores de b\u00fasqueda, desplegando buzos y embarcaciones durante la jornada.<\/p>\n<p data-start=\"1984\" data-end=\"2247\">Las labores contin\u00faan en el Estuario de Reloncav\u00ed, mientras las autoridades monitorean las condiciones meteorol\u00f3gicas y de navegaci\u00f3n, consideradas un factor relevante para el desarrollo del operativo y la seguridad de los equipos desplegados.<\/p>\n","protected":false},"excerpt":{"rendered":"<p>Operativo de b\u00fasqueda contin\u00faa tras hundimiento de catamar\u00e1n de apoyo salmonero en el Estuario de Reloncav\u00ed.<\/p>\n","protected":false},"author":8,"featured_media":84783,"comment_status":"closed","ping_status":"closed","sticky":false,"template":"","format":"standard","meta":{"footnotes":""},"categories":[12],"tags":[16838,507,28697,3961,1894,7178,135,772,197,17792],"class_list":["post-84780","post","type-post","status-publish","format-standard","has-post-thumbnail","hentry","category-maritimo","tag-accidente-maritimo","tag-armada-de-chile","tag-busqueda-y-rescate","tag-catamaran","tag-cochamo","tag-estuario-de-reloncavi","tag-hundimiento","tag-puerto-montt","tag-salmonicultura","tag-senapred"],"yoast_head":"<!-- This site is optimized with the Yoast SEO plugin v27.5 - https:\/\/yoast.com\/product\/yoast-seo-wordpress\/ -->\n<title>Reportan desaparecidos tras hundimiento de embarcaci\u00f3n vinculada a la salmonicultura - Mundoacuicola<\/title>\n<meta name=\"description\" content=\"Operativo de b\u00fasqueda contin\u00faa tras hundimiento de catamar\u00e1n de apoyo salmonero en el Estuario de Reloncav\u00ed.\" \/>\n<meta name=\"robots\" content=\"index, follow, max-snippet:-1, max-image-preview:large, max-video-preview:-1\" \/>\n<link rel=\"canonical\" href=\"https:\/\/www.mundoacuicola.cl\/new\/reportan-desaparecidos-tras-hundimiento-de-embarcacion-vinculada-a-la-salmonicultura\/\" \/>\n<meta property=\"og:locale\" content=\"es_ES\" \/>\n<meta property=\"og:type\" content=\"article\" \/>\n<meta property=\"og:title\" content=\"Reportan desaparecidos tras hundimiento de embarcaci\u00f3n vinculada a la salmonicultura - Mundoacuicola\" \/>\n<meta property=\"og:description\" content=\"Operativo de b\u00fasqueda contin\u00faa tras hundimiento de catamar\u00e1n de apoyo salmonero en el Estuario de Reloncav\u00ed.\" \/>\n<meta property=\"og:url\" content=\"https:\/\/www.mundoacuicola.cl\/new\/reportan-desaparecidos-tras-hundimiento-de-embarcacion-vinculada-a-la-salmonicultura\/\" \/>\n<meta property=\"og:site_name\" content=\"Mundoacuicola\" \/>\n<meta property=\"article:publisher\" content=\"https:\/\/www.facebook.com\/mundo.acuicola\/\" \/>\n<meta property=\"article:published_time\" content=\"2026-01-27T12:32:43+00:00\" \/>\n<meta property=\"article:modified_time\" content=\"2026-01-27T21:42:59+00:00\" \/>\n<meta property=\"og:image\" content=\"https:\/\/www.mundoacuicola.cl\/new\/wp-content\/uploads\/2026\/01\/NaufraugioSalmonero2.jpeg\" \/>\n\t<meta property=\"og:image:width\" content=\"1200\" \/>\n\t<meta property=\"og:image:height\" content=\"675\" \/>\n\t<meta property=\"og:image:type\" content=\"image\/jpeg\" \/>\n<meta name=\"author\" content=\"Ricardo Alvarez\" \/>\n<meta name=\"twitter:card\" content=\"summary_large_image\" \/>\n<meta name=\"twitter:creator\" content=\"@mundoacuicola\" \/>\n<meta name=\"twitter:site\" content=\"@mundoacuicola\" \/>\n<meta name=\"twitter:label1\" content=\"Escrito por\" \/>\n\t<meta name=\"twitter:data1\" content=\"Ricardo Alvarez\" \/>\n\t<meta name=\"twitter:label2\" content=\"Tiempo de lectura\" \/>\n\t<meta name=\"twitter:data2\" content=\"2 minutos\" \/>\n<script type=\"application\/ld+json\" class=\"yoast-schema-graph\">{\"@context\":\"https:\\\/\\\/schema.org\",\"@graph\":[{\"@type\":\"Article\",\"@id\":\"https:\\\/\\\/www.mundoacuicola.cl\\\/new\\\/reportan-desaparecidos-tras-hundimiento-de-embarcacion-vinculada-a-la-salmonicultura\\\/#article\",\"isPartOf\":{\"@id\":\"https:\\\/\\\/www.mundoacuicola.cl\\\/new\\\/reportan-desaparecidos-tras-hundimiento-de-embarcacion-vinculada-a-la-salmonicultura\\\/\"},\"author\":{\"name\":\"Ricardo Alvarez\",\"@id\":\"https:\\\/\\\/www.mundoacuicola.cl\\\/new\\\/#\\\/schema\\\/person\\\/52cfe7e461eb2d30484965350ee34bdd\"},\"headline\":\"Reportan desaparecidos tras hundimiento de embarcaci\u00f3n vinculada a la salmonicultura\",\"datePublished\":\"2026-01-27T12:32:43+00:00\",\"dateModified\":\"2026-01-27T21:42:59+00:00\",\"mainEntityOfPage\":{\"@id\":\"https:\\\/\\\/www.mundoacuicola.cl\\\/new\\\/reportan-desaparecidos-tras-hundimiento-de-embarcacion-vinculada-a-la-salmonicultura\\\/\"},\"wordCount\":295,\"publisher\":{\"@id\":\"https:\\\/\\\/www.mundoacuicola.cl\\\/new\\\/#organization\"},\"image\":{\"@id\":\"https:\\\/\\\/www.mundoacuicola.cl\\\/new\\\/reportan-desaparecidos-tras-hundimiento-de-embarcacion-vinculada-a-la-salmonicultura\\\/#primaryimage\"},\"thumbnailUrl\":\"https:\\\/\\\/www.mundoacuicola.cl\\\/new\\\/wp-content\\\/uploads\\\/2026\\\/01\\\/NaufraugioSalmonero2.jpeg\",\"keywords\":[\"accidente mar\u00edtimo\",\"Armada de Chile\",\"b\u00fasqueda y rescate\",\"catamar\u00e1n\",\"Cocham\u00f3\",\"Estuario de Reloncav\u00ed\",\"hundimiento\",\"Puerto Montt\",\"salmonicultura\",\"SENAPRED\"],\"articleSection\":[\"Mar\u00edtimo\"],\"inLanguage\":\"es\"},{\"@type\":\"WebPage\",\"@id\":\"https:\\\/\\\/www.mundoacuicola.cl\\\/new\\\/reportan-desaparecidos-tras-hundimiento-de-embarcacion-vinculada-a-la-salmonicultura\\\/\",\"url\":\"https:\\\/\\\/www.mundoacuicola.cl\\\/new\\\/reportan-desaparecidos-tras-hundimiento-de-embarcacion-vinculada-a-la-salmonicultura\\\/\",\"name\":\"Reportan desaparecidos tras hundimiento de embarcaci\u00f3n vinculada a la salmonicultura - Mundoacuicola\",\"isPartOf\":{\"@id\":\"https:\\\/\\\/www.mundoacuicola.cl\\\/new\\\/#website\"},\"primaryImageOfPage\":{\"@id\":\"https:\\\/\\\/www.mundoacuicola.cl\\\/new\\\/reportan-desaparecidos-tras-hundimiento-de-embarcacion-vinculada-a-la-salmonicultura\\\/#primaryimage\"},\"image\":{\"@id\":\"https:\\\/\\\/www.mundoacuicola.cl\\\/new\\\/reportan-desaparecidos-tras-hundimiento-de-embarcacion-vinculada-a-la-salmonicultura\\\/#primaryimage\"},\"thumbnailUrl\":\"https:\\\/\\\/www.mundoacuicola.cl\\\/new\\\/wp-content\\\/uploads\\\/2026\\\/01\\\/NaufraugioSalmonero2.jpeg\",\"datePublished\":\"2026-01-27T12:32:43+00:00\",\"dateModified\":\"2026-01-27T21:42:59+00:00\",\"description\":\"Operativo de b\u00fasqueda contin\u00faa tras hundimiento de catamar\u00e1n de apoyo salmonero en el Estuario de Reloncav\u00ed.\",\"breadcrumb\":{\"@id\":\"https:\\\/\\\/www.mundoacuicola.cl\\\/new\\\/reportan-desaparecidos-tras-hundimiento-de-embarcacion-vinculada-a-la-salmonicultura\\\/#breadcrumb\"},\"inLanguage\":\"es\",\"potentialAction\":[{\"@type\":\"ReadAction\",\"target\":[\"https:\\\/\\\/www.mundoacuicola.cl\\\/new\\\/reportan-desaparecidos-tras-hundimiento-de-embarcacion-vinculada-a-la-salmonicultura\\\/\"]}]},{\"@type\":\"ImageObject\",\"inLanguage\":\"es\",\"@id\":\"https:\\\/\\\/www.mundoacuicola.cl\\\/new\\\/reportan-desaparecidos-tras-hundimiento-de-embarcacion-vinculada-a-la-salmonicultura\\\/#primaryimage\",\"url\":\"https:\\\/\\\/www.mundoacuicola.cl\\\/new\\\/wp-content\\\/uploads\\\/2026\\\/01\\\/NaufraugioSalmonero2.jpeg\",\"contentUrl\":\"https:\\\/\\\/www.mundoacuicola.cl\\\/new\\\/wp-content\\\/uploads\\\/2026\\\/01\\\/NaufraugioSalmonero2.jpeg\",\"width\":1200,\"height\":675},{\"@type\":\"BreadcrumbList\",\"@id\":\"https:\\\/\\\/www.mundoacuicola.cl\\\/new\\\/reportan-desaparecidos-tras-hundimiento-de-embarcacion-vinculada-a-la-salmonicultura\\\/#breadcrumb\",\"itemListElement\":[{\"@type\":\"ListItem\",\"position\":1,\"name\":\"Portada\",\"item\":\"https:\\\/\\\/www.mundoacuicola.cl\\\/new\\\/\"},{\"@type\":\"ListItem\",\"position\":2,\"name\":\"Reportan desaparecidos tras hundimiento de embarcaci\u00f3n vinculada a la salmonicultura\"}]},{\"@type\":\"WebSite\",\"@id\":\"https:\\\/\\\/www.mundoacuicola.cl\\\/new\\\/#website\",\"url\":\"https:\\\/\\\/www.mundoacuicola.cl\\\/new\\\/\",\"name\":\"Mundoacuicola\",\"description\":\"Revista de Acuicultura.\",\"publisher\":{\"@id\":\"https:\\\/\\\/www.mundoacuicola.cl\\\/new\\\/#organization\"},\"potentialAction\":[{\"@type\":\"SearchAction\",\"target\":{\"@type\":\"EntryPoint\",\"urlTemplate\":\"https:\\\/\\\/www.mundoacuicola.cl\\\/new\\\/?s={search_term_string}\"},\"query-input\":{\"@type\":\"PropertyValueSpecification\",\"valueRequired\":true,\"valueName\":\"search_term_string\"}}],\"inLanguage\":\"es\"},{\"@type\":\"Organization\",\"@id\":\"https:\\\/\\\/www.mundoacuicola.cl\\\/new\\\/#organization\",\"name\":\"Mundoacuicola\",\"url\":\"https:\\\/\\\/www.mundoacuicola.cl\\\/new\\\/\",\"logo\":{\"@type\":\"ImageObject\",\"inLanguage\":\"es\",\"@id\":\"https:\\\/\\\/www.mundoacuicola.cl\\\/new\\\/#\\\/schema\\\/logo\\\/image\\\/\",\"url\":\"https:\\\/\\\/www.mundoacuicola.cl\\\/new\\\/wp-content\\\/uploads\\\/2026\\\/01\\\/cropped-LOGO-Mundo-Acuicola-2026.png\",\"contentUrl\":\"https:\\\/\\\/www.mundoacuicola.cl\\\/new\\\/wp-content\\\/uploads\\\/2026\\\/01\\\/cropped-LOGO-Mundo-Acuicola-2026.png\",\"width\":1252,\"height\":296,\"caption\":\"Mundoacuicola\"},\"image\":{\"@id\":\"https:\\\/\\\/www.mundoacuicola.cl\\\/new\\\/#\\\/schema\\\/logo\\\/image\\\/\"},\"sameAs\":[\"https:\\\/\\\/www.facebook.com\\\/mundo.acuicola\\\/\",\"https:\\\/\\\/x.com\\\/mundoacuicola\",\"https:\\\/\\\/www.linkedin.com\\\/in\\\/mundo-acuicola\"]},{\"@type\":\"Person\",\"@id\":\"https:\\\/\\\/www.mundoacuicola.cl\\\/new\\\/#\\\/schema\\\/person\\\/52cfe7e461eb2d30484965350ee34bdd\",\"name\":\"Ricardo Alvarez\",\"url\":\"https:\\\/\\\/www.mundoacuicola.cl\\\/new\\\/author\\\/ricardo\\\/\"}]}<\/script>\n<!-- \/ Yoast SEO plugin. -->","yoast_head_json":{"title":"Reportan desaparecidos tras hundimiento de embarcaci\u00f3n vinculada a la salmonicultura - Mundoacuicola","description":"Operativo de b\u00fasqueda contin\u00faa tras hundimiento de catamar\u00e1n de apoyo salmonero en el Estuario de Reloncav\u00ed.","robots":{"index":"index","follow":"follow","max-snippet":"max-snippet:-1","max-image-preview":"max-image-preview:large","max-video-preview":"max-video-preview:-1"},"canonical":"https:\/\/www.mundoacuicola.cl\/new\/reportan-desaparecidos-tras-hundimiento-de-embarcacion-vinculada-a-la-salmonicultura\/","og_locale":"es_ES","og_type":"article","og_title":"Reportan desaparecidos tras hundimiento de embarcaci\u00f3n vinculada a la salmonicultura - Mundoacuicola","og_description":"Operativo de b\u00fasqueda contin\u00faa tras hundimiento de catamar\u00e1n de apoyo salmonero en el Estuario de Reloncav\u00ed.","og_url":"https:\/\/www.mundoacuicola.cl\/new\/reportan-desaparecidos-tras-hundimiento-de-embarcacion-vinculada-a-la-salmonicultura\/","og_site_name":"Mundoacuicola","article_publisher":"https:\/\/www.facebook.com\/mundo.acuicola\/","article_published_time":"2026-01-27T12:32:43+00:00","article_modified_time":"2026-01-27T21:42:59+00:00","og_image":[{"width":1200,"height":675,"url":"https:\/\/www.mundoacuicola.cl\/new\/wp-content\/uploads\/2026\/01\/NaufraugioSalmonero2.jpeg","type":"image\/jpeg"}],"author":"Ricardo Alvarez","twitter_card":"summary_large_image","twitter_creator":"@mundoacuicola","twitter_site":"@mundoacuicola","twitter_misc":{"Escrito por":"Ricardo Alvarez","Tiempo de lectura":"2 minutos"},"schema":{"@context":"https:\/\/schema.org","@graph":[{"@type":"Article","@id":"https:\/\/www.mundoacuicola.cl\/new\/reportan-desaparecidos-tras-hundimiento-de-embarcacion-vinculada-a-la-salmonicultura\/#article","isPartOf":{"@id":"https:\/\/www.mundoacuicola.cl\/new\/reportan-desaparecidos-tras-hundimiento-de-embarcacion-vinculada-a-la-salmonicultura\/"},"author":{"name":"Ricardo Alvarez","@id":"https:\/\/www.mundoacuicola.cl\/new\/#\/schema\/person\/52cfe7e461eb2d30484965350ee34bdd"},"headline":"Reportan desaparecidos tras hundimiento de embarcaci\u00f3n vinculada a la salmonicultura","datePublished":"2026-01-27T12:32:43+00:00","dateModified":"2026-01-27T21:42:59+00:00","mainEntityOfPage":{"@id":"https:\/\/www.mundoacuicola.cl\/new\/reportan-desaparecidos-tras-hundimiento-de-embarcacion-vinculada-a-la-salmonicultura\/"},"wordCount":295,"publisher":{"@id":"https:\/\/www.mundoacuicola.cl\/new\/#organization"},"image":{"@id":"https:\/\/www.mundoacuicola.cl\/new\/reportan-desaparecidos-tras-hundimiento-de-embarcacion-vinculada-a-la-salmonicultura\/#primaryimage"},"thumbnailUrl":"https:\/\/www.mundoacuicola.cl\/new\/wp-content\/uploads\/2026\/01\/NaufraugioSalmonero2.jpeg","keywords":["accidente mar\u00edtimo","Armada de Chile","b\u00fasqueda y rescate","catamar\u00e1n","Cocham\u00f3","Estuario de Reloncav\u00ed","hundimiento","Puerto Montt","salmonicultura","SENAPRED"],"articleSection":["Mar\u00edtimo"],"inLanguage":"es"},{"@type":"WebPage","@id":"https:\/\/www.mundoacuicola.cl\/new\/reportan-desaparecidos-tras-hundimiento-de-embarcacion-vinculada-a-la-salmonicultura\/","url":"https:\/\/www.mundoacuicola.cl\/new\/reportan-desaparecidos-tras-hundimiento-de-embarcacion-vinculada-a-la-salmonicultura\/","name":"Reportan desaparecidos tras hundimiento de embarcaci\u00f3n vinculada a la salmonicultura - Mundoacuicola","isPartOf":{"@id":"https:\/\/www.mundoacuicola.cl\/new\/#website"},"primaryImageOfPage":{"@id":"https:\/\/www.mundoacuicola.cl\/new\/reportan-desaparecidos-tras-hundimiento-de-embarcacion-vinculada-a-la-salmonicultura\/#primaryimage"},"image":{"@id":"https:\/\/www.mundoacuicola.cl\/new\/reportan-desaparecidos-tras-hundimiento-de-embarcacion-vinculada-a-la-salmonicultura\/#primaryimage"},"thumbnailUrl":"https:\/\/www.mundoacuicola.cl\/new\/wp-content\/uploads\/2026\/01\/NaufraugioSalmonero2.jpeg","datePublished":"2026-01-27T12:32:43+00:00","dateModified":"2026-01-27T21:42:59+00:00","description":"Operativo de b\u00fasqueda contin\u00faa tras hundimiento de catamar\u00e1n de apoyo salmonero en el Estuario de Reloncav\u00ed.","breadcrumb":{"@id":"https:\/\/www.mundoacuicola.cl\/new\/reportan-desaparecidos-tras-hundimiento-de-embarcacion-vinculada-a-la-salmonicultura\/#breadcrumb"},"inLanguage":"es","potentialAction":[{"@type":"ReadAction","target":["https:\/\/www.mundoacuicola.cl\/new\/reportan-desaparecidos-tras-hundimiento-de-embarcacion-vinculada-a-la-salmonicultura\/"]}]},{"@type":"ImageObject","inLanguage":"es","@id":"https:\/\/www.mundoacuicola.cl\/new\/reportan-desaparecidos-tras-hundimiento-de-embarcacion-vinculada-a-la-salmonicultura\/#primaryimage","url":"https:\/\/www.mundoacuicola.cl\/new\/wp-content\/uploads\/2026\/01\/NaufraugioSalmonero2.jpeg","contentUrl":"https:\/\/www.mundoacuicola.cl\/new\/wp-content\/uploads\/2026\/01\/NaufraugioSalmonero2.jpeg","width":1200,"height":675},{"@type":"BreadcrumbList","@id":"https:\/\/www.mundoacuicola.cl\/new\/reportan-desaparecidos-tras-hundimiento-de-embarcacion-vinculada-a-la-salmonicultura\/#breadcrumb","itemListElement":[{"@type":"ListItem","position":1,"name":"Portada","item":"https:\/\/www.mundoacuicola.cl\/new\/"},{"@type":"ListItem","position":2,"name":"Reportan desaparecidos tras hundimiento de embarcaci\u00f3n vinculada a la salmonicultura"}]},{"@type":"WebSite","@id":"https:\/\/www.mundoacuicola.cl\/new\/#website","url":"https:\/\/www.mundoacuicola.cl\/new\/","name":"Mundoacuicola","description":"Revista de Acuicultura.","publisher":{"@id":"https:\/\/www.mundoacuicola.cl\/new\/#organization"},"potentialAction":[{"@type":"SearchAction","target":{"@type":"EntryPoint","urlTemplate":"https:\/\/www.mundoacuicola.cl\/new\/?s={search_term_string}"},"query-input":{"@type":"PropertyValueSpecification","valueRequired":true,"valueName":"search_term_string"}}],"inLanguage":"es"},{"@type":"Organization","@id":"https:\/\/www.mundoacuicola.cl\/new\/#organization","name":"Mundoacuicola","url":"https:\/\/www.mundoacuicola.cl\/new\/","logo":{"@type":"ImageObject","inLanguage":"es","@id":"https:\/\/www.mundoacuicola.cl\/new\/#\/schema\/logo\/image\/","url":"https:\/\/www.mundoacuicola.cl\/new\/wp-content\/uploads\/2026\/01\/cropped-LOGO-Mundo-Acuicola-2026.png","contentUrl":"https:\/\/www.mundoacuicola.cl\/new\/wp-content\/uploads\/2026\/01\/cropped-LOGO-Mundo-Acuicola-2026.png","width":1252,"height":296,"caption":"Mundoacuicola"},"image":{"@id":"https:\/\/www.mundoacuicola.cl\/new\/#\/schema\/logo\/image\/"},"sameAs":["https:\/\/www.facebook.com\/mundo.acuicola\/","https:\/\/x.com\/mundoacuicola","https:\/\/www.linkedin.com\/in\/mundo-acuicola"]},{"@type":"Person","@id":"https:\/\/www.mundoacuicola.cl\/new\/#\/schema\/person\/52cfe7e461eb2d30484965350ee34bdd","name":"Ricardo Alvarez","url":"https:\/\/www.mundoacuicola.cl\/new\/author\/ricardo\/"}]}},"_links":{"self":[{"href":"https:\/\/www.mundoacuicola.cl\/new\/wp-json\/wp\/v2\/posts\/84780","targetHints":{"allow":["GET"]}}],"collection":[{"href":"https:\/\/www.mundoacuicola.cl\/new\/wp-json\/wp\/v2\/posts"}],"about":[{"href":"https:\/\/www.mundoacuicola.cl\/new\/wp-json\/wp\/v2\/types\/post"}],"author":[{"embeddable":true,"href":"https:\/\/www.mundoacuicola.cl\/new\/wp-json\/wp\/v2\/users\/8"}],"replies":[{"embeddable":true,"href":"https:\/\/www.mundoacuicola.cl\/new\/wp-json\/wp\/v2\/comments?post=84780"}],"version-history":[{"count":0,"href":"https:\/\/www.mundoacuicola.cl\/new\/wp-json\/wp\/v2\/posts\/84780\/revisions"}],"wp:featuredmedia":[{"embeddable":true,"href":"https:\/\/www.mundoacuicola.cl\/new\/wp-json\/wp\/v2\/media\/84783"}],"wp:attachment":[{"href":"https:\/\/www.mundoacuicola.cl\/new\/wp-json\/wp\/v2\/media?parent=84780"}],"wp:term":[{"taxonomy":"category","embeddable":true,"href":"https:\/\/www.mundoacuicola.cl\/new\/wp-json\/wp\/v2\/categories?post=84780"},{"taxonomy":"post_tag","embeddable":true,"href":"https:\/\/www.mundoacuicola.cl\/new\/wp-json\/wp\/v2\/tags?post=84780"}],"curies":[{"name":"wp","href":"https:\/\/api.w.org\/{rel}","templated":true}]}}