{"id":84836,"date":"2026-01-27T16:38:39","date_gmt":"2026-01-27T20:38:39","guid":{"rendered":"https:\/\/www.mundoacuicola.cl\/new\/?p=84836"},"modified":"2026-01-28T15:27:50","modified_gmt":"2026-01-28T19:27:50","slug":"salmones-austral-emite-declaracion-por-hundimiento-de-embarcacion-en-ralun","status":"publish","type":"post","link":"https:\/\/www.mundoacuicola.cl\/new\/salmones-austral-emite-declaracion-por-hundimiento-de-embarcacion-en-ralun\/","title":{"rendered":"Salmones Austral emite declaraci\u00f3n por hundimiento de embarcaci\u00f3n en Ral\u00fan"},"content":{"rendered":"<p data-start=\"453\" data-end=\"747\">Salmones Austral emiti\u00f3 una declaraci\u00f3n p\u00fablica tras el hundimiento de la embarcaci\u00f3n Ko\u00f1imo I, ocurrido durante la madrugada de este martes en el Estuario de Reloncav\u00ed, mientras contin\u00faan las labores de b\u00fasqueda de cuatro tripulantes que permanecen desaparecidos.<\/p>\n<p data-start=\"749\" data-end=\"1174\">La embarcaci\u00f3n, perteneciente a la empresa Ko\u00f1imo, prestaba servicios de apoyo a un centro de cultivo de Salmones Austral y, seg\u00fan los antecedentes disponibles, se habr\u00eda encontrado fondeada al momento del incidente. En el transcurso del d\u00eda se confirm\u00f3 el hallazgo de dos personas fallecidas, mientras que dos tripulantes fueron rescatados con vida en un inicio. Las operaciones de b\u00fasqueda y salvataje siguen en desarrollo.<\/p>\n<p data-start=\"1176\" data-end=\"1682\">En su declaraci\u00f3n, la compa\u00f1\u00eda se\u00f1al\u00f3 que \u201ccomo compa\u00f1\u00eda, lamentamos profundamente el fallecimiento de dos de los tripulantes y la desaparici\u00f3n de cuatro personas tras el hundimiento de la embarcaci\u00f3n Ko\u00f1imo I, de la empresa Ko\u00f1imo, a eso de las 04:00 horas y por razones que est\u00e1n siendo investigadas por las autoridades\u201d. Agreg\u00f3 que, seg\u00fan la informaci\u00f3n que se les ha entregado, la nave \u201cse habr\u00eda hundido mientras se encontraba fondeada a 70 metros de la orilla y bajo condiciones clim\u00e1ticas normales\u201d.<\/p>\n<h3 data-start=\"1176\" data-end=\"1682\"><strong>Antecedentes<\/strong><\/h3>\n<p data-start=\"1684\" data-end=\"2302\">Salmones Austral precis\u00f3 que Ko\u00f1imo es una empresa especializada en labores de mantenci\u00f3n de infraestructura que les presta servicios de manera espor\u00e1dica y que la embarcaci\u00f3n contaba con todos sus permisos al d\u00eda. Asimismo, indic\u00f3 que las faenas en su centro de cultivo hab\u00edan finalizado a las 18:00 horas del lunes, por lo que al momento del hundimiento la tripulaci\u00f3n se encontraba descansando al interior de la nave. \u201cSus labores en nuestro centro finalizaron a las 18.00 horas del d\u00eda lunes, por lo que al momento del hundimiento la tripulaci\u00f3n se encontraba descansando al interior de la nave Ko\u00f1imo I\u201d, sostuvo.<\/p>\n<p data-start=\"2304\" data-end=\"2775\">La empresa inform\u00f3 adem\u00e1s que, una vez alertada del hundimiento, tom\u00f3 contacto inmediato con las autoridades competentes y dispuso recursos para apoyar las labores de b\u00fasqueda. \u201cComo compa\u00f1\u00eda desplegamos todos nuestros recursos humanos y t\u00e9cnicos para colaborar en el rescate, disponiendo equipos t\u00e9cnicos en terreno, ROVs submarinos, embarcaciones de apoyo y buzos especializados\u201d, se\u00f1al\u00f3, indicando que estos equipos se mantienen a disposici\u00f3n de la autoridad mar\u00edtima.<\/p>\n<p data-start=\"2777\" data-end=\"3335\">Finalmente, Salmones Austral afirm\u00f3 que su prioridad es colaborar con las labores de b\u00fasqueda. \u201cHoy nuestra prioridad es colaborar activamente en las labores de b\u00fasqueda de las cuatro personas desaparecidas y acompa\u00f1ar a sus familias y a los seres queridos de los dos tripulantes fallecidos y de los dos sobrevivientes\u201d, indic\u00f3, a\u00f1adiendo que mantendr\u00e1 sus equipos desplegados por el per\u00edodo que sea necesario y que solicit\u00f3 a la empresa Ko\u00f1imo realizar una investigaci\u00f3n para esclarecer lo ocurrido.<\/p>\n","protected":false},"excerpt":{"rendered":"<p>Salmones Austral se refiri\u00f3 al hundimiento de la embarcaci\u00f3n Ko\u00f1imo I en el Estuario de Reloncav\u00ed, mientras contin\u00faan las labores de b\u00fasqueda de cuatro tripulantes que permanecen desaparecidos.<\/p>\n","protected":false},"author":10,"featured_media":84837,"comment_status":"closed","ping_status":"closed","sticky":false,"template":"","format":"standard","meta":{"footnotes":""},"categories":[12],"tags":[122,2907,28707,6027,137,721,197],"class_list":["post-84836","post","type-post","status-publish","format-standard","has-post-thumbnail","hentry","category-maritimo","tag-industria-acuicola","tag-industria-salmonera","tag-konimo-i","tag-salmonera","tag-salmones","tag-salmones-austral","tag-salmonicultura"],"yoast_head":"<!-- This site is optimized with the Yoast SEO plugin v27.5 - https:\/\/yoast.com\/product\/yoast-seo-wordpress\/ -->\n<title>Salmones Austral emite declaraci\u00f3n por hundimiento de embarcaci\u00f3n en Ral\u00fan - Mundoacuicola<\/title>\n<meta name=\"description\" content=\"Salmones Austral se refiri\u00f3 al hundimiento de la embarcaci\u00f3n Ko\u00f1imo I en el Estuario de Reloncav\u00ed, mientras contin\u00faan labores de b\u00fasqueda.\" \/>\n<meta name=\"robots\" content=\"index, follow, max-snippet:-1, max-image-preview:large, max-video-preview:-1\" \/>\n<link rel=\"canonical\" href=\"https:\/\/www.mundoacuicola.cl\/new\/salmones-austral-emite-declaracion-por-hundimiento-de-embarcacion-en-ralun\/\" \/>\n<meta property=\"og:locale\" content=\"es_ES\" \/>\n<meta property=\"og:type\" content=\"article\" \/>\n<meta property=\"og:title\" content=\"Salmones Austral emite declaraci\u00f3n por hundimiento de embarcaci\u00f3n en Ral\u00fan - Mundoacuicola\" \/>\n<meta property=\"og:description\" content=\"Salmones Austral se refiri\u00f3 al hundimiento de la embarcaci\u00f3n Ko\u00f1imo I en el Estuario de Reloncav\u00ed, mientras contin\u00faan labores de b\u00fasqueda.\" \/>\n<meta property=\"og:url\" content=\"https:\/\/www.mundoacuicola.cl\/new\/salmones-austral-emite-declaracion-por-hundimiento-de-embarcacion-en-ralun\/\" \/>\n<meta property=\"og:site_name\" content=\"Mundoacuicola\" \/>\n<meta property=\"article:publisher\" content=\"https:\/\/www.facebook.com\/mundo.acuicola\/\" \/>\n<meta property=\"article:published_time\" content=\"2026-01-27T20:38:39+00:00\" \/>\n<meta property=\"article:modified_time\" content=\"2026-01-28T19:27:50+00:00\" \/>\n<meta property=\"og:image\" content=\"https:\/\/www.mundoacuicola.cl\/new\/wp-content\/uploads\/2026\/01\/Konimo.jpg\" \/>\n\t<meta property=\"og:image:width\" content=\"1200\" \/>\n\t<meta property=\"og:image:height\" content=\"700\" \/>\n\t<meta property=\"og:image:type\" content=\"image\/jpeg\" \/>\n<meta name=\"author\" content=\"mbarrueto\" \/>\n<meta name=\"twitter:card\" content=\"summary_large_image\" \/>\n<meta name=\"twitter:creator\" content=\"@mundoacuicola\" \/>\n<meta name=\"twitter:site\" content=\"@mundoacuicola\" \/>\n<meta name=\"twitter:label1\" content=\"Escrito por\" \/>\n\t<meta name=\"twitter:data1\" content=\"mbarrueto\" \/>\n\t<meta name=\"twitter:label2\" content=\"Tiempo de lectura\" \/>\n\t<meta name=\"twitter:data2\" content=\"3 minutos\" \/>\n<script type=\"application\/ld+json\" class=\"yoast-schema-graph\">{\"@context\":\"https:\\\/\\\/schema.org\",\"@graph\":[{\"@type\":\"Article\",\"@id\":\"https:\\\/\\\/www.mundoacuicola.cl\\\/new\\\/salmones-austral-emite-declaracion-por-hundimiento-de-embarcacion-en-ralun\\\/#article\",\"isPartOf\":{\"@id\":\"https:\\\/\\\/www.mundoacuicola.cl\\\/new\\\/salmones-austral-emite-declaracion-por-hundimiento-de-embarcacion-en-ralun\\\/\"},\"author\":{\"name\":\"mbarrueto\",\"@id\":\"https:\\\/\\\/www.mundoacuicola.cl\\\/new\\\/#\\\/schema\\\/person\\\/c00ffe389abb88bd9254653add139315\"},\"headline\":\"Salmones Austral emite declaraci\u00f3n por hundimiento de embarcaci\u00f3n en Ral\u00fan\",\"datePublished\":\"2026-01-27T20:38:39+00:00\",\"dateModified\":\"2026-01-28T19:27:50+00:00\",\"mainEntityOfPage\":{\"@id\":\"https:\\\/\\\/www.mundoacuicola.cl\\\/new\\\/salmones-austral-emite-declaracion-por-hundimiento-de-embarcacion-en-ralun\\\/\"},\"wordCount\":489,\"publisher\":{\"@id\":\"https:\\\/\\\/www.mundoacuicola.cl\\\/new\\\/#organization\"},\"image\":{\"@id\":\"https:\\\/\\\/www.mundoacuicola.cl\\\/new\\\/salmones-austral-emite-declaracion-por-hundimiento-de-embarcacion-en-ralun\\\/#primaryimage\"},\"thumbnailUrl\":\"https:\\\/\\\/www.mundoacuicola.cl\\\/new\\\/wp-content\\\/uploads\\\/2026\\\/01\\\/Konimo.jpg\",\"keywords\":[\"Industria Acu\u00edcola\",\"Industria salmonera\",\"Ko\u00f1imo I\",\"salmonera\",\"salmones\",\"Salmones Austral\",\"salmonicultura\"],\"articleSection\":[\"Mar\u00edtimo\"],\"inLanguage\":\"es\"},{\"@type\":\"WebPage\",\"@id\":\"https:\\\/\\\/www.mundoacuicola.cl\\\/new\\\/salmones-austral-emite-declaracion-por-hundimiento-de-embarcacion-en-ralun\\\/\",\"url\":\"https:\\\/\\\/www.mundoacuicola.cl\\\/new\\\/salmones-austral-emite-declaracion-por-hundimiento-de-embarcacion-en-ralun\\\/\",\"name\":\"Salmones Austral emite declaraci\u00f3n por hundimiento de embarcaci\u00f3n en Ral\u00fan - Mundoacuicola\",\"isPartOf\":{\"@id\":\"https:\\\/\\\/www.mundoacuicola.cl\\\/new\\\/#website\"},\"primaryImageOfPage\":{\"@id\":\"https:\\\/\\\/www.mundoacuicola.cl\\\/new\\\/salmones-austral-emite-declaracion-por-hundimiento-de-embarcacion-en-ralun\\\/#primaryimage\"},\"image\":{\"@id\":\"https:\\\/\\\/www.mundoacuicola.cl\\\/new\\\/salmones-austral-emite-declaracion-por-hundimiento-de-embarcacion-en-ralun\\\/#primaryimage\"},\"thumbnailUrl\":\"https:\\\/\\\/www.mundoacuicola.cl\\\/new\\\/wp-content\\\/uploads\\\/2026\\\/01\\\/Konimo.jpg\",\"datePublished\":\"2026-01-27T20:38:39+00:00\",\"dateModified\":\"2026-01-28T19:27:50+00:00\",\"description\":\"Salmones Austral se refiri\u00f3 al hundimiento de la embarcaci\u00f3n Ko\u00f1imo I en el Estuario de Reloncav\u00ed, mientras contin\u00faan labores de b\u00fasqueda.\",\"breadcrumb\":{\"@id\":\"https:\\\/\\\/www.mundoacuicola.cl\\\/new\\\/salmones-austral-emite-declaracion-por-hundimiento-de-embarcacion-en-ralun\\\/#breadcrumb\"},\"inLanguage\":\"es\",\"potentialAction\":[{\"@type\":\"ReadAction\",\"target\":[\"https:\\\/\\\/www.mundoacuicola.cl\\\/new\\\/salmones-austral-emite-declaracion-por-hundimiento-de-embarcacion-en-ralun\\\/\"]}]},{\"@type\":\"ImageObject\",\"inLanguage\":\"es\",\"@id\":\"https:\\\/\\\/www.mundoacuicola.cl\\\/new\\\/salmones-austral-emite-declaracion-por-hundimiento-de-embarcacion-en-ralun\\\/#primaryimage\",\"url\":\"https:\\\/\\\/www.mundoacuicola.cl\\\/new\\\/wp-content\\\/uploads\\\/2026\\\/01\\\/Konimo.jpg\",\"contentUrl\":\"https:\\\/\\\/www.mundoacuicola.cl\\\/new\\\/wp-content\\\/uploads\\\/2026\\\/01\\\/Konimo.jpg\",\"width\":1200,\"height\":700},{\"@type\":\"BreadcrumbList\",\"@id\":\"https:\\\/\\\/www.mundoacuicola.cl\\\/new\\\/salmones-austral-emite-declaracion-por-hundimiento-de-embarcacion-en-ralun\\\/#breadcrumb\",\"itemListElement\":[{\"@type\":\"ListItem\",\"position\":1,\"name\":\"Portada\",\"item\":\"https:\\\/\\\/www.mundoacuicola.cl\\\/new\\\/\"},{\"@type\":\"ListItem\",\"position\":2,\"name\":\"Salmones Austral emite declaraci\u00f3n por hundimiento de embarcaci\u00f3n en Ral\u00fan\"}]},{\"@type\":\"WebSite\",\"@id\":\"https:\\\/\\\/www.mundoacuicola.cl\\\/new\\\/#website\",\"url\":\"https:\\\/\\\/www.mundoacuicola.cl\\\/new\\\/\",\"name\":\"Mundoacuicola\",\"description\":\"Revista de Acuicultura.\",\"publisher\":{\"@id\":\"https:\\\/\\\/www.mundoacuicola.cl\\\/new\\\/#organization\"},\"potentialAction\":[{\"@type\":\"SearchAction\",\"target\":{\"@type\":\"EntryPoint\",\"urlTemplate\":\"https:\\\/\\\/www.mundoacuicola.cl\\\/new\\\/?s={search_term_string}\"},\"query-input\":{\"@type\":\"PropertyValueSpecification\",\"valueRequired\":true,\"valueName\":\"search_term_string\"}}],\"inLanguage\":\"es\"},{\"@type\":\"Organization\",\"@id\":\"https:\\\/\\\/www.mundoacuicola.cl\\\/new\\\/#organization\",\"name\":\"Mundoacuicola\",\"url\":\"https:\\\/\\\/www.mundoacuicola.cl\\\/new\\\/\",\"logo\":{\"@type\":\"ImageObject\",\"inLanguage\":\"es\",\"@id\":\"https:\\\/\\\/www.mundoacuicola.cl\\\/new\\\/#\\\/schema\\\/logo\\\/image\\\/\",\"url\":\"https:\\\/\\\/www.mundoacuicola.cl\\\/new\\\/wp-content\\\/uploads\\\/2026\\\/01\\\/cropped-LOGO-Mundo-Acuicola-2026.png\",\"contentUrl\":\"https:\\\/\\\/www.mundoacuicola.cl\\\/new\\\/wp-content\\\/uploads\\\/2026\\\/01\\\/cropped-LOGO-Mundo-Acuicola-2026.png\",\"width\":1252,\"height\":296,\"caption\":\"Mundoacuicola\"},\"image\":{\"@id\":\"https:\\\/\\\/www.mundoacuicola.cl\\\/new\\\/#\\\/schema\\\/logo\\\/image\\\/\"},\"sameAs\":[\"https:\\\/\\\/www.facebook.com\\\/mundo.acuicola\\\/\",\"https:\\\/\\\/x.com\\\/mundoacuicola\",\"https:\\\/\\\/www.linkedin.com\\\/in\\\/mundo-acuicola\"]},{\"@type\":\"Person\",\"@id\":\"https:\\\/\\\/www.mundoacuicola.cl\\\/new\\\/#\\\/schema\\\/person\\\/c00ffe389abb88bd9254653add139315\",\"name\":\"mbarrueto\",\"url\":\"https:\\\/\\\/www.mundoacuicola.cl\\\/new\\\/author\\\/mbarrueto\\\/\"}]}<\/script>\n<!-- \/ Yoast SEO plugin. -->","yoast_head_json":{"title":"Salmones Austral emite declaraci\u00f3n por hundimiento de embarcaci\u00f3n en Ral\u00fan - Mundoacuicola","description":"Salmones Austral se refiri\u00f3 al hundimiento de la embarcaci\u00f3n Ko\u00f1imo I en el Estuario de Reloncav\u00ed, mientras contin\u00faan labores de b\u00fasqueda.","robots":{"index":"index","follow":"follow","max-snippet":"max-snippet:-1","max-image-preview":"max-image-preview:large","max-video-preview":"max-video-preview:-1"},"canonical":"https:\/\/www.mundoacuicola.cl\/new\/salmones-austral-emite-declaracion-por-hundimiento-de-embarcacion-en-ralun\/","og_locale":"es_ES","og_type":"article","og_title":"Salmones Austral emite declaraci\u00f3n por hundimiento de embarcaci\u00f3n en Ral\u00fan - Mundoacuicola","og_description":"Salmones Austral se refiri\u00f3 al hundimiento de la embarcaci\u00f3n Ko\u00f1imo I en el Estuario de Reloncav\u00ed, mientras contin\u00faan labores de b\u00fasqueda.","og_url":"https:\/\/www.mundoacuicola.cl\/new\/salmones-austral-emite-declaracion-por-hundimiento-de-embarcacion-en-ralun\/","og_site_name":"Mundoacuicola","article_publisher":"https:\/\/www.facebook.com\/mundo.acuicola\/","article_published_time":"2026-01-27T20:38:39+00:00","article_modified_time":"2026-01-28T19:27:50+00:00","og_image":[{"width":1200,"height":700,"url":"https:\/\/www.mundoacuicola.cl\/new\/wp-content\/uploads\/2026\/01\/Konimo.jpg","type":"image\/jpeg"}],"author":"mbarrueto","twitter_card":"summary_large_image","twitter_creator":"@mundoacuicola","twitter_site":"@mundoacuicola","twitter_misc":{"Escrito por":"mbarrueto","Tiempo de lectura":"3 minutos"},"schema":{"@context":"https:\/\/schema.org","@graph":[{"@type":"Article","@id":"https:\/\/www.mundoacuicola.cl\/new\/salmones-austral-emite-declaracion-por-hundimiento-de-embarcacion-en-ralun\/#article","isPartOf":{"@id":"https:\/\/www.mundoacuicola.cl\/new\/salmones-austral-emite-declaracion-por-hundimiento-de-embarcacion-en-ralun\/"},"author":{"name":"mbarrueto","@id":"https:\/\/www.mundoacuicola.cl\/new\/#\/schema\/person\/c00ffe389abb88bd9254653add139315"},"headline":"Salmones Austral emite declaraci\u00f3n por hundimiento de embarcaci\u00f3n en Ral\u00fan","datePublished":"2026-01-27T20:38:39+00:00","dateModified":"2026-01-28T19:27:50+00:00","mainEntityOfPage":{"@id":"https:\/\/www.mundoacuicola.cl\/new\/salmones-austral-emite-declaracion-por-hundimiento-de-embarcacion-en-ralun\/"},"wordCount":489,"publisher":{"@id":"https:\/\/www.mundoacuicola.cl\/new\/#organization"},"image":{"@id":"https:\/\/www.mundoacuicola.cl\/new\/salmones-austral-emite-declaracion-por-hundimiento-de-embarcacion-en-ralun\/#primaryimage"},"thumbnailUrl":"https:\/\/www.mundoacuicola.cl\/new\/wp-content\/uploads\/2026\/01\/Konimo.jpg","keywords":["Industria Acu\u00edcola","Industria salmonera","Ko\u00f1imo I","salmonera","salmones","Salmones Austral","salmonicultura"],"articleSection":["Mar\u00edtimo"],"inLanguage":"es"},{"@type":"WebPage","@id":"https:\/\/www.mundoacuicola.cl\/new\/salmones-austral-emite-declaracion-por-hundimiento-de-embarcacion-en-ralun\/","url":"https:\/\/www.mundoacuicola.cl\/new\/salmones-austral-emite-declaracion-por-hundimiento-de-embarcacion-en-ralun\/","name":"Salmones Austral emite declaraci\u00f3n por hundimiento de embarcaci\u00f3n en Ral\u00fan - Mundoacuicola","isPartOf":{"@id":"https:\/\/www.mundoacuicola.cl\/new\/#website"},"primaryImageOfPage":{"@id":"https:\/\/www.mundoacuicola.cl\/new\/salmones-austral-emite-declaracion-por-hundimiento-de-embarcacion-en-ralun\/#primaryimage"},"image":{"@id":"https:\/\/www.mundoacuicola.cl\/new\/salmones-austral-emite-declaracion-por-hundimiento-de-embarcacion-en-ralun\/#primaryimage"},"thumbnailUrl":"https:\/\/www.mundoacuicola.cl\/new\/wp-content\/uploads\/2026\/01\/Konimo.jpg","datePublished":"2026-01-27T20:38:39+00:00","dateModified":"2026-01-28T19:27:50+00:00","description":"Salmones Austral se refiri\u00f3 al hundimiento de la embarcaci\u00f3n Ko\u00f1imo I en el Estuario de Reloncav\u00ed, mientras contin\u00faan labores de b\u00fasqueda.","breadcrumb":{"@id":"https:\/\/www.mundoacuicola.cl\/new\/salmones-austral-emite-declaracion-por-hundimiento-de-embarcacion-en-ralun\/#breadcrumb"},"inLanguage":"es","potentialAction":[{"@type":"ReadAction","target":["https:\/\/www.mundoacuicola.cl\/new\/salmones-austral-emite-declaracion-por-hundimiento-de-embarcacion-en-ralun\/"]}]},{"@type":"ImageObject","inLanguage":"es","@id":"https:\/\/www.mundoacuicola.cl\/new\/salmones-austral-emite-declaracion-por-hundimiento-de-embarcacion-en-ralun\/#primaryimage","url":"https:\/\/www.mundoacuicola.cl\/new\/wp-content\/uploads\/2026\/01\/Konimo.jpg","contentUrl":"https:\/\/www.mundoacuicola.cl\/new\/wp-content\/uploads\/2026\/01\/Konimo.jpg","width":1200,"height":700},{"@type":"BreadcrumbList","@id":"https:\/\/www.mundoacuicola.cl\/new\/salmones-austral-emite-declaracion-por-hundimiento-de-embarcacion-en-ralun\/#breadcrumb","itemListElement":[{"@type":"ListItem","position":1,"name":"Portada","item":"https:\/\/www.mundoacuicola.cl\/new\/"},{"@type":"ListItem","position":2,"name":"Salmones Austral emite declaraci\u00f3n por hundimiento de embarcaci\u00f3n en Ral\u00fan"}]},{"@type":"WebSite","@id":"https:\/\/www.mundoacuicola.cl\/new\/#website","url":"https:\/\/www.mundoacuicola.cl\/new\/","name":"Mundoacuicola","description":"Revista de Acuicultura.","publisher":{"@id":"https:\/\/www.mundoacuicola.cl\/new\/#organization"},"potentialAction":[{"@type":"SearchAction","target":{"@type":"EntryPoint","urlTemplate":"https:\/\/www.mundoacuicola.cl\/new\/?s={search_term_string}"},"query-input":{"@type":"PropertyValueSpecification","valueRequired":true,"valueName":"search_term_string"}}],"inLanguage":"es"},{"@type":"Organization","@id":"https:\/\/www.mundoacuicola.cl\/new\/#organization","name":"Mundoacuicola","url":"https:\/\/www.mundoacuicola.cl\/new\/","logo":{"@type":"ImageObject","inLanguage":"es","@id":"https:\/\/www.mundoacuicola.cl\/new\/#\/schema\/logo\/image\/","url":"https:\/\/www.mundoacuicola.cl\/new\/wp-content\/uploads\/2026\/01\/cropped-LOGO-Mundo-Acuicola-2026.png","contentUrl":"https:\/\/www.mundoacuicola.cl\/new\/wp-content\/uploads\/2026\/01\/cropped-LOGO-Mundo-Acuicola-2026.png","width":1252,"height":296,"caption":"Mundoacuicola"},"image":{"@id":"https:\/\/www.mundoacuicola.cl\/new\/#\/schema\/logo\/image\/"},"sameAs":["https:\/\/www.facebook.com\/mundo.acuicola\/","https:\/\/x.com\/mundoacuicola","https:\/\/www.linkedin.com\/in\/mundo-acuicola"]},{"@type":"Person","@id":"https:\/\/www.mundoacuicola.cl\/new\/#\/schema\/person\/c00ffe389abb88bd9254653add139315","name":"mbarrueto","url":"https:\/\/www.mundoacuicola.cl\/new\/author\/mbarrueto\/"}]}},"_links":{"self":[{"href":"https:\/\/www.mundoacuicola.cl\/new\/wp-json\/wp\/v2\/posts\/84836","targetHints":{"allow":["GET"]}}],"collection":[{"href":"https:\/\/www.mundoacuicola.cl\/new\/wp-json\/wp\/v2\/posts"}],"about":[{"href":"https:\/\/www.mundoacuicola.cl\/new\/wp-json\/wp\/v2\/types\/post"}],"author":[{"embeddable":true,"href":"https:\/\/www.mundoacuicola.cl\/new\/wp-json\/wp\/v2\/users\/10"}],"replies":[{"embeddable":true,"href":"https:\/\/www.mundoacuicola.cl\/new\/wp-json\/wp\/v2\/comments?post=84836"}],"version-history":[{"count":0,"href":"https:\/\/www.mundoacuicola.cl\/new\/wp-json\/wp\/v2\/posts\/84836\/revisions"}],"wp:featuredmedia":[{"embeddable":true,"href":"https:\/\/www.mundoacuicola.cl\/new\/wp-json\/wp\/v2\/media\/84837"}],"wp:attachment":[{"href":"https:\/\/www.mundoacuicola.cl\/new\/wp-json\/wp\/v2\/media?parent=84836"}],"wp:term":[{"taxonomy":"category","embeddable":true,"href":"https:\/\/www.mundoacuicola.cl\/new\/wp-json\/wp\/v2\/categories?post=84836"},{"taxonomy":"post_tag","embeddable":true,"href":"https:\/\/www.mundoacuicola.cl\/new\/wp-json\/wp\/v2\/tags?post=84836"}],"curies":[{"name":"wp","href":"https:\/\/api.w.org\/{rel}","templated":true}]}}