{"id":84855,"date":"2026-01-28T12:13:33","date_gmt":"2026-01-28T16:13:33","guid":{"rendered":"https:\/\/www.mundoacuicola.cl\/new\/?p=84855"},"modified":"2026-01-30T08:28:05","modified_gmt":"2026-01-30T12:28:05","slug":"salmonchile-conmemora-el-bicentenario-de-chiloe-destacando-50-anos-de-historia-compartida","status":"publish","type":"post","link":"https:\/\/www.mundoacuicola.cl\/new\/salmonchile-conmemora-el-bicentenario-de-chiloe-destacando-50-anos-de-historia-compartida\/","title":{"rendered":"SalmonChile conmemora el Bicentenario de Chilo\u00e9 destacando 50 a\u00f1os de historia compartida"},"content":{"rendered":"<p>El Bicentenario de la Anexi\u00f3n de Chilo\u00e9 a la Rep\u00fablica no es solo una efem\u00e9ride hist\u00f3rica. Para la salmonicultura nacional, representa la consolidaci\u00f3n de una actividad que cumple cinco d\u00e9cadas de vida estrechamente ligada al archipi\u00e9lago. En este contexto, SalmonChile ha desplegado una participaci\u00f3n estrat\u00e9gica en las ceremonias oficiales, reafirmando su compromiso con la historia, la identidad y el desarrollo sostenible de los territorios donde opera.<\/p>\n<p>La conmemoraci\u00f3n de estos 200 a\u00f1os coincide con un hito sectorial importante: los 50 a\u00f1os desde que la primera operaci\u00f3n salmonicultora se instal\u00f3 en aguas chilotas, marcando el inicio de una actividad que hoy posiciona a Chile como el segundo productor mundial de esta prote\u00edna y que sostiene m\u00e1s de 86.000 empleos directos e indirectos en el sur austral.<\/p>\n<p>La agenda del gremio, representada por Pablo Moraga, se centr\u00f3 en hitos de alto valor simb\u00f3lico y patrimonial. Desde la ceremonia en el hist\u00f3rico Fuerte San Antonio de Ancud \u2014que agrup\u00f3 a autoridades nacionales, regionales y locales\u2014 hasta la Misa de Acci\u00f3n de Gracias en el Templo San Francisco de Castro y la presentaci\u00f3n del Sello Postal Bicentenario, SalmonChile acompa\u00f1\u00f3 a la comunidad de Chilo\u00e9 en el reconocimiento de su identidad.<\/p>\n<p>Pero el compromiso de SalmonChile tambi\u00e9n se traduce en acciones. Y es que a trav\u00e9s de la alianza &#8216;Gremios Productivos por el Bicentenario&#8217;, el sector productivo coordina una agenda de 25 actividades que abarcan cultura, deporte, educaci\u00f3n, patrimonio e infraestructura, pensadas para que el impacto del Bicentenario llegue directamente a todos los vecinos de Chilo\u00e9.<\/p>\n<p>\u201cEste Bicentenario es una oportunidad para reafirmar los v\u00ednculos con toda la provincia de Chilo\u00e9 y con las comunidades que la conforman. Como gremio, creemos que el desarrollo del territorio debe construirse desde el respeto por su historia y su identidad, pero tambi\u00e9n con una mirada de futuro\u201d, destac\u00f3 Pablo Moraga, representante de SalmonChile en la Provincia de Chilo\u00e9.<\/p>\n<p>Para SalmonChile, el Bicentenario es tambi\u00e9n una oportunidad para reflexionar sobre medio siglo de historia compartida. En estos 50 a\u00f1os, la salmonicultura se ha integrado al dinamismo de la isla, contribuyendo a trav\u00e9s del encadenamiento productivo al surgimiento de emprendedores locales y prestadores de servicios que hoy son parte vital de la econom\u00eda de la zona.<\/p>\n<p>En ese sentido, el representante gremial puntualiz\u00f3 que \u201cel rol de SalmonChile y de las empresas que lo integran ha sido clave, aportando al empleo y al desarrollo sostenible del archipi\u00e9lago, fortaleciendo una relaci\u00f3n de largo plazo con Chilo\u00e9 y su gente\u00bb, puntualiz\u00f3 Moraga.<\/p>\n","protected":false},"excerpt":{"rendered":"<p>SalmonChile conmemor\u00f3 el Bicentenario de Chilo\u00e9 destacando 50 a\u00f1os de salmonicultura y su v\u00ednculo con el territorio.<\/p>\n","protected":false},"author":8,"featured_media":84858,"comment_status":"closed","ping_status":"closed","sticky":false,"template":"","format":"standard","meta":{"footnotes":""},"categories":[89],"tags":[28509,9606,28442,28715,19418,4022,170,3447,9144],"class_list":["post-84855","post","type-post","status-publish","format-standard","has-post-thumbnail","hentry","category-instituciones","tag-bicentenario-de-chiloe","tag-desarrollo-sostenible","tag-gremios-productivos","tag-historia-regional","tag-identidad-territorial","tag-industria-del-salmon","tag-salmonchile","tag-salmonicultura-chilena","tag-sur-austral"],"yoast_head":"<!-- This site is optimized with the Yoast SEO plugin v27.5 - https:\/\/yoast.com\/product\/yoast-seo-wordpress\/ -->\n<title>SalmonChile conmemora el Bicentenario de Chilo\u00e9 destacando 50 a\u00f1os de historia compartida - Mundoacuicola<\/title>\n<meta name=\"description\" content=\"SalmonChile conmemor\u00f3 el Bicentenario de Chilo\u00e9 destacando 50 a\u00f1os de salmonicultura y su v\u00ednculo con el territorio.\" \/>\n<meta name=\"robots\" content=\"index, follow, max-snippet:-1, max-image-preview:large, max-video-preview:-1\" \/>\n<link rel=\"canonical\" href=\"https:\/\/www.mundoacuicola.cl\/new\/salmonchile-conmemora-el-bicentenario-de-chiloe-destacando-50-anos-de-historia-compartida\/\" \/>\n<meta property=\"og:locale\" content=\"es_ES\" \/>\n<meta property=\"og:type\" content=\"article\" \/>\n<meta property=\"og:title\" content=\"SalmonChile conmemora el Bicentenario de Chilo\u00e9 destacando 50 a\u00f1os de historia compartida - Mundoacuicola\" \/>\n<meta property=\"og:description\" content=\"SalmonChile conmemor\u00f3 el Bicentenario de Chilo\u00e9 destacando 50 a\u00f1os de salmonicultura y su v\u00ednculo con el territorio.\" \/>\n<meta property=\"og:url\" content=\"https:\/\/www.mundoacuicola.cl\/new\/salmonchile-conmemora-el-bicentenario-de-chiloe-destacando-50-anos-de-historia-compartida\/\" \/>\n<meta property=\"og:site_name\" content=\"Mundoacuicola\" \/>\n<meta property=\"article:publisher\" content=\"https:\/\/www.facebook.com\/mundo.acuicola\/\" \/>\n<meta property=\"article:published_time\" content=\"2026-01-28T16:13:33+00:00\" \/>\n<meta property=\"article:modified_time\" content=\"2026-01-30T12:28:05+00:00\" \/>\n<meta property=\"og:image\" content=\"https:\/\/www.mundoacuicola.cl\/new\/wp-content\/uploads\/2026\/01\/BicentenarioChiloe3.jpg\" \/>\n\t<meta property=\"og:image:width\" content=\"1200\" \/>\n\t<meta property=\"og:image:height\" content=\"670\" \/>\n\t<meta property=\"og:image:type\" content=\"image\/jpeg\" \/>\n<meta name=\"author\" content=\"Ricardo Alvarez\" \/>\n<meta name=\"twitter:card\" content=\"summary_large_image\" \/>\n<meta name=\"twitter:creator\" content=\"@mundoacuicola\" \/>\n<meta name=\"twitter:site\" content=\"@mundoacuicola\" \/>\n<meta name=\"twitter:label1\" content=\"Escrito por\" \/>\n\t<meta name=\"twitter:data1\" content=\"Ricardo Alvarez\" \/>\n\t<meta name=\"twitter:label2\" content=\"Tiempo de lectura\" \/>\n\t<meta name=\"twitter:data2\" content=\"3 minutos\" \/>\n<script type=\"application\/ld+json\" class=\"yoast-schema-graph\">{\"@context\":\"https:\\\/\\\/schema.org\",\"@graph\":[{\"@type\":\"Article\",\"@id\":\"https:\\\/\\\/www.mundoacuicola.cl\\\/new\\\/salmonchile-conmemora-el-bicentenario-de-chiloe-destacando-50-anos-de-historia-compartida\\\/#article\",\"isPartOf\":{\"@id\":\"https:\\\/\\\/www.mundoacuicola.cl\\\/new\\\/salmonchile-conmemora-el-bicentenario-de-chiloe-destacando-50-anos-de-historia-compartida\\\/\"},\"author\":{\"name\":\"Ricardo Alvarez\",\"@id\":\"https:\\\/\\\/www.mundoacuicola.cl\\\/new\\\/#\\\/schema\\\/person\\\/52cfe7e461eb2d30484965350ee34bdd\"},\"headline\":\"SalmonChile conmemora el Bicentenario de Chilo\u00e9 destacando 50 a\u00f1os de historia compartida\",\"datePublished\":\"2026-01-28T16:13:33+00:00\",\"dateModified\":\"2026-01-30T12:28:05+00:00\",\"mainEntityOfPage\":{\"@id\":\"https:\\\/\\\/www.mundoacuicola.cl\\\/new\\\/salmonchile-conmemora-el-bicentenario-de-chiloe-destacando-50-anos-de-historia-compartida\\\/\"},\"wordCount\":447,\"publisher\":{\"@id\":\"https:\\\/\\\/www.mundoacuicola.cl\\\/new\\\/#organization\"},\"image\":{\"@id\":\"https:\\\/\\\/www.mundoacuicola.cl\\\/new\\\/salmonchile-conmemora-el-bicentenario-de-chiloe-destacando-50-anos-de-historia-compartida\\\/#primaryimage\"},\"thumbnailUrl\":\"https:\\\/\\\/www.mundoacuicola.cl\\\/new\\\/wp-content\\\/uploads\\\/2026\\\/01\\\/BicentenarioChiloe3.jpg\",\"keywords\":[\"Bicentenario de Chilo\u00e9\",\"Desarrollo Sostenible\",\"gremios productivos\",\"historia regional\",\"identidad territorial\",\"industria del salm\u00f3n\",\"Salmonchile\",\"salmonicultura chilena\",\"Sur austral\"],\"articleSection\":[\"Instituciones\"],\"inLanguage\":\"es\"},{\"@type\":\"WebPage\",\"@id\":\"https:\\\/\\\/www.mundoacuicola.cl\\\/new\\\/salmonchile-conmemora-el-bicentenario-de-chiloe-destacando-50-anos-de-historia-compartida\\\/\",\"url\":\"https:\\\/\\\/www.mundoacuicola.cl\\\/new\\\/salmonchile-conmemora-el-bicentenario-de-chiloe-destacando-50-anos-de-historia-compartida\\\/\",\"name\":\"SalmonChile conmemora el Bicentenario de Chilo\u00e9 destacando 50 a\u00f1os de historia compartida - Mundoacuicola\",\"isPartOf\":{\"@id\":\"https:\\\/\\\/www.mundoacuicola.cl\\\/new\\\/#website\"},\"primaryImageOfPage\":{\"@id\":\"https:\\\/\\\/www.mundoacuicola.cl\\\/new\\\/salmonchile-conmemora-el-bicentenario-de-chiloe-destacando-50-anos-de-historia-compartida\\\/#primaryimage\"},\"image\":{\"@id\":\"https:\\\/\\\/www.mundoacuicola.cl\\\/new\\\/salmonchile-conmemora-el-bicentenario-de-chiloe-destacando-50-anos-de-historia-compartida\\\/#primaryimage\"},\"thumbnailUrl\":\"https:\\\/\\\/www.mundoacuicola.cl\\\/new\\\/wp-content\\\/uploads\\\/2026\\\/01\\\/BicentenarioChiloe3.jpg\",\"datePublished\":\"2026-01-28T16:13:33+00:00\",\"dateModified\":\"2026-01-30T12:28:05+00:00\",\"description\":\"SalmonChile conmemor\u00f3 el Bicentenario de Chilo\u00e9 destacando 50 a\u00f1os de salmonicultura y su v\u00ednculo con el territorio.\",\"breadcrumb\":{\"@id\":\"https:\\\/\\\/www.mundoacuicola.cl\\\/new\\\/salmonchile-conmemora-el-bicentenario-de-chiloe-destacando-50-anos-de-historia-compartida\\\/#breadcrumb\"},\"inLanguage\":\"es\",\"potentialAction\":[{\"@type\":\"ReadAction\",\"target\":[\"https:\\\/\\\/www.mundoacuicola.cl\\\/new\\\/salmonchile-conmemora-el-bicentenario-de-chiloe-destacando-50-anos-de-historia-compartida\\\/\"]}]},{\"@type\":\"ImageObject\",\"inLanguage\":\"es\",\"@id\":\"https:\\\/\\\/www.mundoacuicola.cl\\\/new\\\/salmonchile-conmemora-el-bicentenario-de-chiloe-destacando-50-anos-de-historia-compartida\\\/#primaryimage\",\"url\":\"https:\\\/\\\/www.mundoacuicola.cl\\\/new\\\/wp-content\\\/uploads\\\/2026\\\/01\\\/BicentenarioChiloe3.jpg\",\"contentUrl\":\"https:\\\/\\\/www.mundoacuicola.cl\\\/new\\\/wp-content\\\/uploads\\\/2026\\\/01\\\/BicentenarioChiloe3.jpg\",\"width\":1200,\"height\":670},{\"@type\":\"BreadcrumbList\",\"@id\":\"https:\\\/\\\/www.mundoacuicola.cl\\\/new\\\/salmonchile-conmemora-el-bicentenario-de-chiloe-destacando-50-anos-de-historia-compartida\\\/#breadcrumb\",\"itemListElement\":[{\"@type\":\"ListItem\",\"position\":1,\"name\":\"Portada\",\"item\":\"https:\\\/\\\/www.mundoacuicola.cl\\\/new\\\/\"},{\"@type\":\"ListItem\",\"position\":2,\"name\":\"SalmonChile conmemora el Bicentenario de Chilo\u00e9 destacando 50 a\u00f1os de historia compartida\"}]},{\"@type\":\"WebSite\",\"@id\":\"https:\\\/\\\/www.mundoacuicola.cl\\\/new\\\/#website\",\"url\":\"https:\\\/\\\/www.mundoacuicola.cl\\\/new\\\/\",\"name\":\"Mundoacuicola\",\"description\":\"Revista de Acuicultura.\",\"publisher\":{\"@id\":\"https:\\\/\\\/www.mundoacuicola.cl\\\/new\\\/#organization\"},\"potentialAction\":[{\"@type\":\"SearchAction\",\"target\":{\"@type\":\"EntryPoint\",\"urlTemplate\":\"https:\\\/\\\/www.mundoacuicola.cl\\\/new\\\/?s={search_term_string}\"},\"query-input\":{\"@type\":\"PropertyValueSpecification\",\"valueRequired\":true,\"valueName\":\"search_term_string\"}}],\"inLanguage\":\"es\"},{\"@type\":\"Organization\",\"@id\":\"https:\\\/\\\/www.mundoacuicola.cl\\\/new\\\/#organization\",\"name\":\"Mundoacuicola\",\"url\":\"https:\\\/\\\/www.mundoacuicola.cl\\\/new\\\/\",\"logo\":{\"@type\":\"ImageObject\",\"inLanguage\":\"es\",\"@id\":\"https:\\\/\\\/www.mundoacuicola.cl\\\/new\\\/#\\\/schema\\\/logo\\\/image\\\/\",\"url\":\"https:\\\/\\\/www.mundoacuicola.cl\\\/new\\\/wp-content\\\/uploads\\\/2026\\\/01\\\/cropped-LOGO-Mundo-Acuicola-2026.png\",\"contentUrl\":\"https:\\\/\\\/www.mundoacuicola.cl\\\/new\\\/wp-content\\\/uploads\\\/2026\\\/01\\\/cropped-LOGO-Mundo-Acuicola-2026.png\",\"width\":1252,\"height\":296,\"caption\":\"Mundoacuicola\"},\"image\":{\"@id\":\"https:\\\/\\\/www.mundoacuicola.cl\\\/new\\\/#\\\/schema\\\/logo\\\/image\\\/\"},\"sameAs\":[\"https:\\\/\\\/www.facebook.com\\\/mundo.acuicola\\\/\",\"https:\\\/\\\/x.com\\\/mundoacuicola\",\"https:\\\/\\\/www.linkedin.com\\\/in\\\/mundo-acuicola\"]},{\"@type\":\"Person\",\"@id\":\"https:\\\/\\\/www.mundoacuicola.cl\\\/new\\\/#\\\/schema\\\/person\\\/52cfe7e461eb2d30484965350ee34bdd\",\"name\":\"Ricardo Alvarez\",\"url\":\"https:\\\/\\\/www.mundoacuicola.cl\\\/new\\\/author\\\/ricardo\\\/\"}]}<\/script>\n<!-- \/ Yoast SEO plugin. -->","yoast_head_json":{"title":"SalmonChile conmemora el Bicentenario de Chilo\u00e9 destacando 50 a\u00f1os de historia compartida - Mundoacuicola","description":"SalmonChile conmemor\u00f3 el Bicentenario de Chilo\u00e9 destacando 50 a\u00f1os de salmonicultura y su v\u00ednculo con el territorio.","robots":{"index":"index","follow":"follow","max-snippet":"max-snippet:-1","max-image-preview":"max-image-preview:large","max-video-preview":"max-video-preview:-1"},"canonical":"https:\/\/www.mundoacuicola.cl\/new\/salmonchile-conmemora-el-bicentenario-de-chiloe-destacando-50-anos-de-historia-compartida\/","og_locale":"es_ES","og_type":"article","og_title":"SalmonChile conmemora el Bicentenario de Chilo\u00e9 destacando 50 a\u00f1os de historia compartida - Mundoacuicola","og_description":"SalmonChile conmemor\u00f3 el Bicentenario de Chilo\u00e9 destacando 50 a\u00f1os de salmonicultura y su v\u00ednculo con el territorio.","og_url":"https:\/\/www.mundoacuicola.cl\/new\/salmonchile-conmemora-el-bicentenario-de-chiloe-destacando-50-anos-de-historia-compartida\/","og_site_name":"Mundoacuicola","article_publisher":"https:\/\/www.facebook.com\/mundo.acuicola\/","article_published_time":"2026-01-28T16:13:33+00:00","article_modified_time":"2026-01-30T12:28:05+00:00","og_image":[{"width":1200,"height":670,"url":"https:\/\/www.mundoacuicola.cl\/new\/wp-content\/uploads\/2026\/01\/BicentenarioChiloe3.jpg","type":"image\/jpeg"}],"author":"Ricardo Alvarez","twitter_card":"summary_large_image","twitter_creator":"@mundoacuicola","twitter_site":"@mundoacuicola","twitter_misc":{"Escrito por":"Ricardo Alvarez","Tiempo de lectura":"3 minutos"},"schema":{"@context":"https:\/\/schema.org","@graph":[{"@type":"Article","@id":"https:\/\/www.mundoacuicola.cl\/new\/salmonchile-conmemora-el-bicentenario-de-chiloe-destacando-50-anos-de-historia-compartida\/#article","isPartOf":{"@id":"https:\/\/www.mundoacuicola.cl\/new\/salmonchile-conmemora-el-bicentenario-de-chiloe-destacando-50-anos-de-historia-compartida\/"},"author":{"name":"Ricardo Alvarez","@id":"https:\/\/www.mundoacuicola.cl\/new\/#\/schema\/person\/52cfe7e461eb2d30484965350ee34bdd"},"headline":"SalmonChile conmemora el Bicentenario de Chilo\u00e9 destacando 50 a\u00f1os de historia compartida","datePublished":"2026-01-28T16:13:33+00:00","dateModified":"2026-01-30T12:28:05+00:00","mainEntityOfPage":{"@id":"https:\/\/www.mundoacuicola.cl\/new\/salmonchile-conmemora-el-bicentenario-de-chiloe-destacando-50-anos-de-historia-compartida\/"},"wordCount":447,"publisher":{"@id":"https:\/\/www.mundoacuicola.cl\/new\/#organization"},"image":{"@id":"https:\/\/www.mundoacuicola.cl\/new\/salmonchile-conmemora-el-bicentenario-de-chiloe-destacando-50-anos-de-historia-compartida\/#primaryimage"},"thumbnailUrl":"https:\/\/www.mundoacuicola.cl\/new\/wp-content\/uploads\/2026\/01\/BicentenarioChiloe3.jpg","keywords":["Bicentenario de Chilo\u00e9","Desarrollo Sostenible","gremios productivos","historia regional","identidad territorial","industria del salm\u00f3n","Salmonchile","salmonicultura chilena","Sur austral"],"articleSection":["Instituciones"],"inLanguage":"es"},{"@type":"WebPage","@id":"https:\/\/www.mundoacuicola.cl\/new\/salmonchile-conmemora-el-bicentenario-de-chiloe-destacando-50-anos-de-historia-compartida\/","url":"https:\/\/www.mundoacuicola.cl\/new\/salmonchile-conmemora-el-bicentenario-de-chiloe-destacando-50-anos-de-historia-compartida\/","name":"SalmonChile conmemora el Bicentenario de Chilo\u00e9 destacando 50 a\u00f1os de historia compartida - Mundoacuicola","isPartOf":{"@id":"https:\/\/www.mundoacuicola.cl\/new\/#website"},"primaryImageOfPage":{"@id":"https:\/\/www.mundoacuicola.cl\/new\/salmonchile-conmemora-el-bicentenario-de-chiloe-destacando-50-anos-de-historia-compartida\/#primaryimage"},"image":{"@id":"https:\/\/www.mundoacuicola.cl\/new\/salmonchile-conmemora-el-bicentenario-de-chiloe-destacando-50-anos-de-historia-compartida\/#primaryimage"},"thumbnailUrl":"https:\/\/www.mundoacuicola.cl\/new\/wp-content\/uploads\/2026\/01\/BicentenarioChiloe3.jpg","datePublished":"2026-01-28T16:13:33+00:00","dateModified":"2026-01-30T12:28:05+00:00","description":"SalmonChile conmemor\u00f3 el Bicentenario de Chilo\u00e9 destacando 50 a\u00f1os de salmonicultura y su v\u00ednculo con el territorio.","breadcrumb":{"@id":"https:\/\/www.mundoacuicola.cl\/new\/salmonchile-conmemora-el-bicentenario-de-chiloe-destacando-50-anos-de-historia-compartida\/#breadcrumb"},"inLanguage":"es","potentialAction":[{"@type":"ReadAction","target":["https:\/\/www.mundoacuicola.cl\/new\/salmonchile-conmemora-el-bicentenario-de-chiloe-destacando-50-anos-de-historia-compartida\/"]}]},{"@type":"ImageObject","inLanguage":"es","@id":"https:\/\/www.mundoacuicola.cl\/new\/salmonchile-conmemora-el-bicentenario-de-chiloe-destacando-50-anos-de-historia-compartida\/#primaryimage","url":"https:\/\/www.mundoacuicola.cl\/new\/wp-content\/uploads\/2026\/01\/BicentenarioChiloe3.jpg","contentUrl":"https:\/\/www.mundoacuicola.cl\/new\/wp-content\/uploads\/2026\/01\/BicentenarioChiloe3.jpg","width":1200,"height":670},{"@type":"BreadcrumbList","@id":"https:\/\/www.mundoacuicola.cl\/new\/salmonchile-conmemora-el-bicentenario-de-chiloe-destacando-50-anos-de-historia-compartida\/#breadcrumb","itemListElement":[{"@type":"ListItem","position":1,"name":"Portada","item":"https:\/\/www.mundoacuicola.cl\/new\/"},{"@type":"ListItem","position":2,"name":"SalmonChile conmemora el Bicentenario de Chilo\u00e9 destacando 50 a\u00f1os de historia compartida"}]},{"@type":"WebSite","@id":"https:\/\/www.mundoacuicola.cl\/new\/#website","url":"https:\/\/www.mundoacuicola.cl\/new\/","name":"Mundoacuicola","description":"Revista de Acuicultura.","publisher":{"@id":"https:\/\/www.mundoacuicola.cl\/new\/#organization"},"potentialAction":[{"@type":"SearchAction","target":{"@type":"EntryPoint","urlTemplate":"https:\/\/www.mundoacuicola.cl\/new\/?s={search_term_string}"},"query-input":{"@type":"PropertyValueSpecification","valueRequired":true,"valueName":"search_term_string"}}],"inLanguage":"es"},{"@type":"Organization","@id":"https:\/\/www.mundoacuicola.cl\/new\/#organization","name":"Mundoacuicola","url":"https:\/\/www.mundoacuicola.cl\/new\/","logo":{"@type":"ImageObject","inLanguage":"es","@id":"https:\/\/www.mundoacuicola.cl\/new\/#\/schema\/logo\/image\/","url":"https:\/\/www.mundoacuicola.cl\/new\/wp-content\/uploads\/2026\/01\/cropped-LOGO-Mundo-Acuicola-2026.png","contentUrl":"https:\/\/www.mundoacuicola.cl\/new\/wp-content\/uploads\/2026\/01\/cropped-LOGO-Mundo-Acuicola-2026.png","width":1252,"height":296,"caption":"Mundoacuicola"},"image":{"@id":"https:\/\/www.mundoacuicola.cl\/new\/#\/schema\/logo\/image\/"},"sameAs":["https:\/\/www.facebook.com\/mundo.acuicola\/","https:\/\/x.com\/mundoacuicola","https:\/\/www.linkedin.com\/in\/mundo-acuicola"]},{"@type":"Person","@id":"https:\/\/www.mundoacuicola.cl\/new\/#\/schema\/person\/52cfe7e461eb2d30484965350ee34bdd","name":"Ricardo Alvarez","url":"https:\/\/www.mundoacuicola.cl\/new\/author\/ricardo\/"}]}},"_links":{"self":[{"href":"https:\/\/www.mundoacuicola.cl\/new\/wp-json\/wp\/v2\/posts\/84855","targetHints":{"allow":["GET"]}}],"collection":[{"href":"https:\/\/www.mundoacuicola.cl\/new\/wp-json\/wp\/v2\/posts"}],"about":[{"href":"https:\/\/www.mundoacuicola.cl\/new\/wp-json\/wp\/v2\/types\/post"}],"author":[{"embeddable":true,"href":"https:\/\/www.mundoacuicola.cl\/new\/wp-json\/wp\/v2\/users\/8"}],"replies":[{"embeddable":true,"href":"https:\/\/www.mundoacuicola.cl\/new\/wp-json\/wp\/v2\/comments?post=84855"}],"version-history":[{"count":0,"href":"https:\/\/www.mundoacuicola.cl\/new\/wp-json\/wp\/v2\/posts\/84855\/revisions"}],"wp:featuredmedia":[{"embeddable":true,"href":"https:\/\/www.mundoacuicola.cl\/new\/wp-json\/wp\/v2\/media\/84858"}],"wp:attachment":[{"href":"https:\/\/www.mundoacuicola.cl\/new\/wp-json\/wp\/v2\/media?parent=84855"}],"wp:term":[{"taxonomy":"category","embeddable":true,"href":"https:\/\/www.mundoacuicola.cl\/new\/wp-json\/wp\/v2\/categories?post=84855"},{"taxonomy":"post_tag","embeddable":true,"href":"https:\/\/www.mundoacuicola.cl\/new\/wp-json\/wp\/v2\/tags?post=84855"}],"curies":[{"name":"wp","href":"https:\/\/api.w.org\/{rel}","templated":true}]}}