{"id":84862,"date":"2026-01-28T13:11:02","date_gmt":"2026-01-28T17:11:02","guid":{"rendered":"https:\/\/www.mundoacuicola.cl\/new\/?p=84862"},"modified":"2026-01-30T08:27:39","modified_gmt":"2026-01-30T12:27:39","slug":"gremio-agricola-y-consejo-del-salmon-proyectan-hoja-de-ruta-2026","status":"publish","type":"post","link":"https:\/\/www.mundoacuicola.cl\/new\/gremio-agricola-y-consejo-del-salmon-proyectan-hoja-de-ruta-2026\/","title":{"rendered":"Gremio Agr\u00edcola y Consejo del Salm\u00f3n proyectan hoja de ruta 2026"},"content":{"rendered":"<p>El viernes 16 de enero, los l\u00edderes gremiales de SAGO, SOFO, CAS, SNA y el Consejo del Salm\u00f3n sostuvieron una jornada estrat\u00e9gica en las oficinas de SOFO Temuco para definir la agenda de trabajo 2026 de la Alianza AgroSalm\u00f3n, la cual contempla un proceso de planificaci\u00f3n estrat\u00e9gica conjunta, una hoja de ruta com\u00fan y prioridades compartidas para fortalecer los encadenamientos productivos entre ambos sectores.<\/p>\n<p>\u201cEl v\u00ednculo entre ambos sectores es profundo y concreto. Hoy, cerca del 60% de los nutrientes del alimento que comen los salmones provienen directa o indirectamente del sector agroalimentario. Esa relaci\u00f3n ya existe, pero nuestro desaf\u00edo es profundizarla, sofisticarla y transformarla en una s\u00f3lida estrategia de desarrollo productivo. No se trata solo de vender y comprar insumos, sino de pensar juntos c\u00f3mo dise\u00f1amos encadenamientos m\u00e1s virtuosos, con mayor innovaci\u00f3n, trazabilidad y valor agregado\u201d, se\u00f1al\u00f3 Loreto Seguel, presidenta ejecutiva del Consejo del Salm\u00f3n.<\/p>\n<p>Este trabajo busca, adem\u00e1s, construir un relato compartido y un marco de colaboraci\u00f3n que permita atraer inversi\u00f3n, innovaci\u00f3n y talento, potenciando el aporte del agro y la salmonicultura al desarrollo territorial, el empleo y la competitividad del pa\u00eds.<\/p>\n<p>\u201cLa primera etapa fue conocernos y generar confianza. Hoy esa base existe. El paso siguiente, y el m\u00e1s relevante, es avanzar desde el diagn\u00f3stico al \u2018c\u00f3mo\u2019: c\u00f3mo promovemos y fortalecemos que los sectores productivos trabajen efectivamente juntos, generen nuevos productos, nuevas soluciones y oportunidades para los territorios y las personas\u201d, manifest\u00f3 Seguel.<\/p>\n<p>En esta l\u00ednea, los gremios que integran la Alianza Agro Salm\u00f3n avanzar\u00e1n en la construcci\u00f3n de un acuerdo de colaboraci\u00f3n in\u00e9dito, orientado a consolidar una visi\u00f3n de largo plazo, mejorar la competitividad de ambos sectores y fortalecer un modelo de desarrollo productivo articulado, sostenible y con fuerte anclaje territorial.<\/p>\n<p>\u201cEn el marco del fortalecimiento de la alianza AgroSalm\u00f3n, hemos incorporado una consultora con amplia experiencia en estrategia, innovaci\u00f3n y ciencia aplicada, que nos permitir\u00e1 construir un roadmap claro y robusto. Este trabajo apunta a anticipar escenarios de cambio, impulsar mejoras en productividad y desempe\u00f1o, e integrar conocimiento cient\u00edfico para abordar desaf\u00edos complejos y fortalecer la competitividad del encadenamiento AgroSalm\u00f3n\u201d, agreg\u00f3 la l\u00edder gremial.<\/p>\n<p>Durante 2026, la Alianza AgroSalm\u00f3n trabajar\u00e1 en una hoja de ruta con acciones y metas concretas para fortalecer los encadenamientos productivos entre ambos sectores. El objetivo es traducir esta articulaci\u00f3n en resultados medibles para la macrozona sur, impulsando empleo, desarrollo de capital humano y mayor competitividad territorial a trav\u00e9s de un modelo de colaboraci\u00f3n de largo plazo.<\/p>\n","protected":false},"excerpt":{"rendered":"<p>Alianza AgroSalm\u00f3n defini\u00f3 su agenda 2026 para profundizar la colaboraci\u00f3n entre agro y salmonicultura en el sur de Chile.<\/p>\n","protected":false},"author":8,"featured_media":84863,"comment_status":"closed","ping_status":"closed","sticky":false,"template":"","format":"standard","meta":{"footnotes":""},"categories":[60],"tags":[27418,5625,20039,25540,15953,17679,8185,3447,28717,28716],"class_list":["post-84862","post","type-post","status-publish","format-standard","has-post-thumbnail","hentry","category-salmonicultura","tag-alianza-agrosalmon","tag-consejo-del-salmon","tag-desarrollo-territorial","tag-encadenamientos-productivos","tag-gremios-empresariales","tag-innovacion-productiva","tag-macrozona-sur","tag-salmonicultura-chilena","tag-sector-agroalimentario","tag-sofo-temuco"],"yoast_head":"<!-- This site is optimized with the Yoast SEO plugin v27.5 - https:\/\/yoast.com\/product\/yoast-seo-wordpress\/ -->\n<title>Gremio Agr\u00edcola y Consejo del Salm\u00f3n proyectan hoja de ruta 2026 - Mundoacuicola<\/title>\n<meta name=\"description\" content=\"Alianza AgroSalm\u00f3n defini\u00f3 su agenda 2026 para profundizar la colaboraci\u00f3n entre agro y salmonicultura en el sur de Chile.\" \/>\n<meta name=\"robots\" content=\"index, follow, max-snippet:-1, max-image-preview:large, max-video-preview:-1\" \/>\n<link rel=\"canonical\" href=\"https:\/\/www.mundoacuicola.cl\/new\/gremio-agricola-y-consejo-del-salmon-proyectan-hoja-de-ruta-2026\/\" \/>\n<meta property=\"og:locale\" content=\"es_ES\" \/>\n<meta property=\"og:type\" content=\"article\" \/>\n<meta property=\"og:title\" content=\"Gremio Agr\u00edcola y Consejo del Salm\u00f3n proyectan hoja de ruta 2026 - Mundoacuicola\" \/>\n<meta property=\"og:description\" content=\"Alianza AgroSalm\u00f3n defini\u00f3 su agenda 2026 para profundizar la colaboraci\u00f3n entre agro y salmonicultura en el sur de Chile.\" \/>\n<meta property=\"og:url\" content=\"https:\/\/www.mundoacuicola.cl\/new\/gremio-agricola-y-consejo-del-salmon-proyectan-hoja-de-ruta-2026\/\" \/>\n<meta property=\"og:site_name\" content=\"Mundoacuicola\" \/>\n<meta property=\"article:publisher\" content=\"https:\/\/www.facebook.com\/mundo.acuicola\/\" \/>\n<meta property=\"article:published_time\" content=\"2026-01-28T17:11:02+00:00\" \/>\n<meta property=\"article:modified_time\" content=\"2026-01-30T12:27:39+00:00\" \/>\n<meta property=\"og:image\" content=\"https:\/\/www.mundoacuicola.cl\/new\/wp-content\/uploads\/2026\/01\/AgroSalmon2.jpg\" \/>\n\t<meta property=\"og:image:width\" content=\"1200\" \/>\n\t<meta property=\"og:image:height\" content=\"681\" \/>\n\t<meta property=\"og:image:type\" content=\"image\/jpeg\" \/>\n<meta name=\"author\" content=\"Ricardo Alvarez\" \/>\n<meta name=\"twitter:card\" content=\"summary_large_image\" \/>\n<meta name=\"twitter:creator\" content=\"@mundoacuicola\" \/>\n<meta name=\"twitter:site\" content=\"@mundoacuicola\" \/>\n<meta name=\"twitter:label1\" content=\"Escrito por\" \/>\n\t<meta name=\"twitter:data1\" content=\"Ricardo Alvarez\" \/>\n\t<meta name=\"twitter:label2\" content=\"Tiempo de lectura\" \/>\n\t<meta name=\"twitter:data2\" content=\"3 minutos\" \/>\n<script type=\"application\/ld+json\" class=\"yoast-schema-graph\">{\"@context\":\"https:\\\/\\\/schema.org\",\"@graph\":[{\"@type\":\"Article\",\"@id\":\"https:\\\/\\\/www.mundoacuicola.cl\\\/new\\\/gremio-agricola-y-consejo-del-salmon-proyectan-hoja-de-ruta-2026\\\/#article\",\"isPartOf\":{\"@id\":\"https:\\\/\\\/www.mundoacuicola.cl\\\/new\\\/gremio-agricola-y-consejo-del-salmon-proyectan-hoja-de-ruta-2026\\\/\"},\"author\":{\"name\":\"Ricardo Alvarez\",\"@id\":\"https:\\\/\\\/www.mundoacuicola.cl\\\/new\\\/#\\\/schema\\\/person\\\/52cfe7e461eb2d30484965350ee34bdd\"},\"headline\":\"Gremio Agr\u00edcola y Consejo del Salm\u00f3n proyectan hoja de ruta 2026\",\"datePublished\":\"2026-01-28T17:11:02+00:00\",\"dateModified\":\"2026-01-30T12:27:39+00:00\",\"mainEntityOfPage\":{\"@id\":\"https:\\\/\\\/www.mundoacuicola.cl\\\/new\\\/gremio-agricola-y-consejo-del-salmon-proyectan-hoja-de-ruta-2026\\\/\"},\"wordCount\":458,\"publisher\":{\"@id\":\"https:\\\/\\\/www.mundoacuicola.cl\\\/new\\\/#organization\"},\"image\":{\"@id\":\"https:\\\/\\\/www.mundoacuicola.cl\\\/new\\\/gremio-agricola-y-consejo-del-salmon-proyectan-hoja-de-ruta-2026\\\/#primaryimage\"},\"thumbnailUrl\":\"https:\\\/\\\/www.mundoacuicola.cl\\\/new\\\/wp-content\\\/uploads\\\/2026\\\/01\\\/AgroSalmon2.jpg\",\"keywords\":[\"alianza agrosalm\u00f3n\",\"Consejo del Salm\u00f3n\",\"Desarrollo Territorial\",\"encadenamientos productivos\",\"gremios empresariales\",\"Innovaci\u00f3n productiva\",\"macrozona sur\",\"salmonicultura chilena\",\"sector agroalimentario\",\"sofo temuco\"],\"articleSection\":[\"Salmonicultura\"],\"inLanguage\":\"es\"},{\"@type\":\"WebPage\",\"@id\":\"https:\\\/\\\/www.mundoacuicola.cl\\\/new\\\/gremio-agricola-y-consejo-del-salmon-proyectan-hoja-de-ruta-2026\\\/\",\"url\":\"https:\\\/\\\/www.mundoacuicola.cl\\\/new\\\/gremio-agricola-y-consejo-del-salmon-proyectan-hoja-de-ruta-2026\\\/\",\"name\":\"Gremio Agr\u00edcola y Consejo del Salm\u00f3n proyectan hoja de ruta 2026 - Mundoacuicola\",\"isPartOf\":{\"@id\":\"https:\\\/\\\/www.mundoacuicola.cl\\\/new\\\/#website\"},\"primaryImageOfPage\":{\"@id\":\"https:\\\/\\\/www.mundoacuicola.cl\\\/new\\\/gremio-agricola-y-consejo-del-salmon-proyectan-hoja-de-ruta-2026\\\/#primaryimage\"},\"image\":{\"@id\":\"https:\\\/\\\/www.mundoacuicola.cl\\\/new\\\/gremio-agricola-y-consejo-del-salmon-proyectan-hoja-de-ruta-2026\\\/#primaryimage\"},\"thumbnailUrl\":\"https:\\\/\\\/www.mundoacuicola.cl\\\/new\\\/wp-content\\\/uploads\\\/2026\\\/01\\\/AgroSalmon2.jpg\",\"datePublished\":\"2026-01-28T17:11:02+00:00\",\"dateModified\":\"2026-01-30T12:27:39+00:00\",\"description\":\"Alianza AgroSalm\u00f3n defini\u00f3 su agenda 2026 para profundizar la colaboraci\u00f3n entre agro y salmonicultura en el sur de Chile.\",\"breadcrumb\":{\"@id\":\"https:\\\/\\\/www.mundoacuicola.cl\\\/new\\\/gremio-agricola-y-consejo-del-salmon-proyectan-hoja-de-ruta-2026\\\/#breadcrumb\"},\"inLanguage\":\"es\",\"potentialAction\":[{\"@type\":\"ReadAction\",\"target\":[\"https:\\\/\\\/www.mundoacuicola.cl\\\/new\\\/gremio-agricola-y-consejo-del-salmon-proyectan-hoja-de-ruta-2026\\\/\"]}]},{\"@type\":\"ImageObject\",\"inLanguage\":\"es\",\"@id\":\"https:\\\/\\\/www.mundoacuicola.cl\\\/new\\\/gremio-agricola-y-consejo-del-salmon-proyectan-hoja-de-ruta-2026\\\/#primaryimage\",\"url\":\"https:\\\/\\\/www.mundoacuicola.cl\\\/new\\\/wp-content\\\/uploads\\\/2026\\\/01\\\/AgroSalmon2.jpg\",\"contentUrl\":\"https:\\\/\\\/www.mundoacuicola.cl\\\/new\\\/wp-content\\\/uploads\\\/2026\\\/01\\\/AgroSalmon2.jpg\",\"width\":1200,\"height\":681},{\"@type\":\"BreadcrumbList\",\"@id\":\"https:\\\/\\\/www.mundoacuicola.cl\\\/new\\\/gremio-agricola-y-consejo-del-salmon-proyectan-hoja-de-ruta-2026\\\/#breadcrumb\",\"itemListElement\":[{\"@type\":\"ListItem\",\"position\":1,\"name\":\"Portada\",\"item\":\"https:\\\/\\\/www.mundoacuicola.cl\\\/new\\\/\"},{\"@type\":\"ListItem\",\"position\":2,\"name\":\"Gremio Agr\u00edcola y Consejo del Salm\u00f3n proyectan hoja de ruta 2026\"}]},{\"@type\":\"WebSite\",\"@id\":\"https:\\\/\\\/www.mundoacuicola.cl\\\/new\\\/#website\",\"url\":\"https:\\\/\\\/www.mundoacuicola.cl\\\/new\\\/\",\"name\":\"Mundoacuicola\",\"description\":\"Revista de Acuicultura.\",\"publisher\":{\"@id\":\"https:\\\/\\\/www.mundoacuicola.cl\\\/new\\\/#organization\"},\"potentialAction\":[{\"@type\":\"SearchAction\",\"target\":{\"@type\":\"EntryPoint\",\"urlTemplate\":\"https:\\\/\\\/www.mundoacuicola.cl\\\/new\\\/?s={search_term_string}\"},\"query-input\":{\"@type\":\"PropertyValueSpecification\",\"valueRequired\":true,\"valueName\":\"search_term_string\"}}],\"inLanguage\":\"es\"},{\"@type\":\"Organization\",\"@id\":\"https:\\\/\\\/www.mundoacuicola.cl\\\/new\\\/#organization\",\"name\":\"Mundoacuicola\",\"url\":\"https:\\\/\\\/www.mundoacuicola.cl\\\/new\\\/\",\"logo\":{\"@type\":\"ImageObject\",\"inLanguage\":\"es\",\"@id\":\"https:\\\/\\\/www.mundoacuicola.cl\\\/new\\\/#\\\/schema\\\/logo\\\/image\\\/\",\"url\":\"https:\\\/\\\/www.mundoacuicola.cl\\\/new\\\/wp-content\\\/uploads\\\/2026\\\/01\\\/cropped-LOGO-Mundo-Acuicola-2026.png\",\"contentUrl\":\"https:\\\/\\\/www.mundoacuicola.cl\\\/new\\\/wp-content\\\/uploads\\\/2026\\\/01\\\/cropped-LOGO-Mundo-Acuicola-2026.png\",\"width\":1252,\"height\":296,\"caption\":\"Mundoacuicola\"},\"image\":{\"@id\":\"https:\\\/\\\/www.mundoacuicola.cl\\\/new\\\/#\\\/schema\\\/logo\\\/image\\\/\"},\"sameAs\":[\"https:\\\/\\\/www.facebook.com\\\/mundo.acuicola\\\/\",\"https:\\\/\\\/x.com\\\/mundoacuicola\",\"https:\\\/\\\/www.linkedin.com\\\/in\\\/mundo-acuicola\"]},{\"@type\":\"Person\",\"@id\":\"https:\\\/\\\/www.mundoacuicola.cl\\\/new\\\/#\\\/schema\\\/person\\\/52cfe7e461eb2d30484965350ee34bdd\",\"name\":\"Ricardo Alvarez\",\"url\":\"https:\\\/\\\/www.mundoacuicola.cl\\\/new\\\/author\\\/ricardo\\\/\"}]}<\/script>\n<!-- \/ Yoast SEO plugin. -->","yoast_head_json":{"title":"Gremio Agr\u00edcola y Consejo del Salm\u00f3n proyectan hoja de ruta 2026 - Mundoacuicola","description":"Alianza AgroSalm\u00f3n defini\u00f3 su agenda 2026 para profundizar la colaboraci\u00f3n entre agro y salmonicultura en el sur de Chile.","robots":{"index":"index","follow":"follow","max-snippet":"max-snippet:-1","max-image-preview":"max-image-preview:large","max-video-preview":"max-video-preview:-1"},"canonical":"https:\/\/www.mundoacuicola.cl\/new\/gremio-agricola-y-consejo-del-salmon-proyectan-hoja-de-ruta-2026\/","og_locale":"es_ES","og_type":"article","og_title":"Gremio Agr\u00edcola y Consejo del Salm\u00f3n proyectan hoja de ruta 2026 - Mundoacuicola","og_description":"Alianza AgroSalm\u00f3n defini\u00f3 su agenda 2026 para profundizar la colaboraci\u00f3n entre agro y salmonicultura en el sur de Chile.","og_url":"https:\/\/www.mundoacuicola.cl\/new\/gremio-agricola-y-consejo-del-salmon-proyectan-hoja-de-ruta-2026\/","og_site_name":"Mundoacuicola","article_publisher":"https:\/\/www.facebook.com\/mundo.acuicola\/","article_published_time":"2026-01-28T17:11:02+00:00","article_modified_time":"2026-01-30T12:27:39+00:00","og_image":[{"width":1200,"height":681,"url":"https:\/\/www.mundoacuicola.cl\/new\/wp-content\/uploads\/2026\/01\/AgroSalmon2.jpg","type":"image\/jpeg"}],"author":"Ricardo Alvarez","twitter_card":"summary_large_image","twitter_creator":"@mundoacuicola","twitter_site":"@mundoacuicola","twitter_misc":{"Escrito por":"Ricardo Alvarez","Tiempo de lectura":"3 minutos"},"schema":{"@context":"https:\/\/schema.org","@graph":[{"@type":"Article","@id":"https:\/\/www.mundoacuicola.cl\/new\/gremio-agricola-y-consejo-del-salmon-proyectan-hoja-de-ruta-2026\/#article","isPartOf":{"@id":"https:\/\/www.mundoacuicola.cl\/new\/gremio-agricola-y-consejo-del-salmon-proyectan-hoja-de-ruta-2026\/"},"author":{"name":"Ricardo Alvarez","@id":"https:\/\/www.mundoacuicola.cl\/new\/#\/schema\/person\/52cfe7e461eb2d30484965350ee34bdd"},"headline":"Gremio Agr\u00edcola y Consejo del Salm\u00f3n proyectan hoja de ruta 2026","datePublished":"2026-01-28T17:11:02+00:00","dateModified":"2026-01-30T12:27:39+00:00","mainEntityOfPage":{"@id":"https:\/\/www.mundoacuicola.cl\/new\/gremio-agricola-y-consejo-del-salmon-proyectan-hoja-de-ruta-2026\/"},"wordCount":458,"publisher":{"@id":"https:\/\/www.mundoacuicola.cl\/new\/#organization"},"image":{"@id":"https:\/\/www.mundoacuicola.cl\/new\/gremio-agricola-y-consejo-del-salmon-proyectan-hoja-de-ruta-2026\/#primaryimage"},"thumbnailUrl":"https:\/\/www.mundoacuicola.cl\/new\/wp-content\/uploads\/2026\/01\/AgroSalmon2.jpg","keywords":["alianza agrosalm\u00f3n","Consejo del Salm\u00f3n","Desarrollo Territorial","encadenamientos productivos","gremios empresariales","Innovaci\u00f3n productiva","macrozona sur","salmonicultura chilena","sector agroalimentario","sofo temuco"],"articleSection":["Salmonicultura"],"inLanguage":"es"},{"@type":"WebPage","@id":"https:\/\/www.mundoacuicola.cl\/new\/gremio-agricola-y-consejo-del-salmon-proyectan-hoja-de-ruta-2026\/","url":"https:\/\/www.mundoacuicola.cl\/new\/gremio-agricola-y-consejo-del-salmon-proyectan-hoja-de-ruta-2026\/","name":"Gremio Agr\u00edcola y Consejo del Salm\u00f3n proyectan hoja de ruta 2026 - Mundoacuicola","isPartOf":{"@id":"https:\/\/www.mundoacuicola.cl\/new\/#website"},"primaryImageOfPage":{"@id":"https:\/\/www.mundoacuicola.cl\/new\/gremio-agricola-y-consejo-del-salmon-proyectan-hoja-de-ruta-2026\/#primaryimage"},"image":{"@id":"https:\/\/www.mundoacuicola.cl\/new\/gremio-agricola-y-consejo-del-salmon-proyectan-hoja-de-ruta-2026\/#primaryimage"},"thumbnailUrl":"https:\/\/www.mundoacuicola.cl\/new\/wp-content\/uploads\/2026\/01\/AgroSalmon2.jpg","datePublished":"2026-01-28T17:11:02+00:00","dateModified":"2026-01-30T12:27:39+00:00","description":"Alianza AgroSalm\u00f3n defini\u00f3 su agenda 2026 para profundizar la colaboraci\u00f3n entre agro y salmonicultura en el sur de Chile.","breadcrumb":{"@id":"https:\/\/www.mundoacuicola.cl\/new\/gremio-agricola-y-consejo-del-salmon-proyectan-hoja-de-ruta-2026\/#breadcrumb"},"inLanguage":"es","potentialAction":[{"@type":"ReadAction","target":["https:\/\/www.mundoacuicola.cl\/new\/gremio-agricola-y-consejo-del-salmon-proyectan-hoja-de-ruta-2026\/"]}]},{"@type":"ImageObject","inLanguage":"es","@id":"https:\/\/www.mundoacuicola.cl\/new\/gremio-agricola-y-consejo-del-salmon-proyectan-hoja-de-ruta-2026\/#primaryimage","url":"https:\/\/www.mundoacuicola.cl\/new\/wp-content\/uploads\/2026\/01\/AgroSalmon2.jpg","contentUrl":"https:\/\/www.mundoacuicola.cl\/new\/wp-content\/uploads\/2026\/01\/AgroSalmon2.jpg","width":1200,"height":681},{"@type":"BreadcrumbList","@id":"https:\/\/www.mundoacuicola.cl\/new\/gremio-agricola-y-consejo-del-salmon-proyectan-hoja-de-ruta-2026\/#breadcrumb","itemListElement":[{"@type":"ListItem","position":1,"name":"Portada","item":"https:\/\/www.mundoacuicola.cl\/new\/"},{"@type":"ListItem","position":2,"name":"Gremio Agr\u00edcola y Consejo del Salm\u00f3n proyectan hoja de ruta 2026"}]},{"@type":"WebSite","@id":"https:\/\/www.mundoacuicola.cl\/new\/#website","url":"https:\/\/www.mundoacuicola.cl\/new\/","name":"Mundoacuicola","description":"Revista de Acuicultura.","publisher":{"@id":"https:\/\/www.mundoacuicola.cl\/new\/#organization"},"potentialAction":[{"@type":"SearchAction","target":{"@type":"EntryPoint","urlTemplate":"https:\/\/www.mundoacuicola.cl\/new\/?s={search_term_string}"},"query-input":{"@type":"PropertyValueSpecification","valueRequired":true,"valueName":"search_term_string"}}],"inLanguage":"es"},{"@type":"Organization","@id":"https:\/\/www.mundoacuicola.cl\/new\/#organization","name":"Mundoacuicola","url":"https:\/\/www.mundoacuicola.cl\/new\/","logo":{"@type":"ImageObject","inLanguage":"es","@id":"https:\/\/www.mundoacuicola.cl\/new\/#\/schema\/logo\/image\/","url":"https:\/\/www.mundoacuicola.cl\/new\/wp-content\/uploads\/2026\/01\/cropped-LOGO-Mundo-Acuicola-2026.png","contentUrl":"https:\/\/www.mundoacuicola.cl\/new\/wp-content\/uploads\/2026\/01\/cropped-LOGO-Mundo-Acuicola-2026.png","width":1252,"height":296,"caption":"Mundoacuicola"},"image":{"@id":"https:\/\/www.mundoacuicola.cl\/new\/#\/schema\/logo\/image\/"},"sameAs":["https:\/\/www.facebook.com\/mundo.acuicola\/","https:\/\/x.com\/mundoacuicola","https:\/\/www.linkedin.com\/in\/mundo-acuicola"]},{"@type":"Person","@id":"https:\/\/www.mundoacuicola.cl\/new\/#\/schema\/person\/52cfe7e461eb2d30484965350ee34bdd","name":"Ricardo Alvarez","url":"https:\/\/www.mundoacuicola.cl\/new\/author\/ricardo\/"}]}},"_links":{"self":[{"href":"https:\/\/www.mundoacuicola.cl\/new\/wp-json\/wp\/v2\/posts\/84862","targetHints":{"allow":["GET"]}}],"collection":[{"href":"https:\/\/www.mundoacuicola.cl\/new\/wp-json\/wp\/v2\/posts"}],"about":[{"href":"https:\/\/www.mundoacuicola.cl\/new\/wp-json\/wp\/v2\/types\/post"}],"author":[{"embeddable":true,"href":"https:\/\/www.mundoacuicola.cl\/new\/wp-json\/wp\/v2\/users\/8"}],"replies":[{"embeddable":true,"href":"https:\/\/www.mundoacuicola.cl\/new\/wp-json\/wp\/v2\/comments?post=84862"}],"version-history":[{"count":0,"href":"https:\/\/www.mundoacuicola.cl\/new\/wp-json\/wp\/v2\/posts\/84862\/revisions"}],"wp:featuredmedia":[{"embeddable":true,"href":"https:\/\/www.mundoacuicola.cl\/new\/wp-json\/wp\/v2\/media\/84863"}],"wp:attachment":[{"href":"https:\/\/www.mundoacuicola.cl\/new\/wp-json\/wp\/v2\/media?parent=84862"}],"wp:term":[{"taxonomy":"category","embeddable":true,"href":"https:\/\/www.mundoacuicola.cl\/new\/wp-json\/wp\/v2\/categories?post=84862"},{"taxonomy":"post_tag","embeddable":true,"href":"https:\/\/www.mundoacuicola.cl\/new\/wp-json\/wp\/v2\/tags?post=84862"}],"curies":[{"name":"wp","href":"https:\/\/api.w.org\/{rel}","templated":true}]}}