{"id":86689,"date":"2026-03-12T04:29:16","date_gmt":"2026-03-12T08:29:16","guid":{"rendered":"https:\/\/www.mundoacuicola.cl\/new\/?p=86689"},"modified":"2026-03-12T17:04:00","modified_gmt":"2026-03-12T21:04:00","slug":"gobernador-regional-de-los-lagos-invita-a-participar-en-conmemoracion-de-los-50-anos-de-la-salmonicultura","status":"publish","type":"post","link":"https:\/\/www.mundoacuicola.cl\/new\/gobernador-regional-de-los-lagos-invita-a-participar-en-conmemoracion-de-los-50-anos-de-la-salmonicultura\/","title":{"rendered":"Gobernador de Los Lagos invita a participar en conmemoraci\u00f3n de los 50 a\u00f1os de la salmonicultura"},"content":{"rendered":"<p data-start=\"365\" data-end=\"686\">A pocos meses de la conferencia que conmemorar\u00e1 los 50 a\u00f1os de la salmonicultura en Chile, el gobernador regional de Los Lagos, Alejandro Santana, extendi\u00f3 una invitaci\u00f3n a actores p\u00fablicos, privados y a la comunidad vinculada al sector a participar en la jornada que se realizar\u00e1 el pr\u00f3ximo 28 de mayo en Puerto Montt.<\/p>\n<p data-start=\"651\" data-end=\"898\">Organizado por Mundo Acu\u00edcola, el encuentro busca generar un espacio de reflexi\u00f3n sobre la evoluci\u00f3n que ha experimentado la actividad en las \u00faltimas cinco d\u00e9cadas, as\u00ed como proyectar los desaf\u00edos que marcar\u00e1n el futuro de la acuicultura nacional.<\/p>\n<p data-start=\"900\" data-end=\"1098\">En ese contexto, la autoridad regional destac\u00f3 el significado que tiene esta conmemoraci\u00f3n para el territorio donde la actividad ha alcanzado uno de sus principales niveles de desarrollo productivo.<\/p>\n<p data-start=\"1100\" data-end=\"1425\">\u201cEste a\u00f1o, el 28 de mayo, Mundo Acu\u00edcola conmemorar\u00e1 50 a\u00f1os de la actividad de la salmonicultura en nuestro querido pa\u00eds. Por eso quiero invitar, en una zona tan importante como Puerto Montt, que es la capital del salm\u00f3n y de la Regi\u00f3n de Los Lagos, a que participen activamente de las actividades que se van a desarrollar\u201d, se\u00f1al\u00f3 Santana.<\/p>\n<p data-start=\"1427\" data-end=\"1581\"><img fetchpriority=\"high\" decoding=\"async\" class=\"wp-image-86704  alignright\" src=\"https:\/\/www.mundoacuicola.cl\/new\/wp-content\/uploads\/2026\/03\/Gobernador-y-Claudio-Mundo-Acuicola-299x400.jpeg\" alt=\"\" width=\"333\" height=\"423\" \/>El gobernador agreg\u00f3 que esta instancia permitir\u00e1 visibilizar los avances que ha experimentado la industria, as\u00ed como su aporte al desarrollo territorial.<\/p>\n<p data-start=\"1583\" data-end=\"1798\">\u201cEn esta jornada se mostrar\u00e1n los avances que hay en tecnolog\u00eda y en sustentabilidad, adem\u00e1s del aporte que la actividad realiza en la generaci\u00f3n de valor, empleabilidad y calidad de vida en nuestra regi\u00f3n\u201d, afirm\u00f3.<\/p>\n<p data-start=\"1800\" data-end=\"1953\">Finalmente, la autoridad regional subray\u00f3 la relevancia del aniversario para el pa\u00eds y reiter\u00f3 la invitaci\u00f3n a participar en las actividades programadas.<\/p>\n<p data-start=\"1955\" data-end=\"2109\">\u201cEs un hito hist\u00f3rico y relevante, no solo para nuestra regi\u00f3n, sino tambi\u00e9n para nuestro pa\u00eds. As\u00ed que los invito a informarse y a participar\u201d, concluy\u00f3.<\/p>\n<p data-start=\"2111\" data-end=\"2416\">La conferencia, organizada por Mundo Acu\u00edcola, reunir\u00e1 a representantes de la industria, autoridades, acad\u00e9micos y proveedores del sector en una instancia de an\u00e1lisis sobre la evoluci\u00f3n de la salmonicultura, su impacto territorial y los desaf\u00edos que enfrenta en materia de sostenibilidad y competitividad.<\/p>\n<p data-start=\"1376\" data-end=\"1671\">La conferencia se enmarca en las actividades de conmemoraci\u00f3n del medio siglo de producci\u00f3n salmonera en Chile, periodo en el cual la actividad ha experimentado un proceso de expansi\u00f3n productiva, innovaci\u00f3n tecnol\u00f3gica y consolidaci\u00f3n como uno de los principales sectores exportadores del pa\u00eds.<\/p>\n<p data-start=\"1376\" data-end=\"1671\">Para m\u00e1s informaci\u00f3n sobre el evento e inscripciones, ingrese \u00a0en: <a href=\"https:\/\/www.mundoacuicola.cl\/new\/salmon-meets\/\">https:\/\/www.mundoacuicola.cl\/new\/salmon-meets\/<\/a><\/p>\n<p data-start=\"1673\" data-end=\"1894\">\n","protected":false},"excerpt":{"rendered":"<p>Organizado por Mundo Acu\u00edcola, el encuentro busca generar un espacio de reflexi\u00f3n sobre la evoluci\u00f3n que ha experimentado la actividad en las \u00faltimas cinco d\u00e9cadas, as\u00ed como proyectar los desaf\u00edos que marcar\u00e1n el futuro de la acuicultura nacional.<\/p>\n","protected":false},"author":8,"featured_media":75745,"comment_status":"closed","ping_status":"closed","sticky":false,"template":"","format":"standard","meta":{"footnotes":""},"categories":[28655],"tags":[29116,143,9126,184,6027,197],"class_list":["post-86689","post","type-post","status-publish","format-standard","has-post-thumbnail","hentry","category-salmon-meets","tag-28-de-mayo","tag-acuicultura","tag-alejandro-santana","tag-salmon","tag-salmonera","tag-salmonicultura"],"yoast_head":"<!-- This site is optimized with the Yoast SEO plugin v27.4 - https:\/\/yoast.com\/product\/yoast-seo-wordpress\/ -->\n<title>Gobernador de Los Lagos invita a participar en conmemoraci\u00f3n de los 50 a\u00f1os de la salmonicultura - Mundoacuicola<\/title>\n<meta name=\"description\" content=\"Organizado por Mundo Acu\u00edcola, el encuentro busca generar un espacio de reflexi\u00f3n sobre la evoluci\u00f3n que ha experimentado la actividad.\" \/>\n<meta name=\"robots\" content=\"index, follow, max-snippet:-1, max-image-preview:large, max-video-preview:-1\" \/>\n<link rel=\"canonical\" href=\"https:\/\/www.mundoacuicola.cl\/new\/gobernador-regional-de-los-lagos-invita-a-participar-en-conmemoracion-de-los-50-anos-de-la-salmonicultura\/\" \/>\n<meta property=\"og:locale\" content=\"es_ES\" \/>\n<meta property=\"og:type\" content=\"article\" \/>\n<meta property=\"og:title\" content=\"Gobernador de Los Lagos invita a participar en conmemoraci\u00f3n de los 50 a\u00f1os de la salmonicultura - Mundoacuicola\" \/>\n<meta property=\"og:description\" content=\"Organizado por Mundo Acu\u00edcola, el encuentro busca generar un espacio de reflexi\u00f3n sobre la evoluci\u00f3n que ha experimentado la actividad.\" \/>\n<meta property=\"og:url\" content=\"https:\/\/www.mundoacuicola.cl\/new\/gobernador-regional-de-los-lagos-invita-a-participar-en-conmemoracion-de-los-50-anos-de-la-salmonicultura\/\" \/>\n<meta property=\"og:site_name\" content=\"Mundoacuicola\" \/>\n<meta property=\"article:publisher\" content=\"https:\/\/www.facebook.com\/mundo.acuicola\/\" \/>\n<meta property=\"article:published_time\" content=\"2026-03-12T08:29:16+00:00\" \/>\n<meta property=\"article:modified_time\" content=\"2026-03-12T21:04:00+00:00\" \/>\n<meta property=\"og:image\" content=\"https:\/\/www.mundoacuicola.cl\/new\/wp-content\/uploads\/2025\/05\/2-Alejandro-Santana-scaled.jpg\" \/>\n\t<meta property=\"og:image:width\" content=\"2560\" \/>\n\t<meta property=\"og:image:height\" content=\"1707\" \/>\n\t<meta property=\"og:image:type\" content=\"image\/jpeg\" \/>\n<meta name=\"author\" content=\"Ricardo Alvarez\" \/>\n<meta name=\"twitter:card\" content=\"summary_large_image\" \/>\n<meta name=\"twitter:creator\" content=\"@mundoacuicola\" \/>\n<meta name=\"twitter:site\" content=\"@mundoacuicola\" \/>\n<meta name=\"twitter:label1\" content=\"Escrito por\" \/>\n\t<meta name=\"twitter:data1\" content=\"Ricardo Alvarez\" \/>\n\t<meta name=\"twitter:label2\" content=\"Tiempo de lectura\" \/>\n\t<meta name=\"twitter:data2\" content=\"3 minutos\" \/>\n<script type=\"application\/ld+json\" class=\"yoast-schema-graph\">{\"@context\":\"https:\\\/\\\/schema.org\",\"@graph\":[{\"@type\":\"Article\",\"@id\":\"https:\\\/\\\/www.mundoacuicola.cl\\\/new\\\/gobernador-regional-de-los-lagos-invita-a-participar-en-conmemoracion-de-los-50-anos-de-la-salmonicultura\\\/#article\",\"isPartOf\":{\"@id\":\"https:\\\/\\\/www.mundoacuicola.cl\\\/new\\\/gobernador-regional-de-los-lagos-invita-a-participar-en-conmemoracion-de-los-50-anos-de-la-salmonicultura\\\/\"},\"author\":{\"name\":\"Ricardo Alvarez\",\"@id\":\"https:\\\/\\\/www.mundoacuicola.cl\\\/new\\\/#\\\/schema\\\/person\\\/52cfe7e461eb2d30484965350ee34bdd\"},\"headline\":\"Gobernador de Los Lagos invita a participar en conmemoraci\u00f3n de los 50 a\u00f1os de la salmonicultura\",\"datePublished\":\"2026-03-12T08:29:16+00:00\",\"dateModified\":\"2026-03-12T21:04:00+00:00\",\"mainEntityOfPage\":{\"@id\":\"https:\\\/\\\/www.mundoacuicola.cl\\\/new\\\/gobernador-regional-de-los-lagos-invita-a-participar-en-conmemoracion-de-los-50-anos-de-la-salmonicultura\\\/\"},\"wordCount\":444,\"publisher\":{\"@id\":\"https:\\\/\\\/www.mundoacuicola.cl\\\/new\\\/#organization\"},\"image\":{\"@id\":\"https:\\\/\\\/www.mundoacuicola.cl\\\/new\\\/gobernador-regional-de-los-lagos-invita-a-participar-en-conmemoracion-de-los-50-anos-de-la-salmonicultura\\\/#primaryimage\"},\"thumbnailUrl\":\"https:\\\/\\\/www.mundoacuicola.cl\\\/new\\\/wp-content\\\/uploads\\\/2025\\\/05\\\/2-Alejandro-Santana-scaled.jpg\",\"keywords\":[\"28 de mayo\",\"Acuicultura\",\"Alejandro Santana\",\"Salm\u00f3n\",\"salmonera\",\"salmonicultura\"],\"articleSection\":[\"Salmon Meets\"],\"inLanguage\":\"es\"},{\"@type\":\"WebPage\",\"@id\":\"https:\\\/\\\/www.mundoacuicola.cl\\\/new\\\/gobernador-regional-de-los-lagos-invita-a-participar-en-conmemoracion-de-los-50-anos-de-la-salmonicultura\\\/\",\"url\":\"https:\\\/\\\/www.mundoacuicola.cl\\\/new\\\/gobernador-regional-de-los-lagos-invita-a-participar-en-conmemoracion-de-los-50-anos-de-la-salmonicultura\\\/\",\"name\":\"Gobernador de Los Lagos invita a participar en conmemoraci\u00f3n de los 50 a\u00f1os de la salmonicultura - Mundoacuicola\",\"isPartOf\":{\"@id\":\"https:\\\/\\\/www.mundoacuicola.cl\\\/new\\\/#website\"},\"primaryImageOfPage\":{\"@id\":\"https:\\\/\\\/www.mundoacuicola.cl\\\/new\\\/gobernador-regional-de-los-lagos-invita-a-participar-en-conmemoracion-de-los-50-anos-de-la-salmonicultura\\\/#primaryimage\"},\"image\":{\"@id\":\"https:\\\/\\\/www.mundoacuicola.cl\\\/new\\\/gobernador-regional-de-los-lagos-invita-a-participar-en-conmemoracion-de-los-50-anos-de-la-salmonicultura\\\/#primaryimage\"},\"thumbnailUrl\":\"https:\\\/\\\/www.mundoacuicola.cl\\\/new\\\/wp-content\\\/uploads\\\/2025\\\/05\\\/2-Alejandro-Santana-scaled.jpg\",\"datePublished\":\"2026-03-12T08:29:16+00:00\",\"dateModified\":\"2026-03-12T21:04:00+00:00\",\"description\":\"Organizado por Mundo Acu\u00edcola, el encuentro busca generar un espacio de reflexi\u00f3n sobre la evoluci\u00f3n que ha experimentado la actividad.\",\"breadcrumb\":{\"@id\":\"https:\\\/\\\/www.mundoacuicola.cl\\\/new\\\/gobernador-regional-de-los-lagos-invita-a-participar-en-conmemoracion-de-los-50-anos-de-la-salmonicultura\\\/#breadcrumb\"},\"inLanguage\":\"es\",\"potentialAction\":[{\"@type\":\"ReadAction\",\"target\":[\"https:\\\/\\\/www.mundoacuicola.cl\\\/new\\\/gobernador-regional-de-los-lagos-invita-a-participar-en-conmemoracion-de-los-50-anos-de-la-salmonicultura\\\/\"]}]},{\"@type\":\"ImageObject\",\"inLanguage\":\"es\",\"@id\":\"https:\\\/\\\/www.mundoacuicola.cl\\\/new\\\/gobernador-regional-de-los-lagos-invita-a-participar-en-conmemoracion-de-los-50-anos-de-la-salmonicultura\\\/#primaryimage\",\"url\":\"https:\\\/\\\/www.mundoacuicola.cl\\\/new\\\/wp-content\\\/uploads\\\/2025\\\/05\\\/2-Alejandro-Santana-scaled.jpg\",\"contentUrl\":\"https:\\\/\\\/www.mundoacuicola.cl\\\/new\\\/wp-content\\\/uploads\\\/2025\\\/05\\\/2-Alejandro-Santana-scaled.jpg\",\"width\":2560,\"height\":1707},{\"@type\":\"BreadcrumbList\",\"@id\":\"https:\\\/\\\/www.mundoacuicola.cl\\\/new\\\/gobernador-regional-de-los-lagos-invita-a-participar-en-conmemoracion-de-los-50-anos-de-la-salmonicultura\\\/#breadcrumb\",\"itemListElement\":[{\"@type\":\"ListItem\",\"position\":1,\"name\":\"Portada\",\"item\":\"https:\\\/\\\/www.mundoacuicola.cl\\\/new\\\/\"},{\"@type\":\"ListItem\",\"position\":2,\"name\":\"Gobernador de Los Lagos invita a participar en conmemoraci\u00f3n de los 50 a\u00f1os de la salmonicultura\"}]},{\"@type\":\"WebSite\",\"@id\":\"https:\\\/\\\/www.mundoacuicola.cl\\\/new\\\/#website\",\"url\":\"https:\\\/\\\/www.mundoacuicola.cl\\\/new\\\/\",\"name\":\"Mundoacuicola\",\"description\":\"Revista de Acuicultura.\",\"publisher\":{\"@id\":\"https:\\\/\\\/www.mundoacuicola.cl\\\/new\\\/#organization\"},\"potentialAction\":[{\"@type\":\"SearchAction\",\"target\":{\"@type\":\"EntryPoint\",\"urlTemplate\":\"https:\\\/\\\/www.mundoacuicola.cl\\\/new\\\/?s={search_term_string}\"},\"query-input\":{\"@type\":\"PropertyValueSpecification\",\"valueRequired\":true,\"valueName\":\"search_term_string\"}}],\"inLanguage\":\"es\"},{\"@type\":\"Organization\",\"@id\":\"https:\\\/\\\/www.mundoacuicola.cl\\\/new\\\/#organization\",\"name\":\"Mundoacuicola\",\"url\":\"https:\\\/\\\/www.mundoacuicola.cl\\\/new\\\/\",\"logo\":{\"@type\":\"ImageObject\",\"inLanguage\":\"es\",\"@id\":\"https:\\\/\\\/www.mundoacuicola.cl\\\/new\\\/#\\\/schema\\\/logo\\\/image\\\/\",\"url\":\"https:\\\/\\\/www.mundoacuicola.cl\\\/new\\\/wp-content\\\/uploads\\\/2026\\\/01\\\/cropped-LOGO-Mundo-Acuicola-2026.png\",\"contentUrl\":\"https:\\\/\\\/www.mundoacuicola.cl\\\/new\\\/wp-content\\\/uploads\\\/2026\\\/01\\\/cropped-LOGO-Mundo-Acuicola-2026.png\",\"width\":1252,\"height\":296,\"caption\":\"Mundoacuicola\"},\"image\":{\"@id\":\"https:\\\/\\\/www.mundoacuicola.cl\\\/new\\\/#\\\/schema\\\/logo\\\/image\\\/\"},\"sameAs\":[\"https:\\\/\\\/www.facebook.com\\\/mundo.acuicola\\\/\",\"https:\\\/\\\/x.com\\\/mundoacuicola\",\"https:\\\/\\\/www.linkedin.com\\\/in\\\/mundo-acuicola\"]},{\"@type\":\"Person\",\"@id\":\"https:\\\/\\\/www.mundoacuicola.cl\\\/new\\\/#\\\/schema\\\/person\\\/52cfe7e461eb2d30484965350ee34bdd\",\"name\":\"Ricardo Alvarez\",\"url\":\"https:\\\/\\\/www.mundoacuicola.cl\\\/new\\\/author\\\/ricardo\\\/\"}]}<\/script>\n<!-- \/ Yoast SEO plugin. -->","yoast_head_json":{"title":"Gobernador de Los Lagos invita a participar en conmemoraci\u00f3n de los 50 a\u00f1os de la salmonicultura - Mundoacuicola","description":"Organizado por Mundo Acu\u00edcola, el encuentro busca generar un espacio de reflexi\u00f3n sobre la evoluci\u00f3n que ha experimentado la actividad.","robots":{"index":"index","follow":"follow","max-snippet":"max-snippet:-1","max-image-preview":"max-image-preview:large","max-video-preview":"max-video-preview:-1"},"canonical":"https:\/\/www.mundoacuicola.cl\/new\/gobernador-regional-de-los-lagos-invita-a-participar-en-conmemoracion-de-los-50-anos-de-la-salmonicultura\/","og_locale":"es_ES","og_type":"article","og_title":"Gobernador de Los Lagos invita a participar en conmemoraci\u00f3n de los 50 a\u00f1os de la salmonicultura - Mundoacuicola","og_description":"Organizado por Mundo Acu\u00edcola, el encuentro busca generar un espacio de reflexi\u00f3n sobre la evoluci\u00f3n que ha experimentado la actividad.","og_url":"https:\/\/www.mundoacuicola.cl\/new\/gobernador-regional-de-los-lagos-invita-a-participar-en-conmemoracion-de-los-50-anos-de-la-salmonicultura\/","og_site_name":"Mundoacuicola","article_publisher":"https:\/\/www.facebook.com\/mundo.acuicola\/","article_published_time":"2026-03-12T08:29:16+00:00","article_modified_time":"2026-03-12T21:04:00+00:00","og_image":[{"width":2560,"height":1707,"url":"https:\/\/www.mundoacuicola.cl\/new\/wp-content\/uploads\/2025\/05\/2-Alejandro-Santana-scaled.jpg","type":"image\/jpeg"}],"author":"Ricardo Alvarez","twitter_card":"summary_large_image","twitter_creator":"@mundoacuicola","twitter_site":"@mundoacuicola","twitter_misc":{"Escrito por":"Ricardo Alvarez","Tiempo de lectura":"3 minutos"},"schema":{"@context":"https:\/\/schema.org","@graph":[{"@type":"Article","@id":"https:\/\/www.mundoacuicola.cl\/new\/gobernador-regional-de-los-lagos-invita-a-participar-en-conmemoracion-de-los-50-anos-de-la-salmonicultura\/#article","isPartOf":{"@id":"https:\/\/www.mundoacuicola.cl\/new\/gobernador-regional-de-los-lagos-invita-a-participar-en-conmemoracion-de-los-50-anos-de-la-salmonicultura\/"},"author":{"name":"Ricardo Alvarez","@id":"https:\/\/www.mundoacuicola.cl\/new\/#\/schema\/person\/52cfe7e461eb2d30484965350ee34bdd"},"headline":"Gobernador de Los Lagos invita a participar en conmemoraci\u00f3n de los 50 a\u00f1os de la salmonicultura","datePublished":"2026-03-12T08:29:16+00:00","dateModified":"2026-03-12T21:04:00+00:00","mainEntityOfPage":{"@id":"https:\/\/www.mundoacuicola.cl\/new\/gobernador-regional-de-los-lagos-invita-a-participar-en-conmemoracion-de-los-50-anos-de-la-salmonicultura\/"},"wordCount":444,"publisher":{"@id":"https:\/\/www.mundoacuicola.cl\/new\/#organization"},"image":{"@id":"https:\/\/www.mundoacuicola.cl\/new\/gobernador-regional-de-los-lagos-invita-a-participar-en-conmemoracion-de-los-50-anos-de-la-salmonicultura\/#primaryimage"},"thumbnailUrl":"https:\/\/www.mundoacuicola.cl\/new\/wp-content\/uploads\/2025\/05\/2-Alejandro-Santana-scaled.jpg","keywords":["28 de mayo","Acuicultura","Alejandro Santana","Salm\u00f3n","salmonera","salmonicultura"],"articleSection":["Salmon Meets"],"inLanguage":"es"},{"@type":"WebPage","@id":"https:\/\/www.mundoacuicola.cl\/new\/gobernador-regional-de-los-lagos-invita-a-participar-en-conmemoracion-de-los-50-anos-de-la-salmonicultura\/","url":"https:\/\/www.mundoacuicola.cl\/new\/gobernador-regional-de-los-lagos-invita-a-participar-en-conmemoracion-de-los-50-anos-de-la-salmonicultura\/","name":"Gobernador de Los Lagos invita a participar en conmemoraci\u00f3n de los 50 a\u00f1os de la salmonicultura - Mundoacuicola","isPartOf":{"@id":"https:\/\/www.mundoacuicola.cl\/new\/#website"},"primaryImageOfPage":{"@id":"https:\/\/www.mundoacuicola.cl\/new\/gobernador-regional-de-los-lagos-invita-a-participar-en-conmemoracion-de-los-50-anos-de-la-salmonicultura\/#primaryimage"},"image":{"@id":"https:\/\/www.mundoacuicola.cl\/new\/gobernador-regional-de-los-lagos-invita-a-participar-en-conmemoracion-de-los-50-anos-de-la-salmonicultura\/#primaryimage"},"thumbnailUrl":"https:\/\/www.mundoacuicola.cl\/new\/wp-content\/uploads\/2025\/05\/2-Alejandro-Santana-scaled.jpg","datePublished":"2026-03-12T08:29:16+00:00","dateModified":"2026-03-12T21:04:00+00:00","description":"Organizado por Mundo Acu\u00edcola, el encuentro busca generar un espacio de reflexi\u00f3n sobre la evoluci\u00f3n que ha experimentado la actividad.","breadcrumb":{"@id":"https:\/\/www.mundoacuicola.cl\/new\/gobernador-regional-de-los-lagos-invita-a-participar-en-conmemoracion-de-los-50-anos-de-la-salmonicultura\/#breadcrumb"},"inLanguage":"es","potentialAction":[{"@type":"ReadAction","target":["https:\/\/www.mundoacuicola.cl\/new\/gobernador-regional-de-los-lagos-invita-a-participar-en-conmemoracion-de-los-50-anos-de-la-salmonicultura\/"]}]},{"@type":"ImageObject","inLanguage":"es","@id":"https:\/\/www.mundoacuicola.cl\/new\/gobernador-regional-de-los-lagos-invita-a-participar-en-conmemoracion-de-los-50-anos-de-la-salmonicultura\/#primaryimage","url":"https:\/\/www.mundoacuicola.cl\/new\/wp-content\/uploads\/2025\/05\/2-Alejandro-Santana-scaled.jpg","contentUrl":"https:\/\/www.mundoacuicola.cl\/new\/wp-content\/uploads\/2025\/05\/2-Alejandro-Santana-scaled.jpg","width":2560,"height":1707},{"@type":"BreadcrumbList","@id":"https:\/\/www.mundoacuicola.cl\/new\/gobernador-regional-de-los-lagos-invita-a-participar-en-conmemoracion-de-los-50-anos-de-la-salmonicultura\/#breadcrumb","itemListElement":[{"@type":"ListItem","position":1,"name":"Portada","item":"https:\/\/www.mundoacuicola.cl\/new\/"},{"@type":"ListItem","position":2,"name":"Gobernador de Los Lagos invita a participar en conmemoraci\u00f3n de los 50 a\u00f1os de la salmonicultura"}]},{"@type":"WebSite","@id":"https:\/\/www.mundoacuicola.cl\/new\/#website","url":"https:\/\/www.mundoacuicola.cl\/new\/","name":"Mundoacuicola","description":"Revista de Acuicultura.","publisher":{"@id":"https:\/\/www.mundoacuicola.cl\/new\/#organization"},"potentialAction":[{"@type":"SearchAction","target":{"@type":"EntryPoint","urlTemplate":"https:\/\/www.mundoacuicola.cl\/new\/?s={search_term_string}"},"query-input":{"@type":"PropertyValueSpecification","valueRequired":true,"valueName":"search_term_string"}}],"inLanguage":"es"},{"@type":"Organization","@id":"https:\/\/www.mundoacuicola.cl\/new\/#organization","name":"Mundoacuicola","url":"https:\/\/www.mundoacuicola.cl\/new\/","logo":{"@type":"ImageObject","inLanguage":"es","@id":"https:\/\/www.mundoacuicola.cl\/new\/#\/schema\/logo\/image\/","url":"https:\/\/www.mundoacuicola.cl\/new\/wp-content\/uploads\/2026\/01\/cropped-LOGO-Mundo-Acuicola-2026.png","contentUrl":"https:\/\/www.mundoacuicola.cl\/new\/wp-content\/uploads\/2026\/01\/cropped-LOGO-Mundo-Acuicola-2026.png","width":1252,"height":296,"caption":"Mundoacuicola"},"image":{"@id":"https:\/\/www.mundoacuicola.cl\/new\/#\/schema\/logo\/image\/"},"sameAs":["https:\/\/www.facebook.com\/mundo.acuicola\/","https:\/\/x.com\/mundoacuicola","https:\/\/www.linkedin.com\/in\/mundo-acuicola"]},{"@type":"Person","@id":"https:\/\/www.mundoacuicola.cl\/new\/#\/schema\/person\/52cfe7e461eb2d30484965350ee34bdd","name":"Ricardo Alvarez","url":"https:\/\/www.mundoacuicola.cl\/new\/author\/ricardo\/"}]}},"_links":{"self":[{"href":"https:\/\/www.mundoacuicola.cl\/new\/wp-json\/wp\/v2\/posts\/86689","targetHints":{"allow":["GET"]}}],"collection":[{"href":"https:\/\/www.mundoacuicola.cl\/new\/wp-json\/wp\/v2\/posts"}],"about":[{"href":"https:\/\/www.mundoacuicola.cl\/new\/wp-json\/wp\/v2\/types\/post"}],"author":[{"embeddable":true,"href":"https:\/\/www.mundoacuicola.cl\/new\/wp-json\/wp\/v2\/users\/8"}],"replies":[{"embeddable":true,"href":"https:\/\/www.mundoacuicola.cl\/new\/wp-json\/wp\/v2\/comments?post=86689"}],"version-history":[{"count":0,"href":"https:\/\/www.mundoacuicola.cl\/new\/wp-json\/wp\/v2\/posts\/86689\/revisions"}],"wp:featuredmedia":[{"embeddable":true,"href":"https:\/\/www.mundoacuicola.cl\/new\/wp-json\/wp\/v2\/media\/75745"}],"wp:attachment":[{"href":"https:\/\/www.mundoacuicola.cl\/new\/wp-json\/wp\/v2\/media?parent=86689"}],"wp:term":[{"taxonomy":"category","embeddable":true,"href":"https:\/\/www.mundoacuicola.cl\/new\/wp-json\/wp\/v2\/categories?post=86689"},{"taxonomy":"post_tag","embeddable":true,"href":"https:\/\/www.mundoacuicola.cl\/new\/wp-json\/wp\/v2\/tags?post=86689"}],"curies":[{"name":"wp","href":"https:\/\/api.w.org\/{rel}","templated":true}]}}