{"id":86736,"date":"2026-03-13T10:47:59","date_gmt":"2026-03-13T14:47:59","guid":{"rendered":"https:\/\/www.mundoacuicola.cl\/new\/?p=86736"},"modified":"2026-03-16T09:14:11","modified_gmt":"2026-03-16T13:14:11","slug":"las-prioridades-de-osvaldo-urrutia-silva-como-subsecretario-de-pesca-y-acuicultura","status":"publish","type":"post","link":"https:\/\/www.mundoacuicola.cl\/new\/las-prioridades-de-osvaldo-urrutia-silva-como-subsecretario-de-pesca-y-acuicultura\/","title":{"rendered":"Las prioridades de Osvaldo Urrutia Silva como subsecretario de Pesca y Acuicultura"},"content":{"rendered":"<div class=\"col-md-8\">\n<div class=\"well panel-blanco\">\n<div class=\"panel panel-body articulo\">\n<div id=\"article_i__sp_ar_articulo_cuerpo_1\" class=\"panel panel-default panel-body articulo\">\n<div class=\"articulo-cuerpo cid-515 aid-129292\">\n<p>El subsecretario de Pesca y Acuicultura del Gobierno del Presidente Jos\u00e9 Antonio Kast, Osvaldo Urrutia Silva, abogado de la Pontificia Universidad Cat\u00f3lica de Valpara\u00edso (PUCV), cuenta con una s\u00f3lida formaci\u00f3n acad\u00e9mica internacional. Posee un doctorado en Derecho por la Victoria University of Wellington, en Nueva Zelanda (2022), y un mag\u00edster en Derecho Internacional por University College London (2008).<\/p>\n<p>En el \u00e1mbito profesional, ha desarrollado una trayectoria de m\u00e1s de 20 a\u00f1os ligada al sector p\u00fablico y a organismos internacionales, destacando su labor como consultor en la Divisi\u00f3n de Pesca y Acuicultura de la FAO y su trabajo en la Divisi\u00f3n Jur\u00eddica y en la Unidad de Asuntos Internacionales de la Subsecretar\u00eda de Pesca y Acuicultura entre 2009 y 2022.<\/p>\n<p>En su primer d\u00eda en el cargo, la nueva autoridad se reuni\u00f3 con los equipos t\u00e9cnicos de la subsecretar\u00eda en las dependencias del nivel central en Valpara\u00edso, instancia en la que comparti\u00f3 con funcionarios y funcionarias en una bienvenida marcada por la cercan\u00eda y la emoci\u00f3n.<\/p>\n<h3><strong>\u00c1reas prioritarias\u00a0<\/strong><\/h3>\n<p>En esta nueva etapa, Urrutia se\u00f1al\u00f3 que su gesti\u00f3n estar\u00e1 orientada a fortalecer una conducci\u00f3n basada en evidencia cient\u00edfica, el apego irrestricto a la normativa vigente y el di\u00e1logo con todos los actores del sector pesquero y acu\u00edcola. Con un sello t\u00e9cnico como base, la autoridad enfatiz\u00f3 que la institucionalidad debe dar condiciones para el desarrollo econ\u00f3mico del sector, impulsando el crecimiento de la actividad pesquera y acu\u00edcola en un marco de reglas claras, sostenibilidad y competitividad. Asimismo, destac\u00f3 que la Subsecretar\u00eda de Pesca y Acuicultura es una instituci\u00f3n del Estado que act\u00faa conforme a mecanismos t\u00e9cnicos consolidados, los que deben traducirse en condiciones concretas para que el sector genere valor, inversi\u00f3n y empleo.<\/p>\n<p>\u00abNuestro desaf\u00edo, en el Gobierno del Presidente Jos\u00e9 Antonio Kast, es consolidar una gobernanza que combine sustentabilidad, certeza regulatoria y confianza p\u00fablica, poniendo la actividad pesquera y acu\u00edcola al servicio del crecimiento del pa\u00eds\u00bb, precis\u00f3 el nuevo subsecretario.<\/p>\n<p>La autoridad tambi\u00e9n se ha destacado por su trabajo en el \u00e1mbito acad\u00e9mico. Al respecto, hasta el momento de su nombramiento, se desempe\u00f1aba como profesor de Derecho Internacional P\u00fablico y Derecho del Mar en la Pontificia Universidad Cat\u00f3lica de Valparaiso.<\/p>\n<\/div>\n<\/div>\n<div id=\"article_i__sp_ar_articulo_recursos_descargar_1\" class=\"articulo\"><\/div>\n<\/div>\n<\/div>\n<\/div>\n<div class=\"col-md-4\">\n<div id=\"tr_menu_difusion\" class=\"panel panel-default borde-gob panel-body lista lista-menu lista-colapsable\"><\/div>\n<\/div>\n","protected":false},"excerpt":{"rendered":"<p>El abogado y acad\u00e9mico de la Pontificia Universidad Cat\u00f3lica de Valpara\u00edso, con trayectoria en derecho internacional y organismos multilaterales como la FAO, asumi\u00f3 el cargo con el compromiso de fortalecer una gobernanza basada en sustentabilidad, certeza regulatoria y evidencia cient\u00edfica para el sector pesquero y acu\u00edcola.<\/p>\n","protected":false},"author":10,"featured_media":86737,"comment_status":"closed","ping_status":"closed","sticky":false,"template":"","format":"standard","meta":{"footnotes":""},"categories":[89],"tags":[1261,143,122,2907,197,307,6193],"class_list":["post-86736","post","type-post","status-publish","format-standard","has-post-thumbnail","hentry","category-instituciones","tag-acuicola","tag-acuicultura","tag-industria-acuicola","tag-industria-salmonera","tag-salmonicultura","tag-subpesca","tag-subsecretaria-de-pesca-y-acuicultura"],"yoast_head":"<!-- This site is optimized with the Yoast SEO plugin v27.5 - https:\/\/yoast.com\/product\/yoast-seo-wordpress\/ -->\n<title>Las prioridades de Osvaldo Urrutia Silva como subsecretario de Pesca y Acuicultura - Mundoacuicola<\/title>\n<meta name=\"description\" content=\"La nueva autoridad busca fortalecer una gobernanza basada en sustentabilidad, certeza regulatoria y evidencia cient\u00edfica.\" \/>\n<meta name=\"robots\" content=\"index, follow, max-snippet:-1, max-image-preview:large, max-video-preview:-1\" \/>\n<link rel=\"canonical\" href=\"https:\/\/www.mundoacuicola.cl\/new\/las-prioridades-de-osvaldo-urrutia-silva-como-subsecretario-de-pesca-y-acuicultura\/\" \/>\n<meta property=\"og:locale\" content=\"es_ES\" \/>\n<meta property=\"og:type\" content=\"article\" \/>\n<meta property=\"og:title\" content=\"Las prioridades de Osvaldo Urrutia Silva como subsecretario de Pesca y Acuicultura - Mundoacuicola\" \/>\n<meta property=\"og:description\" content=\"La nueva autoridad busca fortalecer una gobernanza basada en sustentabilidad, certeza regulatoria y evidencia cient\u00edfica.\" \/>\n<meta property=\"og:url\" content=\"https:\/\/www.mundoacuicola.cl\/new\/las-prioridades-de-osvaldo-urrutia-silva-como-subsecretario-de-pesca-y-acuicultura\/\" \/>\n<meta property=\"og:site_name\" content=\"Mundoacuicola\" \/>\n<meta property=\"article:publisher\" content=\"https:\/\/www.facebook.com\/mundo.acuicola\/\" \/>\n<meta property=\"article:published_time\" content=\"2026-03-13T14:47:59+00:00\" \/>\n<meta property=\"article:modified_time\" content=\"2026-03-16T13:14:11+00:00\" \/>\n<meta property=\"og:image\" content=\"https:\/\/www.mundoacuicola.cl\/new\/wp-content\/uploads\/2026\/03\/OsvaldoUrrutia.jpg\" \/>\n\t<meta property=\"og:image:width\" content=\"1200\" \/>\n\t<meta property=\"og:image:height\" content=\"700\" \/>\n\t<meta property=\"og:image:type\" content=\"image\/jpeg\" \/>\n<meta name=\"author\" content=\"mbarrueto\" \/>\n<meta name=\"twitter:card\" content=\"summary_large_image\" \/>\n<meta name=\"twitter:creator\" content=\"@mundoacuicola\" \/>\n<meta name=\"twitter:site\" content=\"@mundoacuicola\" \/>\n<meta name=\"twitter:label1\" content=\"Escrito por\" \/>\n\t<meta name=\"twitter:data1\" content=\"mbarrueto\" \/>\n\t<meta name=\"twitter:label2\" content=\"Tiempo de lectura\" \/>\n\t<meta name=\"twitter:data2\" content=\"2 minutos\" \/>\n<script type=\"application\/ld+json\" class=\"yoast-schema-graph\">{\"@context\":\"https:\\\/\\\/schema.org\",\"@graph\":[{\"@type\":\"Article\",\"@id\":\"https:\\\/\\\/www.mundoacuicola.cl\\\/new\\\/las-prioridades-de-osvaldo-urrutia-silva-como-subsecretario-de-pesca-y-acuicultura\\\/#article\",\"isPartOf\":{\"@id\":\"https:\\\/\\\/www.mundoacuicola.cl\\\/new\\\/las-prioridades-de-osvaldo-urrutia-silva-como-subsecretario-de-pesca-y-acuicultura\\\/\"},\"author\":{\"name\":\"mbarrueto\",\"@id\":\"https:\\\/\\\/www.mundoacuicola.cl\\\/new\\\/#\\\/schema\\\/person\\\/c00ffe389abb88bd9254653add139315\"},\"headline\":\"Las prioridades de Osvaldo Urrutia Silva como subsecretario de Pesca y Acuicultura\",\"datePublished\":\"2026-03-13T14:47:59+00:00\",\"dateModified\":\"2026-03-16T13:14:11+00:00\",\"mainEntityOfPage\":{\"@id\":\"https:\\\/\\\/www.mundoacuicola.cl\\\/new\\\/las-prioridades-de-osvaldo-urrutia-silva-como-subsecretario-de-pesca-y-acuicultura\\\/\"},\"wordCount\":408,\"publisher\":{\"@id\":\"https:\\\/\\\/www.mundoacuicola.cl\\\/new\\\/#organization\"},\"image\":{\"@id\":\"https:\\\/\\\/www.mundoacuicola.cl\\\/new\\\/las-prioridades-de-osvaldo-urrutia-silva-como-subsecretario-de-pesca-y-acuicultura\\\/#primaryimage\"},\"thumbnailUrl\":\"https:\\\/\\\/www.mundoacuicola.cl\\\/new\\\/wp-content\\\/uploads\\\/2026\\\/03\\\/OsvaldoUrrutia.jpg\",\"keywords\":[\"Acu\u00edcola\",\"Acuicultura\",\"Industria Acu\u00edcola\",\"Industria salmonera\",\"salmonicultura\",\"subpesca\",\"Subsecretaria de Pesca y Acuicultura\"],\"articleSection\":[\"Instituciones\"],\"inLanguage\":\"es\"},{\"@type\":\"WebPage\",\"@id\":\"https:\\\/\\\/www.mundoacuicola.cl\\\/new\\\/las-prioridades-de-osvaldo-urrutia-silva-como-subsecretario-de-pesca-y-acuicultura\\\/\",\"url\":\"https:\\\/\\\/www.mundoacuicola.cl\\\/new\\\/las-prioridades-de-osvaldo-urrutia-silva-como-subsecretario-de-pesca-y-acuicultura\\\/\",\"name\":\"Las prioridades de Osvaldo Urrutia Silva como subsecretario de Pesca y Acuicultura - Mundoacuicola\",\"isPartOf\":{\"@id\":\"https:\\\/\\\/www.mundoacuicola.cl\\\/new\\\/#website\"},\"primaryImageOfPage\":{\"@id\":\"https:\\\/\\\/www.mundoacuicola.cl\\\/new\\\/las-prioridades-de-osvaldo-urrutia-silva-como-subsecretario-de-pesca-y-acuicultura\\\/#primaryimage\"},\"image\":{\"@id\":\"https:\\\/\\\/www.mundoacuicola.cl\\\/new\\\/las-prioridades-de-osvaldo-urrutia-silva-como-subsecretario-de-pesca-y-acuicultura\\\/#primaryimage\"},\"thumbnailUrl\":\"https:\\\/\\\/www.mundoacuicola.cl\\\/new\\\/wp-content\\\/uploads\\\/2026\\\/03\\\/OsvaldoUrrutia.jpg\",\"datePublished\":\"2026-03-13T14:47:59+00:00\",\"dateModified\":\"2026-03-16T13:14:11+00:00\",\"description\":\"La nueva autoridad busca fortalecer una gobernanza basada en sustentabilidad, certeza regulatoria y evidencia cient\u00edfica.\",\"breadcrumb\":{\"@id\":\"https:\\\/\\\/www.mundoacuicola.cl\\\/new\\\/las-prioridades-de-osvaldo-urrutia-silva-como-subsecretario-de-pesca-y-acuicultura\\\/#breadcrumb\"},\"inLanguage\":\"es\",\"potentialAction\":[{\"@type\":\"ReadAction\",\"target\":[\"https:\\\/\\\/www.mundoacuicola.cl\\\/new\\\/las-prioridades-de-osvaldo-urrutia-silva-como-subsecretario-de-pesca-y-acuicultura\\\/\"]}]},{\"@type\":\"ImageObject\",\"inLanguage\":\"es\",\"@id\":\"https:\\\/\\\/www.mundoacuicola.cl\\\/new\\\/las-prioridades-de-osvaldo-urrutia-silva-como-subsecretario-de-pesca-y-acuicultura\\\/#primaryimage\",\"url\":\"https:\\\/\\\/www.mundoacuicola.cl\\\/new\\\/wp-content\\\/uploads\\\/2026\\\/03\\\/OsvaldoUrrutia.jpg\",\"contentUrl\":\"https:\\\/\\\/www.mundoacuicola.cl\\\/new\\\/wp-content\\\/uploads\\\/2026\\\/03\\\/OsvaldoUrrutia.jpg\",\"width\":1200,\"height\":700},{\"@type\":\"BreadcrumbList\",\"@id\":\"https:\\\/\\\/www.mundoacuicola.cl\\\/new\\\/las-prioridades-de-osvaldo-urrutia-silva-como-subsecretario-de-pesca-y-acuicultura\\\/#breadcrumb\",\"itemListElement\":[{\"@type\":\"ListItem\",\"position\":1,\"name\":\"Portada\",\"item\":\"https:\\\/\\\/www.mundoacuicola.cl\\\/new\\\/\"},{\"@type\":\"ListItem\",\"position\":2,\"name\":\"Las prioridades de Osvaldo Urrutia Silva como subsecretario de Pesca y Acuicultura\"}]},{\"@type\":\"WebSite\",\"@id\":\"https:\\\/\\\/www.mundoacuicola.cl\\\/new\\\/#website\",\"url\":\"https:\\\/\\\/www.mundoacuicola.cl\\\/new\\\/\",\"name\":\"Mundoacuicola\",\"description\":\"Revista de Acuicultura.\",\"publisher\":{\"@id\":\"https:\\\/\\\/www.mundoacuicola.cl\\\/new\\\/#organization\"},\"potentialAction\":[{\"@type\":\"SearchAction\",\"target\":{\"@type\":\"EntryPoint\",\"urlTemplate\":\"https:\\\/\\\/www.mundoacuicola.cl\\\/new\\\/?s={search_term_string}\"},\"query-input\":{\"@type\":\"PropertyValueSpecification\",\"valueRequired\":true,\"valueName\":\"search_term_string\"}}],\"inLanguage\":\"es\"},{\"@type\":\"Organization\",\"@id\":\"https:\\\/\\\/www.mundoacuicola.cl\\\/new\\\/#organization\",\"name\":\"Mundoacuicola\",\"url\":\"https:\\\/\\\/www.mundoacuicola.cl\\\/new\\\/\",\"logo\":{\"@type\":\"ImageObject\",\"inLanguage\":\"es\",\"@id\":\"https:\\\/\\\/www.mundoacuicola.cl\\\/new\\\/#\\\/schema\\\/logo\\\/image\\\/\",\"url\":\"https:\\\/\\\/www.mundoacuicola.cl\\\/new\\\/wp-content\\\/uploads\\\/2026\\\/01\\\/cropped-LOGO-Mundo-Acuicola-2026.png\",\"contentUrl\":\"https:\\\/\\\/www.mundoacuicola.cl\\\/new\\\/wp-content\\\/uploads\\\/2026\\\/01\\\/cropped-LOGO-Mundo-Acuicola-2026.png\",\"width\":1252,\"height\":296,\"caption\":\"Mundoacuicola\"},\"image\":{\"@id\":\"https:\\\/\\\/www.mundoacuicola.cl\\\/new\\\/#\\\/schema\\\/logo\\\/image\\\/\"},\"sameAs\":[\"https:\\\/\\\/www.facebook.com\\\/mundo.acuicola\\\/\",\"https:\\\/\\\/x.com\\\/mundoacuicola\",\"https:\\\/\\\/www.linkedin.com\\\/in\\\/mundo-acuicola\"]},{\"@type\":\"Person\",\"@id\":\"https:\\\/\\\/www.mundoacuicola.cl\\\/new\\\/#\\\/schema\\\/person\\\/c00ffe389abb88bd9254653add139315\",\"name\":\"mbarrueto\",\"url\":\"https:\\\/\\\/www.mundoacuicola.cl\\\/new\\\/author\\\/mbarrueto\\\/\"}]}<\/script>\n<!-- \/ Yoast SEO plugin. -->","yoast_head_json":{"title":"Las prioridades de Osvaldo Urrutia Silva como subsecretario de Pesca y Acuicultura - Mundoacuicola","description":"La nueva autoridad busca fortalecer una gobernanza basada en sustentabilidad, certeza regulatoria y evidencia cient\u00edfica.","robots":{"index":"index","follow":"follow","max-snippet":"max-snippet:-1","max-image-preview":"max-image-preview:large","max-video-preview":"max-video-preview:-1"},"canonical":"https:\/\/www.mundoacuicola.cl\/new\/las-prioridades-de-osvaldo-urrutia-silva-como-subsecretario-de-pesca-y-acuicultura\/","og_locale":"es_ES","og_type":"article","og_title":"Las prioridades de Osvaldo Urrutia Silva como subsecretario de Pesca y Acuicultura - Mundoacuicola","og_description":"La nueva autoridad busca fortalecer una gobernanza basada en sustentabilidad, certeza regulatoria y evidencia cient\u00edfica.","og_url":"https:\/\/www.mundoacuicola.cl\/new\/las-prioridades-de-osvaldo-urrutia-silva-como-subsecretario-de-pesca-y-acuicultura\/","og_site_name":"Mundoacuicola","article_publisher":"https:\/\/www.facebook.com\/mundo.acuicola\/","article_published_time":"2026-03-13T14:47:59+00:00","article_modified_time":"2026-03-16T13:14:11+00:00","og_image":[{"width":1200,"height":700,"url":"https:\/\/www.mundoacuicola.cl\/new\/wp-content\/uploads\/2026\/03\/OsvaldoUrrutia.jpg","type":"image\/jpeg"}],"author":"mbarrueto","twitter_card":"summary_large_image","twitter_creator":"@mundoacuicola","twitter_site":"@mundoacuicola","twitter_misc":{"Escrito por":"mbarrueto","Tiempo de lectura":"2 minutos"},"schema":{"@context":"https:\/\/schema.org","@graph":[{"@type":"Article","@id":"https:\/\/www.mundoacuicola.cl\/new\/las-prioridades-de-osvaldo-urrutia-silva-como-subsecretario-de-pesca-y-acuicultura\/#article","isPartOf":{"@id":"https:\/\/www.mundoacuicola.cl\/new\/las-prioridades-de-osvaldo-urrutia-silva-como-subsecretario-de-pesca-y-acuicultura\/"},"author":{"name":"mbarrueto","@id":"https:\/\/www.mundoacuicola.cl\/new\/#\/schema\/person\/c00ffe389abb88bd9254653add139315"},"headline":"Las prioridades de Osvaldo Urrutia Silva como subsecretario de Pesca y Acuicultura","datePublished":"2026-03-13T14:47:59+00:00","dateModified":"2026-03-16T13:14:11+00:00","mainEntityOfPage":{"@id":"https:\/\/www.mundoacuicola.cl\/new\/las-prioridades-de-osvaldo-urrutia-silva-como-subsecretario-de-pesca-y-acuicultura\/"},"wordCount":408,"publisher":{"@id":"https:\/\/www.mundoacuicola.cl\/new\/#organization"},"image":{"@id":"https:\/\/www.mundoacuicola.cl\/new\/las-prioridades-de-osvaldo-urrutia-silva-como-subsecretario-de-pesca-y-acuicultura\/#primaryimage"},"thumbnailUrl":"https:\/\/www.mundoacuicola.cl\/new\/wp-content\/uploads\/2026\/03\/OsvaldoUrrutia.jpg","keywords":["Acu\u00edcola","Acuicultura","Industria Acu\u00edcola","Industria salmonera","salmonicultura","subpesca","Subsecretaria de Pesca y Acuicultura"],"articleSection":["Instituciones"],"inLanguage":"es"},{"@type":"WebPage","@id":"https:\/\/www.mundoacuicola.cl\/new\/las-prioridades-de-osvaldo-urrutia-silva-como-subsecretario-de-pesca-y-acuicultura\/","url":"https:\/\/www.mundoacuicola.cl\/new\/las-prioridades-de-osvaldo-urrutia-silva-como-subsecretario-de-pesca-y-acuicultura\/","name":"Las prioridades de Osvaldo Urrutia Silva como subsecretario de Pesca y Acuicultura - Mundoacuicola","isPartOf":{"@id":"https:\/\/www.mundoacuicola.cl\/new\/#website"},"primaryImageOfPage":{"@id":"https:\/\/www.mundoacuicola.cl\/new\/las-prioridades-de-osvaldo-urrutia-silva-como-subsecretario-de-pesca-y-acuicultura\/#primaryimage"},"image":{"@id":"https:\/\/www.mundoacuicola.cl\/new\/las-prioridades-de-osvaldo-urrutia-silva-como-subsecretario-de-pesca-y-acuicultura\/#primaryimage"},"thumbnailUrl":"https:\/\/www.mundoacuicola.cl\/new\/wp-content\/uploads\/2026\/03\/OsvaldoUrrutia.jpg","datePublished":"2026-03-13T14:47:59+00:00","dateModified":"2026-03-16T13:14:11+00:00","description":"La nueva autoridad busca fortalecer una gobernanza basada en sustentabilidad, certeza regulatoria y evidencia cient\u00edfica.","breadcrumb":{"@id":"https:\/\/www.mundoacuicola.cl\/new\/las-prioridades-de-osvaldo-urrutia-silva-como-subsecretario-de-pesca-y-acuicultura\/#breadcrumb"},"inLanguage":"es","potentialAction":[{"@type":"ReadAction","target":["https:\/\/www.mundoacuicola.cl\/new\/las-prioridades-de-osvaldo-urrutia-silva-como-subsecretario-de-pesca-y-acuicultura\/"]}]},{"@type":"ImageObject","inLanguage":"es","@id":"https:\/\/www.mundoacuicola.cl\/new\/las-prioridades-de-osvaldo-urrutia-silva-como-subsecretario-de-pesca-y-acuicultura\/#primaryimage","url":"https:\/\/www.mundoacuicola.cl\/new\/wp-content\/uploads\/2026\/03\/OsvaldoUrrutia.jpg","contentUrl":"https:\/\/www.mundoacuicola.cl\/new\/wp-content\/uploads\/2026\/03\/OsvaldoUrrutia.jpg","width":1200,"height":700},{"@type":"BreadcrumbList","@id":"https:\/\/www.mundoacuicola.cl\/new\/las-prioridades-de-osvaldo-urrutia-silva-como-subsecretario-de-pesca-y-acuicultura\/#breadcrumb","itemListElement":[{"@type":"ListItem","position":1,"name":"Portada","item":"https:\/\/www.mundoacuicola.cl\/new\/"},{"@type":"ListItem","position":2,"name":"Las prioridades de Osvaldo Urrutia Silva como subsecretario de Pesca y Acuicultura"}]},{"@type":"WebSite","@id":"https:\/\/www.mundoacuicola.cl\/new\/#website","url":"https:\/\/www.mundoacuicola.cl\/new\/","name":"Mundoacuicola","description":"Revista de Acuicultura.","publisher":{"@id":"https:\/\/www.mundoacuicola.cl\/new\/#organization"},"potentialAction":[{"@type":"SearchAction","target":{"@type":"EntryPoint","urlTemplate":"https:\/\/www.mundoacuicola.cl\/new\/?s={search_term_string}"},"query-input":{"@type":"PropertyValueSpecification","valueRequired":true,"valueName":"search_term_string"}}],"inLanguage":"es"},{"@type":"Organization","@id":"https:\/\/www.mundoacuicola.cl\/new\/#organization","name":"Mundoacuicola","url":"https:\/\/www.mundoacuicola.cl\/new\/","logo":{"@type":"ImageObject","inLanguage":"es","@id":"https:\/\/www.mundoacuicola.cl\/new\/#\/schema\/logo\/image\/","url":"https:\/\/www.mundoacuicola.cl\/new\/wp-content\/uploads\/2026\/01\/cropped-LOGO-Mundo-Acuicola-2026.png","contentUrl":"https:\/\/www.mundoacuicola.cl\/new\/wp-content\/uploads\/2026\/01\/cropped-LOGO-Mundo-Acuicola-2026.png","width":1252,"height":296,"caption":"Mundoacuicola"},"image":{"@id":"https:\/\/www.mundoacuicola.cl\/new\/#\/schema\/logo\/image\/"},"sameAs":["https:\/\/www.facebook.com\/mundo.acuicola\/","https:\/\/x.com\/mundoacuicola","https:\/\/www.linkedin.com\/in\/mundo-acuicola"]},{"@type":"Person","@id":"https:\/\/www.mundoacuicola.cl\/new\/#\/schema\/person\/c00ffe389abb88bd9254653add139315","name":"mbarrueto","url":"https:\/\/www.mundoacuicola.cl\/new\/author\/mbarrueto\/"}]}},"_links":{"self":[{"href":"https:\/\/www.mundoacuicola.cl\/new\/wp-json\/wp\/v2\/posts\/86736","targetHints":{"allow":["GET"]}}],"collection":[{"href":"https:\/\/www.mundoacuicola.cl\/new\/wp-json\/wp\/v2\/posts"}],"about":[{"href":"https:\/\/www.mundoacuicola.cl\/new\/wp-json\/wp\/v2\/types\/post"}],"author":[{"embeddable":true,"href":"https:\/\/www.mundoacuicola.cl\/new\/wp-json\/wp\/v2\/users\/10"}],"replies":[{"embeddable":true,"href":"https:\/\/www.mundoacuicola.cl\/new\/wp-json\/wp\/v2\/comments?post=86736"}],"version-history":[{"count":1,"href":"https:\/\/www.mundoacuicola.cl\/new\/wp-json\/wp\/v2\/posts\/86736\/revisions"}],"predecessor-version":[{"id":86868,"href":"https:\/\/www.mundoacuicola.cl\/new\/wp-json\/wp\/v2\/posts\/86736\/revisions\/86868"}],"wp:featuredmedia":[{"embeddable":true,"href":"https:\/\/www.mundoacuicola.cl\/new\/wp-json\/wp\/v2\/media\/86737"}],"wp:attachment":[{"href":"https:\/\/www.mundoacuicola.cl\/new\/wp-json\/wp\/v2\/media?parent=86736"}],"wp:term":[{"taxonomy":"category","embeddable":true,"href":"https:\/\/www.mundoacuicola.cl\/new\/wp-json\/wp\/v2\/categories?post=86736"},{"taxonomy":"post_tag","embeddable":true,"href":"https:\/\/www.mundoacuicola.cl\/new\/wp-json\/wp\/v2\/tags?post=86736"}],"curies":[{"name":"wp","href":"https:\/\/api.w.org\/{rel}","templated":true}]}}