{"id":86739,"date":"2026-03-13T11:46:57","date_gmt":"2026-03-13T15:46:57","guid":{"rendered":"https:\/\/www.mundoacuicola.cl\/new\/?p=86739"},"modified":"2026-03-16T09:13:54","modified_gmt":"2026-03-16T13:13:54","slug":"pescadores-artesanales-expresan-preocupacion-por-plan-de-manejo-del-parque-kawesqar","status":"publish","type":"post","link":"https:\/\/www.mundoacuicola.cl\/new\/pescadores-artesanales-expresan-preocupacion-por-plan-de-manejo-del-parque-kawesqar\/","title":{"rendered":"Pescadores artesanales expresan preocupaci\u00f3n por Plan de Manejo del Parque Kaw\u00e9sqar"},"content":{"rendered":"<div class=\"flex flex-col text-sm pb-25\">\n<article class=\"text-token-text-primary w-full focus:outline-none [--shadow-height:45px] has-data-writing-block:pointer-events-none has-data-writing-block:-mt-(--shadow-height) has-data-writing-block:pt-(--shadow-height) [&amp;:has([data-writing-block])&gt;*]:pointer-events-auto scroll-mt-[calc(var(--header-height)+min(200px,max(70px,20svh)))]\" dir=\"auto\" tabindex=\"-1\" data-turn-id=\"request-68e59e06-53dc-832a-9ab8-31d4535c2e14-4\" data-testid=\"conversation-turn-132\" data-scroll-anchor=\"true\" data-turn=\"assistant\">\n<div class=\"text-base my-auto mx-auto pb-10 [--thread-content-margin:var(--thread-content-margin-xs,calc(var(--spacing)*4))] @w-sm\/main:[--thread-content-margin:var(--thread-content-margin-sm,calc(var(--spacing)*6))] @w-lg\/main:[--thread-content-margin:var(--thread-content-margin-lg,calc(var(--spacing)*16))] px-(--thread-content-margin)\">\n<div class=\"[--thread-content-max-width:40rem] @w-lg\/main:[--thread-content-max-width:48rem] mx-auto max-w-(--thread-content-max-width) flex-1 group\/turn-messages focus-visible:outline-hidden relative flex w-full min-w-0 flex-col agent-turn\" tabindex=\"-1\">\n<div class=\"flex max-w-full flex-col gap-4 grow\">\n<div class=\"min-h-8 text-message relative flex w-full flex-col items-end gap-2 text-start break-words whitespace-normal [.text-message+&amp;]:mt-1\" dir=\"auto\" data-message-author-role=\"assistant\" data-message-id=\"f2fb61ca-29fe-48d2-9575-fadc0ad09462\" data-message-model-slug=\"gpt-5-3\">\n<div class=\"flex w-full flex-col gap-1 empty:hidden\">\n<div class=\"markdown prose dark:prose-invert w-full wrap-break-word light markdown-new-styling\">\n<p data-start=\"136\" data-end=\"649\">La Corporaci\u00f3n Nacional Forestal (CONAF) oficializ\u00f3 el 9 de marzo de 2026 la aprobaci\u00f3n del Plan de Manejo del Parque Nacional Kaw\u00e9sqar mediante la Resoluci\u00f3n N\u00b0 313\/2026, estableciendo las directrices para la administraci\u00f3n y conservaci\u00f3n de esta extensa \u00e1rea protegida ubicada en la Regi\u00f3n de Magallanes y de la Ant\u00e1rtica Chilena. El instrumento define objetivos, medidas y reglas para ordenar las actividades que se desarrollan en el territorio, as\u00ed como mecanismos de gobernanza y participaci\u00f3n en su gesti\u00f3n.<\/p>\n<p data-start=\"651\" data-end=\"1152\" data-is-last-node=\"\" data-is-only-node=\"\">Con una superficie de 2.842.329 hect\u00e1reas, el Parque Nacional Kaw\u00e9sqar es el segundo parque m\u00e1s grande de Chile y protege un complejo sistema de fiordos, canales e islas de la Patagonia austral. La aprobaci\u00f3n del plan se produce en un territorio donde conviven actividades de conservaci\u00f3n, pesca, acuicultura, investigaci\u00f3n cient\u00edfica, turismo y tr\u00e1nsito mar\u00edtimo, sectores que en conjunto representan una importante porci\u00f3n de las actividades econ\u00f3micas de la regi\u00f3n de Magallanes.<\/p>\n<\/div>\n<\/div>\n<\/div>\n<\/div>\n<\/div>\n<\/div>\n<\/article>\n<\/div>\n<p data-start=\"299\" data-end=\"679\">En este marco, el presidente del Sindicato de Armadores y Pescadores Artesanales de Magallanes, Patricio Ampuero, manifest\u00f3 inquietud en el sector por el proceso de elaboraci\u00f3n del Plan de Manejo del Parque Nacional Kaw\u00e9sqar, se\u00f1alando que, a juicio de los usuarios del mar, el instrumento debi\u00f3 incorporar una participaci\u00f3n m\u00e1s activa de actores vinculados directamente a la actividad pesquera.<\/p>\n<p data-start=\"681\" data-end=\"991\">Durante una entrevista en Radio Polar, el dirigente abord\u00f3 diversos temas que hoy marcan la agenda de la pesca artesanal en la regi\u00f3n, entre ellos el aumento de los costos operacionales, el v\u00ednculo con instituciones p\u00fablicas y las implicancias del plan de manejo del Parque Nacional Kaw\u00e9sqar para el trabajo en el borde costero.<\/p>\n<p data-start=\"993\" data-end=\"1139\">En relaci\u00f3n con este \u00faltimo punto, Ampuero explic\u00f3 que uno de los aspectos que m\u00e1s preocupa al sector es la forma en que se desarroll\u00f3 el proceso. \u201cDos d\u00edas antes que termine el gobierno anterior sali\u00f3 la informaci\u00f3n de que se aprob\u00f3 el plan de manejo del Parque Kaw\u00e9sqar. Lo malo de esto es que nosotros estuvimos en reuniones y talleres, pero nunca se nos inform\u00f3 el detalle final de c\u00f3mo iba a salir este plan de manejo\u201d.<\/p>\n<p data-start=\"1425\" data-end=\"1647\">El dirigente se\u00f1al\u00f3 que el parque abarca una extensa superficie territorial y mar\u00edtima, lo que implica que su regulaci\u00f3n puede tener efectos directos en el desarrollo de las actividades tradicionales de la pesca artesanal. \u201cUno como pescador ocupa el parque para subsistir. La pesca se hace en el mar, pero cuando llegas a la costa necesitas agua, amarrar la embarcaci\u00f3n, calefacci\u00f3n o reparar la lancha. Son cosas b\u00e1sicas para poder trabajar y sobrevivir en esta regi\u00f3n\u201d.<\/p>\n<h3 data-start=\"1425\" data-end=\"1647\"><strong>Cuestionamientos<\/strong><\/h3>\n<p data-start=\"1900\" data-end=\"2179\">Desde la perspectiva del sector, la principal cr\u00edtica apunta a que la elaboraci\u00f3n del plan fue liderada por la Corporaci\u00f3n Nacional Forestal (CONAF), organismo que, seg\u00fan Ampuero, no cuenta con la especializaci\u00f3n necesaria para abordar los aspectos vinculados al \u00e1mbito mar\u00edtimo.<\/p>\n<p data-start=\"2181\" data-end=\"2431\">\u201cCONAF puede tener competencias para desarrollar un plan de manejo de un parque, pero cuando hablamos de maritorio creemos que debieron participar instituciones con mayor conocimiento del tema, como Sernapesca, la Subsecretar\u00eda de Pesca o la Armada\u201d, indic\u00f3.<\/p>\n<p data-start=\"2433\" data-end=\"2598\">El dirigente tambi\u00e9n sostuvo que la preocupaci\u00f3n del sector no se limita al contenido del plan, sino tambi\u00e9n al proceso mediante el cual se adoptaron las decisiones. \u201cNosotros fuimos cr\u00edticos desde el primer momento. Participamos en reuniones, pero al final nunca se transparent\u00f3 c\u00f3mo iba a quedar el plan definitivo. Por eso esperamos que ahora se pueda revisar c\u00f3mo se hicieron las cosas\u201d.<\/p>\n<p data-start=\"2827\" data-end=\"3065\">En ese contexto, Ampuero expres\u00f3 que el sector mantiene expectativas respecto del nuevo ciclo pol\u00edtico, particularmente en relaci\u00f3n con la posibilidad de revisar ciertos aspectos del instrumento y fortalecer los espacios de participaci\u00f3n.<\/p>\n<p data-start=\"3067\" data-end=\"3353\">\u201cEsperamos que las nuevas autoridades escuchen a los usuarios de la regi\u00f3n y que las decisiones se tomen con conocimiento del territorio. Esta es una regi\u00f3n muy grande, con una realidad mar\u00edtima muy particular, y quienes llegan a tomar decisiones tienen que conocer lo que se vive ac\u00e1\u201d.<\/p>\n","protected":false},"excerpt":{"rendered":"<p>Desde el sector de la pesca artesanal de Magallanes manifestaron inquietud por el proceso de elaboraci\u00f3n del Plan de Manejo del Parque Nacional Kaw\u00e9sqar, se\u00f1alando que, a su juicio, debi\u00f3 contemplar una mayor participaci\u00f3n de instituciones vinculadas directamente al \u00e1mbito mar\u00edtimo y pesquero.<\/p>\n","protected":false},"author":10,"featured_media":86740,"comment_status":"closed","ping_status":"closed","sticky":false,"template":"","format":"standard","meta":{"footnotes":""},"categories":[62],"tags":[2986,1280,206,441,469],"class_list":["post-86739","post","type-post","status-publish","format-standard","has-post-thumbnail","hentry","category-pesca","tag-magallanes","tag-parque-nacional-kawesqar","tag-pesca","tag-pesca-artesanal","tag-region-de-magallanes"],"yoast_head":"<!-- This site is optimized with the Yoast SEO plugin v27.5 - https:\/\/yoast.com\/product\/yoast-seo-wordpress\/ -->\n<title>Pescadores artesanales expresan preocupaci\u00f3n por Plan de Manejo del Parque Kaw\u00e9sqar - Mundoacuicola<\/title>\n<meta name=\"description\" content=\"Pescadores artesanales expresan preocupaci\u00f3n por el proceso de elaboraci\u00f3n del Plan de Manejo del Parque Nacional Kaw\u00e9sqar.\" \/>\n<meta name=\"robots\" content=\"index, follow, max-snippet:-1, max-image-preview:large, max-video-preview:-1\" \/>\n<link rel=\"canonical\" href=\"https:\/\/www.mundoacuicola.cl\/new\/pescadores-artesanales-expresan-preocupacion-por-plan-de-manejo-del-parque-kawesqar\/\" \/>\n<meta property=\"og:locale\" content=\"es_ES\" \/>\n<meta property=\"og:type\" content=\"article\" \/>\n<meta property=\"og:title\" content=\"Pescadores artesanales expresan preocupaci\u00f3n por Plan de Manejo del Parque Kaw\u00e9sqar - Mundoacuicola\" \/>\n<meta property=\"og:description\" content=\"Pescadores artesanales expresan preocupaci\u00f3n por el proceso de elaboraci\u00f3n del Plan de Manejo del Parque Nacional Kaw\u00e9sqar.\" \/>\n<meta property=\"og:url\" content=\"https:\/\/www.mundoacuicola.cl\/new\/pescadores-artesanales-expresan-preocupacion-por-plan-de-manejo-del-parque-kawesqar\/\" \/>\n<meta property=\"og:site_name\" content=\"Mundoacuicola\" \/>\n<meta property=\"article:publisher\" content=\"https:\/\/www.facebook.com\/mundo.acuicola\/\" \/>\n<meta property=\"article:published_time\" content=\"2026-03-13T15:46:57+00:00\" \/>\n<meta property=\"article:modified_time\" content=\"2026-03-16T13:13:54+00:00\" \/>\n<meta property=\"og:image\" content=\"https:\/\/www.mundoacuicola.cl\/new\/wp-content\/uploads\/2026\/03\/ParqueNacionalKaweskar.jpg\" \/>\n\t<meta property=\"og:image:width\" content=\"1200\" \/>\n\t<meta property=\"og:image:height\" content=\"700\" \/>\n\t<meta property=\"og:image:type\" content=\"image\/jpeg\" \/>\n<meta name=\"author\" content=\"mbarrueto\" \/>\n<meta name=\"twitter:card\" content=\"summary_large_image\" \/>\n<meta name=\"twitter:creator\" content=\"@mundoacuicola\" \/>\n<meta name=\"twitter:site\" content=\"@mundoacuicola\" \/>\n<meta name=\"twitter:label1\" content=\"Escrito por\" \/>\n\t<meta name=\"twitter:data1\" content=\"mbarrueto\" \/>\n\t<meta name=\"twitter:label2\" content=\"Tiempo de lectura\" \/>\n\t<meta name=\"twitter:data2\" content=\"4 minutos\" \/>\n<script type=\"application\/ld+json\" class=\"yoast-schema-graph\">{\"@context\":\"https:\\\/\\\/schema.org\",\"@graph\":[{\"@type\":\"Article\",\"@id\":\"https:\\\/\\\/www.mundoacuicola.cl\\\/new\\\/pescadores-artesanales-expresan-preocupacion-por-plan-de-manejo-del-parque-kawesqar\\\/#article\",\"isPartOf\":{\"@id\":\"https:\\\/\\\/www.mundoacuicola.cl\\\/new\\\/pescadores-artesanales-expresan-preocupacion-por-plan-de-manejo-del-parque-kawesqar\\\/\"},\"author\":{\"name\":\"mbarrueto\",\"@id\":\"https:\\\/\\\/www.mundoacuicola.cl\\\/new\\\/#\\\/schema\\\/person\\\/c00ffe389abb88bd9254653add139315\"},\"headline\":\"Pescadores artesanales expresan preocupaci\u00f3n por Plan de Manejo del Parque Kaw\u00e9sqar\",\"datePublished\":\"2026-03-13T15:46:57+00:00\",\"dateModified\":\"2026-03-16T13:13:54+00:00\",\"mainEntityOfPage\":{\"@id\":\"https:\\\/\\\/www.mundoacuicola.cl\\\/new\\\/pescadores-artesanales-expresan-preocupacion-por-plan-de-manejo-del-parque-kawesqar\\\/\"},\"wordCount\":712,\"publisher\":{\"@id\":\"https:\\\/\\\/www.mundoacuicola.cl\\\/new\\\/#organization\"},\"image\":{\"@id\":\"https:\\\/\\\/www.mundoacuicola.cl\\\/new\\\/pescadores-artesanales-expresan-preocupacion-por-plan-de-manejo-del-parque-kawesqar\\\/#primaryimage\"},\"thumbnailUrl\":\"https:\\\/\\\/www.mundoacuicola.cl\\\/new\\\/wp-content\\\/uploads\\\/2026\\\/03\\\/ParqueNacionalKaweskar.jpg\",\"keywords\":[\"Magallanes\",\"Parque Nacional kaw\u00e9sqar\",\"Pesca\",\"Pesca artesanal\",\"Regi\u00f3n de Magallanes\"],\"articleSection\":[\"Pesca\"],\"inLanguage\":\"es\"},{\"@type\":\"WebPage\",\"@id\":\"https:\\\/\\\/www.mundoacuicola.cl\\\/new\\\/pescadores-artesanales-expresan-preocupacion-por-plan-de-manejo-del-parque-kawesqar\\\/\",\"url\":\"https:\\\/\\\/www.mundoacuicola.cl\\\/new\\\/pescadores-artesanales-expresan-preocupacion-por-plan-de-manejo-del-parque-kawesqar\\\/\",\"name\":\"Pescadores artesanales expresan preocupaci\u00f3n por Plan de Manejo del Parque Kaw\u00e9sqar - Mundoacuicola\",\"isPartOf\":{\"@id\":\"https:\\\/\\\/www.mundoacuicola.cl\\\/new\\\/#website\"},\"primaryImageOfPage\":{\"@id\":\"https:\\\/\\\/www.mundoacuicola.cl\\\/new\\\/pescadores-artesanales-expresan-preocupacion-por-plan-de-manejo-del-parque-kawesqar\\\/#primaryimage\"},\"image\":{\"@id\":\"https:\\\/\\\/www.mundoacuicola.cl\\\/new\\\/pescadores-artesanales-expresan-preocupacion-por-plan-de-manejo-del-parque-kawesqar\\\/#primaryimage\"},\"thumbnailUrl\":\"https:\\\/\\\/www.mundoacuicola.cl\\\/new\\\/wp-content\\\/uploads\\\/2026\\\/03\\\/ParqueNacionalKaweskar.jpg\",\"datePublished\":\"2026-03-13T15:46:57+00:00\",\"dateModified\":\"2026-03-16T13:13:54+00:00\",\"description\":\"Pescadores artesanales expresan preocupaci\u00f3n por el proceso de elaboraci\u00f3n del Plan de Manejo del Parque Nacional Kaw\u00e9sqar.\",\"breadcrumb\":{\"@id\":\"https:\\\/\\\/www.mundoacuicola.cl\\\/new\\\/pescadores-artesanales-expresan-preocupacion-por-plan-de-manejo-del-parque-kawesqar\\\/#breadcrumb\"},\"inLanguage\":\"es\",\"potentialAction\":[{\"@type\":\"ReadAction\",\"target\":[\"https:\\\/\\\/www.mundoacuicola.cl\\\/new\\\/pescadores-artesanales-expresan-preocupacion-por-plan-de-manejo-del-parque-kawesqar\\\/\"]}]},{\"@type\":\"ImageObject\",\"inLanguage\":\"es\",\"@id\":\"https:\\\/\\\/www.mundoacuicola.cl\\\/new\\\/pescadores-artesanales-expresan-preocupacion-por-plan-de-manejo-del-parque-kawesqar\\\/#primaryimage\",\"url\":\"https:\\\/\\\/www.mundoacuicola.cl\\\/new\\\/wp-content\\\/uploads\\\/2026\\\/03\\\/ParqueNacionalKaweskar.jpg\",\"contentUrl\":\"https:\\\/\\\/www.mundoacuicola.cl\\\/new\\\/wp-content\\\/uploads\\\/2026\\\/03\\\/ParqueNacionalKaweskar.jpg\",\"width\":1200,\"height\":700},{\"@type\":\"BreadcrumbList\",\"@id\":\"https:\\\/\\\/www.mundoacuicola.cl\\\/new\\\/pescadores-artesanales-expresan-preocupacion-por-plan-de-manejo-del-parque-kawesqar\\\/#breadcrumb\",\"itemListElement\":[{\"@type\":\"ListItem\",\"position\":1,\"name\":\"Portada\",\"item\":\"https:\\\/\\\/www.mundoacuicola.cl\\\/new\\\/\"},{\"@type\":\"ListItem\",\"position\":2,\"name\":\"Pescadores artesanales expresan preocupaci\u00f3n por Plan de Manejo del Parque Kaw\u00e9sqar\"}]},{\"@type\":\"WebSite\",\"@id\":\"https:\\\/\\\/www.mundoacuicola.cl\\\/new\\\/#website\",\"url\":\"https:\\\/\\\/www.mundoacuicola.cl\\\/new\\\/\",\"name\":\"Mundoacuicola\",\"description\":\"Revista de Acuicultura.\",\"publisher\":{\"@id\":\"https:\\\/\\\/www.mundoacuicola.cl\\\/new\\\/#organization\"},\"potentialAction\":[{\"@type\":\"SearchAction\",\"target\":{\"@type\":\"EntryPoint\",\"urlTemplate\":\"https:\\\/\\\/www.mundoacuicola.cl\\\/new\\\/?s={search_term_string}\"},\"query-input\":{\"@type\":\"PropertyValueSpecification\",\"valueRequired\":true,\"valueName\":\"search_term_string\"}}],\"inLanguage\":\"es\"},{\"@type\":\"Organization\",\"@id\":\"https:\\\/\\\/www.mundoacuicola.cl\\\/new\\\/#organization\",\"name\":\"Mundoacuicola\",\"url\":\"https:\\\/\\\/www.mundoacuicola.cl\\\/new\\\/\",\"logo\":{\"@type\":\"ImageObject\",\"inLanguage\":\"es\",\"@id\":\"https:\\\/\\\/www.mundoacuicola.cl\\\/new\\\/#\\\/schema\\\/logo\\\/image\\\/\",\"url\":\"https:\\\/\\\/www.mundoacuicola.cl\\\/new\\\/wp-content\\\/uploads\\\/2026\\\/01\\\/cropped-LOGO-Mundo-Acuicola-2026.png\",\"contentUrl\":\"https:\\\/\\\/www.mundoacuicola.cl\\\/new\\\/wp-content\\\/uploads\\\/2026\\\/01\\\/cropped-LOGO-Mundo-Acuicola-2026.png\",\"width\":1252,\"height\":296,\"caption\":\"Mundoacuicola\"},\"image\":{\"@id\":\"https:\\\/\\\/www.mundoacuicola.cl\\\/new\\\/#\\\/schema\\\/logo\\\/image\\\/\"},\"sameAs\":[\"https:\\\/\\\/www.facebook.com\\\/mundo.acuicola\\\/\",\"https:\\\/\\\/x.com\\\/mundoacuicola\",\"https:\\\/\\\/www.linkedin.com\\\/in\\\/mundo-acuicola\"]},{\"@type\":\"Person\",\"@id\":\"https:\\\/\\\/www.mundoacuicola.cl\\\/new\\\/#\\\/schema\\\/person\\\/c00ffe389abb88bd9254653add139315\",\"name\":\"mbarrueto\",\"url\":\"https:\\\/\\\/www.mundoacuicola.cl\\\/new\\\/author\\\/mbarrueto\\\/\"}]}<\/script>\n<!-- \/ Yoast SEO plugin. -->","yoast_head_json":{"title":"Pescadores artesanales expresan preocupaci\u00f3n por Plan de Manejo del Parque Kaw\u00e9sqar - Mundoacuicola","description":"Pescadores artesanales expresan preocupaci\u00f3n por el proceso de elaboraci\u00f3n del Plan de Manejo del Parque Nacional Kaw\u00e9sqar.","robots":{"index":"index","follow":"follow","max-snippet":"max-snippet:-1","max-image-preview":"max-image-preview:large","max-video-preview":"max-video-preview:-1"},"canonical":"https:\/\/www.mundoacuicola.cl\/new\/pescadores-artesanales-expresan-preocupacion-por-plan-de-manejo-del-parque-kawesqar\/","og_locale":"es_ES","og_type":"article","og_title":"Pescadores artesanales expresan preocupaci\u00f3n por Plan de Manejo del Parque Kaw\u00e9sqar - Mundoacuicola","og_description":"Pescadores artesanales expresan preocupaci\u00f3n por el proceso de elaboraci\u00f3n del Plan de Manejo del Parque Nacional Kaw\u00e9sqar.","og_url":"https:\/\/www.mundoacuicola.cl\/new\/pescadores-artesanales-expresan-preocupacion-por-plan-de-manejo-del-parque-kawesqar\/","og_site_name":"Mundoacuicola","article_publisher":"https:\/\/www.facebook.com\/mundo.acuicola\/","article_published_time":"2026-03-13T15:46:57+00:00","article_modified_time":"2026-03-16T13:13:54+00:00","og_image":[{"width":1200,"height":700,"url":"https:\/\/www.mundoacuicola.cl\/new\/wp-content\/uploads\/2026\/03\/ParqueNacionalKaweskar.jpg","type":"image\/jpeg"}],"author":"mbarrueto","twitter_card":"summary_large_image","twitter_creator":"@mundoacuicola","twitter_site":"@mundoacuicola","twitter_misc":{"Escrito por":"mbarrueto","Tiempo de lectura":"4 minutos"},"schema":{"@context":"https:\/\/schema.org","@graph":[{"@type":"Article","@id":"https:\/\/www.mundoacuicola.cl\/new\/pescadores-artesanales-expresan-preocupacion-por-plan-de-manejo-del-parque-kawesqar\/#article","isPartOf":{"@id":"https:\/\/www.mundoacuicola.cl\/new\/pescadores-artesanales-expresan-preocupacion-por-plan-de-manejo-del-parque-kawesqar\/"},"author":{"name":"mbarrueto","@id":"https:\/\/www.mundoacuicola.cl\/new\/#\/schema\/person\/c00ffe389abb88bd9254653add139315"},"headline":"Pescadores artesanales expresan preocupaci\u00f3n por Plan de Manejo del Parque Kaw\u00e9sqar","datePublished":"2026-03-13T15:46:57+00:00","dateModified":"2026-03-16T13:13:54+00:00","mainEntityOfPage":{"@id":"https:\/\/www.mundoacuicola.cl\/new\/pescadores-artesanales-expresan-preocupacion-por-plan-de-manejo-del-parque-kawesqar\/"},"wordCount":712,"publisher":{"@id":"https:\/\/www.mundoacuicola.cl\/new\/#organization"},"image":{"@id":"https:\/\/www.mundoacuicola.cl\/new\/pescadores-artesanales-expresan-preocupacion-por-plan-de-manejo-del-parque-kawesqar\/#primaryimage"},"thumbnailUrl":"https:\/\/www.mundoacuicola.cl\/new\/wp-content\/uploads\/2026\/03\/ParqueNacionalKaweskar.jpg","keywords":["Magallanes","Parque Nacional kaw\u00e9sqar","Pesca","Pesca artesanal","Regi\u00f3n de Magallanes"],"articleSection":["Pesca"],"inLanguage":"es"},{"@type":"WebPage","@id":"https:\/\/www.mundoacuicola.cl\/new\/pescadores-artesanales-expresan-preocupacion-por-plan-de-manejo-del-parque-kawesqar\/","url":"https:\/\/www.mundoacuicola.cl\/new\/pescadores-artesanales-expresan-preocupacion-por-plan-de-manejo-del-parque-kawesqar\/","name":"Pescadores artesanales expresan preocupaci\u00f3n por Plan de Manejo del Parque Kaw\u00e9sqar - Mundoacuicola","isPartOf":{"@id":"https:\/\/www.mundoacuicola.cl\/new\/#website"},"primaryImageOfPage":{"@id":"https:\/\/www.mundoacuicola.cl\/new\/pescadores-artesanales-expresan-preocupacion-por-plan-de-manejo-del-parque-kawesqar\/#primaryimage"},"image":{"@id":"https:\/\/www.mundoacuicola.cl\/new\/pescadores-artesanales-expresan-preocupacion-por-plan-de-manejo-del-parque-kawesqar\/#primaryimage"},"thumbnailUrl":"https:\/\/www.mundoacuicola.cl\/new\/wp-content\/uploads\/2026\/03\/ParqueNacionalKaweskar.jpg","datePublished":"2026-03-13T15:46:57+00:00","dateModified":"2026-03-16T13:13:54+00:00","description":"Pescadores artesanales expresan preocupaci\u00f3n por el proceso de elaboraci\u00f3n del Plan de Manejo del Parque Nacional Kaw\u00e9sqar.","breadcrumb":{"@id":"https:\/\/www.mundoacuicola.cl\/new\/pescadores-artesanales-expresan-preocupacion-por-plan-de-manejo-del-parque-kawesqar\/#breadcrumb"},"inLanguage":"es","potentialAction":[{"@type":"ReadAction","target":["https:\/\/www.mundoacuicola.cl\/new\/pescadores-artesanales-expresan-preocupacion-por-plan-de-manejo-del-parque-kawesqar\/"]}]},{"@type":"ImageObject","inLanguage":"es","@id":"https:\/\/www.mundoacuicola.cl\/new\/pescadores-artesanales-expresan-preocupacion-por-plan-de-manejo-del-parque-kawesqar\/#primaryimage","url":"https:\/\/www.mundoacuicola.cl\/new\/wp-content\/uploads\/2026\/03\/ParqueNacionalKaweskar.jpg","contentUrl":"https:\/\/www.mundoacuicola.cl\/new\/wp-content\/uploads\/2026\/03\/ParqueNacionalKaweskar.jpg","width":1200,"height":700},{"@type":"BreadcrumbList","@id":"https:\/\/www.mundoacuicola.cl\/new\/pescadores-artesanales-expresan-preocupacion-por-plan-de-manejo-del-parque-kawesqar\/#breadcrumb","itemListElement":[{"@type":"ListItem","position":1,"name":"Portada","item":"https:\/\/www.mundoacuicola.cl\/new\/"},{"@type":"ListItem","position":2,"name":"Pescadores artesanales expresan preocupaci\u00f3n por Plan de Manejo del Parque Kaw\u00e9sqar"}]},{"@type":"WebSite","@id":"https:\/\/www.mundoacuicola.cl\/new\/#website","url":"https:\/\/www.mundoacuicola.cl\/new\/","name":"Mundoacuicola","description":"Revista de Acuicultura.","publisher":{"@id":"https:\/\/www.mundoacuicola.cl\/new\/#organization"},"potentialAction":[{"@type":"SearchAction","target":{"@type":"EntryPoint","urlTemplate":"https:\/\/www.mundoacuicola.cl\/new\/?s={search_term_string}"},"query-input":{"@type":"PropertyValueSpecification","valueRequired":true,"valueName":"search_term_string"}}],"inLanguage":"es"},{"@type":"Organization","@id":"https:\/\/www.mundoacuicola.cl\/new\/#organization","name":"Mundoacuicola","url":"https:\/\/www.mundoacuicola.cl\/new\/","logo":{"@type":"ImageObject","inLanguage":"es","@id":"https:\/\/www.mundoacuicola.cl\/new\/#\/schema\/logo\/image\/","url":"https:\/\/www.mundoacuicola.cl\/new\/wp-content\/uploads\/2026\/01\/cropped-LOGO-Mundo-Acuicola-2026.png","contentUrl":"https:\/\/www.mundoacuicola.cl\/new\/wp-content\/uploads\/2026\/01\/cropped-LOGO-Mundo-Acuicola-2026.png","width":1252,"height":296,"caption":"Mundoacuicola"},"image":{"@id":"https:\/\/www.mundoacuicola.cl\/new\/#\/schema\/logo\/image\/"},"sameAs":["https:\/\/www.facebook.com\/mundo.acuicola\/","https:\/\/x.com\/mundoacuicola","https:\/\/www.linkedin.com\/in\/mundo-acuicola"]},{"@type":"Person","@id":"https:\/\/www.mundoacuicola.cl\/new\/#\/schema\/person\/c00ffe389abb88bd9254653add139315","name":"mbarrueto","url":"https:\/\/www.mundoacuicola.cl\/new\/author\/mbarrueto\/"}]}},"_links":{"self":[{"href":"https:\/\/www.mundoacuicola.cl\/new\/wp-json\/wp\/v2\/posts\/86739","targetHints":{"allow":["GET"]}}],"collection":[{"href":"https:\/\/www.mundoacuicola.cl\/new\/wp-json\/wp\/v2\/posts"}],"about":[{"href":"https:\/\/www.mundoacuicola.cl\/new\/wp-json\/wp\/v2\/types\/post"}],"author":[{"embeddable":true,"href":"https:\/\/www.mundoacuicola.cl\/new\/wp-json\/wp\/v2\/users\/10"}],"replies":[{"embeddable":true,"href":"https:\/\/www.mundoacuicola.cl\/new\/wp-json\/wp\/v2\/comments?post=86739"}],"version-history":[{"count":1,"href":"https:\/\/www.mundoacuicola.cl\/new\/wp-json\/wp\/v2\/posts\/86739\/revisions"}],"predecessor-version":[{"id":86867,"href":"https:\/\/www.mundoacuicola.cl\/new\/wp-json\/wp\/v2\/posts\/86739\/revisions\/86867"}],"wp:featuredmedia":[{"embeddable":true,"href":"https:\/\/www.mundoacuicola.cl\/new\/wp-json\/wp\/v2\/media\/86740"}],"wp:attachment":[{"href":"https:\/\/www.mundoacuicola.cl\/new\/wp-json\/wp\/v2\/media?parent=86739"}],"wp:term":[{"taxonomy":"category","embeddable":true,"href":"https:\/\/www.mundoacuicola.cl\/new\/wp-json\/wp\/v2\/categories?post=86739"},{"taxonomy":"post_tag","embeddable":true,"href":"https:\/\/www.mundoacuicola.cl\/new\/wp-json\/wp\/v2\/tags?post=86739"}],"curies":[{"name":"wp","href":"https:\/\/api.w.org\/{rel}","templated":true}]}}