{"id":86752,"date":"2026-03-13T14:53:35","date_gmt":"2026-03-13T18:53:35","guid":{"rendered":"https:\/\/www.mundoacuicola.cl\/new\/?p=86752"},"modified":"2026-03-13T15:00:50","modified_gmt":"2026-03-13T19:00:50","slug":"grupo-latam-destaca-en-carga-aerea-en-sudamerica-con-30-de-participacion-al-cierre-de-2025","status":"publish","type":"post","link":"https:\/\/www.mundoacuicola.cl\/new\/grupo-latam-destaca-en-carga-aerea-en-sudamerica-con-30-de-participacion-al-cierre-de-2025\/","title":{"rendered":"Grupo LATAM destaca en carga a\u00e9rea en Sudam\u00e9rica con 30% de participaci\u00f3n al cierre de 2025"},"content":{"rendered":"<p>En el contexto del World Cargo Symposium (WCS), el principal encuentro global de la industria a\u00e9rea de carga que se realiza por primera vez en Sudam\u00e9rica, el grupo LATAM dio a conocer el balance regional de su operaci\u00f3n de carga en Sudam\u00e9rica durante 2025, consolidando su liderazgo con una participaci\u00f3n regional del 30%.<\/p>\n<p><span style=\"font-weight: 400;\">M\u00e1s de un mill\u00f3n de toneladas a nivel global transportaron las filiales de carga del grupo LATAM en 2025. El negocio de carga tuvo ingresos por US$1700 millones lo que represent\u00f3 un 11,4% de los ingresos consolidados del grupo, reafirmando as\u00ed su relevancia estrat\u00e9gica dentro del modelo de negocio.<\/span><\/p>\n<p><span style=\"font-weight: 400;\">En 2025, las filiales de carga del grupo LATAM transportaron m\u00e1s de un mill\u00f3n de toneladas a nivel global y generaron ingresos por US$1.700 millones, equivalentes al 11,4% de los ingresos consolidados del grupo, reafirmando as\u00ed la relevancia estrat\u00e9gica del negocio de carga dentro del modelo operativo del grupo.<\/span><\/p>\n<p><span style=\"font-weight: 400;\">El desempe\u00f1o operacional, la expansi\u00f3n internacional y la capacidad de adaptaci\u00f3n en un entorno log\u00edstico exigente fueron reconocidos en 2025 cuando LATAM Cargo Group fue distinguida como \u201cAerol\u00ednea de Carga del A\u00f1o\u201d por Air Cargo News, siendo la primera aerol\u00ednea sudamericana en recibir este reconocimiento global en los \u00faltimos 20 a\u00f1os.<\/span><\/p>\n<p><span style=\"font-weight: 400;\">\u201cNuestro liderazgo en Sudam\u00e9rica es el resultado de un conocimiento profundo del mercado y de un modelo que combina flota carguera dedicada con la capacidad de los aviones de pasajeros del grupo. Esa integraci\u00f3n nos permite ofrecer una flexibilidad real a los clientes, responder a la estacionalidad de cada industria y sostener una conectividad eficiente y confiable durante todo el a\u00f1o\u201d, se\u00f1al\u00f3 Santiago \u00c1lvarez, Chief Commercial Officer de LATAM Cargo Group.<\/span><\/p>\n<p><span style=\"font-weight: 400;\">Este liderazgo regional estuvo acompa\u00f1ado por la mayor expansi\u00f3n hist\u00f3rica de la compa\u00f1\u00eda entre Europa y Sudam\u00e9rica, alcanzando 15 frecuencias cargueras semanales y aumentando en 25% su capacidad en ese eje. Con ello, el grupo consolid\u00f3 la red m\u00e1s amplia de carga a\u00e9rea entre ambos continentes, fortaleciendo tanto las exportaciones de perecibles como las importaciones de carga industrial y farmac\u00e9utica<\/span><\/p>\n<h2><b>Un actor clave en los productos m\u00e1s representativos de Sudam\u00e9rica<\/b><\/h2>\n<p><span style=\"font-weight: 400;\">El grupo LATAM desempe\u00f1a un rol fundamental en el transporte a\u00e9reo de los productos m\u00e1s emblem\u00e1ticos del comercio exterior sudamericano. Salm\u00f3n desde Chile, frutas frescas desde Chile, Per\u00fa y Brasil, y flores desde Colombia y Ecuador, forman parte de los principales productos que transporta la compa\u00f1\u00eda al mundo.<\/span><\/p>\n<p><span style=\"font-weight: 400;\">Como especialista en el transporte de perecibles, la operaci\u00f3n del grupo prioriza la preservaci\u00f3n de la cadena de fr\u00edo desde el origen hasta el destino final, asegurando est\u00e1ndares consistentes de calidad y cumplimiento en mercados altamente exigentes.<\/span><\/p>\n<p><span style=\"font-weight: 400;\">En flores, el grupo moviliz\u00f3 alrededor de 250.000 toneladas desde Colombia y Ecuador durante 2025, manteniendo una posici\u00f3n de liderazgo en uno de los flujos m\u00e1s relevantes de este producto, entre Sudam\u00e9rica y Estados Unidos. Este posicionamiento fue reafirmado con el cierre de la temporada de San Valent\u00edn 2026, donde LATAM lider\u00f3 por cuarto a\u00f1o consecutivo el env\u00edo a\u00e9reo de flores desde ambos pa\u00edses hacia Estados Unidos y Europa.<\/span><\/p>\n<p><span style=\"font-weight: 400;\">Adicionalmente, desde Chile la compa\u00f1\u00eda moviliz\u00f3 cerca de 80.000 toneladas de salm\u00f3n hacia Estados Unidos en mayor medida, consolidando una posici\u00f3n de liderazgo en este segmento estrat\u00e9gico con cerca del 50% del volumen exportado por v\u00eda a\u00e9rea. Por otro lado, en frutas, el grupo transport\u00f3 m\u00e1s de 70.000 toneladas desde Chile, Per\u00fa y Brasil, reforzando su presencia en los principales corredores intercontinentales.<\/span><\/p>\n<h2><b>Importaciones con foco en carga de alto valor<\/b><\/h2>\n<p><span style=\"font-weight: 400;\">En cuanto a las importaciones hacia Sudam\u00e9rica, los principales productos transportados fueron insumos industriales, maquinaria, e-commerce, farmac\u00e9uticos, entre otros. El sector registr\u00f3 un crecimiento de 7%\u00a0 en volumen respecto de 2024. En particular, el segmento farmac\u00e9utico creci\u00f3 43% en volumen transportado durante 2025 y la red especializada alcanz\u00f3 221 rutas activas bajo certificaci\u00f3n CEIV Pharma.<\/span><\/p>\n<p><span style=\"font-weight: 400;\">Con estos resultados, el grupo LATAM consolida su liderazgo como el principal operador de carga a\u00e9rea en Sudam\u00e9rica, respaldado por una red amplia, presencia regional y una combinaci\u00f3n flexible de flota carguera y capacidad en aviones de pasajeros, conectando a la regi\u00f3n con los principales mercados internacionales.<\/span><\/p>\n","protected":false},"excerpt":{"rendered":"<p>La compa\u00f1\u00eda consolid\u00f3 su posici\u00f3n en los principales mercados exportadores de la regi\u00f3n y registr\u00f3 un crecimiento relevante en importaciones, impulsado por el segmento farmac\u00e9utico.<\/p>\n","protected":false},"author":8,"featured_media":86755,"comment_status":"closed","ping_status":"closed","sticky":false,"template":"","format":"standard","meta":{"footnotes":""},"categories":[27390],"tags":[29138,13938,29137,22227,29139],"class_list":["post-86752","post","type-post","status-publish","format-standard","has-post-thumbnail","hentry","category-empresas","tag-ceiv-pharma","tag-latam","tag-santiago-alvarez","tag-wcs","tag-world-cargo-symposium"],"yoast_head":"<!-- This site is optimized with the Yoast SEO plugin v27.5 - https:\/\/yoast.com\/product\/yoast-seo-wordpress\/ -->\n<title>Grupo LATAM destaca en carga a\u00e9rea en Sudam\u00e9rica con 30% de participaci\u00f3n al cierre de 2025 - Mundoacuicola<\/title>\n<meta name=\"description\" content=\"La compa\u00f1\u00eda consolid\u00f3 su posici\u00f3n en los principales mercados exportadores de la regi\u00f3n y registr\u00f3 un crecimiento relevante en importaciones.\" \/>\n<meta name=\"robots\" content=\"index, follow, max-snippet:-1, max-image-preview:large, max-video-preview:-1\" \/>\n<link rel=\"canonical\" href=\"https:\/\/www.mundoacuicola.cl\/new\/grupo-latam-destaca-en-carga-aerea-en-sudamerica-con-30-de-participacion-al-cierre-de-2025\/\" \/>\n<meta property=\"og:locale\" content=\"es_ES\" \/>\n<meta property=\"og:type\" content=\"article\" \/>\n<meta property=\"og:title\" content=\"Grupo LATAM destaca en carga a\u00e9rea en Sudam\u00e9rica con 30% de participaci\u00f3n al cierre de 2025 - Mundoacuicola\" \/>\n<meta property=\"og:description\" content=\"La compa\u00f1\u00eda consolid\u00f3 su posici\u00f3n en los principales mercados exportadores de la regi\u00f3n y registr\u00f3 un crecimiento relevante en importaciones.\" \/>\n<meta property=\"og:url\" content=\"https:\/\/www.mundoacuicola.cl\/new\/grupo-latam-destaca-en-carga-aerea-en-sudamerica-con-30-de-participacion-al-cierre-de-2025\/\" \/>\n<meta property=\"og:site_name\" content=\"Mundoacuicola\" \/>\n<meta property=\"article:publisher\" content=\"https:\/\/www.facebook.com\/mundo.acuicola\/\" \/>\n<meta property=\"article:published_time\" content=\"2026-03-13T18:53:35+00:00\" \/>\n<meta property=\"article:modified_time\" content=\"2026-03-13T19:00:50+00:00\" \/>\n<meta property=\"og:image\" content=\"https:\/\/www.mundoacuicola.cl\/new\/wp-content\/uploads\/2026\/03\/Latam2MundoAcuicola-scaled.jpg\" \/>\n\t<meta property=\"og:image:width\" content=\"2560\" \/>\n\t<meta property=\"og:image:height\" content=\"1703\" \/>\n\t<meta property=\"og:image:type\" content=\"image\/jpeg\" \/>\n<meta name=\"author\" content=\"Ricardo Alvarez\" \/>\n<meta name=\"twitter:card\" content=\"summary_large_image\" \/>\n<meta name=\"twitter:creator\" content=\"@mundoacuicola\" \/>\n<meta name=\"twitter:site\" content=\"@mundoacuicola\" \/>\n<meta name=\"twitter:label1\" content=\"Escrito por\" \/>\n\t<meta name=\"twitter:data1\" content=\"Ricardo Alvarez\" \/>\n\t<meta name=\"twitter:label2\" content=\"Tiempo de lectura\" \/>\n\t<meta name=\"twitter:data2\" content=\"4 minutos\" \/>\n<script type=\"application\/ld+json\" class=\"yoast-schema-graph\">{\"@context\":\"https:\\\/\\\/schema.org\",\"@graph\":[{\"@type\":\"Article\",\"@id\":\"https:\\\/\\\/www.mundoacuicola.cl\\\/new\\\/grupo-latam-destaca-en-carga-aerea-en-sudamerica-con-30-de-participacion-al-cierre-de-2025\\\/#article\",\"isPartOf\":{\"@id\":\"https:\\\/\\\/www.mundoacuicola.cl\\\/new\\\/grupo-latam-destaca-en-carga-aerea-en-sudamerica-con-30-de-participacion-al-cierre-de-2025\\\/\"},\"author\":{\"name\":\"Ricardo Alvarez\",\"@id\":\"https:\\\/\\\/www.mundoacuicola.cl\\\/new\\\/#\\\/schema\\\/person\\\/52cfe7e461eb2d30484965350ee34bdd\"},\"headline\":\"Grupo LATAM destaca en carga a\u00e9rea en Sudam\u00e9rica con 30% de participaci\u00f3n al cierre de 2025\",\"datePublished\":\"2026-03-13T18:53:35+00:00\",\"dateModified\":\"2026-03-13T19:00:50+00:00\",\"mainEntityOfPage\":{\"@id\":\"https:\\\/\\\/www.mundoacuicola.cl\\\/new\\\/grupo-latam-destaca-en-carga-aerea-en-sudamerica-con-30-de-participacion-al-cierre-de-2025\\\/\"},\"wordCount\":731,\"publisher\":{\"@id\":\"https:\\\/\\\/www.mundoacuicola.cl\\\/new\\\/#organization\"},\"image\":{\"@id\":\"https:\\\/\\\/www.mundoacuicola.cl\\\/new\\\/grupo-latam-destaca-en-carga-aerea-en-sudamerica-con-30-de-participacion-al-cierre-de-2025\\\/#primaryimage\"},\"thumbnailUrl\":\"https:\\\/\\\/www.mundoacuicola.cl\\\/new\\\/wp-content\\\/uploads\\\/2026\\\/03\\\/Latam2MundoAcuicola-scaled.jpg\",\"keywords\":[\"CEIV Pharma\",\"LATAM\",\"Santiago \u00c1lvarez\",\"WCS\",\"World Cargo Symposium\"],\"articleSection\":[\"Empresas\"],\"inLanguage\":\"es\"},{\"@type\":\"WebPage\",\"@id\":\"https:\\\/\\\/www.mundoacuicola.cl\\\/new\\\/grupo-latam-destaca-en-carga-aerea-en-sudamerica-con-30-de-participacion-al-cierre-de-2025\\\/\",\"url\":\"https:\\\/\\\/www.mundoacuicola.cl\\\/new\\\/grupo-latam-destaca-en-carga-aerea-en-sudamerica-con-30-de-participacion-al-cierre-de-2025\\\/\",\"name\":\"Grupo LATAM destaca en carga a\u00e9rea en Sudam\u00e9rica con 30% de participaci\u00f3n al cierre de 2025 - Mundoacuicola\",\"isPartOf\":{\"@id\":\"https:\\\/\\\/www.mundoacuicola.cl\\\/new\\\/#website\"},\"primaryImageOfPage\":{\"@id\":\"https:\\\/\\\/www.mundoacuicola.cl\\\/new\\\/grupo-latam-destaca-en-carga-aerea-en-sudamerica-con-30-de-participacion-al-cierre-de-2025\\\/#primaryimage\"},\"image\":{\"@id\":\"https:\\\/\\\/www.mundoacuicola.cl\\\/new\\\/grupo-latam-destaca-en-carga-aerea-en-sudamerica-con-30-de-participacion-al-cierre-de-2025\\\/#primaryimage\"},\"thumbnailUrl\":\"https:\\\/\\\/www.mundoacuicola.cl\\\/new\\\/wp-content\\\/uploads\\\/2026\\\/03\\\/Latam2MundoAcuicola-scaled.jpg\",\"datePublished\":\"2026-03-13T18:53:35+00:00\",\"dateModified\":\"2026-03-13T19:00:50+00:00\",\"description\":\"La compa\u00f1\u00eda consolid\u00f3 su posici\u00f3n en los principales mercados exportadores de la regi\u00f3n y registr\u00f3 un crecimiento relevante en importaciones.\",\"breadcrumb\":{\"@id\":\"https:\\\/\\\/www.mundoacuicola.cl\\\/new\\\/grupo-latam-destaca-en-carga-aerea-en-sudamerica-con-30-de-participacion-al-cierre-de-2025\\\/#breadcrumb\"},\"inLanguage\":\"es\",\"potentialAction\":[{\"@type\":\"ReadAction\",\"target\":[\"https:\\\/\\\/www.mundoacuicola.cl\\\/new\\\/grupo-latam-destaca-en-carga-aerea-en-sudamerica-con-30-de-participacion-al-cierre-de-2025\\\/\"]}]},{\"@type\":\"ImageObject\",\"inLanguage\":\"es\",\"@id\":\"https:\\\/\\\/www.mundoacuicola.cl\\\/new\\\/grupo-latam-destaca-en-carga-aerea-en-sudamerica-con-30-de-participacion-al-cierre-de-2025\\\/#primaryimage\",\"url\":\"https:\\\/\\\/www.mundoacuicola.cl\\\/new\\\/wp-content\\\/uploads\\\/2026\\\/03\\\/Latam2MundoAcuicola-scaled.jpg\",\"contentUrl\":\"https:\\\/\\\/www.mundoacuicola.cl\\\/new\\\/wp-content\\\/uploads\\\/2026\\\/03\\\/Latam2MundoAcuicola-scaled.jpg\",\"width\":2560,\"height\":1703},{\"@type\":\"BreadcrumbList\",\"@id\":\"https:\\\/\\\/www.mundoacuicola.cl\\\/new\\\/grupo-latam-destaca-en-carga-aerea-en-sudamerica-con-30-de-participacion-al-cierre-de-2025\\\/#breadcrumb\",\"itemListElement\":[{\"@type\":\"ListItem\",\"position\":1,\"name\":\"Portada\",\"item\":\"https:\\\/\\\/www.mundoacuicola.cl\\\/new\\\/\"},{\"@type\":\"ListItem\",\"position\":2,\"name\":\"Grupo LATAM destaca en carga a\u00e9rea en Sudam\u00e9rica con 30% de participaci\u00f3n al cierre de 2025\"}]},{\"@type\":\"WebSite\",\"@id\":\"https:\\\/\\\/www.mundoacuicola.cl\\\/new\\\/#website\",\"url\":\"https:\\\/\\\/www.mundoacuicola.cl\\\/new\\\/\",\"name\":\"Mundoacuicola\",\"description\":\"Revista de Acuicultura.\",\"publisher\":{\"@id\":\"https:\\\/\\\/www.mundoacuicola.cl\\\/new\\\/#organization\"},\"potentialAction\":[{\"@type\":\"SearchAction\",\"target\":{\"@type\":\"EntryPoint\",\"urlTemplate\":\"https:\\\/\\\/www.mundoacuicola.cl\\\/new\\\/?s={search_term_string}\"},\"query-input\":{\"@type\":\"PropertyValueSpecification\",\"valueRequired\":true,\"valueName\":\"search_term_string\"}}],\"inLanguage\":\"es\"},{\"@type\":\"Organization\",\"@id\":\"https:\\\/\\\/www.mundoacuicola.cl\\\/new\\\/#organization\",\"name\":\"Mundoacuicola\",\"url\":\"https:\\\/\\\/www.mundoacuicola.cl\\\/new\\\/\",\"logo\":{\"@type\":\"ImageObject\",\"inLanguage\":\"es\",\"@id\":\"https:\\\/\\\/www.mundoacuicola.cl\\\/new\\\/#\\\/schema\\\/logo\\\/image\\\/\",\"url\":\"https:\\\/\\\/www.mundoacuicola.cl\\\/new\\\/wp-content\\\/uploads\\\/2026\\\/01\\\/cropped-LOGO-Mundo-Acuicola-2026.png\",\"contentUrl\":\"https:\\\/\\\/www.mundoacuicola.cl\\\/new\\\/wp-content\\\/uploads\\\/2026\\\/01\\\/cropped-LOGO-Mundo-Acuicola-2026.png\",\"width\":1252,\"height\":296,\"caption\":\"Mundoacuicola\"},\"image\":{\"@id\":\"https:\\\/\\\/www.mundoacuicola.cl\\\/new\\\/#\\\/schema\\\/logo\\\/image\\\/\"},\"sameAs\":[\"https:\\\/\\\/www.facebook.com\\\/mundo.acuicola\\\/\",\"https:\\\/\\\/x.com\\\/mundoacuicola\",\"https:\\\/\\\/www.linkedin.com\\\/in\\\/mundo-acuicola\"]},{\"@type\":\"Person\",\"@id\":\"https:\\\/\\\/www.mundoacuicola.cl\\\/new\\\/#\\\/schema\\\/person\\\/52cfe7e461eb2d30484965350ee34bdd\",\"name\":\"Ricardo Alvarez\",\"url\":\"https:\\\/\\\/www.mundoacuicola.cl\\\/new\\\/author\\\/ricardo\\\/\"}]}<\/script>\n<!-- \/ Yoast SEO plugin. -->","yoast_head_json":{"title":"Grupo LATAM destaca en carga a\u00e9rea en Sudam\u00e9rica con 30% de participaci\u00f3n al cierre de 2025 - Mundoacuicola","description":"La compa\u00f1\u00eda consolid\u00f3 su posici\u00f3n en los principales mercados exportadores de la regi\u00f3n y registr\u00f3 un crecimiento relevante en importaciones.","robots":{"index":"index","follow":"follow","max-snippet":"max-snippet:-1","max-image-preview":"max-image-preview:large","max-video-preview":"max-video-preview:-1"},"canonical":"https:\/\/www.mundoacuicola.cl\/new\/grupo-latam-destaca-en-carga-aerea-en-sudamerica-con-30-de-participacion-al-cierre-de-2025\/","og_locale":"es_ES","og_type":"article","og_title":"Grupo LATAM destaca en carga a\u00e9rea en Sudam\u00e9rica con 30% de participaci\u00f3n al cierre de 2025 - Mundoacuicola","og_description":"La compa\u00f1\u00eda consolid\u00f3 su posici\u00f3n en los principales mercados exportadores de la regi\u00f3n y registr\u00f3 un crecimiento relevante en importaciones.","og_url":"https:\/\/www.mundoacuicola.cl\/new\/grupo-latam-destaca-en-carga-aerea-en-sudamerica-con-30-de-participacion-al-cierre-de-2025\/","og_site_name":"Mundoacuicola","article_publisher":"https:\/\/www.facebook.com\/mundo.acuicola\/","article_published_time":"2026-03-13T18:53:35+00:00","article_modified_time":"2026-03-13T19:00:50+00:00","og_image":[{"width":2560,"height":1703,"url":"https:\/\/www.mundoacuicola.cl\/new\/wp-content\/uploads\/2026\/03\/Latam2MundoAcuicola-scaled.jpg","type":"image\/jpeg"}],"author":"Ricardo Alvarez","twitter_card":"summary_large_image","twitter_creator":"@mundoacuicola","twitter_site":"@mundoacuicola","twitter_misc":{"Escrito por":"Ricardo Alvarez","Tiempo de lectura":"4 minutos"},"schema":{"@context":"https:\/\/schema.org","@graph":[{"@type":"Article","@id":"https:\/\/www.mundoacuicola.cl\/new\/grupo-latam-destaca-en-carga-aerea-en-sudamerica-con-30-de-participacion-al-cierre-de-2025\/#article","isPartOf":{"@id":"https:\/\/www.mundoacuicola.cl\/new\/grupo-latam-destaca-en-carga-aerea-en-sudamerica-con-30-de-participacion-al-cierre-de-2025\/"},"author":{"name":"Ricardo Alvarez","@id":"https:\/\/www.mundoacuicola.cl\/new\/#\/schema\/person\/52cfe7e461eb2d30484965350ee34bdd"},"headline":"Grupo LATAM destaca en carga a\u00e9rea en Sudam\u00e9rica con 30% de participaci\u00f3n al cierre de 2025","datePublished":"2026-03-13T18:53:35+00:00","dateModified":"2026-03-13T19:00:50+00:00","mainEntityOfPage":{"@id":"https:\/\/www.mundoacuicola.cl\/new\/grupo-latam-destaca-en-carga-aerea-en-sudamerica-con-30-de-participacion-al-cierre-de-2025\/"},"wordCount":731,"publisher":{"@id":"https:\/\/www.mundoacuicola.cl\/new\/#organization"},"image":{"@id":"https:\/\/www.mundoacuicola.cl\/new\/grupo-latam-destaca-en-carga-aerea-en-sudamerica-con-30-de-participacion-al-cierre-de-2025\/#primaryimage"},"thumbnailUrl":"https:\/\/www.mundoacuicola.cl\/new\/wp-content\/uploads\/2026\/03\/Latam2MundoAcuicola-scaled.jpg","keywords":["CEIV Pharma","LATAM","Santiago \u00c1lvarez","WCS","World Cargo Symposium"],"articleSection":["Empresas"],"inLanguage":"es"},{"@type":"WebPage","@id":"https:\/\/www.mundoacuicola.cl\/new\/grupo-latam-destaca-en-carga-aerea-en-sudamerica-con-30-de-participacion-al-cierre-de-2025\/","url":"https:\/\/www.mundoacuicola.cl\/new\/grupo-latam-destaca-en-carga-aerea-en-sudamerica-con-30-de-participacion-al-cierre-de-2025\/","name":"Grupo LATAM destaca en carga a\u00e9rea en Sudam\u00e9rica con 30% de participaci\u00f3n al cierre de 2025 - Mundoacuicola","isPartOf":{"@id":"https:\/\/www.mundoacuicola.cl\/new\/#website"},"primaryImageOfPage":{"@id":"https:\/\/www.mundoacuicola.cl\/new\/grupo-latam-destaca-en-carga-aerea-en-sudamerica-con-30-de-participacion-al-cierre-de-2025\/#primaryimage"},"image":{"@id":"https:\/\/www.mundoacuicola.cl\/new\/grupo-latam-destaca-en-carga-aerea-en-sudamerica-con-30-de-participacion-al-cierre-de-2025\/#primaryimage"},"thumbnailUrl":"https:\/\/www.mundoacuicola.cl\/new\/wp-content\/uploads\/2026\/03\/Latam2MundoAcuicola-scaled.jpg","datePublished":"2026-03-13T18:53:35+00:00","dateModified":"2026-03-13T19:00:50+00:00","description":"La compa\u00f1\u00eda consolid\u00f3 su posici\u00f3n en los principales mercados exportadores de la regi\u00f3n y registr\u00f3 un crecimiento relevante en importaciones.","breadcrumb":{"@id":"https:\/\/www.mundoacuicola.cl\/new\/grupo-latam-destaca-en-carga-aerea-en-sudamerica-con-30-de-participacion-al-cierre-de-2025\/#breadcrumb"},"inLanguage":"es","potentialAction":[{"@type":"ReadAction","target":["https:\/\/www.mundoacuicola.cl\/new\/grupo-latam-destaca-en-carga-aerea-en-sudamerica-con-30-de-participacion-al-cierre-de-2025\/"]}]},{"@type":"ImageObject","inLanguage":"es","@id":"https:\/\/www.mundoacuicola.cl\/new\/grupo-latam-destaca-en-carga-aerea-en-sudamerica-con-30-de-participacion-al-cierre-de-2025\/#primaryimage","url":"https:\/\/www.mundoacuicola.cl\/new\/wp-content\/uploads\/2026\/03\/Latam2MundoAcuicola-scaled.jpg","contentUrl":"https:\/\/www.mundoacuicola.cl\/new\/wp-content\/uploads\/2026\/03\/Latam2MundoAcuicola-scaled.jpg","width":2560,"height":1703},{"@type":"BreadcrumbList","@id":"https:\/\/www.mundoacuicola.cl\/new\/grupo-latam-destaca-en-carga-aerea-en-sudamerica-con-30-de-participacion-al-cierre-de-2025\/#breadcrumb","itemListElement":[{"@type":"ListItem","position":1,"name":"Portada","item":"https:\/\/www.mundoacuicola.cl\/new\/"},{"@type":"ListItem","position":2,"name":"Grupo LATAM destaca en carga a\u00e9rea en Sudam\u00e9rica con 30% de participaci\u00f3n al cierre de 2025"}]},{"@type":"WebSite","@id":"https:\/\/www.mundoacuicola.cl\/new\/#website","url":"https:\/\/www.mundoacuicola.cl\/new\/","name":"Mundoacuicola","description":"Revista de Acuicultura.","publisher":{"@id":"https:\/\/www.mundoacuicola.cl\/new\/#organization"},"potentialAction":[{"@type":"SearchAction","target":{"@type":"EntryPoint","urlTemplate":"https:\/\/www.mundoacuicola.cl\/new\/?s={search_term_string}"},"query-input":{"@type":"PropertyValueSpecification","valueRequired":true,"valueName":"search_term_string"}}],"inLanguage":"es"},{"@type":"Organization","@id":"https:\/\/www.mundoacuicola.cl\/new\/#organization","name":"Mundoacuicola","url":"https:\/\/www.mundoacuicola.cl\/new\/","logo":{"@type":"ImageObject","inLanguage":"es","@id":"https:\/\/www.mundoacuicola.cl\/new\/#\/schema\/logo\/image\/","url":"https:\/\/www.mundoacuicola.cl\/new\/wp-content\/uploads\/2026\/01\/cropped-LOGO-Mundo-Acuicola-2026.png","contentUrl":"https:\/\/www.mundoacuicola.cl\/new\/wp-content\/uploads\/2026\/01\/cropped-LOGO-Mundo-Acuicola-2026.png","width":1252,"height":296,"caption":"Mundoacuicola"},"image":{"@id":"https:\/\/www.mundoacuicola.cl\/new\/#\/schema\/logo\/image\/"},"sameAs":["https:\/\/www.facebook.com\/mundo.acuicola\/","https:\/\/x.com\/mundoacuicola","https:\/\/www.linkedin.com\/in\/mundo-acuicola"]},{"@type":"Person","@id":"https:\/\/www.mundoacuicola.cl\/new\/#\/schema\/person\/52cfe7e461eb2d30484965350ee34bdd","name":"Ricardo Alvarez","url":"https:\/\/www.mundoacuicola.cl\/new\/author\/ricardo\/"}]}},"_links":{"self":[{"href":"https:\/\/www.mundoacuicola.cl\/new\/wp-json\/wp\/v2\/posts\/86752","targetHints":{"allow":["GET"]}}],"collection":[{"href":"https:\/\/www.mundoacuicola.cl\/new\/wp-json\/wp\/v2\/posts"}],"about":[{"href":"https:\/\/www.mundoacuicola.cl\/new\/wp-json\/wp\/v2\/types\/post"}],"author":[{"embeddable":true,"href":"https:\/\/www.mundoacuicola.cl\/new\/wp-json\/wp\/v2\/users\/8"}],"replies":[{"embeddable":true,"href":"https:\/\/www.mundoacuicola.cl\/new\/wp-json\/wp\/v2\/comments?post=86752"}],"version-history":[{"count":0,"href":"https:\/\/www.mundoacuicola.cl\/new\/wp-json\/wp\/v2\/posts\/86752\/revisions"}],"wp:featuredmedia":[{"embeddable":true,"href":"https:\/\/www.mundoacuicola.cl\/new\/wp-json\/wp\/v2\/media\/86755"}],"wp:attachment":[{"href":"https:\/\/www.mundoacuicola.cl\/new\/wp-json\/wp\/v2\/media?parent=86752"}],"wp:term":[{"taxonomy":"category","embeddable":true,"href":"https:\/\/www.mundoacuicola.cl\/new\/wp-json\/wp\/v2\/categories?post=86752"},{"taxonomy":"post_tag","embeddable":true,"href":"https:\/\/www.mundoacuicola.cl\/new\/wp-json\/wp\/v2\/tags?post=86752"}],"curies":[{"name":"wp","href":"https:\/\/api.w.org\/{rel}","templated":true}]}}