{"id":86758,"date":"2026-03-13T15:40:51","date_gmt":"2026-03-13T19:40:51","guid":{"rendered":"https:\/\/www.mundoacuicola.cl\/new\/?p=86758"},"modified":"2026-03-13T15:45:45","modified_gmt":"2026-03-13T19:45:45","slug":"comenzo-la-temporada-de-captura-de-sardina-comun-y-anchoveta-en-las-regiones-del-nuble-y-biobio","status":"publish","type":"post","link":"https:\/\/www.mundoacuicola.cl\/new\/comenzo-la-temporada-de-captura-de-sardina-comun-y-anchoveta-en-las-regiones-del-nuble-y-biobio\/","title":{"rendered":"Comenz\u00f3 la temporada de captura de sardina com\u00fan y anchoveta en las regiones del \u00d1uble y Biob\u00edo"},"content":{"rendered":"<p>A contar de la medianoche del 10 de marzo se dio inicio a la temporada extractiva de sardina com\u00fan y anchoveta para la pesca artesanal, en las regiones de \u00d1uble y Biob\u00edo. Los primeros diez d\u00edas de captura son de exclusividad a las embarcaciones menores o iguales a 15 metros de eslora; y finalizado ese plazo puede operar el resto de la flota de mayor tama\u00f1o.<\/p>\n<p>Por este motivo, los equipos de fiscalizaci\u00f3n del Servicio Nacional de Pesca y Acuicultura (Sernapesca) se han desplegado en los diferentes puntos de desembarque de la regi\u00f3n del Biob\u00edo, que se concentran en los puertos de Talcahuano, Coronel, Lirqu\u00e9n y San Vicente, para realizar los controles y la certificaci\u00f3n de las descargas.<\/p>\n<p>Ana Mar\u00eda Fern\u00e1ndez, directora regional de Sernapesca Biob\u00edo, mencion\u00f3 al respecto que \u201cel aumento de las toneladas por Ley de Fraccionamiento para los recursos sardina com\u00fan y anchoveta en la regi\u00f3n del Biob\u00edo tiene efectos muy relevantes en la econom\u00eda, principalmente para el sector artesanal, al significar un aumento en la actividad productiva y mayores ingresos para pescadoras y pescadores artesanales\u201d.<\/p>\n<p>\u201cEsto fortalece de manera positiva el desarrollo regional, ya que tambi\u00e9n impulsa el dinamismo de servicios asociados como astilleros, combustible, log\u00edstica y el comercio local. La pesquer\u00eda de los peque\u00f1os pel\u00e1gicos, como la sardina com\u00fan y la anchoveta, es una de las m\u00e1s importantes del pa\u00eds y en Biob\u00edo se concentra una parte muy relevante de esta actividad, puesto que la mitad de los desembarques nacionales se hacen en los puertos de la zona\u201d, agreg\u00f3 la autoridad.<\/p>\n<p>El aumento de las capturas tambi\u00e9n potencia el rol institucional de Sernapesca, ya que seg\u00fan Fern\u00e1ndez \u201cesto exige un sistema robusto de control, considerando que en esta actividad participan cerca de 400 embarcaciones artesanales durante m\u00e1s de cuatro meses de operaci\u00f3n, dando cobertura al control de cuota asignada, la certificaci\u00f3n de desembarque, trazabilidad y la fiscalizaci\u00f3n en zonas de pesca, en coordinaci\u00f3n con la Autoridad Mar\u00edtima, entre otras actividades; con el fin de garantizar la sustentabilidad de los recursos\u201d.<\/p>\n","protected":false},"excerpt":{"rendered":"<p>Los equipos de fiscalizaci\u00f3n del Servicio Nacional de Pesca y Acuicultura (Sernapesca) se han desplegado en los diferentes puntos de desembarque de la regi\u00f3n del Biob\u00edo, que se concentran en los puertos de Talcahuano, Coronel, Lirqu\u00e9n y San Vicente, para realizar los controles y la certificaci\u00f3n de las descargas.<\/p>\n","protected":false},"author":8,"featured_media":86762,"comment_status":"closed","ping_status":"closed","sticky":false,"template":"","format":"standard","meta":{"footnotes":""},"categories":[62],"tags":[3600,1306,7376,29141,125,16199,1648],"class_list":["post-86758","post","type-post","status-publish","format-standard","has-post-thumbnail","hentry","category-pesca","tag-autoridad-maritima","tag-coronel","tag-lirquen","tag-nuble-y-biobio","tag-sernapesca","tag-sernapesca-biobio","tag-talcahuano"],"yoast_head":"<!-- This site is optimized with the Yoast SEO plugin v27.5 - https:\/\/yoast.com\/product\/yoast-seo-wordpress\/ -->\n<title>Comenz\u00f3 la temporada de captura de sardina com\u00fan y anchoveta en las regiones del \u00d1uble y Biob\u00edo - Mundoacuicola<\/title>\n<meta name=\"description\" content=\"Los primeros diez d\u00edas de captura son de exclusividad a las embarcaciones menores o iguales a 15 metros de eslora.\" \/>\n<meta name=\"robots\" content=\"index, follow, max-snippet:-1, max-image-preview:large, max-video-preview:-1\" \/>\n<link rel=\"canonical\" href=\"https:\/\/www.mundoacuicola.cl\/new\/comenzo-la-temporada-de-captura-de-sardina-comun-y-anchoveta-en-las-regiones-del-nuble-y-biobio\/\" \/>\n<meta property=\"og:locale\" content=\"es_ES\" \/>\n<meta property=\"og:type\" content=\"article\" \/>\n<meta property=\"og:title\" content=\"Comenz\u00f3 la temporada de captura de sardina com\u00fan y anchoveta en las regiones del \u00d1uble y Biob\u00edo - Mundoacuicola\" \/>\n<meta property=\"og:description\" content=\"Los primeros diez d\u00edas de captura son de exclusividad a las embarcaciones menores o iguales a 15 metros de eslora.\" \/>\n<meta property=\"og:url\" content=\"https:\/\/www.mundoacuicola.cl\/new\/comenzo-la-temporada-de-captura-de-sardina-comun-y-anchoveta-en-las-regiones-del-nuble-y-biobio\/\" \/>\n<meta property=\"og:site_name\" content=\"Mundoacuicola\" \/>\n<meta property=\"article:publisher\" content=\"https:\/\/www.facebook.com\/mundo.acuicola\/\" \/>\n<meta property=\"article:published_time\" content=\"2026-03-13T19:40:51+00:00\" \/>\n<meta property=\"article:modified_time\" content=\"2026-03-13T19:45:45+00:00\" \/>\n<meta property=\"og:image\" content=\"https:\/\/www.mundoacuicola.cl\/new\/wp-content\/uploads\/2026\/03\/TemporadaAnchoveta22.png\" \/>\n\t<meta property=\"og:image:width\" content=\"587\" \/>\n\t<meta property=\"og:image:height\" content=\"323\" \/>\n\t<meta property=\"og:image:type\" content=\"image\/png\" \/>\n<meta name=\"author\" content=\"Ricardo Alvarez\" \/>\n<meta name=\"twitter:card\" content=\"summary_large_image\" \/>\n<meta name=\"twitter:creator\" content=\"@mundoacuicola\" \/>\n<meta name=\"twitter:site\" content=\"@mundoacuicola\" \/>\n<meta name=\"twitter:label1\" content=\"Escrito por\" \/>\n\t<meta name=\"twitter:data1\" content=\"Ricardo Alvarez\" \/>\n\t<meta name=\"twitter:label2\" content=\"Tiempo de lectura\" \/>\n\t<meta name=\"twitter:data2\" content=\"2 minutos\" \/>\n<script type=\"application\/ld+json\" class=\"yoast-schema-graph\">{\"@context\":\"https:\\\/\\\/schema.org\",\"@graph\":[{\"@type\":\"Article\",\"@id\":\"https:\\\/\\\/www.mundoacuicola.cl\\\/new\\\/comenzo-la-temporada-de-captura-de-sardina-comun-y-anchoveta-en-las-regiones-del-nuble-y-biobio\\\/#article\",\"isPartOf\":{\"@id\":\"https:\\\/\\\/www.mundoacuicola.cl\\\/new\\\/comenzo-la-temporada-de-captura-de-sardina-comun-y-anchoveta-en-las-regiones-del-nuble-y-biobio\\\/\"},\"author\":{\"name\":\"Ricardo Alvarez\",\"@id\":\"https:\\\/\\\/www.mundoacuicola.cl\\\/new\\\/#\\\/schema\\\/person\\\/52cfe7e461eb2d30484965350ee34bdd\"},\"headline\":\"Comenz\u00f3 la temporada de captura de sardina com\u00fan y anchoveta en las regiones del \u00d1uble y Biob\u00edo\",\"datePublished\":\"2026-03-13T19:40:51+00:00\",\"dateModified\":\"2026-03-13T19:45:45+00:00\",\"mainEntityOfPage\":{\"@id\":\"https:\\\/\\\/www.mundoacuicola.cl\\\/new\\\/comenzo-la-temporada-de-captura-de-sardina-comun-y-anchoveta-en-las-regiones-del-nuble-y-biobio\\\/\"},\"wordCount\":385,\"publisher\":{\"@id\":\"https:\\\/\\\/www.mundoacuicola.cl\\\/new\\\/#organization\"},\"image\":{\"@id\":\"https:\\\/\\\/www.mundoacuicola.cl\\\/new\\\/comenzo-la-temporada-de-captura-de-sardina-comun-y-anchoveta-en-las-regiones-del-nuble-y-biobio\\\/#primaryimage\"},\"thumbnailUrl\":\"https:\\\/\\\/www.mundoacuicola.cl\\\/new\\\/wp-content\\\/uploads\\\/2026\\\/03\\\/TemporadaAnchoveta22.png\",\"keywords\":[\"Autoridad Mar\u00edtima\",\"Coronel\",\"Lirqu\u00e9n\",\"\u00d1uble y Biob\u00edo\",\"Sernapesca\",\"Sernapesca Biob\u00edo\",\"Talcahuano\"],\"articleSection\":[\"Pesca\"],\"inLanguage\":\"es\"},{\"@type\":\"WebPage\",\"@id\":\"https:\\\/\\\/www.mundoacuicola.cl\\\/new\\\/comenzo-la-temporada-de-captura-de-sardina-comun-y-anchoveta-en-las-regiones-del-nuble-y-biobio\\\/\",\"url\":\"https:\\\/\\\/www.mundoacuicola.cl\\\/new\\\/comenzo-la-temporada-de-captura-de-sardina-comun-y-anchoveta-en-las-regiones-del-nuble-y-biobio\\\/\",\"name\":\"Comenz\u00f3 la temporada de captura de sardina com\u00fan y anchoveta en las regiones del \u00d1uble y Biob\u00edo - Mundoacuicola\",\"isPartOf\":{\"@id\":\"https:\\\/\\\/www.mundoacuicola.cl\\\/new\\\/#website\"},\"primaryImageOfPage\":{\"@id\":\"https:\\\/\\\/www.mundoacuicola.cl\\\/new\\\/comenzo-la-temporada-de-captura-de-sardina-comun-y-anchoveta-en-las-regiones-del-nuble-y-biobio\\\/#primaryimage\"},\"image\":{\"@id\":\"https:\\\/\\\/www.mundoacuicola.cl\\\/new\\\/comenzo-la-temporada-de-captura-de-sardina-comun-y-anchoveta-en-las-regiones-del-nuble-y-biobio\\\/#primaryimage\"},\"thumbnailUrl\":\"https:\\\/\\\/www.mundoacuicola.cl\\\/new\\\/wp-content\\\/uploads\\\/2026\\\/03\\\/TemporadaAnchoveta22.png\",\"datePublished\":\"2026-03-13T19:40:51+00:00\",\"dateModified\":\"2026-03-13T19:45:45+00:00\",\"description\":\"Los primeros diez d\u00edas de captura son de exclusividad a las embarcaciones menores o iguales a 15 metros de eslora.\",\"breadcrumb\":{\"@id\":\"https:\\\/\\\/www.mundoacuicola.cl\\\/new\\\/comenzo-la-temporada-de-captura-de-sardina-comun-y-anchoveta-en-las-regiones-del-nuble-y-biobio\\\/#breadcrumb\"},\"inLanguage\":\"es\",\"potentialAction\":[{\"@type\":\"ReadAction\",\"target\":[\"https:\\\/\\\/www.mundoacuicola.cl\\\/new\\\/comenzo-la-temporada-de-captura-de-sardina-comun-y-anchoveta-en-las-regiones-del-nuble-y-biobio\\\/\"]}]},{\"@type\":\"ImageObject\",\"inLanguage\":\"es\",\"@id\":\"https:\\\/\\\/www.mundoacuicola.cl\\\/new\\\/comenzo-la-temporada-de-captura-de-sardina-comun-y-anchoveta-en-las-regiones-del-nuble-y-biobio\\\/#primaryimage\",\"url\":\"https:\\\/\\\/www.mundoacuicola.cl\\\/new\\\/wp-content\\\/uploads\\\/2026\\\/03\\\/TemporadaAnchoveta22.png\",\"contentUrl\":\"https:\\\/\\\/www.mundoacuicola.cl\\\/new\\\/wp-content\\\/uploads\\\/2026\\\/03\\\/TemporadaAnchoveta22.png\",\"width\":587,\"height\":323},{\"@type\":\"BreadcrumbList\",\"@id\":\"https:\\\/\\\/www.mundoacuicola.cl\\\/new\\\/comenzo-la-temporada-de-captura-de-sardina-comun-y-anchoveta-en-las-regiones-del-nuble-y-biobio\\\/#breadcrumb\",\"itemListElement\":[{\"@type\":\"ListItem\",\"position\":1,\"name\":\"Portada\",\"item\":\"https:\\\/\\\/www.mundoacuicola.cl\\\/new\\\/\"},{\"@type\":\"ListItem\",\"position\":2,\"name\":\"Comenz\u00f3 la temporada de captura de sardina com\u00fan y anchoveta en las regiones del \u00d1uble y Biob\u00edo\"}]},{\"@type\":\"WebSite\",\"@id\":\"https:\\\/\\\/www.mundoacuicola.cl\\\/new\\\/#website\",\"url\":\"https:\\\/\\\/www.mundoacuicola.cl\\\/new\\\/\",\"name\":\"Mundoacuicola\",\"description\":\"Revista de Acuicultura.\",\"publisher\":{\"@id\":\"https:\\\/\\\/www.mundoacuicola.cl\\\/new\\\/#organization\"},\"potentialAction\":[{\"@type\":\"SearchAction\",\"target\":{\"@type\":\"EntryPoint\",\"urlTemplate\":\"https:\\\/\\\/www.mundoacuicola.cl\\\/new\\\/?s={search_term_string}\"},\"query-input\":{\"@type\":\"PropertyValueSpecification\",\"valueRequired\":true,\"valueName\":\"search_term_string\"}}],\"inLanguage\":\"es\"},{\"@type\":\"Organization\",\"@id\":\"https:\\\/\\\/www.mundoacuicola.cl\\\/new\\\/#organization\",\"name\":\"Mundoacuicola\",\"url\":\"https:\\\/\\\/www.mundoacuicola.cl\\\/new\\\/\",\"logo\":{\"@type\":\"ImageObject\",\"inLanguage\":\"es\",\"@id\":\"https:\\\/\\\/www.mundoacuicola.cl\\\/new\\\/#\\\/schema\\\/logo\\\/image\\\/\",\"url\":\"https:\\\/\\\/www.mundoacuicola.cl\\\/new\\\/wp-content\\\/uploads\\\/2026\\\/01\\\/cropped-LOGO-Mundo-Acuicola-2026.png\",\"contentUrl\":\"https:\\\/\\\/www.mundoacuicola.cl\\\/new\\\/wp-content\\\/uploads\\\/2026\\\/01\\\/cropped-LOGO-Mundo-Acuicola-2026.png\",\"width\":1252,\"height\":296,\"caption\":\"Mundoacuicola\"},\"image\":{\"@id\":\"https:\\\/\\\/www.mundoacuicola.cl\\\/new\\\/#\\\/schema\\\/logo\\\/image\\\/\"},\"sameAs\":[\"https:\\\/\\\/www.facebook.com\\\/mundo.acuicola\\\/\",\"https:\\\/\\\/x.com\\\/mundoacuicola\",\"https:\\\/\\\/www.linkedin.com\\\/in\\\/mundo-acuicola\"]},{\"@type\":\"Person\",\"@id\":\"https:\\\/\\\/www.mundoacuicola.cl\\\/new\\\/#\\\/schema\\\/person\\\/52cfe7e461eb2d30484965350ee34bdd\",\"name\":\"Ricardo Alvarez\",\"url\":\"https:\\\/\\\/www.mundoacuicola.cl\\\/new\\\/author\\\/ricardo\\\/\"}]}<\/script>\n<!-- \/ Yoast SEO plugin. -->","yoast_head_json":{"title":"Comenz\u00f3 la temporada de captura de sardina com\u00fan y anchoveta en las regiones del \u00d1uble y Biob\u00edo - Mundoacuicola","description":"Los primeros diez d\u00edas de captura son de exclusividad a las embarcaciones menores o iguales a 15 metros de eslora.","robots":{"index":"index","follow":"follow","max-snippet":"max-snippet:-1","max-image-preview":"max-image-preview:large","max-video-preview":"max-video-preview:-1"},"canonical":"https:\/\/www.mundoacuicola.cl\/new\/comenzo-la-temporada-de-captura-de-sardina-comun-y-anchoveta-en-las-regiones-del-nuble-y-biobio\/","og_locale":"es_ES","og_type":"article","og_title":"Comenz\u00f3 la temporada de captura de sardina com\u00fan y anchoveta en las regiones del \u00d1uble y Biob\u00edo - Mundoacuicola","og_description":"Los primeros diez d\u00edas de captura son de exclusividad a las embarcaciones menores o iguales a 15 metros de eslora.","og_url":"https:\/\/www.mundoacuicola.cl\/new\/comenzo-la-temporada-de-captura-de-sardina-comun-y-anchoveta-en-las-regiones-del-nuble-y-biobio\/","og_site_name":"Mundoacuicola","article_publisher":"https:\/\/www.facebook.com\/mundo.acuicola\/","article_published_time":"2026-03-13T19:40:51+00:00","article_modified_time":"2026-03-13T19:45:45+00:00","og_image":[{"width":587,"height":323,"url":"https:\/\/www.mundoacuicola.cl\/new\/wp-content\/uploads\/2026\/03\/TemporadaAnchoveta22.png","type":"image\/png"}],"author":"Ricardo Alvarez","twitter_card":"summary_large_image","twitter_creator":"@mundoacuicola","twitter_site":"@mundoacuicola","twitter_misc":{"Escrito por":"Ricardo Alvarez","Tiempo de lectura":"2 minutos"},"schema":{"@context":"https:\/\/schema.org","@graph":[{"@type":"Article","@id":"https:\/\/www.mundoacuicola.cl\/new\/comenzo-la-temporada-de-captura-de-sardina-comun-y-anchoveta-en-las-regiones-del-nuble-y-biobio\/#article","isPartOf":{"@id":"https:\/\/www.mundoacuicola.cl\/new\/comenzo-la-temporada-de-captura-de-sardina-comun-y-anchoveta-en-las-regiones-del-nuble-y-biobio\/"},"author":{"name":"Ricardo Alvarez","@id":"https:\/\/www.mundoacuicola.cl\/new\/#\/schema\/person\/52cfe7e461eb2d30484965350ee34bdd"},"headline":"Comenz\u00f3 la temporada de captura de sardina com\u00fan y anchoveta en las regiones del \u00d1uble y Biob\u00edo","datePublished":"2026-03-13T19:40:51+00:00","dateModified":"2026-03-13T19:45:45+00:00","mainEntityOfPage":{"@id":"https:\/\/www.mundoacuicola.cl\/new\/comenzo-la-temporada-de-captura-de-sardina-comun-y-anchoveta-en-las-regiones-del-nuble-y-biobio\/"},"wordCount":385,"publisher":{"@id":"https:\/\/www.mundoacuicola.cl\/new\/#organization"},"image":{"@id":"https:\/\/www.mundoacuicola.cl\/new\/comenzo-la-temporada-de-captura-de-sardina-comun-y-anchoveta-en-las-regiones-del-nuble-y-biobio\/#primaryimage"},"thumbnailUrl":"https:\/\/www.mundoacuicola.cl\/new\/wp-content\/uploads\/2026\/03\/TemporadaAnchoveta22.png","keywords":["Autoridad Mar\u00edtima","Coronel","Lirqu\u00e9n","\u00d1uble y Biob\u00edo","Sernapesca","Sernapesca Biob\u00edo","Talcahuano"],"articleSection":["Pesca"],"inLanguage":"es"},{"@type":"WebPage","@id":"https:\/\/www.mundoacuicola.cl\/new\/comenzo-la-temporada-de-captura-de-sardina-comun-y-anchoveta-en-las-regiones-del-nuble-y-biobio\/","url":"https:\/\/www.mundoacuicola.cl\/new\/comenzo-la-temporada-de-captura-de-sardina-comun-y-anchoveta-en-las-regiones-del-nuble-y-biobio\/","name":"Comenz\u00f3 la temporada de captura de sardina com\u00fan y anchoveta en las regiones del \u00d1uble y Biob\u00edo - Mundoacuicola","isPartOf":{"@id":"https:\/\/www.mundoacuicola.cl\/new\/#website"},"primaryImageOfPage":{"@id":"https:\/\/www.mundoacuicola.cl\/new\/comenzo-la-temporada-de-captura-de-sardina-comun-y-anchoveta-en-las-regiones-del-nuble-y-biobio\/#primaryimage"},"image":{"@id":"https:\/\/www.mundoacuicola.cl\/new\/comenzo-la-temporada-de-captura-de-sardina-comun-y-anchoveta-en-las-regiones-del-nuble-y-biobio\/#primaryimage"},"thumbnailUrl":"https:\/\/www.mundoacuicola.cl\/new\/wp-content\/uploads\/2026\/03\/TemporadaAnchoveta22.png","datePublished":"2026-03-13T19:40:51+00:00","dateModified":"2026-03-13T19:45:45+00:00","description":"Los primeros diez d\u00edas de captura son de exclusividad a las embarcaciones menores o iguales a 15 metros de eslora.","breadcrumb":{"@id":"https:\/\/www.mundoacuicola.cl\/new\/comenzo-la-temporada-de-captura-de-sardina-comun-y-anchoveta-en-las-regiones-del-nuble-y-biobio\/#breadcrumb"},"inLanguage":"es","potentialAction":[{"@type":"ReadAction","target":["https:\/\/www.mundoacuicola.cl\/new\/comenzo-la-temporada-de-captura-de-sardina-comun-y-anchoveta-en-las-regiones-del-nuble-y-biobio\/"]}]},{"@type":"ImageObject","inLanguage":"es","@id":"https:\/\/www.mundoacuicola.cl\/new\/comenzo-la-temporada-de-captura-de-sardina-comun-y-anchoveta-en-las-regiones-del-nuble-y-biobio\/#primaryimage","url":"https:\/\/www.mundoacuicola.cl\/new\/wp-content\/uploads\/2026\/03\/TemporadaAnchoveta22.png","contentUrl":"https:\/\/www.mundoacuicola.cl\/new\/wp-content\/uploads\/2026\/03\/TemporadaAnchoveta22.png","width":587,"height":323},{"@type":"BreadcrumbList","@id":"https:\/\/www.mundoacuicola.cl\/new\/comenzo-la-temporada-de-captura-de-sardina-comun-y-anchoveta-en-las-regiones-del-nuble-y-biobio\/#breadcrumb","itemListElement":[{"@type":"ListItem","position":1,"name":"Portada","item":"https:\/\/www.mundoacuicola.cl\/new\/"},{"@type":"ListItem","position":2,"name":"Comenz\u00f3 la temporada de captura de sardina com\u00fan y anchoveta en las regiones del \u00d1uble y Biob\u00edo"}]},{"@type":"WebSite","@id":"https:\/\/www.mundoacuicola.cl\/new\/#website","url":"https:\/\/www.mundoacuicola.cl\/new\/","name":"Mundoacuicola","description":"Revista de Acuicultura.","publisher":{"@id":"https:\/\/www.mundoacuicola.cl\/new\/#organization"},"potentialAction":[{"@type":"SearchAction","target":{"@type":"EntryPoint","urlTemplate":"https:\/\/www.mundoacuicola.cl\/new\/?s={search_term_string}"},"query-input":{"@type":"PropertyValueSpecification","valueRequired":true,"valueName":"search_term_string"}}],"inLanguage":"es"},{"@type":"Organization","@id":"https:\/\/www.mundoacuicola.cl\/new\/#organization","name":"Mundoacuicola","url":"https:\/\/www.mundoacuicola.cl\/new\/","logo":{"@type":"ImageObject","inLanguage":"es","@id":"https:\/\/www.mundoacuicola.cl\/new\/#\/schema\/logo\/image\/","url":"https:\/\/www.mundoacuicola.cl\/new\/wp-content\/uploads\/2026\/01\/cropped-LOGO-Mundo-Acuicola-2026.png","contentUrl":"https:\/\/www.mundoacuicola.cl\/new\/wp-content\/uploads\/2026\/01\/cropped-LOGO-Mundo-Acuicola-2026.png","width":1252,"height":296,"caption":"Mundoacuicola"},"image":{"@id":"https:\/\/www.mundoacuicola.cl\/new\/#\/schema\/logo\/image\/"},"sameAs":["https:\/\/www.facebook.com\/mundo.acuicola\/","https:\/\/x.com\/mundoacuicola","https:\/\/www.linkedin.com\/in\/mundo-acuicola"]},{"@type":"Person","@id":"https:\/\/www.mundoacuicola.cl\/new\/#\/schema\/person\/52cfe7e461eb2d30484965350ee34bdd","name":"Ricardo Alvarez","url":"https:\/\/www.mundoacuicola.cl\/new\/author\/ricardo\/"}]}},"_links":{"self":[{"href":"https:\/\/www.mundoacuicola.cl\/new\/wp-json\/wp\/v2\/posts\/86758","targetHints":{"allow":["GET"]}}],"collection":[{"href":"https:\/\/www.mundoacuicola.cl\/new\/wp-json\/wp\/v2\/posts"}],"about":[{"href":"https:\/\/www.mundoacuicola.cl\/new\/wp-json\/wp\/v2\/types\/post"}],"author":[{"embeddable":true,"href":"https:\/\/www.mundoacuicola.cl\/new\/wp-json\/wp\/v2\/users\/8"}],"replies":[{"embeddable":true,"href":"https:\/\/www.mundoacuicola.cl\/new\/wp-json\/wp\/v2\/comments?post=86758"}],"version-history":[{"count":0,"href":"https:\/\/www.mundoacuicola.cl\/new\/wp-json\/wp\/v2\/posts\/86758\/revisions"}],"wp:featuredmedia":[{"embeddable":true,"href":"https:\/\/www.mundoacuicola.cl\/new\/wp-json\/wp\/v2\/media\/86762"}],"wp:attachment":[{"href":"https:\/\/www.mundoacuicola.cl\/new\/wp-json\/wp\/v2\/media?parent=86758"}],"wp:term":[{"taxonomy":"category","embeddable":true,"href":"https:\/\/www.mundoacuicola.cl\/new\/wp-json\/wp\/v2\/categories?post=86758"},{"taxonomy":"post_tag","embeddable":true,"href":"https:\/\/www.mundoacuicola.cl\/new\/wp-json\/wp\/v2\/tags?post=86758"}],"curies":[{"name":"wp","href":"https:\/\/api.w.org\/{rel}","templated":true}]}}