{"id":86790,"date":"2026-03-14T15:50:57","date_gmt":"2026-03-14T19:50:57","guid":{"rendered":"https:\/\/www.mundoacuicola.cl\/new\/?p=86790"},"modified":"2026-03-16T14:41:22","modified_gmt":"2026-03-16T18:41:22","slug":"favet-tendra-una-importante-participacion-en-aquasur-2026","status":"publish","type":"post","link":"https:\/\/www.mundoacuicola.cl\/new\/favet-tendra-una-importante-participacion-en-aquasur-2026\/","title":{"rendered":"Favet tendr\u00e1 una importante participaci\u00f3n en Aquasur 2026"},"content":{"rendered":"<p data-start=\"55\" data-end=\"298\">La Facultad de Ciencias Veterinarias y Pecuarias de la Universidad de Chile (Favet) participar\u00e1 en Aquasur 2026 presentando parte de su trabajo en investigaci\u00f3n, servicios especializados y formaci\u00f3n vinculados a la sanidad e inocuidad en la acuicultura.<\/p>\n<p data-start=\"300\" data-end=\"673\">Durante el evento, la facultad estar\u00e1 presente junto a distintas unidades y laboratorios que desarrollan trabajo aplicado para el sector acu\u00edcola, entre ellos FARMAVET, INOCUVET, el Laboratorio de Gen\u00f3mica Acu\u00edcola de la Universidad de Chile y CERTIVET, los cuales compartir\u00e1n informaci\u00f3n sobre servicios, investigaci\u00f3n y actividades de formaci\u00f3n.<\/p>\n<p data-start=\"675\" data-end=\"966\">En el marco de la feria tambi\u00e9n se realizar\u00e1 el seminario \u201cNuevos desaf\u00edos y oportunidades en inocuidad alimentaria\u201d, instancia que abordar\u00e1 tem\u00e1ticas relacionadas con desaf\u00edos sanitarios post-contingencias, certificaci\u00f3n para la industria acu\u00edcola y avances en terapias antimicrobianas.<\/p>\n<p data-start=\"968\" data-end=\"1418\">Asimismo, en el congreso internacional de Aquasur participar\u00e1 como keynote speaker la presidenta de la Comisi\u00f3n de Normas Sanitarias para los Animales Acu\u00e1ticos de la Organizaci\u00f3n Mundial de Sanidad Animal, Alicia Gallardo, quien presentar\u00e1 la exposici\u00f3n titulada \u201cPerspectivas desde la OMSA para una acuicultura sostenible\u201d, centrada en est\u00e1ndares sanitarios internacionales y su aporte al desarrollo responsable del sector.<\/p>\n<p data-start=\"1420\" data-end=\"1628\">Durante los tres d\u00edas del evento, Favet recibir\u00e1 a los asistentes en su stand 22, donde dar\u00e1 a conocer sus l\u00edneas de investigaci\u00f3n, servicios t\u00e9cnicos y capacidades cient\u00edficas aplicadas a la acuicultura.<\/p>\n<p data-start=\"1630\" data-end=\"1687\"><strong data-start=\"1633\" data-end=\"1658\">M\u00e1s informaci\u00f3n <a href=\"https:\/\/www.linkedin.com\/posts\/farmavetuchile_aquasur-2026-activity-7438169515378556928-r6PK?utm_source=social_share_send&amp;utm_medium=member_desktop_web&amp;rcm=ACoAADNakqcBcj0MRfT7HuafJtQuFruLTl0WiTo\">aqu\u00ed<\/a><\/strong><\/p>\n","protected":false},"excerpt":{"rendered":"<p>Durante el evento, la facultad estar\u00e1 presente junto a distintas unidades y laboratorios que desarrollan trabajo aplicado para el sector acu\u00edcola, entre ellos FARMAVET, INOCUVET, el Laboratorio de Gen\u00f3mica Acu\u00edcola de la Universidad de Chile y CERTIVET, los cuales compartir\u00e1n informaci\u00f3n sobre servicios, investigaci\u00f3n y actividades de formaci\u00f3n.<\/p>\n","protected":false},"author":8,"featured_media":86791,"comment_status":"closed","ping_status":"closed","sticky":false,"template":"","format":"standard","meta":{"footnotes":""},"categories":[126],"tags":[923,20954,26749,29158,8739,122,1623,29160,5288,15323,29159],"class_list":["post-86790","post","type-post","status-publish","format-standard","has-post-thumbnail","hentry","category-noticias","tag-alicia-gallardo","tag-aquasur-2026","tag-certivet","tag-favet-universidad-de-chile","tag-genomica-acuicola","tag-industria-acuicola","tag-inocuidad-alimentaria","tag-inocuvet","tag-investigacion-acuicola","tag-omsa","tag-sanidad-animal-acuatica"],"yoast_head":"<!-- This site is optimized with the Yoast SEO plugin v27.5 - https:\/\/yoast.com\/product\/yoast-seo-wordpress\/ -->\n<title>Favet tendr\u00e1 una importante participaci\u00f3n en Aquasur 2026 - Mundoacuicola<\/title>\n<meta name=\"description\" content=\"Durante el evento, la facultad estar\u00e1 presente a trav\u00e9s de sus unidades FARMAVET, INOCUVET, el Labgen y CERTIVET.\" \/>\n<meta name=\"robots\" content=\"index, follow, max-snippet:-1, max-image-preview:large, max-video-preview:-1\" \/>\n<link rel=\"canonical\" href=\"https:\/\/www.mundoacuicola.cl\/new\/favet-tendra-una-importante-participacion-en-aquasur-2026\/\" \/>\n<meta property=\"og:locale\" content=\"es_ES\" \/>\n<meta property=\"og:type\" content=\"article\" \/>\n<meta property=\"og:title\" content=\"Favet tendr\u00e1 una importante participaci\u00f3n en Aquasur 2026 - Mundoacuicola\" \/>\n<meta property=\"og:description\" content=\"Durante el evento, la facultad estar\u00e1 presente a trav\u00e9s de sus unidades FARMAVET, INOCUVET, el Labgen y CERTIVET.\" \/>\n<meta property=\"og:url\" content=\"https:\/\/www.mundoacuicola.cl\/new\/favet-tendra-una-importante-participacion-en-aquasur-2026\/\" \/>\n<meta property=\"og:site_name\" content=\"Mundoacuicola\" \/>\n<meta property=\"article:publisher\" content=\"https:\/\/www.facebook.com\/mundo.acuicola\/\" \/>\n<meta property=\"article:published_time\" content=\"2026-03-14T19:50:57+00:00\" \/>\n<meta property=\"article:modified_time\" content=\"2026-03-16T18:41:22+00:00\" \/>\n<meta property=\"og:image\" content=\"https:\/\/www.mundoacuicola.cl\/new\/wp-content\/uploads\/2026\/03\/FavetCASA2.jpeg\" \/>\n\t<meta property=\"og:image:width\" content=\"1280\" \/>\n\t<meta property=\"og:image:height\" content=\"960\" \/>\n\t<meta property=\"og:image:type\" content=\"image\/jpeg\" \/>\n<meta name=\"author\" content=\"Ricardo Alvarez\" \/>\n<meta name=\"twitter:card\" content=\"summary_large_image\" \/>\n<meta name=\"twitter:creator\" content=\"@mundoacuicola\" \/>\n<meta name=\"twitter:site\" content=\"@mundoacuicola\" \/>\n<meta name=\"twitter:label1\" content=\"Escrito por\" \/>\n\t<meta name=\"twitter:data1\" content=\"Ricardo Alvarez\" \/>\n\t<meta name=\"twitter:label2\" content=\"Tiempo de lectura\" \/>\n\t<meta name=\"twitter:data2\" content=\"2 minutos\" \/>\n<script type=\"application\/ld+json\" class=\"yoast-schema-graph\">{\"@context\":\"https:\\\/\\\/schema.org\",\"@graph\":[{\"@type\":\"Article\",\"@id\":\"https:\\\/\\\/www.mundoacuicola.cl\\\/new\\\/favet-tendra-una-importante-participacion-en-aquasur-2026\\\/#article\",\"isPartOf\":{\"@id\":\"https:\\\/\\\/www.mundoacuicola.cl\\\/new\\\/favet-tendra-una-importante-participacion-en-aquasur-2026\\\/\"},\"author\":{\"name\":\"Ricardo Alvarez\",\"@id\":\"https:\\\/\\\/www.mundoacuicola.cl\\\/new\\\/#\\\/schema\\\/person\\\/52cfe7e461eb2d30484965350ee34bdd\"},\"headline\":\"Favet tendr\u00e1 una importante participaci\u00f3n en Aquasur 2026\",\"datePublished\":\"2026-03-14T19:50:57+00:00\",\"dateModified\":\"2026-03-16T18:41:22+00:00\",\"mainEntityOfPage\":{\"@id\":\"https:\\\/\\\/www.mundoacuicola.cl\\\/new\\\/favet-tendra-una-importante-participacion-en-aquasur-2026\\\/\"},\"wordCount\":248,\"publisher\":{\"@id\":\"https:\\\/\\\/www.mundoacuicola.cl\\\/new\\\/#organization\"},\"image\":{\"@id\":\"https:\\\/\\\/www.mundoacuicola.cl\\\/new\\\/favet-tendra-una-importante-participacion-en-aquasur-2026\\\/#primaryimage\"},\"thumbnailUrl\":\"https:\\\/\\\/www.mundoacuicola.cl\\\/new\\\/wp-content\\\/uploads\\\/2026\\\/03\\\/FavetCASA2.jpeg\",\"keywords\":[\"Alicia Gallardo\",\"AQUASUR 2026\",\"CERTIVET\",\"Favet Universidad de Chile\",\"Gen\u00f3mica Acu\u00edcola\",\"Industria Acu\u00edcola\",\"Inocuidad alimentaria\",\"INOCUVET\",\"investigaci\u00f3n acu\u00edcola\",\"OMSA\",\"sanidad animal acu\u00e1tica\"],\"articleSection\":[\"Noticias\"],\"inLanguage\":\"es\"},{\"@type\":\"WebPage\",\"@id\":\"https:\\\/\\\/www.mundoacuicola.cl\\\/new\\\/favet-tendra-una-importante-participacion-en-aquasur-2026\\\/\",\"url\":\"https:\\\/\\\/www.mundoacuicola.cl\\\/new\\\/favet-tendra-una-importante-participacion-en-aquasur-2026\\\/\",\"name\":\"Favet tendr\u00e1 una importante participaci\u00f3n en Aquasur 2026 - Mundoacuicola\",\"isPartOf\":{\"@id\":\"https:\\\/\\\/www.mundoacuicola.cl\\\/new\\\/#website\"},\"primaryImageOfPage\":{\"@id\":\"https:\\\/\\\/www.mundoacuicola.cl\\\/new\\\/favet-tendra-una-importante-participacion-en-aquasur-2026\\\/#primaryimage\"},\"image\":{\"@id\":\"https:\\\/\\\/www.mundoacuicola.cl\\\/new\\\/favet-tendra-una-importante-participacion-en-aquasur-2026\\\/#primaryimage\"},\"thumbnailUrl\":\"https:\\\/\\\/www.mundoacuicola.cl\\\/new\\\/wp-content\\\/uploads\\\/2026\\\/03\\\/FavetCASA2.jpeg\",\"datePublished\":\"2026-03-14T19:50:57+00:00\",\"dateModified\":\"2026-03-16T18:41:22+00:00\",\"description\":\"Durante el evento, la facultad estar\u00e1 presente a trav\u00e9s de sus unidades FARMAVET, INOCUVET, el Labgen y CERTIVET.\",\"breadcrumb\":{\"@id\":\"https:\\\/\\\/www.mundoacuicola.cl\\\/new\\\/favet-tendra-una-importante-participacion-en-aquasur-2026\\\/#breadcrumb\"},\"inLanguage\":\"es\",\"potentialAction\":[{\"@type\":\"ReadAction\",\"target\":[\"https:\\\/\\\/www.mundoacuicola.cl\\\/new\\\/favet-tendra-una-importante-participacion-en-aquasur-2026\\\/\"]}]},{\"@type\":\"ImageObject\",\"inLanguage\":\"es\",\"@id\":\"https:\\\/\\\/www.mundoacuicola.cl\\\/new\\\/favet-tendra-una-importante-participacion-en-aquasur-2026\\\/#primaryimage\",\"url\":\"https:\\\/\\\/www.mundoacuicola.cl\\\/new\\\/wp-content\\\/uploads\\\/2026\\\/03\\\/FavetCASA2.jpeg\",\"contentUrl\":\"https:\\\/\\\/www.mundoacuicola.cl\\\/new\\\/wp-content\\\/uploads\\\/2026\\\/03\\\/FavetCASA2.jpeg\",\"width\":1280,\"height\":960},{\"@type\":\"BreadcrumbList\",\"@id\":\"https:\\\/\\\/www.mundoacuicola.cl\\\/new\\\/favet-tendra-una-importante-participacion-en-aquasur-2026\\\/#breadcrumb\",\"itemListElement\":[{\"@type\":\"ListItem\",\"position\":1,\"name\":\"Portada\",\"item\":\"https:\\\/\\\/www.mundoacuicola.cl\\\/new\\\/\"},{\"@type\":\"ListItem\",\"position\":2,\"name\":\"Favet tendr\u00e1 una importante participaci\u00f3n en Aquasur 2026\"}]},{\"@type\":\"WebSite\",\"@id\":\"https:\\\/\\\/www.mundoacuicola.cl\\\/new\\\/#website\",\"url\":\"https:\\\/\\\/www.mundoacuicola.cl\\\/new\\\/\",\"name\":\"Mundoacuicola\",\"description\":\"Revista de Acuicultura.\",\"publisher\":{\"@id\":\"https:\\\/\\\/www.mundoacuicola.cl\\\/new\\\/#organization\"},\"potentialAction\":[{\"@type\":\"SearchAction\",\"target\":{\"@type\":\"EntryPoint\",\"urlTemplate\":\"https:\\\/\\\/www.mundoacuicola.cl\\\/new\\\/?s={search_term_string}\"},\"query-input\":{\"@type\":\"PropertyValueSpecification\",\"valueRequired\":true,\"valueName\":\"search_term_string\"}}],\"inLanguage\":\"es\"},{\"@type\":\"Organization\",\"@id\":\"https:\\\/\\\/www.mundoacuicola.cl\\\/new\\\/#organization\",\"name\":\"Mundoacuicola\",\"url\":\"https:\\\/\\\/www.mundoacuicola.cl\\\/new\\\/\",\"logo\":{\"@type\":\"ImageObject\",\"inLanguage\":\"es\",\"@id\":\"https:\\\/\\\/www.mundoacuicola.cl\\\/new\\\/#\\\/schema\\\/logo\\\/image\\\/\",\"url\":\"https:\\\/\\\/www.mundoacuicola.cl\\\/new\\\/wp-content\\\/uploads\\\/2026\\\/01\\\/cropped-LOGO-Mundo-Acuicola-2026.png\",\"contentUrl\":\"https:\\\/\\\/www.mundoacuicola.cl\\\/new\\\/wp-content\\\/uploads\\\/2026\\\/01\\\/cropped-LOGO-Mundo-Acuicola-2026.png\",\"width\":1252,\"height\":296,\"caption\":\"Mundoacuicola\"},\"image\":{\"@id\":\"https:\\\/\\\/www.mundoacuicola.cl\\\/new\\\/#\\\/schema\\\/logo\\\/image\\\/\"},\"sameAs\":[\"https:\\\/\\\/www.facebook.com\\\/mundo.acuicola\\\/\",\"https:\\\/\\\/x.com\\\/mundoacuicola\",\"https:\\\/\\\/www.linkedin.com\\\/in\\\/mundo-acuicola\"]},{\"@type\":\"Person\",\"@id\":\"https:\\\/\\\/www.mundoacuicola.cl\\\/new\\\/#\\\/schema\\\/person\\\/52cfe7e461eb2d30484965350ee34bdd\",\"name\":\"Ricardo Alvarez\",\"url\":\"https:\\\/\\\/www.mundoacuicola.cl\\\/new\\\/author\\\/ricardo\\\/\"}]}<\/script>\n<!-- \/ Yoast SEO plugin. -->","yoast_head_json":{"title":"Favet tendr\u00e1 una importante participaci\u00f3n en Aquasur 2026 - Mundoacuicola","description":"Durante el evento, la facultad estar\u00e1 presente a trav\u00e9s de sus unidades FARMAVET, INOCUVET, el Labgen y CERTIVET.","robots":{"index":"index","follow":"follow","max-snippet":"max-snippet:-1","max-image-preview":"max-image-preview:large","max-video-preview":"max-video-preview:-1"},"canonical":"https:\/\/www.mundoacuicola.cl\/new\/favet-tendra-una-importante-participacion-en-aquasur-2026\/","og_locale":"es_ES","og_type":"article","og_title":"Favet tendr\u00e1 una importante participaci\u00f3n en Aquasur 2026 - Mundoacuicola","og_description":"Durante el evento, la facultad estar\u00e1 presente a trav\u00e9s de sus unidades FARMAVET, INOCUVET, el Labgen y CERTIVET.","og_url":"https:\/\/www.mundoacuicola.cl\/new\/favet-tendra-una-importante-participacion-en-aquasur-2026\/","og_site_name":"Mundoacuicola","article_publisher":"https:\/\/www.facebook.com\/mundo.acuicola\/","article_published_time":"2026-03-14T19:50:57+00:00","article_modified_time":"2026-03-16T18:41:22+00:00","og_image":[{"width":1280,"height":960,"url":"https:\/\/www.mundoacuicola.cl\/new\/wp-content\/uploads\/2026\/03\/FavetCASA2.jpeg","type":"image\/jpeg"}],"author":"Ricardo Alvarez","twitter_card":"summary_large_image","twitter_creator":"@mundoacuicola","twitter_site":"@mundoacuicola","twitter_misc":{"Escrito por":"Ricardo Alvarez","Tiempo de lectura":"2 minutos"},"schema":{"@context":"https:\/\/schema.org","@graph":[{"@type":"Article","@id":"https:\/\/www.mundoacuicola.cl\/new\/favet-tendra-una-importante-participacion-en-aquasur-2026\/#article","isPartOf":{"@id":"https:\/\/www.mundoacuicola.cl\/new\/favet-tendra-una-importante-participacion-en-aquasur-2026\/"},"author":{"name":"Ricardo Alvarez","@id":"https:\/\/www.mundoacuicola.cl\/new\/#\/schema\/person\/52cfe7e461eb2d30484965350ee34bdd"},"headline":"Favet tendr\u00e1 una importante participaci\u00f3n en Aquasur 2026","datePublished":"2026-03-14T19:50:57+00:00","dateModified":"2026-03-16T18:41:22+00:00","mainEntityOfPage":{"@id":"https:\/\/www.mundoacuicola.cl\/new\/favet-tendra-una-importante-participacion-en-aquasur-2026\/"},"wordCount":248,"publisher":{"@id":"https:\/\/www.mundoacuicola.cl\/new\/#organization"},"image":{"@id":"https:\/\/www.mundoacuicola.cl\/new\/favet-tendra-una-importante-participacion-en-aquasur-2026\/#primaryimage"},"thumbnailUrl":"https:\/\/www.mundoacuicola.cl\/new\/wp-content\/uploads\/2026\/03\/FavetCASA2.jpeg","keywords":["Alicia Gallardo","AQUASUR 2026","CERTIVET","Favet Universidad de Chile","Gen\u00f3mica Acu\u00edcola","Industria Acu\u00edcola","Inocuidad alimentaria","INOCUVET","investigaci\u00f3n acu\u00edcola","OMSA","sanidad animal acu\u00e1tica"],"articleSection":["Noticias"],"inLanguage":"es"},{"@type":"WebPage","@id":"https:\/\/www.mundoacuicola.cl\/new\/favet-tendra-una-importante-participacion-en-aquasur-2026\/","url":"https:\/\/www.mundoacuicola.cl\/new\/favet-tendra-una-importante-participacion-en-aquasur-2026\/","name":"Favet tendr\u00e1 una importante participaci\u00f3n en Aquasur 2026 - Mundoacuicola","isPartOf":{"@id":"https:\/\/www.mundoacuicola.cl\/new\/#website"},"primaryImageOfPage":{"@id":"https:\/\/www.mundoacuicola.cl\/new\/favet-tendra-una-importante-participacion-en-aquasur-2026\/#primaryimage"},"image":{"@id":"https:\/\/www.mundoacuicola.cl\/new\/favet-tendra-una-importante-participacion-en-aquasur-2026\/#primaryimage"},"thumbnailUrl":"https:\/\/www.mundoacuicola.cl\/new\/wp-content\/uploads\/2026\/03\/FavetCASA2.jpeg","datePublished":"2026-03-14T19:50:57+00:00","dateModified":"2026-03-16T18:41:22+00:00","description":"Durante el evento, la facultad estar\u00e1 presente a trav\u00e9s de sus unidades FARMAVET, INOCUVET, el Labgen y CERTIVET.","breadcrumb":{"@id":"https:\/\/www.mundoacuicola.cl\/new\/favet-tendra-una-importante-participacion-en-aquasur-2026\/#breadcrumb"},"inLanguage":"es","potentialAction":[{"@type":"ReadAction","target":["https:\/\/www.mundoacuicola.cl\/new\/favet-tendra-una-importante-participacion-en-aquasur-2026\/"]}]},{"@type":"ImageObject","inLanguage":"es","@id":"https:\/\/www.mundoacuicola.cl\/new\/favet-tendra-una-importante-participacion-en-aquasur-2026\/#primaryimage","url":"https:\/\/www.mundoacuicola.cl\/new\/wp-content\/uploads\/2026\/03\/FavetCASA2.jpeg","contentUrl":"https:\/\/www.mundoacuicola.cl\/new\/wp-content\/uploads\/2026\/03\/FavetCASA2.jpeg","width":1280,"height":960},{"@type":"BreadcrumbList","@id":"https:\/\/www.mundoacuicola.cl\/new\/favet-tendra-una-importante-participacion-en-aquasur-2026\/#breadcrumb","itemListElement":[{"@type":"ListItem","position":1,"name":"Portada","item":"https:\/\/www.mundoacuicola.cl\/new\/"},{"@type":"ListItem","position":2,"name":"Favet tendr\u00e1 una importante participaci\u00f3n en Aquasur 2026"}]},{"@type":"WebSite","@id":"https:\/\/www.mundoacuicola.cl\/new\/#website","url":"https:\/\/www.mundoacuicola.cl\/new\/","name":"Mundoacuicola","description":"Revista de Acuicultura.","publisher":{"@id":"https:\/\/www.mundoacuicola.cl\/new\/#organization"},"potentialAction":[{"@type":"SearchAction","target":{"@type":"EntryPoint","urlTemplate":"https:\/\/www.mundoacuicola.cl\/new\/?s={search_term_string}"},"query-input":{"@type":"PropertyValueSpecification","valueRequired":true,"valueName":"search_term_string"}}],"inLanguage":"es"},{"@type":"Organization","@id":"https:\/\/www.mundoacuicola.cl\/new\/#organization","name":"Mundoacuicola","url":"https:\/\/www.mundoacuicola.cl\/new\/","logo":{"@type":"ImageObject","inLanguage":"es","@id":"https:\/\/www.mundoacuicola.cl\/new\/#\/schema\/logo\/image\/","url":"https:\/\/www.mundoacuicola.cl\/new\/wp-content\/uploads\/2026\/01\/cropped-LOGO-Mundo-Acuicola-2026.png","contentUrl":"https:\/\/www.mundoacuicola.cl\/new\/wp-content\/uploads\/2026\/01\/cropped-LOGO-Mundo-Acuicola-2026.png","width":1252,"height":296,"caption":"Mundoacuicola"},"image":{"@id":"https:\/\/www.mundoacuicola.cl\/new\/#\/schema\/logo\/image\/"},"sameAs":["https:\/\/www.facebook.com\/mundo.acuicola\/","https:\/\/x.com\/mundoacuicola","https:\/\/www.linkedin.com\/in\/mundo-acuicola"]},{"@type":"Person","@id":"https:\/\/www.mundoacuicola.cl\/new\/#\/schema\/person\/52cfe7e461eb2d30484965350ee34bdd","name":"Ricardo Alvarez","url":"https:\/\/www.mundoacuicola.cl\/new\/author\/ricardo\/"}]}},"_links":{"self":[{"href":"https:\/\/www.mundoacuicola.cl\/new\/wp-json\/wp\/v2\/posts\/86790","targetHints":{"allow":["GET"]}}],"collection":[{"href":"https:\/\/www.mundoacuicola.cl\/new\/wp-json\/wp\/v2\/posts"}],"about":[{"href":"https:\/\/www.mundoacuicola.cl\/new\/wp-json\/wp\/v2\/types\/post"}],"author":[{"embeddable":true,"href":"https:\/\/www.mundoacuicola.cl\/new\/wp-json\/wp\/v2\/users\/8"}],"replies":[{"embeddable":true,"href":"https:\/\/www.mundoacuicola.cl\/new\/wp-json\/wp\/v2\/comments?post=86790"}],"version-history":[{"count":1,"href":"https:\/\/www.mundoacuicola.cl\/new\/wp-json\/wp\/v2\/posts\/86790\/revisions"}],"predecessor-version":[{"id":86792,"href":"https:\/\/www.mundoacuicola.cl\/new\/wp-json\/wp\/v2\/posts\/86790\/revisions\/86792"}],"wp:featuredmedia":[{"embeddable":true,"href":"https:\/\/www.mundoacuicola.cl\/new\/wp-json\/wp\/v2\/media\/86791"}],"wp:attachment":[{"href":"https:\/\/www.mundoacuicola.cl\/new\/wp-json\/wp\/v2\/media?parent=86790"}],"wp:term":[{"taxonomy":"category","embeddable":true,"href":"https:\/\/www.mundoacuicola.cl\/new\/wp-json\/wp\/v2\/categories?post=86790"},{"taxonomy":"post_tag","embeddable":true,"href":"https:\/\/www.mundoacuicola.cl\/new\/wp-json\/wp\/v2\/tags?post=86790"}],"curies":[{"name":"wp","href":"https:\/\/api.w.org\/{rel}","templated":true}]}}