{"id":86794,"date":"2026-03-14T18:52:28","date_gmt":"2026-03-14T22:52:28","guid":{"rendered":"https:\/\/www.mundoacuicola.cl\/new\/?p=86794"},"modified":"2026-03-16T11:29:49","modified_gmt":"2026-03-16T15:29:49","slug":"municipalidad-de-puerto-montt-y-aquachile-dan-inicio-a-la-ruta-del-salmon","status":"publish","type":"post","link":"https:\/\/www.mundoacuicola.cl\/new\/municipalidad-de-puerto-montt-y-aquachile-dan-inicio-a-la-ruta-del-salmon\/","title":{"rendered":"Municipalidad de Puerto Montt y AquaChile dan inicio a la Ruta del Salm\u00f3n"},"content":{"rendered":"<p data-start=\"85\" data-end=\"475\">En el marco del proyecto <strong data-start=\"110\" data-end=\"129\">Ruta del Salm\u00f3n<\/strong>, impulsado por la <span class=\"hover:entity-accent entity-underline inline cursor-pointer align-baseline\"><span class=\"whitespace-normal\">Municipalidad de Puerto Montt<\/span><\/span>, durante la segunda semana de marzo de 2026 se realiz\u00f3 una actividad que contempl\u00f3 la visita de turistas, vecinos y representantes de comunidades al centro de cultivo <strong data-start=\"353\" data-end=\"370\">Huenquillahue<\/strong> de <span class=\"hover:entity-accent entity-underline inline cursor-pointer align-baseline\"><span class=\"whitespace-normal\">AquaChile<\/span><\/span>, ubicado en la comuna de <span class=\"hover:entity-accent entity-underline inline cursor-pointer align-baseline\"><span class=\"whitespace-normal\">Puerto Montt<\/span><\/span>.<\/p>\n<p data-start=\"477\" data-end=\"729\">La instancia forma parte de las acciones asociadas a esta iniciativa que busca posicionar al salm\u00f3n como un eje del relato tur\u00edstico e identitario de la ciudad, integrando aspectos productivos, gastron\u00f3micos y culturales vinculados a la salmonicultura.<\/p>\n<p data-start=\"731\" data-end=\"923\">Durante la jornada, los asistentes pudieron conocer en terreno el funcionamiento de un centro de cultivo, as\u00ed como parte de los procesos asociados a la producci\u00f3n de salm\u00f3n en el sur de Chile.<\/p>\n<p data-start=\"925\" data-end=\"1357\">El alcalde de Puerto Montt, <span class=\"hover:entity-accent entity-underline inline cursor-pointer align-baseline\"><span class=\"whitespace-normal\">Rodrigo Wainraihgt<\/span><\/span>, se\u00f1al\u00f3 que \u201cestamos muy contentos de darle vida a este sue\u00f1o que ten\u00edamos para Puerto Montt, de dar inicio a la Ruta del Salm\u00f3n y de fomentar que somos la capital del salm\u00f3n en Chile\u201d. El jefe comunal explic\u00f3 que el proyecto se desarrolla bajo el enfoque de la <strong data-start=\"1253\" data-end=\"1273\">cu\u00e1druple h\u00e9lice<\/strong>, que vincula al sector p\u00fablico, el sector privado, la academia y la sociedad civil.<\/p>\n<p data-start=\"1359\" data-end=\"1653\">\u201cEn esta actividad el mundo p\u00fablico est\u00e1 representado por la Municipalidad, el mundo privado por AquaChile, la academia por el <span class=\"hover:entity-accent entity-underline inline cursor-pointer align-baseline\"><span class=\"whitespace-normal\">Centro de Formaci\u00f3n T\u00e9cnica Santo Tom\u00e1s<\/span><\/span> con su carrera de gastronom\u00eda, y la sociedad civil por los vecinos, vecinas y turistas que ser\u00e1n parte de este proyecto\u201d, agreg\u00f3.<\/p>\n<p data-start=\"1655\" data-end=\"1904\">Wainraihgt tambi\u00e9n indic\u00f3 que la iniciativa se relaciona con el <strong data-start=\"1719\" data-end=\"1739\">Plan Salm\u00f3n 2050<\/strong>, orientado a fortalecer el desarrollo de la industria desde el punto de vista productivo, la generaci\u00f3n de empleo y su vinculaci\u00f3n con nuevas \u00e1reas como el turismo.<\/p>\n<p data-start=\"1906\" data-end=\"2369\">Por su parte, el gerente de Comunidades de AquaChile, <span class=\"hover:entity-accent entity-underline inline cursor-pointer align-baseline\"><span class=\"whitespace-normal\">Francisco Sandoval<\/span><\/span>, valor\u00f3 la realizaci\u00f3n de la visita al centro de cultivo. \u201cPara nosotros como empresa AquaChile es un d\u00eda muy importante. Estamos muy contentos de poder abrir las puertas a este grupo de turistas para que puedan conocer de primera mano lo que es la operaci\u00f3n de un centro de cultivo, en este caso el centro de cultivo Huenquillahue, en la comuna de Puerto Montt\u201d, se\u00f1al\u00f3.<\/p>\n<p data-start=\"2371\" data-end=\"2554\">Sandoval agreg\u00f3 que la iniciativa permite que los visitantes conozcan \u201cla importancia del empleo que generamos y los est\u00e1ndares ambientales con los que producimos el salm\u00f3n en Chile\u201d.<\/p>\n<p data-start=\"2556\" data-end=\"2824\">Finalmente, el alcalde sostuvo que \u201cPuerto Montt es la capital del salm\u00f3n de Chile, y tambi\u00e9n dir\u00eda que la capital mundial\u201d, recordando que Chile es el segundo mayor exportador de salm\u00f3n despu\u00e9s de Noruega, lo que posiciona a la ciudad y al pa\u00eds a nivel internacional.<\/p>\n<blockquote class=\"instagram-media\" style=\"background: #FFF; border: 0; border-radius: 3px; box-shadow: 0 0 1px 0 rgba(0,0,0,0.5),0 1px 10px 0 rgba(0,0,0,0.15); margin: 1px; max-width: 540px; min-width: 326px; padding: 0; width: calc(100% - 2px);\" data-instgrm-captioned=\"\" data-instgrm-permalink=\"https:\/\/www.instagram.com\/reel\/DV1v3w8D5tn\/?utm_source=ig_embed&amp;utm_campaign=loading\" data-instgrm-version=\"14\">\n<div style=\"padding: 16px;\">\n<p>&nbsp;<\/p>\n<div style=\"display: flex; flex-direction: row; align-items: center;\">\n<div style=\"background-color: #f4f4f4; border-radius: 50%; flex-grow: 0; height: 40px; margin-right: 14px; width: 40px;\"><\/div>\n<div style=\"display: flex; flex-direction: column; flex-grow: 1; justify-content: center;\">\n<div style=\"background-color: #f4f4f4; border-radius: 4px; flex-grow: 0; height: 14px; margin-bottom: 6px; width: 100px;\"><\/div>\n<div style=\"background-color: #f4f4f4; border-radius: 4px; flex-grow: 0; height: 14px; width: 60px;\"><\/div>\n<\/div>\n<\/div>\n<div style=\"padding: 19% 0;\"><\/div>\n<div style=\"display: block; height: 50px; margin: 0 auto 12px; width: 50px;\"><\/div>\n<div style=\"padding-top: 8px;\">\n<div style=\"color: #3897f0; font-family: Arial,sans-serif; font-size: 14px; font-style: normal; font-weight: 550; line-height: 18px;\">Ver esta publicaci\u00f3n en Instagram<\/div>\n<\/div>\n<div style=\"padding: 12.5% 0;\"><\/div>\n<div style=\"display: flex; flex-direction: row; margin-bottom: 14px; align-items: center;\">\n<div>\n<div style=\"background-color: #f4f4f4; border-radius: 50%; height: 12.5px; width: 12.5px; transform: translateX(0px) translateY(7px);\"><\/div>\n<div style=\"background-color: #f4f4f4; height: 12.5px; transform: rotate(-45deg) translateX(3px) translateY(1px); width: 12.5px; flex-grow: 0; margin-right: 14px; margin-left: 2px;\"><\/div>\n<div style=\"background-color: #f4f4f4; border-radius: 50%; height: 12.5px; width: 12.5px; transform: translateX(9px) translateY(-18px);\"><\/div>\n<\/div>\n<div style=\"margin-left: 8px;\">\n<div style=\"background-color: #f4f4f4; border-radius: 50%; flex-grow: 0; height: 20px; width: 20px;\"><\/div>\n<div style=\"width: 0; height: 0; border-top: 2px solid transparent; border-left: 6px solid #f4f4f4; border-bottom: 2px solid transparent; transform: translateX(16px) translateY(-4px) rotate(30deg);\"><\/div>\n<\/div>\n<div style=\"margin-left: auto;\">\n<div style=\"width: 0px; border-top: 8px solid #F4F4F4; border-right: 8px solid transparent; transform: translateY(16px);\"><\/div>\n<div style=\"background-color: #f4f4f4; flex-grow: 0; height: 12px; width: 16px; transform: translateY(-4px);\"><\/div>\n<div style=\"width: 0; height: 0; border-top: 8px solid #F4F4F4; border-left: 8px solid transparent; transform: translateY(-4px) translateX(8px);\"><\/div>\n<\/div>\n<\/div>\n<div style=\"display: flex; flex-direction: column; flex-grow: 1; justify-content: center; margin-bottom: 24px;\">\n<div style=\"background-color: #f4f4f4; border-radius: 4px; flex-grow: 0; height: 14px; margin-bottom: 6px; width: 224px;\"><\/div>\n<div style=\"background-color: #f4f4f4; border-radius: 4px; flex-grow: 0; height: 14px; width: 144px;\"><\/div>\n<\/div>\n<p>&nbsp;<\/p>\n<p style=\"color: #c9c8cd; font-family: Arial,sans-serif; font-size: 14px; line-height: 17px; margin-bottom: 0; margin-top: 8px; overflow: hidden; padding: 8px 0 7px; text-align: center; text-overflow: ellipsis; white-space: nowrap;\"><a style=\"color: #c9c8cd; font-family: Arial,sans-serif; font-size: 14px; font-style: normal; font-weight: normal; line-height: 17px; text-decoration: none;\" href=\"https:\/\/www.instagram.com\/reel\/DV1v3w8D5tn\/?utm_source=ig_embed&amp;utm_campaign=loading\" target=\"_blank\" rel=\"noopener\">Una publicaci\u00f3n compartida por Direcci\u00f3n de Turismo Puerto Montt (@turismo.puertomontt)<\/a><\/p>\n<\/div>\n<\/blockquote>\n<p><script async src=\"\/\/www.instagram.com\/embed.js\"><\/script><\/p>\n","protected":false},"excerpt":{"rendered":"<p>Ruta del Salm\u00f3n realiza visita a centro de cultivo de AquaChile con turistas, vecinos y comunidades en Puerto Montt.<\/p>\n","protected":false},"author":8,"featured_media":86796,"comment_status":"closed","ping_status":"closed","sticky":false,"template":"","format":"standard","meta":{"footnotes":""},"categories":[60],"tags":[423,28667,29161,14532,27160,772,23924,25976,3447,29163,29162,11620],"class_list":["post-86794","post","type-post","status-publish","format-standard","has-post-thumbnail","hentry","category-salmonicultura","tag-aquachile","tag-capital-del-salmon","tag-centro-huenquillahue","tag-comunidades-locales","tag-plan-salmon-2050","tag-puerto-montt","tag-rodrigo-wainraihgt","tag-ruta-del-salmon","tag-salmonicultura-chilena","tag-turismo-acuicola","tag-turismo-industrial","tag-turismo-salmonero"],"yoast_head":"<!-- This site is optimized with the Yoast SEO plugin v27.5 - https:\/\/yoast.com\/product\/yoast-seo-wordpress\/ -->\n<title>Municipalidad de Puerto Montt y AquaChile dan inicio a la Ruta del Salm\u00f3n - Mundoacuicola<\/title>\n<meta name=\"description\" content=\"Ruta del Salm\u00f3n realiza visita a centro de cultivo de AquaChile con turistas, vecinos y comunidades en Puerto Montt.\" \/>\n<meta name=\"robots\" content=\"index, follow, max-snippet:-1, max-image-preview:large, max-video-preview:-1\" \/>\n<link rel=\"canonical\" href=\"https:\/\/www.mundoacuicola.cl\/new\/municipalidad-de-puerto-montt-y-aquachile-dan-inicio-a-la-ruta-del-salmon\/\" \/>\n<meta property=\"og:locale\" content=\"es_ES\" \/>\n<meta property=\"og:type\" content=\"article\" \/>\n<meta property=\"og:title\" content=\"Municipalidad de Puerto Montt y AquaChile dan inicio a la Ruta del Salm\u00f3n - Mundoacuicola\" \/>\n<meta property=\"og:description\" content=\"Ruta del Salm\u00f3n realiza visita a centro de cultivo de AquaChile con turistas, vecinos y comunidades en Puerto Montt.\" \/>\n<meta property=\"og:url\" content=\"https:\/\/www.mundoacuicola.cl\/new\/municipalidad-de-puerto-montt-y-aquachile-dan-inicio-a-la-ruta-del-salmon\/\" \/>\n<meta property=\"og:site_name\" content=\"Mundoacuicola\" \/>\n<meta property=\"article:publisher\" content=\"https:\/\/www.facebook.com\/mundo.acuicola\/\" \/>\n<meta property=\"article:published_time\" content=\"2026-03-14T22:52:28+00:00\" \/>\n<meta property=\"article:modified_time\" content=\"2026-03-16T15:29:49+00:00\" \/>\n<meta property=\"og:image\" content=\"https:\/\/www.mundoacuicola.cl\/new\/wp-content\/uploads\/2026\/03\/RutaDelSalmon1.jpeg\" \/>\n\t<meta property=\"og:image:width\" content=\"1170\" \/>\n\t<meta property=\"og:image:height\" content=\"792\" \/>\n\t<meta property=\"og:image:type\" content=\"image\/jpeg\" \/>\n<meta name=\"author\" content=\"Ricardo Alvarez\" \/>\n<meta name=\"twitter:card\" content=\"summary_large_image\" \/>\n<meta name=\"twitter:creator\" content=\"@mundoacuicola\" \/>\n<meta name=\"twitter:site\" content=\"@mundoacuicola\" \/>\n<meta name=\"twitter:label1\" content=\"Escrito por\" \/>\n\t<meta name=\"twitter:data1\" content=\"Ricardo Alvarez\" \/>\n\t<meta name=\"twitter:label2\" content=\"Tiempo de lectura\" \/>\n\t<meta name=\"twitter:data2\" content=\"3 minutos\" \/>\n<script type=\"application\/ld+json\" class=\"yoast-schema-graph\">{\"@context\":\"https:\\\/\\\/schema.org\",\"@graph\":[{\"@type\":\"Article\",\"@id\":\"https:\\\/\\\/www.mundoacuicola.cl\\\/new\\\/municipalidad-de-puerto-montt-y-aquachile-dan-inicio-a-la-ruta-del-salmon\\\/#article\",\"isPartOf\":{\"@id\":\"https:\\\/\\\/www.mundoacuicola.cl\\\/new\\\/municipalidad-de-puerto-montt-y-aquachile-dan-inicio-a-la-ruta-del-salmon\\\/\"},\"author\":{\"name\":\"Ricardo Alvarez\",\"@id\":\"https:\\\/\\\/www.mundoacuicola.cl\\\/new\\\/#\\\/schema\\\/person\\\/52cfe7e461eb2d30484965350ee34bdd\"},\"headline\":\"Municipalidad de Puerto Montt y AquaChile dan inicio a la Ruta del Salm\u00f3n\",\"datePublished\":\"2026-03-14T22:52:28+00:00\",\"dateModified\":\"2026-03-16T15:29:49+00:00\",\"mainEntityOfPage\":{\"@id\":\"https:\\\/\\\/www.mundoacuicola.cl\\\/new\\\/municipalidad-de-puerto-montt-y-aquachile-dan-inicio-a-la-ruta-del-salmon\\\/\"},\"wordCount\":501,\"publisher\":{\"@id\":\"https:\\\/\\\/www.mundoacuicola.cl\\\/new\\\/#organization\"},\"image\":{\"@id\":\"https:\\\/\\\/www.mundoacuicola.cl\\\/new\\\/municipalidad-de-puerto-montt-y-aquachile-dan-inicio-a-la-ruta-del-salmon\\\/#primaryimage\"},\"thumbnailUrl\":\"https:\\\/\\\/www.mundoacuicola.cl\\\/new\\\/wp-content\\\/uploads\\\/2026\\\/03\\\/RutaDelSalmon1.jpeg\",\"keywords\":[\"AquaChile\",\"capital del salm\u00f3n\",\"centro Huenquillahue\",\"comunidades locales\",\"Plan Salm\u00f3n 2050\",\"Puerto Montt\",\"Rodrigo Wainraihgt\",\"Ruta del Salm\u00f3n\",\"salmonicultura chilena\",\"turismo acu\u00edcola\",\"turismo industrial\",\"turismo salmonero\"],\"articleSection\":[\"Salmonicultura\"],\"inLanguage\":\"es\"},{\"@type\":\"WebPage\",\"@id\":\"https:\\\/\\\/www.mundoacuicola.cl\\\/new\\\/municipalidad-de-puerto-montt-y-aquachile-dan-inicio-a-la-ruta-del-salmon\\\/\",\"url\":\"https:\\\/\\\/www.mundoacuicola.cl\\\/new\\\/municipalidad-de-puerto-montt-y-aquachile-dan-inicio-a-la-ruta-del-salmon\\\/\",\"name\":\"Municipalidad de Puerto Montt y AquaChile dan inicio a la Ruta del Salm\u00f3n - Mundoacuicola\",\"isPartOf\":{\"@id\":\"https:\\\/\\\/www.mundoacuicola.cl\\\/new\\\/#website\"},\"primaryImageOfPage\":{\"@id\":\"https:\\\/\\\/www.mundoacuicola.cl\\\/new\\\/municipalidad-de-puerto-montt-y-aquachile-dan-inicio-a-la-ruta-del-salmon\\\/#primaryimage\"},\"image\":{\"@id\":\"https:\\\/\\\/www.mundoacuicola.cl\\\/new\\\/municipalidad-de-puerto-montt-y-aquachile-dan-inicio-a-la-ruta-del-salmon\\\/#primaryimage\"},\"thumbnailUrl\":\"https:\\\/\\\/www.mundoacuicola.cl\\\/new\\\/wp-content\\\/uploads\\\/2026\\\/03\\\/RutaDelSalmon1.jpeg\",\"datePublished\":\"2026-03-14T22:52:28+00:00\",\"dateModified\":\"2026-03-16T15:29:49+00:00\",\"description\":\"Ruta del Salm\u00f3n realiza visita a centro de cultivo de AquaChile con turistas, vecinos y comunidades en Puerto Montt.\",\"breadcrumb\":{\"@id\":\"https:\\\/\\\/www.mundoacuicola.cl\\\/new\\\/municipalidad-de-puerto-montt-y-aquachile-dan-inicio-a-la-ruta-del-salmon\\\/#breadcrumb\"},\"inLanguage\":\"es\",\"potentialAction\":[{\"@type\":\"ReadAction\",\"target\":[\"https:\\\/\\\/www.mundoacuicola.cl\\\/new\\\/municipalidad-de-puerto-montt-y-aquachile-dan-inicio-a-la-ruta-del-salmon\\\/\"]}]},{\"@type\":\"ImageObject\",\"inLanguage\":\"es\",\"@id\":\"https:\\\/\\\/www.mundoacuicola.cl\\\/new\\\/municipalidad-de-puerto-montt-y-aquachile-dan-inicio-a-la-ruta-del-salmon\\\/#primaryimage\",\"url\":\"https:\\\/\\\/www.mundoacuicola.cl\\\/new\\\/wp-content\\\/uploads\\\/2026\\\/03\\\/RutaDelSalmon1.jpeg\",\"contentUrl\":\"https:\\\/\\\/www.mundoacuicola.cl\\\/new\\\/wp-content\\\/uploads\\\/2026\\\/03\\\/RutaDelSalmon1.jpeg\",\"width\":1170,\"height\":792},{\"@type\":\"BreadcrumbList\",\"@id\":\"https:\\\/\\\/www.mundoacuicola.cl\\\/new\\\/municipalidad-de-puerto-montt-y-aquachile-dan-inicio-a-la-ruta-del-salmon\\\/#breadcrumb\",\"itemListElement\":[{\"@type\":\"ListItem\",\"position\":1,\"name\":\"Portada\",\"item\":\"https:\\\/\\\/www.mundoacuicola.cl\\\/new\\\/\"},{\"@type\":\"ListItem\",\"position\":2,\"name\":\"Municipalidad de Puerto Montt y AquaChile dan inicio a la Ruta del Salm\u00f3n\"}]},{\"@type\":\"WebSite\",\"@id\":\"https:\\\/\\\/www.mundoacuicola.cl\\\/new\\\/#website\",\"url\":\"https:\\\/\\\/www.mundoacuicola.cl\\\/new\\\/\",\"name\":\"Mundoacuicola\",\"description\":\"Revista de Acuicultura.\",\"publisher\":{\"@id\":\"https:\\\/\\\/www.mundoacuicola.cl\\\/new\\\/#organization\"},\"potentialAction\":[{\"@type\":\"SearchAction\",\"target\":{\"@type\":\"EntryPoint\",\"urlTemplate\":\"https:\\\/\\\/www.mundoacuicola.cl\\\/new\\\/?s={search_term_string}\"},\"query-input\":{\"@type\":\"PropertyValueSpecification\",\"valueRequired\":true,\"valueName\":\"search_term_string\"}}],\"inLanguage\":\"es\"},{\"@type\":\"Organization\",\"@id\":\"https:\\\/\\\/www.mundoacuicola.cl\\\/new\\\/#organization\",\"name\":\"Mundoacuicola\",\"url\":\"https:\\\/\\\/www.mundoacuicola.cl\\\/new\\\/\",\"logo\":{\"@type\":\"ImageObject\",\"inLanguage\":\"es\",\"@id\":\"https:\\\/\\\/www.mundoacuicola.cl\\\/new\\\/#\\\/schema\\\/logo\\\/image\\\/\",\"url\":\"https:\\\/\\\/www.mundoacuicola.cl\\\/new\\\/wp-content\\\/uploads\\\/2026\\\/01\\\/cropped-LOGO-Mundo-Acuicola-2026.png\",\"contentUrl\":\"https:\\\/\\\/www.mundoacuicola.cl\\\/new\\\/wp-content\\\/uploads\\\/2026\\\/01\\\/cropped-LOGO-Mundo-Acuicola-2026.png\",\"width\":1252,\"height\":296,\"caption\":\"Mundoacuicola\"},\"image\":{\"@id\":\"https:\\\/\\\/www.mundoacuicola.cl\\\/new\\\/#\\\/schema\\\/logo\\\/image\\\/\"},\"sameAs\":[\"https:\\\/\\\/www.facebook.com\\\/mundo.acuicola\\\/\",\"https:\\\/\\\/x.com\\\/mundoacuicola\",\"https:\\\/\\\/www.linkedin.com\\\/in\\\/mundo-acuicola\"]},{\"@type\":\"Person\",\"@id\":\"https:\\\/\\\/www.mundoacuicola.cl\\\/new\\\/#\\\/schema\\\/person\\\/52cfe7e461eb2d30484965350ee34bdd\",\"name\":\"Ricardo Alvarez\",\"url\":\"https:\\\/\\\/www.mundoacuicola.cl\\\/new\\\/author\\\/ricardo\\\/\"}]}<\/script>\n<!-- \/ Yoast SEO plugin. -->","yoast_head_json":{"title":"Municipalidad de Puerto Montt y AquaChile dan inicio a la Ruta del Salm\u00f3n - Mundoacuicola","description":"Ruta del Salm\u00f3n realiza visita a centro de cultivo de AquaChile con turistas, vecinos y comunidades en Puerto Montt.","robots":{"index":"index","follow":"follow","max-snippet":"max-snippet:-1","max-image-preview":"max-image-preview:large","max-video-preview":"max-video-preview:-1"},"canonical":"https:\/\/www.mundoacuicola.cl\/new\/municipalidad-de-puerto-montt-y-aquachile-dan-inicio-a-la-ruta-del-salmon\/","og_locale":"es_ES","og_type":"article","og_title":"Municipalidad de Puerto Montt y AquaChile dan inicio a la Ruta del Salm\u00f3n - Mundoacuicola","og_description":"Ruta del Salm\u00f3n realiza visita a centro de cultivo de AquaChile con turistas, vecinos y comunidades en Puerto Montt.","og_url":"https:\/\/www.mundoacuicola.cl\/new\/municipalidad-de-puerto-montt-y-aquachile-dan-inicio-a-la-ruta-del-salmon\/","og_site_name":"Mundoacuicola","article_publisher":"https:\/\/www.facebook.com\/mundo.acuicola\/","article_published_time":"2026-03-14T22:52:28+00:00","article_modified_time":"2026-03-16T15:29:49+00:00","og_image":[{"width":1170,"height":792,"url":"https:\/\/www.mundoacuicola.cl\/new\/wp-content\/uploads\/2026\/03\/RutaDelSalmon1.jpeg","type":"image\/jpeg"}],"author":"Ricardo Alvarez","twitter_card":"summary_large_image","twitter_creator":"@mundoacuicola","twitter_site":"@mundoacuicola","twitter_misc":{"Escrito por":"Ricardo Alvarez","Tiempo de lectura":"3 minutos"},"schema":{"@context":"https:\/\/schema.org","@graph":[{"@type":"Article","@id":"https:\/\/www.mundoacuicola.cl\/new\/municipalidad-de-puerto-montt-y-aquachile-dan-inicio-a-la-ruta-del-salmon\/#article","isPartOf":{"@id":"https:\/\/www.mundoacuicola.cl\/new\/municipalidad-de-puerto-montt-y-aquachile-dan-inicio-a-la-ruta-del-salmon\/"},"author":{"name":"Ricardo Alvarez","@id":"https:\/\/www.mundoacuicola.cl\/new\/#\/schema\/person\/52cfe7e461eb2d30484965350ee34bdd"},"headline":"Municipalidad de Puerto Montt y AquaChile dan inicio a la Ruta del Salm\u00f3n","datePublished":"2026-03-14T22:52:28+00:00","dateModified":"2026-03-16T15:29:49+00:00","mainEntityOfPage":{"@id":"https:\/\/www.mundoacuicola.cl\/new\/municipalidad-de-puerto-montt-y-aquachile-dan-inicio-a-la-ruta-del-salmon\/"},"wordCount":501,"publisher":{"@id":"https:\/\/www.mundoacuicola.cl\/new\/#organization"},"image":{"@id":"https:\/\/www.mundoacuicola.cl\/new\/municipalidad-de-puerto-montt-y-aquachile-dan-inicio-a-la-ruta-del-salmon\/#primaryimage"},"thumbnailUrl":"https:\/\/www.mundoacuicola.cl\/new\/wp-content\/uploads\/2026\/03\/RutaDelSalmon1.jpeg","keywords":["AquaChile","capital del salm\u00f3n","centro Huenquillahue","comunidades locales","Plan Salm\u00f3n 2050","Puerto Montt","Rodrigo Wainraihgt","Ruta del Salm\u00f3n","salmonicultura chilena","turismo acu\u00edcola","turismo industrial","turismo salmonero"],"articleSection":["Salmonicultura"],"inLanguage":"es"},{"@type":"WebPage","@id":"https:\/\/www.mundoacuicola.cl\/new\/municipalidad-de-puerto-montt-y-aquachile-dan-inicio-a-la-ruta-del-salmon\/","url":"https:\/\/www.mundoacuicola.cl\/new\/municipalidad-de-puerto-montt-y-aquachile-dan-inicio-a-la-ruta-del-salmon\/","name":"Municipalidad de Puerto Montt y AquaChile dan inicio a la Ruta del Salm\u00f3n - Mundoacuicola","isPartOf":{"@id":"https:\/\/www.mundoacuicola.cl\/new\/#website"},"primaryImageOfPage":{"@id":"https:\/\/www.mundoacuicola.cl\/new\/municipalidad-de-puerto-montt-y-aquachile-dan-inicio-a-la-ruta-del-salmon\/#primaryimage"},"image":{"@id":"https:\/\/www.mundoacuicola.cl\/new\/municipalidad-de-puerto-montt-y-aquachile-dan-inicio-a-la-ruta-del-salmon\/#primaryimage"},"thumbnailUrl":"https:\/\/www.mundoacuicola.cl\/new\/wp-content\/uploads\/2026\/03\/RutaDelSalmon1.jpeg","datePublished":"2026-03-14T22:52:28+00:00","dateModified":"2026-03-16T15:29:49+00:00","description":"Ruta del Salm\u00f3n realiza visita a centro de cultivo de AquaChile con turistas, vecinos y comunidades en Puerto Montt.","breadcrumb":{"@id":"https:\/\/www.mundoacuicola.cl\/new\/municipalidad-de-puerto-montt-y-aquachile-dan-inicio-a-la-ruta-del-salmon\/#breadcrumb"},"inLanguage":"es","potentialAction":[{"@type":"ReadAction","target":["https:\/\/www.mundoacuicola.cl\/new\/municipalidad-de-puerto-montt-y-aquachile-dan-inicio-a-la-ruta-del-salmon\/"]}]},{"@type":"ImageObject","inLanguage":"es","@id":"https:\/\/www.mundoacuicola.cl\/new\/municipalidad-de-puerto-montt-y-aquachile-dan-inicio-a-la-ruta-del-salmon\/#primaryimage","url":"https:\/\/www.mundoacuicola.cl\/new\/wp-content\/uploads\/2026\/03\/RutaDelSalmon1.jpeg","contentUrl":"https:\/\/www.mundoacuicola.cl\/new\/wp-content\/uploads\/2026\/03\/RutaDelSalmon1.jpeg","width":1170,"height":792},{"@type":"BreadcrumbList","@id":"https:\/\/www.mundoacuicola.cl\/new\/municipalidad-de-puerto-montt-y-aquachile-dan-inicio-a-la-ruta-del-salmon\/#breadcrumb","itemListElement":[{"@type":"ListItem","position":1,"name":"Portada","item":"https:\/\/www.mundoacuicola.cl\/new\/"},{"@type":"ListItem","position":2,"name":"Municipalidad de Puerto Montt y AquaChile dan inicio a la Ruta del Salm\u00f3n"}]},{"@type":"WebSite","@id":"https:\/\/www.mundoacuicola.cl\/new\/#website","url":"https:\/\/www.mundoacuicola.cl\/new\/","name":"Mundoacuicola","description":"Revista de Acuicultura.","publisher":{"@id":"https:\/\/www.mundoacuicola.cl\/new\/#organization"},"potentialAction":[{"@type":"SearchAction","target":{"@type":"EntryPoint","urlTemplate":"https:\/\/www.mundoacuicola.cl\/new\/?s={search_term_string}"},"query-input":{"@type":"PropertyValueSpecification","valueRequired":true,"valueName":"search_term_string"}}],"inLanguage":"es"},{"@type":"Organization","@id":"https:\/\/www.mundoacuicola.cl\/new\/#organization","name":"Mundoacuicola","url":"https:\/\/www.mundoacuicola.cl\/new\/","logo":{"@type":"ImageObject","inLanguage":"es","@id":"https:\/\/www.mundoacuicola.cl\/new\/#\/schema\/logo\/image\/","url":"https:\/\/www.mundoacuicola.cl\/new\/wp-content\/uploads\/2026\/01\/cropped-LOGO-Mundo-Acuicola-2026.png","contentUrl":"https:\/\/www.mundoacuicola.cl\/new\/wp-content\/uploads\/2026\/01\/cropped-LOGO-Mundo-Acuicola-2026.png","width":1252,"height":296,"caption":"Mundoacuicola"},"image":{"@id":"https:\/\/www.mundoacuicola.cl\/new\/#\/schema\/logo\/image\/"},"sameAs":["https:\/\/www.facebook.com\/mundo.acuicola\/","https:\/\/x.com\/mundoacuicola","https:\/\/www.linkedin.com\/in\/mundo-acuicola"]},{"@type":"Person","@id":"https:\/\/www.mundoacuicola.cl\/new\/#\/schema\/person\/52cfe7e461eb2d30484965350ee34bdd","name":"Ricardo Alvarez","url":"https:\/\/www.mundoacuicola.cl\/new\/author\/ricardo\/"}]}},"_links":{"self":[{"href":"https:\/\/www.mundoacuicola.cl\/new\/wp-json\/wp\/v2\/posts\/86794","targetHints":{"allow":["GET"]}}],"collection":[{"href":"https:\/\/www.mundoacuicola.cl\/new\/wp-json\/wp\/v2\/posts"}],"about":[{"href":"https:\/\/www.mundoacuicola.cl\/new\/wp-json\/wp\/v2\/types\/post"}],"author":[{"embeddable":true,"href":"https:\/\/www.mundoacuicola.cl\/new\/wp-json\/wp\/v2\/users\/8"}],"replies":[{"embeddable":true,"href":"https:\/\/www.mundoacuicola.cl\/new\/wp-json\/wp\/v2\/comments?post=86794"}],"version-history":[{"count":2,"href":"https:\/\/www.mundoacuicola.cl\/new\/wp-json\/wp\/v2\/posts\/86794\/revisions"}],"predecessor-version":[{"id":86797,"href":"https:\/\/www.mundoacuicola.cl\/new\/wp-json\/wp\/v2\/posts\/86794\/revisions\/86797"}],"wp:featuredmedia":[{"embeddable":true,"href":"https:\/\/www.mundoacuicola.cl\/new\/wp-json\/wp\/v2\/media\/86796"}],"wp:attachment":[{"href":"https:\/\/www.mundoacuicola.cl\/new\/wp-json\/wp\/v2\/media?parent=86794"}],"wp:term":[{"taxonomy":"category","embeddable":true,"href":"https:\/\/www.mundoacuicola.cl\/new\/wp-json\/wp\/v2\/categories?post=86794"},{"taxonomy":"post_tag","embeddable":true,"href":"https:\/\/www.mundoacuicola.cl\/new\/wp-json\/wp\/v2\/tags?post=86794"}],"curies":[{"name":"wp","href":"https:\/\/api.w.org\/{rel}","templated":true}]}}