{"id":86849,"date":"2026-03-16T03:00:23","date_gmt":"2026-03-16T07:00:23","guid":{"rendered":"https:\/\/www.mundoacuicola.cl\/new\/?p=86849"},"modified":"2026-03-17T11:38:59","modified_gmt":"2026-03-17T15:38:59","slug":"alcalde-de-puerto-montt-invita-a-participar-en-conmemoracion-de-los-50-anos-de-la-salmonicultura-organizada-por-mundo-acuicola","status":"publish","type":"post","link":"https:\/\/www.mundoacuicola.cl\/new\/alcalde-de-puerto-montt-invita-a-participar-en-conmemoracion-de-los-50-anos-de-la-salmonicultura-organizada-por-mundo-acuicola\/","title":{"rendered":"Alcalde de Puerto Montt invita a participar en conmemoraci\u00f3n de los 50 a\u00f1os de la salmonicultura"},"content":{"rendered":"<p data-start=\"267\" data-end=\"631\">A pocos meses de la conferencia que conmemorar\u00e1 los 50 a\u00f1os de la salmonicultura en Chile, el alcalde de Puerto Montt, Rodrigo Wainraihgt, extendi\u00f3 una invitaci\u00f3n a autoridades, representantes de la industria, acad\u00e9micos y a la comunidad vinculada al sector a participar en la jornada que se realizar\u00e1 el pr\u00f3ximo 28 de mayo en la capital regional de Los Lagos, en el Centro de Vinculaci\u00f3n Ciudad Puerto de Empormontt. Evento organizado por Mundo Acu\u00edcola.<\/p>\n<p data-start=\"633\" data-end=\"955\">El encuentro, organizado por Mundo Acu\u00edcola, reunir\u00e1 a l\u00edderes del sector p\u00fablico y privado, gremios, proveedores, investigadores y autoridades para reflexionar sobre la evoluci\u00f3n que ha experimentado la salmonicultura en las \u00faltimas cinco d\u00e9cadas y proyectar los desaf\u00edos que marcar\u00e1n el futuro de la acuicultura chilena.<\/p>\n<p data-start=\"957\" data-end=\"1240\">La actividad forma parte del programa Salmon Meets, instancia que adem\u00e1s contempla reconocimientos a personas, instituciones y proyectos que han contribuido al desarrollo de la industria, junto con espacios de di\u00e1logo sobre innovaci\u00f3n, sostenibilidad y competitividad del sector.<\/p>\n<p data-start=\"1242\" data-end=\"1445\">En ese contexto, el alcalde Wainraihgt destac\u00f3 el rol hist\u00f3rico que ha tenido Puerto Montt en el desarrollo de la salmonicultura nacional y su impacto en el crecimiento econ\u00f3mico y social del territorio.<\/p>\n<p data-start=\"1447\" data-end=\"1710\">\u201cPuerto Montt es la capital del salm\u00f3n de Chile y desde ac\u00e1 los quiero invitar a conmemorar estos 50 a\u00f1os de la salmonicultura en nuestro pa\u00eds\u201d, se\u00f1al\u00f3 la autoridad comunal, subrayando que la actividad ha sido clave para el desarrollo productivo del sur del pa\u00eds.<\/p>\n<p data-start=\"1712\" data-end=\"1880\">El jefe comunal enfatiz\u00f3 que la industria ha tenido un papel determinante en la generaci\u00f3n de empleo y oportunidades para miles de familias en la ciudad y en la regi\u00f3n.<\/p>\n<p data-start=\"1882\" data-end=\"2096\">\u201cEs una industria que ha sido sumamente importante para el desarrollo econ\u00f3mico de nuestra ciudad, de nuestra regi\u00f3n y de nuestro pa\u00eds, pero tambi\u00e9n para la generaci\u00f3n y creaci\u00f3n de m\u00e1s fuentes de trabajo\u201d, afirm\u00f3.<\/p>\n<p data-start=\"2098\" data-end=\"2332\">Asimismo, el alcalde relev\u00f3 que, m\u00e1s all\u00e1 de su impacto productivo, la salmonicultura se ha consolidado como un actor relevante en \u00e1mbitos como la investigaci\u00f3n cient\u00edfica, la innovaci\u00f3n tecnol\u00f3gica y la transferencia de conocimiento.<\/p>\n<p data-start=\"2334\" data-end=\"2437\">\u201cHoy en d\u00eda tambi\u00e9n es un actor clave en lo que es la innovaci\u00f3n, la ciencia y la tecnolog\u00eda\u201d, sostuvo.<\/p>\n<p data-start=\"2439\" data-end=\"2746\">En esa l\u00ednea, Wainraihgt plante\u00f3 la importancia de continuar fortaleciendo el trabajo conjunto entre los distintos actores vinculados al desarrollo del sector, destacando el modelo de colaboraci\u00f3n conocido como la \u201ccu\u00e1druple h\u00e9lice\u201d, que articula al sector p\u00fablico, privado, la academia y la sociedad civil.<\/p>\n<p data-start=\"2748\" data-end=\"2993\">\u201cEsperamos seguir trabajando de la mano dentro de esta cu\u00e1druple h\u00e9lice que vincula al mundo p\u00fablico, al mundo privado, a la academia y a la sociedad civil, para seguir construyendo una ciudad m\u00e1s sustentable y sostenible en el tiempo\u201d, expres\u00f3.<\/p>\n<p data-start=\"2995\" data-end=\"3224\">La conferencia se enmarca en las actividades de conmemoraci\u00f3n del medio siglo de producci\u00f3n salmonera en Chile, industria que hoy posiciona al pa\u00eds como uno de los principales productores y exportadores de salm\u00f3n a nivel mundial.<\/p>\n<p data-start=\"3226\" data-end=\"3498\">En particular, la Regi\u00f3n de Los Lagos -y Puerto Montt como su capital regional- se ha consolidado como el principal n\u00facleo de la actividad salmonicultora en el pa\u00eds, concentrando gran parte de las empresas productoras, plantas de proceso y proveedores asociados al sector.<\/p>\n<p data-start=\"3500\" data-end=\"3614\">Para m\u00e1s informaci\u00f3n sobre el evento e inscripciones, ingrese en:<br data-start=\"3565\" data-end=\"3568\" \/><a class=\"decorated-link\" href=\"https:\/\/www.mundoacuicola.cl\/new\/salmon-meets\/\" target=\"_new\" rel=\"noopener\" data-start=\"3568\" data-end=\"3614\">https:\/\/www.mundoacuicola.cl\/new\/salmon-meets\/<\/a><\/p>\n<blockquote class=\"instagram-media\" style=\"background: #FFF; border: 0; border-radius: 3px; box-shadow: 0 0 1px 0 rgba(0,0,0,0.5),0 1px 10px 0 rgba(0,0,0,0.15); margin: 1px; max-width: 540px; min-width: 326px; padding: 0; width: calc(100% - 2px);\" data-instgrm-captioned=\"\" data-instgrm-permalink=\"https:\/\/www.instagram.com\/reel\/DV8fPR0jizg\/?utm_source=ig_embed&amp;utm_campaign=loading\" data-instgrm-version=\"14\">\n<div style=\"padding: 16px;\">\n<p>&nbsp;<\/p>\n<div style=\"display: flex; flex-direction: row; align-items: center;\">\n<div style=\"background-color: #f4f4f4; border-radius: 50%; flex-grow: 0; height: 40px; margin-right: 14px; width: 40px;\"><\/div>\n<div style=\"display: flex; flex-direction: column; flex-grow: 1; justify-content: center;\">\n<div style=\"background-color: #f4f4f4; border-radius: 4px; flex-grow: 0; height: 14px; margin-bottom: 6px; width: 100px;\"><\/div>\n<div style=\"background-color: #f4f4f4; border-radius: 4px; flex-grow: 0; height: 14px; width: 60px;\"><\/div>\n<\/div>\n<\/div>\n<div style=\"padding: 19% 0;\"><\/div>\n<div style=\"display: block; height: 50px; margin: 0 auto 12px; width: 50px;\"><\/div>\n<div style=\"padding-top: 8px;\">\n<div style=\"color: #3897f0; font-family: Arial,sans-serif; font-size: 14px; font-style: normal; font-weight: 550; line-height: 18px;\">Ver esta publicaci\u00f3n en Instagram<\/div>\n<\/div>\n<div style=\"padding: 12.5% 0;\"><\/div>\n<div style=\"display: flex; flex-direction: row; margin-bottom: 14px; align-items: center;\">\n<div>\n<div style=\"background-color: #f4f4f4; border-radius: 50%; height: 12.5px; width: 12.5px; transform: translateX(0px) translateY(7px);\"><\/div>\n<div style=\"background-color: #f4f4f4; height: 12.5px; transform: rotate(-45deg) translateX(3px) translateY(1px); width: 12.5px; flex-grow: 0; margin-right: 14px; margin-left: 2px;\"><\/div>\n<div style=\"background-color: #f4f4f4; border-radius: 50%; height: 12.5px; width: 12.5px; transform: translateX(9px) translateY(-18px);\"><\/div>\n<\/div>\n<div style=\"margin-left: 8px;\">\n<div style=\"background-color: #f4f4f4; border-radius: 50%; flex-grow: 0; height: 20px; width: 20px;\"><\/div>\n<div style=\"width: 0; height: 0; border-top: 2px solid transparent; border-left: 6px solid #f4f4f4; border-bottom: 2px solid transparent; transform: translateX(16px) translateY(-4px) rotate(30deg);\"><\/div>\n<\/div>\n<div style=\"margin-left: auto;\">\n<div style=\"width: 0px; border-top: 8px solid #F4F4F4; border-right: 8px solid transparent; transform: translateY(16px);\"><\/div>\n<div style=\"background-color: #f4f4f4; flex-grow: 0; height: 12px; width: 16px; transform: translateY(-4px);\"><\/div>\n<div style=\"width: 0; height: 0; border-top: 8px solid #F4F4F4; border-left: 8px solid transparent; transform: translateY(-4px) translateX(8px);\"><\/div>\n<\/div>\n<\/div>\n<div style=\"display: flex; flex-direction: column; flex-grow: 1; justify-content: center; margin-bottom: 24px;\">\n<div style=\"background-color: #f4f4f4; border-radius: 4px; flex-grow: 0; height: 14px; margin-bottom: 6px; width: 224px;\"><\/div>\n<div style=\"background-color: #f4f4f4; border-radius: 4px; flex-grow: 0; height: 14px; width: 144px;\"><\/div>\n<\/div>\n<p>&nbsp;<\/p>\n<p style=\"color: #c9c8cd; font-family: Arial,sans-serif; font-size: 14px; line-height: 17px; margin-bottom: 0; margin-top: 8px; overflow: hidden; padding: 8px 0 7px; text-align: center; text-overflow: ellipsis; white-space: nowrap;\"><a style=\"color: #c9c8cd; font-family: Arial,sans-serif; font-size: 14px; font-style: normal; font-weight: normal; line-height: 17px; text-decoration: none;\" href=\"https:\/\/www.instagram.com\/reel\/DV8fPR0jizg\/?utm_source=ig_embed&amp;utm_campaign=loading\" target=\"_blank\" rel=\"noopener\">Una publicaci\u00f3n compartida por Mundo Acu\u00edcola (@mundoacuicola)<\/a><\/p>\n<\/div>\n<\/blockquote>\n<p><script async src=\"\/\/www.instagram.com\/embed.js\"><\/script><\/p>\n","protected":false},"excerpt":{"rendered":"<p>El encuentro, organizado por Mundo Acu\u00edcola, reunir\u00e1 a l\u00edderes del sector p\u00fablico y privado, gremios, proveedores, investigadores y autoridades.<\/p>\n","protected":false},"author":8,"featured_media":86850,"comment_status":"closed","ping_status":"closed","sticky":false,"template":"","format":"standard","meta":{"footnotes":""},"categories":[60],"tags":[143,903,26876,23924,184,29106,197],"class_list":["post-86849","post","type-post","status-publish","format-standard","has-post-thumbnail","hentry","category-salmonicultura","tag-acuicultura","tag-empormontt","tag-jose-antonio-kast","tag-rodrigo-wainraihgt","tag-salmon","tag-salmon-meets","tag-salmonicultura"],"yoast_head":"<!-- This site is optimized with the Yoast SEO plugin v27.5 - https:\/\/yoast.com\/product\/yoast-seo-wordpress\/ -->\n<title>Alcalde de Puerto Montt invita a participar en conmemoraci\u00f3n de los 50 a\u00f1os de la salmonicultura - Mundoacuicola<\/title>\n<meta name=\"description\" content=\"El encuentro, organizado por Mundo Acu\u00edcola, reunir\u00e1 a l\u00edderes del sector p\u00fablico, privado, la academia y comunidades.\" \/>\n<meta name=\"robots\" content=\"index, follow, max-snippet:-1, max-image-preview:large, max-video-preview:-1\" \/>\n<link rel=\"canonical\" href=\"https:\/\/www.mundoacuicola.cl\/new\/alcalde-de-puerto-montt-invita-a-participar-en-conmemoracion-de-los-50-anos-de-la-salmonicultura-organizada-por-mundo-acuicola\/\" \/>\n<meta property=\"og:locale\" content=\"es_ES\" \/>\n<meta property=\"og:type\" content=\"article\" \/>\n<meta property=\"og:title\" content=\"Alcalde de Puerto Montt invita a participar en conmemoraci\u00f3n de los 50 a\u00f1os de la salmonicultura - Mundoacuicola\" \/>\n<meta property=\"og:description\" content=\"El encuentro, organizado por Mundo Acu\u00edcola, reunir\u00e1 a l\u00edderes del sector p\u00fablico, privado, la academia y comunidades.\" \/>\n<meta property=\"og:url\" content=\"https:\/\/www.mundoacuicola.cl\/new\/alcalde-de-puerto-montt-invita-a-participar-en-conmemoracion-de-los-50-anos-de-la-salmonicultura-organizada-por-mundo-acuicola\/\" \/>\n<meta property=\"og:site_name\" content=\"Mundoacuicola\" \/>\n<meta property=\"article:publisher\" content=\"https:\/\/www.facebook.com\/mundo.acuicola\/\" \/>\n<meta property=\"article:published_time\" content=\"2026-03-16T07:00:23+00:00\" \/>\n<meta property=\"article:modified_time\" content=\"2026-03-17T15:38:59+00:00\" \/>\n<meta property=\"og:image\" content=\"https:\/\/www.mundoacuicola.cl\/new\/wp-content\/uploads\/2026\/03\/RodrigoWainraihgtSalmonmeets2.jpeg\" \/>\n\t<meta property=\"og:image:width\" content=\"1600\" \/>\n\t<meta property=\"og:image:height\" content=\"1066\" \/>\n\t<meta property=\"og:image:type\" content=\"image\/jpeg\" \/>\n<meta name=\"author\" content=\"Ricardo Alvarez\" \/>\n<meta name=\"twitter:card\" content=\"summary_large_image\" \/>\n<meta name=\"twitter:creator\" content=\"@mundoacuicola\" \/>\n<meta name=\"twitter:site\" content=\"@mundoacuicola\" \/>\n<meta name=\"twitter:label1\" content=\"Escrito por\" \/>\n\t<meta name=\"twitter:data1\" content=\"Ricardo Alvarez\" \/>\n\t<meta name=\"twitter:label2\" content=\"Tiempo de lectura\" \/>\n\t<meta name=\"twitter:data2\" content=\"3 minutos\" \/>\n<script type=\"application\/ld+json\" class=\"yoast-schema-graph\">{\"@context\":\"https:\\\/\\\/schema.org\",\"@graph\":[{\"@type\":\"Article\",\"@id\":\"https:\\\/\\\/www.mundoacuicola.cl\\\/new\\\/alcalde-de-puerto-montt-invita-a-participar-en-conmemoracion-de-los-50-anos-de-la-salmonicultura-organizada-por-mundo-acuicola\\\/#article\",\"isPartOf\":{\"@id\":\"https:\\\/\\\/www.mundoacuicola.cl\\\/new\\\/alcalde-de-puerto-montt-invita-a-participar-en-conmemoracion-de-los-50-anos-de-la-salmonicultura-organizada-por-mundo-acuicola\\\/\"},\"author\":{\"name\":\"Ricardo Alvarez\",\"@id\":\"https:\\\/\\\/www.mundoacuicola.cl\\\/new\\\/#\\\/schema\\\/person\\\/52cfe7e461eb2d30484965350ee34bdd\"},\"headline\":\"Alcalde de Puerto Montt invita a participar en conmemoraci\u00f3n de los 50 a\u00f1os de la salmonicultura\",\"datePublished\":\"2026-03-16T07:00:23+00:00\",\"dateModified\":\"2026-03-17T15:38:59+00:00\",\"mainEntityOfPage\":{\"@id\":\"https:\\\/\\\/www.mundoacuicola.cl\\\/new\\\/alcalde-de-puerto-montt-invita-a-participar-en-conmemoracion-de-los-50-anos-de-la-salmonicultura-organizada-por-mundo-acuicola\\\/\"},\"wordCount\":624,\"publisher\":{\"@id\":\"https:\\\/\\\/www.mundoacuicola.cl\\\/new\\\/#organization\"},\"image\":{\"@id\":\"https:\\\/\\\/www.mundoacuicola.cl\\\/new\\\/alcalde-de-puerto-montt-invita-a-participar-en-conmemoracion-de-los-50-anos-de-la-salmonicultura-organizada-por-mundo-acuicola\\\/#primaryimage\"},\"thumbnailUrl\":\"https:\\\/\\\/www.mundoacuicola.cl\\\/new\\\/wp-content\\\/uploads\\\/2026\\\/03\\\/RodrigoWainraihgtSalmonmeets2.jpeg\",\"keywords\":[\"Acuicultura\",\"Empormontt\",\"Jos\u00e9 Antonio Kast\",\"Rodrigo Wainraihgt\",\"Salm\u00f3n\",\"salmon meets\",\"salmonicultura\"],\"articleSection\":[\"Salmonicultura\"],\"inLanguage\":\"es\"},{\"@type\":\"WebPage\",\"@id\":\"https:\\\/\\\/www.mundoacuicola.cl\\\/new\\\/alcalde-de-puerto-montt-invita-a-participar-en-conmemoracion-de-los-50-anos-de-la-salmonicultura-organizada-por-mundo-acuicola\\\/\",\"url\":\"https:\\\/\\\/www.mundoacuicola.cl\\\/new\\\/alcalde-de-puerto-montt-invita-a-participar-en-conmemoracion-de-los-50-anos-de-la-salmonicultura-organizada-por-mundo-acuicola\\\/\",\"name\":\"Alcalde de Puerto Montt invita a participar en conmemoraci\u00f3n de los 50 a\u00f1os de la salmonicultura - Mundoacuicola\",\"isPartOf\":{\"@id\":\"https:\\\/\\\/www.mundoacuicola.cl\\\/new\\\/#website\"},\"primaryImageOfPage\":{\"@id\":\"https:\\\/\\\/www.mundoacuicola.cl\\\/new\\\/alcalde-de-puerto-montt-invita-a-participar-en-conmemoracion-de-los-50-anos-de-la-salmonicultura-organizada-por-mundo-acuicola\\\/#primaryimage\"},\"image\":{\"@id\":\"https:\\\/\\\/www.mundoacuicola.cl\\\/new\\\/alcalde-de-puerto-montt-invita-a-participar-en-conmemoracion-de-los-50-anos-de-la-salmonicultura-organizada-por-mundo-acuicola\\\/#primaryimage\"},\"thumbnailUrl\":\"https:\\\/\\\/www.mundoacuicola.cl\\\/new\\\/wp-content\\\/uploads\\\/2026\\\/03\\\/RodrigoWainraihgtSalmonmeets2.jpeg\",\"datePublished\":\"2026-03-16T07:00:23+00:00\",\"dateModified\":\"2026-03-17T15:38:59+00:00\",\"description\":\"El encuentro, organizado por Mundo Acu\u00edcola, reunir\u00e1 a l\u00edderes del sector p\u00fablico, privado, la academia y comunidades.\",\"breadcrumb\":{\"@id\":\"https:\\\/\\\/www.mundoacuicola.cl\\\/new\\\/alcalde-de-puerto-montt-invita-a-participar-en-conmemoracion-de-los-50-anos-de-la-salmonicultura-organizada-por-mundo-acuicola\\\/#breadcrumb\"},\"inLanguage\":\"es\",\"potentialAction\":[{\"@type\":\"ReadAction\",\"target\":[\"https:\\\/\\\/www.mundoacuicola.cl\\\/new\\\/alcalde-de-puerto-montt-invita-a-participar-en-conmemoracion-de-los-50-anos-de-la-salmonicultura-organizada-por-mundo-acuicola\\\/\"]}]},{\"@type\":\"ImageObject\",\"inLanguage\":\"es\",\"@id\":\"https:\\\/\\\/www.mundoacuicola.cl\\\/new\\\/alcalde-de-puerto-montt-invita-a-participar-en-conmemoracion-de-los-50-anos-de-la-salmonicultura-organizada-por-mundo-acuicola\\\/#primaryimage\",\"url\":\"https:\\\/\\\/www.mundoacuicola.cl\\\/new\\\/wp-content\\\/uploads\\\/2026\\\/03\\\/RodrigoWainraihgtSalmonmeets2.jpeg\",\"contentUrl\":\"https:\\\/\\\/www.mundoacuicola.cl\\\/new\\\/wp-content\\\/uploads\\\/2026\\\/03\\\/RodrigoWainraihgtSalmonmeets2.jpeg\",\"width\":1600,\"height\":1066},{\"@type\":\"BreadcrumbList\",\"@id\":\"https:\\\/\\\/www.mundoacuicola.cl\\\/new\\\/alcalde-de-puerto-montt-invita-a-participar-en-conmemoracion-de-los-50-anos-de-la-salmonicultura-organizada-por-mundo-acuicola\\\/#breadcrumb\",\"itemListElement\":[{\"@type\":\"ListItem\",\"position\":1,\"name\":\"Portada\",\"item\":\"https:\\\/\\\/www.mundoacuicola.cl\\\/new\\\/\"},{\"@type\":\"ListItem\",\"position\":2,\"name\":\"Alcalde de Puerto Montt invita a participar en conmemoraci\u00f3n de los 50 a\u00f1os de la salmonicultura\"}]},{\"@type\":\"WebSite\",\"@id\":\"https:\\\/\\\/www.mundoacuicola.cl\\\/new\\\/#website\",\"url\":\"https:\\\/\\\/www.mundoacuicola.cl\\\/new\\\/\",\"name\":\"Mundoacuicola\",\"description\":\"Revista de Acuicultura.\",\"publisher\":{\"@id\":\"https:\\\/\\\/www.mundoacuicola.cl\\\/new\\\/#organization\"},\"potentialAction\":[{\"@type\":\"SearchAction\",\"target\":{\"@type\":\"EntryPoint\",\"urlTemplate\":\"https:\\\/\\\/www.mundoacuicola.cl\\\/new\\\/?s={search_term_string}\"},\"query-input\":{\"@type\":\"PropertyValueSpecification\",\"valueRequired\":true,\"valueName\":\"search_term_string\"}}],\"inLanguage\":\"es\"},{\"@type\":\"Organization\",\"@id\":\"https:\\\/\\\/www.mundoacuicola.cl\\\/new\\\/#organization\",\"name\":\"Mundoacuicola\",\"url\":\"https:\\\/\\\/www.mundoacuicola.cl\\\/new\\\/\",\"logo\":{\"@type\":\"ImageObject\",\"inLanguage\":\"es\",\"@id\":\"https:\\\/\\\/www.mundoacuicola.cl\\\/new\\\/#\\\/schema\\\/logo\\\/image\\\/\",\"url\":\"https:\\\/\\\/www.mundoacuicola.cl\\\/new\\\/wp-content\\\/uploads\\\/2026\\\/01\\\/cropped-LOGO-Mundo-Acuicola-2026.png\",\"contentUrl\":\"https:\\\/\\\/www.mundoacuicola.cl\\\/new\\\/wp-content\\\/uploads\\\/2026\\\/01\\\/cropped-LOGO-Mundo-Acuicola-2026.png\",\"width\":1252,\"height\":296,\"caption\":\"Mundoacuicola\"},\"image\":{\"@id\":\"https:\\\/\\\/www.mundoacuicola.cl\\\/new\\\/#\\\/schema\\\/logo\\\/image\\\/\"},\"sameAs\":[\"https:\\\/\\\/www.facebook.com\\\/mundo.acuicola\\\/\",\"https:\\\/\\\/x.com\\\/mundoacuicola\",\"https:\\\/\\\/www.linkedin.com\\\/in\\\/mundo-acuicola\"]},{\"@type\":\"Person\",\"@id\":\"https:\\\/\\\/www.mundoacuicola.cl\\\/new\\\/#\\\/schema\\\/person\\\/52cfe7e461eb2d30484965350ee34bdd\",\"name\":\"Ricardo Alvarez\",\"url\":\"https:\\\/\\\/www.mundoacuicola.cl\\\/new\\\/author\\\/ricardo\\\/\"}]}<\/script>\n<!-- \/ Yoast SEO plugin. -->","yoast_head_json":{"title":"Alcalde de Puerto Montt invita a participar en conmemoraci\u00f3n de los 50 a\u00f1os de la salmonicultura - Mundoacuicola","description":"El encuentro, organizado por Mundo Acu\u00edcola, reunir\u00e1 a l\u00edderes del sector p\u00fablico, privado, la academia y comunidades.","robots":{"index":"index","follow":"follow","max-snippet":"max-snippet:-1","max-image-preview":"max-image-preview:large","max-video-preview":"max-video-preview:-1"},"canonical":"https:\/\/www.mundoacuicola.cl\/new\/alcalde-de-puerto-montt-invita-a-participar-en-conmemoracion-de-los-50-anos-de-la-salmonicultura-organizada-por-mundo-acuicola\/","og_locale":"es_ES","og_type":"article","og_title":"Alcalde de Puerto Montt invita a participar en conmemoraci\u00f3n de los 50 a\u00f1os de la salmonicultura - Mundoacuicola","og_description":"El encuentro, organizado por Mundo Acu\u00edcola, reunir\u00e1 a l\u00edderes del sector p\u00fablico, privado, la academia y comunidades.","og_url":"https:\/\/www.mundoacuicola.cl\/new\/alcalde-de-puerto-montt-invita-a-participar-en-conmemoracion-de-los-50-anos-de-la-salmonicultura-organizada-por-mundo-acuicola\/","og_site_name":"Mundoacuicola","article_publisher":"https:\/\/www.facebook.com\/mundo.acuicola\/","article_published_time":"2026-03-16T07:00:23+00:00","article_modified_time":"2026-03-17T15:38:59+00:00","og_image":[{"width":1600,"height":1066,"url":"https:\/\/www.mundoacuicola.cl\/new\/wp-content\/uploads\/2026\/03\/RodrigoWainraihgtSalmonmeets2.jpeg","type":"image\/jpeg"}],"author":"Ricardo Alvarez","twitter_card":"summary_large_image","twitter_creator":"@mundoacuicola","twitter_site":"@mundoacuicola","twitter_misc":{"Escrito por":"Ricardo Alvarez","Tiempo de lectura":"3 minutos"},"schema":{"@context":"https:\/\/schema.org","@graph":[{"@type":"Article","@id":"https:\/\/www.mundoacuicola.cl\/new\/alcalde-de-puerto-montt-invita-a-participar-en-conmemoracion-de-los-50-anos-de-la-salmonicultura-organizada-por-mundo-acuicola\/#article","isPartOf":{"@id":"https:\/\/www.mundoacuicola.cl\/new\/alcalde-de-puerto-montt-invita-a-participar-en-conmemoracion-de-los-50-anos-de-la-salmonicultura-organizada-por-mundo-acuicola\/"},"author":{"name":"Ricardo Alvarez","@id":"https:\/\/www.mundoacuicola.cl\/new\/#\/schema\/person\/52cfe7e461eb2d30484965350ee34bdd"},"headline":"Alcalde de Puerto Montt invita a participar en conmemoraci\u00f3n de los 50 a\u00f1os de la salmonicultura","datePublished":"2026-03-16T07:00:23+00:00","dateModified":"2026-03-17T15:38:59+00:00","mainEntityOfPage":{"@id":"https:\/\/www.mundoacuicola.cl\/new\/alcalde-de-puerto-montt-invita-a-participar-en-conmemoracion-de-los-50-anos-de-la-salmonicultura-organizada-por-mundo-acuicola\/"},"wordCount":624,"publisher":{"@id":"https:\/\/www.mundoacuicola.cl\/new\/#organization"},"image":{"@id":"https:\/\/www.mundoacuicola.cl\/new\/alcalde-de-puerto-montt-invita-a-participar-en-conmemoracion-de-los-50-anos-de-la-salmonicultura-organizada-por-mundo-acuicola\/#primaryimage"},"thumbnailUrl":"https:\/\/www.mundoacuicola.cl\/new\/wp-content\/uploads\/2026\/03\/RodrigoWainraihgtSalmonmeets2.jpeg","keywords":["Acuicultura","Empormontt","Jos\u00e9 Antonio Kast","Rodrigo Wainraihgt","Salm\u00f3n","salmon meets","salmonicultura"],"articleSection":["Salmonicultura"],"inLanguage":"es"},{"@type":"WebPage","@id":"https:\/\/www.mundoacuicola.cl\/new\/alcalde-de-puerto-montt-invita-a-participar-en-conmemoracion-de-los-50-anos-de-la-salmonicultura-organizada-por-mundo-acuicola\/","url":"https:\/\/www.mundoacuicola.cl\/new\/alcalde-de-puerto-montt-invita-a-participar-en-conmemoracion-de-los-50-anos-de-la-salmonicultura-organizada-por-mundo-acuicola\/","name":"Alcalde de Puerto Montt invita a participar en conmemoraci\u00f3n de los 50 a\u00f1os de la salmonicultura - Mundoacuicola","isPartOf":{"@id":"https:\/\/www.mundoacuicola.cl\/new\/#website"},"primaryImageOfPage":{"@id":"https:\/\/www.mundoacuicola.cl\/new\/alcalde-de-puerto-montt-invita-a-participar-en-conmemoracion-de-los-50-anos-de-la-salmonicultura-organizada-por-mundo-acuicola\/#primaryimage"},"image":{"@id":"https:\/\/www.mundoacuicola.cl\/new\/alcalde-de-puerto-montt-invita-a-participar-en-conmemoracion-de-los-50-anos-de-la-salmonicultura-organizada-por-mundo-acuicola\/#primaryimage"},"thumbnailUrl":"https:\/\/www.mundoacuicola.cl\/new\/wp-content\/uploads\/2026\/03\/RodrigoWainraihgtSalmonmeets2.jpeg","datePublished":"2026-03-16T07:00:23+00:00","dateModified":"2026-03-17T15:38:59+00:00","description":"El encuentro, organizado por Mundo Acu\u00edcola, reunir\u00e1 a l\u00edderes del sector p\u00fablico, privado, la academia y comunidades.","breadcrumb":{"@id":"https:\/\/www.mundoacuicola.cl\/new\/alcalde-de-puerto-montt-invita-a-participar-en-conmemoracion-de-los-50-anos-de-la-salmonicultura-organizada-por-mundo-acuicola\/#breadcrumb"},"inLanguage":"es","potentialAction":[{"@type":"ReadAction","target":["https:\/\/www.mundoacuicola.cl\/new\/alcalde-de-puerto-montt-invita-a-participar-en-conmemoracion-de-los-50-anos-de-la-salmonicultura-organizada-por-mundo-acuicola\/"]}]},{"@type":"ImageObject","inLanguage":"es","@id":"https:\/\/www.mundoacuicola.cl\/new\/alcalde-de-puerto-montt-invita-a-participar-en-conmemoracion-de-los-50-anos-de-la-salmonicultura-organizada-por-mundo-acuicola\/#primaryimage","url":"https:\/\/www.mundoacuicola.cl\/new\/wp-content\/uploads\/2026\/03\/RodrigoWainraihgtSalmonmeets2.jpeg","contentUrl":"https:\/\/www.mundoacuicola.cl\/new\/wp-content\/uploads\/2026\/03\/RodrigoWainraihgtSalmonmeets2.jpeg","width":1600,"height":1066},{"@type":"BreadcrumbList","@id":"https:\/\/www.mundoacuicola.cl\/new\/alcalde-de-puerto-montt-invita-a-participar-en-conmemoracion-de-los-50-anos-de-la-salmonicultura-organizada-por-mundo-acuicola\/#breadcrumb","itemListElement":[{"@type":"ListItem","position":1,"name":"Portada","item":"https:\/\/www.mundoacuicola.cl\/new\/"},{"@type":"ListItem","position":2,"name":"Alcalde de Puerto Montt invita a participar en conmemoraci\u00f3n de los 50 a\u00f1os de la salmonicultura"}]},{"@type":"WebSite","@id":"https:\/\/www.mundoacuicola.cl\/new\/#website","url":"https:\/\/www.mundoacuicola.cl\/new\/","name":"Mundoacuicola","description":"Revista de Acuicultura.","publisher":{"@id":"https:\/\/www.mundoacuicola.cl\/new\/#organization"},"potentialAction":[{"@type":"SearchAction","target":{"@type":"EntryPoint","urlTemplate":"https:\/\/www.mundoacuicola.cl\/new\/?s={search_term_string}"},"query-input":{"@type":"PropertyValueSpecification","valueRequired":true,"valueName":"search_term_string"}}],"inLanguage":"es"},{"@type":"Organization","@id":"https:\/\/www.mundoacuicola.cl\/new\/#organization","name":"Mundoacuicola","url":"https:\/\/www.mundoacuicola.cl\/new\/","logo":{"@type":"ImageObject","inLanguage":"es","@id":"https:\/\/www.mundoacuicola.cl\/new\/#\/schema\/logo\/image\/","url":"https:\/\/www.mundoacuicola.cl\/new\/wp-content\/uploads\/2026\/01\/cropped-LOGO-Mundo-Acuicola-2026.png","contentUrl":"https:\/\/www.mundoacuicola.cl\/new\/wp-content\/uploads\/2026\/01\/cropped-LOGO-Mundo-Acuicola-2026.png","width":1252,"height":296,"caption":"Mundoacuicola"},"image":{"@id":"https:\/\/www.mundoacuicola.cl\/new\/#\/schema\/logo\/image\/"},"sameAs":["https:\/\/www.facebook.com\/mundo.acuicola\/","https:\/\/x.com\/mundoacuicola","https:\/\/www.linkedin.com\/in\/mundo-acuicola"]},{"@type":"Person","@id":"https:\/\/www.mundoacuicola.cl\/new\/#\/schema\/person\/52cfe7e461eb2d30484965350ee34bdd","name":"Ricardo Alvarez","url":"https:\/\/www.mundoacuicola.cl\/new\/author\/ricardo\/"}]}},"_links":{"self":[{"href":"https:\/\/www.mundoacuicola.cl\/new\/wp-json\/wp\/v2\/posts\/86849","targetHints":{"allow":["GET"]}}],"collection":[{"href":"https:\/\/www.mundoacuicola.cl\/new\/wp-json\/wp\/v2\/posts"}],"about":[{"href":"https:\/\/www.mundoacuicola.cl\/new\/wp-json\/wp\/v2\/types\/post"}],"author":[{"embeddable":true,"href":"https:\/\/www.mundoacuicola.cl\/new\/wp-json\/wp\/v2\/users\/8"}],"replies":[{"embeddable":true,"href":"https:\/\/www.mundoacuicola.cl\/new\/wp-json\/wp\/v2\/comments?post=86849"}],"version-history":[{"count":7,"href":"https:\/\/www.mundoacuicola.cl\/new\/wp-json\/wp\/v2\/posts\/86849\/revisions"}],"predecessor-version":[{"id":86860,"href":"https:\/\/www.mundoacuicola.cl\/new\/wp-json\/wp\/v2\/posts\/86849\/revisions\/86860"}],"wp:featuredmedia":[{"embeddable":true,"href":"https:\/\/www.mundoacuicola.cl\/new\/wp-json\/wp\/v2\/media\/86850"}],"wp:attachment":[{"href":"https:\/\/www.mundoacuicola.cl\/new\/wp-json\/wp\/v2\/media?parent=86849"}],"wp:term":[{"taxonomy":"category","embeddable":true,"href":"https:\/\/www.mundoacuicola.cl\/new\/wp-json\/wp\/v2\/categories?post=86849"},{"taxonomy":"post_tag","embeddable":true,"href":"https:\/\/www.mundoacuicola.cl\/new\/wp-json\/wp\/v2\/tags?post=86849"}],"curies":[{"name":"wp","href":"https:\/\/api.w.org\/{rel}","templated":true}]}}