{"id":86877,"date":"2026-03-16T11:41:26","date_gmt":"2026-03-16T15:41:26","guid":{"rendered":"https:\/\/www.mundoacuicola.cl\/new\/?p=86877"},"modified":"2026-03-17T11:33:56","modified_gmt":"2026-03-17T15:33:56","slug":"industria-salmonera-de-magallanes-alerta-por-gobernanza-del-parque-kawesqar","status":"publish","type":"post","link":"https:\/\/www.mundoacuicola.cl\/new\/industria-salmonera-de-magallanes-alerta-por-gobernanza-del-parque-kawesqar\/","title":{"rendered":"Industria salmonera de Magallanes alerta por gobernanza del Parque Kaw\u00e9sqar"},"content":{"rendered":"<p data-start=\"167\" data-end=\"518\">Tras la formalizaci\u00f3n del Plan de Manejo del Parque Nacional Kaw\u00e9sqar, mediante la Resoluci\u00f3n N\u00ba313 de la Corporaci\u00f3n Nacional Forestal (Conaf), la industria salmonera manifest\u00f3 una mezcla de cautela y preocupaci\u00f3n respecto de los alcances que podr\u00eda tener el nuevo instrumento para la administraci\u00f3n del territorio en la Regi\u00f3n de Magallanes.<\/p>\n<p data-start=\"520\" data-end=\"840\">Aunque desde el sector reconocen que el plan se refiere a un \u00e1rea protegida terrestre, por lo que no afectar\u00eda directamente a la salmonicultura en el corto o mediano plazo, advierten que el modelo de gobernanza establecido podr\u00eda generar precedentes para la gesti\u00f3n futura de otras \u00e1reas protegidas de la regi\u00f3n, seg\u00fan report\u00f3 el medio local <strong>La Prensa Austral<\/strong>.<\/p>\n<p data-start=\"842\" data-end=\"1119\">La gerente general de la Asociaci\u00f3n de Salmonicultores de Magallanes, Francisca Rojas Philippi, abord\u00f3 el tema en declaraciones al medio regional <strong><em data-start=\"996\" data-end=\"1015\">La Prensa Austral<\/em><\/strong>, donde sostuvo que el proceso abre interrogantes sobre la forma en que se administrar\u00e1n estos espacios. \u201cNos preocupa la forma de trabajo o de gobernanza que va a haber hacia las distintas \u00e1reas protegidas\u201d, se\u00f1al\u00f3 Rojas.<\/p>\n<p data-start=\"1240\" data-end=\"1578\">Uno de los aspectos que genera mayor inquietud en el gremio es la creaci\u00f3n de un consejo de gesti\u00f3n con facultades vinculantes, integrado por representantes del Estado y comunidades ind\u00edgenas. Desde la industria se cuestiona si este mecanismo es el adecuado para adoptar decisiones sobre territorios que consideran de inter\u00e9s p\u00fablico.<\/p>\n<p data-start=\"1580\" data-end=\"1981\">Entre las dudas planteadas por el sector figura la posibilidad de que decisiones relacionadas con investigaci\u00f3n cient\u00edfica, sobrevuelos o incluso operaciones vinculadas a rescates o incendios queden sujetas a la aprobaci\u00f3n de este consejo. Tambi\u00e9n se ha planteado la necesidad de contar con mayor claridad sobre la transparencia de las decisiones y el acceso a las actas del \u00f3rgano de gesti\u00f3n.<\/p>\n<p data-start=\"1983\" data-end=\"2193\">M\u00e1s all\u00e1 del parque nacional, la principal preocupaci\u00f3n del gremio se concentra en el futuro plan de manejo de la Reserva Nacional Kaw\u00e9sqar, donde la industria salmonera s\u00ed mantiene operaciones productivas.<\/p>\n<p data-start=\"2195\" data-end=\"2394\">A diferencia del parque, de car\u00e1cter terrestre, en la reserva convergen diversas actividades vinculadas al maritorio, entre ellas salmonicultura, pesca artesanal, turismo y navegaci\u00f3n comercial.<\/p>\n<p data-start=\"2396\" data-end=\"2674\">\u201cComo industria estamos muy afectados y preocupados por el futuro plan de manejo de la reserva\u201d, afirm\u00f3 Rojas, quien cuestion\u00f3 si el mismo modelo de gobernanza podr\u00eda replicarse en ese espacio mar\u00edtimo y si todos los actores productivos ser\u00e1n considerados de manera equivalente.<\/p>\n<p data-start=\"2676\" data-end=\"3032\">El sector tambi\u00e9n ha manifestado reparos respecto de algunas disposiciones del plan. Entre ellas, mencionan la autorizaci\u00f3n del uso tradicional del fuego por parte de comunidades ind\u00edgenas dentro del parque, lo que, a juicio del gremio, contrasta con las estrictas sanciones que enfrentan los visitantes por acciones como fumar en zonas no habilitadas.<\/p>\n<p data-start=\"3034\" data-end=\"3236\">\u201cPor un lado tenemos este trabajo con multas y fiscalizaci\u00f3n, y por otro aprobamos un plan de manejo donde se va a permitir prender fuego dentro de un parque nacional\u201d, plante\u00f3 la representante gremial.<\/p>\n<h3 data-start=\"3034\" data-end=\"3236\"><strong>Analizan acciones administrativas o judiciales\u00a0<\/strong><\/h3>\n<p data-start=\"3238\" data-end=\"3528\">En cuanto a las acciones que podr\u00eda adoptar la industria, Rojas indic\u00f3 que la posibilidad de recurrir a instancias judiciales o presentar el caso ante la Contralor\u00eda General de la Rep\u00fablica sigue abierta para cualquier actor que considere que la legalidad del proceso ha sido vulnerada.<\/p>\n<p data-start=\"3530\" data-end=\"3731\">Por ahora, el gremio espera sostener reuniones con las nuevas autoridades para plantear sus inquietudes y solicitar mayores definiciones respecto del futuro de la gobernanza territorial en la zona.<\/p>\n<p data-start=\"3733\" data-end=\"3821\"><em data-start=\"3733\" data-end=\"3821\">Informaci\u00f3n basada en declaraciones recogidas por el medio regional La Prensa Austral.<\/em><\/p>\n","protected":false},"excerpt":{"rendered":"<p>La Asociaci\u00f3n de Salmonicultores de Magallanes advierte incertidumbre por el modelo de gobernanza del plan de manejo del Parque Nacional Kaw\u00e9sqar y su posible impacto en la reserva.<\/p>\n","protected":false},"author":10,"featured_media":86885,"comment_status":"closed","ping_status":"closed","sticky":false,"template":"","format":"standard","meta":{"footnotes":""},"categories":[60],"tags":[589,876,17780,29169,25658,1280,29168,16993,21571],"class_list":["post-86877","post","type-post","status-publish","format-standard","has-post-thumbnail","hentry","category-salmonicultura","tag-asociacion-de-salmonicultores-de-magallanes","tag-conaf","tag-francisca-rojas-philippi","tag-gobernanza-de-areas-protegidas","tag-industria-salmonera-chile","tag-parque-nacional-kawesqar","tag-plan-de-manejo-kawesqar","tag-reserva-nacional-kawesqar","tag-salmonicultura-en-magallanes"],"yoast_head":"<!-- This site is optimized with the Yoast SEO plugin v27.5 - https:\/\/yoast.com\/product\/yoast-seo-wordpress\/ -->\n<title>Industria salmonera de Magallanes alerta por gobernanza del Parque Kaw\u00e9sqar - Mundoacuicola<\/title>\n<meta name=\"robots\" content=\"index, follow, max-snippet:-1, max-image-preview:large, max-video-preview:-1\" \/>\n<link rel=\"canonical\" href=\"https:\/\/www.mundoacuicola.cl\/new\/industria-salmonera-de-magallanes-alerta-por-gobernanza-del-parque-kawesqar\/\" \/>\n<meta property=\"og:locale\" content=\"es_ES\" \/>\n<meta property=\"og:type\" content=\"article\" \/>\n<meta property=\"og:title\" content=\"Industria salmonera de Magallanes alerta por gobernanza del Parque Kaw\u00e9sqar - Mundoacuicola\" \/>\n<meta property=\"og:description\" content=\"La Asociaci\u00f3n de Salmonicultores de Magallanes advierte incertidumbre por el modelo de gobernanza del plan de manejo del Parque Nacional Kaw\u00e9sqar y su posible impacto en la reserva.\" \/>\n<meta property=\"og:url\" content=\"https:\/\/www.mundoacuicola.cl\/new\/industria-salmonera-de-magallanes-alerta-por-gobernanza-del-parque-kawesqar\/\" \/>\n<meta property=\"og:site_name\" content=\"Mundoacuicola\" \/>\n<meta property=\"article:publisher\" content=\"https:\/\/www.facebook.com\/mundo.acuicola\/\" \/>\n<meta property=\"article:published_time\" content=\"2026-03-16T15:41:26+00:00\" \/>\n<meta property=\"article:modified_time\" content=\"2026-03-17T15:33:56+00:00\" \/>\n<meta property=\"og:image\" content=\"https:\/\/www.mundoacuicola.cl\/new\/wp-content\/uploads\/2026\/03\/FranciscaRojasPhilipi.jpg\" \/>\n\t<meta property=\"og:image:width\" content=\"1200\" \/>\n\t<meta property=\"og:image:height\" content=\"700\" \/>\n\t<meta property=\"og:image:type\" content=\"image\/jpeg\" \/>\n<meta name=\"author\" content=\"mbarrueto\" \/>\n<meta name=\"twitter:card\" content=\"summary_large_image\" \/>\n<meta name=\"twitter:creator\" content=\"@mundoacuicola\" \/>\n<meta name=\"twitter:site\" content=\"@mundoacuicola\" \/>\n<meta name=\"twitter:label1\" content=\"Escrito por\" \/>\n\t<meta name=\"twitter:data1\" content=\"mbarrueto\" \/>\n\t<meta name=\"twitter:label2\" content=\"Tiempo de lectura\" \/>\n\t<meta name=\"twitter:data2\" content=\"3 minutos\" \/>\n<script type=\"application\/ld+json\" class=\"yoast-schema-graph\">{\"@context\":\"https:\\\/\\\/schema.org\",\"@graph\":[{\"@type\":\"Article\",\"@id\":\"https:\\\/\\\/www.mundoacuicola.cl\\\/new\\\/industria-salmonera-de-magallanes-alerta-por-gobernanza-del-parque-kawesqar\\\/#article\",\"isPartOf\":{\"@id\":\"https:\\\/\\\/www.mundoacuicola.cl\\\/new\\\/industria-salmonera-de-magallanes-alerta-por-gobernanza-del-parque-kawesqar\\\/\"},\"author\":{\"name\":\"mbarrueto\",\"@id\":\"https:\\\/\\\/www.mundoacuicola.cl\\\/new\\\/#\\\/schema\\\/person\\\/c00ffe389abb88bd9254653add139315\"},\"headline\":\"Industria salmonera de Magallanes alerta por gobernanza del Parque Kaw\u00e9sqar\",\"datePublished\":\"2026-03-16T15:41:26+00:00\",\"dateModified\":\"2026-03-17T15:33:56+00:00\",\"mainEntityOfPage\":{\"@id\":\"https:\\\/\\\/www.mundoacuicola.cl\\\/new\\\/industria-salmonera-de-magallanes-alerta-por-gobernanza-del-parque-kawesqar\\\/\"},\"wordCount\":613,\"publisher\":{\"@id\":\"https:\\\/\\\/www.mundoacuicola.cl\\\/new\\\/#organization\"},\"image\":{\"@id\":\"https:\\\/\\\/www.mundoacuicola.cl\\\/new\\\/industria-salmonera-de-magallanes-alerta-por-gobernanza-del-parque-kawesqar\\\/#primaryimage\"},\"thumbnailUrl\":\"https:\\\/\\\/www.mundoacuicola.cl\\\/new\\\/wp-content\\\/uploads\\\/2026\\\/03\\\/FranciscaRojasPhilipi.jpg\",\"keywords\":[\"Asociaci\u00f3n de Salmonicultores de Magallanes\",\"Conaf\",\"Francisca Rojas Philippi\",\"gobernanza de \u00e1reas protegidas\",\"industria salmonera Chile\",\"Parque Nacional kaw\u00e9sqar\",\"plan de manejo Kaw\u00e9sqar\",\"Reserva Nacional Kaw\u00e9sqar\",\"salmonicultura en Magallanes\"],\"articleSection\":[\"Salmonicultura\"],\"inLanguage\":\"es\"},{\"@type\":\"WebPage\",\"@id\":\"https:\\\/\\\/www.mundoacuicola.cl\\\/new\\\/industria-salmonera-de-magallanes-alerta-por-gobernanza-del-parque-kawesqar\\\/\",\"url\":\"https:\\\/\\\/www.mundoacuicola.cl\\\/new\\\/industria-salmonera-de-magallanes-alerta-por-gobernanza-del-parque-kawesqar\\\/\",\"name\":\"Industria salmonera de Magallanes alerta por gobernanza del Parque Kaw\u00e9sqar - Mundoacuicola\",\"isPartOf\":{\"@id\":\"https:\\\/\\\/www.mundoacuicola.cl\\\/new\\\/#website\"},\"primaryImageOfPage\":{\"@id\":\"https:\\\/\\\/www.mundoacuicola.cl\\\/new\\\/industria-salmonera-de-magallanes-alerta-por-gobernanza-del-parque-kawesqar\\\/#primaryimage\"},\"image\":{\"@id\":\"https:\\\/\\\/www.mundoacuicola.cl\\\/new\\\/industria-salmonera-de-magallanes-alerta-por-gobernanza-del-parque-kawesqar\\\/#primaryimage\"},\"thumbnailUrl\":\"https:\\\/\\\/www.mundoacuicola.cl\\\/new\\\/wp-content\\\/uploads\\\/2026\\\/03\\\/FranciscaRojasPhilipi.jpg\",\"datePublished\":\"2026-03-16T15:41:26+00:00\",\"dateModified\":\"2026-03-17T15:33:56+00:00\",\"breadcrumb\":{\"@id\":\"https:\\\/\\\/www.mundoacuicola.cl\\\/new\\\/industria-salmonera-de-magallanes-alerta-por-gobernanza-del-parque-kawesqar\\\/#breadcrumb\"},\"inLanguage\":\"es\",\"potentialAction\":[{\"@type\":\"ReadAction\",\"target\":[\"https:\\\/\\\/www.mundoacuicola.cl\\\/new\\\/industria-salmonera-de-magallanes-alerta-por-gobernanza-del-parque-kawesqar\\\/\"]}]},{\"@type\":\"ImageObject\",\"inLanguage\":\"es\",\"@id\":\"https:\\\/\\\/www.mundoacuicola.cl\\\/new\\\/industria-salmonera-de-magallanes-alerta-por-gobernanza-del-parque-kawesqar\\\/#primaryimage\",\"url\":\"https:\\\/\\\/www.mundoacuicola.cl\\\/new\\\/wp-content\\\/uploads\\\/2026\\\/03\\\/FranciscaRojasPhilipi.jpg\",\"contentUrl\":\"https:\\\/\\\/www.mundoacuicola.cl\\\/new\\\/wp-content\\\/uploads\\\/2026\\\/03\\\/FranciscaRojasPhilipi.jpg\",\"width\":1200,\"height\":700},{\"@type\":\"BreadcrumbList\",\"@id\":\"https:\\\/\\\/www.mundoacuicola.cl\\\/new\\\/industria-salmonera-de-magallanes-alerta-por-gobernanza-del-parque-kawesqar\\\/#breadcrumb\",\"itemListElement\":[{\"@type\":\"ListItem\",\"position\":1,\"name\":\"Portada\",\"item\":\"https:\\\/\\\/www.mundoacuicola.cl\\\/new\\\/\"},{\"@type\":\"ListItem\",\"position\":2,\"name\":\"Industria salmonera de Magallanes alerta por gobernanza del Parque Kaw\u00e9sqar\"}]},{\"@type\":\"WebSite\",\"@id\":\"https:\\\/\\\/www.mundoacuicola.cl\\\/new\\\/#website\",\"url\":\"https:\\\/\\\/www.mundoacuicola.cl\\\/new\\\/\",\"name\":\"Mundoacuicola\",\"description\":\"Revista de Acuicultura.\",\"publisher\":{\"@id\":\"https:\\\/\\\/www.mundoacuicola.cl\\\/new\\\/#organization\"},\"potentialAction\":[{\"@type\":\"SearchAction\",\"target\":{\"@type\":\"EntryPoint\",\"urlTemplate\":\"https:\\\/\\\/www.mundoacuicola.cl\\\/new\\\/?s={search_term_string}\"},\"query-input\":{\"@type\":\"PropertyValueSpecification\",\"valueRequired\":true,\"valueName\":\"search_term_string\"}}],\"inLanguage\":\"es\"},{\"@type\":\"Organization\",\"@id\":\"https:\\\/\\\/www.mundoacuicola.cl\\\/new\\\/#organization\",\"name\":\"Mundoacuicola\",\"url\":\"https:\\\/\\\/www.mundoacuicola.cl\\\/new\\\/\",\"logo\":{\"@type\":\"ImageObject\",\"inLanguage\":\"es\",\"@id\":\"https:\\\/\\\/www.mundoacuicola.cl\\\/new\\\/#\\\/schema\\\/logo\\\/image\\\/\",\"url\":\"https:\\\/\\\/www.mundoacuicola.cl\\\/new\\\/wp-content\\\/uploads\\\/2026\\\/01\\\/cropped-LOGO-Mundo-Acuicola-2026.png\",\"contentUrl\":\"https:\\\/\\\/www.mundoacuicola.cl\\\/new\\\/wp-content\\\/uploads\\\/2026\\\/01\\\/cropped-LOGO-Mundo-Acuicola-2026.png\",\"width\":1252,\"height\":296,\"caption\":\"Mundoacuicola\"},\"image\":{\"@id\":\"https:\\\/\\\/www.mundoacuicola.cl\\\/new\\\/#\\\/schema\\\/logo\\\/image\\\/\"},\"sameAs\":[\"https:\\\/\\\/www.facebook.com\\\/mundo.acuicola\\\/\",\"https:\\\/\\\/x.com\\\/mundoacuicola\",\"https:\\\/\\\/www.linkedin.com\\\/in\\\/mundo-acuicola\"]},{\"@type\":\"Person\",\"@id\":\"https:\\\/\\\/www.mundoacuicola.cl\\\/new\\\/#\\\/schema\\\/person\\\/c00ffe389abb88bd9254653add139315\",\"name\":\"mbarrueto\",\"url\":\"https:\\\/\\\/www.mundoacuicola.cl\\\/new\\\/author\\\/mbarrueto\\\/\"}]}<\/script>\n<!-- \/ Yoast SEO plugin. -->","yoast_head_json":{"title":"Industria salmonera de Magallanes alerta por gobernanza del Parque Kaw\u00e9sqar - Mundoacuicola","robots":{"index":"index","follow":"follow","max-snippet":"max-snippet:-1","max-image-preview":"max-image-preview:large","max-video-preview":"max-video-preview:-1"},"canonical":"https:\/\/www.mundoacuicola.cl\/new\/industria-salmonera-de-magallanes-alerta-por-gobernanza-del-parque-kawesqar\/","og_locale":"es_ES","og_type":"article","og_title":"Industria salmonera de Magallanes alerta por gobernanza del Parque Kaw\u00e9sqar - Mundoacuicola","og_description":"La Asociaci\u00f3n de Salmonicultores de Magallanes advierte incertidumbre por el modelo de gobernanza del plan de manejo del Parque Nacional Kaw\u00e9sqar y su posible impacto en la reserva.","og_url":"https:\/\/www.mundoacuicola.cl\/new\/industria-salmonera-de-magallanes-alerta-por-gobernanza-del-parque-kawesqar\/","og_site_name":"Mundoacuicola","article_publisher":"https:\/\/www.facebook.com\/mundo.acuicola\/","article_published_time":"2026-03-16T15:41:26+00:00","article_modified_time":"2026-03-17T15:33:56+00:00","og_image":[{"width":1200,"height":700,"url":"https:\/\/www.mundoacuicola.cl\/new\/wp-content\/uploads\/2026\/03\/FranciscaRojasPhilipi.jpg","type":"image\/jpeg"}],"author":"mbarrueto","twitter_card":"summary_large_image","twitter_creator":"@mundoacuicola","twitter_site":"@mundoacuicola","twitter_misc":{"Escrito por":"mbarrueto","Tiempo de lectura":"3 minutos"},"schema":{"@context":"https:\/\/schema.org","@graph":[{"@type":"Article","@id":"https:\/\/www.mundoacuicola.cl\/new\/industria-salmonera-de-magallanes-alerta-por-gobernanza-del-parque-kawesqar\/#article","isPartOf":{"@id":"https:\/\/www.mundoacuicola.cl\/new\/industria-salmonera-de-magallanes-alerta-por-gobernanza-del-parque-kawesqar\/"},"author":{"name":"mbarrueto","@id":"https:\/\/www.mundoacuicola.cl\/new\/#\/schema\/person\/c00ffe389abb88bd9254653add139315"},"headline":"Industria salmonera de Magallanes alerta por gobernanza del Parque Kaw\u00e9sqar","datePublished":"2026-03-16T15:41:26+00:00","dateModified":"2026-03-17T15:33:56+00:00","mainEntityOfPage":{"@id":"https:\/\/www.mundoacuicola.cl\/new\/industria-salmonera-de-magallanes-alerta-por-gobernanza-del-parque-kawesqar\/"},"wordCount":613,"publisher":{"@id":"https:\/\/www.mundoacuicola.cl\/new\/#organization"},"image":{"@id":"https:\/\/www.mundoacuicola.cl\/new\/industria-salmonera-de-magallanes-alerta-por-gobernanza-del-parque-kawesqar\/#primaryimage"},"thumbnailUrl":"https:\/\/www.mundoacuicola.cl\/new\/wp-content\/uploads\/2026\/03\/FranciscaRojasPhilipi.jpg","keywords":["Asociaci\u00f3n de Salmonicultores de Magallanes","Conaf","Francisca Rojas Philippi","gobernanza de \u00e1reas protegidas","industria salmonera Chile","Parque Nacional kaw\u00e9sqar","plan de manejo Kaw\u00e9sqar","Reserva Nacional Kaw\u00e9sqar","salmonicultura en Magallanes"],"articleSection":["Salmonicultura"],"inLanguage":"es"},{"@type":"WebPage","@id":"https:\/\/www.mundoacuicola.cl\/new\/industria-salmonera-de-magallanes-alerta-por-gobernanza-del-parque-kawesqar\/","url":"https:\/\/www.mundoacuicola.cl\/new\/industria-salmonera-de-magallanes-alerta-por-gobernanza-del-parque-kawesqar\/","name":"Industria salmonera de Magallanes alerta por gobernanza del Parque Kaw\u00e9sqar - Mundoacuicola","isPartOf":{"@id":"https:\/\/www.mundoacuicola.cl\/new\/#website"},"primaryImageOfPage":{"@id":"https:\/\/www.mundoacuicola.cl\/new\/industria-salmonera-de-magallanes-alerta-por-gobernanza-del-parque-kawesqar\/#primaryimage"},"image":{"@id":"https:\/\/www.mundoacuicola.cl\/new\/industria-salmonera-de-magallanes-alerta-por-gobernanza-del-parque-kawesqar\/#primaryimage"},"thumbnailUrl":"https:\/\/www.mundoacuicola.cl\/new\/wp-content\/uploads\/2026\/03\/FranciscaRojasPhilipi.jpg","datePublished":"2026-03-16T15:41:26+00:00","dateModified":"2026-03-17T15:33:56+00:00","breadcrumb":{"@id":"https:\/\/www.mundoacuicola.cl\/new\/industria-salmonera-de-magallanes-alerta-por-gobernanza-del-parque-kawesqar\/#breadcrumb"},"inLanguage":"es","potentialAction":[{"@type":"ReadAction","target":["https:\/\/www.mundoacuicola.cl\/new\/industria-salmonera-de-magallanes-alerta-por-gobernanza-del-parque-kawesqar\/"]}]},{"@type":"ImageObject","inLanguage":"es","@id":"https:\/\/www.mundoacuicola.cl\/new\/industria-salmonera-de-magallanes-alerta-por-gobernanza-del-parque-kawesqar\/#primaryimage","url":"https:\/\/www.mundoacuicola.cl\/new\/wp-content\/uploads\/2026\/03\/FranciscaRojasPhilipi.jpg","contentUrl":"https:\/\/www.mundoacuicola.cl\/new\/wp-content\/uploads\/2026\/03\/FranciscaRojasPhilipi.jpg","width":1200,"height":700},{"@type":"BreadcrumbList","@id":"https:\/\/www.mundoacuicola.cl\/new\/industria-salmonera-de-magallanes-alerta-por-gobernanza-del-parque-kawesqar\/#breadcrumb","itemListElement":[{"@type":"ListItem","position":1,"name":"Portada","item":"https:\/\/www.mundoacuicola.cl\/new\/"},{"@type":"ListItem","position":2,"name":"Industria salmonera de Magallanes alerta por gobernanza del Parque Kaw\u00e9sqar"}]},{"@type":"WebSite","@id":"https:\/\/www.mundoacuicola.cl\/new\/#website","url":"https:\/\/www.mundoacuicola.cl\/new\/","name":"Mundoacuicola","description":"Revista de Acuicultura.","publisher":{"@id":"https:\/\/www.mundoacuicola.cl\/new\/#organization"},"potentialAction":[{"@type":"SearchAction","target":{"@type":"EntryPoint","urlTemplate":"https:\/\/www.mundoacuicola.cl\/new\/?s={search_term_string}"},"query-input":{"@type":"PropertyValueSpecification","valueRequired":true,"valueName":"search_term_string"}}],"inLanguage":"es"},{"@type":"Organization","@id":"https:\/\/www.mundoacuicola.cl\/new\/#organization","name":"Mundoacuicola","url":"https:\/\/www.mundoacuicola.cl\/new\/","logo":{"@type":"ImageObject","inLanguage":"es","@id":"https:\/\/www.mundoacuicola.cl\/new\/#\/schema\/logo\/image\/","url":"https:\/\/www.mundoacuicola.cl\/new\/wp-content\/uploads\/2026\/01\/cropped-LOGO-Mundo-Acuicola-2026.png","contentUrl":"https:\/\/www.mundoacuicola.cl\/new\/wp-content\/uploads\/2026\/01\/cropped-LOGO-Mundo-Acuicola-2026.png","width":1252,"height":296,"caption":"Mundoacuicola"},"image":{"@id":"https:\/\/www.mundoacuicola.cl\/new\/#\/schema\/logo\/image\/"},"sameAs":["https:\/\/www.facebook.com\/mundo.acuicola\/","https:\/\/x.com\/mundoacuicola","https:\/\/www.linkedin.com\/in\/mundo-acuicola"]},{"@type":"Person","@id":"https:\/\/www.mundoacuicola.cl\/new\/#\/schema\/person\/c00ffe389abb88bd9254653add139315","name":"mbarrueto","url":"https:\/\/www.mundoacuicola.cl\/new\/author\/mbarrueto\/"}]}},"_links":{"self":[{"href":"https:\/\/www.mundoacuicola.cl\/new\/wp-json\/wp\/v2\/posts\/86877","targetHints":{"allow":["GET"]}}],"collection":[{"href":"https:\/\/www.mundoacuicola.cl\/new\/wp-json\/wp\/v2\/posts"}],"about":[{"href":"https:\/\/www.mundoacuicola.cl\/new\/wp-json\/wp\/v2\/types\/post"}],"author":[{"embeddable":true,"href":"https:\/\/www.mundoacuicola.cl\/new\/wp-json\/wp\/v2\/users\/10"}],"replies":[{"embeddable":true,"href":"https:\/\/www.mundoacuicola.cl\/new\/wp-json\/wp\/v2\/comments?post=86877"}],"version-history":[{"count":1,"href":"https:\/\/www.mundoacuicola.cl\/new\/wp-json\/wp\/v2\/posts\/86877\/revisions"}],"predecessor-version":[{"id":86886,"href":"https:\/\/www.mundoacuicola.cl\/new\/wp-json\/wp\/v2\/posts\/86877\/revisions\/86886"}],"wp:featuredmedia":[{"embeddable":true,"href":"https:\/\/www.mundoacuicola.cl\/new\/wp-json\/wp\/v2\/media\/86885"}],"wp:attachment":[{"href":"https:\/\/www.mundoacuicola.cl\/new\/wp-json\/wp\/v2\/media?parent=86877"}],"wp:term":[{"taxonomy":"category","embeddable":true,"href":"https:\/\/www.mundoacuicola.cl\/new\/wp-json\/wp\/v2\/categories?post=86877"},{"taxonomy":"post_tag","embeddable":true,"href":"https:\/\/www.mundoacuicola.cl\/new\/wp-json\/wp\/v2\/tags?post=86877"}],"curies":[{"name":"wp","href":"https:\/\/api.w.org\/{rel}","templated":true}]}}