{"id":86928,"date":"2026-03-17T11:33:02","date_gmt":"2026-03-17T15:33:02","guid":{"rendered":"https:\/\/www.mundoacuicola.cl\/new\/?p=86928"},"modified":"2026-03-18T15:01:42","modified_gmt":"2026-03-18T19:01:42","slug":"patricio-melero-inicia-agenda-estrategica-de-salmonchile-con-lideres-empresariales","status":"publish","type":"post","link":"https:\/\/www.mundoacuicola.cl\/new\/patricio-melero-inicia-agenda-estrategica-de-salmonchile-con-lideres-empresariales\/","title":{"rendered":"Patricio Melero inicia agenda estrat\u00e9gica de SalmonChile con l\u00edderes empresariales"},"content":{"rendered":"<p><span style=\"font-weight: 400;\">En el marco del reciente cambio de mando en SalmonChile, su nuevo presidente, Patricio Melero, acompa\u00f1ado del gerente general Tom\u00e1s Monge, ha iniciado una serie de reuniones con autoridades y representantes del sector empresarial, con el objetivo de establecer puentes de colaboraci\u00f3n que permitan potenciar el rol de la salmonicultura en la reactivaci\u00f3n econ\u00f3mica del pa\u00eds.<\/span><\/p>\n<p><span style=\"font-weight: 400;\">Durante la semana, la nueva directiva de SalmonChile sostuvo varios encuentros en Santiago, comenzando por el Embajador de Noruega en Chile, Per Anders Nilsen. En la instancia se abordaron temas de cooperaci\u00f3n bilateral y transferencia de conocimientos entre ambos pa\u00edses, l\u00edderes mundiales en la producci\u00f3n de salm\u00f3n. El di\u00e1logo se centr\u00f3 en la promoci\u00f3n de buenas pr\u00e1cticas productivas y en la implementaci\u00f3n de tecnolog\u00edas de vanguardia para una acuicultura cada vez m\u00e1s sostenible.<\/span><\/p>\n<p><span style=\"font-weight: 400;\">Asimismo, Melero y Monge se reunieron con la presidenta de la Confederaci\u00f3n de la Producci\u00f3n y del Comercio (CPC), Susana Jim\u00e9nez, con quien analizaron los desaf\u00edos actuales del sector productivo y las oportunidades para potenciar el desarrollo econ\u00f3mico de las regiones del sur de Chile, donde el sector productivo genera m\u00e1s de 80.000 empleos directos e indirectos.<\/span><\/p>\n<p><span style=\"font-weight: 400;\">\u00abNuestro compromiso es posicionar a la salmonicultura chilena como un motor de desarrollo sostenible, que no solo genera empleo y actividad econ\u00f3mica en los territorios, sino que tambi\u00e9n lo hace con altos est\u00e1ndares ambientales y sociales. Estas reuniones son fundamentales para articular esfuerzos que nos permitan enfrentar juntos los desaf\u00edos del contexto econ\u00f3mico actual\u00bb, se\u00f1al\u00f3 Patricio Melero, presidente de SalmonChile.<\/span><\/p>\n<p><span style=\"font-weight: 400;\">La agenda tambi\u00e9n incluy\u00f3 un encuentro con Rosario Navarro, presidenta de la Sociedad de Fomento Fabril (SOFOFA), donde se abordaron iniciativas conjuntas para impulsar la innovaci\u00f3n y la competitividad en el sector industrial chileno, con especial \u00e9nfasis en las cadenas de valor asociadas a la acuicultura.<\/span><\/p>\n<p><span style=\"font-weight: 400;\">\u00abLa salmonicultura representa uno de los principales sectores exportadores de Chile, con presencia en m\u00e1s de 100 mercados internacionales. Queremos fortalecer nuestro v\u00ednculo con los gremios empresariales para generar sinergias que potencien tanto a nuestro sector productivo como a todo el ecosistema productivo nacional\u00bb, agreg\u00f3 Tom\u00e1s Monge, gerente general de SalmonChile.<\/span><\/p>\n","protected":false},"excerpt":{"rendered":"<p>El nuevo presidente de SalmonChile sostuvo reuniones con el embajador de Noruega y las l\u00edderes de CPC y SOFOFA para fortalecer alianzas y promover el desarrollo sostenible del sector.<\/p>\n","protected":false},"author":10,"featured_media":86930,"comment_status":"closed","ping_status":"closed","sticky":false,"template":"","format":"standard","meta":{"footnotes":""},"categories":[89],"tags":[17854,588,29105,170,197],"class_list":["post-86928","post","type-post","status-publish","format-standard","has-post-thumbnail","hentry","category-instituciones","tag-confederacion-de-la-produccion-y-del-comercio","tag-cpc","tag-patricio-melero","tag-salmonchile","tag-salmonicultura"],"yoast_head":"<!-- This site is optimized with the Yoast SEO plugin v27.5 - https:\/\/yoast.com\/product\/yoast-seo-wordpress\/ -->\n<title>Patricio Melero inicia agenda estrat\u00e9gica de SalmonChile con l\u00edderes empresariales - Mundoacuicola<\/title>\n<meta name=\"description\" content=\"El nuevo presidente de SalmonChile sostuvo reuniones con el embajador de Noruega y las l\u00edderes de CPC y SOFOFA para fortalecer alianzas.\" \/>\n<meta name=\"robots\" content=\"index, follow, max-snippet:-1, max-image-preview:large, max-video-preview:-1\" \/>\n<link rel=\"canonical\" href=\"https:\/\/www.mundoacuicola.cl\/new\/patricio-melero-inicia-agenda-estrategica-de-salmonchile-con-lideres-empresariales\/\" \/>\n<meta property=\"og:locale\" content=\"es_ES\" \/>\n<meta property=\"og:type\" content=\"article\" \/>\n<meta property=\"og:title\" content=\"Patricio Melero inicia agenda estrat\u00e9gica de SalmonChile con l\u00edderes empresariales - Mundoacuicola\" \/>\n<meta property=\"og:description\" content=\"El nuevo presidente de SalmonChile sostuvo reuniones con el embajador de Noruega y las l\u00edderes de CPC y SOFOFA para fortalecer alianzas.\" \/>\n<meta property=\"og:url\" content=\"https:\/\/www.mundoacuicola.cl\/new\/patricio-melero-inicia-agenda-estrategica-de-salmonchile-con-lideres-empresariales\/\" \/>\n<meta property=\"og:site_name\" content=\"Mundoacuicola\" \/>\n<meta property=\"article:publisher\" content=\"https:\/\/www.facebook.com\/mundo.acuicola\/\" \/>\n<meta property=\"article:published_time\" content=\"2026-03-17T15:33:02+00:00\" \/>\n<meta property=\"article:modified_time\" content=\"2026-03-18T19:01:42+00:00\" \/>\n<meta property=\"og:image\" content=\"https:\/\/www.mundoacuicola.cl\/new\/wp-content\/uploads\/2026\/03\/PatricioMeleroSalmonChileAgenda.jpg\" \/>\n\t<meta property=\"og:image:width\" content=\"1200\" \/>\n\t<meta property=\"og:image:height\" content=\"700\" \/>\n\t<meta property=\"og:image:type\" content=\"image\/jpeg\" \/>\n<meta name=\"author\" content=\"mbarrueto\" \/>\n<meta name=\"twitter:card\" content=\"summary_large_image\" \/>\n<meta name=\"twitter:creator\" content=\"@mundoacuicola\" \/>\n<meta name=\"twitter:site\" content=\"@mundoacuicola\" \/>\n<meta name=\"twitter:label1\" content=\"Escrito por\" \/>\n\t<meta name=\"twitter:data1\" content=\"mbarrueto\" \/>\n\t<meta name=\"twitter:label2\" content=\"Tiempo de lectura\" \/>\n\t<meta name=\"twitter:data2\" content=\"2 minutos\" \/>\n<script type=\"application\/ld+json\" class=\"yoast-schema-graph\">{\"@context\":\"https:\\\/\\\/schema.org\",\"@graph\":[{\"@type\":\"Article\",\"@id\":\"https:\\\/\\\/www.mundoacuicola.cl\\\/new\\\/patricio-melero-inicia-agenda-estrategica-de-salmonchile-con-lideres-empresariales\\\/#article\",\"isPartOf\":{\"@id\":\"https:\\\/\\\/www.mundoacuicola.cl\\\/new\\\/patricio-melero-inicia-agenda-estrategica-de-salmonchile-con-lideres-empresariales\\\/\"},\"author\":{\"name\":\"mbarrueto\",\"@id\":\"https:\\\/\\\/www.mundoacuicola.cl\\\/new\\\/#\\\/schema\\\/person\\\/c00ffe389abb88bd9254653add139315\"},\"headline\":\"Patricio Melero inicia agenda estrat\u00e9gica de SalmonChile con l\u00edderes empresariales\",\"datePublished\":\"2026-03-17T15:33:02+00:00\",\"dateModified\":\"2026-03-18T19:01:42+00:00\",\"mainEntityOfPage\":{\"@id\":\"https:\\\/\\\/www.mundoacuicola.cl\\\/new\\\/patricio-melero-inicia-agenda-estrategica-de-salmonchile-con-lideres-empresariales\\\/\"},\"wordCount\":387,\"publisher\":{\"@id\":\"https:\\\/\\\/www.mundoacuicola.cl\\\/new\\\/#organization\"},\"image\":{\"@id\":\"https:\\\/\\\/www.mundoacuicola.cl\\\/new\\\/patricio-melero-inicia-agenda-estrategica-de-salmonchile-con-lideres-empresariales\\\/#primaryimage\"},\"thumbnailUrl\":\"https:\\\/\\\/www.mundoacuicola.cl\\\/new\\\/wp-content\\\/uploads\\\/2026\\\/03\\\/PatricioMeleroSalmonChileAgenda.jpg\",\"keywords\":[\"Confederaci\u00f3n de la Producci\u00f3n y del Comercio\",\"CPC\",\"Patricio Melero\",\"Salmonchile\",\"salmonicultura\"],\"articleSection\":[\"Instituciones\"],\"inLanguage\":\"es\"},{\"@type\":\"WebPage\",\"@id\":\"https:\\\/\\\/www.mundoacuicola.cl\\\/new\\\/patricio-melero-inicia-agenda-estrategica-de-salmonchile-con-lideres-empresariales\\\/\",\"url\":\"https:\\\/\\\/www.mundoacuicola.cl\\\/new\\\/patricio-melero-inicia-agenda-estrategica-de-salmonchile-con-lideres-empresariales\\\/\",\"name\":\"Patricio Melero inicia agenda estrat\u00e9gica de SalmonChile con l\u00edderes empresariales - Mundoacuicola\",\"isPartOf\":{\"@id\":\"https:\\\/\\\/www.mundoacuicola.cl\\\/new\\\/#website\"},\"primaryImageOfPage\":{\"@id\":\"https:\\\/\\\/www.mundoacuicola.cl\\\/new\\\/patricio-melero-inicia-agenda-estrategica-de-salmonchile-con-lideres-empresariales\\\/#primaryimage\"},\"image\":{\"@id\":\"https:\\\/\\\/www.mundoacuicola.cl\\\/new\\\/patricio-melero-inicia-agenda-estrategica-de-salmonchile-con-lideres-empresariales\\\/#primaryimage\"},\"thumbnailUrl\":\"https:\\\/\\\/www.mundoacuicola.cl\\\/new\\\/wp-content\\\/uploads\\\/2026\\\/03\\\/PatricioMeleroSalmonChileAgenda.jpg\",\"datePublished\":\"2026-03-17T15:33:02+00:00\",\"dateModified\":\"2026-03-18T19:01:42+00:00\",\"description\":\"El nuevo presidente de SalmonChile sostuvo reuniones con el embajador de Noruega y las l\u00edderes de CPC y SOFOFA para fortalecer alianzas.\",\"breadcrumb\":{\"@id\":\"https:\\\/\\\/www.mundoacuicola.cl\\\/new\\\/patricio-melero-inicia-agenda-estrategica-de-salmonchile-con-lideres-empresariales\\\/#breadcrumb\"},\"inLanguage\":\"es\",\"potentialAction\":[{\"@type\":\"ReadAction\",\"target\":[\"https:\\\/\\\/www.mundoacuicola.cl\\\/new\\\/patricio-melero-inicia-agenda-estrategica-de-salmonchile-con-lideres-empresariales\\\/\"]}]},{\"@type\":\"ImageObject\",\"inLanguage\":\"es\",\"@id\":\"https:\\\/\\\/www.mundoacuicola.cl\\\/new\\\/patricio-melero-inicia-agenda-estrategica-de-salmonchile-con-lideres-empresariales\\\/#primaryimage\",\"url\":\"https:\\\/\\\/www.mundoacuicola.cl\\\/new\\\/wp-content\\\/uploads\\\/2026\\\/03\\\/PatricioMeleroSalmonChileAgenda.jpg\",\"contentUrl\":\"https:\\\/\\\/www.mundoacuicola.cl\\\/new\\\/wp-content\\\/uploads\\\/2026\\\/03\\\/PatricioMeleroSalmonChileAgenda.jpg\",\"width\":1200,\"height\":700},{\"@type\":\"BreadcrumbList\",\"@id\":\"https:\\\/\\\/www.mundoacuicola.cl\\\/new\\\/patricio-melero-inicia-agenda-estrategica-de-salmonchile-con-lideres-empresariales\\\/#breadcrumb\",\"itemListElement\":[{\"@type\":\"ListItem\",\"position\":1,\"name\":\"Portada\",\"item\":\"https:\\\/\\\/www.mundoacuicola.cl\\\/new\\\/\"},{\"@type\":\"ListItem\",\"position\":2,\"name\":\"Patricio Melero inicia agenda estrat\u00e9gica de SalmonChile con l\u00edderes empresariales\"}]},{\"@type\":\"WebSite\",\"@id\":\"https:\\\/\\\/www.mundoacuicola.cl\\\/new\\\/#website\",\"url\":\"https:\\\/\\\/www.mundoacuicola.cl\\\/new\\\/\",\"name\":\"Mundoacuicola\",\"description\":\"Revista de Acuicultura.\",\"publisher\":{\"@id\":\"https:\\\/\\\/www.mundoacuicola.cl\\\/new\\\/#organization\"},\"potentialAction\":[{\"@type\":\"SearchAction\",\"target\":{\"@type\":\"EntryPoint\",\"urlTemplate\":\"https:\\\/\\\/www.mundoacuicola.cl\\\/new\\\/?s={search_term_string}\"},\"query-input\":{\"@type\":\"PropertyValueSpecification\",\"valueRequired\":true,\"valueName\":\"search_term_string\"}}],\"inLanguage\":\"es\"},{\"@type\":\"Organization\",\"@id\":\"https:\\\/\\\/www.mundoacuicola.cl\\\/new\\\/#organization\",\"name\":\"Mundoacuicola\",\"url\":\"https:\\\/\\\/www.mundoacuicola.cl\\\/new\\\/\",\"logo\":{\"@type\":\"ImageObject\",\"inLanguage\":\"es\",\"@id\":\"https:\\\/\\\/www.mundoacuicola.cl\\\/new\\\/#\\\/schema\\\/logo\\\/image\\\/\",\"url\":\"https:\\\/\\\/www.mundoacuicola.cl\\\/new\\\/wp-content\\\/uploads\\\/2026\\\/01\\\/cropped-LOGO-Mundo-Acuicola-2026.png\",\"contentUrl\":\"https:\\\/\\\/www.mundoacuicola.cl\\\/new\\\/wp-content\\\/uploads\\\/2026\\\/01\\\/cropped-LOGO-Mundo-Acuicola-2026.png\",\"width\":1252,\"height\":296,\"caption\":\"Mundoacuicola\"},\"image\":{\"@id\":\"https:\\\/\\\/www.mundoacuicola.cl\\\/new\\\/#\\\/schema\\\/logo\\\/image\\\/\"},\"sameAs\":[\"https:\\\/\\\/www.facebook.com\\\/mundo.acuicola\\\/\",\"https:\\\/\\\/x.com\\\/mundoacuicola\",\"https:\\\/\\\/www.linkedin.com\\\/in\\\/mundo-acuicola\"]},{\"@type\":\"Person\",\"@id\":\"https:\\\/\\\/www.mundoacuicola.cl\\\/new\\\/#\\\/schema\\\/person\\\/c00ffe389abb88bd9254653add139315\",\"name\":\"mbarrueto\",\"url\":\"https:\\\/\\\/www.mundoacuicola.cl\\\/new\\\/author\\\/mbarrueto\\\/\"}]}<\/script>\n<!-- \/ Yoast SEO plugin. -->","yoast_head_json":{"title":"Patricio Melero inicia agenda estrat\u00e9gica de SalmonChile con l\u00edderes empresariales - Mundoacuicola","description":"El nuevo presidente de SalmonChile sostuvo reuniones con el embajador de Noruega y las l\u00edderes de CPC y SOFOFA para fortalecer alianzas.","robots":{"index":"index","follow":"follow","max-snippet":"max-snippet:-1","max-image-preview":"max-image-preview:large","max-video-preview":"max-video-preview:-1"},"canonical":"https:\/\/www.mundoacuicola.cl\/new\/patricio-melero-inicia-agenda-estrategica-de-salmonchile-con-lideres-empresariales\/","og_locale":"es_ES","og_type":"article","og_title":"Patricio Melero inicia agenda estrat\u00e9gica de SalmonChile con l\u00edderes empresariales - Mundoacuicola","og_description":"El nuevo presidente de SalmonChile sostuvo reuniones con el embajador de Noruega y las l\u00edderes de CPC y SOFOFA para fortalecer alianzas.","og_url":"https:\/\/www.mundoacuicola.cl\/new\/patricio-melero-inicia-agenda-estrategica-de-salmonchile-con-lideres-empresariales\/","og_site_name":"Mundoacuicola","article_publisher":"https:\/\/www.facebook.com\/mundo.acuicola\/","article_published_time":"2026-03-17T15:33:02+00:00","article_modified_time":"2026-03-18T19:01:42+00:00","og_image":[{"width":1200,"height":700,"url":"https:\/\/www.mundoacuicola.cl\/new\/wp-content\/uploads\/2026\/03\/PatricioMeleroSalmonChileAgenda.jpg","type":"image\/jpeg"}],"author":"mbarrueto","twitter_card":"summary_large_image","twitter_creator":"@mundoacuicola","twitter_site":"@mundoacuicola","twitter_misc":{"Escrito por":"mbarrueto","Tiempo de lectura":"2 minutos"},"schema":{"@context":"https:\/\/schema.org","@graph":[{"@type":"Article","@id":"https:\/\/www.mundoacuicola.cl\/new\/patricio-melero-inicia-agenda-estrategica-de-salmonchile-con-lideres-empresariales\/#article","isPartOf":{"@id":"https:\/\/www.mundoacuicola.cl\/new\/patricio-melero-inicia-agenda-estrategica-de-salmonchile-con-lideres-empresariales\/"},"author":{"name":"mbarrueto","@id":"https:\/\/www.mundoacuicola.cl\/new\/#\/schema\/person\/c00ffe389abb88bd9254653add139315"},"headline":"Patricio Melero inicia agenda estrat\u00e9gica de SalmonChile con l\u00edderes empresariales","datePublished":"2026-03-17T15:33:02+00:00","dateModified":"2026-03-18T19:01:42+00:00","mainEntityOfPage":{"@id":"https:\/\/www.mundoacuicola.cl\/new\/patricio-melero-inicia-agenda-estrategica-de-salmonchile-con-lideres-empresariales\/"},"wordCount":387,"publisher":{"@id":"https:\/\/www.mundoacuicola.cl\/new\/#organization"},"image":{"@id":"https:\/\/www.mundoacuicola.cl\/new\/patricio-melero-inicia-agenda-estrategica-de-salmonchile-con-lideres-empresariales\/#primaryimage"},"thumbnailUrl":"https:\/\/www.mundoacuicola.cl\/new\/wp-content\/uploads\/2026\/03\/PatricioMeleroSalmonChileAgenda.jpg","keywords":["Confederaci\u00f3n de la Producci\u00f3n y del Comercio","CPC","Patricio Melero","Salmonchile","salmonicultura"],"articleSection":["Instituciones"],"inLanguage":"es"},{"@type":"WebPage","@id":"https:\/\/www.mundoacuicola.cl\/new\/patricio-melero-inicia-agenda-estrategica-de-salmonchile-con-lideres-empresariales\/","url":"https:\/\/www.mundoacuicola.cl\/new\/patricio-melero-inicia-agenda-estrategica-de-salmonchile-con-lideres-empresariales\/","name":"Patricio Melero inicia agenda estrat\u00e9gica de SalmonChile con l\u00edderes empresariales - Mundoacuicola","isPartOf":{"@id":"https:\/\/www.mundoacuicola.cl\/new\/#website"},"primaryImageOfPage":{"@id":"https:\/\/www.mundoacuicola.cl\/new\/patricio-melero-inicia-agenda-estrategica-de-salmonchile-con-lideres-empresariales\/#primaryimage"},"image":{"@id":"https:\/\/www.mundoacuicola.cl\/new\/patricio-melero-inicia-agenda-estrategica-de-salmonchile-con-lideres-empresariales\/#primaryimage"},"thumbnailUrl":"https:\/\/www.mundoacuicola.cl\/new\/wp-content\/uploads\/2026\/03\/PatricioMeleroSalmonChileAgenda.jpg","datePublished":"2026-03-17T15:33:02+00:00","dateModified":"2026-03-18T19:01:42+00:00","description":"El nuevo presidente de SalmonChile sostuvo reuniones con el embajador de Noruega y las l\u00edderes de CPC y SOFOFA para fortalecer alianzas.","breadcrumb":{"@id":"https:\/\/www.mundoacuicola.cl\/new\/patricio-melero-inicia-agenda-estrategica-de-salmonchile-con-lideres-empresariales\/#breadcrumb"},"inLanguage":"es","potentialAction":[{"@type":"ReadAction","target":["https:\/\/www.mundoacuicola.cl\/new\/patricio-melero-inicia-agenda-estrategica-de-salmonchile-con-lideres-empresariales\/"]}]},{"@type":"ImageObject","inLanguage":"es","@id":"https:\/\/www.mundoacuicola.cl\/new\/patricio-melero-inicia-agenda-estrategica-de-salmonchile-con-lideres-empresariales\/#primaryimage","url":"https:\/\/www.mundoacuicola.cl\/new\/wp-content\/uploads\/2026\/03\/PatricioMeleroSalmonChileAgenda.jpg","contentUrl":"https:\/\/www.mundoacuicola.cl\/new\/wp-content\/uploads\/2026\/03\/PatricioMeleroSalmonChileAgenda.jpg","width":1200,"height":700},{"@type":"BreadcrumbList","@id":"https:\/\/www.mundoacuicola.cl\/new\/patricio-melero-inicia-agenda-estrategica-de-salmonchile-con-lideres-empresariales\/#breadcrumb","itemListElement":[{"@type":"ListItem","position":1,"name":"Portada","item":"https:\/\/www.mundoacuicola.cl\/new\/"},{"@type":"ListItem","position":2,"name":"Patricio Melero inicia agenda estrat\u00e9gica de SalmonChile con l\u00edderes empresariales"}]},{"@type":"WebSite","@id":"https:\/\/www.mundoacuicola.cl\/new\/#website","url":"https:\/\/www.mundoacuicola.cl\/new\/","name":"Mundoacuicola","description":"Revista de Acuicultura.","publisher":{"@id":"https:\/\/www.mundoacuicola.cl\/new\/#organization"},"potentialAction":[{"@type":"SearchAction","target":{"@type":"EntryPoint","urlTemplate":"https:\/\/www.mundoacuicola.cl\/new\/?s={search_term_string}"},"query-input":{"@type":"PropertyValueSpecification","valueRequired":true,"valueName":"search_term_string"}}],"inLanguage":"es"},{"@type":"Organization","@id":"https:\/\/www.mundoacuicola.cl\/new\/#organization","name":"Mundoacuicola","url":"https:\/\/www.mundoacuicola.cl\/new\/","logo":{"@type":"ImageObject","inLanguage":"es","@id":"https:\/\/www.mundoacuicola.cl\/new\/#\/schema\/logo\/image\/","url":"https:\/\/www.mundoacuicola.cl\/new\/wp-content\/uploads\/2026\/01\/cropped-LOGO-Mundo-Acuicola-2026.png","contentUrl":"https:\/\/www.mundoacuicola.cl\/new\/wp-content\/uploads\/2026\/01\/cropped-LOGO-Mundo-Acuicola-2026.png","width":1252,"height":296,"caption":"Mundoacuicola"},"image":{"@id":"https:\/\/www.mundoacuicola.cl\/new\/#\/schema\/logo\/image\/"},"sameAs":["https:\/\/www.facebook.com\/mundo.acuicola\/","https:\/\/x.com\/mundoacuicola","https:\/\/www.linkedin.com\/in\/mundo-acuicola"]},{"@type":"Person","@id":"https:\/\/www.mundoacuicola.cl\/new\/#\/schema\/person\/c00ffe389abb88bd9254653add139315","name":"mbarrueto","url":"https:\/\/www.mundoacuicola.cl\/new\/author\/mbarrueto\/"}]}},"_links":{"self":[{"href":"https:\/\/www.mundoacuicola.cl\/new\/wp-json\/wp\/v2\/posts\/86928","targetHints":{"allow":["GET"]}}],"collection":[{"href":"https:\/\/www.mundoacuicola.cl\/new\/wp-json\/wp\/v2\/posts"}],"about":[{"href":"https:\/\/www.mundoacuicola.cl\/new\/wp-json\/wp\/v2\/types\/post"}],"author":[{"embeddable":true,"href":"https:\/\/www.mundoacuicola.cl\/new\/wp-json\/wp\/v2\/users\/10"}],"replies":[{"embeddable":true,"href":"https:\/\/www.mundoacuicola.cl\/new\/wp-json\/wp\/v2\/comments?post=86928"}],"version-history":[{"count":1,"href":"https:\/\/www.mundoacuicola.cl\/new\/wp-json\/wp\/v2\/posts\/86928\/revisions"}],"predecessor-version":[{"id":86931,"href":"https:\/\/www.mundoacuicola.cl\/new\/wp-json\/wp\/v2\/posts\/86928\/revisions\/86931"}],"wp:featuredmedia":[{"embeddable":true,"href":"https:\/\/www.mundoacuicola.cl\/new\/wp-json\/wp\/v2\/media\/86930"}],"wp:attachment":[{"href":"https:\/\/www.mundoacuicola.cl\/new\/wp-json\/wp\/v2\/media?parent=86928"}],"wp:term":[{"taxonomy":"category","embeddable":true,"href":"https:\/\/www.mundoacuicola.cl\/new\/wp-json\/wp\/v2\/categories?post=86928"},{"taxonomy":"post_tag","embeddable":true,"href":"https:\/\/www.mundoacuicola.cl\/new\/wp-json\/wp\/v2\/tags?post=86928"}],"curies":[{"name":"wp","href":"https:\/\/api.w.org\/{rel}","templated":true}]}}