{"id":86934,"date":"2026-03-17T13:48:23","date_gmt":"2026-03-17T17:48:23","guid":{"rendered":"https:\/\/www.mundoacuicola.cl\/new\/?p=86934"},"modified":"2026-03-18T09:56:16","modified_gmt":"2026-03-18T13:56:16","slug":"seminario-abordo-brechas-en-salud-y-seguridad-del-buceo-profesional-en-el-sur-de-chile","status":"publish","type":"post","link":"https:\/\/www.mundoacuicola.cl\/new\/seminario-abordo-brechas-en-salud-y-seguridad-del-buceo-profesional-en-el-sur-de-chile\/","title":{"rendered":"Seminario abord\u00f3 brechas en salud y seguridad del buceo profesional en el sur de Chile"},"content":{"rendered":"<p data-start=\"272\" data-end=\"622\">En la Universidad de Los Lagos, sede Chinquihue, se desarroll\u00f3 el seminario \u201cBajo Presi\u00f3n\u201d, instancia que reuni\u00f3 a especialistas del \u00e1mbito m\u00e9dico, t\u00e9cnico e industrial para analizar los principales desaf\u00edos en seguridad y salud vinculados al buceo profesional, con especial atenci\u00f3n a su rol en la salmonicultura y otras actividades productivas.<\/p>\n<p data-start=\"624\" data-end=\"902\">Durante la jornada se abordaron materias relacionadas con la actualizaci\u00f3n de protocolos frente a accidentes de descompresi\u00f3n, el fortalecimiento de la respuesta ante emergencias y la incorporaci\u00f3n de nuevas tecnolog\u00edas para mejorar la seguridad en las operaciones subacu\u00e1ticas.<\/p>\n<p data-start=\"904\" data-end=\"1177\"><img fetchpriority=\"high\" decoding=\"async\" class=\"size-large wp-image-86936 alignleft\" src=\"https:\/\/www.mundoacuicola.cl\/new\/wp-content\/uploads\/2026\/03\/SeminarioBajoPresion3-300x400.jpeg\" alt=\"\" width=\"300\" height=\"400\" srcset=\"https:\/\/www.mundoacuicola.cl\/new\/wp-content\/uploads\/2026\/03\/SeminarioBajoPresion3-300x400.jpeg 300w, https:\/\/www.mundoacuicola.cl\/new\/wp-content\/uploads\/2026\/03\/SeminarioBajoPresion3-169x225.jpeg 169w, https:\/\/www.mundoacuicola.cl\/new\/wp-content\/uploads\/2026\/03\/SeminarioBajoPresion3-768x1024.jpeg 768w, https:\/\/www.mundoacuicola.cl\/new\/wp-content\/uploads\/2026\/03\/SeminarioBajoPresion3-1152x1536.jpeg 1152w, https:\/\/www.mundoacuicola.cl\/new\/wp-content\/uploads\/2026\/03\/SeminarioBajoPresion3-1024x1365.jpeg 1024w, https:\/\/www.mundoacuicola.cl\/new\/wp-content\/uploads\/2026\/03\/SeminarioBajoPresion3.jpeg 1200w\" sizes=\"(max-width: 300px) 100vw, 300px\" \/> En este contexto, la charla magistral de la Dra. Tania Capote Gonz\u00e1lez, m\u00e9dica hiperb\u00e1rica, marc\u00f3 uno de los ejes centrales del encuentro, poniendo \u00e9nfasis en la necesidad de avanzar en mejores est\u00e1ndares de prevenci\u00f3n, atenci\u00f3n y monitoreo de la salud de los trabajadores.<\/p>\n<p data-start=\"904\" data-end=\"1177\">\u201cEsta actividad se realiza con el fin de contribuir a la salud de los trabajadores, disminuir la mortalidad asociada al buceo\u00a0 -que nos ha afectado en los \u00faltimos a\u00f1os- y mejorar la capacitaci\u00f3n de los profesionales en c\u00e1maras hiperb\u00e1ricas, as\u00ed como los protocolos de salud y el uso de nuevas tecnolog\u00edas aplicadas al buceo\u201d, se\u00f1al\u00f3.<\/p>\n<p data-start=\"1515\" data-end=\"1848\">A partir de su exposici\u00f3n, se evidenci\u00f3 que uno de los principales desaf\u00edos actuales radica en la brecha entre los modelos tradicionales de descompresi\u00f3n y la respuesta fisiol\u00f3gica real de los buzos, donde factores como la carga de trabajo, las condiciones ambientales y las inmersiones repetitivas inciden directamente en el riesgo.<\/p>\n<p data-start=\"1850\" data-end=\"2160\">En esa l\u00ednea, se relev\u00f3 el avance de tecnolog\u00edas orientadas al monitoreo del nitr\u00f3geno residual y de microburbujas, herramientas que permitir\u00edan evaluar en tiempo real el estr\u00e9s descompresivo del buzo y ajustar de forma m\u00e1s precisa los perfiles de inmersi\u00f3n, mejorando la gesti\u00f3n del riesgo en faenas cr\u00edticas.<\/p>\n<p data-start=\"2162\" data-end=\"2440\">Asimismo, durante el seminario se expusieron brechas estructurales en la actividad, particularmente en contextos como el buceo artesanal, operaciones en zonas geogr\u00e1ficamente aisladas y faenas sin acceso inmediato a c\u00e1maras hiperb\u00e1ricas operativas o apoyo cl\u00ednico especializado.<\/p>\n<p data-start=\"2442\" data-end=\"2748\">En el caso de la salmonicultura, se identificaron desaf\u00edos asociados a la distancia de centros de salud con capacidad de respuesta, la necesidad de fortalecer la vigilancia m\u00e9dica continua y la implementaci\u00f3n de protocolos m\u00e1s estandarizados, junto con mejorar el monitoreo fisiol\u00f3gico de los trabajadores.<\/p>\n<p data-start=\"2442\" data-end=\"2748\"><img decoding=\"async\" class=\"size-large wp-image-86937 aligncenter\" src=\"https:\/\/www.mundoacuicola.cl\/new\/wp-content\/uploads\/2026\/03\/SeminarioBajoPresion2-533x400.jpeg\" alt=\"\" width=\"533\" height=\"400\" srcset=\"https:\/\/www.mundoacuicola.cl\/new\/wp-content\/uploads\/2026\/03\/SeminarioBajoPresion2-533x400.jpeg 533w, https:\/\/www.mundoacuicola.cl\/new\/wp-content\/uploads\/2026\/03\/SeminarioBajoPresion2-300x225.jpeg 300w, https:\/\/www.mundoacuicola.cl\/new\/wp-content\/uploads\/2026\/03\/SeminarioBajoPresion2-768x576.jpeg 768w, https:\/\/www.mundoacuicola.cl\/new\/wp-content\/uploads\/2026\/03\/SeminarioBajoPresion2-1024x768.jpeg 1024w, https:\/\/www.mundoacuicola.cl\/new\/wp-content\/uploads\/2026\/03\/SeminarioBajoPresion2.jpeg 1280w\" sizes=\"(max-width: 533px) 100vw, 533px\" \/><\/p>\n<p data-start=\"2442\" data-end=\"2748\">En esa misma l\u00ednea, se destac\u00f3 que en el buceo asociado a la industria minera existe una mayor estandarizaci\u00f3n de protocolos y medidas de seguridad en comparaci\u00f3n a la industria acu\u00edcola. No obstante, igualmente se resalt\u00f3 los avances en este tipo de materias por parte de empresas productoras de salm\u00f3n,\u00a0 evidenciando un proceso de mejora progresiva en la gesti\u00f3n preventiva dentro de la industria.<\/p>\n<p data-start=\"2966\" data-end=\"3256\">Otro de los aspectos abordados fue el rol de las mutualidades en la actualizaci\u00f3n de protocolos de vigilancia m\u00e9dica, particularmente en la detecci\u00f3n temprana de patolog\u00edas como la osteonecrosis disb\u00e1rica, as\u00ed como en el fortalecimiento de programas de capacitaci\u00f3n y evaluaci\u00f3n de riesgos.<\/p>\n<p data-start=\"3258\" data-end=\"3538\">Hacia el cierre, las conclusiones del encuentro apuntaron a que el crecimiento de industrias como la salmonicultura, la miner\u00eda y la infraestructura mar\u00edtima continuar\u00e1 incrementando la demanda por buceo profesional, ampliando la exposici\u00f3n de trabajadores a este tipo de riesgos.<\/p>\n<p data-start=\"3540\" data-end=\"3837\">Frente a este escenario, se plante\u00f3 como prioritario fortalecer la formaci\u00f3n de profesionales especializados, mejorar la disponibilidad de infraestructura para atenci\u00f3n de emergencias y avanzar en la integraci\u00f3n de tecnolog\u00eda, medicina y prevenci\u00f3n como base de un modelo m\u00e1s robusto de seguridad.<\/p>\n","protected":false},"excerpt":{"rendered":"<p>Seminario Bajo Presi\u00f3n en ULagos abord\u00f3 seguridad, salud y desaf\u00edos del buceo profesional en la acuicultura, destacando avances en monitoreo y prevenci\u00f3n de riesgos.<\/p>\n","protected":false},"author":8,"featured_media":86935,"comment_status":"closed","ping_status":"closed","sticky":false,"template":"","format":"standard","meta":{"footnotes":""},"categories":[89],"tags":[143,3336,29173,1223,14658,29174,11606,197,5076,7181,1422],"class_list":["post-86934","post","type-post","status-publish","format-standard","has-post-thumbnail","hentry","category-instituciones","tag-acuicultura","tag-buceo","tag-capote","tag-chile","tag-descompresion","tag-hiperbarica","tag-riesgos","tag-salmonicultura","tag-salud","tag-seguridad","tag-ulagos"],"yoast_head":"<!-- This site is optimized with the Yoast SEO plugin v27.5 - https:\/\/yoast.com\/product\/yoast-seo-wordpress\/ -->\n<title>Seminario abord\u00f3 brechas en salud y seguridad del buceo profesional en el sur de Chile - Mundoacuicola<\/title>\n<meta name=\"description\" content=\"Seminario Bajo Presi\u00f3n en ULagos abord\u00f3 seguridad, salud y desaf\u00edos del buceo profesional en la acuicultura.Seminario Bajo Presi\u00f3n en ULagos abord\u00f3 seguridad, salud y desaf\u00edos del buceo profesional en salmonicultura, destacando avances en monitoreo y prevenci\u00f3n de riesgos.\" \/>\n<meta name=\"robots\" content=\"index, follow, max-snippet:-1, max-image-preview:large, max-video-preview:-1\" \/>\n<link rel=\"canonical\" href=\"https:\/\/www.mundoacuicola.cl\/new\/seminario-abordo-brechas-en-salud-y-seguridad-del-buceo-profesional-en-el-sur-de-chile\/\" \/>\n<meta property=\"og:locale\" content=\"es_ES\" \/>\n<meta property=\"og:type\" content=\"article\" \/>\n<meta property=\"og:title\" content=\"Seminario abord\u00f3 brechas en salud y seguridad del buceo profesional en el sur de Chile - Mundoacuicola\" \/>\n<meta property=\"og:description\" content=\"Seminario Bajo Presi\u00f3n en ULagos abord\u00f3 seguridad, salud y desaf\u00edos del buceo profesional en la acuicultura.Seminario Bajo Presi\u00f3n en ULagos abord\u00f3 seguridad, salud y desaf\u00edos del buceo profesional en salmonicultura, destacando avances en monitoreo y prevenci\u00f3n de riesgos.\" \/>\n<meta property=\"og:url\" content=\"https:\/\/www.mundoacuicola.cl\/new\/seminario-abordo-brechas-en-salud-y-seguridad-del-buceo-profesional-en-el-sur-de-chile\/\" \/>\n<meta property=\"og:site_name\" content=\"Mundoacuicola\" \/>\n<meta property=\"article:publisher\" content=\"https:\/\/www.facebook.com\/mundo.acuicola\/\" \/>\n<meta property=\"article:published_time\" content=\"2026-03-17T17:48:23+00:00\" \/>\n<meta property=\"article:modified_time\" content=\"2026-03-18T13:56:16+00:00\" \/>\n<meta property=\"og:image\" content=\"https:\/\/www.mundoacuicola.cl\/new\/wp-content\/uploads\/2026\/03\/SeminarioBajoPresion4.jpeg\" \/>\n\t<meta property=\"og:image:width\" content=\"1200\" \/>\n\t<meta property=\"og:image:height\" content=\"689\" \/>\n\t<meta property=\"og:image:type\" content=\"image\/jpeg\" \/>\n<meta name=\"author\" content=\"Ricardo Alvarez\" \/>\n<meta name=\"twitter:card\" content=\"summary_large_image\" \/>\n<meta name=\"twitter:creator\" content=\"@mundoacuicola\" \/>\n<meta name=\"twitter:site\" content=\"@mundoacuicola\" \/>\n<meta name=\"twitter:label1\" content=\"Escrito por\" \/>\n\t<meta name=\"twitter:data1\" content=\"Ricardo Alvarez\" \/>\n\t<meta name=\"twitter:label2\" content=\"Tiempo de lectura\" \/>\n\t<meta name=\"twitter:data2\" content=\"4 minutos\" \/>\n<script type=\"application\/ld+json\" class=\"yoast-schema-graph\">{\"@context\":\"https:\\\/\\\/schema.org\",\"@graph\":[{\"@type\":\"Article\",\"@id\":\"https:\\\/\\\/www.mundoacuicola.cl\\\/new\\\/seminario-abordo-brechas-en-salud-y-seguridad-del-buceo-profesional-en-el-sur-de-chile\\\/#article\",\"isPartOf\":{\"@id\":\"https:\\\/\\\/www.mundoacuicola.cl\\\/new\\\/seminario-abordo-brechas-en-salud-y-seguridad-del-buceo-profesional-en-el-sur-de-chile\\\/\"},\"author\":{\"name\":\"Ricardo Alvarez\",\"@id\":\"https:\\\/\\\/www.mundoacuicola.cl\\\/new\\\/#\\\/schema\\\/person\\\/52cfe7e461eb2d30484965350ee34bdd\"},\"headline\":\"Seminario abord\u00f3 brechas en salud y seguridad del buceo profesional en el sur de Chile\",\"datePublished\":\"2026-03-17T17:48:23+00:00\",\"dateModified\":\"2026-03-18T13:56:16+00:00\",\"mainEntityOfPage\":{\"@id\":\"https:\\\/\\\/www.mundoacuicola.cl\\\/new\\\/seminario-abordo-brechas-en-salud-y-seguridad-del-buceo-profesional-en-el-sur-de-chile\\\/\"},\"wordCount\":637,\"publisher\":{\"@id\":\"https:\\\/\\\/www.mundoacuicola.cl\\\/new\\\/#organization\"},\"image\":{\"@id\":\"https:\\\/\\\/www.mundoacuicola.cl\\\/new\\\/seminario-abordo-brechas-en-salud-y-seguridad-del-buceo-profesional-en-el-sur-de-chile\\\/#primaryimage\"},\"thumbnailUrl\":\"https:\\\/\\\/www.mundoacuicola.cl\\\/new\\\/wp-content\\\/uploads\\\/2026\\\/03\\\/SeminarioBajoPresion4.jpeg\",\"keywords\":[\"Acuicultura\",\"buceo\",\"Capote\",\"Chile\",\"descompresi\u00f3n\",\"hiperb\u00e1rica\",\"riesgos\",\"salmonicultura\",\"salud\",\"Seguridad\",\"ULagos\"],\"articleSection\":[\"Instituciones\"],\"inLanguage\":\"es\"},{\"@type\":\"WebPage\",\"@id\":\"https:\\\/\\\/www.mundoacuicola.cl\\\/new\\\/seminario-abordo-brechas-en-salud-y-seguridad-del-buceo-profesional-en-el-sur-de-chile\\\/\",\"url\":\"https:\\\/\\\/www.mundoacuicola.cl\\\/new\\\/seminario-abordo-brechas-en-salud-y-seguridad-del-buceo-profesional-en-el-sur-de-chile\\\/\",\"name\":\"Seminario abord\u00f3 brechas en salud y seguridad del buceo profesional en el sur de Chile - Mundoacuicola\",\"isPartOf\":{\"@id\":\"https:\\\/\\\/www.mundoacuicola.cl\\\/new\\\/#website\"},\"primaryImageOfPage\":{\"@id\":\"https:\\\/\\\/www.mundoacuicola.cl\\\/new\\\/seminario-abordo-brechas-en-salud-y-seguridad-del-buceo-profesional-en-el-sur-de-chile\\\/#primaryimage\"},\"image\":{\"@id\":\"https:\\\/\\\/www.mundoacuicola.cl\\\/new\\\/seminario-abordo-brechas-en-salud-y-seguridad-del-buceo-profesional-en-el-sur-de-chile\\\/#primaryimage\"},\"thumbnailUrl\":\"https:\\\/\\\/www.mundoacuicola.cl\\\/new\\\/wp-content\\\/uploads\\\/2026\\\/03\\\/SeminarioBajoPresion4.jpeg\",\"datePublished\":\"2026-03-17T17:48:23+00:00\",\"dateModified\":\"2026-03-18T13:56:16+00:00\",\"description\":\"Seminario Bajo Presi\u00f3n en ULagos abord\u00f3 seguridad, salud y desaf\u00edos del buceo profesional en la acuicultura.Seminario Bajo Presi\u00f3n en ULagos abord\u00f3 seguridad, salud y desaf\u00edos del buceo profesional en salmonicultura, destacando avances en monitoreo y prevenci\u00f3n de riesgos.\",\"breadcrumb\":{\"@id\":\"https:\\\/\\\/www.mundoacuicola.cl\\\/new\\\/seminario-abordo-brechas-en-salud-y-seguridad-del-buceo-profesional-en-el-sur-de-chile\\\/#breadcrumb\"},\"inLanguage\":\"es\",\"potentialAction\":[{\"@type\":\"ReadAction\",\"target\":[\"https:\\\/\\\/www.mundoacuicola.cl\\\/new\\\/seminario-abordo-brechas-en-salud-y-seguridad-del-buceo-profesional-en-el-sur-de-chile\\\/\"]}]},{\"@type\":\"ImageObject\",\"inLanguage\":\"es\",\"@id\":\"https:\\\/\\\/www.mundoacuicola.cl\\\/new\\\/seminario-abordo-brechas-en-salud-y-seguridad-del-buceo-profesional-en-el-sur-de-chile\\\/#primaryimage\",\"url\":\"https:\\\/\\\/www.mundoacuicola.cl\\\/new\\\/wp-content\\\/uploads\\\/2026\\\/03\\\/SeminarioBajoPresion4.jpeg\",\"contentUrl\":\"https:\\\/\\\/www.mundoacuicola.cl\\\/new\\\/wp-content\\\/uploads\\\/2026\\\/03\\\/SeminarioBajoPresion4.jpeg\",\"width\":1200,\"height\":689},{\"@type\":\"BreadcrumbList\",\"@id\":\"https:\\\/\\\/www.mundoacuicola.cl\\\/new\\\/seminario-abordo-brechas-en-salud-y-seguridad-del-buceo-profesional-en-el-sur-de-chile\\\/#breadcrumb\",\"itemListElement\":[{\"@type\":\"ListItem\",\"position\":1,\"name\":\"Portada\",\"item\":\"https:\\\/\\\/www.mundoacuicola.cl\\\/new\\\/\"},{\"@type\":\"ListItem\",\"position\":2,\"name\":\"Seminario abord\u00f3 brechas en salud y seguridad del buceo profesional en el sur de Chile\"}]},{\"@type\":\"WebSite\",\"@id\":\"https:\\\/\\\/www.mundoacuicola.cl\\\/new\\\/#website\",\"url\":\"https:\\\/\\\/www.mundoacuicola.cl\\\/new\\\/\",\"name\":\"Mundoacuicola\",\"description\":\"Revista de Acuicultura.\",\"publisher\":{\"@id\":\"https:\\\/\\\/www.mundoacuicola.cl\\\/new\\\/#organization\"},\"potentialAction\":[{\"@type\":\"SearchAction\",\"target\":{\"@type\":\"EntryPoint\",\"urlTemplate\":\"https:\\\/\\\/www.mundoacuicola.cl\\\/new\\\/?s={search_term_string}\"},\"query-input\":{\"@type\":\"PropertyValueSpecification\",\"valueRequired\":true,\"valueName\":\"search_term_string\"}}],\"inLanguage\":\"es\"},{\"@type\":\"Organization\",\"@id\":\"https:\\\/\\\/www.mundoacuicola.cl\\\/new\\\/#organization\",\"name\":\"Mundoacuicola\",\"url\":\"https:\\\/\\\/www.mundoacuicola.cl\\\/new\\\/\",\"logo\":{\"@type\":\"ImageObject\",\"inLanguage\":\"es\",\"@id\":\"https:\\\/\\\/www.mundoacuicola.cl\\\/new\\\/#\\\/schema\\\/logo\\\/image\\\/\",\"url\":\"https:\\\/\\\/www.mundoacuicola.cl\\\/new\\\/wp-content\\\/uploads\\\/2026\\\/01\\\/cropped-LOGO-Mundo-Acuicola-2026.png\",\"contentUrl\":\"https:\\\/\\\/www.mundoacuicola.cl\\\/new\\\/wp-content\\\/uploads\\\/2026\\\/01\\\/cropped-LOGO-Mundo-Acuicola-2026.png\",\"width\":1252,\"height\":296,\"caption\":\"Mundoacuicola\"},\"image\":{\"@id\":\"https:\\\/\\\/www.mundoacuicola.cl\\\/new\\\/#\\\/schema\\\/logo\\\/image\\\/\"},\"sameAs\":[\"https:\\\/\\\/www.facebook.com\\\/mundo.acuicola\\\/\",\"https:\\\/\\\/x.com\\\/mundoacuicola\",\"https:\\\/\\\/www.linkedin.com\\\/in\\\/mundo-acuicola\"]},{\"@type\":\"Person\",\"@id\":\"https:\\\/\\\/www.mundoacuicola.cl\\\/new\\\/#\\\/schema\\\/person\\\/52cfe7e461eb2d30484965350ee34bdd\",\"name\":\"Ricardo Alvarez\",\"url\":\"https:\\\/\\\/www.mundoacuicola.cl\\\/new\\\/author\\\/ricardo\\\/\"}]}<\/script>\n<!-- \/ Yoast SEO plugin. -->","yoast_head_json":{"title":"Seminario abord\u00f3 brechas en salud y seguridad del buceo profesional en el sur de Chile - Mundoacuicola","description":"Seminario Bajo Presi\u00f3n en ULagos abord\u00f3 seguridad, salud y desaf\u00edos del buceo profesional en la acuicultura.Seminario Bajo Presi\u00f3n en ULagos abord\u00f3 seguridad, salud y desaf\u00edos del buceo profesional en salmonicultura, destacando avances en monitoreo y prevenci\u00f3n de riesgos.","robots":{"index":"index","follow":"follow","max-snippet":"max-snippet:-1","max-image-preview":"max-image-preview:large","max-video-preview":"max-video-preview:-1"},"canonical":"https:\/\/www.mundoacuicola.cl\/new\/seminario-abordo-brechas-en-salud-y-seguridad-del-buceo-profesional-en-el-sur-de-chile\/","og_locale":"es_ES","og_type":"article","og_title":"Seminario abord\u00f3 brechas en salud y seguridad del buceo profesional en el sur de Chile - Mundoacuicola","og_description":"Seminario Bajo Presi\u00f3n en ULagos abord\u00f3 seguridad, salud y desaf\u00edos del buceo profesional en la acuicultura.Seminario Bajo Presi\u00f3n en ULagos abord\u00f3 seguridad, salud y desaf\u00edos del buceo profesional en salmonicultura, destacando avances en monitoreo y prevenci\u00f3n de riesgos.","og_url":"https:\/\/www.mundoacuicola.cl\/new\/seminario-abordo-brechas-en-salud-y-seguridad-del-buceo-profesional-en-el-sur-de-chile\/","og_site_name":"Mundoacuicola","article_publisher":"https:\/\/www.facebook.com\/mundo.acuicola\/","article_published_time":"2026-03-17T17:48:23+00:00","article_modified_time":"2026-03-18T13:56:16+00:00","og_image":[{"width":1200,"height":689,"url":"https:\/\/www.mundoacuicola.cl\/new\/wp-content\/uploads\/2026\/03\/SeminarioBajoPresion4.jpeg","type":"image\/jpeg"}],"author":"Ricardo Alvarez","twitter_card":"summary_large_image","twitter_creator":"@mundoacuicola","twitter_site":"@mundoacuicola","twitter_misc":{"Escrito por":"Ricardo Alvarez","Tiempo de lectura":"4 minutos"},"schema":{"@context":"https:\/\/schema.org","@graph":[{"@type":"Article","@id":"https:\/\/www.mundoacuicola.cl\/new\/seminario-abordo-brechas-en-salud-y-seguridad-del-buceo-profesional-en-el-sur-de-chile\/#article","isPartOf":{"@id":"https:\/\/www.mundoacuicola.cl\/new\/seminario-abordo-brechas-en-salud-y-seguridad-del-buceo-profesional-en-el-sur-de-chile\/"},"author":{"name":"Ricardo Alvarez","@id":"https:\/\/www.mundoacuicola.cl\/new\/#\/schema\/person\/52cfe7e461eb2d30484965350ee34bdd"},"headline":"Seminario abord\u00f3 brechas en salud y seguridad del buceo profesional en el sur de Chile","datePublished":"2026-03-17T17:48:23+00:00","dateModified":"2026-03-18T13:56:16+00:00","mainEntityOfPage":{"@id":"https:\/\/www.mundoacuicola.cl\/new\/seminario-abordo-brechas-en-salud-y-seguridad-del-buceo-profesional-en-el-sur-de-chile\/"},"wordCount":637,"publisher":{"@id":"https:\/\/www.mundoacuicola.cl\/new\/#organization"},"image":{"@id":"https:\/\/www.mundoacuicola.cl\/new\/seminario-abordo-brechas-en-salud-y-seguridad-del-buceo-profesional-en-el-sur-de-chile\/#primaryimage"},"thumbnailUrl":"https:\/\/www.mundoacuicola.cl\/new\/wp-content\/uploads\/2026\/03\/SeminarioBajoPresion4.jpeg","keywords":["Acuicultura","buceo","Capote","Chile","descompresi\u00f3n","hiperb\u00e1rica","riesgos","salmonicultura","salud","Seguridad","ULagos"],"articleSection":["Instituciones"],"inLanguage":"es"},{"@type":"WebPage","@id":"https:\/\/www.mundoacuicola.cl\/new\/seminario-abordo-brechas-en-salud-y-seguridad-del-buceo-profesional-en-el-sur-de-chile\/","url":"https:\/\/www.mundoacuicola.cl\/new\/seminario-abordo-brechas-en-salud-y-seguridad-del-buceo-profesional-en-el-sur-de-chile\/","name":"Seminario abord\u00f3 brechas en salud y seguridad del buceo profesional en el sur de Chile - Mundoacuicola","isPartOf":{"@id":"https:\/\/www.mundoacuicola.cl\/new\/#website"},"primaryImageOfPage":{"@id":"https:\/\/www.mundoacuicola.cl\/new\/seminario-abordo-brechas-en-salud-y-seguridad-del-buceo-profesional-en-el-sur-de-chile\/#primaryimage"},"image":{"@id":"https:\/\/www.mundoacuicola.cl\/new\/seminario-abordo-brechas-en-salud-y-seguridad-del-buceo-profesional-en-el-sur-de-chile\/#primaryimage"},"thumbnailUrl":"https:\/\/www.mundoacuicola.cl\/new\/wp-content\/uploads\/2026\/03\/SeminarioBajoPresion4.jpeg","datePublished":"2026-03-17T17:48:23+00:00","dateModified":"2026-03-18T13:56:16+00:00","description":"Seminario Bajo Presi\u00f3n en ULagos abord\u00f3 seguridad, salud y desaf\u00edos del buceo profesional en la acuicultura.Seminario Bajo Presi\u00f3n en ULagos abord\u00f3 seguridad, salud y desaf\u00edos del buceo profesional en salmonicultura, destacando avances en monitoreo y prevenci\u00f3n de riesgos.","breadcrumb":{"@id":"https:\/\/www.mundoacuicola.cl\/new\/seminario-abordo-brechas-en-salud-y-seguridad-del-buceo-profesional-en-el-sur-de-chile\/#breadcrumb"},"inLanguage":"es","potentialAction":[{"@type":"ReadAction","target":["https:\/\/www.mundoacuicola.cl\/new\/seminario-abordo-brechas-en-salud-y-seguridad-del-buceo-profesional-en-el-sur-de-chile\/"]}]},{"@type":"ImageObject","inLanguage":"es","@id":"https:\/\/www.mundoacuicola.cl\/new\/seminario-abordo-brechas-en-salud-y-seguridad-del-buceo-profesional-en-el-sur-de-chile\/#primaryimage","url":"https:\/\/www.mundoacuicola.cl\/new\/wp-content\/uploads\/2026\/03\/SeminarioBajoPresion4.jpeg","contentUrl":"https:\/\/www.mundoacuicola.cl\/new\/wp-content\/uploads\/2026\/03\/SeminarioBajoPresion4.jpeg","width":1200,"height":689},{"@type":"BreadcrumbList","@id":"https:\/\/www.mundoacuicola.cl\/new\/seminario-abordo-brechas-en-salud-y-seguridad-del-buceo-profesional-en-el-sur-de-chile\/#breadcrumb","itemListElement":[{"@type":"ListItem","position":1,"name":"Portada","item":"https:\/\/www.mundoacuicola.cl\/new\/"},{"@type":"ListItem","position":2,"name":"Seminario abord\u00f3 brechas en salud y seguridad del buceo profesional en el sur de Chile"}]},{"@type":"WebSite","@id":"https:\/\/www.mundoacuicola.cl\/new\/#website","url":"https:\/\/www.mundoacuicola.cl\/new\/","name":"Mundoacuicola","description":"Revista de Acuicultura.","publisher":{"@id":"https:\/\/www.mundoacuicola.cl\/new\/#organization"},"potentialAction":[{"@type":"SearchAction","target":{"@type":"EntryPoint","urlTemplate":"https:\/\/www.mundoacuicola.cl\/new\/?s={search_term_string}"},"query-input":{"@type":"PropertyValueSpecification","valueRequired":true,"valueName":"search_term_string"}}],"inLanguage":"es"},{"@type":"Organization","@id":"https:\/\/www.mundoacuicola.cl\/new\/#organization","name":"Mundoacuicola","url":"https:\/\/www.mundoacuicola.cl\/new\/","logo":{"@type":"ImageObject","inLanguage":"es","@id":"https:\/\/www.mundoacuicola.cl\/new\/#\/schema\/logo\/image\/","url":"https:\/\/www.mundoacuicola.cl\/new\/wp-content\/uploads\/2026\/01\/cropped-LOGO-Mundo-Acuicola-2026.png","contentUrl":"https:\/\/www.mundoacuicola.cl\/new\/wp-content\/uploads\/2026\/01\/cropped-LOGO-Mundo-Acuicola-2026.png","width":1252,"height":296,"caption":"Mundoacuicola"},"image":{"@id":"https:\/\/www.mundoacuicola.cl\/new\/#\/schema\/logo\/image\/"},"sameAs":["https:\/\/www.facebook.com\/mundo.acuicola\/","https:\/\/x.com\/mundoacuicola","https:\/\/www.linkedin.com\/in\/mundo-acuicola"]},{"@type":"Person","@id":"https:\/\/www.mundoacuicola.cl\/new\/#\/schema\/person\/52cfe7e461eb2d30484965350ee34bdd","name":"Ricardo Alvarez","url":"https:\/\/www.mundoacuicola.cl\/new\/author\/ricardo\/"}]}},"_links":{"self":[{"href":"https:\/\/www.mundoacuicola.cl\/new\/wp-json\/wp\/v2\/posts\/86934","targetHints":{"allow":["GET"]}}],"collection":[{"href":"https:\/\/www.mundoacuicola.cl\/new\/wp-json\/wp\/v2\/posts"}],"about":[{"href":"https:\/\/www.mundoacuicola.cl\/new\/wp-json\/wp\/v2\/types\/post"}],"author":[{"embeddable":true,"href":"https:\/\/www.mundoacuicola.cl\/new\/wp-json\/wp\/v2\/users\/8"}],"replies":[{"embeddable":true,"href":"https:\/\/www.mundoacuicola.cl\/new\/wp-json\/wp\/v2\/comments?post=86934"}],"version-history":[{"count":1,"href":"https:\/\/www.mundoacuicola.cl\/new\/wp-json\/wp\/v2\/posts\/86934\/revisions"}],"predecessor-version":[{"id":86938,"href":"https:\/\/www.mundoacuicola.cl\/new\/wp-json\/wp\/v2\/posts\/86934\/revisions\/86938"}],"wp:featuredmedia":[{"embeddable":true,"href":"https:\/\/www.mundoacuicola.cl\/new\/wp-json\/wp\/v2\/media\/86935"}],"wp:attachment":[{"href":"https:\/\/www.mundoacuicola.cl\/new\/wp-json\/wp\/v2\/media?parent=86934"}],"wp:term":[{"taxonomy":"category","embeddable":true,"href":"https:\/\/www.mundoacuicola.cl\/new\/wp-json\/wp\/v2\/categories?post=86934"},{"taxonomy":"post_tag","embeddable":true,"href":"https:\/\/www.mundoacuicola.cl\/new\/wp-json\/wp\/v2\/tags?post=86934"}],"curies":[{"name":"wp","href":"https:\/\/api.w.org\/{rel}","templated":true}]}}