{"id":86946,"date":"2026-03-17T16:35:49","date_gmt":"2026-03-17T20:35:49","guid":{"rendered":"https:\/\/www.mundoacuicola.cl\/new\/?p=86946"},"modified":"2026-03-19T15:06:56","modified_gmt":"2026-03-19T19:06:56","slug":"alcaldes-y-gremios-se-reuniran-para-abordar-retiro-de-salmoneras-del-lago-llanquihue","status":"publish","type":"post","link":"https:\/\/www.mundoacuicola.cl\/new\/alcaldes-y-gremios-se-reuniran-para-abordar-retiro-de-salmoneras-del-lago-llanquihue\/","title":{"rendered":"Alcaldes y gremios se reunir\u00e1n para abordar retiro de salmoneras del Lago Llanquihue"},"content":{"rendered":"<p data-start=\"201\" data-end=\"501\">El alcalde de Frutillar, <b>Javier Arismendi, <\/b>en su calidad de presidente interino de la Asociaci\u00f3n de Municipios de la Cuenca del Lago Llanquihue, reiter\u00f3 su postura a favor del retiro de centros salmoneros desde el lago, planteando que este proceso debiera concretarse en un plazo acotado y con una transici\u00f3n ordenada.<\/p>\n<p data-start=\"503\" data-end=\"857\">El tema ser\u00e1 abordado en una reuni\u00f3n ampliada <strong>convocada para el viernes 20 de marzo<\/strong>, donde participar\u00e1n empresas, gremios y actores vinculados a la actividad, incluyendo a SalmonChile, el Consejo del Salm\u00f3n y posiblemente, otras instituciones p\u00fablicas del sector.<\/p>\n<p data-start=\"859\" data-end=\"1235\">El alcalde enfatiz\u00f3 que su planteamiento no apunta a eliminar la actividad salmonera del territorio, sino a reubicarla fuera de cuerpos de agua dulce, destacando que existen experiencias previas que demostrar\u00edan la viabilidad de este proceso.<\/p>\n<p data-start=\"1237\" data-end=\"1590\">\u201c<strong>Hace muchos a\u00f1os venimos escuchando que el retiro de estas jaulas se va a concretar y eso no ha ocurrido. Hoy la ley tampoco lo exige, pero s\u00ed creemos que al menos deben ajustarse a la normativa vigente. Adem\u00e1s, hay experiencias que demuestran que es posible: Mowi inici\u00f3 el retiro de sus jaulas en 2010 y lo concret\u00f3 en 2013<\/strong>\u201d, explic\u00f3.<\/p>\n<p data-start=\"1592\" data-end=\"2036\">El jefe comunal fundament\u00f3 su postura en la necesidad de resguardar el ecosistema del lago, mencionando antecedentes recientes sobre la <strong>calidad del agua en la bah\u00eda de Frutillar<\/strong> y las acciones que ha impulsado el municipio, como la instalaci\u00f3n de un humedal artificial para mejorar la depuraci\u00f3n de esteros que desembocan en el lago. Asimismo, plante\u00f3 la inquietud por los posibles impactos en el fondo lacustre asociados a la operaci\u00f3n de las jaulas, indicando que buscar\u00e1n generar instancias de evaluaci\u00f3n independiente.<\/p>\n<p data-start=\"2355\" data-end=\"2739\">Pese a su postura, el alcalde reconoci\u00f3 el <strong>rol econ\u00f3mico de la salmonicultura<\/strong>, sin embargo, insisti\u00f3 en que el debate debe centrarse en la localizaci\u00f3n de la actividad, especialmente considerando los tiempos de renovaci\u00f3n de las aguas del lago. En cuanto a los plazos, plante\u00f3 que el proceso no debiera extenderse m\u00e1s all\u00e1 de <strong>cinco a\u00f1os<\/strong> desde el inicio de la discusi\u00f3n.<\/p>\n<p data-start=\"2978\" data-end=\"3233\">La reuni\u00f3n convocada para este viernes en Puerto Varas buscar\u00e1 avanzar en una hoja de ruta com\u00fan entre los distintos actores, en un escenario donde, seg\u00fan indic\u00f3 la autoridad, a\u00fan existen diferencias de postura entre los municipios que integran la cuenca.<\/p>\n","protected":false},"excerpt":{"rendered":"<p>La instancia, liderada por el alcalde de Frutillar, Javier Arismendi, convocar\u00e1 a representantes del sector y los alcaldes de la Cuenca del Lago Llanquihue para abordar el eventual retiro de las salmoneras del Lago Llanquihue y avanzar en una hoja de ruta com\u00fan.<\/p>\n","protected":false},"author":10,"featured_media":86948,"comment_status":"closed","ping_status":"closed","sticky":false,"template":"","format":"standard","meta":{"footnotes":""},"categories":[60],"tags":[1261,143,29177,122,2907,3788,184,2273,6027,137,197],"class_list":["post-86946","post","type-post","status-publish","format-standard","has-post-thumbnail","hentry","category-salmonicultura","tag-acuicola","tag-acuicultura","tag-asociacion-de-municipios-de-la-cuenca-del-lago-llanquihue","tag-industria-acuicola","tag-industria-salmonera","tag-lago-llanquihue","tag-salmon","tag-salmon-chileno","tag-salmonera","tag-salmones","tag-salmonicultura"],"yoast_head":"<!-- This site is optimized with the Yoast SEO plugin v27.5 - https:\/\/yoast.com\/product\/yoast-seo-wordpress\/ -->\n<title>Alcaldes y gremios se reunir\u00e1n para abordar retiro de salmoneras del Lago Llanquihue - Mundoacuicola<\/title>\n<meta name=\"description\" content=\"La instancia, convocar\u00e1 a representantes del sector para abordar el eventual retiro de salmoneras del Lago Llanquihue.\" \/>\n<meta name=\"robots\" content=\"index, follow, max-snippet:-1, max-image-preview:large, max-video-preview:-1\" \/>\n<link rel=\"canonical\" href=\"https:\/\/www.mundoacuicola.cl\/new\/alcaldes-y-gremios-se-reuniran-para-abordar-retiro-de-salmoneras-del-lago-llanquihue\/\" \/>\n<meta property=\"og:locale\" content=\"es_ES\" \/>\n<meta property=\"og:type\" content=\"article\" \/>\n<meta property=\"og:title\" content=\"Alcaldes y gremios se reunir\u00e1n para abordar retiro de salmoneras del Lago Llanquihue - Mundoacuicola\" \/>\n<meta property=\"og:description\" content=\"La instancia, convocar\u00e1 a representantes del sector para abordar el eventual retiro de salmoneras del Lago Llanquihue.\" \/>\n<meta property=\"og:url\" content=\"https:\/\/www.mundoacuicola.cl\/new\/alcaldes-y-gremios-se-reuniran-para-abordar-retiro-de-salmoneras-del-lago-llanquihue\/\" \/>\n<meta property=\"og:site_name\" content=\"Mundoacuicola\" \/>\n<meta property=\"article:publisher\" content=\"https:\/\/www.facebook.com\/mundo.acuicola\/\" \/>\n<meta property=\"article:published_time\" content=\"2026-03-17T20:35:49+00:00\" \/>\n<meta property=\"article:modified_time\" content=\"2026-03-19T19:06:56+00:00\" \/>\n<meta property=\"og:image\" content=\"https:\/\/www.mundoacuicola.cl\/new\/wp-content\/uploads\/2026\/03\/SalmoniculturaLagoLlanquihue.jpg\" \/>\n\t<meta property=\"og:image:width\" content=\"1200\" \/>\n\t<meta property=\"og:image:height\" content=\"700\" \/>\n\t<meta property=\"og:image:type\" content=\"image\/jpeg\" \/>\n<meta name=\"author\" content=\"mbarrueto\" \/>\n<meta name=\"twitter:card\" content=\"summary_large_image\" \/>\n<meta name=\"twitter:creator\" content=\"@mundoacuicola\" \/>\n<meta name=\"twitter:site\" content=\"@mundoacuicola\" \/>\n<meta name=\"twitter:label1\" content=\"Escrito por\" \/>\n\t<meta name=\"twitter:data1\" content=\"mbarrueto\" \/>\n\t<meta name=\"twitter:label2\" content=\"Tiempo de lectura\" \/>\n\t<meta name=\"twitter:data2\" content=\"2 minutos\" \/>\n<script type=\"application\/ld+json\" class=\"yoast-schema-graph\">{\"@context\":\"https:\\\/\\\/schema.org\",\"@graph\":[{\"@type\":\"Article\",\"@id\":\"https:\\\/\\\/www.mundoacuicola.cl\\\/new\\\/alcaldes-y-gremios-se-reuniran-para-abordar-retiro-de-salmoneras-del-lago-llanquihue\\\/#article\",\"isPartOf\":{\"@id\":\"https:\\\/\\\/www.mundoacuicola.cl\\\/new\\\/alcaldes-y-gremios-se-reuniran-para-abordar-retiro-de-salmoneras-del-lago-llanquihue\\\/\"},\"author\":{\"name\":\"mbarrueto\",\"@id\":\"https:\\\/\\\/www.mundoacuicola.cl\\\/new\\\/#\\\/schema\\\/person\\\/c00ffe389abb88bd9254653add139315\"},\"headline\":\"Alcaldes y gremios se reunir\u00e1n para abordar retiro de salmoneras del Lago Llanquihue\",\"datePublished\":\"2026-03-17T20:35:49+00:00\",\"dateModified\":\"2026-03-19T19:06:56+00:00\",\"mainEntityOfPage\":{\"@id\":\"https:\\\/\\\/www.mundoacuicola.cl\\\/new\\\/alcaldes-y-gremios-se-reuniran-para-abordar-retiro-de-salmoneras-del-lago-llanquihue\\\/\"},\"wordCount\":407,\"publisher\":{\"@id\":\"https:\\\/\\\/www.mundoacuicola.cl\\\/new\\\/#organization\"},\"image\":{\"@id\":\"https:\\\/\\\/www.mundoacuicola.cl\\\/new\\\/alcaldes-y-gremios-se-reuniran-para-abordar-retiro-de-salmoneras-del-lago-llanquihue\\\/#primaryimage\"},\"thumbnailUrl\":\"https:\\\/\\\/www.mundoacuicola.cl\\\/new\\\/wp-content\\\/uploads\\\/2026\\\/03\\\/SalmoniculturaLagoLlanquihue.jpg\",\"keywords\":[\"Acu\u00edcola\",\"Acuicultura\",\"Asociaci\u00f3n de Municipios de la Cuenca del Lago Llanquihue\",\"Industria Acu\u00edcola\",\"Industria salmonera\",\"Lago Llanquihue\",\"Salm\u00f3n\",\"Salm\u00f3n chileno\",\"salmonera\",\"salmones\",\"salmonicultura\"],\"articleSection\":[\"Salmonicultura\"],\"inLanguage\":\"es\"},{\"@type\":\"WebPage\",\"@id\":\"https:\\\/\\\/www.mundoacuicola.cl\\\/new\\\/alcaldes-y-gremios-se-reuniran-para-abordar-retiro-de-salmoneras-del-lago-llanquihue\\\/\",\"url\":\"https:\\\/\\\/www.mundoacuicola.cl\\\/new\\\/alcaldes-y-gremios-se-reuniran-para-abordar-retiro-de-salmoneras-del-lago-llanquihue\\\/\",\"name\":\"Alcaldes y gremios se reunir\u00e1n para abordar retiro de salmoneras del Lago Llanquihue - Mundoacuicola\",\"isPartOf\":{\"@id\":\"https:\\\/\\\/www.mundoacuicola.cl\\\/new\\\/#website\"},\"primaryImageOfPage\":{\"@id\":\"https:\\\/\\\/www.mundoacuicola.cl\\\/new\\\/alcaldes-y-gremios-se-reuniran-para-abordar-retiro-de-salmoneras-del-lago-llanquihue\\\/#primaryimage\"},\"image\":{\"@id\":\"https:\\\/\\\/www.mundoacuicola.cl\\\/new\\\/alcaldes-y-gremios-se-reuniran-para-abordar-retiro-de-salmoneras-del-lago-llanquihue\\\/#primaryimage\"},\"thumbnailUrl\":\"https:\\\/\\\/www.mundoacuicola.cl\\\/new\\\/wp-content\\\/uploads\\\/2026\\\/03\\\/SalmoniculturaLagoLlanquihue.jpg\",\"datePublished\":\"2026-03-17T20:35:49+00:00\",\"dateModified\":\"2026-03-19T19:06:56+00:00\",\"description\":\"La instancia, convocar\u00e1 a representantes del sector para abordar el eventual retiro de salmoneras del Lago Llanquihue.\",\"breadcrumb\":{\"@id\":\"https:\\\/\\\/www.mundoacuicola.cl\\\/new\\\/alcaldes-y-gremios-se-reuniran-para-abordar-retiro-de-salmoneras-del-lago-llanquihue\\\/#breadcrumb\"},\"inLanguage\":\"es\",\"potentialAction\":[{\"@type\":\"ReadAction\",\"target\":[\"https:\\\/\\\/www.mundoacuicola.cl\\\/new\\\/alcaldes-y-gremios-se-reuniran-para-abordar-retiro-de-salmoneras-del-lago-llanquihue\\\/\"]}]},{\"@type\":\"ImageObject\",\"inLanguage\":\"es\",\"@id\":\"https:\\\/\\\/www.mundoacuicola.cl\\\/new\\\/alcaldes-y-gremios-se-reuniran-para-abordar-retiro-de-salmoneras-del-lago-llanquihue\\\/#primaryimage\",\"url\":\"https:\\\/\\\/www.mundoacuicola.cl\\\/new\\\/wp-content\\\/uploads\\\/2026\\\/03\\\/SalmoniculturaLagoLlanquihue.jpg\",\"contentUrl\":\"https:\\\/\\\/www.mundoacuicola.cl\\\/new\\\/wp-content\\\/uploads\\\/2026\\\/03\\\/SalmoniculturaLagoLlanquihue.jpg\",\"width\":1200,\"height\":700},{\"@type\":\"BreadcrumbList\",\"@id\":\"https:\\\/\\\/www.mundoacuicola.cl\\\/new\\\/alcaldes-y-gremios-se-reuniran-para-abordar-retiro-de-salmoneras-del-lago-llanquihue\\\/#breadcrumb\",\"itemListElement\":[{\"@type\":\"ListItem\",\"position\":1,\"name\":\"Portada\",\"item\":\"https:\\\/\\\/www.mundoacuicola.cl\\\/new\\\/\"},{\"@type\":\"ListItem\",\"position\":2,\"name\":\"Alcaldes y gremios se reunir\u00e1n para abordar retiro de salmoneras del Lago Llanquihue\"}]},{\"@type\":\"WebSite\",\"@id\":\"https:\\\/\\\/www.mundoacuicola.cl\\\/new\\\/#website\",\"url\":\"https:\\\/\\\/www.mundoacuicola.cl\\\/new\\\/\",\"name\":\"Mundoacuicola\",\"description\":\"Revista de Acuicultura.\",\"publisher\":{\"@id\":\"https:\\\/\\\/www.mundoacuicola.cl\\\/new\\\/#organization\"},\"potentialAction\":[{\"@type\":\"SearchAction\",\"target\":{\"@type\":\"EntryPoint\",\"urlTemplate\":\"https:\\\/\\\/www.mundoacuicola.cl\\\/new\\\/?s={search_term_string}\"},\"query-input\":{\"@type\":\"PropertyValueSpecification\",\"valueRequired\":true,\"valueName\":\"search_term_string\"}}],\"inLanguage\":\"es\"},{\"@type\":\"Organization\",\"@id\":\"https:\\\/\\\/www.mundoacuicola.cl\\\/new\\\/#organization\",\"name\":\"Mundoacuicola\",\"url\":\"https:\\\/\\\/www.mundoacuicola.cl\\\/new\\\/\",\"logo\":{\"@type\":\"ImageObject\",\"inLanguage\":\"es\",\"@id\":\"https:\\\/\\\/www.mundoacuicola.cl\\\/new\\\/#\\\/schema\\\/logo\\\/image\\\/\",\"url\":\"https:\\\/\\\/www.mundoacuicola.cl\\\/new\\\/wp-content\\\/uploads\\\/2026\\\/01\\\/cropped-LOGO-Mundo-Acuicola-2026.png\",\"contentUrl\":\"https:\\\/\\\/www.mundoacuicola.cl\\\/new\\\/wp-content\\\/uploads\\\/2026\\\/01\\\/cropped-LOGO-Mundo-Acuicola-2026.png\",\"width\":1252,\"height\":296,\"caption\":\"Mundoacuicola\"},\"image\":{\"@id\":\"https:\\\/\\\/www.mundoacuicola.cl\\\/new\\\/#\\\/schema\\\/logo\\\/image\\\/\"},\"sameAs\":[\"https:\\\/\\\/www.facebook.com\\\/mundo.acuicola\\\/\",\"https:\\\/\\\/x.com\\\/mundoacuicola\",\"https:\\\/\\\/www.linkedin.com\\\/in\\\/mundo-acuicola\"]},{\"@type\":\"Person\",\"@id\":\"https:\\\/\\\/www.mundoacuicola.cl\\\/new\\\/#\\\/schema\\\/person\\\/c00ffe389abb88bd9254653add139315\",\"name\":\"mbarrueto\",\"url\":\"https:\\\/\\\/www.mundoacuicola.cl\\\/new\\\/author\\\/mbarrueto\\\/\"}]}<\/script>\n<!-- \/ Yoast SEO plugin. -->","yoast_head_json":{"title":"Alcaldes y gremios se reunir\u00e1n para abordar retiro de salmoneras del Lago Llanquihue - Mundoacuicola","description":"La instancia, convocar\u00e1 a representantes del sector para abordar el eventual retiro de salmoneras del Lago Llanquihue.","robots":{"index":"index","follow":"follow","max-snippet":"max-snippet:-1","max-image-preview":"max-image-preview:large","max-video-preview":"max-video-preview:-1"},"canonical":"https:\/\/www.mundoacuicola.cl\/new\/alcaldes-y-gremios-se-reuniran-para-abordar-retiro-de-salmoneras-del-lago-llanquihue\/","og_locale":"es_ES","og_type":"article","og_title":"Alcaldes y gremios se reunir\u00e1n para abordar retiro de salmoneras del Lago Llanquihue - Mundoacuicola","og_description":"La instancia, convocar\u00e1 a representantes del sector para abordar el eventual retiro de salmoneras del Lago Llanquihue.","og_url":"https:\/\/www.mundoacuicola.cl\/new\/alcaldes-y-gremios-se-reuniran-para-abordar-retiro-de-salmoneras-del-lago-llanquihue\/","og_site_name":"Mundoacuicola","article_publisher":"https:\/\/www.facebook.com\/mundo.acuicola\/","article_published_time":"2026-03-17T20:35:49+00:00","article_modified_time":"2026-03-19T19:06:56+00:00","og_image":[{"width":1200,"height":700,"url":"https:\/\/www.mundoacuicola.cl\/new\/wp-content\/uploads\/2026\/03\/SalmoniculturaLagoLlanquihue.jpg","type":"image\/jpeg"}],"author":"mbarrueto","twitter_card":"summary_large_image","twitter_creator":"@mundoacuicola","twitter_site":"@mundoacuicola","twitter_misc":{"Escrito por":"mbarrueto","Tiempo de lectura":"2 minutos"},"schema":{"@context":"https:\/\/schema.org","@graph":[{"@type":"Article","@id":"https:\/\/www.mundoacuicola.cl\/new\/alcaldes-y-gremios-se-reuniran-para-abordar-retiro-de-salmoneras-del-lago-llanquihue\/#article","isPartOf":{"@id":"https:\/\/www.mundoacuicola.cl\/new\/alcaldes-y-gremios-se-reuniran-para-abordar-retiro-de-salmoneras-del-lago-llanquihue\/"},"author":{"name":"mbarrueto","@id":"https:\/\/www.mundoacuicola.cl\/new\/#\/schema\/person\/c00ffe389abb88bd9254653add139315"},"headline":"Alcaldes y gremios se reunir\u00e1n para abordar retiro de salmoneras del Lago Llanquihue","datePublished":"2026-03-17T20:35:49+00:00","dateModified":"2026-03-19T19:06:56+00:00","mainEntityOfPage":{"@id":"https:\/\/www.mundoacuicola.cl\/new\/alcaldes-y-gremios-se-reuniran-para-abordar-retiro-de-salmoneras-del-lago-llanquihue\/"},"wordCount":407,"publisher":{"@id":"https:\/\/www.mundoacuicola.cl\/new\/#organization"},"image":{"@id":"https:\/\/www.mundoacuicola.cl\/new\/alcaldes-y-gremios-se-reuniran-para-abordar-retiro-de-salmoneras-del-lago-llanquihue\/#primaryimage"},"thumbnailUrl":"https:\/\/www.mundoacuicola.cl\/new\/wp-content\/uploads\/2026\/03\/SalmoniculturaLagoLlanquihue.jpg","keywords":["Acu\u00edcola","Acuicultura","Asociaci\u00f3n de Municipios de la Cuenca del Lago Llanquihue","Industria Acu\u00edcola","Industria salmonera","Lago Llanquihue","Salm\u00f3n","Salm\u00f3n chileno","salmonera","salmones","salmonicultura"],"articleSection":["Salmonicultura"],"inLanguage":"es"},{"@type":"WebPage","@id":"https:\/\/www.mundoacuicola.cl\/new\/alcaldes-y-gremios-se-reuniran-para-abordar-retiro-de-salmoneras-del-lago-llanquihue\/","url":"https:\/\/www.mundoacuicola.cl\/new\/alcaldes-y-gremios-se-reuniran-para-abordar-retiro-de-salmoneras-del-lago-llanquihue\/","name":"Alcaldes y gremios se reunir\u00e1n para abordar retiro de salmoneras del Lago Llanquihue - Mundoacuicola","isPartOf":{"@id":"https:\/\/www.mundoacuicola.cl\/new\/#website"},"primaryImageOfPage":{"@id":"https:\/\/www.mundoacuicola.cl\/new\/alcaldes-y-gremios-se-reuniran-para-abordar-retiro-de-salmoneras-del-lago-llanquihue\/#primaryimage"},"image":{"@id":"https:\/\/www.mundoacuicola.cl\/new\/alcaldes-y-gremios-se-reuniran-para-abordar-retiro-de-salmoneras-del-lago-llanquihue\/#primaryimage"},"thumbnailUrl":"https:\/\/www.mundoacuicola.cl\/new\/wp-content\/uploads\/2026\/03\/SalmoniculturaLagoLlanquihue.jpg","datePublished":"2026-03-17T20:35:49+00:00","dateModified":"2026-03-19T19:06:56+00:00","description":"La instancia, convocar\u00e1 a representantes del sector para abordar el eventual retiro de salmoneras del Lago Llanquihue.","breadcrumb":{"@id":"https:\/\/www.mundoacuicola.cl\/new\/alcaldes-y-gremios-se-reuniran-para-abordar-retiro-de-salmoneras-del-lago-llanquihue\/#breadcrumb"},"inLanguage":"es","potentialAction":[{"@type":"ReadAction","target":["https:\/\/www.mundoacuicola.cl\/new\/alcaldes-y-gremios-se-reuniran-para-abordar-retiro-de-salmoneras-del-lago-llanquihue\/"]}]},{"@type":"ImageObject","inLanguage":"es","@id":"https:\/\/www.mundoacuicola.cl\/new\/alcaldes-y-gremios-se-reuniran-para-abordar-retiro-de-salmoneras-del-lago-llanquihue\/#primaryimage","url":"https:\/\/www.mundoacuicola.cl\/new\/wp-content\/uploads\/2026\/03\/SalmoniculturaLagoLlanquihue.jpg","contentUrl":"https:\/\/www.mundoacuicola.cl\/new\/wp-content\/uploads\/2026\/03\/SalmoniculturaLagoLlanquihue.jpg","width":1200,"height":700},{"@type":"BreadcrumbList","@id":"https:\/\/www.mundoacuicola.cl\/new\/alcaldes-y-gremios-se-reuniran-para-abordar-retiro-de-salmoneras-del-lago-llanquihue\/#breadcrumb","itemListElement":[{"@type":"ListItem","position":1,"name":"Portada","item":"https:\/\/www.mundoacuicola.cl\/new\/"},{"@type":"ListItem","position":2,"name":"Alcaldes y gremios se reunir\u00e1n para abordar retiro de salmoneras del Lago Llanquihue"}]},{"@type":"WebSite","@id":"https:\/\/www.mundoacuicola.cl\/new\/#website","url":"https:\/\/www.mundoacuicola.cl\/new\/","name":"Mundoacuicola","description":"Revista de Acuicultura.","publisher":{"@id":"https:\/\/www.mundoacuicola.cl\/new\/#organization"},"potentialAction":[{"@type":"SearchAction","target":{"@type":"EntryPoint","urlTemplate":"https:\/\/www.mundoacuicola.cl\/new\/?s={search_term_string}"},"query-input":{"@type":"PropertyValueSpecification","valueRequired":true,"valueName":"search_term_string"}}],"inLanguage":"es"},{"@type":"Organization","@id":"https:\/\/www.mundoacuicola.cl\/new\/#organization","name":"Mundoacuicola","url":"https:\/\/www.mundoacuicola.cl\/new\/","logo":{"@type":"ImageObject","inLanguage":"es","@id":"https:\/\/www.mundoacuicola.cl\/new\/#\/schema\/logo\/image\/","url":"https:\/\/www.mundoacuicola.cl\/new\/wp-content\/uploads\/2026\/01\/cropped-LOGO-Mundo-Acuicola-2026.png","contentUrl":"https:\/\/www.mundoacuicola.cl\/new\/wp-content\/uploads\/2026\/01\/cropped-LOGO-Mundo-Acuicola-2026.png","width":1252,"height":296,"caption":"Mundoacuicola"},"image":{"@id":"https:\/\/www.mundoacuicola.cl\/new\/#\/schema\/logo\/image\/"},"sameAs":["https:\/\/www.facebook.com\/mundo.acuicola\/","https:\/\/x.com\/mundoacuicola","https:\/\/www.linkedin.com\/in\/mundo-acuicola"]},{"@type":"Person","@id":"https:\/\/www.mundoacuicola.cl\/new\/#\/schema\/person\/c00ffe389abb88bd9254653add139315","name":"mbarrueto","url":"https:\/\/www.mundoacuicola.cl\/new\/author\/mbarrueto\/"}]}},"_links":{"self":[{"href":"https:\/\/www.mundoacuicola.cl\/new\/wp-json\/wp\/v2\/posts\/86946","targetHints":{"allow":["GET"]}}],"collection":[{"href":"https:\/\/www.mundoacuicola.cl\/new\/wp-json\/wp\/v2\/posts"}],"about":[{"href":"https:\/\/www.mundoacuicola.cl\/new\/wp-json\/wp\/v2\/types\/post"}],"author":[{"embeddable":true,"href":"https:\/\/www.mundoacuicola.cl\/new\/wp-json\/wp\/v2\/users\/10"}],"replies":[{"embeddable":true,"href":"https:\/\/www.mundoacuicola.cl\/new\/wp-json\/wp\/v2\/comments?post=86946"}],"version-history":[{"count":2,"href":"https:\/\/www.mundoacuicola.cl\/new\/wp-json\/wp\/v2\/posts\/86946\/revisions"}],"predecessor-version":[{"id":86949,"href":"https:\/\/www.mundoacuicola.cl\/new\/wp-json\/wp\/v2\/posts\/86946\/revisions\/86949"}],"wp:featuredmedia":[{"embeddable":true,"href":"https:\/\/www.mundoacuicola.cl\/new\/wp-json\/wp\/v2\/media\/86948"}],"wp:attachment":[{"href":"https:\/\/www.mundoacuicola.cl\/new\/wp-json\/wp\/v2\/media?parent=86946"}],"wp:term":[{"taxonomy":"category","embeddable":true,"href":"https:\/\/www.mundoacuicola.cl\/new\/wp-json\/wp\/v2\/categories?post=86946"},{"taxonomy":"post_tag","embeddable":true,"href":"https:\/\/www.mundoacuicola.cl\/new\/wp-json\/wp\/v2\/tags?post=86946"}],"curies":[{"name":"wp","href":"https:\/\/api.w.org\/{rel}","templated":true}]}}