{"id":87051,"date":"2026-03-19T15:00:07","date_gmt":"2026-03-19T19:00:07","guid":{"rendered":"https:\/\/www.mundoacuicola.cl\/new\/?p=87051"},"modified":"2026-03-20T10:27:43","modified_gmt":"2026-03-20T14:27:43","slug":"fiscalia-realiza-nuevas-diligencias-por-naufragio-de-embarcacion-konimo-i-en-cochamo","status":"publish","type":"post","link":"https:\/\/www.mundoacuicola.cl\/new\/fiscalia-realiza-nuevas-diligencias-por-naufragio-de-embarcacion-konimo-i-en-cochamo\/","title":{"rendered":"Fiscal\u00eda realiza nuevas diligencias por naufragio de embarcaci\u00f3n Ko\u00f1imo I en Cocham\u00f3"},"content":{"rendered":"<div class=\"flex flex-col text-sm pb-25\">\n<section class=\"text-token-text-primary w-full focus:outline-none [--shadow-height:45px] has-data-writing-block:pointer-events-none has-data-writing-block:-mt-(--shadow-height) has-data-writing-block:pt-(--shadow-height) [&amp;:has([data-writing-block])&gt;*]:pointer-events-auto scroll-mt-[calc(var(--header-height)+min(200px,max(70px,20svh)))]\" dir=\"auto\" data-turn-id=\"request-69a74065-9cf0-832a-b8cf-656917c1c53e-10\" data-testid=\"conversation-turn-328\" data-scroll-anchor=\"true\" data-turn=\"assistant\">\n<div class=\"text-base my-auto mx-auto pb-10 [--thread-content-margin:var(--thread-content-margin-xs,calc(var(--spacing)*4))] @w-sm\/main:[--thread-content-margin:var(--thread-content-margin-sm,calc(var(--spacing)*6))] @w-lg\/main:[--thread-content-margin:var(--thread-content-margin-lg,calc(var(--spacing)*16))] px-(--thread-content-margin)\">\n<div class=\"[--thread-content-max-width:40rem] @w-lg\/main:[--thread-content-max-width:48rem] mx-auto max-w-(--thread-content-max-width) flex-1 group\/turn-messages focus-visible:outline-hidden relative flex w-full min-w-0 flex-col agent-turn\">\n<div class=\"flex max-w-full flex-col gap-4 grow\">\n<div class=\"min-h-8 text-message relative flex w-full flex-col items-end gap-2 text-start break-words whitespace-normal outline-none keyboard-focused:focus-ring [.text-message+&amp;]:mt-1\" dir=\"auto\" tabindex=\"0\" data-message-author-role=\"assistant\" data-message-id=\"3861760c-9ef6-4454-93b6-d8dad5a03292\" data-message-model-slug=\"gpt-5-3\" data-turn-start-message=\"true\">\n<div class=\"flex w-full flex-col gap-1 empty:hidden\">\n<div class=\"markdown prose dark:prose-invert w-full wrap-break-word light markdown-new-styling\">\n<p data-start=\"165\" data-end=\"433\">La Fiscal\u00eda Regional de Los Lagos, encabezada por la fiscal Mar\u00eda Ang\u00e9lica de Miguel, realiz\u00f3 este mi\u00e9rcoles nuevas diligencias investigativas en el marco del <strong>hundimiento de la embarcaci\u00f3n Ko\u00f1imo I<\/strong> en el estuario del Reloncav\u00ed, hecho que dej\u00f3 <strong>seis personas fallecidas<\/strong>.<\/p>\n<p data-start=\"435\" data-end=\"749\">Las acciones se desarrollaron con apoyo de la Armada, el grupo subacu\u00e1tico de la Polic\u00eda de Investigaciones y la empresa Marlin, e incluyeron labores de buceo, registro audiovisual de la nave y recuperaci\u00f3n de evidencias desde el fondo marino, las que fueron entregadas a la Brigada de Homicidios para su an\u00e1lisis.<\/p>\n<p data-start=\"751\" data-end=\"1092\">\u201cSe est\u00e1n haciendo distintas diligencias de buceo, de grabaci\u00f3n de la embarcaci\u00f3n y adem\u00e1s se han rescatado algunas evidencias que ya han sido entregadas a la Polic\u00eda de Investigaciones para poder ser periciadas posteriormente\u201d, se\u00f1al\u00f3 la fiscal, agregando que estas acciones buscan avanzar en el esclarecimiento de las causas del siniestro.<\/p>\n<h3 data-start=\"751\" data-end=\"1092\"><strong>Antecedentes<\/strong><\/h3>\n<p data-start=\"1094\" data-end=\"1408\">El caso se remonta al naufragio del catamar\u00e1n Ko\u00f1imo I a fines de enero de este a\u00f1o, que dej\u00f3 un total de seis personas fallecidas y dos sobrevivientes. Tras la fase inicial de b\u00fasqueda y recuperaci\u00f3n de los cuerpos, la investigaci\u00f3n se ha concentrado en determinar la din\u00e1mica del accidente y las condiciones en que se produjo el hundimiento.<\/p>\n<p data-start=\"1410\" data-end=\"1845\">En este contexto, una de las etapas clave corresponde al <strong>reflotamiento de la embarcaci\u00f3n<\/strong>, procedimiento que permitir\u00eda realizar peritajes m\u00e1s detallados. La fiscal enfatiz\u00f3 la importancia de esta maniobra para el desarrollo de la investigaci\u00f3n, se\u00f1alando que \u201cesperamos que las empresas que tienen obligaciones legales y reglamentarias puedan realizar prontamente el reflote para poder hacer los peritajes que se requieren de la nave\u201d.<\/p>\n<p data-start=\"1410\" data-end=\"1845\">Recordemos que la embarcaci\u00f3n, perteneciente a la <strong>empresa Ko\u00f1imo<\/strong>, <strong>prestaba servicios<\/strong> de apoyo a un centro de cultivo de <strong>Salmones Austral<\/strong> y, seg\u00fan los antecedentes disponibles, se habr\u00eda encontrado fondeada al momento del incidente.<\/p>\n<p data-start=\"2252\" data-end=\"2428\" data-is-last-node=\"\" data-is-only-node=\"\">La Fiscal\u00eda indic\u00f3 que las diligencias continuar\u00e1n en el sector, mientras se avanza en la recopilaci\u00f3n de antecedentes que permitan esclarecer las circunstancias del accidente.<\/p>\n<\/div>\n<\/div>\n<\/div>\n<\/div>\n<\/div>\n<\/div>\n<\/section>\n<\/div>\n","protected":false},"excerpt":{"rendered":"<p>Las diligencias incluyen buceo especializado, registro audiovisual de la embarcaci\u00f3n y recuperaci\u00f3n de evidencias desde el fondo marino, en un operativo coordinado con la Armada, la PDI y apoyo privado de la empresa Marlin, mientras se espera el proceso de reflotamiento para esclarecer las causas del accidente que dej\u00f3 seis fallecidos.<\/p>\n","protected":false},"author":10,"featured_media":87068,"comment_status":"closed","ping_status":"closed","sticky":false,"template":"","format":"standard","meta":{"footnotes":""},"categories":[12],"tags":[16838,2907,28707],"class_list":["post-87051","post","type-post","status-publish","format-standard","has-post-thumbnail","hentry","category-maritimo","tag-accidente-maritimo","tag-industria-salmonera","tag-konimo-i"],"yoast_head":"<!-- This site is optimized with the Yoast SEO plugin v27.5 - https:\/\/yoast.com\/product\/yoast-seo-wordpress\/ -->\n<title>Fiscal\u00eda realiza nuevas diligencias por naufragio de embarcaci\u00f3n Ko\u00f1imo I en Cocham\u00f3 - Mundoacuicola<\/title>\n<meta name=\"description\" content=\"Las diligencias incluyen buceo especializado, registro audiovisual de la embarcaci\u00f3n y recuperaci\u00f3n de evidencias desde el fondo marino.\" \/>\n<meta name=\"robots\" content=\"index, follow, max-snippet:-1, max-image-preview:large, max-video-preview:-1\" \/>\n<link rel=\"canonical\" href=\"https:\/\/www.mundoacuicola.cl\/new\/fiscalia-realiza-nuevas-diligencias-por-naufragio-de-embarcacion-konimo-i-en-cochamo\/\" \/>\n<meta property=\"og:locale\" content=\"es_ES\" \/>\n<meta property=\"og:type\" content=\"article\" \/>\n<meta property=\"og:title\" content=\"Fiscal\u00eda realiza nuevas diligencias por naufragio de embarcaci\u00f3n Ko\u00f1imo I en Cocham\u00f3 - Mundoacuicola\" \/>\n<meta property=\"og:description\" content=\"Las diligencias incluyen buceo especializado, registro audiovisual de la embarcaci\u00f3n y recuperaci\u00f3n de evidencias desde el fondo marino.\" \/>\n<meta property=\"og:url\" content=\"https:\/\/www.mundoacuicola.cl\/new\/fiscalia-realiza-nuevas-diligencias-por-naufragio-de-embarcacion-konimo-i-en-cochamo\/\" \/>\n<meta property=\"og:site_name\" content=\"Mundoacuicola\" \/>\n<meta property=\"article:publisher\" content=\"https:\/\/www.facebook.com\/mundo.acuicola\/\" \/>\n<meta property=\"article:published_time\" content=\"2026-03-19T19:00:07+00:00\" \/>\n<meta property=\"article:modified_time\" content=\"2026-03-20T14:27:43+00:00\" \/>\n<meta property=\"og:image\" content=\"https:\/\/www.mundoacuicola.cl\/new\/wp-content\/uploads\/2026\/03\/KonimoI-1.jpg\" \/>\n\t<meta property=\"og:image:width\" content=\"1200\" \/>\n\t<meta property=\"og:image:height\" content=\"700\" \/>\n\t<meta property=\"og:image:type\" content=\"image\/jpeg\" \/>\n<meta name=\"author\" content=\"mbarrueto\" \/>\n<meta name=\"twitter:card\" content=\"summary_large_image\" \/>\n<meta name=\"twitter:creator\" content=\"@mundoacuicola\" \/>\n<meta name=\"twitter:site\" content=\"@mundoacuicola\" \/>\n<meta name=\"twitter:label1\" content=\"Escrito por\" \/>\n\t<meta name=\"twitter:data1\" content=\"mbarrueto\" \/>\n\t<meta name=\"twitter:label2\" content=\"Tiempo de lectura\" \/>\n\t<meta name=\"twitter:data2\" content=\"2 minutos\" \/>\n<script type=\"application\/ld+json\" class=\"yoast-schema-graph\">{\"@context\":\"https:\\\/\\\/schema.org\",\"@graph\":[{\"@type\":\"Article\",\"@id\":\"https:\\\/\\\/www.mundoacuicola.cl\\\/new\\\/fiscalia-realiza-nuevas-diligencias-por-naufragio-de-embarcacion-konimo-i-en-cochamo\\\/#article\",\"isPartOf\":{\"@id\":\"https:\\\/\\\/www.mundoacuicola.cl\\\/new\\\/fiscalia-realiza-nuevas-diligencias-por-naufragio-de-embarcacion-konimo-i-en-cochamo\\\/\"},\"author\":{\"name\":\"mbarrueto\",\"@id\":\"https:\\\/\\\/www.mundoacuicola.cl\\\/new\\\/#\\\/schema\\\/person\\\/c00ffe389abb88bd9254653add139315\"},\"headline\":\"Fiscal\u00eda realiza nuevas diligencias por naufragio de embarcaci\u00f3n Ko\u00f1imo I en Cocham\u00f3\",\"datePublished\":\"2026-03-19T19:00:07+00:00\",\"dateModified\":\"2026-03-20T14:27:43+00:00\",\"mainEntityOfPage\":{\"@id\":\"https:\\\/\\\/www.mundoacuicola.cl\\\/new\\\/fiscalia-realiza-nuevas-diligencias-por-naufragio-de-embarcacion-konimo-i-en-cochamo\\\/\"},\"wordCount\":375,\"publisher\":{\"@id\":\"https:\\\/\\\/www.mundoacuicola.cl\\\/new\\\/#organization\"},\"image\":{\"@id\":\"https:\\\/\\\/www.mundoacuicola.cl\\\/new\\\/fiscalia-realiza-nuevas-diligencias-por-naufragio-de-embarcacion-konimo-i-en-cochamo\\\/#primaryimage\"},\"thumbnailUrl\":\"https:\\\/\\\/www.mundoacuicola.cl\\\/new\\\/wp-content\\\/uploads\\\/2026\\\/03\\\/KonimoI-1.jpg\",\"keywords\":[\"accidente mar\u00edtimo\",\"Industria salmonera\",\"Ko\u00f1imo I\"],\"articleSection\":[\"Mar\u00edtimo\"],\"inLanguage\":\"es\"},{\"@type\":\"WebPage\",\"@id\":\"https:\\\/\\\/www.mundoacuicola.cl\\\/new\\\/fiscalia-realiza-nuevas-diligencias-por-naufragio-de-embarcacion-konimo-i-en-cochamo\\\/\",\"url\":\"https:\\\/\\\/www.mundoacuicola.cl\\\/new\\\/fiscalia-realiza-nuevas-diligencias-por-naufragio-de-embarcacion-konimo-i-en-cochamo\\\/\",\"name\":\"Fiscal\u00eda realiza nuevas diligencias por naufragio de embarcaci\u00f3n Ko\u00f1imo I en Cocham\u00f3 - Mundoacuicola\",\"isPartOf\":{\"@id\":\"https:\\\/\\\/www.mundoacuicola.cl\\\/new\\\/#website\"},\"primaryImageOfPage\":{\"@id\":\"https:\\\/\\\/www.mundoacuicola.cl\\\/new\\\/fiscalia-realiza-nuevas-diligencias-por-naufragio-de-embarcacion-konimo-i-en-cochamo\\\/#primaryimage\"},\"image\":{\"@id\":\"https:\\\/\\\/www.mundoacuicola.cl\\\/new\\\/fiscalia-realiza-nuevas-diligencias-por-naufragio-de-embarcacion-konimo-i-en-cochamo\\\/#primaryimage\"},\"thumbnailUrl\":\"https:\\\/\\\/www.mundoacuicola.cl\\\/new\\\/wp-content\\\/uploads\\\/2026\\\/03\\\/KonimoI-1.jpg\",\"datePublished\":\"2026-03-19T19:00:07+00:00\",\"dateModified\":\"2026-03-20T14:27:43+00:00\",\"description\":\"Las diligencias incluyen buceo especializado, registro audiovisual de la embarcaci\u00f3n y recuperaci\u00f3n de evidencias desde el fondo marino.\",\"breadcrumb\":{\"@id\":\"https:\\\/\\\/www.mundoacuicola.cl\\\/new\\\/fiscalia-realiza-nuevas-diligencias-por-naufragio-de-embarcacion-konimo-i-en-cochamo\\\/#breadcrumb\"},\"inLanguage\":\"es\",\"potentialAction\":[{\"@type\":\"ReadAction\",\"target\":[\"https:\\\/\\\/www.mundoacuicola.cl\\\/new\\\/fiscalia-realiza-nuevas-diligencias-por-naufragio-de-embarcacion-konimo-i-en-cochamo\\\/\"]}]},{\"@type\":\"ImageObject\",\"inLanguage\":\"es\",\"@id\":\"https:\\\/\\\/www.mundoacuicola.cl\\\/new\\\/fiscalia-realiza-nuevas-diligencias-por-naufragio-de-embarcacion-konimo-i-en-cochamo\\\/#primaryimage\",\"url\":\"https:\\\/\\\/www.mundoacuicola.cl\\\/new\\\/wp-content\\\/uploads\\\/2026\\\/03\\\/KonimoI-1.jpg\",\"contentUrl\":\"https:\\\/\\\/www.mundoacuicola.cl\\\/new\\\/wp-content\\\/uploads\\\/2026\\\/03\\\/KonimoI-1.jpg\",\"width\":1200,\"height\":700},{\"@type\":\"BreadcrumbList\",\"@id\":\"https:\\\/\\\/www.mundoacuicola.cl\\\/new\\\/fiscalia-realiza-nuevas-diligencias-por-naufragio-de-embarcacion-konimo-i-en-cochamo\\\/#breadcrumb\",\"itemListElement\":[{\"@type\":\"ListItem\",\"position\":1,\"name\":\"Portada\",\"item\":\"https:\\\/\\\/www.mundoacuicola.cl\\\/new\\\/\"},{\"@type\":\"ListItem\",\"position\":2,\"name\":\"Fiscal\u00eda realiza nuevas diligencias por naufragio de embarcaci\u00f3n Ko\u00f1imo I en Cocham\u00f3\"}]},{\"@type\":\"WebSite\",\"@id\":\"https:\\\/\\\/www.mundoacuicola.cl\\\/new\\\/#website\",\"url\":\"https:\\\/\\\/www.mundoacuicola.cl\\\/new\\\/\",\"name\":\"Mundoacuicola\",\"description\":\"Revista de Acuicultura.\",\"publisher\":{\"@id\":\"https:\\\/\\\/www.mundoacuicola.cl\\\/new\\\/#organization\"},\"potentialAction\":[{\"@type\":\"SearchAction\",\"target\":{\"@type\":\"EntryPoint\",\"urlTemplate\":\"https:\\\/\\\/www.mundoacuicola.cl\\\/new\\\/?s={search_term_string}\"},\"query-input\":{\"@type\":\"PropertyValueSpecification\",\"valueRequired\":true,\"valueName\":\"search_term_string\"}}],\"inLanguage\":\"es\"},{\"@type\":\"Organization\",\"@id\":\"https:\\\/\\\/www.mundoacuicola.cl\\\/new\\\/#organization\",\"name\":\"Mundoacuicola\",\"url\":\"https:\\\/\\\/www.mundoacuicola.cl\\\/new\\\/\",\"logo\":{\"@type\":\"ImageObject\",\"inLanguage\":\"es\",\"@id\":\"https:\\\/\\\/www.mundoacuicola.cl\\\/new\\\/#\\\/schema\\\/logo\\\/image\\\/\",\"url\":\"https:\\\/\\\/www.mundoacuicola.cl\\\/new\\\/wp-content\\\/uploads\\\/2026\\\/01\\\/cropped-LOGO-Mundo-Acuicola-2026.png\",\"contentUrl\":\"https:\\\/\\\/www.mundoacuicola.cl\\\/new\\\/wp-content\\\/uploads\\\/2026\\\/01\\\/cropped-LOGO-Mundo-Acuicola-2026.png\",\"width\":1252,\"height\":296,\"caption\":\"Mundoacuicola\"},\"image\":{\"@id\":\"https:\\\/\\\/www.mundoacuicola.cl\\\/new\\\/#\\\/schema\\\/logo\\\/image\\\/\"},\"sameAs\":[\"https:\\\/\\\/www.facebook.com\\\/mundo.acuicola\\\/\",\"https:\\\/\\\/x.com\\\/mundoacuicola\",\"https:\\\/\\\/www.linkedin.com\\\/in\\\/mundo-acuicola\"]},{\"@type\":\"Person\",\"@id\":\"https:\\\/\\\/www.mundoacuicola.cl\\\/new\\\/#\\\/schema\\\/person\\\/c00ffe389abb88bd9254653add139315\",\"name\":\"mbarrueto\",\"url\":\"https:\\\/\\\/www.mundoacuicola.cl\\\/new\\\/author\\\/mbarrueto\\\/\"}]}<\/script>\n<!-- \/ Yoast SEO plugin. -->","yoast_head_json":{"title":"Fiscal\u00eda realiza nuevas diligencias por naufragio de embarcaci\u00f3n Ko\u00f1imo I en Cocham\u00f3 - Mundoacuicola","description":"Las diligencias incluyen buceo especializado, registro audiovisual de la embarcaci\u00f3n y recuperaci\u00f3n de evidencias desde el fondo marino.","robots":{"index":"index","follow":"follow","max-snippet":"max-snippet:-1","max-image-preview":"max-image-preview:large","max-video-preview":"max-video-preview:-1"},"canonical":"https:\/\/www.mundoacuicola.cl\/new\/fiscalia-realiza-nuevas-diligencias-por-naufragio-de-embarcacion-konimo-i-en-cochamo\/","og_locale":"es_ES","og_type":"article","og_title":"Fiscal\u00eda realiza nuevas diligencias por naufragio de embarcaci\u00f3n Ko\u00f1imo I en Cocham\u00f3 - Mundoacuicola","og_description":"Las diligencias incluyen buceo especializado, registro audiovisual de la embarcaci\u00f3n y recuperaci\u00f3n de evidencias desde el fondo marino.","og_url":"https:\/\/www.mundoacuicola.cl\/new\/fiscalia-realiza-nuevas-diligencias-por-naufragio-de-embarcacion-konimo-i-en-cochamo\/","og_site_name":"Mundoacuicola","article_publisher":"https:\/\/www.facebook.com\/mundo.acuicola\/","article_published_time":"2026-03-19T19:00:07+00:00","article_modified_time":"2026-03-20T14:27:43+00:00","og_image":[{"width":1200,"height":700,"url":"https:\/\/www.mundoacuicola.cl\/new\/wp-content\/uploads\/2026\/03\/KonimoI-1.jpg","type":"image\/jpeg"}],"author":"mbarrueto","twitter_card":"summary_large_image","twitter_creator":"@mundoacuicola","twitter_site":"@mundoacuicola","twitter_misc":{"Escrito por":"mbarrueto","Tiempo de lectura":"2 minutos"},"schema":{"@context":"https:\/\/schema.org","@graph":[{"@type":"Article","@id":"https:\/\/www.mundoacuicola.cl\/new\/fiscalia-realiza-nuevas-diligencias-por-naufragio-de-embarcacion-konimo-i-en-cochamo\/#article","isPartOf":{"@id":"https:\/\/www.mundoacuicola.cl\/new\/fiscalia-realiza-nuevas-diligencias-por-naufragio-de-embarcacion-konimo-i-en-cochamo\/"},"author":{"name":"mbarrueto","@id":"https:\/\/www.mundoacuicola.cl\/new\/#\/schema\/person\/c00ffe389abb88bd9254653add139315"},"headline":"Fiscal\u00eda realiza nuevas diligencias por naufragio de embarcaci\u00f3n Ko\u00f1imo I en Cocham\u00f3","datePublished":"2026-03-19T19:00:07+00:00","dateModified":"2026-03-20T14:27:43+00:00","mainEntityOfPage":{"@id":"https:\/\/www.mundoacuicola.cl\/new\/fiscalia-realiza-nuevas-diligencias-por-naufragio-de-embarcacion-konimo-i-en-cochamo\/"},"wordCount":375,"publisher":{"@id":"https:\/\/www.mundoacuicola.cl\/new\/#organization"},"image":{"@id":"https:\/\/www.mundoacuicola.cl\/new\/fiscalia-realiza-nuevas-diligencias-por-naufragio-de-embarcacion-konimo-i-en-cochamo\/#primaryimage"},"thumbnailUrl":"https:\/\/www.mundoacuicola.cl\/new\/wp-content\/uploads\/2026\/03\/KonimoI-1.jpg","keywords":["accidente mar\u00edtimo","Industria salmonera","Ko\u00f1imo I"],"articleSection":["Mar\u00edtimo"],"inLanguage":"es"},{"@type":"WebPage","@id":"https:\/\/www.mundoacuicola.cl\/new\/fiscalia-realiza-nuevas-diligencias-por-naufragio-de-embarcacion-konimo-i-en-cochamo\/","url":"https:\/\/www.mundoacuicola.cl\/new\/fiscalia-realiza-nuevas-diligencias-por-naufragio-de-embarcacion-konimo-i-en-cochamo\/","name":"Fiscal\u00eda realiza nuevas diligencias por naufragio de embarcaci\u00f3n Ko\u00f1imo I en Cocham\u00f3 - Mundoacuicola","isPartOf":{"@id":"https:\/\/www.mundoacuicola.cl\/new\/#website"},"primaryImageOfPage":{"@id":"https:\/\/www.mundoacuicola.cl\/new\/fiscalia-realiza-nuevas-diligencias-por-naufragio-de-embarcacion-konimo-i-en-cochamo\/#primaryimage"},"image":{"@id":"https:\/\/www.mundoacuicola.cl\/new\/fiscalia-realiza-nuevas-diligencias-por-naufragio-de-embarcacion-konimo-i-en-cochamo\/#primaryimage"},"thumbnailUrl":"https:\/\/www.mundoacuicola.cl\/new\/wp-content\/uploads\/2026\/03\/KonimoI-1.jpg","datePublished":"2026-03-19T19:00:07+00:00","dateModified":"2026-03-20T14:27:43+00:00","description":"Las diligencias incluyen buceo especializado, registro audiovisual de la embarcaci\u00f3n y recuperaci\u00f3n de evidencias desde el fondo marino.","breadcrumb":{"@id":"https:\/\/www.mundoacuicola.cl\/new\/fiscalia-realiza-nuevas-diligencias-por-naufragio-de-embarcacion-konimo-i-en-cochamo\/#breadcrumb"},"inLanguage":"es","potentialAction":[{"@type":"ReadAction","target":["https:\/\/www.mundoacuicola.cl\/new\/fiscalia-realiza-nuevas-diligencias-por-naufragio-de-embarcacion-konimo-i-en-cochamo\/"]}]},{"@type":"ImageObject","inLanguage":"es","@id":"https:\/\/www.mundoacuicola.cl\/new\/fiscalia-realiza-nuevas-diligencias-por-naufragio-de-embarcacion-konimo-i-en-cochamo\/#primaryimage","url":"https:\/\/www.mundoacuicola.cl\/new\/wp-content\/uploads\/2026\/03\/KonimoI-1.jpg","contentUrl":"https:\/\/www.mundoacuicola.cl\/new\/wp-content\/uploads\/2026\/03\/KonimoI-1.jpg","width":1200,"height":700},{"@type":"BreadcrumbList","@id":"https:\/\/www.mundoacuicola.cl\/new\/fiscalia-realiza-nuevas-diligencias-por-naufragio-de-embarcacion-konimo-i-en-cochamo\/#breadcrumb","itemListElement":[{"@type":"ListItem","position":1,"name":"Portada","item":"https:\/\/www.mundoacuicola.cl\/new\/"},{"@type":"ListItem","position":2,"name":"Fiscal\u00eda realiza nuevas diligencias por naufragio de embarcaci\u00f3n Ko\u00f1imo I en Cocham\u00f3"}]},{"@type":"WebSite","@id":"https:\/\/www.mundoacuicola.cl\/new\/#website","url":"https:\/\/www.mundoacuicola.cl\/new\/","name":"Mundoacuicola","description":"Revista de Acuicultura.","publisher":{"@id":"https:\/\/www.mundoacuicola.cl\/new\/#organization"},"potentialAction":[{"@type":"SearchAction","target":{"@type":"EntryPoint","urlTemplate":"https:\/\/www.mundoacuicola.cl\/new\/?s={search_term_string}"},"query-input":{"@type":"PropertyValueSpecification","valueRequired":true,"valueName":"search_term_string"}}],"inLanguage":"es"},{"@type":"Organization","@id":"https:\/\/www.mundoacuicola.cl\/new\/#organization","name":"Mundoacuicola","url":"https:\/\/www.mundoacuicola.cl\/new\/","logo":{"@type":"ImageObject","inLanguage":"es","@id":"https:\/\/www.mundoacuicola.cl\/new\/#\/schema\/logo\/image\/","url":"https:\/\/www.mundoacuicola.cl\/new\/wp-content\/uploads\/2026\/01\/cropped-LOGO-Mundo-Acuicola-2026.png","contentUrl":"https:\/\/www.mundoacuicola.cl\/new\/wp-content\/uploads\/2026\/01\/cropped-LOGO-Mundo-Acuicola-2026.png","width":1252,"height":296,"caption":"Mundoacuicola"},"image":{"@id":"https:\/\/www.mundoacuicola.cl\/new\/#\/schema\/logo\/image\/"},"sameAs":["https:\/\/www.facebook.com\/mundo.acuicola\/","https:\/\/x.com\/mundoacuicola","https:\/\/www.linkedin.com\/in\/mundo-acuicola"]},{"@type":"Person","@id":"https:\/\/www.mundoacuicola.cl\/new\/#\/schema\/person\/c00ffe389abb88bd9254653add139315","name":"mbarrueto","url":"https:\/\/www.mundoacuicola.cl\/new\/author\/mbarrueto\/"}]}},"_links":{"self":[{"href":"https:\/\/www.mundoacuicola.cl\/new\/wp-json\/wp\/v2\/posts\/87051","targetHints":{"allow":["GET"]}}],"collection":[{"href":"https:\/\/www.mundoacuicola.cl\/new\/wp-json\/wp\/v2\/posts"}],"about":[{"href":"https:\/\/www.mundoacuicola.cl\/new\/wp-json\/wp\/v2\/types\/post"}],"author":[{"embeddable":true,"href":"https:\/\/www.mundoacuicola.cl\/new\/wp-json\/wp\/v2\/users\/10"}],"replies":[{"embeddable":true,"href":"https:\/\/www.mundoacuicola.cl\/new\/wp-json\/wp\/v2\/comments?post=87051"}],"version-history":[{"count":6,"href":"https:\/\/www.mundoacuicola.cl\/new\/wp-json\/wp\/v2\/posts\/87051\/revisions"}],"predecessor-version":[{"id":87069,"href":"https:\/\/www.mundoacuicola.cl\/new\/wp-json\/wp\/v2\/posts\/87051\/revisions\/87069"}],"wp:featuredmedia":[{"embeddable":true,"href":"https:\/\/www.mundoacuicola.cl\/new\/wp-json\/wp\/v2\/media\/87068"}],"wp:attachment":[{"href":"https:\/\/www.mundoacuicola.cl\/new\/wp-json\/wp\/v2\/media?parent=87051"}],"wp:term":[{"taxonomy":"category","embeddable":true,"href":"https:\/\/www.mundoacuicola.cl\/new\/wp-json\/wp\/v2\/categories?post=87051"},{"taxonomy":"post_tag","embeddable":true,"href":"https:\/\/www.mundoacuicola.cl\/new\/wp-json\/wp\/v2\/tags?post=87051"}],"curies":[{"name":"wp","href":"https:\/\/api.w.org\/{rel}","templated":true}]}}