{"id":88111,"date":"2026-04-27T15:04:33","date_gmt":"2026-04-27T19:04:33","guid":{"rendered":"https:\/\/www.mundoacuicola.cl\/new\/?p=88111"},"modified":"2026-04-27T15:04:33","modified_gmt":"2026-04-27T19:04:33","slug":"summit-acuicola-2026-impulsara-la-diversificacion-y-el-futuro-de-la-acuicultura-chilena","status":"publish","type":"post","link":"https:\/\/www.mundoacuicola.cl\/new\/summit-acuicola-2026-impulsara-la-diversificacion-y-el-futuro-de-la-acuicultura-chilena\/","title":{"rendered":"Summit Acu\u00edcola 2026 impulsar\u00e1 la diversificaci\u00f3n y el futuro de la acuicultura chilena"},"content":{"rendered":"<section class=\"text-token-text-primary w-full focus:outline-none [--shadow-height:45px] has-data-writing-block:pointer-events-none has-data-writing-block:-mt-(--shadow-height) has-data-writing-block:pt-(--shadow-height) [&amp;:has([data-writing-block])&gt;*]:pointer-events-auto [content-visibility:auto] supports-[content-visibility:auto]:[contain-intrinsic-size:auto_100lvh] R6Vx5W_threadScrollVars scroll-mb-[calc(var(--scroll-root-safe-area-inset-bottom,0px)+var(--thread-response-height))] scroll-mt-[calc(var(--header-height)+min(200px,max(70px,20svh)))]\" dir=\"auto\" data-turn-id=\"request-69c47dba-dc50-83e9-852e-2ea837b38bd0-18\" data-testid=\"conversation-turn-522\" data-scroll-anchor=\"false\" data-turn=\"assistant\">\n<div class=\"text-base my-auto mx-auto pb-10 [--thread-content-margin:var(--thread-content-margin-xs,calc(var(--spacing)*4))] @w-sm\/main:[--thread-content-margin:var(--thread-content-margin-sm,calc(var(--spacing)*6))] @w-lg\/main:[--thread-content-margin:var(--thread-content-margin-lg,calc(var(--spacing)*16))] px-(--thread-content-margin)\">\n<div class=\"[--thread-content-max-width:40rem] @w-lg\/main:[--thread-content-max-width:48rem] mx-auto max-w-(--thread-content-max-width) flex-1 group\/turn-messages focus-visible:outline-hidden relative flex w-full min-w-0 flex-col agent-turn\">\n<div class=\"flex max-w-full flex-col gap-4 grow\">\n<div class=\"min-h-8 text-message relative flex w-full flex-col items-end gap-2 text-start break-words whitespace-normal outline-none keyboard-focused:focus-ring [.text-message+&amp;]:mt-1\" dir=\"auto\" tabindex=\"0\" data-message-author-role=\"assistant\" data-message-id=\"07a06495-5e20-4881-8ff6-1fb8d00d542d\" data-message-model-slug=\"gpt-5-3\" data-turn-start-message=\"true\">\n<div class=\"flex w-full flex-col gap-1 empty:hidden\">\n<div class=\"markdown prose dark:prose-invert w-full wrap-break-word light markdown-new-styling\">\n<section class=\"text-token-text-primary w-full focus:outline-none [--shadow-height:45px] has-data-writing-block:pointer-events-none has-data-writing-block:-mt-(--shadow-height) has-data-writing-block:pt-(--shadow-height) [&amp;:has([data-writing-block])&gt;*]:pointer-events-auto [content-visibility:auto] supports-[content-visibility:auto]:[contain-intrinsic-size:auto_100lvh] R6Vx5W_threadScrollVars scroll-mb-[calc(var(--scroll-root-safe-area-inset-bottom,0px)+var(--thread-response-height))] scroll-mt-[calc(var(--header-height)+min(200px,max(70px,20svh)))]\" dir=\"auto\" data-turn-id=\"request-69c47dba-dc50-83e9-852e-2ea837b38bd0-20\" data-testid=\"conversation-turn-526\" data-scroll-anchor=\"false\" data-turn=\"assistant\">\n<div class=\"text-base my-auto mx-auto pb-10 [--thread-content-margin:var(--thread-content-margin-xs,calc(var(--spacing)*4))] @w-sm\/main:[--thread-content-margin:var(--thread-content-margin-sm,calc(var(--spacing)*6))] @w-lg\/main:[--thread-content-margin:var(--thread-content-margin-lg,calc(var(--spacing)*16))] px-(--thread-content-margin)\">\n<div class=\"[--thread-content-max-width:40rem] @w-lg\/main:[--thread-content-max-width:48rem] mx-auto max-w-(--thread-content-max-width) flex-1 group\/turn-messages focus-visible:outline-hidden relative flex w-full min-w-0 flex-col agent-turn\">\n<div class=\"flex max-w-full flex-col gap-4 grow\">\n<div class=\"min-h-8 text-message relative flex w-full flex-col items-end gap-2 text-start break-words whitespace-normal outline-none keyboard-focused:focus-ring [.text-message+&amp;]:mt-1\" dir=\"auto\" tabindex=\"0\" data-message-author-role=\"assistant\" data-message-id=\"7e5a3848-a70f-4496-b221-fcfa66df65a5\" data-message-model-slug=\"gpt-5-3\" data-turn-start-message=\"true\">\n<div class=\"flex w-full flex-col gap-1 empty:hidden\">\n<div class=\"markdown prose dark:prose-invert w-full wrap-break-word light markdown-new-styling\">\n<p data-start=\"0\" data-end=\"337\">El pr\u00f3ximo 20 de mayo se realizar\u00e1 en Coquimbo el Summit Acu\u00edcola 2026, encuentro que reunir\u00e1 a actores del sector p\u00fablico, acad\u00e9mico y productivo para abordar los desaf\u00edos de la acuicultura nacional bajo el eje \u201cAcuicultura 2030: Diversificaci\u00f3n, Escalamiento y Desarrollo Tecnol\u00f3gico\u201d, con el subt\u00edtulo \u201cDel laboratorio al territorio\u201d.<\/p>\n<p data-start=\"339\" data-end=\"735\">La actividad, organizada por Corfo junto a sus Programas Tecnol\u00f3gicos y Consorcios a nivel nacional, se desarrollar\u00e1 en el Sal\u00f3n Shizuo Akaboshi de la Universidad Cat\u00f3lica del Norte y buscar\u00e1 visibilizar los principales avances, resultados y proyecciones de iniciativas orientadas al fortalecimiento del sector acu\u00edcola, con foco en innovaci\u00f3n, transferencia tecnol\u00f3gica y desarrollo territorial.<\/p>\n<h3 data-start=\"339\" data-end=\"735\"><strong>El PTEC Ostra Japonesa<\/strong><\/h3>\n<p data-start=\"737\" data-end=\"992\">En esta versi\u00f3n, el Programa Tecnol\u00f3gico para el Desarrollo y Escalamiento Sustentable de la Ostra Japonesa lidera la realizaci\u00f3n del Summit, situando la diversificaci\u00f3n productiva como uno de los principales ejes de discusi\u00f3n para la acuicultura chilena.<\/p>\n<p data-start=\"994\" data-end=\"1353\">La iniciativa, dirigida por el Dr. Rodrigo Rojas, busca fortalecer la acuicultura de peque\u00f1a escala mediante la incorporaci\u00f3n de nuevas alternativas productivas y el acompa\u00f1amiento t\u00e9cnico a productores en distintas regiones del pa\u00eds, promoviendo el cultivo de ostra japonesa (Crassostrea gigas) como una opci\u00f3n complementaria a las actividades tradicionales.<\/p>\n<p data-start=\"1355\" data-end=\"1689\">Este enfoque apunta a generar nuevas fuentes de ingreso, optimizar el uso de capacidades locales y avanzar en la incorporaci\u00f3n de innovaci\u00f3n en los procesos productivos, especialmente en territorios con fuerte vocaci\u00f3n acu\u00edcola y donde la diversificaci\u00f3n se presenta como una estrategia clave para ampliar oportunidades de desarrollo.<\/p>\n<h3 data-start=\"1355\" data-end=\"1689\"><strong>Colaboran<\/strong><\/h3>\n<p data-start=\"1691\" data-end=\"2227\">Adem\u00e1s del PTEC Ostra Japonesa, participar\u00e1n el Programa Tecnol\u00f3gico para la Producci\u00f3n Local de Insumos Nutricionales para la Acuicultura (PTEC-INVA); el Programa Tecnol\u00f3gico en Innovaci\u00f3n para el Cultivo Regenerativo de Algas (PTEC-IPMAPY); Huiro Regenerativo, modelo de cultivo sostenible de macroalgas como Macrocystis pyrifera; Valoriza M\u00e1S, enfocado en el escalamiento e implementaci\u00f3n de tecnolog\u00edas para el desarrollo de econom\u00eda circular en la industria de manufactura y empresas de servicio; y el Consorcio Aqua Biotechnology.<\/p>\n<p data-start=\"2229\" data-end=\"2553\">Estas iniciativas responden a un objetivo com\u00fan orientado a fortalecer el desarrollo del sector acu\u00edcola mediante la generaci\u00f3n de soluciones innovadoras, la transferencia de conocimiento y la aplicaci\u00f3n de tecnolog\u00edas en distintos territorios del pa\u00eds, promoviendo una acuicultura m\u00e1s diversificada, eficiente y sostenible.<\/p>\n<p data-start=\"2555\" data-end=\"2897\">La jornada se desarrollar\u00e1 entre las 09:00 y las 14:00 horas y culminar\u00e1 con un c\u00f3ctel de cierre orientado al networking entre programas, consorcios, autoridades y empresas participantes. Adem\u00e1s, el evento contar\u00e1 con <strong>transmisi\u00f3n en vivo<\/strong> a trav\u00e9s de YouTube, permitiendo seguir sus principales contenidos desde distintos territorios del pa\u00eds.<\/p>\n<p data-start=\"2899\" data-end=\"3029\">En las pr\u00f3ximas semanas se espera adem\u00e1s la publicaci\u00f3n del programa oficial con el detalle de expositores, paneles y actividades.<\/p>\n<p data-start=\"3031\" data-end=\"3302\" data-is-last-node=\"\" data-is-only-node=\"\">El Summit Acu\u00edcola 2026 busca consolidarse como un espacio de articulaci\u00f3n entre ciencia, industria y pol\u00edticas p\u00fablicas, promoviendo nuevas oportunidades de colaboraci\u00f3n y fortaleciendo una mirada de largo plazo para el crecimiento sostenible de la acuicultura nacional.<\/p>\n<\/div>\n<\/div>\n<\/div>\n<\/div>\n<\/div>\n<\/div>\n<\/section>\n<\/div>\n<\/div>\n<\/div>\n<\/div>\n<\/div>\n<\/div>\n<\/section>\n","protected":false},"excerpt":{"rendered":"<p>El encuentro organizado por Corfo y liderado por el PTEC Ostra Japonesa reunir\u00e1 en Coquimbo a actores p\u00fablicos, acad\u00e9micos y productivos para abordar innovaci\u00f3n, escalamiento tecnol\u00f3gico y desarrollo territorial en la acuicultura nacional.<\/p>\n","protected":false},"author":10,"featured_media":88112,"comment_status":"closed","ping_status":"closed","sticky":false,"template":"","format":"standard","meta":{"footnotes":""},"categories":[398],"tags":[1261,143,153,7338,122,785,2083,29334],"class_list":["post-88111","post","type-post","status-publish","format-standard","has-post-thumbnail","hentry","category-titular","tag-acuicola","tag-acuicultura","tag-corfo","tag-diversificacion-acuicola","tag-industria-acuicola","tag-ostra-japonesa","tag-ostras","tag-summit-acuicola-2026"],"yoast_head":"<!-- This site is optimized with the Yoast SEO plugin v27.4 - https:\/\/yoast.com\/product\/yoast-seo-wordpress\/ -->\n<title>Summit Acu\u00edcola 2026 impulsar\u00e1 la diversificaci\u00f3n y el futuro de la acuicultura chilena - Mundoacuicola<\/title>\n<meta name=\"description\" content=\"El encuentro organizado por Corfo y liderado por el PTEC Ostra Japonesa reunir\u00e1 en Coquimbo a actores p\u00fablicos, acad\u00e9micos y productivos.\" \/>\n<meta name=\"robots\" content=\"index, follow, max-snippet:-1, max-image-preview:large, max-video-preview:-1\" \/>\n<link rel=\"canonical\" href=\"https:\/\/www.mundoacuicola.cl\/new\/summit-acuicola-2026-impulsara-la-diversificacion-y-el-futuro-de-la-acuicultura-chilena\/\" \/>\n<meta property=\"og:locale\" content=\"es_ES\" \/>\n<meta property=\"og:type\" content=\"article\" \/>\n<meta property=\"og:title\" content=\"Summit Acu\u00edcola 2026 impulsar\u00e1 la diversificaci\u00f3n y el futuro de la acuicultura chilena - Mundoacuicola\" \/>\n<meta property=\"og:description\" content=\"El encuentro organizado por Corfo y liderado por el PTEC Ostra Japonesa reunir\u00e1 en Coquimbo a actores p\u00fablicos, acad\u00e9micos y productivos.\" \/>\n<meta property=\"og:url\" content=\"https:\/\/www.mundoacuicola.cl\/new\/summit-acuicola-2026-impulsara-la-diversificacion-y-el-futuro-de-la-acuicultura-chilena\/\" \/>\n<meta property=\"og:site_name\" content=\"Mundoacuicola\" \/>\n<meta property=\"article:publisher\" content=\"https:\/\/www.facebook.com\/mundo.acuicola\/\" \/>\n<meta property=\"article:published_time\" content=\"2026-04-27T19:04:33+00:00\" \/>\n<meta property=\"og:image\" content=\"https:\/\/www.mundoacuicola.cl\/new\/wp-content\/uploads\/2026\/04\/SummitAcuicola2026.jpg\" \/>\n\t<meta property=\"og:image:width\" content=\"1200\" \/>\n\t<meta property=\"og:image:height\" content=\"700\" \/>\n\t<meta property=\"og:image:type\" content=\"image\/jpeg\" \/>\n<meta name=\"author\" content=\"mbarrueto\" \/>\n<meta name=\"twitter:card\" content=\"summary_large_image\" \/>\n<meta name=\"twitter:creator\" content=\"@mundoacuicola\" \/>\n<meta name=\"twitter:site\" content=\"@mundoacuicola\" \/>\n<meta name=\"twitter:label1\" content=\"Escrito por\" \/>\n\t<meta name=\"twitter:data1\" content=\"mbarrueto\" \/>\n\t<meta name=\"twitter:label2\" content=\"Tiempo de lectura\" \/>\n\t<meta name=\"twitter:data2\" content=\"3 minutos\" \/>\n<script type=\"application\/ld+json\" class=\"yoast-schema-graph\">{\"@context\":\"https:\\\/\\\/schema.org\",\"@graph\":[{\"@type\":\"Article\",\"@id\":\"https:\\\/\\\/www.mundoacuicola.cl\\\/new\\\/summit-acuicola-2026-impulsara-la-diversificacion-y-el-futuro-de-la-acuicultura-chilena\\\/#article\",\"isPartOf\":{\"@id\":\"https:\\\/\\\/www.mundoacuicola.cl\\\/new\\\/summit-acuicola-2026-impulsara-la-diversificacion-y-el-futuro-de-la-acuicultura-chilena\\\/\"},\"author\":{\"name\":\"mbarrueto\",\"@id\":\"https:\\\/\\\/www.mundoacuicola.cl\\\/new\\\/#\\\/schema\\\/person\\\/c00ffe389abb88bd9254653add139315\"},\"headline\":\"Summit Acu\u00edcola 2026 impulsar\u00e1 la diversificaci\u00f3n y el futuro de la acuicultura chilena\",\"datePublished\":\"2026-04-27T19:04:33+00:00\",\"mainEntityOfPage\":{\"@id\":\"https:\\\/\\\/www.mundoacuicola.cl\\\/new\\\/summit-acuicola-2026-impulsara-la-diversificacion-y-el-futuro-de-la-acuicultura-chilena\\\/\"},\"wordCount\":533,\"publisher\":{\"@id\":\"https:\\\/\\\/www.mundoacuicola.cl\\\/new\\\/#organization\"},\"image\":{\"@id\":\"https:\\\/\\\/www.mundoacuicola.cl\\\/new\\\/summit-acuicola-2026-impulsara-la-diversificacion-y-el-futuro-de-la-acuicultura-chilena\\\/#primaryimage\"},\"thumbnailUrl\":\"https:\\\/\\\/www.mundoacuicola.cl\\\/new\\\/wp-content\\\/uploads\\\/2026\\\/04\\\/SummitAcuicola2026.jpg\",\"keywords\":[\"Acu\u00edcola\",\"Acuicultura\",\"Corfo\",\"diversificaci\u00f3n acu\u00edcola\",\"Industria Acu\u00edcola\",\"ostra japonesa\",\"Ostras\",\"Summit Acu\u00edcola 2026\"],\"articleSection\":[\"Titular 1\"],\"inLanguage\":\"es\"},{\"@type\":\"WebPage\",\"@id\":\"https:\\\/\\\/www.mundoacuicola.cl\\\/new\\\/summit-acuicola-2026-impulsara-la-diversificacion-y-el-futuro-de-la-acuicultura-chilena\\\/\",\"url\":\"https:\\\/\\\/www.mundoacuicola.cl\\\/new\\\/summit-acuicola-2026-impulsara-la-diversificacion-y-el-futuro-de-la-acuicultura-chilena\\\/\",\"name\":\"Summit Acu\u00edcola 2026 impulsar\u00e1 la diversificaci\u00f3n y el futuro de la acuicultura chilena - Mundoacuicola\",\"isPartOf\":{\"@id\":\"https:\\\/\\\/www.mundoacuicola.cl\\\/new\\\/#website\"},\"primaryImageOfPage\":{\"@id\":\"https:\\\/\\\/www.mundoacuicola.cl\\\/new\\\/summit-acuicola-2026-impulsara-la-diversificacion-y-el-futuro-de-la-acuicultura-chilena\\\/#primaryimage\"},\"image\":{\"@id\":\"https:\\\/\\\/www.mundoacuicola.cl\\\/new\\\/summit-acuicola-2026-impulsara-la-diversificacion-y-el-futuro-de-la-acuicultura-chilena\\\/#primaryimage\"},\"thumbnailUrl\":\"https:\\\/\\\/www.mundoacuicola.cl\\\/new\\\/wp-content\\\/uploads\\\/2026\\\/04\\\/SummitAcuicola2026.jpg\",\"datePublished\":\"2026-04-27T19:04:33+00:00\",\"description\":\"El encuentro organizado por Corfo y liderado por el PTEC Ostra Japonesa reunir\u00e1 en Coquimbo a actores p\u00fablicos, acad\u00e9micos y productivos.\",\"breadcrumb\":{\"@id\":\"https:\\\/\\\/www.mundoacuicola.cl\\\/new\\\/summit-acuicola-2026-impulsara-la-diversificacion-y-el-futuro-de-la-acuicultura-chilena\\\/#breadcrumb\"},\"inLanguage\":\"es\",\"potentialAction\":[{\"@type\":\"ReadAction\",\"target\":[\"https:\\\/\\\/www.mundoacuicola.cl\\\/new\\\/summit-acuicola-2026-impulsara-la-diversificacion-y-el-futuro-de-la-acuicultura-chilena\\\/\"]}]},{\"@type\":\"ImageObject\",\"inLanguage\":\"es\",\"@id\":\"https:\\\/\\\/www.mundoacuicola.cl\\\/new\\\/summit-acuicola-2026-impulsara-la-diversificacion-y-el-futuro-de-la-acuicultura-chilena\\\/#primaryimage\",\"url\":\"https:\\\/\\\/www.mundoacuicola.cl\\\/new\\\/wp-content\\\/uploads\\\/2026\\\/04\\\/SummitAcuicola2026.jpg\",\"contentUrl\":\"https:\\\/\\\/www.mundoacuicola.cl\\\/new\\\/wp-content\\\/uploads\\\/2026\\\/04\\\/SummitAcuicola2026.jpg\",\"width\":1200,\"height\":700},{\"@type\":\"BreadcrumbList\",\"@id\":\"https:\\\/\\\/www.mundoacuicola.cl\\\/new\\\/summit-acuicola-2026-impulsara-la-diversificacion-y-el-futuro-de-la-acuicultura-chilena\\\/#breadcrumb\",\"itemListElement\":[{\"@type\":\"ListItem\",\"position\":1,\"name\":\"Portada\",\"item\":\"https:\\\/\\\/www.mundoacuicola.cl\\\/new\\\/\"},{\"@type\":\"ListItem\",\"position\":2,\"name\":\"Summit Acu\u00edcola 2026 impulsar\u00e1 la diversificaci\u00f3n y el futuro de la acuicultura chilena\"}]},{\"@type\":\"WebSite\",\"@id\":\"https:\\\/\\\/www.mundoacuicola.cl\\\/new\\\/#website\",\"url\":\"https:\\\/\\\/www.mundoacuicola.cl\\\/new\\\/\",\"name\":\"Mundoacuicola\",\"description\":\"Revista de Acuicultura.\",\"publisher\":{\"@id\":\"https:\\\/\\\/www.mundoacuicola.cl\\\/new\\\/#organization\"},\"potentialAction\":[{\"@type\":\"SearchAction\",\"target\":{\"@type\":\"EntryPoint\",\"urlTemplate\":\"https:\\\/\\\/www.mundoacuicola.cl\\\/new\\\/?s={search_term_string}\"},\"query-input\":{\"@type\":\"PropertyValueSpecification\",\"valueRequired\":true,\"valueName\":\"search_term_string\"}}],\"inLanguage\":\"es\"},{\"@type\":\"Organization\",\"@id\":\"https:\\\/\\\/www.mundoacuicola.cl\\\/new\\\/#organization\",\"name\":\"Mundoacuicola\",\"url\":\"https:\\\/\\\/www.mundoacuicola.cl\\\/new\\\/\",\"logo\":{\"@type\":\"ImageObject\",\"inLanguage\":\"es\",\"@id\":\"https:\\\/\\\/www.mundoacuicola.cl\\\/new\\\/#\\\/schema\\\/logo\\\/image\\\/\",\"url\":\"https:\\\/\\\/www.mundoacuicola.cl\\\/new\\\/wp-content\\\/uploads\\\/2026\\\/01\\\/cropped-LOGO-Mundo-Acuicola-2026.png\",\"contentUrl\":\"https:\\\/\\\/www.mundoacuicola.cl\\\/new\\\/wp-content\\\/uploads\\\/2026\\\/01\\\/cropped-LOGO-Mundo-Acuicola-2026.png\",\"width\":1252,\"height\":296,\"caption\":\"Mundoacuicola\"},\"image\":{\"@id\":\"https:\\\/\\\/www.mundoacuicola.cl\\\/new\\\/#\\\/schema\\\/logo\\\/image\\\/\"},\"sameAs\":[\"https:\\\/\\\/www.facebook.com\\\/mundo.acuicola\\\/\",\"https:\\\/\\\/x.com\\\/mundoacuicola\",\"https:\\\/\\\/www.linkedin.com\\\/in\\\/mundo-acuicola\"]},{\"@type\":\"Person\",\"@id\":\"https:\\\/\\\/www.mundoacuicola.cl\\\/new\\\/#\\\/schema\\\/person\\\/c00ffe389abb88bd9254653add139315\",\"name\":\"mbarrueto\",\"url\":\"https:\\\/\\\/www.mundoacuicola.cl\\\/new\\\/author\\\/mbarrueto\\\/\"}]}<\/script>\n<!-- \/ Yoast SEO plugin. -->","yoast_head_json":{"title":"Summit Acu\u00edcola 2026 impulsar\u00e1 la diversificaci\u00f3n y el futuro de la acuicultura chilena - Mundoacuicola","description":"El encuentro organizado por Corfo y liderado por el PTEC Ostra Japonesa reunir\u00e1 en Coquimbo a actores p\u00fablicos, acad\u00e9micos y productivos.","robots":{"index":"index","follow":"follow","max-snippet":"max-snippet:-1","max-image-preview":"max-image-preview:large","max-video-preview":"max-video-preview:-1"},"canonical":"https:\/\/www.mundoacuicola.cl\/new\/summit-acuicola-2026-impulsara-la-diversificacion-y-el-futuro-de-la-acuicultura-chilena\/","og_locale":"es_ES","og_type":"article","og_title":"Summit Acu\u00edcola 2026 impulsar\u00e1 la diversificaci\u00f3n y el futuro de la acuicultura chilena - Mundoacuicola","og_description":"El encuentro organizado por Corfo y liderado por el PTEC Ostra Japonesa reunir\u00e1 en Coquimbo a actores p\u00fablicos, acad\u00e9micos y productivos.","og_url":"https:\/\/www.mundoacuicola.cl\/new\/summit-acuicola-2026-impulsara-la-diversificacion-y-el-futuro-de-la-acuicultura-chilena\/","og_site_name":"Mundoacuicola","article_publisher":"https:\/\/www.facebook.com\/mundo.acuicola\/","article_published_time":"2026-04-27T19:04:33+00:00","og_image":[{"width":1200,"height":700,"url":"https:\/\/www.mundoacuicola.cl\/new\/wp-content\/uploads\/2026\/04\/SummitAcuicola2026.jpg","type":"image\/jpeg"}],"author":"mbarrueto","twitter_card":"summary_large_image","twitter_creator":"@mundoacuicola","twitter_site":"@mundoacuicola","twitter_misc":{"Escrito por":"mbarrueto","Tiempo de lectura":"3 minutos"},"schema":{"@context":"https:\/\/schema.org","@graph":[{"@type":"Article","@id":"https:\/\/www.mundoacuicola.cl\/new\/summit-acuicola-2026-impulsara-la-diversificacion-y-el-futuro-de-la-acuicultura-chilena\/#article","isPartOf":{"@id":"https:\/\/www.mundoacuicola.cl\/new\/summit-acuicola-2026-impulsara-la-diversificacion-y-el-futuro-de-la-acuicultura-chilena\/"},"author":{"name":"mbarrueto","@id":"https:\/\/www.mundoacuicola.cl\/new\/#\/schema\/person\/c00ffe389abb88bd9254653add139315"},"headline":"Summit Acu\u00edcola 2026 impulsar\u00e1 la diversificaci\u00f3n y el futuro de la acuicultura chilena","datePublished":"2026-04-27T19:04:33+00:00","mainEntityOfPage":{"@id":"https:\/\/www.mundoacuicola.cl\/new\/summit-acuicola-2026-impulsara-la-diversificacion-y-el-futuro-de-la-acuicultura-chilena\/"},"wordCount":533,"publisher":{"@id":"https:\/\/www.mundoacuicola.cl\/new\/#organization"},"image":{"@id":"https:\/\/www.mundoacuicola.cl\/new\/summit-acuicola-2026-impulsara-la-diversificacion-y-el-futuro-de-la-acuicultura-chilena\/#primaryimage"},"thumbnailUrl":"https:\/\/www.mundoacuicola.cl\/new\/wp-content\/uploads\/2026\/04\/SummitAcuicola2026.jpg","keywords":["Acu\u00edcola","Acuicultura","Corfo","diversificaci\u00f3n acu\u00edcola","Industria Acu\u00edcola","ostra japonesa","Ostras","Summit Acu\u00edcola 2026"],"articleSection":["Titular 1"],"inLanguage":"es"},{"@type":"WebPage","@id":"https:\/\/www.mundoacuicola.cl\/new\/summit-acuicola-2026-impulsara-la-diversificacion-y-el-futuro-de-la-acuicultura-chilena\/","url":"https:\/\/www.mundoacuicola.cl\/new\/summit-acuicola-2026-impulsara-la-diversificacion-y-el-futuro-de-la-acuicultura-chilena\/","name":"Summit Acu\u00edcola 2026 impulsar\u00e1 la diversificaci\u00f3n y el futuro de la acuicultura chilena - Mundoacuicola","isPartOf":{"@id":"https:\/\/www.mundoacuicola.cl\/new\/#website"},"primaryImageOfPage":{"@id":"https:\/\/www.mundoacuicola.cl\/new\/summit-acuicola-2026-impulsara-la-diversificacion-y-el-futuro-de-la-acuicultura-chilena\/#primaryimage"},"image":{"@id":"https:\/\/www.mundoacuicola.cl\/new\/summit-acuicola-2026-impulsara-la-diversificacion-y-el-futuro-de-la-acuicultura-chilena\/#primaryimage"},"thumbnailUrl":"https:\/\/www.mundoacuicola.cl\/new\/wp-content\/uploads\/2026\/04\/SummitAcuicola2026.jpg","datePublished":"2026-04-27T19:04:33+00:00","description":"El encuentro organizado por Corfo y liderado por el PTEC Ostra Japonesa reunir\u00e1 en Coquimbo a actores p\u00fablicos, acad\u00e9micos y productivos.","breadcrumb":{"@id":"https:\/\/www.mundoacuicola.cl\/new\/summit-acuicola-2026-impulsara-la-diversificacion-y-el-futuro-de-la-acuicultura-chilena\/#breadcrumb"},"inLanguage":"es","potentialAction":[{"@type":"ReadAction","target":["https:\/\/www.mundoacuicola.cl\/new\/summit-acuicola-2026-impulsara-la-diversificacion-y-el-futuro-de-la-acuicultura-chilena\/"]}]},{"@type":"ImageObject","inLanguage":"es","@id":"https:\/\/www.mundoacuicola.cl\/new\/summit-acuicola-2026-impulsara-la-diversificacion-y-el-futuro-de-la-acuicultura-chilena\/#primaryimage","url":"https:\/\/www.mundoacuicola.cl\/new\/wp-content\/uploads\/2026\/04\/SummitAcuicola2026.jpg","contentUrl":"https:\/\/www.mundoacuicola.cl\/new\/wp-content\/uploads\/2026\/04\/SummitAcuicola2026.jpg","width":1200,"height":700},{"@type":"BreadcrumbList","@id":"https:\/\/www.mundoacuicola.cl\/new\/summit-acuicola-2026-impulsara-la-diversificacion-y-el-futuro-de-la-acuicultura-chilena\/#breadcrumb","itemListElement":[{"@type":"ListItem","position":1,"name":"Portada","item":"https:\/\/www.mundoacuicola.cl\/new\/"},{"@type":"ListItem","position":2,"name":"Summit Acu\u00edcola 2026 impulsar\u00e1 la diversificaci\u00f3n y el futuro de la acuicultura chilena"}]},{"@type":"WebSite","@id":"https:\/\/www.mundoacuicola.cl\/new\/#website","url":"https:\/\/www.mundoacuicola.cl\/new\/","name":"Mundoacuicola","description":"Revista de Acuicultura.","publisher":{"@id":"https:\/\/www.mundoacuicola.cl\/new\/#organization"},"potentialAction":[{"@type":"SearchAction","target":{"@type":"EntryPoint","urlTemplate":"https:\/\/www.mundoacuicola.cl\/new\/?s={search_term_string}"},"query-input":{"@type":"PropertyValueSpecification","valueRequired":true,"valueName":"search_term_string"}}],"inLanguage":"es"},{"@type":"Organization","@id":"https:\/\/www.mundoacuicola.cl\/new\/#organization","name":"Mundoacuicola","url":"https:\/\/www.mundoacuicola.cl\/new\/","logo":{"@type":"ImageObject","inLanguage":"es","@id":"https:\/\/www.mundoacuicola.cl\/new\/#\/schema\/logo\/image\/","url":"https:\/\/www.mundoacuicola.cl\/new\/wp-content\/uploads\/2026\/01\/cropped-LOGO-Mundo-Acuicola-2026.png","contentUrl":"https:\/\/www.mundoacuicola.cl\/new\/wp-content\/uploads\/2026\/01\/cropped-LOGO-Mundo-Acuicola-2026.png","width":1252,"height":296,"caption":"Mundoacuicola"},"image":{"@id":"https:\/\/www.mundoacuicola.cl\/new\/#\/schema\/logo\/image\/"},"sameAs":["https:\/\/www.facebook.com\/mundo.acuicola\/","https:\/\/x.com\/mundoacuicola","https:\/\/www.linkedin.com\/in\/mundo-acuicola"]},{"@type":"Person","@id":"https:\/\/www.mundoacuicola.cl\/new\/#\/schema\/person\/c00ffe389abb88bd9254653add139315","name":"mbarrueto","url":"https:\/\/www.mundoacuicola.cl\/new\/author\/mbarrueto\/"}]}},"_links":{"self":[{"href":"https:\/\/www.mundoacuicola.cl\/new\/wp-json\/wp\/v2\/posts\/88111","targetHints":{"allow":["GET"]}}],"collection":[{"href":"https:\/\/www.mundoacuicola.cl\/new\/wp-json\/wp\/v2\/posts"}],"about":[{"href":"https:\/\/www.mundoacuicola.cl\/new\/wp-json\/wp\/v2\/types\/post"}],"author":[{"embeddable":true,"href":"https:\/\/www.mundoacuicola.cl\/new\/wp-json\/wp\/v2\/users\/10"}],"replies":[{"embeddable":true,"href":"https:\/\/www.mundoacuicola.cl\/new\/wp-json\/wp\/v2\/comments?post=88111"}],"version-history":[{"count":1,"href":"https:\/\/www.mundoacuicola.cl\/new\/wp-json\/wp\/v2\/posts\/88111\/revisions"}],"predecessor-version":[{"id":88113,"href":"https:\/\/www.mundoacuicola.cl\/new\/wp-json\/wp\/v2\/posts\/88111\/revisions\/88113"}],"wp:featuredmedia":[{"embeddable":true,"href":"https:\/\/www.mundoacuicola.cl\/new\/wp-json\/wp\/v2\/media\/88112"}],"wp:attachment":[{"href":"https:\/\/www.mundoacuicola.cl\/new\/wp-json\/wp\/v2\/media?parent=88111"}],"wp:term":[{"taxonomy":"category","embeddable":true,"href":"https:\/\/www.mundoacuicola.cl\/new\/wp-json\/wp\/v2\/categories?post=88111"},{"taxonomy":"post_tag","embeddable":true,"href":"https:\/\/www.mundoacuicola.cl\/new\/wp-json\/wp\/v2\/tags?post=88111"}],"curies":[{"name":"wp","href":"https:\/\/api.w.org\/{rel}","templated":true}]}}