{"id":88130,"date":"2026-04-27T18:04:23","date_gmt":"2026-04-27T22:04:23","guid":{"rendered":"https:\/\/www.mundoacuicola.cl\/new\/?p=88130"},"modified":"2026-04-27T18:04:23","modified_gmt":"2026-04-27T22:04:23","slug":"serie-audiovisual-travesia-circular-recorrera-9-comunas-y-visibilizara-20-emprendimientos-en-los-lagos","status":"publish","type":"post","link":"https:\/\/www.mundoacuicola.cl\/new\/serie-audiovisual-travesia-circular-recorrera-9-comunas-y-visibilizara-20-emprendimientos-en-los-lagos\/","title":{"rendered":"Serie audiovisual Traves\u00eda Circular recorrer\u00e1 9 comunas y visibilizar\u00e1 20 emprendimientos en Los Lagos"},"content":{"rendered":"<p><span style=\"font-weight: 400;\">Con una alta convocatoria y una potente se\u00f1al de articulaci\u00f3n p\u00fablico-privada, se realiz\u00f3 en DUOC UC sede Puerto Montt el lanzamiento de \u201cTraves\u00eda Circular: historias que transforman el territorio\u201d, iniciativa financiada por el programa Viraliza Medios del Comit\u00e9 de Desarrollo Productivo Regional (CDPR) Los Lagos.<\/span><\/p>\n<p><span style=\"font-weight: 400;\">El evento cont\u00f3 con la presencia del Gobernador Regional, consejeros regionales (cores), jefes de divisi\u00f3n del Gobierno Regional, servicios p\u00fablicos, academia y empresas del territorio, quienes destacaron la relevancia de impulsar una narrativa regional en torno a la econom\u00eda circular como motor de desarrollo sostenible.<\/span><\/p>\n<p><span style=\"font-weight: 400;\">En la instancia, el Gobernador Regional de Los Lagos, Alejandro Santana, relev\u00f3 el rol estrat\u00e9gico que tiene la regi\u00f3n en este desaf\u00edo \u201choy d\u00eda hemos vivido una actividad importante que fomenta e incentiva lo que significa la econom\u00eda circular para la regi\u00f3n de Los Lagos y para nuestro pa\u00eds. He dicho con mucha fuerza que la regi\u00f3n de Los Lagos tiene la obligaci\u00f3n de liderar lo que significa la innovaci\u00f3n hacia el futuro, y sobre esa base tenemos todas las condiciones como sectores productivos. Existe el inter\u00e9s de peque\u00f1os y medianos empresarios y tambi\u00e9n de microemprendedores de poder participar. Es ah\u00ed la importancia de la academia, del sector privado y del sector p\u00fablico de avanzar, incentivar y fomentar. Agradecemos la invitaci\u00f3n y, como Gobierno Regional, reiteramos nuestra m\u00e1xima disposici\u00f3n para innovar y seguir creciendo de manera sostenible y sustentable.\u201d<\/span><\/p>\n<p><span style=\"font-weight: 400;\">Durante la jornada, el director regional (s) de Corfo Los Lagos, David Espinoza, destac\u00f3 el impacto de esta iniciativa en la visibilizaci\u00f3n de experiencias locales: \u201cHoy estamos en el lanzamiento de Traves\u00eda Circular, un programa de Corfo que, a trav\u00e9s del instrumento Viraliza Medios, nos permitir\u00e1 visibilizar 20 experiencias de emprendimiento en econom\u00eda circular en la Regi\u00f3n de Los Lagos. A trav\u00e9s de microprogramas, vamos a mostrar, conectar y viralizar historias reales que est\u00e1n transformando nuestro territorio.\u201d<\/span><\/p>\n<p><span style=\"font-weight: 400;\">Por su parte, Gustavo Guerra, director ejecutivo de Pa\u00eds Circular y director del proyecto, relev\u00f3 el despliegue territorial que tendr\u00e1 esta iniciativa: \u201cEstamos en Puerto Montt lanzando Traves\u00eda Circular, un proyecto que durante los pr\u00f3ximos ocho meses recorrer\u00e1 nueve comunas en cuatro provincias, para conocer a emprendedores que est\u00e1n desarrollando econom\u00eda circular de manera concreta. Vamos a estar en terreno, en sus empresas y organizaciones, mostrando en primera persona c\u00f3mo est\u00e1n construyendo una nueva forma de desarrollo para Los Lagos y para todo Chile.\u201d<\/span><\/p>\n<p><span style=\"font-weight: 400;\">El encuentro incluy\u00f3 adem\u00e1s una charla magistral de car\u00e1cter internacional y dos paneles de conversaci\u00f3n, donde se abordaron las oportunidades y desaf\u00edos de la econom\u00eda circular en la regi\u00f3n, junto con el rol de las mujeres emprendedoras en este ecosistema.<\/span><\/p>\n<h3><strong>Modelos circulares de desarrollo<\/strong><\/h3>\n<p><span style=\"font-weight: 400;\">Desde el mundo empresarial, Luc\u00eda Alvarado, representante de la Procesadora de Pl\u00e1sticos Puelche, valor\u00f3 el espacio de articulaci\u00f3n generado: \u201cPara nosotros como empresa es muy importante ser parte de Traves\u00eda Circular, porque estos espacios permiten unir ideas, experiencias y visiones en torno a la econom\u00eda circular. Sabemos que a\u00fan falta mucho, pero estas instancias nos ayudan a avanzar con m\u00e1s claridad, fortalecer redes y generar soluciones concretas a los desaf\u00edos ambientales.\u201d<\/span><\/p>\n<p><span style=\"font-weight: 400;\">Traves\u00eda Circular contempla la difusi\u00f3n de 20 historias de empresas y emprendimientos de la Regi\u00f3n de Los Lagos que est\u00e1n incorporando modelos circulares, con el objetivo de inspirar, educar y conectar a la ciudadan\u00eda con procesos reales de innovaci\u00f3n y sostenibilidad.<\/span><\/p>\n<p><span style=\"font-weight: 400;\">Esta iniciativa marca un hito para la regi\u00f3n, siendo la primera vez que se financia un Viraliza Medios con foco en comunicaci\u00f3n de la innovaci\u00f3n, consolidando a Los Lagos como un territorio que no solo impulsa la econom\u00eda circular, sino que tambi\u00e9n la comunica y la proycta hacia el pa\u00eds.<\/span><\/p>\n<p><span style=\"font-weight: 400;\">Puedes revisar parte del uno de los cap\u00edtulos en <\/span><a href=\"https:\/\/youtu.be\/U49NMsNKY0c\"><span style=\"font-weight: 400;\">https:\/\/youtu.be\/U49NMsNKY0c<\/span><\/a><\/p>\n","protected":false},"excerpt":{"rendered":"<p>La iniciativa, financiada por el programa Viraliza Medios del Comit\u00e9 de Desarrollo Productivo Regional, fue lanzada en Puerto Montt con respaldo del Gobierno Regional, Corfo, academia y empresas, consolidando a la Regi\u00f3n de Los Lagos como referente en econom\u00eda circular e innovaci\u00f3n territorial.<\/p>\n","protected":false},"author":10,"featured_media":88131,"comment_status":"closed","ping_status":"closed","sticky":false,"template":"","format":"standard","meta":{"footnotes":""},"categories":[404],"tags":[153,579,963,4251,8197,29339],"class_list":["post-88130","post","type-post","status-publish","format-standard","has-post-thumbnail","hentry","category-titular-2","tag-corfo","tag-corfo-los-lagos","tag-duoc-uc","tag-economia-circular","tag-gobierno-regional-de-los-lagos","tag-travesia-circular"],"yoast_head":"<!-- This site is optimized with the Yoast SEO plugin v27.4 - https:\/\/yoast.com\/product\/yoast-seo-wordpress\/ -->\n<title>Serie audiovisual Traves\u00eda Circular recorrer\u00e1 9 comunas y visibilizar\u00e1 20 emprendimientos en Los Lagos - Mundoacuicola<\/title>\n<meta name=\"description\" content=\"Traves\u00eda Circular recorrer\u00e1 nueve comunas de Los Lagos y difundir\u00e1 20 emprendimientos, fortaleciendo la econom\u00eda circular. .\" \/>\n<meta name=\"robots\" content=\"index, follow, max-snippet:-1, max-image-preview:large, max-video-preview:-1\" \/>\n<link rel=\"canonical\" href=\"https:\/\/www.mundoacuicola.cl\/new\/serie-audiovisual-travesia-circular-recorrera-9-comunas-y-visibilizara-20-emprendimientos-en-los-lagos\/\" \/>\n<meta property=\"og:locale\" content=\"es_ES\" \/>\n<meta property=\"og:type\" content=\"article\" \/>\n<meta property=\"og:title\" content=\"Serie audiovisual Traves\u00eda Circular recorrer\u00e1 9 comunas y visibilizar\u00e1 20 emprendimientos en Los Lagos - Mundoacuicola\" \/>\n<meta property=\"og:description\" content=\"Traves\u00eda Circular recorrer\u00e1 nueve comunas de Los Lagos y difundir\u00e1 20 emprendimientos, fortaleciendo la econom\u00eda circular. .\" \/>\n<meta property=\"og:url\" content=\"https:\/\/www.mundoacuicola.cl\/new\/serie-audiovisual-travesia-circular-recorrera-9-comunas-y-visibilizara-20-emprendimientos-en-los-lagos\/\" \/>\n<meta property=\"og:site_name\" content=\"Mundoacuicola\" \/>\n<meta property=\"article:publisher\" content=\"https:\/\/www.facebook.com\/mundo.acuicola\/\" \/>\n<meta property=\"article:published_time\" content=\"2026-04-27T22:04:23+00:00\" \/>\n<meta property=\"og:image\" content=\"https:\/\/www.mundoacuicola.cl\/new\/wp-content\/uploads\/2026\/04\/TravesiaCircular.jpg\" \/>\n\t<meta property=\"og:image:width\" content=\"1200\" \/>\n\t<meta property=\"og:image:height\" content=\"700\" \/>\n\t<meta property=\"og:image:type\" content=\"image\/jpeg\" \/>\n<meta name=\"author\" content=\"mbarrueto\" \/>\n<meta name=\"twitter:card\" content=\"summary_large_image\" \/>\n<meta name=\"twitter:creator\" content=\"@mundoacuicola\" \/>\n<meta name=\"twitter:site\" content=\"@mundoacuicola\" \/>\n<meta name=\"twitter:label1\" content=\"Escrito por\" \/>\n\t<meta name=\"twitter:data1\" content=\"mbarrueto\" \/>\n\t<meta name=\"twitter:label2\" content=\"Tiempo de lectura\" \/>\n\t<meta name=\"twitter:data2\" content=\"3 minutos\" \/>\n<script type=\"application\/ld+json\" class=\"yoast-schema-graph\">{\"@context\":\"https:\\\/\\\/schema.org\",\"@graph\":[{\"@type\":\"Article\",\"@id\":\"https:\\\/\\\/www.mundoacuicola.cl\\\/new\\\/serie-audiovisual-travesia-circular-recorrera-9-comunas-y-visibilizara-20-emprendimientos-en-los-lagos\\\/#article\",\"isPartOf\":{\"@id\":\"https:\\\/\\\/www.mundoacuicola.cl\\\/new\\\/serie-audiovisual-travesia-circular-recorrera-9-comunas-y-visibilizara-20-emprendimientos-en-los-lagos\\\/\"},\"author\":{\"name\":\"mbarrueto\",\"@id\":\"https:\\\/\\\/www.mundoacuicola.cl\\\/new\\\/#\\\/schema\\\/person\\\/c00ffe389abb88bd9254653add139315\"},\"headline\":\"Serie audiovisual Traves\u00eda Circular recorrer\u00e1 9 comunas y visibilizar\u00e1 20 emprendimientos en Los Lagos\",\"datePublished\":\"2026-04-27T22:04:23+00:00\",\"mainEntityOfPage\":{\"@id\":\"https:\\\/\\\/www.mundoacuicola.cl\\\/new\\\/serie-audiovisual-travesia-circular-recorrera-9-comunas-y-visibilizara-20-emprendimientos-en-los-lagos\\\/\"},\"wordCount\":687,\"publisher\":{\"@id\":\"https:\\\/\\\/www.mundoacuicola.cl\\\/new\\\/#organization\"},\"image\":{\"@id\":\"https:\\\/\\\/www.mundoacuicola.cl\\\/new\\\/serie-audiovisual-travesia-circular-recorrera-9-comunas-y-visibilizara-20-emprendimientos-en-los-lagos\\\/#primaryimage\"},\"thumbnailUrl\":\"https:\\\/\\\/www.mundoacuicola.cl\\\/new\\\/wp-content\\\/uploads\\\/2026\\\/04\\\/TravesiaCircular.jpg\",\"keywords\":[\"Corfo\",\"Corfo Los Lagos\",\"Duoc UC.\",\"Econom\u00eda circular\",\"Gobierno Regional de Los Lagos\",\"Traves\u00eda Circular\"],\"articleSection\":[\"Titular 2\"],\"inLanguage\":\"es\"},{\"@type\":\"WebPage\",\"@id\":\"https:\\\/\\\/www.mundoacuicola.cl\\\/new\\\/serie-audiovisual-travesia-circular-recorrera-9-comunas-y-visibilizara-20-emprendimientos-en-los-lagos\\\/\",\"url\":\"https:\\\/\\\/www.mundoacuicola.cl\\\/new\\\/serie-audiovisual-travesia-circular-recorrera-9-comunas-y-visibilizara-20-emprendimientos-en-los-lagos\\\/\",\"name\":\"Serie audiovisual Traves\u00eda Circular recorrer\u00e1 9 comunas y visibilizar\u00e1 20 emprendimientos en Los Lagos - Mundoacuicola\",\"isPartOf\":{\"@id\":\"https:\\\/\\\/www.mundoacuicola.cl\\\/new\\\/#website\"},\"primaryImageOfPage\":{\"@id\":\"https:\\\/\\\/www.mundoacuicola.cl\\\/new\\\/serie-audiovisual-travesia-circular-recorrera-9-comunas-y-visibilizara-20-emprendimientos-en-los-lagos\\\/#primaryimage\"},\"image\":{\"@id\":\"https:\\\/\\\/www.mundoacuicola.cl\\\/new\\\/serie-audiovisual-travesia-circular-recorrera-9-comunas-y-visibilizara-20-emprendimientos-en-los-lagos\\\/#primaryimage\"},\"thumbnailUrl\":\"https:\\\/\\\/www.mundoacuicola.cl\\\/new\\\/wp-content\\\/uploads\\\/2026\\\/04\\\/TravesiaCircular.jpg\",\"datePublished\":\"2026-04-27T22:04:23+00:00\",\"description\":\"Traves\u00eda Circular recorrer\u00e1 nueve comunas de Los Lagos y difundir\u00e1 20 emprendimientos, fortaleciendo la econom\u00eda circular. .\",\"breadcrumb\":{\"@id\":\"https:\\\/\\\/www.mundoacuicola.cl\\\/new\\\/serie-audiovisual-travesia-circular-recorrera-9-comunas-y-visibilizara-20-emprendimientos-en-los-lagos\\\/#breadcrumb\"},\"inLanguage\":\"es\",\"potentialAction\":[{\"@type\":\"ReadAction\",\"target\":[\"https:\\\/\\\/www.mundoacuicola.cl\\\/new\\\/serie-audiovisual-travesia-circular-recorrera-9-comunas-y-visibilizara-20-emprendimientos-en-los-lagos\\\/\"]}]},{\"@type\":\"ImageObject\",\"inLanguage\":\"es\",\"@id\":\"https:\\\/\\\/www.mundoacuicola.cl\\\/new\\\/serie-audiovisual-travesia-circular-recorrera-9-comunas-y-visibilizara-20-emprendimientos-en-los-lagos\\\/#primaryimage\",\"url\":\"https:\\\/\\\/www.mundoacuicola.cl\\\/new\\\/wp-content\\\/uploads\\\/2026\\\/04\\\/TravesiaCircular.jpg\",\"contentUrl\":\"https:\\\/\\\/www.mundoacuicola.cl\\\/new\\\/wp-content\\\/uploads\\\/2026\\\/04\\\/TravesiaCircular.jpg\",\"width\":1200,\"height\":700},{\"@type\":\"BreadcrumbList\",\"@id\":\"https:\\\/\\\/www.mundoacuicola.cl\\\/new\\\/serie-audiovisual-travesia-circular-recorrera-9-comunas-y-visibilizara-20-emprendimientos-en-los-lagos\\\/#breadcrumb\",\"itemListElement\":[{\"@type\":\"ListItem\",\"position\":1,\"name\":\"Portada\",\"item\":\"https:\\\/\\\/www.mundoacuicola.cl\\\/new\\\/\"},{\"@type\":\"ListItem\",\"position\":2,\"name\":\"Serie audiovisual Traves\u00eda Circular recorrer\u00e1 9 comunas y visibilizar\u00e1 20 emprendimientos en Los Lagos\"}]},{\"@type\":\"WebSite\",\"@id\":\"https:\\\/\\\/www.mundoacuicola.cl\\\/new\\\/#website\",\"url\":\"https:\\\/\\\/www.mundoacuicola.cl\\\/new\\\/\",\"name\":\"Mundoacuicola\",\"description\":\"Revista de Acuicultura.\",\"publisher\":{\"@id\":\"https:\\\/\\\/www.mundoacuicola.cl\\\/new\\\/#organization\"},\"potentialAction\":[{\"@type\":\"SearchAction\",\"target\":{\"@type\":\"EntryPoint\",\"urlTemplate\":\"https:\\\/\\\/www.mundoacuicola.cl\\\/new\\\/?s={search_term_string}\"},\"query-input\":{\"@type\":\"PropertyValueSpecification\",\"valueRequired\":true,\"valueName\":\"search_term_string\"}}],\"inLanguage\":\"es\"},{\"@type\":\"Organization\",\"@id\":\"https:\\\/\\\/www.mundoacuicola.cl\\\/new\\\/#organization\",\"name\":\"Mundoacuicola\",\"url\":\"https:\\\/\\\/www.mundoacuicola.cl\\\/new\\\/\",\"logo\":{\"@type\":\"ImageObject\",\"inLanguage\":\"es\",\"@id\":\"https:\\\/\\\/www.mundoacuicola.cl\\\/new\\\/#\\\/schema\\\/logo\\\/image\\\/\",\"url\":\"https:\\\/\\\/www.mundoacuicola.cl\\\/new\\\/wp-content\\\/uploads\\\/2026\\\/01\\\/cropped-LOGO-Mundo-Acuicola-2026.png\",\"contentUrl\":\"https:\\\/\\\/www.mundoacuicola.cl\\\/new\\\/wp-content\\\/uploads\\\/2026\\\/01\\\/cropped-LOGO-Mundo-Acuicola-2026.png\",\"width\":1252,\"height\":296,\"caption\":\"Mundoacuicola\"},\"image\":{\"@id\":\"https:\\\/\\\/www.mundoacuicola.cl\\\/new\\\/#\\\/schema\\\/logo\\\/image\\\/\"},\"sameAs\":[\"https:\\\/\\\/www.facebook.com\\\/mundo.acuicola\\\/\",\"https:\\\/\\\/x.com\\\/mundoacuicola\",\"https:\\\/\\\/www.linkedin.com\\\/in\\\/mundo-acuicola\"]},{\"@type\":\"Person\",\"@id\":\"https:\\\/\\\/www.mundoacuicola.cl\\\/new\\\/#\\\/schema\\\/person\\\/c00ffe389abb88bd9254653add139315\",\"name\":\"mbarrueto\",\"url\":\"https:\\\/\\\/www.mundoacuicola.cl\\\/new\\\/author\\\/mbarrueto\\\/\"}]}<\/script>\n<!-- \/ Yoast SEO plugin. -->","yoast_head_json":{"title":"Serie audiovisual Traves\u00eda Circular recorrer\u00e1 9 comunas y visibilizar\u00e1 20 emprendimientos en Los Lagos - Mundoacuicola","description":"Traves\u00eda Circular recorrer\u00e1 nueve comunas de Los Lagos y difundir\u00e1 20 emprendimientos, fortaleciendo la econom\u00eda circular. .","robots":{"index":"index","follow":"follow","max-snippet":"max-snippet:-1","max-image-preview":"max-image-preview:large","max-video-preview":"max-video-preview:-1"},"canonical":"https:\/\/www.mundoacuicola.cl\/new\/serie-audiovisual-travesia-circular-recorrera-9-comunas-y-visibilizara-20-emprendimientos-en-los-lagos\/","og_locale":"es_ES","og_type":"article","og_title":"Serie audiovisual Traves\u00eda Circular recorrer\u00e1 9 comunas y visibilizar\u00e1 20 emprendimientos en Los Lagos - Mundoacuicola","og_description":"Traves\u00eda Circular recorrer\u00e1 nueve comunas de Los Lagos y difundir\u00e1 20 emprendimientos, fortaleciendo la econom\u00eda circular. .","og_url":"https:\/\/www.mundoacuicola.cl\/new\/serie-audiovisual-travesia-circular-recorrera-9-comunas-y-visibilizara-20-emprendimientos-en-los-lagos\/","og_site_name":"Mundoacuicola","article_publisher":"https:\/\/www.facebook.com\/mundo.acuicola\/","article_published_time":"2026-04-27T22:04:23+00:00","og_image":[{"width":1200,"height":700,"url":"https:\/\/www.mundoacuicola.cl\/new\/wp-content\/uploads\/2026\/04\/TravesiaCircular.jpg","type":"image\/jpeg"}],"author":"mbarrueto","twitter_card":"summary_large_image","twitter_creator":"@mundoacuicola","twitter_site":"@mundoacuicola","twitter_misc":{"Escrito por":"mbarrueto","Tiempo de lectura":"3 minutos"},"schema":{"@context":"https:\/\/schema.org","@graph":[{"@type":"Article","@id":"https:\/\/www.mundoacuicola.cl\/new\/serie-audiovisual-travesia-circular-recorrera-9-comunas-y-visibilizara-20-emprendimientos-en-los-lagos\/#article","isPartOf":{"@id":"https:\/\/www.mundoacuicola.cl\/new\/serie-audiovisual-travesia-circular-recorrera-9-comunas-y-visibilizara-20-emprendimientos-en-los-lagos\/"},"author":{"name":"mbarrueto","@id":"https:\/\/www.mundoacuicola.cl\/new\/#\/schema\/person\/c00ffe389abb88bd9254653add139315"},"headline":"Serie audiovisual Traves\u00eda Circular recorrer\u00e1 9 comunas y visibilizar\u00e1 20 emprendimientos en Los Lagos","datePublished":"2026-04-27T22:04:23+00:00","mainEntityOfPage":{"@id":"https:\/\/www.mundoacuicola.cl\/new\/serie-audiovisual-travesia-circular-recorrera-9-comunas-y-visibilizara-20-emprendimientos-en-los-lagos\/"},"wordCount":687,"publisher":{"@id":"https:\/\/www.mundoacuicola.cl\/new\/#organization"},"image":{"@id":"https:\/\/www.mundoacuicola.cl\/new\/serie-audiovisual-travesia-circular-recorrera-9-comunas-y-visibilizara-20-emprendimientos-en-los-lagos\/#primaryimage"},"thumbnailUrl":"https:\/\/www.mundoacuicola.cl\/new\/wp-content\/uploads\/2026\/04\/TravesiaCircular.jpg","keywords":["Corfo","Corfo Los Lagos","Duoc UC.","Econom\u00eda circular","Gobierno Regional de Los Lagos","Traves\u00eda Circular"],"articleSection":["Titular 2"],"inLanguage":"es"},{"@type":"WebPage","@id":"https:\/\/www.mundoacuicola.cl\/new\/serie-audiovisual-travesia-circular-recorrera-9-comunas-y-visibilizara-20-emprendimientos-en-los-lagos\/","url":"https:\/\/www.mundoacuicola.cl\/new\/serie-audiovisual-travesia-circular-recorrera-9-comunas-y-visibilizara-20-emprendimientos-en-los-lagos\/","name":"Serie audiovisual Traves\u00eda Circular recorrer\u00e1 9 comunas y visibilizar\u00e1 20 emprendimientos en Los Lagos - Mundoacuicola","isPartOf":{"@id":"https:\/\/www.mundoacuicola.cl\/new\/#website"},"primaryImageOfPage":{"@id":"https:\/\/www.mundoacuicola.cl\/new\/serie-audiovisual-travesia-circular-recorrera-9-comunas-y-visibilizara-20-emprendimientos-en-los-lagos\/#primaryimage"},"image":{"@id":"https:\/\/www.mundoacuicola.cl\/new\/serie-audiovisual-travesia-circular-recorrera-9-comunas-y-visibilizara-20-emprendimientos-en-los-lagos\/#primaryimage"},"thumbnailUrl":"https:\/\/www.mundoacuicola.cl\/new\/wp-content\/uploads\/2026\/04\/TravesiaCircular.jpg","datePublished":"2026-04-27T22:04:23+00:00","description":"Traves\u00eda Circular recorrer\u00e1 nueve comunas de Los Lagos y difundir\u00e1 20 emprendimientos, fortaleciendo la econom\u00eda circular. .","breadcrumb":{"@id":"https:\/\/www.mundoacuicola.cl\/new\/serie-audiovisual-travesia-circular-recorrera-9-comunas-y-visibilizara-20-emprendimientos-en-los-lagos\/#breadcrumb"},"inLanguage":"es","potentialAction":[{"@type":"ReadAction","target":["https:\/\/www.mundoacuicola.cl\/new\/serie-audiovisual-travesia-circular-recorrera-9-comunas-y-visibilizara-20-emprendimientos-en-los-lagos\/"]}]},{"@type":"ImageObject","inLanguage":"es","@id":"https:\/\/www.mundoacuicola.cl\/new\/serie-audiovisual-travesia-circular-recorrera-9-comunas-y-visibilizara-20-emprendimientos-en-los-lagos\/#primaryimage","url":"https:\/\/www.mundoacuicola.cl\/new\/wp-content\/uploads\/2026\/04\/TravesiaCircular.jpg","contentUrl":"https:\/\/www.mundoacuicola.cl\/new\/wp-content\/uploads\/2026\/04\/TravesiaCircular.jpg","width":1200,"height":700},{"@type":"BreadcrumbList","@id":"https:\/\/www.mundoacuicola.cl\/new\/serie-audiovisual-travesia-circular-recorrera-9-comunas-y-visibilizara-20-emprendimientos-en-los-lagos\/#breadcrumb","itemListElement":[{"@type":"ListItem","position":1,"name":"Portada","item":"https:\/\/www.mundoacuicola.cl\/new\/"},{"@type":"ListItem","position":2,"name":"Serie audiovisual Traves\u00eda Circular recorrer\u00e1 9 comunas y visibilizar\u00e1 20 emprendimientos en Los Lagos"}]},{"@type":"WebSite","@id":"https:\/\/www.mundoacuicola.cl\/new\/#website","url":"https:\/\/www.mundoacuicola.cl\/new\/","name":"Mundoacuicola","description":"Revista de Acuicultura.","publisher":{"@id":"https:\/\/www.mundoacuicola.cl\/new\/#organization"},"potentialAction":[{"@type":"SearchAction","target":{"@type":"EntryPoint","urlTemplate":"https:\/\/www.mundoacuicola.cl\/new\/?s={search_term_string}"},"query-input":{"@type":"PropertyValueSpecification","valueRequired":true,"valueName":"search_term_string"}}],"inLanguage":"es"},{"@type":"Organization","@id":"https:\/\/www.mundoacuicola.cl\/new\/#organization","name":"Mundoacuicola","url":"https:\/\/www.mundoacuicola.cl\/new\/","logo":{"@type":"ImageObject","inLanguage":"es","@id":"https:\/\/www.mundoacuicola.cl\/new\/#\/schema\/logo\/image\/","url":"https:\/\/www.mundoacuicola.cl\/new\/wp-content\/uploads\/2026\/01\/cropped-LOGO-Mundo-Acuicola-2026.png","contentUrl":"https:\/\/www.mundoacuicola.cl\/new\/wp-content\/uploads\/2026\/01\/cropped-LOGO-Mundo-Acuicola-2026.png","width":1252,"height":296,"caption":"Mundoacuicola"},"image":{"@id":"https:\/\/www.mundoacuicola.cl\/new\/#\/schema\/logo\/image\/"},"sameAs":["https:\/\/www.facebook.com\/mundo.acuicola\/","https:\/\/x.com\/mundoacuicola","https:\/\/www.linkedin.com\/in\/mundo-acuicola"]},{"@type":"Person","@id":"https:\/\/www.mundoacuicola.cl\/new\/#\/schema\/person\/c00ffe389abb88bd9254653add139315","name":"mbarrueto","url":"https:\/\/www.mundoacuicola.cl\/new\/author\/mbarrueto\/"}]}},"_links":{"self":[{"href":"https:\/\/www.mundoacuicola.cl\/new\/wp-json\/wp\/v2\/posts\/88130","targetHints":{"allow":["GET"]}}],"collection":[{"href":"https:\/\/www.mundoacuicola.cl\/new\/wp-json\/wp\/v2\/posts"}],"about":[{"href":"https:\/\/www.mundoacuicola.cl\/new\/wp-json\/wp\/v2\/types\/post"}],"author":[{"embeddable":true,"href":"https:\/\/www.mundoacuicola.cl\/new\/wp-json\/wp\/v2\/users\/10"}],"replies":[{"embeddable":true,"href":"https:\/\/www.mundoacuicola.cl\/new\/wp-json\/wp\/v2\/comments?post=88130"}],"version-history":[{"count":1,"href":"https:\/\/www.mundoacuicola.cl\/new\/wp-json\/wp\/v2\/posts\/88130\/revisions"}],"predecessor-version":[{"id":88132,"href":"https:\/\/www.mundoacuicola.cl\/new\/wp-json\/wp\/v2\/posts\/88130\/revisions\/88132"}],"wp:featuredmedia":[{"embeddable":true,"href":"https:\/\/www.mundoacuicola.cl\/new\/wp-json\/wp\/v2\/media\/88131"}],"wp:attachment":[{"href":"https:\/\/www.mundoacuicola.cl\/new\/wp-json\/wp\/v2\/media?parent=88130"}],"wp:term":[{"taxonomy":"category","embeddable":true,"href":"https:\/\/www.mundoacuicola.cl\/new\/wp-json\/wp\/v2\/categories?post=88130"},{"taxonomy":"post_tag","embeddable":true,"href":"https:\/\/www.mundoacuicola.cl\/new\/wp-json\/wp\/v2\/tags?post=88130"}],"curies":[{"name":"wp","href":"https:\/\/api.w.org\/{rel}","templated":true}]}}