{"id":88201,"date":"2026-04-29T18:07:18","date_gmt":"2026-04-29T22:07:18","guid":{"rendered":"https:\/\/www.mundoacuicola.cl\/new\/?p=88201"},"modified":"2026-04-29T18:07:18","modified_gmt":"2026-04-29T22:07:18","slug":"a-solo-siete-dias-de-su-tercera-edicion-salmon-summit-2026-confirma-una-agenda-enfocada-en-crecimiento-sostenible","status":"publish","type":"post","link":"https:\/\/www.mundoacuicola.cl\/new\/a-solo-siete-dias-de-su-tercera-edicion-salmon-summit-2026-confirma-una-agenda-enfocada-en-crecimiento-sostenible\/","title":{"rendered":"A solo siete d\u00edas de su tercera edici\u00f3n: Salm\u00f3n Summit 2026 confirma una agenda enfocada en crecimiento sostenible"},"content":{"rendered":"<p><span style=\"font-weight: 400;\">La asociaci\u00f3n gremial SalmonChile se encuentra afinando los \u00faltimos detalles a una semana del inicio de la tercera edici\u00f3n del Salm\u00f3n Summit que tendr\u00e1 lugar en el Teatro del Lago de Frutillar. Este foro de alto nivel se ha consolidado como una plataforma fundamental para el di\u00e1logo entre el sector p\u00fablico y privado, reuniendo a algunas de las voces m\u00e1s influyentes del mundo pol\u00edtico, econ\u00f3mico y empresarial con el objetivo de abordar los desaf\u00edos estructurales que determinar\u00e1n el posicionamiento de Chile y su actividad acu\u00edcola en el escenario global.<\/span><\/p>\n<p><span style=\"font-weight: 400;\">La jornada iniciar\u00e1 con el panel de discusi\u00f3n titulado \u201c\u00bfQu\u00e9 hace que una actividad se vuelva orgullo pa\u00eds?\u201d, el cual ser\u00e1 moderado por la periodista Marily L\u00fcders. En esta instancia participar\u00e1n Roberta Valenca, ex CEO de The Coca-Cola Company para Chile, Bolivia y Paraguay; Antonio B\u00fcchi, CEO de Entel; Arturo Natho, CEO de Copec; Alan Meyer, vicepresidente de Mercado Libre para los pa\u00edses andinos; y Teresita Mor\u00e1n, directora regional de BUK para Latinoam\u00e9rica y cofundadora de dicha organizaci\u00f3n.<\/span><\/p>\n<p><span style=\"font-weight: 400;\">Posteriormente, la programaci\u00f3n continuar\u00e1 con la exposici\u00f3n de la economista Mar\u00eda de los \u00c1ngeles P\u00e9rez, conocida profesionalmente como Cuky P\u00e9rez, quien presentar\u00e1 la ponencia \u201cChile en los pr\u00f3ximos 40 a\u00f1os: \u00bfD\u00f3nde queremos estar?\u201d. La experta, con trayectoria en Silicon Valley y experiencia en compa\u00f1\u00edas globales como Airbnb y Shopify, abordar\u00e1 c\u00f3mo la tecnolog\u00eda y la experimentaci\u00f3n de datos permiten una asignaci\u00f3n de capital m\u00e1s inteligente. Su intervenci\u00f3n plantear\u00e1 un an\u00e1lisis sobre el futuro de Chile, enfoc\u00e1ndose en la toma de decisiones, el escalamiento de empresas y la formaci\u00f3n de talento como ventajas competitivas clave para las pr\u00f3ximas d\u00e9cadas.<\/span><\/p>\n<p><span style=\"font-weight: 400;\">El tercer bloque del evento consistir\u00e1 en el panel y conversatorio \u201c\u00bfC\u00f3mo recuperamos certezas para un crecimiento sostenible?\u201d, moderado por Mar\u00eda Elena Dressel. Esta mesa contar\u00e1 con la presencia de la ministra de Medioambiente, Francisca Toledo, y del biministro de Econom\u00eda, Fomento y Turismo, y de Miner\u00eda, Daniel Mas, quienes discutir\u00e1n sobre los marcos regulatorios y las certezas necesarias para garantizar el crecimiento de la actividad productiva en pro del desarrollo de las regiones del sur del pa\u00eds y en armon\u00eda con el cuidado del medioambiente.<\/span><\/p>\n<p><span style=\"font-weight: 400;\">La realizaci\u00f3n de esta tercera edici\u00f3n del Salm\u00f3n Summit 2026 es posible gracias al respaldo de sus auspiciadores, encabezados por MSC, BioMar, Andes Apex, Latam Cargo, CMPC, MSD, Stim, Nachipa, Seaboard Marine y Rabobank. Asimismo, el encuentro cuenta con el apoyo de BCI, Akva, ACHS, Schmidt &amp; CIA, Hendrix Genetics, Veterquimica, Oxysur, Telsur, Bioled y Keepex, empresas que reafirman su compromiso con el crecimiento de la actividad salmonicultora y la sostenibilidad.\u00a0 <\/span><span style=\"font-weight: 400;\">\u00a0\u00a0\u00a0\u00a0\u00a0\u00a0\u00a0\u00a0\u00a0\u00a0\u00a0\u00a0\u00a0\u00a0<\/span><\/p>\n","protected":false},"excerpt":{"rendered":"<p>A una semana de su tercera edici\u00f3n, el encuentro organizado por SalmonChile confirm\u00f3 una agenda centrada en certezas para el crecimiento sostenible, con la participaci\u00f3n de l\u00edderes empresariales, autoridades de gobierno y especialistas que analizar\u00e1n competitividad, formaci\u00f3n de talento y desarrollo productivo para las pr\u00f3ximas d\u00e9cadas.<\/p>\n","protected":false},"author":10,"featured_media":88145,"comment_status":"closed","ping_status":"closed","sticky":false,"template":"","format":"standard","meta":{"footnotes":""},"categories":[404],"tags":[1261,143,8718,8042,122,2907,184,2273,197],"class_list":["post-88201","post","type-post","status-publish","format-standard","has-post-thumbnail","hentry","category-titular-2","tag-acuicola","tag-acuicultura","tag-crecimiento-sostenible","tag-desarrollo-regional","tag-industria-acuicola","tag-industria-salmonera","tag-salmon","tag-salmon-chileno","tag-salmonicultura"],"yoast_head":"<!-- This site is optimized with the Yoast SEO plugin v27.5 - https:\/\/yoast.com\/product\/yoast-seo-wordpress\/ -->\n<title>A solo siete d\u00edas de su tercera edici\u00f3n: Salm\u00f3n Summit 2026 confirma una agenda enfocada en crecimiento sostenible - Mundoacuicola<\/title>\n<meta name=\"description\" content=\"A una semana de su tercera edici\u00f3n, el encuentro organizado por SalmonChile confirm\u00f3 una agenda centrada en certezas para el desarroll.\" \/>\n<meta name=\"robots\" content=\"index, follow, max-snippet:-1, max-image-preview:large, max-video-preview:-1\" \/>\n<link rel=\"canonical\" href=\"https:\/\/www.mundoacuicola.cl\/new\/a-solo-siete-dias-de-su-tercera-edicion-salmon-summit-2026-confirma-una-agenda-enfocada-en-crecimiento-sostenible\/\" \/>\n<meta property=\"og:locale\" content=\"es_ES\" \/>\n<meta property=\"og:type\" content=\"article\" \/>\n<meta property=\"og:title\" content=\"A solo siete d\u00edas de su tercera edici\u00f3n: Salm\u00f3n Summit 2026 confirma una agenda enfocada en crecimiento sostenible - Mundoacuicola\" \/>\n<meta property=\"og:description\" content=\"A una semana de su tercera edici\u00f3n, el encuentro organizado por SalmonChile confirm\u00f3 una agenda centrada en certezas para el desarroll.\" \/>\n<meta property=\"og:url\" content=\"https:\/\/www.mundoacuicola.cl\/new\/a-solo-siete-dias-de-su-tercera-edicion-salmon-summit-2026-confirma-una-agenda-enfocada-en-crecimiento-sostenible\/\" \/>\n<meta property=\"og:site_name\" content=\"Mundoacuicola\" \/>\n<meta property=\"article:publisher\" content=\"https:\/\/www.facebook.com\/mundo.acuicola\/\" \/>\n<meta property=\"article:published_time\" content=\"2026-04-29T22:07:18+00:00\" \/>\n<meta property=\"og:image\" content=\"https:\/\/www.mundoacuicola.cl\/new\/wp-content\/uploads\/2026\/04\/SalmonSummit.jpg\" \/>\n\t<meta property=\"og:image:width\" content=\"1200\" \/>\n\t<meta property=\"og:image:height\" content=\"700\" \/>\n\t<meta property=\"og:image:type\" content=\"image\/jpeg\" \/>\n<meta name=\"author\" content=\"mbarrueto\" \/>\n<meta name=\"twitter:card\" content=\"summary_large_image\" \/>\n<meta name=\"twitter:creator\" content=\"@mundoacuicola\" \/>\n<meta name=\"twitter:site\" content=\"@mundoacuicola\" \/>\n<meta name=\"twitter:label1\" content=\"Escrito por\" \/>\n\t<meta name=\"twitter:data1\" content=\"mbarrueto\" \/>\n\t<meta name=\"twitter:label2\" content=\"Tiempo de lectura\" \/>\n\t<meta name=\"twitter:data2\" content=\"3 minutos\" \/>\n<script type=\"application\/ld+json\" class=\"yoast-schema-graph\">{\"@context\":\"https:\\\/\\\/schema.org\",\"@graph\":[{\"@type\":\"Article\",\"@id\":\"https:\\\/\\\/www.mundoacuicola.cl\\\/new\\\/a-solo-siete-dias-de-su-tercera-edicion-salmon-summit-2026-confirma-una-agenda-enfocada-en-crecimiento-sostenible\\\/#article\",\"isPartOf\":{\"@id\":\"https:\\\/\\\/www.mundoacuicola.cl\\\/new\\\/a-solo-siete-dias-de-su-tercera-edicion-salmon-summit-2026-confirma-una-agenda-enfocada-en-crecimiento-sostenible\\\/\"},\"author\":{\"name\":\"mbarrueto\",\"@id\":\"https:\\\/\\\/www.mundoacuicola.cl\\\/new\\\/#\\\/schema\\\/person\\\/c00ffe389abb88bd9254653add139315\"},\"headline\":\"A solo siete d\u00edas de su tercera edici\u00f3n: Salm\u00f3n Summit 2026 confirma una agenda enfocada en crecimiento sostenible\",\"datePublished\":\"2026-04-29T22:07:18+00:00\",\"mainEntityOfPage\":{\"@id\":\"https:\\\/\\\/www.mundoacuicola.cl\\\/new\\\/a-solo-siete-dias-de-su-tercera-edicion-salmon-summit-2026-confirma-una-agenda-enfocada-en-crecimiento-sostenible\\\/\"},\"wordCount\":490,\"publisher\":{\"@id\":\"https:\\\/\\\/www.mundoacuicola.cl\\\/new\\\/#organization\"},\"image\":{\"@id\":\"https:\\\/\\\/www.mundoacuicola.cl\\\/new\\\/a-solo-siete-dias-de-su-tercera-edicion-salmon-summit-2026-confirma-una-agenda-enfocada-en-crecimiento-sostenible\\\/#primaryimage\"},\"thumbnailUrl\":\"https:\\\/\\\/www.mundoacuicola.cl\\\/new\\\/wp-content\\\/uploads\\\/2026\\\/04\\\/SalmonSummit.jpg\",\"keywords\":[\"Acu\u00edcola\",\"Acuicultura\",\"crecimiento sostenible\",\"Desarrollo regional\",\"Industria Acu\u00edcola\",\"Industria salmonera\",\"Salm\u00f3n\",\"Salm\u00f3n chileno\",\"salmonicultura\"],\"articleSection\":[\"Titular 2\"],\"inLanguage\":\"es\"},{\"@type\":\"WebPage\",\"@id\":\"https:\\\/\\\/www.mundoacuicola.cl\\\/new\\\/a-solo-siete-dias-de-su-tercera-edicion-salmon-summit-2026-confirma-una-agenda-enfocada-en-crecimiento-sostenible\\\/\",\"url\":\"https:\\\/\\\/www.mundoacuicola.cl\\\/new\\\/a-solo-siete-dias-de-su-tercera-edicion-salmon-summit-2026-confirma-una-agenda-enfocada-en-crecimiento-sostenible\\\/\",\"name\":\"A solo siete d\u00edas de su tercera edici\u00f3n: Salm\u00f3n Summit 2026 confirma una agenda enfocada en crecimiento sostenible - Mundoacuicola\",\"isPartOf\":{\"@id\":\"https:\\\/\\\/www.mundoacuicola.cl\\\/new\\\/#website\"},\"primaryImageOfPage\":{\"@id\":\"https:\\\/\\\/www.mundoacuicola.cl\\\/new\\\/a-solo-siete-dias-de-su-tercera-edicion-salmon-summit-2026-confirma-una-agenda-enfocada-en-crecimiento-sostenible\\\/#primaryimage\"},\"image\":{\"@id\":\"https:\\\/\\\/www.mundoacuicola.cl\\\/new\\\/a-solo-siete-dias-de-su-tercera-edicion-salmon-summit-2026-confirma-una-agenda-enfocada-en-crecimiento-sostenible\\\/#primaryimage\"},\"thumbnailUrl\":\"https:\\\/\\\/www.mundoacuicola.cl\\\/new\\\/wp-content\\\/uploads\\\/2026\\\/04\\\/SalmonSummit.jpg\",\"datePublished\":\"2026-04-29T22:07:18+00:00\",\"description\":\"A una semana de su tercera edici\u00f3n, el encuentro organizado por SalmonChile confirm\u00f3 una agenda centrada en certezas para el desarroll.\",\"breadcrumb\":{\"@id\":\"https:\\\/\\\/www.mundoacuicola.cl\\\/new\\\/a-solo-siete-dias-de-su-tercera-edicion-salmon-summit-2026-confirma-una-agenda-enfocada-en-crecimiento-sostenible\\\/#breadcrumb\"},\"inLanguage\":\"es\",\"potentialAction\":[{\"@type\":\"ReadAction\",\"target\":[\"https:\\\/\\\/www.mundoacuicola.cl\\\/new\\\/a-solo-siete-dias-de-su-tercera-edicion-salmon-summit-2026-confirma-una-agenda-enfocada-en-crecimiento-sostenible\\\/\"]}]},{\"@type\":\"ImageObject\",\"inLanguage\":\"es\",\"@id\":\"https:\\\/\\\/www.mundoacuicola.cl\\\/new\\\/a-solo-siete-dias-de-su-tercera-edicion-salmon-summit-2026-confirma-una-agenda-enfocada-en-crecimiento-sostenible\\\/#primaryimage\",\"url\":\"https:\\\/\\\/www.mundoacuicola.cl\\\/new\\\/wp-content\\\/uploads\\\/2026\\\/04\\\/SalmonSummit.jpg\",\"contentUrl\":\"https:\\\/\\\/www.mundoacuicola.cl\\\/new\\\/wp-content\\\/uploads\\\/2026\\\/04\\\/SalmonSummit.jpg\",\"width\":1200,\"height\":700},{\"@type\":\"BreadcrumbList\",\"@id\":\"https:\\\/\\\/www.mundoacuicola.cl\\\/new\\\/a-solo-siete-dias-de-su-tercera-edicion-salmon-summit-2026-confirma-una-agenda-enfocada-en-crecimiento-sostenible\\\/#breadcrumb\",\"itemListElement\":[{\"@type\":\"ListItem\",\"position\":1,\"name\":\"Portada\",\"item\":\"https:\\\/\\\/www.mundoacuicola.cl\\\/new\\\/\"},{\"@type\":\"ListItem\",\"position\":2,\"name\":\"A solo siete d\u00edas de su tercera edici\u00f3n: Salm\u00f3n Summit 2026 confirma una agenda enfocada en crecimiento sostenible\"}]},{\"@type\":\"WebSite\",\"@id\":\"https:\\\/\\\/www.mundoacuicola.cl\\\/new\\\/#website\",\"url\":\"https:\\\/\\\/www.mundoacuicola.cl\\\/new\\\/\",\"name\":\"Mundoacuicola\",\"description\":\"Revista de Acuicultura.\",\"publisher\":{\"@id\":\"https:\\\/\\\/www.mundoacuicola.cl\\\/new\\\/#organization\"},\"potentialAction\":[{\"@type\":\"SearchAction\",\"target\":{\"@type\":\"EntryPoint\",\"urlTemplate\":\"https:\\\/\\\/www.mundoacuicola.cl\\\/new\\\/?s={search_term_string}\"},\"query-input\":{\"@type\":\"PropertyValueSpecification\",\"valueRequired\":true,\"valueName\":\"search_term_string\"}}],\"inLanguage\":\"es\"},{\"@type\":\"Organization\",\"@id\":\"https:\\\/\\\/www.mundoacuicola.cl\\\/new\\\/#organization\",\"name\":\"Mundoacuicola\",\"url\":\"https:\\\/\\\/www.mundoacuicola.cl\\\/new\\\/\",\"logo\":{\"@type\":\"ImageObject\",\"inLanguage\":\"es\",\"@id\":\"https:\\\/\\\/www.mundoacuicola.cl\\\/new\\\/#\\\/schema\\\/logo\\\/image\\\/\",\"url\":\"https:\\\/\\\/www.mundoacuicola.cl\\\/new\\\/wp-content\\\/uploads\\\/2026\\\/01\\\/cropped-LOGO-Mundo-Acuicola-2026.png\",\"contentUrl\":\"https:\\\/\\\/www.mundoacuicola.cl\\\/new\\\/wp-content\\\/uploads\\\/2026\\\/01\\\/cropped-LOGO-Mundo-Acuicola-2026.png\",\"width\":1252,\"height\":296,\"caption\":\"Mundoacuicola\"},\"image\":{\"@id\":\"https:\\\/\\\/www.mundoacuicola.cl\\\/new\\\/#\\\/schema\\\/logo\\\/image\\\/\"},\"sameAs\":[\"https:\\\/\\\/www.facebook.com\\\/mundo.acuicola\\\/\",\"https:\\\/\\\/x.com\\\/mundoacuicola\",\"https:\\\/\\\/www.linkedin.com\\\/in\\\/mundo-acuicola\"]},{\"@type\":\"Person\",\"@id\":\"https:\\\/\\\/www.mundoacuicola.cl\\\/new\\\/#\\\/schema\\\/person\\\/c00ffe389abb88bd9254653add139315\",\"name\":\"mbarrueto\",\"url\":\"https:\\\/\\\/www.mundoacuicola.cl\\\/new\\\/author\\\/mbarrueto\\\/\"}]}<\/script>\n<!-- \/ Yoast SEO plugin. -->","yoast_head_json":{"title":"A solo siete d\u00edas de su tercera edici\u00f3n: Salm\u00f3n Summit 2026 confirma una agenda enfocada en crecimiento sostenible - Mundoacuicola","description":"A una semana de su tercera edici\u00f3n, el encuentro organizado por SalmonChile confirm\u00f3 una agenda centrada en certezas para el desarroll.","robots":{"index":"index","follow":"follow","max-snippet":"max-snippet:-1","max-image-preview":"max-image-preview:large","max-video-preview":"max-video-preview:-1"},"canonical":"https:\/\/www.mundoacuicola.cl\/new\/a-solo-siete-dias-de-su-tercera-edicion-salmon-summit-2026-confirma-una-agenda-enfocada-en-crecimiento-sostenible\/","og_locale":"es_ES","og_type":"article","og_title":"A solo siete d\u00edas de su tercera edici\u00f3n: Salm\u00f3n Summit 2026 confirma una agenda enfocada en crecimiento sostenible - Mundoacuicola","og_description":"A una semana de su tercera edici\u00f3n, el encuentro organizado por SalmonChile confirm\u00f3 una agenda centrada en certezas para el desarroll.","og_url":"https:\/\/www.mundoacuicola.cl\/new\/a-solo-siete-dias-de-su-tercera-edicion-salmon-summit-2026-confirma-una-agenda-enfocada-en-crecimiento-sostenible\/","og_site_name":"Mundoacuicola","article_publisher":"https:\/\/www.facebook.com\/mundo.acuicola\/","article_published_time":"2026-04-29T22:07:18+00:00","og_image":[{"width":1200,"height":700,"url":"https:\/\/www.mundoacuicola.cl\/new\/wp-content\/uploads\/2026\/04\/SalmonSummit.jpg","type":"image\/jpeg"}],"author":"mbarrueto","twitter_card":"summary_large_image","twitter_creator":"@mundoacuicola","twitter_site":"@mundoacuicola","twitter_misc":{"Escrito por":"mbarrueto","Tiempo de lectura":"3 minutos"},"schema":{"@context":"https:\/\/schema.org","@graph":[{"@type":"Article","@id":"https:\/\/www.mundoacuicola.cl\/new\/a-solo-siete-dias-de-su-tercera-edicion-salmon-summit-2026-confirma-una-agenda-enfocada-en-crecimiento-sostenible\/#article","isPartOf":{"@id":"https:\/\/www.mundoacuicola.cl\/new\/a-solo-siete-dias-de-su-tercera-edicion-salmon-summit-2026-confirma-una-agenda-enfocada-en-crecimiento-sostenible\/"},"author":{"name":"mbarrueto","@id":"https:\/\/www.mundoacuicola.cl\/new\/#\/schema\/person\/c00ffe389abb88bd9254653add139315"},"headline":"A solo siete d\u00edas de su tercera edici\u00f3n: Salm\u00f3n Summit 2026 confirma una agenda enfocada en crecimiento sostenible","datePublished":"2026-04-29T22:07:18+00:00","mainEntityOfPage":{"@id":"https:\/\/www.mundoacuicola.cl\/new\/a-solo-siete-dias-de-su-tercera-edicion-salmon-summit-2026-confirma-una-agenda-enfocada-en-crecimiento-sostenible\/"},"wordCount":490,"publisher":{"@id":"https:\/\/www.mundoacuicola.cl\/new\/#organization"},"image":{"@id":"https:\/\/www.mundoacuicola.cl\/new\/a-solo-siete-dias-de-su-tercera-edicion-salmon-summit-2026-confirma-una-agenda-enfocada-en-crecimiento-sostenible\/#primaryimage"},"thumbnailUrl":"https:\/\/www.mundoacuicola.cl\/new\/wp-content\/uploads\/2026\/04\/SalmonSummit.jpg","keywords":["Acu\u00edcola","Acuicultura","crecimiento sostenible","Desarrollo regional","Industria Acu\u00edcola","Industria salmonera","Salm\u00f3n","Salm\u00f3n chileno","salmonicultura"],"articleSection":["Titular 2"],"inLanguage":"es"},{"@type":"WebPage","@id":"https:\/\/www.mundoacuicola.cl\/new\/a-solo-siete-dias-de-su-tercera-edicion-salmon-summit-2026-confirma-una-agenda-enfocada-en-crecimiento-sostenible\/","url":"https:\/\/www.mundoacuicola.cl\/new\/a-solo-siete-dias-de-su-tercera-edicion-salmon-summit-2026-confirma-una-agenda-enfocada-en-crecimiento-sostenible\/","name":"A solo siete d\u00edas de su tercera edici\u00f3n: Salm\u00f3n Summit 2026 confirma una agenda enfocada en crecimiento sostenible - Mundoacuicola","isPartOf":{"@id":"https:\/\/www.mundoacuicola.cl\/new\/#website"},"primaryImageOfPage":{"@id":"https:\/\/www.mundoacuicola.cl\/new\/a-solo-siete-dias-de-su-tercera-edicion-salmon-summit-2026-confirma-una-agenda-enfocada-en-crecimiento-sostenible\/#primaryimage"},"image":{"@id":"https:\/\/www.mundoacuicola.cl\/new\/a-solo-siete-dias-de-su-tercera-edicion-salmon-summit-2026-confirma-una-agenda-enfocada-en-crecimiento-sostenible\/#primaryimage"},"thumbnailUrl":"https:\/\/www.mundoacuicola.cl\/new\/wp-content\/uploads\/2026\/04\/SalmonSummit.jpg","datePublished":"2026-04-29T22:07:18+00:00","description":"A una semana de su tercera edici\u00f3n, el encuentro organizado por SalmonChile confirm\u00f3 una agenda centrada en certezas para el desarroll.","breadcrumb":{"@id":"https:\/\/www.mundoacuicola.cl\/new\/a-solo-siete-dias-de-su-tercera-edicion-salmon-summit-2026-confirma-una-agenda-enfocada-en-crecimiento-sostenible\/#breadcrumb"},"inLanguage":"es","potentialAction":[{"@type":"ReadAction","target":["https:\/\/www.mundoacuicola.cl\/new\/a-solo-siete-dias-de-su-tercera-edicion-salmon-summit-2026-confirma-una-agenda-enfocada-en-crecimiento-sostenible\/"]}]},{"@type":"ImageObject","inLanguage":"es","@id":"https:\/\/www.mundoacuicola.cl\/new\/a-solo-siete-dias-de-su-tercera-edicion-salmon-summit-2026-confirma-una-agenda-enfocada-en-crecimiento-sostenible\/#primaryimage","url":"https:\/\/www.mundoacuicola.cl\/new\/wp-content\/uploads\/2026\/04\/SalmonSummit.jpg","contentUrl":"https:\/\/www.mundoacuicola.cl\/new\/wp-content\/uploads\/2026\/04\/SalmonSummit.jpg","width":1200,"height":700},{"@type":"BreadcrumbList","@id":"https:\/\/www.mundoacuicola.cl\/new\/a-solo-siete-dias-de-su-tercera-edicion-salmon-summit-2026-confirma-una-agenda-enfocada-en-crecimiento-sostenible\/#breadcrumb","itemListElement":[{"@type":"ListItem","position":1,"name":"Portada","item":"https:\/\/www.mundoacuicola.cl\/new\/"},{"@type":"ListItem","position":2,"name":"A solo siete d\u00edas de su tercera edici\u00f3n: Salm\u00f3n Summit 2026 confirma una agenda enfocada en crecimiento sostenible"}]},{"@type":"WebSite","@id":"https:\/\/www.mundoacuicola.cl\/new\/#website","url":"https:\/\/www.mundoacuicola.cl\/new\/","name":"Mundoacuicola","description":"Revista de Acuicultura.","publisher":{"@id":"https:\/\/www.mundoacuicola.cl\/new\/#organization"},"potentialAction":[{"@type":"SearchAction","target":{"@type":"EntryPoint","urlTemplate":"https:\/\/www.mundoacuicola.cl\/new\/?s={search_term_string}"},"query-input":{"@type":"PropertyValueSpecification","valueRequired":true,"valueName":"search_term_string"}}],"inLanguage":"es"},{"@type":"Organization","@id":"https:\/\/www.mundoacuicola.cl\/new\/#organization","name":"Mundoacuicola","url":"https:\/\/www.mundoacuicola.cl\/new\/","logo":{"@type":"ImageObject","inLanguage":"es","@id":"https:\/\/www.mundoacuicola.cl\/new\/#\/schema\/logo\/image\/","url":"https:\/\/www.mundoacuicola.cl\/new\/wp-content\/uploads\/2026\/01\/cropped-LOGO-Mundo-Acuicola-2026.png","contentUrl":"https:\/\/www.mundoacuicola.cl\/new\/wp-content\/uploads\/2026\/01\/cropped-LOGO-Mundo-Acuicola-2026.png","width":1252,"height":296,"caption":"Mundoacuicola"},"image":{"@id":"https:\/\/www.mundoacuicola.cl\/new\/#\/schema\/logo\/image\/"},"sameAs":["https:\/\/www.facebook.com\/mundo.acuicola\/","https:\/\/x.com\/mundoacuicola","https:\/\/www.linkedin.com\/in\/mundo-acuicola"]},{"@type":"Person","@id":"https:\/\/www.mundoacuicola.cl\/new\/#\/schema\/person\/c00ffe389abb88bd9254653add139315","name":"mbarrueto","url":"https:\/\/www.mundoacuicola.cl\/new\/author\/mbarrueto\/"}]}},"_links":{"self":[{"href":"https:\/\/www.mundoacuicola.cl\/new\/wp-json\/wp\/v2\/posts\/88201","targetHints":{"allow":["GET"]}}],"collection":[{"href":"https:\/\/www.mundoacuicola.cl\/new\/wp-json\/wp\/v2\/posts"}],"about":[{"href":"https:\/\/www.mundoacuicola.cl\/new\/wp-json\/wp\/v2\/types\/post"}],"author":[{"embeddable":true,"href":"https:\/\/www.mundoacuicola.cl\/new\/wp-json\/wp\/v2\/users\/10"}],"replies":[{"embeddable":true,"href":"https:\/\/www.mundoacuicola.cl\/new\/wp-json\/wp\/v2\/comments?post=88201"}],"version-history":[{"count":1,"href":"https:\/\/www.mundoacuicola.cl\/new\/wp-json\/wp\/v2\/posts\/88201\/revisions"}],"predecessor-version":[{"id":88202,"href":"https:\/\/www.mundoacuicola.cl\/new\/wp-json\/wp\/v2\/posts\/88201\/revisions\/88202"}],"wp:featuredmedia":[{"embeddable":true,"href":"https:\/\/www.mundoacuicola.cl\/new\/wp-json\/wp\/v2\/media\/88145"}],"wp:attachment":[{"href":"https:\/\/www.mundoacuicola.cl\/new\/wp-json\/wp\/v2\/media?parent=88201"}],"wp:term":[{"taxonomy":"category","embeddable":true,"href":"https:\/\/www.mundoacuicola.cl\/new\/wp-json\/wp\/v2\/categories?post=88201"},{"taxonomy":"post_tag","embeddable":true,"href":"https:\/\/www.mundoacuicola.cl\/new\/wp-json\/wp\/v2\/tags?post=88201"}],"curies":[{"name":"wp","href":"https:\/\/api.w.org\/{rel}","templated":true}]}}