{"id":88209,"date":"2026-04-30T12:39:24","date_gmt":"2026-04-30T16:39:24","guid":{"rendered":"https:\/\/www.mundoacuicola.cl\/new\/?p=88209"},"modified":"2026-04-30T14:24:30","modified_gmt":"2026-04-30T18:24:30","slug":"pescadores-artesanales-de-cerco-cuestionan-medidas-de-sernapesca-y-piden-mesa-de-dialogo","status":"publish","type":"post","link":"https:\/\/www.mundoacuicola.cl\/new\/pescadores-artesanales-de-cerco-cuestionan-medidas-de-sernapesca-y-piden-mesa-de-dialogo\/","title":{"rendered":"Pescadores artesanales de cerco cuestionan medidas de Sernapesca y piden mesa de di\u00e1logo"},"content":{"rendered":"<p><span style=\"font-weight: 400;\">Ante las recientes instrucciones y medidas de fiscalizaci\u00f3n difundidas por el Servicio Nacional de Pesca y Acuicultura (Sernapesca) respecto a la operaci\u00f3n en la primera milla de la costa, los pescadores artesanales que trabajamos con redes de cerco, queremos hacer \u00e9nfasis que la campa\u00f1a medi\u00e1tica del servicio no es real, ya que criminaliza nuestra actividad entregando informaci\u00f3n que no es correcta.<\/span><\/p>\n<p><span style=\"font-weight: 400;\">Sernapesca sostiene que el arte de cerco para la captura de sardina com\u00fan y anchoveta a baja profundidad genera un \u00abefecto de arrastre de fondo\u00bb. Afirmamos categ\u00f3ricamente que esta afirmaci\u00f3n no es real y no refleja la naturaleza de nuestra t\u00e9cnica de pesca, la cual es selectiva y no busca intervenir el fondo marino ni los ecosistemas de peces de roca. De hecho, el enunciado efecto en la pr\u00e1ctica casi no existe. De ser cierto, el costo en redes superar\u00eda con creces el valor de operaci\u00f3n.<\/span><\/p>\n<p><span style=\"font-weight: 400;\">Adem\u00e1s, la exigencia de que nuestra red deba ser menor a 20 brazas y que el tama\u00f1o de la malla sea superior a 38 mil\u00edmetros representa un costo econ\u00f3mico inasumible para el sector artesanal. En t\u00e9rmino de eficiencia, cambiar o adaptar nuestros equipos de trabajo bajo estas especificaciones resulta insostenible para la continuidad de nuestra actividad productiva. Es nivelar hacia abajo, precarizando la actividad m\u00e1s que mejorando las condiciones t\u00e9cnicas de este.<\/span><\/p>\n<p><span style=\"font-weight: 400;\">Finalmente, es de conocimiento p\u00fablico que la captura de sardina y anchoveta es una actividad eminentemente costera, que se realiza dentro de la primera milla. Al establecer regulaciones tan restrictivas y aumentar la presi\u00f3n de fiscalizaci\u00f3n \u2014incluyendo monitoreo satelital para lanchas mayores a 12 metros y mediciones f\u00edsicas de redes con la Armada\u2014 se est\u00e1 perjudicando de manera injusta al sector que hist\u00f3ricamente ha operado en estas zonas, especialmente en las regiones de \u00d1uble y Biob\u00edo.<\/span><\/p>\n<p><span style=\"font-weight: 400;\">Estas medidas no permiten el normal desarrollo de los pescadores artesanales, estableciendo barreras que solo afectan a nuestro sector productivo bajo el pretexto de un resguardo ecosist\u00e9mico que no considera nuestra realidad operativa. Exigimos a las autoridades de Sernapesca una revisi\u00f3n de estas campa\u00f1as de difusi\u00f3n que directamente generan un impacto negativo en la opini\u00f3n p\u00fablica, y una mesa de di\u00e1logo que reconozca la importancia de la pesca artesanal de cerco y su aporte en la econom\u00eda regional.<\/span><\/p>\n","protected":false},"excerpt":{"rendered":"<p>Organizaciones de pescadores artesanales de cerco rechazaron la informaci\u00f3n difundida por Sernapesca sobre el supuesto \u201carrastre de fondo\u201d en la captura de sardina y anchoveta, advirtiendo que las nuevas exigencias t\u00e9cnicas y de fiscalizaci\u00f3n en la primera milla, como restricciones en redes y monitoreo, podr\u00edan afectar la continuidad operativa del sector en regiones como \u00d1uble y Biob\u00edo.<\/p>\n","protected":false},"author":10,"featured_media":88210,"comment_status":"closed","ping_status":"closed","sticky":false,"template":"","format":"standard","meta":{"footnotes":""},"categories":[404],"tags":[206,441,125],"class_list":["post-88209","post","type-post","status-publish","format-standard","has-post-thumbnail","hentry","category-titular-2","tag-pesca","tag-pesca-artesanal","tag-sernapesca"],"yoast_head":"<!-- This site is optimized with the Yoast SEO plugin v27.5 - https:\/\/yoast.com\/product\/yoast-seo-wordpress\/ -->\n<title>Pescadores artesanales de cerco cuestionan medidas de Sernapesca y piden mesa de di\u00e1logo - Mundoacuicola<\/title>\n<meta name=\"description\" content=\"Pescadores artesanales de cerco cuestionan medidas de Sernapesca y piden revisar regulaciones que afectan a la primera milla.\" \/>\n<meta name=\"robots\" content=\"index, follow, max-snippet:-1, max-image-preview:large, max-video-preview:-1\" \/>\n<link rel=\"canonical\" href=\"https:\/\/www.mundoacuicola.cl\/new\/pescadores-artesanales-de-cerco-cuestionan-medidas-de-sernapesca-y-piden-mesa-de-dialogo\/\" \/>\n<meta property=\"og:locale\" content=\"es_ES\" \/>\n<meta property=\"og:type\" content=\"article\" \/>\n<meta property=\"og:title\" content=\"Pescadores artesanales de cerco cuestionan medidas de Sernapesca y piden mesa de di\u00e1logo - Mundoacuicola\" \/>\n<meta property=\"og:description\" content=\"Pescadores artesanales de cerco cuestionan medidas de Sernapesca y piden revisar regulaciones que afectan a la primera milla.\" \/>\n<meta property=\"og:url\" content=\"https:\/\/www.mundoacuicola.cl\/new\/pescadores-artesanales-de-cerco-cuestionan-medidas-de-sernapesca-y-piden-mesa-de-dialogo\/\" \/>\n<meta property=\"og:site_name\" content=\"Mundoacuicola\" \/>\n<meta property=\"article:publisher\" content=\"https:\/\/www.facebook.com\/mundo.acuicola\/\" \/>\n<meta property=\"article:published_time\" content=\"2026-04-30T16:39:24+00:00\" \/>\n<meta property=\"article:modified_time\" content=\"2026-04-30T18:24:30+00:00\" \/>\n<meta property=\"og:image\" content=\"https:\/\/www.mundoacuicola.cl\/new\/wp-content\/uploads\/2026\/04\/SernapescaPescadoresArtesanales.jpg\" \/>\n\t<meta property=\"og:image:width\" content=\"1200\" \/>\n\t<meta property=\"og:image:height\" content=\"700\" \/>\n\t<meta property=\"og:image:type\" content=\"image\/jpeg\" \/>\n<meta name=\"author\" content=\"mbarrueto\" \/>\n<meta name=\"twitter:card\" content=\"summary_large_image\" \/>\n<meta name=\"twitter:creator\" content=\"@mundoacuicola\" \/>\n<meta name=\"twitter:site\" content=\"@mundoacuicola\" \/>\n<meta name=\"twitter:label1\" content=\"Escrito por\" \/>\n\t<meta name=\"twitter:data1\" content=\"mbarrueto\" \/>\n\t<meta name=\"twitter:label2\" content=\"Tiempo de lectura\" \/>\n\t<meta name=\"twitter:data2\" content=\"2 minutos\" \/>\n<script type=\"application\/ld+json\" class=\"yoast-schema-graph\">{\"@context\":\"https:\\\/\\\/schema.org\",\"@graph\":[{\"@type\":\"Article\",\"@id\":\"https:\\\/\\\/www.mundoacuicola.cl\\\/new\\\/pescadores-artesanales-de-cerco-cuestionan-medidas-de-sernapesca-y-piden-mesa-de-dialogo\\\/#article\",\"isPartOf\":{\"@id\":\"https:\\\/\\\/www.mundoacuicola.cl\\\/new\\\/pescadores-artesanales-de-cerco-cuestionan-medidas-de-sernapesca-y-piden-mesa-de-dialogo\\\/\"},\"author\":{\"name\":\"mbarrueto\",\"@id\":\"https:\\\/\\\/www.mundoacuicola.cl\\\/new\\\/#\\\/schema\\\/person\\\/c00ffe389abb88bd9254653add139315\"},\"headline\":\"Pescadores artesanales de cerco cuestionan medidas de Sernapesca y piden mesa de di\u00e1logo\",\"datePublished\":\"2026-04-30T16:39:24+00:00\",\"dateModified\":\"2026-04-30T18:24:30+00:00\",\"mainEntityOfPage\":{\"@id\":\"https:\\\/\\\/www.mundoacuicola.cl\\\/new\\\/pescadores-artesanales-de-cerco-cuestionan-medidas-de-sernapesca-y-piden-mesa-de-dialogo\\\/\"},\"wordCount\":417,\"publisher\":{\"@id\":\"https:\\\/\\\/www.mundoacuicola.cl\\\/new\\\/#organization\"},\"image\":{\"@id\":\"https:\\\/\\\/www.mundoacuicola.cl\\\/new\\\/pescadores-artesanales-de-cerco-cuestionan-medidas-de-sernapesca-y-piden-mesa-de-dialogo\\\/#primaryimage\"},\"thumbnailUrl\":\"https:\\\/\\\/www.mundoacuicola.cl\\\/new\\\/wp-content\\\/uploads\\\/2026\\\/04\\\/SernapescaPescadoresArtesanales.jpg\",\"keywords\":[\"Pesca\",\"Pesca artesanal\",\"Sernapesca\"],\"articleSection\":[\"Titular 2\"],\"inLanguage\":\"es\"},{\"@type\":\"WebPage\",\"@id\":\"https:\\\/\\\/www.mundoacuicola.cl\\\/new\\\/pescadores-artesanales-de-cerco-cuestionan-medidas-de-sernapesca-y-piden-mesa-de-dialogo\\\/\",\"url\":\"https:\\\/\\\/www.mundoacuicola.cl\\\/new\\\/pescadores-artesanales-de-cerco-cuestionan-medidas-de-sernapesca-y-piden-mesa-de-dialogo\\\/\",\"name\":\"Pescadores artesanales de cerco cuestionan medidas de Sernapesca y piden mesa de di\u00e1logo - Mundoacuicola\",\"isPartOf\":{\"@id\":\"https:\\\/\\\/www.mundoacuicola.cl\\\/new\\\/#website\"},\"primaryImageOfPage\":{\"@id\":\"https:\\\/\\\/www.mundoacuicola.cl\\\/new\\\/pescadores-artesanales-de-cerco-cuestionan-medidas-de-sernapesca-y-piden-mesa-de-dialogo\\\/#primaryimage\"},\"image\":{\"@id\":\"https:\\\/\\\/www.mundoacuicola.cl\\\/new\\\/pescadores-artesanales-de-cerco-cuestionan-medidas-de-sernapesca-y-piden-mesa-de-dialogo\\\/#primaryimage\"},\"thumbnailUrl\":\"https:\\\/\\\/www.mundoacuicola.cl\\\/new\\\/wp-content\\\/uploads\\\/2026\\\/04\\\/SernapescaPescadoresArtesanales.jpg\",\"datePublished\":\"2026-04-30T16:39:24+00:00\",\"dateModified\":\"2026-04-30T18:24:30+00:00\",\"description\":\"Pescadores artesanales de cerco cuestionan medidas de Sernapesca y piden revisar regulaciones que afectan a la primera milla.\",\"breadcrumb\":{\"@id\":\"https:\\\/\\\/www.mundoacuicola.cl\\\/new\\\/pescadores-artesanales-de-cerco-cuestionan-medidas-de-sernapesca-y-piden-mesa-de-dialogo\\\/#breadcrumb\"},\"inLanguage\":\"es\",\"potentialAction\":[{\"@type\":\"ReadAction\",\"target\":[\"https:\\\/\\\/www.mundoacuicola.cl\\\/new\\\/pescadores-artesanales-de-cerco-cuestionan-medidas-de-sernapesca-y-piden-mesa-de-dialogo\\\/\"]}]},{\"@type\":\"ImageObject\",\"inLanguage\":\"es\",\"@id\":\"https:\\\/\\\/www.mundoacuicola.cl\\\/new\\\/pescadores-artesanales-de-cerco-cuestionan-medidas-de-sernapesca-y-piden-mesa-de-dialogo\\\/#primaryimage\",\"url\":\"https:\\\/\\\/www.mundoacuicola.cl\\\/new\\\/wp-content\\\/uploads\\\/2026\\\/04\\\/SernapescaPescadoresArtesanales.jpg\",\"contentUrl\":\"https:\\\/\\\/www.mundoacuicola.cl\\\/new\\\/wp-content\\\/uploads\\\/2026\\\/04\\\/SernapescaPescadoresArtesanales.jpg\",\"width\":1200,\"height\":700},{\"@type\":\"BreadcrumbList\",\"@id\":\"https:\\\/\\\/www.mundoacuicola.cl\\\/new\\\/pescadores-artesanales-de-cerco-cuestionan-medidas-de-sernapesca-y-piden-mesa-de-dialogo\\\/#breadcrumb\",\"itemListElement\":[{\"@type\":\"ListItem\",\"position\":1,\"name\":\"Portada\",\"item\":\"https:\\\/\\\/www.mundoacuicola.cl\\\/new\\\/\"},{\"@type\":\"ListItem\",\"position\":2,\"name\":\"Pescadores artesanales de cerco cuestionan medidas de Sernapesca y piden mesa de di\u00e1logo\"}]},{\"@type\":\"WebSite\",\"@id\":\"https:\\\/\\\/www.mundoacuicola.cl\\\/new\\\/#website\",\"url\":\"https:\\\/\\\/www.mundoacuicola.cl\\\/new\\\/\",\"name\":\"Mundoacuicola\",\"description\":\"Revista de Acuicultura.\",\"publisher\":{\"@id\":\"https:\\\/\\\/www.mundoacuicola.cl\\\/new\\\/#organization\"},\"potentialAction\":[{\"@type\":\"SearchAction\",\"target\":{\"@type\":\"EntryPoint\",\"urlTemplate\":\"https:\\\/\\\/www.mundoacuicola.cl\\\/new\\\/?s={search_term_string}\"},\"query-input\":{\"@type\":\"PropertyValueSpecification\",\"valueRequired\":true,\"valueName\":\"search_term_string\"}}],\"inLanguage\":\"es\"},{\"@type\":\"Organization\",\"@id\":\"https:\\\/\\\/www.mundoacuicola.cl\\\/new\\\/#organization\",\"name\":\"Mundoacuicola\",\"url\":\"https:\\\/\\\/www.mundoacuicola.cl\\\/new\\\/\",\"logo\":{\"@type\":\"ImageObject\",\"inLanguage\":\"es\",\"@id\":\"https:\\\/\\\/www.mundoacuicola.cl\\\/new\\\/#\\\/schema\\\/logo\\\/image\\\/\",\"url\":\"https:\\\/\\\/www.mundoacuicola.cl\\\/new\\\/wp-content\\\/uploads\\\/2026\\\/01\\\/cropped-LOGO-Mundo-Acuicola-2026.png\",\"contentUrl\":\"https:\\\/\\\/www.mundoacuicola.cl\\\/new\\\/wp-content\\\/uploads\\\/2026\\\/01\\\/cropped-LOGO-Mundo-Acuicola-2026.png\",\"width\":1252,\"height\":296,\"caption\":\"Mundoacuicola\"},\"image\":{\"@id\":\"https:\\\/\\\/www.mundoacuicola.cl\\\/new\\\/#\\\/schema\\\/logo\\\/image\\\/\"},\"sameAs\":[\"https:\\\/\\\/www.facebook.com\\\/mundo.acuicola\\\/\",\"https:\\\/\\\/x.com\\\/mundoacuicola\",\"https:\\\/\\\/www.linkedin.com\\\/in\\\/mundo-acuicola\"]},{\"@type\":\"Person\",\"@id\":\"https:\\\/\\\/www.mundoacuicola.cl\\\/new\\\/#\\\/schema\\\/person\\\/c00ffe389abb88bd9254653add139315\",\"name\":\"mbarrueto\",\"url\":\"https:\\\/\\\/www.mundoacuicola.cl\\\/new\\\/author\\\/mbarrueto\\\/\"}]}<\/script>\n<!-- \/ Yoast SEO plugin. -->","yoast_head_json":{"title":"Pescadores artesanales de cerco cuestionan medidas de Sernapesca y piden mesa de di\u00e1logo - Mundoacuicola","description":"Pescadores artesanales de cerco cuestionan medidas de Sernapesca y piden revisar regulaciones que afectan a la primera milla.","robots":{"index":"index","follow":"follow","max-snippet":"max-snippet:-1","max-image-preview":"max-image-preview:large","max-video-preview":"max-video-preview:-1"},"canonical":"https:\/\/www.mundoacuicola.cl\/new\/pescadores-artesanales-de-cerco-cuestionan-medidas-de-sernapesca-y-piden-mesa-de-dialogo\/","og_locale":"es_ES","og_type":"article","og_title":"Pescadores artesanales de cerco cuestionan medidas de Sernapesca y piden mesa de di\u00e1logo - Mundoacuicola","og_description":"Pescadores artesanales de cerco cuestionan medidas de Sernapesca y piden revisar regulaciones que afectan a la primera milla.","og_url":"https:\/\/www.mundoacuicola.cl\/new\/pescadores-artesanales-de-cerco-cuestionan-medidas-de-sernapesca-y-piden-mesa-de-dialogo\/","og_site_name":"Mundoacuicola","article_publisher":"https:\/\/www.facebook.com\/mundo.acuicola\/","article_published_time":"2026-04-30T16:39:24+00:00","article_modified_time":"2026-04-30T18:24:30+00:00","og_image":[{"width":1200,"height":700,"url":"https:\/\/www.mundoacuicola.cl\/new\/wp-content\/uploads\/2026\/04\/SernapescaPescadoresArtesanales.jpg","type":"image\/jpeg"}],"author":"mbarrueto","twitter_card":"summary_large_image","twitter_creator":"@mundoacuicola","twitter_site":"@mundoacuicola","twitter_misc":{"Escrito por":"mbarrueto","Tiempo de lectura":"2 minutos"},"schema":{"@context":"https:\/\/schema.org","@graph":[{"@type":"Article","@id":"https:\/\/www.mundoacuicola.cl\/new\/pescadores-artesanales-de-cerco-cuestionan-medidas-de-sernapesca-y-piden-mesa-de-dialogo\/#article","isPartOf":{"@id":"https:\/\/www.mundoacuicola.cl\/new\/pescadores-artesanales-de-cerco-cuestionan-medidas-de-sernapesca-y-piden-mesa-de-dialogo\/"},"author":{"name":"mbarrueto","@id":"https:\/\/www.mundoacuicola.cl\/new\/#\/schema\/person\/c00ffe389abb88bd9254653add139315"},"headline":"Pescadores artesanales de cerco cuestionan medidas de Sernapesca y piden mesa de di\u00e1logo","datePublished":"2026-04-30T16:39:24+00:00","dateModified":"2026-04-30T18:24:30+00:00","mainEntityOfPage":{"@id":"https:\/\/www.mundoacuicola.cl\/new\/pescadores-artesanales-de-cerco-cuestionan-medidas-de-sernapesca-y-piden-mesa-de-dialogo\/"},"wordCount":417,"publisher":{"@id":"https:\/\/www.mundoacuicola.cl\/new\/#organization"},"image":{"@id":"https:\/\/www.mundoacuicola.cl\/new\/pescadores-artesanales-de-cerco-cuestionan-medidas-de-sernapesca-y-piden-mesa-de-dialogo\/#primaryimage"},"thumbnailUrl":"https:\/\/www.mundoacuicola.cl\/new\/wp-content\/uploads\/2026\/04\/SernapescaPescadoresArtesanales.jpg","keywords":["Pesca","Pesca artesanal","Sernapesca"],"articleSection":["Titular 2"],"inLanguage":"es"},{"@type":"WebPage","@id":"https:\/\/www.mundoacuicola.cl\/new\/pescadores-artesanales-de-cerco-cuestionan-medidas-de-sernapesca-y-piden-mesa-de-dialogo\/","url":"https:\/\/www.mundoacuicola.cl\/new\/pescadores-artesanales-de-cerco-cuestionan-medidas-de-sernapesca-y-piden-mesa-de-dialogo\/","name":"Pescadores artesanales de cerco cuestionan medidas de Sernapesca y piden mesa de di\u00e1logo - Mundoacuicola","isPartOf":{"@id":"https:\/\/www.mundoacuicola.cl\/new\/#website"},"primaryImageOfPage":{"@id":"https:\/\/www.mundoacuicola.cl\/new\/pescadores-artesanales-de-cerco-cuestionan-medidas-de-sernapesca-y-piden-mesa-de-dialogo\/#primaryimage"},"image":{"@id":"https:\/\/www.mundoacuicola.cl\/new\/pescadores-artesanales-de-cerco-cuestionan-medidas-de-sernapesca-y-piden-mesa-de-dialogo\/#primaryimage"},"thumbnailUrl":"https:\/\/www.mundoacuicola.cl\/new\/wp-content\/uploads\/2026\/04\/SernapescaPescadoresArtesanales.jpg","datePublished":"2026-04-30T16:39:24+00:00","dateModified":"2026-04-30T18:24:30+00:00","description":"Pescadores artesanales de cerco cuestionan medidas de Sernapesca y piden revisar regulaciones que afectan a la primera milla.","breadcrumb":{"@id":"https:\/\/www.mundoacuicola.cl\/new\/pescadores-artesanales-de-cerco-cuestionan-medidas-de-sernapesca-y-piden-mesa-de-dialogo\/#breadcrumb"},"inLanguage":"es","potentialAction":[{"@type":"ReadAction","target":["https:\/\/www.mundoacuicola.cl\/new\/pescadores-artesanales-de-cerco-cuestionan-medidas-de-sernapesca-y-piden-mesa-de-dialogo\/"]}]},{"@type":"ImageObject","inLanguage":"es","@id":"https:\/\/www.mundoacuicola.cl\/new\/pescadores-artesanales-de-cerco-cuestionan-medidas-de-sernapesca-y-piden-mesa-de-dialogo\/#primaryimage","url":"https:\/\/www.mundoacuicola.cl\/new\/wp-content\/uploads\/2026\/04\/SernapescaPescadoresArtesanales.jpg","contentUrl":"https:\/\/www.mundoacuicola.cl\/new\/wp-content\/uploads\/2026\/04\/SernapescaPescadoresArtesanales.jpg","width":1200,"height":700},{"@type":"BreadcrumbList","@id":"https:\/\/www.mundoacuicola.cl\/new\/pescadores-artesanales-de-cerco-cuestionan-medidas-de-sernapesca-y-piden-mesa-de-dialogo\/#breadcrumb","itemListElement":[{"@type":"ListItem","position":1,"name":"Portada","item":"https:\/\/www.mundoacuicola.cl\/new\/"},{"@type":"ListItem","position":2,"name":"Pescadores artesanales de cerco cuestionan medidas de Sernapesca y piden mesa de di\u00e1logo"}]},{"@type":"WebSite","@id":"https:\/\/www.mundoacuicola.cl\/new\/#website","url":"https:\/\/www.mundoacuicola.cl\/new\/","name":"Mundoacuicola","description":"Revista de Acuicultura.","publisher":{"@id":"https:\/\/www.mundoacuicola.cl\/new\/#organization"},"potentialAction":[{"@type":"SearchAction","target":{"@type":"EntryPoint","urlTemplate":"https:\/\/www.mundoacuicola.cl\/new\/?s={search_term_string}"},"query-input":{"@type":"PropertyValueSpecification","valueRequired":true,"valueName":"search_term_string"}}],"inLanguage":"es"},{"@type":"Organization","@id":"https:\/\/www.mundoacuicola.cl\/new\/#organization","name":"Mundoacuicola","url":"https:\/\/www.mundoacuicola.cl\/new\/","logo":{"@type":"ImageObject","inLanguage":"es","@id":"https:\/\/www.mundoacuicola.cl\/new\/#\/schema\/logo\/image\/","url":"https:\/\/www.mundoacuicola.cl\/new\/wp-content\/uploads\/2026\/01\/cropped-LOGO-Mundo-Acuicola-2026.png","contentUrl":"https:\/\/www.mundoacuicola.cl\/new\/wp-content\/uploads\/2026\/01\/cropped-LOGO-Mundo-Acuicola-2026.png","width":1252,"height":296,"caption":"Mundoacuicola"},"image":{"@id":"https:\/\/www.mundoacuicola.cl\/new\/#\/schema\/logo\/image\/"},"sameAs":["https:\/\/www.facebook.com\/mundo.acuicola\/","https:\/\/x.com\/mundoacuicola","https:\/\/www.linkedin.com\/in\/mundo-acuicola"]},{"@type":"Person","@id":"https:\/\/www.mundoacuicola.cl\/new\/#\/schema\/person\/c00ffe389abb88bd9254653add139315","name":"mbarrueto","url":"https:\/\/www.mundoacuicola.cl\/new\/author\/mbarrueto\/"}]}},"_links":{"self":[{"href":"https:\/\/www.mundoacuicola.cl\/new\/wp-json\/wp\/v2\/posts\/88209","targetHints":{"allow":["GET"]}}],"collection":[{"href":"https:\/\/www.mundoacuicola.cl\/new\/wp-json\/wp\/v2\/posts"}],"about":[{"href":"https:\/\/www.mundoacuicola.cl\/new\/wp-json\/wp\/v2\/types\/post"}],"author":[{"embeddable":true,"href":"https:\/\/www.mundoacuicola.cl\/new\/wp-json\/wp\/v2\/users\/10"}],"replies":[{"embeddable":true,"href":"https:\/\/www.mundoacuicola.cl\/new\/wp-json\/wp\/v2\/comments?post=88209"}],"version-history":[{"count":1,"href":"https:\/\/www.mundoacuicola.cl\/new\/wp-json\/wp\/v2\/posts\/88209\/revisions"}],"predecessor-version":[{"id":88211,"href":"https:\/\/www.mundoacuicola.cl\/new\/wp-json\/wp\/v2\/posts\/88209\/revisions\/88211"}],"wp:featuredmedia":[{"embeddable":true,"href":"https:\/\/www.mundoacuicola.cl\/new\/wp-json\/wp\/v2\/media\/88210"}],"wp:attachment":[{"href":"https:\/\/www.mundoacuicola.cl\/new\/wp-json\/wp\/v2\/media?parent=88209"}],"wp:term":[{"taxonomy":"category","embeddable":true,"href":"https:\/\/www.mundoacuicola.cl\/new\/wp-json\/wp\/v2\/categories?post=88209"},{"taxonomy":"post_tag","embeddable":true,"href":"https:\/\/www.mundoacuicola.cl\/new\/wp-json\/wp\/v2\/tags?post=88209"}],"curies":[{"name":"wp","href":"https:\/\/api.w.org\/{rel}","templated":true}]}}