{"id":88235,"date":"2026-04-30T17:11:34","date_gmt":"2026-04-30T21:11:34","guid":{"rendered":"https:\/\/www.mundoacuicola.cl\/new\/?p=88235"},"modified":"2026-04-30T17:11:34","modified_gmt":"2026-04-30T21:11:34","slug":"sector-artesanal-pide-reactivar-discusion-sobre-nulidad-de-la-ley-de-pesca-en-el-senado","status":"publish","type":"post","link":"https:\/\/www.mundoacuicola.cl\/new\/sector-artesanal-pide-reactivar-discusion-sobre-nulidad-de-la-ley-de-pesca-en-el-senado\/","title":{"rendered":"Sector artesanal pide reactivar discusi\u00f3n sobre nulidad de la Ley de Pesca en el Senado"},"content":{"rendered":"<p><span style=\"font-weight: 400;\">La pesca artesanal de la Octava Regi\u00f3n subi\u00f3 el tono frente al Ejecutivo y al Congreso. En una reuni\u00f3n de trabajo realizada en Coronel con la diputada Carolina Tello, dirigentes del Consejo para la Defensa del Patrimonio Pesquero (CONDEPP) y de la Mesa Pel\u00e1gica, acordaron una agenda legislativa de cinco puntos que ser\u00e1 impulsada por la Bancada de la Pesca Artesanal, para exigir al Senado poner en tabla, de una vez por todas, la nulidad de la Ley de Pesca y reponer la Nueva Ley de Pesca en el Congreso.<\/span><\/p>\n<p><span style=\"font-weight: 400;\">El emplazamiento se da en medio de una crisis que tiene a miles de familias pescadoras al borde del colapso econ\u00f3mico, mientras \u2014denuncian los dirigentes\u2014 las grandes pesqueras industriales siguen concentrando poder, capturando con artes destructivas y operando bajo una ley que les asegura un negocio millonario y que naci\u00f3 del cohecho que el pa\u00eds a\u00fan no ha logrado anular.<\/span><\/p>\n<p><span style=\"font-weight: 400;\">Durante la jornada se discutieron los principales nudos cr\u00edticos del sector: la urgencia de reponer el proyecto de nueva Ley de Pesca, el proyecto de reconstrucci\u00f3n presentado por el Ejecutivo \u2014que aborda materias relevantes como la caducidad y la relocalizaci\u00f3n de concesiones\u2014, la instalaci\u00f3n de posicionadores satelitales (POSAT) y c\u00e1maras a bordo, y la propia nulidad de la Ley de Pesca como demanda hist\u00f3rica del mundo artesanal.<\/span><\/p>\n<p><span style=\"font-weight: 400;\">Uno de los puntos tratados fue la temporalidad pesquera versus la biolog\u00eda, problem\u00e1tica que refleja la desconexi\u00f3n entre las decisiones administrativas y la realidad del recurso. Hoy la cuota de sardina se define en junio, mientras que el periodo de captura se extiende de enero a diciembre, lo que afecta directamente la sustentabilidad de la pesquer\u00eda. Los dirigentes propusieron que el periodo de captura coincida con los tiempos biol\u00f3gicos de la especie.<\/span><\/p>\n<h3><b>\u00abEl gobierno sigue legislando para los m\u00e1s ricos del mar\u00bb<\/b><\/h3>\n<p><span style=\"font-weight: 400;\">El presidente de CONDEPP, Hern\u00e1n Cort\u00e9s, fue categ\u00f3rico al evaluar el escenario: \u00abMientras las familias de la pesca artesanal aguantan una crisis que las tiene al borde del colapso, este gobierno sigue tomando decisiones que terminan beneficiando a los m\u00e1s ricos. El retiro del Proyecto de Nueva Ley de Pesca se traduce en privilegios para las grandes pesqueras industriales, mientras a los pescadores artesanales se les exige pagar certificaciones, combustibles que aumentan su precio cada semana y esperar cuotas que no respetan los tiempos biol\u00f3gicos del recurso. La balanza est\u00e1 cargada para el lado equivocado y eso hay que decirlo con todas sus letras.\u00bb<\/span><\/p>\n<p><span style=\"font-weight: 400;\">Por su parte, el vocero de CONDEPP, Ram\u00f3n Chaparro destac\u00f3 la importancia pol\u00edtica del encuentro y endureci\u00f3 el llamado al Senado: \u00abValoramos profundamente que la diputada Carolina Tello nos haya escuchado en Coronel y haya recogido nuestras propuestas. Lo que pedimos no es ning\u00fan favor: queremos eliminar el arte de arrastre que destruye es un m\u00e9todo de captura profundamente da\u00f1ino, queremos una temporalidad biol\u00f3gica que cuide los recursos, y queremos que el Senado se ponga los pantalones y coloque en tabla la nulidad de la Ley de Pesca. La pesca artesanal no puede seguir pagando los costos de una ley hecha a la medida de los grupos econ\u00f3micos m\u00e1s poderosos del pa\u00eds.\u00bb<\/span><\/p>\n<h3><b>Agenda legislativa acordada<\/b><\/h3>\n<p><span style=\"font-weight: 400;\">Como resultado del encuentro, dirigentes y parlamentaria acordaron impulsar las siguientes iniciativas:<\/span><\/p>\n<ol>\n<li><span style=\"font-weight: 400;\">Solicitar formalmente, a trav\u00e9s de la Bancada de la Pesca Artesanal, que oficie al Senado para que ponga en tabla la nulidad de la Ley de Pesca.<\/span><\/li>\n<li><span style=\"font-weight: 400;\">Reponer el Proyecto de Nueva Ley de Pesca que incluye la Plataforma Social para la pesca artesanal en la Comisi\u00f3n de Pesca de la C\u00e1mara para que contin\u00fae el tr\u00e1mite legislativo de cara al pa\u00eds, no entre cuatro paredes.<\/span><\/li>\n<li><span style=\"font-weight: 400;\">Pedir a la subsecretar\u00eda que cambie de temporalidad biol\u00f3gica de capturas, que ajuste las cuotas y periodos de pesca a los ciclos reales de las especies.<\/span><\/li>\n<li><span style=\"font-weight: 400;\">Eliminar el arrastre como arte de pesca para cualquier pesquer\u00eda, por su impacto destructivo sobre los ecosistemas marinos.<\/span><\/li>\n<li><span style=\"font-weight: 400;\">Pedir al ejecutivo que elimine el impuesto espec\u00edfico a los combustibles para la pesca artesanal y que suspenda el pago de la certificaci\u00f3n mientras se mantenga la actual crisis del sector.<\/span><\/li>\n<\/ol>\n","protected":false},"excerpt":{"rendered":"<p>Dirigentes de CONDEPP y la Mesa Pel\u00e1gica acordaron una agenda legislativa junto a la diputada Carolina Tello para exigir al Senado reactivar la discusi\u00f3n sobre la nulidad de la Ley de Pesca, en medio de un escenario que, seg\u00fan acusan, afecta la sustentabilidad del recurso y la viabilidad econ\u00f3mica de la pesca artesanal frente al predominio del sector industrial.<\/p>\n","protected":false},"author":10,"featured_media":88236,"comment_status":"closed","ping_status":"closed","sticky":false,"template":"","format":"standard","meta":{"footnotes":""},"categories":[405],"tags":[171,287,206,441],"class_list":["post-88235","post","type-post","status-publish","format-standard","has-post-thumbnail","hentry","category-titular-3","tag-condepp","tag-ley-de-pesca","tag-pesca","tag-pesca-artesanal"],"yoast_head":"<!-- This site is optimized with the Yoast SEO plugin v27.5 - https:\/\/yoast.com\/product\/yoast-seo-wordpress\/ -->\n<title>Sector artesanal pide reactivar discusi\u00f3n sobre nulidad de la Ley de Pesca en el Senado - Mundoacuicola<\/title>\n<meta name=\"description\" content=\"Dirigentes de CONDEPP y de la Mesa Pel\u00e1gica acordaron una agenda legislativa de cinco puntos por Ley de Pesca.\" \/>\n<meta name=\"robots\" content=\"index, follow, max-snippet:-1, max-image-preview:large, max-video-preview:-1\" \/>\n<link rel=\"canonical\" href=\"https:\/\/www.mundoacuicola.cl\/new\/sector-artesanal-pide-reactivar-discusion-sobre-nulidad-de-la-ley-de-pesca-en-el-senado\/\" \/>\n<meta property=\"og:locale\" content=\"es_ES\" \/>\n<meta property=\"og:type\" content=\"article\" \/>\n<meta property=\"og:title\" content=\"Sector artesanal pide reactivar discusi\u00f3n sobre nulidad de la Ley de Pesca en el Senado - Mundoacuicola\" \/>\n<meta property=\"og:description\" content=\"Dirigentes de CONDEPP y de la Mesa Pel\u00e1gica acordaron una agenda legislativa de cinco puntos por Ley de Pesca.\" \/>\n<meta property=\"og:url\" content=\"https:\/\/www.mundoacuicola.cl\/new\/sector-artesanal-pide-reactivar-discusion-sobre-nulidad-de-la-ley-de-pesca-en-el-senado\/\" \/>\n<meta property=\"og:site_name\" content=\"Mundoacuicola\" \/>\n<meta property=\"article:publisher\" content=\"https:\/\/www.facebook.com\/mundo.acuicola\/\" \/>\n<meta property=\"article:published_time\" content=\"2026-04-30T21:11:34+00:00\" \/>\n<meta property=\"og:image\" content=\"https:\/\/www.mundoacuicola.cl\/new\/wp-content\/uploads\/2026\/04\/PescadoresArtesanalesNuevaLeydePesca.jpg\" \/>\n\t<meta property=\"og:image:width\" content=\"1200\" \/>\n\t<meta property=\"og:image:height\" content=\"700\" \/>\n\t<meta property=\"og:image:type\" content=\"image\/jpeg\" \/>\n<meta name=\"author\" content=\"mbarrueto\" \/>\n<meta name=\"twitter:card\" content=\"summary_large_image\" \/>\n<meta name=\"twitter:creator\" content=\"@mundoacuicola\" \/>\n<meta name=\"twitter:site\" content=\"@mundoacuicola\" \/>\n<meta name=\"twitter:label1\" content=\"Escrito por\" \/>\n\t<meta name=\"twitter:data1\" content=\"mbarrueto\" \/>\n\t<meta name=\"twitter:label2\" content=\"Tiempo de lectura\" \/>\n\t<meta name=\"twitter:data2\" content=\"4 minutos\" \/>\n<script type=\"application\/ld+json\" class=\"yoast-schema-graph\">{\"@context\":\"https:\\\/\\\/schema.org\",\"@graph\":[{\"@type\":\"Article\",\"@id\":\"https:\\\/\\\/www.mundoacuicola.cl\\\/new\\\/sector-artesanal-pide-reactivar-discusion-sobre-nulidad-de-la-ley-de-pesca-en-el-senado\\\/#article\",\"isPartOf\":{\"@id\":\"https:\\\/\\\/www.mundoacuicola.cl\\\/new\\\/sector-artesanal-pide-reactivar-discusion-sobre-nulidad-de-la-ley-de-pesca-en-el-senado\\\/\"},\"author\":{\"name\":\"mbarrueto\",\"@id\":\"https:\\\/\\\/www.mundoacuicola.cl\\\/new\\\/#\\\/schema\\\/person\\\/c00ffe389abb88bd9254653add139315\"},\"headline\":\"Sector artesanal pide reactivar discusi\u00f3n sobre nulidad de la Ley de Pesca en el Senado\",\"datePublished\":\"2026-04-30T21:11:34+00:00\",\"mainEntityOfPage\":{\"@id\":\"https:\\\/\\\/www.mundoacuicola.cl\\\/new\\\/sector-artesanal-pide-reactivar-discusion-sobre-nulidad-de-la-ley-de-pesca-en-el-senado\\\/\"},\"wordCount\":730,\"publisher\":{\"@id\":\"https:\\\/\\\/www.mundoacuicola.cl\\\/new\\\/#organization\"},\"image\":{\"@id\":\"https:\\\/\\\/www.mundoacuicola.cl\\\/new\\\/sector-artesanal-pide-reactivar-discusion-sobre-nulidad-de-la-ley-de-pesca-en-el-senado\\\/#primaryimage\"},\"thumbnailUrl\":\"https:\\\/\\\/www.mundoacuicola.cl\\\/new\\\/wp-content\\\/uploads\\\/2026\\\/04\\\/PescadoresArtesanalesNuevaLeydePesca.jpg\",\"keywords\":[\"Condepp\",\"Ley de Pesca\",\"Pesca\",\"Pesca artesanal\"],\"articleSection\":[\"Titular 3\"],\"inLanguage\":\"es\"},{\"@type\":\"WebPage\",\"@id\":\"https:\\\/\\\/www.mundoacuicola.cl\\\/new\\\/sector-artesanal-pide-reactivar-discusion-sobre-nulidad-de-la-ley-de-pesca-en-el-senado\\\/\",\"url\":\"https:\\\/\\\/www.mundoacuicola.cl\\\/new\\\/sector-artesanal-pide-reactivar-discusion-sobre-nulidad-de-la-ley-de-pesca-en-el-senado\\\/\",\"name\":\"Sector artesanal pide reactivar discusi\u00f3n sobre nulidad de la Ley de Pesca en el Senado - Mundoacuicola\",\"isPartOf\":{\"@id\":\"https:\\\/\\\/www.mundoacuicola.cl\\\/new\\\/#website\"},\"primaryImageOfPage\":{\"@id\":\"https:\\\/\\\/www.mundoacuicola.cl\\\/new\\\/sector-artesanal-pide-reactivar-discusion-sobre-nulidad-de-la-ley-de-pesca-en-el-senado\\\/#primaryimage\"},\"image\":{\"@id\":\"https:\\\/\\\/www.mundoacuicola.cl\\\/new\\\/sector-artesanal-pide-reactivar-discusion-sobre-nulidad-de-la-ley-de-pesca-en-el-senado\\\/#primaryimage\"},\"thumbnailUrl\":\"https:\\\/\\\/www.mundoacuicola.cl\\\/new\\\/wp-content\\\/uploads\\\/2026\\\/04\\\/PescadoresArtesanalesNuevaLeydePesca.jpg\",\"datePublished\":\"2026-04-30T21:11:34+00:00\",\"description\":\"Dirigentes de CONDEPP y de la Mesa Pel\u00e1gica acordaron una agenda legislativa de cinco puntos por Ley de Pesca.\",\"breadcrumb\":{\"@id\":\"https:\\\/\\\/www.mundoacuicola.cl\\\/new\\\/sector-artesanal-pide-reactivar-discusion-sobre-nulidad-de-la-ley-de-pesca-en-el-senado\\\/#breadcrumb\"},\"inLanguage\":\"es\",\"potentialAction\":[{\"@type\":\"ReadAction\",\"target\":[\"https:\\\/\\\/www.mundoacuicola.cl\\\/new\\\/sector-artesanal-pide-reactivar-discusion-sobre-nulidad-de-la-ley-de-pesca-en-el-senado\\\/\"]}]},{\"@type\":\"ImageObject\",\"inLanguage\":\"es\",\"@id\":\"https:\\\/\\\/www.mundoacuicola.cl\\\/new\\\/sector-artesanal-pide-reactivar-discusion-sobre-nulidad-de-la-ley-de-pesca-en-el-senado\\\/#primaryimage\",\"url\":\"https:\\\/\\\/www.mundoacuicola.cl\\\/new\\\/wp-content\\\/uploads\\\/2026\\\/04\\\/PescadoresArtesanalesNuevaLeydePesca.jpg\",\"contentUrl\":\"https:\\\/\\\/www.mundoacuicola.cl\\\/new\\\/wp-content\\\/uploads\\\/2026\\\/04\\\/PescadoresArtesanalesNuevaLeydePesca.jpg\",\"width\":1200,\"height\":700},{\"@type\":\"BreadcrumbList\",\"@id\":\"https:\\\/\\\/www.mundoacuicola.cl\\\/new\\\/sector-artesanal-pide-reactivar-discusion-sobre-nulidad-de-la-ley-de-pesca-en-el-senado\\\/#breadcrumb\",\"itemListElement\":[{\"@type\":\"ListItem\",\"position\":1,\"name\":\"Portada\",\"item\":\"https:\\\/\\\/www.mundoacuicola.cl\\\/new\\\/\"},{\"@type\":\"ListItem\",\"position\":2,\"name\":\"Sector artesanal pide reactivar discusi\u00f3n sobre nulidad de la Ley de Pesca en el Senado\"}]},{\"@type\":\"WebSite\",\"@id\":\"https:\\\/\\\/www.mundoacuicola.cl\\\/new\\\/#website\",\"url\":\"https:\\\/\\\/www.mundoacuicola.cl\\\/new\\\/\",\"name\":\"Mundoacuicola\",\"description\":\"Revista de Acuicultura.\",\"publisher\":{\"@id\":\"https:\\\/\\\/www.mundoacuicola.cl\\\/new\\\/#organization\"},\"potentialAction\":[{\"@type\":\"SearchAction\",\"target\":{\"@type\":\"EntryPoint\",\"urlTemplate\":\"https:\\\/\\\/www.mundoacuicola.cl\\\/new\\\/?s={search_term_string}\"},\"query-input\":{\"@type\":\"PropertyValueSpecification\",\"valueRequired\":true,\"valueName\":\"search_term_string\"}}],\"inLanguage\":\"es\"},{\"@type\":\"Organization\",\"@id\":\"https:\\\/\\\/www.mundoacuicola.cl\\\/new\\\/#organization\",\"name\":\"Mundoacuicola\",\"url\":\"https:\\\/\\\/www.mundoacuicola.cl\\\/new\\\/\",\"logo\":{\"@type\":\"ImageObject\",\"inLanguage\":\"es\",\"@id\":\"https:\\\/\\\/www.mundoacuicola.cl\\\/new\\\/#\\\/schema\\\/logo\\\/image\\\/\",\"url\":\"https:\\\/\\\/www.mundoacuicola.cl\\\/new\\\/wp-content\\\/uploads\\\/2026\\\/01\\\/cropped-LOGO-Mundo-Acuicola-2026.png\",\"contentUrl\":\"https:\\\/\\\/www.mundoacuicola.cl\\\/new\\\/wp-content\\\/uploads\\\/2026\\\/01\\\/cropped-LOGO-Mundo-Acuicola-2026.png\",\"width\":1252,\"height\":296,\"caption\":\"Mundoacuicola\"},\"image\":{\"@id\":\"https:\\\/\\\/www.mundoacuicola.cl\\\/new\\\/#\\\/schema\\\/logo\\\/image\\\/\"},\"sameAs\":[\"https:\\\/\\\/www.facebook.com\\\/mundo.acuicola\\\/\",\"https:\\\/\\\/x.com\\\/mundoacuicola\",\"https:\\\/\\\/www.linkedin.com\\\/in\\\/mundo-acuicola\"]},{\"@type\":\"Person\",\"@id\":\"https:\\\/\\\/www.mundoacuicola.cl\\\/new\\\/#\\\/schema\\\/person\\\/c00ffe389abb88bd9254653add139315\",\"name\":\"mbarrueto\",\"url\":\"https:\\\/\\\/www.mundoacuicola.cl\\\/new\\\/author\\\/mbarrueto\\\/\"}]}<\/script>\n<!-- \/ Yoast SEO plugin. -->","yoast_head_json":{"title":"Sector artesanal pide reactivar discusi\u00f3n sobre nulidad de la Ley de Pesca en el Senado - Mundoacuicola","description":"Dirigentes de CONDEPP y de la Mesa Pel\u00e1gica acordaron una agenda legislativa de cinco puntos por Ley de Pesca.","robots":{"index":"index","follow":"follow","max-snippet":"max-snippet:-1","max-image-preview":"max-image-preview:large","max-video-preview":"max-video-preview:-1"},"canonical":"https:\/\/www.mundoacuicola.cl\/new\/sector-artesanal-pide-reactivar-discusion-sobre-nulidad-de-la-ley-de-pesca-en-el-senado\/","og_locale":"es_ES","og_type":"article","og_title":"Sector artesanal pide reactivar discusi\u00f3n sobre nulidad de la Ley de Pesca en el Senado - Mundoacuicola","og_description":"Dirigentes de CONDEPP y de la Mesa Pel\u00e1gica acordaron una agenda legislativa de cinco puntos por Ley de Pesca.","og_url":"https:\/\/www.mundoacuicola.cl\/new\/sector-artesanal-pide-reactivar-discusion-sobre-nulidad-de-la-ley-de-pesca-en-el-senado\/","og_site_name":"Mundoacuicola","article_publisher":"https:\/\/www.facebook.com\/mundo.acuicola\/","article_published_time":"2026-04-30T21:11:34+00:00","og_image":[{"width":1200,"height":700,"url":"https:\/\/www.mundoacuicola.cl\/new\/wp-content\/uploads\/2026\/04\/PescadoresArtesanalesNuevaLeydePesca.jpg","type":"image\/jpeg"}],"author":"mbarrueto","twitter_card":"summary_large_image","twitter_creator":"@mundoacuicola","twitter_site":"@mundoacuicola","twitter_misc":{"Escrito por":"mbarrueto","Tiempo de lectura":"4 minutos"},"schema":{"@context":"https:\/\/schema.org","@graph":[{"@type":"Article","@id":"https:\/\/www.mundoacuicola.cl\/new\/sector-artesanal-pide-reactivar-discusion-sobre-nulidad-de-la-ley-de-pesca-en-el-senado\/#article","isPartOf":{"@id":"https:\/\/www.mundoacuicola.cl\/new\/sector-artesanal-pide-reactivar-discusion-sobre-nulidad-de-la-ley-de-pesca-en-el-senado\/"},"author":{"name":"mbarrueto","@id":"https:\/\/www.mundoacuicola.cl\/new\/#\/schema\/person\/c00ffe389abb88bd9254653add139315"},"headline":"Sector artesanal pide reactivar discusi\u00f3n sobre nulidad de la Ley de Pesca en el Senado","datePublished":"2026-04-30T21:11:34+00:00","mainEntityOfPage":{"@id":"https:\/\/www.mundoacuicola.cl\/new\/sector-artesanal-pide-reactivar-discusion-sobre-nulidad-de-la-ley-de-pesca-en-el-senado\/"},"wordCount":730,"publisher":{"@id":"https:\/\/www.mundoacuicola.cl\/new\/#organization"},"image":{"@id":"https:\/\/www.mundoacuicola.cl\/new\/sector-artesanal-pide-reactivar-discusion-sobre-nulidad-de-la-ley-de-pesca-en-el-senado\/#primaryimage"},"thumbnailUrl":"https:\/\/www.mundoacuicola.cl\/new\/wp-content\/uploads\/2026\/04\/PescadoresArtesanalesNuevaLeydePesca.jpg","keywords":["Condepp","Ley de Pesca","Pesca","Pesca artesanal"],"articleSection":["Titular 3"],"inLanguage":"es"},{"@type":"WebPage","@id":"https:\/\/www.mundoacuicola.cl\/new\/sector-artesanal-pide-reactivar-discusion-sobre-nulidad-de-la-ley-de-pesca-en-el-senado\/","url":"https:\/\/www.mundoacuicola.cl\/new\/sector-artesanal-pide-reactivar-discusion-sobre-nulidad-de-la-ley-de-pesca-en-el-senado\/","name":"Sector artesanal pide reactivar discusi\u00f3n sobre nulidad de la Ley de Pesca en el Senado - Mundoacuicola","isPartOf":{"@id":"https:\/\/www.mundoacuicola.cl\/new\/#website"},"primaryImageOfPage":{"@id":"https:\/\/www.mundoacuicola.cl\/new\/sector-artesanal-pide-reactivar-discusion-sobre-nulidad-de-la-ley-de-pesca-en-el-senado\/#primaryimage"},"image":{"@id":"https:\/\/www.mundoacuicola.cl\/new\/sector-artesanal-pide-reactivar-discusion-sobre-nulidad-de-la-ley-de-pesca-en-el-senado\/#primaryimage"},"thumbnailUrl":"https:\/\/www.mundoacuicola.cl\/new\/wp-content\/uploads\/2026\/04\/PescadoresArtesanalesNuevaLeydePesca.jpg","datePublished":"2026-04-30T21:11:34+00:00","description":"Dirigentes de CONDEPP y de la Mesa Pel\u00e1gica acordaron una agenda legislativa de cinco puntos por Ley de Pesca.","breadcrumb":{"@id":"https:\/\/www.mundoacuicola.cl\/new\/sector-artesanal-pide-reactivar-discusion-sobre-nulidad-de-la-ley-de-pesca-en-el-senado\/#breadcrumb"},"inLanguage":"es","potentialAction":[{"@type":"ReadAction","target":["https:\/\/www.mundoacuicola.cl\/new\/sector-artesanal-pide-reactivar-discusion-sobre-nulidad-de-la-ley-de-pesca-en-el-senado\/"]}]},{"@type":"ImageObject","inLanguage":"es","@id":"https:\/\/www.mundoacuicola.cl\/new\/sector-artesanal-pide-reactivar-discusion-sobre-nulidad-de-la-ley-de-pesca-en-el-senado\/#primaryimage","url":"https:\/\/www.mundoacuicola.cl\/new\/wp-content\/uploads\/2026\/04\/PescadoresArtesanalesNuevaLeydePesca.jpg","contentUrl":"https:\/\/www.mundoacuicola.cl\/new\/wp-content\/uploads\/2026\/04\/PescadoresArtesanalesNuevaLeydePesca.jpg","width":1200,"height":700},{"@type":"BreadcrumbList","@id":"https:\/\/www.mundoacuicola.cl\/new\/sector-artesanal-pide-reactivar-discusion-sobre-nulidad-de-la-ley-de-pesca-en-el-senado\/#breadcrumb","itemListElement":[{"@type":"ListItem","position":1,"name":"Portada","item":"https:\/\/www.mundoacuicola.cl\/new\/"},{"@type":"ListItem","position":2,"name":"Sector artesanal pide reactivar discusi\u00f3n sobre nulidad de la Ley de Pesca en el Senado"}]},{"@type":"WebSite","@id":"https:\/\/www.mundoacuicola.cl\/new\/#website","url":"https:\/\/www.mundoacuicola.cl\/new\/","name":"Mundoacuicola","description":"Revista de Acuicultura.","publisher":{"@id":"https:\/\/www.mundoacuicola.cl\/new\/#organization"},"potentialAction":[{"@type":"SearchAction","target":{"@type":"EntryPoint","urlTemplate":"https:\/\/www.mundoacuicola.cl\/new\/?s={search_term_string}"},"query-input":{"@type":"PropertyValueSpecification","valueRequired":true,"valueName":"search_term_string"}}],"inLanguage":"es"},{"@type":"Organization","@id":"https:\/\/www.mundoacuicola.cl\/new\/#organization","name":"Mundoacuicola","url":"https:\/\/www.mundoacuicola.cl\/new\/","logo":{"@type":"ImageObject","inLanguage":"es","@id":"https:\/\/www.mundoacuicola.cl\/new\/#\/schema\/logo\/image\/","url":"https:\/\/www.mundoacuicola.cl\/new\/wp-content\/uploads\/2026\/01\/cropped-LOGO-Mundo-Acuicola-2026.png","contentUrl":"https:\/\/www.mundoacuicola.cl\/new\/wp-content\/uploads\/2026\/01\/cropped-LOGO-Mundo-Acuicola-2026.png","width":1252,"height":296,"caption":"Mundoacuicola"},"image":{"@id":"https:\/\/www.mundoacuicola.cl\/new\/#\/schema\/logo\/image\/"},"sameAs":["https:\/\/www.facebook.com\/mundo.acuicola\/","https:\/\/x.com\/mundoacuicola","https:\/\/www.linkedin.com\/in\/mundo-acuicola"]},{"@type":"Person","@id":"https:\/\/www.mundoacuicola.cl\/new\/#\/schema\/person\/c00ffe389abb88bd9254653add139315","name":"mbarrueto","url":"https:\/\/www.mundoacuicola.cl\/new\/author\/mbarrueto\/"}]}},"_links":{"self":[{"href":"https:\/\/www.mundoacuicola.cl\/new\/wp-json\/wp\/v2\/posts\/88235","targetHints":{"allow":["GET"]}}],"collection":[{"href":"https:\/\/www.mundoacuicola.cl\/new\/wp-json\/wp\/v2\/posts"}],"about":[{"href":"https:\/\/www.mundoacuicola.cl\/new\/wp-json\/wp\/v2\/types\/post"}],"author":[{"embeddable":true,"href":"https:\/\/www.mundoacuicola.cl\/new\/wp-json\/wp\/v2\/users\/10"}],"replies":[{"embeddable":true,"href":"https:\/\/www.mundoacuicola.cl\/new\/wp-json\/wp\/v2\/comments?post=88235"}],"version-history":[{"count":1,"href":"https:\/\/www.mundoacuicola.cl\/new\/wp-json\/wp\/v2\/posts\/88235\/revisions"}],"predecessor-version":[{"id":88237,"href":"https:\/\/www.mundoacuicola.cl\/new\/wp-json\/wp\/v2\/posts\/88235\/revisions\/88237"}],"wp:featuredmedia":[{"embeddable":true,"href":"https:\/\/www.mundoacuicola.cl\/new\/wp-json\/wp\/v2\/media\/88236"}],"wp:attachment":[{"href":"https:\/\/www.mundoacuicola.cl\/new\/wp-json\/wp\/v2\/media?parent=88235"}],"wp:term":[{"taxonomy":"category","embeddable":true,"href":"https:\/\/www.mundoacuicola.cl\/new\/wp-json\/wp\/v2\/categories?post=88235"},{"taxonomy":"post_tag","embeddable":true,"href":"https:\/\/www.mundoacuicola.cl\/new\/wp-json\/wp\/v2\/tags?post=88235"}],"curies":[{"name":"wp","href":"https:\/\/api.w.org\/{rel}","templated":true}]}}