{"id":92051,"date":"2026-08-31T10:39:55","date_gmt":"2026-08-31T14:39:55","guid":{"rendered":"https:\/\/www.mundoacuicola.cl\/new\/?p=92051"},"modified":"2026-08-31T18:29:55","modified_gmt":"2026-08-31T22:29:55","slug":"patricio-melero-aborda-con-estudiantes-las-oportunidades-de-la-salmonicultura-y-el-desarrollo-ligado-al-mar","status":"publish","type":"post","link":"https:\/\/www.mundoacuicola.cl\/new\/patricio-melero-aborda-con-estudiantes-las-oportunidades-de-la-salmonicultura-y-el-desarrollo-ligado-al-mar\/","title":{"rendered":"Patricio Melero aborda con estudiantes las oportunidades de la salmonicultura y el desarrollo ligado al mar"},"content":{"rendered":"<p><span style=\"font-weight: 400;\">El presidente de <\/span><b>SalmonChile, Patricio Melero<\/b><span style=\"font-weight: 400;\">, particip\u00f3 en un encuentro con estudiantes de la Red de Colegios Patagonia, realizado en el Centro de Liderazgo, Emprendimiento e Innovaci\u00f3n (CLEI), donde comparti\u00f3 su experiencia y abord\u00f3 la importancia del mar para el desarrollo del pa\u00eds, junto con las oportunidades profesionales y productivas asociadas a este sector.<\/span><\/p>\n<p><span style=\"font-weight: 400;\">En la jornada participaron j\u00f3venes de <\/span><b>Promesas Patagonia<\/b><span style=\"font-weight: 400;\">, iniciativa que re\u00fane a estudiantes reconocidos por su desempe\u00f1o acad\u00e9mico y genera espacios complementarios para ampliar sus conocimientos, intereses y perspectivas de desarrollo.<\/span><\/p>\n<p><span style=\"font-weight: 400;\">Durante la actividad, los estudiantes conversaron con Melero sobre salmonicultura, innovaci\u00f3n y las diferentes profesiones y actividades que se desarrollan en torno al mar, adem\u00e1s de conocer su visi\u00f3n sobre los desaf\u00edos que enfrentar\u00e1n las nuevas generaciones.<\/span><\/p>\n<p><span style=\"font-weight: 400;\">La conversaci\u00f3n tambi\u00e9n puso \u00e9nfasis en la formaci\u00f3n, la investigaci\u00f3n y la capacidad de formular preguntas como herramientas para comprender los cambios que experimentan los distintos sectores productivos y explorar nuevas \u00e1reas de desarrollo profesional.<\/span><\/p>\n<p><span style=\"font-weight: 400;\">Tras el encuentro, Melero se refiri\u00f3 a los principales contenidos abordados durante la jornada.<\/span><\/p>\n<p><b>\u201cHemos tenido una muy interesante conversaci\u00f3n sobre la salmonicultura, sobre la importancia del mar. Hemos conversado que el futuro de la humanidad est\u00e1 en el mar y la importancia de las distintas profesiones y actividades que de este cultivo surgen para el futuro de Chile y del planeta\u201d<\/b><span style=\"font-weight: 400;\">, se\u00f1al\u00f3 el presidente de SalmonChile.<\/span><\/p>\n<p><span style=\"font-weight: 400;\">Tambi\u00e9n destac\u00f3 el mensaje que busc\u00f3 transmitir a los estudiantes respecto de su proceso de formaci\u00f3n.<\/span><\/p>\n<p><b>\u201cHa sido una conversaci\u00f3n muy grata, muy entretenida, muy interesante y, sobre todo, poder motivarlos a que encuentren en el esfuerzo diario, en el estudio, en la capacitaci\u00f3n y en la formaci\u00f3n un camino para encontrar un futuro mejor para Chile\u201d<\/b><span style=\"font-weight: 400;\">, agreg\u00f3.<\/span><\/p>\n<p><span style=\"font-weight: 400;\">El encuentro se desarroll\u00f3 en el marco de las actividades del <\/span><b>Centro de Liderazgo, Emprendimiento e Innovaci\u00f3n (CLEI)<\/b><span style=\"font-weight: 400;\">, que contempla instancias de vinculaci\u00f3n entre estudiantes de la Red de Colegios Patagonia y representantes de distintos \u00e1mbitos profesionales, cient\u00edficos, productivos y sociales.<\/span><\/p>\n","protected":false},"excerpt":{"rendered":"<p>El presidente de SalmonChile, Patricio Melero, convers\u00f3 con estudiantes de la Red de Colegios Patagonia sobre salmonicultura, innovaci\u00f3n, formaci\u00f3n profesional y las oportunidades laborales y productivas vinculadas al mar.<\/p>\n","protected":false},"author":10,"featured_media":92052,"comment_status":"closed","ping_status":"closed","sticky":false,"template":"","format":"standard","meta":{"footnotes":""},"categories":[405],"tags":[15557,30286,8042,3333,374,17271,4022,2100,29105,30285,29380,563,170,197],"class_list":["post-92051","post","type-post","status-publish","format-standard","has-post-thumbnail","hentry","category-titular-3","tag-capital-humano","tag-centro-de-liderazgo-emprendimiento-e-innovacion","tag-desarrollo-regional","tag-educacion","tag-estudiantes","tag-formacion-profesional","tag-industria-del-salmon","tag-innovacion","tag-patricio-melero","tag-promesas-patagonia","tag-red-de-colegios-patagonia","tag-region-de-los-lagos","tag-salmonchile","tag-salmonicultura"],"yoast_head":"<!-- This site is optimized with the Yoast SEO plugin v28.3 - https:\/\/yoast.com\/product\/yoast-seo-wordpress\/ -->\n<title>Patricio Melero aborda con estudiantes las oportunidades de la salmonicultura y el desarrollo ligado al mar - Mundoacuicola<\/title>\n<meta name=\"description\" content=\"Patricio Melero abord\u00f3 con estudiantes de la Red de Colegios Patagonia las oportunidades de la salmonicultura y el desarrollo ligado al mar.\" \/>\n<meta name=\"robots\" content=\"index, follow, max-snippet:-1, max-image-preview:large, max-video-preview:-1\" \/>\n<link rel=\"canonical\" href=\"https:\/\/www.mundoacuicola.cl\/new\/patricio-melero-aborda-con-estudiantes-las-oportunidades-de-la-salmonicultura-y-el-desarrollo-ligado-al-mar\/\" \/>\n<meta property=\"og:locale\" content=\"es_ES\" \/>\n<meta property=\"og:type\" content=\"article\" \/>\n<meta property=\"og:title\" content=\"Patricio Melero aborda con estudiantes las oportunidades de la salmonicultura y el desarrollo ligado al mar - Mundoacuicola\" \/>\n<meta property=\"og:description\" content=\"Patricio Melero abord\u00f3 con estudiantes de la Red de Colegios Patagonia las oportunidades de la salmonicultura y el desarrollo ligado al mar.\" \/>\n<meta property=\"og:url\" content=\"https:\/\/www.mundoacuicola.cl\/new\/patricio-melero-aborda-con-estudiantes-las-oportunidades-de-la-salmonicultura-y-el-desarrollo-ligado-al-mar\/\" \/>\n<meta property=\"og:site_name\" content=\"Mundoacuicola\" \/>\n<meta property=\"article:publisher\" content=\"https:\/\/www.facebook.com\/mundo.acuicola\/\" \/>\n<meta property=\"article:published_time\" content=\"2026-08-31T14:39:55+00:00\" \/>\n<meta property=\"article:modified_time\" content=\"2026-08-31T22:29:55+00:00\" \/>\n<meta property=\"og:image\" content=\"https:\/\/www.mundoacuicola.cl\/new\/wp-content\/uploads\/2026\/08\/SalmonChile-Red-Colegios-Patagonia.jpg\" \/>\n\t<meta property=\"og:image:width\" content=\"1200\" \/>\n\t<meta property=\"og:image:height\" content=\"700\" \/>\n\t<meta property=\"og:image:type\" content=\"image\/jpeg\" \/>\n<meta name=\"author\" content=\"mbarrueto\" \/>\n<meta name=\"twitter:card\" content=\"summary_large_image\" \/>\n<meta name=\"twitter:creator\" content=\"@mundoacuicola\" \/>\n<meta name=\"twitter:site\" content=\"@mundoacuicola\" \/>\n<meta name=\"twitter:label1\" content=\"Escrito por\" \/>\n\t<meta name=\"twitter:data1\" content=\"mbarrueto\" \/>\n\t<meta name=\"twitter:label2\" content=\"Tiempo de lectura\" \/>\n\t<meta name=\"twitter:data2\" content=\"2 minutos\" \/>\n<script type=\"application\/ld+json\" class=\"yoast-schema-graph\">{\"@context\":\"https:\\\/\\\/schema.org\",\"@graph\":[{\"@type\":\"Article\",\"@id\":\"https:\\\/\\\/www.mundoacuicola.cl\\\/new\\\/patricio-melero-aborda-con-estudiantes-las-oportunidades-de-la-salmonicultura-y-el-desarrollo-ligado-al-mar\\\/#article\",\"isPartOf\":{\"@id\":\"https:\\\/\\\/www.mundoacuicola.cl\\\/new\\\/patricio-melero-aborda-con-estudiantes-las-oportunidades-de-la-salmonicultura-y-el-desarrollo-ligado-al-mar\\\/\"},\"author\":{\"name\":\"mbarrueto\",\"@id\":\"https:\\\/\\\/www.mundoacuicola.cl\\\/new\\\/#\\\/schema\\\/person\\\/c00ffe389abb88bd9254653add139315\"},\"headline\":\"Patricio Melero aborda con estudiantes las oportunidades de la salmonicultura y el desarrollo ligado al mar\",\"datePublished\":\"2026-08-31T14:39:55+00:00\",\"dateModified\":\"2026-08-31T22:29:55+00:00\",\"mainEntityOfPage\":{\"@id\":\"https:\\\/\\\/www.mundoacuicola.cl\\\/new\\\/patricio-melero-aborda-con-estudiantes-las-oportunidades-de-la-salmonicultura-y-el-desarrollo-ligado-al-mar\\\/\"},\"wordCount\":364,\"publisher\":{\"@id\":\"https:\\\/\\\/www.mundoacuicola.cl\\\/new\\\/#organization\"},\"image\":{\"@id\":\"https:\\\/\\\/www.mundoacuicola.cl\\\/new\\\/patricio-melero-aborda-con-estudiantes-las-oportunidades-de-la-salmonicultura-y-el-desarrollo-ligado-al-mar\\\/#primaryimage\"},\"thumbnailUrl\":\"https:\\\/\\\/www.mundoacuicola.cl\\\/new\\\/wp-content\\\/uploads\\\/2026\\\/08\\\/SalmonChile-Red-Colegios-Patagonia.jpg\",\"keywords\":[\"Capital humano\",\"Centro de Liderazgo Emprendimiento e Innovaci\u00f3n\",\"Desarrollo regional\",\"educaci\u00f3n\",\"Estudiantes\",\"formaci\u00f3n profesional\",\"industria del salm\u00f3n\",\"Innovaci\u00f3n\",\"Patricio Melero\",\"Promesas Patagonia\",\"Red de Colegios Patagonia\",\"Regi\u00f3n de Los Lagos\",\"Salmonchile\",\"salmonicultura\"],\"articleSection\":[\"Titular 3\"],\"inLanguage\":\"es\"},{\"@type\":\"WebPage\",\"@id\":\"https:\\\/\\\/www.mundoacuicola.cl\\\/new\\\/patricio-melero-aborda-con-estudiantes-las-oportunidades-de-la-salmonicultura-y-el-desarrollo-ligado-al-mar\\\/\",\"url\":\"https:\\\/\\\/www.mundoacuicola.cl\\\/new\\\/patricio-melero-aborda-con-estudiantes-las-oportunidades-de-la-salmonicultura-y-el-desarrollo-ligado-al-mar\\\/\",\"name\":\"Patricio Melero aborda con estudiantes las oportunidades de la salmonicultura y el desarrollo ligado al mar - Mundoacuicola\",\"isPartOf\":{\"@id\":\"https:\\\/\\\/www.mundoacuicola.cl\\\/new\\\/#website\"},\"primaryImageOfPage\":{\"@id\":\"https:\\\/\\\/www.mundoacuicola.cl\\\/new\\\/patricio-melero-aborda-con-estudiantes-las-oportunidades-de-la-salmonicultura-y-el-desarrollo-ligado-al-mar\\\/#primaryimage\"},\"image\":{\"@id\":\"https:\\\/\\\/www.mundoacuicola.cl\\\/new\\\/patricio-melero-aborda-con-estudiantes-las-oportunidades-de-la-salmonicultura-y-el-desarrollo-ligado-al-mar\\\/#primaryimage\"},\"thumbnailUrl\":\"https:\\\/\\\/www.mundoacuicola.cl\\\/new\\\/wp-content\\\/uploads\\\/2026\\\/08\\\/SalmonChile-Red-Colegios-Patagonia.jpg\",\"datePublished\":\"2026-08-31T14:39:55+00:00\",\"dateModified\":\"2026-08-31T22:29:55+00:00\",\"description\":\"Patricio Melero abord\u00f3 con estudiantes de la Red de Colegios Patagonia las oportunidades de la salmonicultura y el desarrollo ligado al mar.\",\"breadcrumb\":{\"@id\":\"https:\\\/\\\/www.mundoacuicola.cl\\\/new\\\/patricio-melero-aborda-con-estudiantes-las-oportunidades-de-la-salmonicultura-y-el-desarrollo-ligado-al-mar\\\/#breadcrumb\"},\"inLanguage\":\"es\",\"potentialAction\":[{\"@type\":\"ReadAction\",\"target\":[\"https:\\\/\\\/www.mundoacuicola.cl\\\/new\\\/patricio-melero-aborda-con-estudiantes-las-oportunidades-de-la-salmonicultura-y-el-desarrollo-ligado-al-mar\\\/\"]}]},{\"@type\":\"ImageObject\",\"inLanguage\":\"es\",\"@id\":\"https:\\\/\\\/www.mundoacuicola.cl\\\/new\\\/patricio-melero-aborda-con-estudiantes-las-oportunidades-de-la-salmonicultura-y-el-desarrollo-ligado-al-mar\\\/#primaryimage\",\"url\":\"https:\\\/\\\/www.mundoacuicola.cl\\\/new\\\/wp-content\\\/uploads\\\/2026\\\/08\\\/SalmonChile-Red-Colegios-Patagonia.jpg\",\"contentUrl\":\"https:\\\/\\\/www.mundoacuicola.cl\\\/new\\\/wp-content\\\/uploads\\\/2026\\\/08\\\/SalmonChile-Red-Colegios-Patagonia.jpg\",\"width\":1200,\"height\":700},{\"@type\":\"BreadcrumbList\",\"@id\":\"https:\\\/\\\/www.mundoacuicola.cl\\\/new\\\/patricio-melero-aborda-con-estudiantes-las-oportunidades-de-la-salmonicultura-y-el-desarrollo-ligado-al-mar\\\/#breadcrumb\",\"itemListElement\":[{\"@type\":\"ListItem\",\"position\":1,\"name\":\"Portada\",\"item\":\"https:\\\/\\\/www.mundoacuicola.cl\\\/new\\\/\"},{\"@type\":\"ListItem\",\"position\":2,\"name\":\"Patricio Melero aborda con estudiantes las oportunidades de la salmonicultura y el desarrollo ligado al mar\"}]},{\"@type\":\"WebSite\",\"@id\":\"https:\\\/\\\/www.mundoacuicola.cl\\\/new\\\/#website\",\"url\":\"https:\\\/\\\/www.mundoacuicola.cl\\\/new\\\/\",\"name\":\"Mundoacuicola\",\"description\":\"Revista de Acuicultura.\",\"publisher\":{\"@id\":\"https:\\\/\\\/www.mundoacuicola.cl\\\/new\\\/#organization\"},\"potentialAction\":[{\"@type\":\"SearchAction\",\"target\":{\"@type\":\"EntryPoint\",\"urlTemplate\":\"https:\\\/\\\/www.mundoacuicola.cl\\\/new\\\/?s={search_term_string}\"},\"query-input\":{\"@type\":\"PropertyValueSpecification\",\"valueRequired\":true,\"valueName\":\"search_term_string\"}}],\"inLanguage\":\"es\"},{\"@type\":\"Organization\",\"@id\":\"https:\\\/\\\/www.mundoacuicola.cl\\\/new\\\/#organization\",\"name\":\"Mundoacuicola\",\"url\":\"https:\\\/\\\/www.mundoacuicola.cl\\\/new\\\/\",\"logo\":{\"@type\":\"ImageObject\",\"inLanguage\":\"es\",\"@id\":\"https:\\\/\\\/www.mundoacuicola.cl\\\/new\\\/#\\\/schema\\\/logo\\\/image\\\/\",\"url\":\"https:\\\/\\\/www.mundoacuicola.cl\\\/new\\\/wp-content\\\/uploads\\\/2026\\\/01\\\/cropped-LOGO-Mundo-Acuicola-2026.png\",\"contentUrl\":\"https:\\\/\\\/www.mundoacuicola.cl\\\/new\\\/wp-content\\\/uploads\\\/2026\\\/01\\\/cropped-LOGO-Mundo-Acuicola-2026.png\",\"width\":1252,\"height\":296,\"caption\":\"Mundoacuicola\"},\"image\":{\"@id\":\"https:\\\/\\\/www.mundoacuicola.cl\\\/new\\\/#\\\/schema\\\/logo\\\/image\\\/\"},\"sameAs\":[\"https:\\\/\\\/www.facebook.com\\\/mundo.acuicola\\\/\",\"https:\\\/\\\/x.com\\\/mundoacuicola\",\"https:\\\/\\\/www.linkedin.com\\\/in\\\/mundo-acuicola\"]},{\"@type\":\"Person\",\"@id\":\"https:\\\/\\\/www.mundoacuicola.cl\\\/new\\\/#\\\/schema\\\/person\\\/c00ffe389abb88bd9254653add139315\",\"name\":\"mbarrueto\",\"url\":\"https:\\\/\\\/www.mundoacuicola.cl\\\/new\\\/author\\\/mbarrueto\\\/\"}]}<\/script>\n<!-- \/ Yoast SEO plugin. -->","yoast_head_json":{"title":"Patricio Melero aborda con estudiantes las oportunidades de la salmonicultura y el desarrollo ligado al mar - Mundoacuicola","description":"Patricio Melero abord\u00f3 con estudiantes de la Red de Colegios Patagonia las oportunidades de la salmonicultura y el desarrollo ligado al mar.","robots":{"index":"index","follow":"follow","max-snippet":"max-snippet:-1","max-image-preview":"max-image-preview:large","max-video-preview":"max-video-preview:-1"},"canonical":"https:\/\/www.mundoacuicola.cl\/new\/patricio-melero-aborda-con-estudiantes-las-oportunidades-de-la-salmonicultura-y-el-desarrollo-ligado-al-mar\/","og_locale":"es_ES","og_type":"article","og_title":"Patricio Melero aborda con estudiantes las oportunidades de la salmonicultura y el desarrollo ligado al mar - Mundoacuicola","og_description":"Patricio Melero abord\u00f3 con estudiantes de la Red de Colegios Patagonia las oportunidades de la salmonicultura y el desarrollo ligado al mar.","og_url":"https:\/\/www.mundoacuicola.cl\/new\/patricio-melero-aborda-con-estudiantes-las-oportunidades-de-la-salmonicultura-y-el-desarrollo-ligado-al-mar\/","og_site_name":"Mundoacuicola","article_publisher":"https:\/\/www.facebook.com\/mundo.acuicola\/","article_published_time":"2026-08-31T14:39:55+00:00","article_modified_time":"2026-08-31T22:29:55+00:00","og_image":[{"width":1200,"height":700,"url":"https:\/\/www.mundoacuicola.cl\/new\/wp-content\/uploads\/2026\/08\/SalmonChile-Red-Colegios-Patagonia.jpg","type":"image\/jpeg"}],"author":"mbarrueto","twitter_card":"summary_large_image","twitter_creator":"@mundoacuicola","twitter_site":"@mundoacuicola","twitter_misc":{"Escrito por":"mbarrueto","Tiempo de lectura":"2 minutos"},"schema":{"@context":"https:\/\/schema.org","@graph":[{"@type":"Article","@id":"https:\/\/www.mundoacuicola.cl\/new\/patricio-melero-aborda-con-estudiantes-las-oportunidades-de-la-salmonicultura-y-el-desarrollo-ligado-al-mar\/#article","isPartOf":{"@id":"https:\/\/www.mundoacuicola.cl\/new\/patricio-melero-aborda-con-estudiantes-las-oportunidades-de-la-salmonicultura-y-el-desarrollo-ligado-al-mar\/"},"author":{"name":"mbarrueto","@id":"https:\/\/www.mundoacuicola.cl\/new\/#\/schema\/person\/c00ffe389abb88bd9254653add139315"},"headline":"Patricio Melero aborda con estudiantes las oportunidades de la salmonicultura y el desarrollo ligado al mar","datePublished":"2026-08-31T14:39:55+00:00","dateModified":"2026-08-31T22:29:55+00:00","mainEntityOfPage":{"@id":"https:\/\/www.mundoacuicola.cl\/new\/patricio-melero-aborda-con-estudiantes-las-oportunidades-de-la-salmonicultura-y-el-desarrollo-ligado-al-mar\/"},"wordCount":364,"publisher":{"@id":"https:\/\/www.mundoacuicola.cl\/new\/#organization"},"image":{"@id":"https:\/\/www.mundoacuicola.cl\/new\/patricio-melero-aborda-con-estudiantes-las-oportunidades-de-la-salmonicultura-y-el-desarrollo-ligado-al-mar\/#primaryimage"},"thumbnailUrl":"https:\/\/www.mundoacuicola.cl\/new\/wp-content\/uploads\/2026\/08\/SalmonChile-Red-Colegios-Patagonia.jpg","keywords":["Capital humano","Centro de Liderazgo Emprendimiento e Innovaci\u00f3n","Desarrollo regional","educaci\u00f3n","Estudiantes","formaci\u00f3n profesional","industria del salm\u00f3n","Innovaci\u00f3n","Patricio Melero","Promesas Patagonia","Red de Colegios Patagonia","Regi\u00f3n de Los Lagos","Salmonchile","salmonicultura"],"articleSection":["Titular 3"],"inLanguage":"es"},{"@type":"WebPage","@id":"https:\/\/www.mundoacuicola.cl\/new\/patricio-melero-aborda-con-estudiantes-las-oportunidades-de-la-salmonicultura-y-el-desarrollo-ligado-al-mar\/","url":"https:\/\/www.mundoacuicola.cl\/new\/patricio-melero-aborda-con-estudiantes-las-oportunidades-de-la-salmonicultura-y-el-desarrollo-ligado-al-mar\/","name":"Patricio Melero aborda con estudiantes las oportunidades de la salmonicultura y el desarrollo ligado al mar - Mundoacuicola","isPartOf":{"@id":"https:\/\/www.mundoacuicola.cl\/new\/#website"},"primaryImageOfPage":{"@id":"https:\/\/www.mundoacuicola.cl\/new\/patricio-melero-aborda-con-estudiantes-las-oportunidades-de-la-salmonicultura-y-el-desarrollo-ligado-al-mar\/#primaryimage"},"image":{"@id":"https:\/\/www.mundoacuicola.cl\/new\/patricio-melero-aborda-con-estudiantes-las-oportunidades-de-la-salmonicultura-y-el-desarrollo-ligado-al-mar\/#primaryimage"},"thumbnailUrl":"https:\/\/www.mundoacuicola.cl\/new\/wp-content\/uploads\/2026\/08\/SalmonChile-Red-Colegios-Patagonia.jpg","datePublished":"2026-08-31T14:39:55+00:00","dateModified":"2026-08-31T22:29:55+00:00","description":"Patricio Melero abord\u00f3 con estudiantes de la Red de Colegios Patagonia las oportunidades de la salmonicultura y el desarrollo ligado al mar.","breadcrumb":{"@id":"https:\/\/www.mundoacuicola.cl\/new\/patricio-melero-aborda-con-estudiantes-las-oportunidades-de-la-salmonicultura-y-el-desarrollo-ligado-al-mar\/#breadcrumb"},"inLanguage":"es","potentialAction":[{"@type":"ReadAction","target":["https:\/\/www.mundoacuicola.cl\/new\/patricio-melero-aborda-con-estudiantes-las-oportunidades-de-la-salmonicultura-y-el-desarrollo-ligado-al-mar\/"]}]},{"@type":"ImageObject","inLanguage":"es","@id":"https:\/\/www.mundoacuicola.cl\/new\/patricio-melero-aborda-con-estudiantes-las-oportunidades-de-la-salmonicultura-y-el-desarrollo-ligado-al-mar\/#primaryimage","url":"https:\/\/www.mundoacuicola.cl\/new\/wp-content\/uploads\/2026\/08\/SalmonChile-Red-Colegios-Patagonia.jpg","contentUrl":"https:\/\/www.mundoacuicola.cl\/new\/wp-content\/uploads\/2026\/08\/SalmonChile-Red-Colegios-Patagonia.jpg","width":1200,"height":700},{"@type":"BreadcrumbList","@id":"https:\/\/www.mundoacuicola.cl\/new\/patricio-melero-aborda-con-estudiantes-las-oportunidades-de-la-salmonicultura-y-el-desarrollo-ligado-al-mar\/#breadcrumb","itemListElement":[{"@type":"ListItem","position":1,"name":"Portada","item":"https:\/\/www.mundoacuicola.cl\/new\/"},{"@type":"ListItem","position":2,"name":"Patricio Melero aborda con estudiantes las oportunidades de la salmonicultura y el desarrollo ligado al mar"}]},{"@type":"WebSite","@id":"https:\/\/www.mundoacuicola.cl\/new\/#website","url":"https:\/\/www.mundoacuicola.cl\/new\/","name":"Mundoacuicola","description":"Revista de Acuicultura.","publisher":{"@id":"https:\/\/www.mundoacuicola.cl\/new\/#organization"},"potentialAction":[{"@type":"SearchAction","target":{"@type":"EntryPoint","urlTemplate":"https:\/\/www.mundoacuicola.cl\/new\/?s={search_term_string}"},"query-input":{"@type":"PropertyValueSpecification","valueRequired":true,"valueName":"search_term_string"}}],"inLanguage":"es"},{"@type":"Organization","@id":"https:\/\/www.mundoacuicola.cl\/new\/#organization","name":"Mundoacuicola","url":"https:\/\/www.mundoacuicola.cl\/new\/","logo":{"@type":"ImageObject","inLanguage":"es","@id":"https:\/\/www.mundoacuicola.cl\/new\/#\/schema\/logo\/image\/","url":"https:\/\/www.mundoacuicola.cl\/new\/wp-content\/uploads\/2026\/01\/cropped-LOGO-Mundo-Acuicola-2026.png","contentUrl":"https:\/\/www.mundoacuicola.cl\/new\/wp-content\/uploads\/2026\/01\/cropped-LOGO-Mundo-Acuicola-2026.png","width":1252,"height":296,"caption":"Mundoacuicola"},"image":{"@id":"https:\/\/www.mundoacuicola.cl\/new\/#\/schema\/logo\/image\/"},"sameAs":["https:\/\/www.facebook.com\/mundo.acuicola\/","https:\/\/x.com\/mundoacuicola","https:\/\/www.linkedin.com\/in\/mundo-acuicola"]},{"@type":"Person","@id":"https:\/\/www.mundoacuicola.cl\/new\/#\/schema\/person\/c00ffe389abb88bd9254653add139315","name":"mbarrueto","url":"https:\/\/www.mundoacuicola.cl\/new\/author\/mbarrueto\/"}]}},"_links":{"self":[{"href":"https:\/\/www.mundoacuicola.cl\/new\/wp-json\/wp\/v2\/posts\/92051","targetHints":{"allow":["GET"]}}],"collection":[{"href":"https:\/\/www.mundoacuicola.cl\/new\/wp-json\/wp\/v2\/posts"}],"about":[{"href":"https:\/\/www.mundoacuicola.cl\/new\/wp-json\/wp\/v2\/types\/post"}],"author":[{"embeddable":true,"href":"https:\/\/www.mundoacuicola.cl\/new\/wp-json\/wp\/v2\/users\/10"}],"replies":[{"embeddable":true,"href":"https:\/\/www.mundoacuicola.cl\/new\/wp-json\/wp\/v2\/comments?post=92051"}],"version-history":[{"count":1,"href":"https:\/\/www.mundoacuicola.cl\/new\/wp-json\/wp\/v2\/posts\/92051\/revisions"}],"predecessor-version":[{"id":92053,"href":"https:\/\/www.mundoacuicola.cl\/new\/wp-json\/wp\/v2\/posts\/92051\/revisions\/92053"}],"wp:featuredmedia":[{"embeddable":true,"href":"https:\/\/www.mundoacuicola.cl\/new\/wp-json\/wp\/v2\/media\/92052"}],"wp:attachment":[{"href":"https:\/\/www.mundoacuicola.cl\/new\/wp-json\/wp\/v2\/media?parent=92051"}],"wp:term":[{"taxonomy":"category","embeddable":true,"href":"https:\/\/www.mundoacuicola.cl\/new\/wp-json\/wp\/v2\/categories?post=92051"},{"taxonomy":"post_tag","embeddable":true,"href":"https:\/\/www.mundoacuicola.cl\/new\/wp-json\/wp\/v2\/tags?post=92051"}],"curies":[{"name":"wp","href":"https:\/\/api.w.org\/{rel}","templated":true}]}}