{"id":92073,"date":"2026-08-31T19:38:44","date_gmt":"2026-08-31T23:38:44","guid":{"rendered":"https:\/\/www.mundoacuicola.cl\/new\/?p=92073"},"modified":"2026-08-31T20:03:17","modified_gmt":"2026-09-01T00:03:17","slug":"sudfest-2026-rock-y-solidaridad-se-unen-en-la-primera-panaleton-del-sur-de-chile","status":"publish","type":"post","link":"https:\/\/www.mundoacuicola.cl\/new\/sudfest-2026-rock-y-solidaridad-se-unen-en-la-primera-panaleton-del-sur-de-chile\/","title":{"rendered":"Sudfest 2026: rock y solidaridad se unen en la primera pa\u00f1alet\u00f3n del sur de chile"},"content":{"rendered":"<p>Una innovadora propuesta en materia de responsabilidad social, que fusiona m\u00fasica en vivo con solidaridad, naci\u00f3 en la Regi\u00f3n de Los Lagos. Se trata de <strong>\u00abSudFest, Rock y RSE\u00bb<\/strong>, un festival masivo impulsado por el equipo de colaboradores de la empresa <strong>Soluciones Digitales,<\/strong> liderado por su fundador, <strong>Crescencio \u00c1vila<\/strong>.<\/p>\n<p><strong><img fetchpriority=\"high\" decoding=\"async\" class=\"alignright wp-image-92075 size-large\" src=\"https:\/\/www.mundoacuicola.cl\/new\/wp-content\/uploads\/2026\/08\/FEED-SUD-FEST-2026-320x400.jpg\" alt=\"\" width=\"320\" height=\"400\" srcset=\"https:\/\/www.mundoacuicola.cl\/new\/wp-content\/uploads\/2026\/08\/FEED-SUD-FEST-2026-320x400.jpg 320w, https:\/\/www.mundoacuicola.cl\/new\/wp-content\/uploads\/2026\/08\/FEED-SUD-FEST-2026-180x225.jpg 180w, https:\/\/www.mundoacuicola.cl\/new\/wp-content\/uploads\/2026\/08\/FEED-SUD-FEST-2026-768x960.jpg 768w, https:\/\/www.mundoacuicola.cl\/new\/wp-content\/uploads\/2026\/08\/FEED-SUD-FEST-2026-1024x1280.jpg 1024w, https:\/\/www.mundoacuicola.cl\/new\/wp-content\/uploads\/2026\/08\/FEED-SUD-FEST-2026.jpg 1080w\" sizes=\"(max-width: 320px) 100vw, 320px\" \/>\u201cSudFest, Rock y RSE\u201d<\/strong>, se basa en los pilares de la Responsabilidad Social Empresarial (RSE), transform\u00e1ndose oficialmente en la primera campa\u00f1a de este tipo en la zona y posiblemente en el pa\u00eds. Soluciones Digitales se ha fijado el objetivo de reunir 2.000 paquetes de pa\u00f1ales para ayudar directamente a adultos mayores que est\u00e1n postrados y en condici\u00f3n vulnerable. La canalizaci\u00f3n de estos insumos se har\u00e1 mediante algunos CESFAM de la provincia y hacia el Hogar de Cristo en Puerto Montt.<\/p>\n<p>\u201cDise\u00f1amos este evento como un espacio de encuentro y vinculaci\u00f3n para toda la comunidad regional. Es una actividad familiar, cuyo objetivo es juntar en principio 2.000 paquetes de pa\u00f1ales, y ojal\u00e1 muchos m\u00e1s, para ir en ayuda directa de abuelitos que est\u00e1n postrados y requieren de forma urgente estos insumos. \u00a0La idea es que cada persona y\/o familia que asista se registre en la p\u00e1gina web del evento, pague una entrada simb\u00f3lica, donando un paquete de pa\u00f1ales que debe ser depositado al ingresar al recinto. En la misma p\u00e1gina, tambi\u00e9n tiene la opci\u00f3n de hacer una donaci\u00f3n equivalente u otro monto que se utilizar\u00e1 exclusivamente para los fines del evento\u201d, explica Crescencio Avila.<\/p>\n<p>La cita solidaria se llevar\u00e1 a cabo el pr\u00f3ximo s\u00e1bado 12 de septiembre, entre las 11.00 y 22.00 horas en el Centro de Vinculaci\u00f3n Ciudad-Puerto de EMPORMONTT, en la ciudad de Puerto Montt, recinto facilitado sin costo por la empresa portuaria para hacer posible este hito ben\u00e9fico.<\/p>\n<p>El encuentro cuenta con un s\u00f3lido respaldo gremial e institucional que, hasta la fecha, incluye el patrocinio del Club de Innovaci\u00f3n Acu\u00edcola de Chile, adem\u00e1s de la alianza con importantes <em>media partners<\/em> locales, como Mundo Acu\u00edcola, Salmonexpert, Heraldo Puerto Varas y V\u00e9rtice TV, Patagonia Radio, El conquistador, entre otros.<\/p>\n<p><strong>INNOVACI\u00d3N T\u00c9CNICA Y PARRILLA MUSICAL<\/strong><\/p>\n<p>El festival se desarrollar\u00e1 en un formato innovador de \u00abDual-Stage\u00bb (dos escenarios espejo montados en paralelo), dise\u00f1ado espec\u00edficamente para eliminar los tiempos muertos entre presentaciones y asegurar un espect\u00e1culo din\u00e1mico y continuo, solo con las interrupciones necesarias para ir anunciando las diversas donaciones empresariales.<\/p>\n<p>La parrilla musical destaca por su diversidad. Ya son doce las bandas confirmadas, varias de las cuales est\u00e1n integradas por colaboradores y amigos de la industria acu\u00edcola. Entre estas se cuentan Anadromus, que deleitar\u00e1 al p\u00fablico con <em>covers<\/em> de rock cl\u00e1sico de los \u201980; Mr. YEAH R.A.R., un ic\u00f3nico grupo de rock de Santiago; Tributo a Lucybell y una gran sorpresa para el cierre de la jornada. Adem\u00e1s, en el inicio del programa habr\u00e1 actividades especiales para la familia.<\/p>\n<p>Pero eso no es todo. El <strong>\u201cSudFest, Rock y RSE\u201d<\/strong>, contar\u00e1 con un sector gastron\u00f3mico exclusivo a cargo de la empresa de banqueter\u00eda y centro de eventos Fullevent, donde los asistentes podr\u00e1n disfrutar de comida r\u00e1pida en formato \u00abpara llevar\u00bb (bebidas, s\u00e1ndwiches y empanadas), manteniendo as\u00ed la fluidez del <em>show<\/em>.<\/p>\n<p><strong>CONVOCATORIA EMPRESARIAL Y CONTACTO<\/strong><\/p>\n<p>Crescencio \u00c1vila explica que diversas empresas del ecosistema acu\u00edcola ya han confirmado su participaci\u00f3n y se han comprometido a aportar importantes vol\u00famenes de pa\u00f1ales antes y durante el desarrollo del espect\u00e1culo.<\/p>\n<p>Las compa\u00f1\u00edas que deseen sumarse a esta red de apoyo, pueden gestionar su colaboraci\u00f3n a trav\u00e9s de la <em>landing page<\/em> oficial del evento: <a href=\"http:\/\/www.centrodeeventosvirtual.cl\/sudfest\">www.centrodeeventosvirtual.cl\/sudfest<\/a> o escribiendo directamente al correo electr\u00f3nico: <a href=\"mailto:contacto@solucionesdigitales.cl\">contacto@solucionesdigitales.cl<\/a>.<\/p>\n","protected":false},"excerpt":{"rendered":"<p>El objetivo es recaudar 2.000 paquetes de pa\u00f1ales durante el desarrollo del evento, para ir en ayuda directa de adultos mayores postrados y vulnerables de la provincia de Llanquihue, regi\u00f3n de Los Lagos.<\/p>\n","protected":false},"author":2,"featured_media":92074,"comment_status":"closed","ping_status":"closed","sticky":false,"template":"","format":"standard","meta":{"footnotes":""},"categories":[405],"tags":[1261,143,903,122,2907,184,197,30292,30291],"class_list":["post-92073","post","type-post","status-publish","format-standard","has-post-thumbnail","hentry","category-titular-3","tag-acuicola","tag-acuicultura","tag-empormontt","tag-industria-acuicola","tag-industria-salmonera","tag-salmon","tag-salmonicultura","tag-soluciones-digitales","tag-sudfest-2026"],"yoast_head":"<!-- This site is optimized with the Yoast SEO plugin v28.3 - https:\/\/yoast.com\/product\/yoast-seo-wordpress\/ -->\n<title>Sudfest 2026: rock y solidaridad se unen en la primera pa\u00f1alet\u00f3n del sur de chile - Mundoacuicola<\/title>\n<meta name=\"description\" content=\"El objetivo es recaudar 2.000 paquetes de pa\u00f1ales durante el desarrollo del evento, para ir en ayuda directa de adultos mayores postrados.\" \/>\n<meta name=\"robots\" content=\"index, follow, max-snippet:-1, max-image-preview:large, max-video-preview:-1\" \/>\n<link rel=\"canonical\" href=\"https:\/\/www.mundoacuicola.cl\/new\/sudfest-2026-rock-y-solidaridad-se-unen-en-la-primera-panaleton-del-sur-de-chile\/\" \/>\n<meta property=\"og:locale\" content=\"es_ES\" \/>\n<meta property=\"og:type\" content=\"article\" \/>\n<meta property=\"og:title\" content=\"Sudfest 2026: rock y solidaridad se unen en la primera pa\u00f1alet\u00f3n del sur de chile - Mundoacuicola\" \/>\n<meta property=\"og:description\" content=\"El objetivo es recaudar 2.000 paquetes de pa\u00f1ales durante el desarrollo del evento, para ir en ayuda directa de adultos mayores postrados.\" \/>\n<meta property=\"og:url\" content=\"https:\/\/www.mundoacuicola.cl\/new\/sudfest-2026-rock-y-solidaridad-se-unen-en-la-primera-panaleton-del-sur-de-chile\/\" \/>\n<meta property=\"og:site_name\" content=\"Mundoacuicola\" \/>\n<meta property=\"article:publisher\" content=\"https:\/\/www.facebook.com\/mundo.acuicola\/\" \/>\n<meta property=\"article:published_time\" content=\"2026-08-31T23:38:44+00:00\" \/>\n<meta property=\"article:modified_time\" content=\"2026-09-01T00:03:17+00:00\" \/>\n<meta property=\"og:image\" content=\"https:\/\/www.mundoacuicola.cl\/new\/wp-content\/uploads\/2026\/08\/Banner-Sud-Fest-1200x500-1.png\" \/>\n\t<meta property=\"og:image:width\" content=\"1200\" \/>\n\t<meta property=\"og:image:height\" content=\"600\" \/>\n\t<meta property=\"og:image:type\" content=\"image\/png\" \/>\n<meta name=\"author\" content=\"mundo\" \/>\n<meta name=\"twitter:card\" content=\"summary_large_image\" \/>\n<meta name=\"twitter:creator\" content=\"@mundoacuicola\" \/>\n<meta name=\"twitter:site\" content=\"@mundoacuicola\" \/>\n<meta name=\"twitter:label1\" content=\"Escrito por\" \/>\n\t<meta name=\"twitter:data1\" content=\"mundo\" \/>\n\t<meta name=\"twitter:label2\" content=\"Tiempo de lectura\" \/>\n\t<meta name=\"twitter:data2\" content=\"4 minutos\" \/>\n<script type=\"application\/ld+json\" class=\"yoast-schema-graph\">{\"@context\":\"https:\\\/\\\/schema.org\",\"@graph\":[{\"@type\":\"Article\",\"@id\":\"https:\\\/\\\/www.mundoacuicola.cl\\\/new\\\/sudfest-2026-rock-y-solidaridad-se-unen-en-la-primera-panaleton-del-sur-de-chile\\\/#article\",\"isPartOf\":{\"@id\":\"https:\\\/\\\/www.mundoacuicola.cl\\\/new\\\/sudfest-2026-rock-y-solidaridad-se-unen-en-la-primera-panaleton-del-sur-de-chile\\\/\"},\"author\":{\"name\":\"mundo\",\"@id\":\"https:\\\/\\\/www.mundoacuicola.cl\\\/new\\\/#\\\/schema\\\/person\\\/4e9f74a82a7dac260eb1c44b7eebeb18\"},\"headline\":\"Sudfest 2026: rock y solidaridad se unen en la primera pa\u00f1alet\u00f3n del sur de chile\",\"datePublished\":\"2026-08-31T23:38:44+00:00\",\"dateModified\":\"2026-09-01T00:03:17+00:00\",\"mainEntityOfPage\":{\"@id\":\"https:\\\/\\\/www.mundoacuicola.cl\\\/new\\\/sudfest-2026-rock-y-solidaridad-se-unen-en-la-primera-panaleton-del-sur-de-chile\\\/\"},\"wordCount\":657,\"publisher\":{\"@id\":\"https:\\\/\\\/www.mundoacuicola.cl\\\/new\\\/#organization\"},\"image\":{\"@id\":\"https:\\\/\\\/www.mundoacuicola.cl\\\/new\\\/sudfest-2026-rock-y-solidaridad-se-unen-en-la-primera-panaleton-del-sur-de-chile\\\/#primaryimage\"},\"thumbnailUrl\":\"https:\\\/\\\/www.mundoacuicola.cl\\\/new\\\/wp-content\\\/uploads\\\/2026\\\/08\\\/Banner-Sud-Fest-1200x500-1.png\",\"keywords\":[\"Acu\u00edcola\",\"Acuicultura\",\"Empormontt\",\"Industria Acu\u00edcola\",\"Industria salmonera\",\"Salm\u00f3n\",\"salmonicultura\",\"Soluciones digitales\",\"sudfest 2026\"],\"articleSection\":[\"Titular 3\"],\"inLanguage\":\"es\"},{\"@type\":\"WebPage\",\"@id\":\"https:\\\/\\\/www.mundoacuicola.cl\\\/new\\\/sudfest-2026-rock-y-solidaridad-se-unen-en-la-primera-panaleton-del-sur-de-chile\\\/\",\"url\":\"https:\\\/\\\/www.mundoacuicola.cl\\\/new\\\/sudfest-2026-rock-y-solidaridad-se-unen-en-la-primera-panaleton-del-sur-de-chile\\\/\",\"name\":\"Sudfest 2026: rock y solidaridad se unen en la primera pa\u00f1alet\u00f3n del sur de chile - Mundoacuicola\",\"isPartOf\":{\"@id\":\"https:\\\/\\\/www.mundoacuicola.cl\\\/new\\\/#website\"},\"primaryImageOfPage\":{\"@id\":\"https:\\\/\\\/www.mundoacuicola.cl\\\/new\\\/sudfest-2026-rock-y-solidaridad-se-unen-en-la-primera-panaleton-del-sur-de-chile\\\/#primaryimage\"},\"image\":{\"@id\":\"https:\\\/\\\/www.mundoacuicola.cl\\\/new\\\/sudfest-2026-rock-y-solidaridad-se-unen-en-la-primera-panaleton-del-sur-de-chile\\\/#primaryimage\"},\"thumbnailUrl\":\"https:\\\/\\\/www.mundoacuicola.cl\\\/new\\\/wp-content\\\/uploads\\\/2026\\\/08\\\/Banner-Sud-Fest-1200x500-1.png\",\"datePublished\":\"2026-08-31T23:38:44+00:00\",\"dateModified\":\"2026-09-01T00:03:17+00:00\",\"description\":\"El objetivo es recaudar 2.000 paquetes de pa\u00f1ales durante el desarrollo del evento, para ir en ayuda directa de adultos mayores postrados.\",\"breadcrumb\":{\"@id\":\"https:\\\/\\\/www.mundoacuicola.cl\\\/new\\\/sudfest-2026-rock-y-solidaridad-se-unen-en-la-primera-panaleton-del-sur-de-chile\\\/#breadcrumb\"},\"inLanguage\":\"es\",\"potentialAction\":[{\"@type\":\"ReadAction\",\"target\":[\"https:\\\/\\\/www.mundoacuicola.cl\\\/new\\\/sudfest-2026-rock-y-solidaridad-se-unen-en-la-primera-panaleton-del-sur-de-chile\\\/\"]}]},{\"@type\":\"ImageObject\",\"inLanguage\":\"es\",\"@id\":\"https:\\\/\\\/www.mundoacuicola.cl\\\/new\\\/sudfest-2026-rock-y-solidaridad-se-unen-en-la-primera-panaleton-del-sur-de-chile\\\/#primaryimage\",\"url\":\"https:\\\/\\\/www.mundoacuicola.cl\\\/new\\\/wp-content\\\/uploads\\\/2026\\\/08\\\/Banner-Sud-Fest-1200x500-1.png\",\"contentUrl\":\"https:\\\/\\\/www.mundoacuicola.cl\\\/new\\\/wp-content\\\/uploads\\\/2026\\\/08\\\/Banner-Sud-Fest-1200x500-1.png\",\"width\":1200,\"height\":600},{\"@type\":\"BreadcrumbList\",\"@id\":\"https:\\\/\\\/www.mundoacuicola.cl\\\/new\\\/sudfest-2026-rock-y-solidaridad-se-unen-en-la-primera-panaleton-del-sur-de-chile\\\/#breadcrumb\",\"itemListElement\":[{\"@type\":\"ListItem\",\"position\":1,\"name\":\"Portada\",\"item\":\"https:\\\/\\\/www.mundoacuicola.cl\\\/new\\\/\"},{\"@type\":\"ListItem\",\"position\":2,\"name\":\"Sudfest 2026: rock y solidaridad se unen en la primera pa\u00f1alet\u00f3n del sur de chile\"}]},{\"@type\":\"WebSite\",\"@id\":\"https:\\\/\\\/www.mundoacuicola.cl\\\/new\\\/#website\",\"url\":\"https:\\\/\\\/www.mundoacuicola.cl\\\/new\\\/\",\"name\":\"Mundoacuicola\",\"description\":\"Revista de Acuicultura.\",\"publisher\":{\"@id\":\"https:\\\/\\\/www.mundoacuicola.cl\\\/new\\\/#organization\"},\"potentialAction\":[{\"@type\":\"SearchAction\",\"target\":{\"@type\":\"EntryPoint\",\"urlTemplate\":\"https:\\\/\\\/www.mundoacuicola.cl\\\/new\\\/?s={search_term_string}\"},\"query-input\":{\"@type\":\"PropertyValueSpecification\",\"valueRequired\":true,\"valueName\":\"search_term_string\"}}],\"inLanguage\":\"es\"},{\"@type\":\"Organization\",\"@id\":\"https:\\\/\\\/www.mundoacuicola.cl\\\/new\\\/#organization\",\"name\":\"Mundoacuicola\",\"url\":\"https:\\\/\\\/www.mundoacuicola.cl\\\/new\\\/\",\"logo\":{\"@type\":\"ImageObject\",\"inLanguage\":\"es\",\"@id\":\"https:\\\/\\\/www.mundoacuicola.cl\\\/new\\\/#\\\/schema\\\/logo\\\/image\\\/\",\"url\":\"https:\\\/\\\/www.mundoacuicola.cl\\\/new\\\/wp-content\\\/uploads\\\/2026\\\/01\\\/cropped-LOGO-Mundo-Acuicola-2026.png\",\"contentUrl\":\"https:\\\/\\\/www.mundoacuicola.cl\\\/new\\\/wp-content\\\/uploads\\\/2026\\\/01\\\/cropped-LOGO-Mundo-Acuicola-2026.png\",\"width\":1252,\"height\":296,\"caption\":\"Mundoacuicola\"},\"image\":{\"@id\":\"https:\\\/\\\/www.mundoacuicola.cl\\\/new\\\/#\\\/schema\\\/logo\\\/image\\\/\"},\"sameAs\":[\"https:\\\/\\\/www.facebook.com\\\/mundo.acuicola\\\/\",\"https:\\\/\\\/x.com\\\/mundoacuicola\",\"https:\\\/\\\/www.linkedin.com\\\/in\\\/mundo-acuicola\"]},{\"@type\":\"Person\",\"@id\":\"https:\\\/\\\/www.mundoacuicola.cl\\\/new\\\/#\\\/schema\\\/person\\\/4e9f74a82a7dac260eb1c44b7eebeb18\",\"name\":\"mundo\",\"url\":\"https:\\\/\\\/www.mundoacuicola.cl\\\/new\\\/author\\\/mundo\\\/\"}]}<\/script>\n<!-- \/ Yoast SEO plugin. -->","yoast_head_json":{"title":"Sudfest 2026: rock y solidaridad se unen en la primera pa\u00f1alet\u00f3n del sur de chile - Mundoacuicola","description":"El objetivo es recaudar 2.000 paquetes de pa\u00f1ales durante el desarrollo del evento, para ir en ayuda directa de adultos mayores postrados.","robots":{"index":"index","follow":"follow","max-snippet":"max-snippet:-1","max-image-preview":"max-image-preview:large","max-video-preview":"max-video-preview:-1"},"canonical":"https:\/\/www.mundoacuicola.cl\/new\/sudfest-2026-rock-y-solidaridad-se-unen-en-la-primera-panaleton-del-sur-de-chile\/","og_locale":"es_ES","og_type":"article","og_title":"Sudfest 2026: rock y solidaridad se unen en la primera pa\u00f1alet\u00f3n del sur de chile - Mundoacuicola","og_description":"El objetivo es recaudar 2.000 paquetes de pa\u00f1ales durante el desarrollo del evento, para ir en ayuda directa de adultos mayores postrados.","og_url":"https:\/\/www.mundoacuicola.cl\/new\/sudfest-2026-rock-y-solidaridad-se-unen-en-la-primera-panaleton-del-sur-de-chile\/","og_site_name":"Mundoacuicola","article_publisher":"https:\/\/www.facebook.com\/mundo.acuicola\/","article_published_time":"2026-08-31T23:38:44+00:00","article_modified_time":"2026-09-01T00:03:17+00:00","og_image":[{"width":1200,"height":600,"url":"https:\/\/www.mundoacuicola.cl\/new\/wp-content\/uploads\/2026\/08\/Banner-Sud-Fest-1200x500-1.png","type":"image\/png"}],"author":"mundo","twitter_card":"summary_large_image","twitter_creator":"@mundoacuicola","twitter_site":"@mundoacuicola","twitter_misc":{"Escrito por":"mundo","Tiempo de lectura":"4 minutos"},"schema":{"@context":"https:\/\/schema.org","@graph":[{"@type":"Article","@id":"https:\/\/www.mundoacuicola.cl\/new\/sudfest-2026-rock-y-solidaridad-se-unen-en-la-primera-panaleton-del-sur-de-chile\/#article","isPartOf":{"@id":"https:\/\/www.mundoacuicola.cl\/new\/sudfest-2026-rock-y-solidaridad-se-unen-en-la-primera-panaleton-del-sur-de-chile\/"},"author":{"name":"mundo","@id":"https:\/\/www.mundoacuicola.cl\/new\/#\/schema\/person\/4e9f74a82a7dac260eb1c44b7eebeb18"},"headline":"Sudfest 2026: rock y solidaridad se unen en la primera pa\u00f1alet\u00f3n del sur de chile","datePublished":"2026-08-31T23:38:44+00:00","dateModified":"2026-09-01T00:03:17+00:00","mainEntityOfPage":{"@id":"https:\/\/www.mundoacuicola.cl\/new\/sudfest-2026-rock-y-solidaridad-se-unen-en-la-primera-panaleton-del-sur-de-chile\/"},"wordCount":657,"publisher":{"@id":"https:\/\/www.mundoacuicola.cl\/new\/#organization"},"image":{"@id":"https:\/\/www.mundoacuicola.cl\/new\/sudfest-2026-rock-y-solidaridad-se-unen-en-la-primera-panaleton-del-sur-de-chile\/#primaryimage"},"thumbnailUrl":"https:\/\/www.mundoacuicola.cl\/new\/wp-content\/uploads\/2026\/08\/Banner-Sud-Fest-1200x500-1.png","keywords":["Acu\u00edcola","Acuicultura","Empormontt","Industria Acu\u00edcola","Industria salmonera","Salm\u00f3n","salmonicultura","Soluciones digitales","sudfest 2026"],"articleSection":["Titular 3"],"inLanguage":"es"},{"@type":"WebPage","@id":"https:\/\/www.mundoacuicola.cl\/new\/sudfest-2026-rock-y-solidaridad-se-unen-en-la-primera-panaleton-del-sur-de-chile\/","url":"https:\/\/www.mundoacuicola.cl\/new\/sudfest-2026-rock-y-solidaridad-se-unen-en-la-primera-panaleton-del-sur-de-chile\/","name":"Sudfest 2026: rock y solidaridad se unen en la primera pa\u00f1alet\u00f3n del sur de chile - Mundoacuicola","isPartOf":{"@id":"https:\/\/www.mundoacuicola.cl\/new\/#website"},"primaryImageOfPage":{"@id":"https:\/\/www.mundoacuicola.cl\/new\/sudfest-2026-rock-y-solidaridad-se-unen-en-la-primera-panaleton-del-sur-de-chile\/#primaryimage"},"image":{"@id":"https:\/\/www.mundoacuicola.cl\/new\/sudfest-2026-rock-y-solidaridad-se-unen-en-la-primera-panaleton-del-sur-de-chile\/#primaryimage"},"thumbnailUrl":"https:\/\/www.mundoacuicola.cl\/new\/wp-content\/uploads\/2026\/08\/Banner-Sud-Fest-1200x500-1.png","datePublished":"2026-08-31T23:38:44+00:00","dateModified":"2026-09-01T00:03:17+00:00","description":"El objetivo es recaudar 2.000 paquetes de pa\u00f1ales durante el desarrollo del evento, para ir en ayuda directa de adultos mayores postrados.","breadcrumb":{"@id":"https:\/\/www.mundoacuicola.cl\/new\/sudfest-2026-rock-y-solidaridad-se-unen-en-la-primera-panaleton-del-sur-de-chile\/#breadcrumb"},"inLanguage":"es","potentialAction":[{"@type":"ReadAction","target":["https:\/\/www.mundoacuicola.cl\/new\/sudfest-2026-rock-y-solidaridad-se-unen-en-la-primera-panaleton-del-sur-de-chile\/"]}]},{"@type":"ImageObject","inLanguage":"es","@id":"https:\/\/www.mundoacuicola.cl\/new\/sudfest-2026-rock-y-solidaridad-se-unen-en-la-primera-panaleton-del-sur-de-chile\/#primaryimage","url":"https:\/\/www.mundoacuicola.cl\/new\/wp-content\/uploads\/2026\/08\/Banner-Sud-Fest-1200x500-1.png","contentUrl":"https:\/\/www.mundoacuicola.cl\/new\/wp-content\/uploads\/2026\/08\/Banner-Sud-Fest-1200x500-1.png","width":1200,"height":600},{"@type":"BreadcrumbList","@id":"https:\/\/www.mundoacuicola.cl\/new\/sudfest-2026-rock-y-solidaridad-se-unen-en-la-primera-panaleton-del-sur-de-chile\/#breadcrumb","itemListElement":[{"@type":"ListItem","position":1,"name":"Portada","item":"https:\/\/www.mundoacuicola.cl\/new\/"},{"@type":"ListItem","position":2,"name":"Sudfest 2026: rock y solidaridad se unen en la primera pa\u00f1alet\u00f3n del sur de chile"}]},{"@type":"WebSite","@id":"https:\/\/www.mundoacuicola.cl\/new\/#website","url":"https:\/\/www.mundoacuicola.cl\/new\/","name":"Mundoacuicola","description":"Revista de Acuicultura.","publisher":{"@id":"https:\/\/www.mundoacuicola.cl\/new\/#organization"},"potentialAction":[{"@type":"SearchAction","target":{"@type":"EntryPoint","urlTemplate":"https:\/\/www.mundoacuicola.cl\/new\/?s={search_term_string}"},"query-input":{"@type":"PropertyValueSpecification","valueRequired":true,"valueName":"search_term_string"}}],"inLanguage":"es"},{"@type":"Organization","@id":"https:\/\/www.mundoacuicola.cl\/new\/#organization","name":"Mundoacuicola","url":"https:\/\/www.mundoacuicola.cl\/new\/","logo":{"@type":"ImageObject","inLanguage":"es","@id":"https:\/\/www.mundoacuicola.cl\/new\/#\/schema\/logo\/image\/","url":"https:\/\/www.mundoacuicola.cl\/new\/wp-content\/uploads\/2026\/01\/cropped-LOGO-Mundo-Acuicola-2026.png","contentUrl":"https:\/\/www.mundoacuicola.cl\/new\/wp-content\/uploads\/2026\/01\/cropped-LOGO-Mundo-Acuicola-2026.png","width":1252,"height":296,"caption":"Mundoacuicola"},"image":{"@id":"https:\/\/www.mundoacuicola.cl\/new\/#\/schema\/logo\/image\/"},"sameAs":["https:\/\/www.facebook.com\/mundo.acuicola\/","https:\/\/x.com\/mundoacuicola","https:\/\/www.linkedin.com\/in\/mundo-acuicola"]},{"@type":"Person","@id":"https:\/\/www.mundoacuicola.cl\/new\/#\/schema\/person\/4e9f74a82a7dac260eb1c44b7eebeb18","name":"mundo","url":"https:\/\/www.mundoacuicola.cl\/new\/author\/mundo\/"}]}},"_links":{"self":[{"href":"https:\/\/www.mundoacuicola.cl\/new\/wp-json\/wp\/v2\/posts\/92073","targetHints":{"allow":["GET"]}}],"collection":[{"href":"https:\/\/www.mundoacuicola.cl\/new\/wp-json\/wp\/v2\/posts"}],"about":[{"href":"https:\/\/www.mundoacuicola.cl\/new\/wp-json\/wp\/v2\/types\/post"}],"author":[{"embeddable":true,"href":"https:\/\/www.mundoacuicola.cl\/new\/wp-json\/wp\/v2\/users\/2"}],"replies":[{"embeddable":true,"href":"https:\/\/www.mundoacuicola.cl\/new\/wp-json\/wp\/v2\/comments?post=92073"}],"version-history":[{"count":3,"href":"https:\/\/www.mundoacuicola.cl\/new\/wp-json\/wp\/v2\/posts\/92073\/revisions"}],"predecessor-version":[{"id":92078,"href":"https:\/\/www.mundoacuicola.cl\/new\/wp-json\/wp\/v2\/posts\/92073\/revisions\/92078"}],"wp:featuredmedia":[{"embeddable":true,"href":"https:\/\/www.mundoacuicola.cl\/new\/wp-json\/wp\/v2\/media\/92074"}],"wp:attachment":[{"href":"https:\/\/www.mundoacuicola.cl\/new\/wp-json\/wp\/v2\/media?parent=92073"}],"wp:term":[{"taxonomy":"category","embeddable":true,"href":"https:\/\/www.mundoacuicola.cl\/new\/wp-json\/wp\/v2\/categories?post=92073"},{"taxonomy":"post_tag","embeddable":true,"href":"https:\/\/www.mundoacuicola.cl\/new\/wp-json\/wp\/v2\/tags?post=92073"}],"curies":[{"name":"wp","href":"https:\/\/api.w.org\/{rel}","templated":true}]}}