{"id":92091,"date":"2026-09-01T12:57:14","date_gmt":"2026-09-01T16:57:14","guid":{"rendered":"https:\/\/www.mundoacuicola.cl\/new\/?p=92091"},"modified":"2026-09-01T12:57:14","modified_gmt":"2026-09-01T16:57:14","slug":"pescadores-de-los-lagos-y-aysen-piden-medidas-urgentes-para-recuperar-la-merluza-austral","status":"publish","type":"post","link":"https:\/\/www.mundoacuicola.cl\/new\/pescadores-de-los-lagos-y-aysen-piden-medidas-urgentes-para-recuperar-la-merluza-austral\/","title":{"rendered":"Pescadores de Los Lagos y Ays\u00e9n piden medidas urgentes para recuperar la merluza austral"},"content":{"rendered":"<p style=\"font-weight: 400;\">Concluida la veda biol\u00f3gica de la merluza austral, representantes de la pesca artesanal de las regiones de Los Lagos y Ays\u00e9n enviaron una carta al subsecretario de Pesca y Acuicultura, Osvaldo Urrutia, para solicitar medidas concretas y urgentes destinadas a recuperar esta importante pesquer\u00eda.<\/p>\n<p style=\"font-weight: 400;\">La misiva fue suscrita por Patricio Maldonado, presidente del Sindicato N.\u00ba 1 de Puerto Gala, y Jos\u00e9 Alvarado, presidente de la Federaci\u00f3n de Pescadores Artesanales de Hualaihu\u00e9 y representantes de las organizaciones Oceana y FoF. En ella advierten que la crisis de la merluza austral afecta tanto la sostenibilidad del recurso como la subsistencia de numerosas familias y comunidades costeras.<\/p>\n<p style=\"font-weight: 400;\">Los dirigentes recordaron que, desde 2013, los antecedentes cient\u00edficos y los informes de la propia Subsecretar\u00eda de Pesca y Acuicultura (Subpesca) indican que la pesquer\u00eda se encuentra sobreexplotada. A su juicio, despu\u00e9s de m\u00e1s de una d\u00e9cada de diagn\u00f3sticos y mesas de trabajo, es necesario avanzar hacia decisiones efectivas que permitan revertir su deterioro.<\/p>\n<p style=\"font-weight: 400;\">\u201cEl mar no es solo un recurso econ\u00f3mico. Para las familias de las regiones de Los Lagos y Ays\u00e9n es nuestra identidad, nuestra historia y nuestra fuente de subsistencia. La disminuci\u00f3n de la merluza austral pone en riesgo la continuidad de nuestras comunidades\u201d, se\u00f1alaron Maldonado y Alvarado.<\/p>\n<p style=\"font-weight: 400;\">En la carta, los representantes solicitan una audiencia urgente con el subsecretario Urrutia y proponen trabajar en torno a cuatro medidas principales:<\/p>\n<p style=\"font-weight: 400;\">&#8211; Ampliar progresivamente la veda biol\u00f3gica, debido a que el actual periodo de protecci\u00f3n durante agosto ser\u00eda insuficiente para resguardar adecuadamente el ciclo reproductivo de la especie.<\/p>\n<p style=\"font-weight: 400;\">&#8211; Evaluar el establecimiento de una talla m\u00ednima de captura, con el fin de evitar la extracci\u00f3n de ejemplares antes de que alcancen su madurez sexual.<\/p>\n<p style=\"font-weight: 400;\">&#8211; Proteger las zonas de reproducci\u00f3n y los principales caladeros de pesca, fortaleciendo su resguardo y manejo.<\/p>\n<p style=\"font-weight: 400;\">&#8211; Reforzar el combate contra la pesca ilegal, mediante una fiscalizaci\u00f3n integral de la cadena, desde los puntos de desembarque hasta el transporte y la comercializaci\u00f3n, incluyendo controles obligatorios en puertos y carreteras.<\/p>\n<p style=\"font-weight: 400;\">\u201cLa crisis de la merluza austral no es solo un problema administrativo ni una cifra contenida en un informe. Es una emergencia social y ambiental que exige voluntad pol\u00edtica, coordinaci\u00f3n institucional y acciones concretas\u201d, enfatizaron los dirigentes.<\/p>\n<h3 style=\"font-weight: 400;\"><strong>Comercializaci\u00f3n y alimentaci\u00f3n escolar<\/strong><\/h3>\n<p style=\"font-weight: 400;\">Junto con las medidas orientadas a recuperar la pesquer\u00eda, las organizaciones artesanales han impulsado un programa de comercializaci\u00f3n para facilitar que los pescadores puedan hacer llegar directamente sus productos a distintos proveedores y abrir nuevos canales de venta, incluyendo el abastecimiento asociado a la Junta Nacional de Auxilio Escolar y Becas (Junaeb).<\/p>\n<p style=\"font-weight: 400;\">Esta iniciativa cuenta con una experiencia previa desarrollada en el\u00a0<a href=\"https:\/\/www.diarioregionalaysen.cl\/noticia\/educacion\/2025\/12\/junaeb-impulsa-piloto-que-suma-merluza-austral-a-programa-de-alimentacion-escolar\" data-saferedirecturl=\"https:\/\/www.google.com\/url?q=https:\/\/www.diarioregionalaysen.cl\/noticia\/educacion\/2025\/12\/junaeb-impulsa-piloto-que-suma-merluza-austral-a-programa-de-alimentacion-escolar&amp;source=gmail&amp;ust=1788358045211000&amp;usg=AOvVaw3eO77pKT_hC8bq8aTgkTBy\">Liceo de Puerto Cisnes<\/a>, donde productos provenientes de la pesca artesanal local fueron incorporados como parte de una experiencia destinada a vincular la producci\u00f3n del territorio con la alimentaci\u00f3n de los estudiantes, con excelentes resultados.<\/p>\n<p style=\"font-weight: 400;\">\u201cEs importante destacar que comercio y conservaci\u00f3n pueden ir de la mano, trabajamos junto a las organizaciones de pescadores artesanales para mejorar la comercializaci\u00f3n\u201d, afirm\u00f3 Iv\u00e1n Greco, l\u00edder de implementaci\u00f3n e investigaci\u00f3n de Fundaci\u00f3n FoF.\u00a0\u00a0\u201cEs un trabajo sostenido y silencioso que empieza a notarse cuando mejora la negociaci\u00f3n de los productos, se recuperan posiciones de poder en la cadena, emergen herramientas de gesti\u00f3n del negocio, como marketing, ventas, log\u00edstica. Entonces, cuando hablamos de comercializaci\u00f3n hablamos de la madurez de un grupo para realizarla\u201d, agreg\u00f3.<\/p>\n<p style=\"font-weight: 400;\">Las organizaciones de la pesca artesanal se encuentran a la espera de que esta experiencia pueda ampliarse y replicarse en otros establecimientos y localidades. Esto permitir\u00eda fortalecer los ingresos de las familias pescadoras, reducir la intermediaci\u00f3n, fomentar el consumo de productos del mar y aportar alimentos frescos y de origen local a la alimentaci\u00f3n escolar.<\/p>\n<p style=\"font-weight: 400;\">Los dirigentes recalcaron que la recuperaci\u00f3n de la merluza austral debe ir acompa\u00f1ada de mejores condiciones de comercializaci\u00f3n y de pol\u00edticas p\u00fablicas que reconozcan el aporte econ\u00f3mico, alimentario, social y cultural de la pesca artesanal.<\/p>\n","protected":false},"excerpt":{"rendered":"<p>Tras el t\u00e9rmino de la veda biol\u00f3gica, representantes de la pesca artesanal solicitaron al subsecretario Osvaldo Urrutia ampliar progresivamente el periodo de protecci\u00f3n, evaluar una talla m\u00ednima de captura, resguardar zonas reproductivas y reforzar el combate contra la pesca ilegal.<\/p>\n","protected":false},"author":10,"featured_media":92093,"comment_status":"closed","ping_status":"closed","sticky":false,"template":"","format":"standard","meta":{"footnotes":""},"categories":[404],"tags":[25931,652,131,28871,441,884,264,568,434,563,1988,307,730],"class_list":["post-92091","post","type-post","status-publish","format-standard","has-post-thumbnail","hentry","category-titular-2","tag-conservacion-pesquera","tag-hualaihue","tag-merluza-austral","tag-osvaldo-urrutia","tag-pesca-artesanal","tag-pesca-ilegal","tag-pescadores-artesanales","tag-pesquerias","tag-region-de-aysen","tag-region-de-los-lagos","tag-sobreexplotacion","tag-subpesca","tag-veda-biologica"],"yoast_head":"<!-- This site is optimized with the Yoast SEO plugin v28.3 - https:\/\/yoast.com\/product\/yoast-seo-wordpress\/ -->\n<title>Pescadores de Los Lagos y Ays\u00e9n piden medidas urgentes para recuperar la merluza austral - Mundoacuicola<\/title>\n<meta name=\"description\" content=\"Pescadores de Los Lagos y Ays\u00e9n solicitaron a Subpesca cuatro medidas urgentes para avanzar en la recuperaci\u00f3n de la merluza austral.\" \/>\n<meta name=\"robots\" content=\"index, follow, max-snippet:-1, max-image-preview:large, max-video-preview:-1\" \/>\n<link rel=\"canonical\" href=\"https:\/\/www.mundoacuicola.cl\/new\/pescadores-de-los-lagos-y-aysen-piden-medidas-urgentes-para-recuperar-la-merluza-austral\/\" \/>\n<meta property=\"og:locale\" content=\"es_ES\" \/>\n<meta property=\"og:type\" content=\"article\" \/>\n<meta property=\"og:title\" content=\"Pescadores de Los Lagos y Ays\u00e9n piden medidas urgentes para recuperar la merluza austral - Mundoacuicola\" \/>\n<meta property=\"og:description\" content=\"Pescadores de Los Lagos y Ays\u00e9n solicitaron a Subpesca cuatro medidas urgentes para avanzar en la recuperaci\u00f3n de la merluza austral.\" \/>\n<meta property=\"og:url\" content=\"https:\/\/www.mundoacuicola.cl\/new\/pescadores-de-los-lagos-y-aysen-piden-medidas-urgentes-para-recuperar-la-merluza-austral\/\" \/>\n<meta property=\"og:site_name\" content=\"Mundoacuicola\" \/>\n<meta property=\"article:publisher\" content=\"https:\/\/www.facebook.com\/mundo.acuicola\/\" \/>\n<meta property=\"article:published_time\" content=\"2026-09-01T16:57:14+00:00\" \/>\n<meta property=\"og:image\" content=\"https:\/\/www.mundoacuicola.cl\/new\/wp-content\/uploads\/2026\/09\/Merluza-Austral-Oceana.png\" \/>\n\t<meta property=\"og:image:width\" content=\"1200\" \/>\n\t<meta property=\"og:image:height\" content=\"700\" \/>\n\t<meta property=\"og:image:type\" content=\"image\/png\" \/>\n<meta name=\"author\" content=\"mbarrueto\" \/>\n<meta name=\"twitter:card\" content=\"summary_large_image\" \/>\n<meta name=\"twitter:creator\" content=\"@mundoacuicola\" \/>\n<meta name=\"twitter:site\" content=\"@mundoacuicola\" \/>\n<meta name=\"twitter:label1\" content=\"Escrito por\" \/>\n\t<meta name=\"twitter:data1\" content=\"mbarrueto\" \/>\n\t<meta name=\"twitter:label2\" content=\"Tiempo de lectura\" \/>\n\t<meta name=\"twitter:data2\" content=\"4 minutos\" \/>\n<script type=\"application\/ld+json\" class=\"yoast-schema-graph\">{\"@context\":\"https:\\\/\\\/schema.org\",\"@graph\":[{\"@type\":\"Article\",\"@id\":\"https:\\\/\\\/www.mundoacuicola.cl\\\/new\\\/pescadores-de-los-lagos-y-aysen-piden-medidas-urgentes-para-recuperar-la-merluza-austral\\\/#article\",\"isPartOf\":{\"@id\":\"https:\\\/\\\/www.mundoacuicola.cl\\\/new\\\/pescadores-de-los-lagos-y-aysen-piden-medidas-urgentes-para-recuperar-la-merluza-austral\\\/\"},\"author\":{\"name\":\"mbarrueto\",\"@id\":\"https:\\\/\\\/www.mundoacuicola.cl\\\/new\\\/#\\\/schema\\\/person\\\/c00ffe389abb88bd9254653add139315\"},\"headline\":\"Pescadores de Los Lagos y Ays\u00e9n piden medidas urgentes para recuperar la merluza austral\",\"datePublished\":\"2026-09-01T16:57:14+00:00\",\"mainEntityOfPage\":{\"@id\":\"https:\\\/\\\/www.mundoacuicola.cl\\\/new\\\/pescadores-de-los-lagos-y-aysen-piden-medidas-urgentes-para-recuperar-la-merluza-austral\\\/\"},\"wordCount\":707,\"publisher\":{\"@id\":\"https:\\\/\\\/www.mundoacuicola.cl\\\/new\\\/#organization\"},\"image\":{\"@id\":\"https:\\\/\\\/www.mundoacuicola.cl\\\/new\\\/pescadores-de-los-lagos-y-aysen-piden-medidas-urgentes-para-recuperar-la-merluza-austral\\\/#primaryimage\"},\"thumbnailUrl\":\"https:\\\/\\\/www.mundoacuicola.cl\\\/new\\\/wp-content\\\/uploads\\\/2026\\\/09\\\/Merluza-Austral-Oceana.png\",\"keywords\":[\"conservaci\u00f3n pesquera\",\"Hualaihu\u00e9\",\"Merluza Austral\",\"Osvaldo Urrutia\",\"Pesca artesanal\",\"pesca ilegal\",\"pescadores artesanales\",\"pesquer\u00edas\",\"Regi\u00f3n de Ays\u00e9n\",\"Regi\u00f3n de Los Lagos\",\"Sobreexplotaci\u00f3n\",\"subpesca\",\"veda biol{ogica\"],\"articleSection\":[\"Titular 2\"],\"inLanguage\":\"es\"},{\"@type\":\"WebPage\",\"@id\":\"https:\\\/\\\/www.mundoacuicola.cl\\\/new\\\/pescadores-de-los-lagos-y-aysen-piden-medidas-urgentes-para-recuperar-la-merluza-austral\\\/\",\"url\":\"https:\\\/\\\/www.mundoacuicola.cl\\\/new\\\/pescadores-de-los-lagos-y-aysen-piden-medidas-urgentes-para-recuperar-la-merluza-austral\\\/\",\"name\":\"Pescadores de Los Lagos y Ays\u00e9n piden medidas urgentes para recuperar la merluza austral - Mundoacuicola\",\"isPartOf\":{\"@id\":\"https:\\\/\\\/www.mundoacuicola.cl\\\/new\\\/#website\"},\"primaryImageOfPage\":{\"@id\":\"https:\\\/\\\/www.mundoacuicola.cl\\\/new\\\/pescadores-de-los-lagos-y-aysen-piden-medidas-urgentes-para-recuperar-la-merluza-austral\\\/#primaryimage\"},\"image\":{\"@id\":\"https:\\\/\\\/www.mundoacuicola.cl\\\/new\\\/pescadores-de-los-lagos-y-aysen-piden-medidas-urgentes-para-recuperar-la-merluza-austral\\\/#primaryimage\"},\"thumbnailUrl\":\"https:\\\/\\\/www.mundoacuicola.cl\\\/new\\\/wp-content\\\/uploads\\\/2026\\\/09\\\/Merluza-Austral-Oceana.png\",\"datePublished\":\"2026-09-01T16:57:14+00:00\",\"description\":\"Pescadores de Los Lagos y Ays\u00e9n solicitaron a Subpesca cuatro medidas urgentes para avanzar en la recuperaci\u00f3n de la merluza austral.\",\"breadcrumb\":{\"@id\":\"https:\\\/\\\/www.mundoacuicola.cl\\\/new\\\/pescadores-de-los-lagos-y-aysen-piden-medidas-urgentes-para-recuperar-la-merluza-austral\\\/#breadcrumb\"},\"inLanguage\":\"es\",\"potentialAction\":[{\"@type\":\"ReadAction\",\"target\":[\"https:\\\/\\\/www.mundoacuicola.cl\\\/new\\\/pescadores-de-los-lagos-y-aysen-piden-medidas-urgentes-para-recuperar-la-merluza-austral\\\/\"]}]},{\"@type\":\"ImageObject\",\"inLanguage\":\"es\",\"@id\":\"https:\\\/\\\/www.mundoacuicola.cl\\\/new\\\/pescadores-de-los-lagos-y-aysen-piden-medidas-urgentes-para-recuperar-la-merluza-austral\\\/#primaryimage\",\"url\":\"https:\\\/\\\/www.mundoacuicola.cl\\\/new\\\/wp-content\\\/uploads\\\/2026\\\/09\\\/Merluza-Austral-Oceana.png\",\"contentUrl\":\"https:\\\/\\\/www.mundoacuicola.cl\\\/new\\\/wp-content\\\/uploads\\\/2026\\\/09\\\/Merluza-Austral-Oceana.png\",\"width\":1200,\"height\":700},{\"@type\":\"BreadcrumbList\",\"@id\":\"https:\\\/\\\/www.mundoacuicola.cl\\\/new\\\/pescadores-de-los-lagos-y-aysen-piden-medidas-urgentes-para-recuperar-la-merluza-austral\\\/#breadcrumb\",\"itemListElement\":[{\"@type\":\"ListItem\",\"position\":1,\"name\":\"Portada\",\"item\":\"https:\\\/\\\/www.mundoacuicola.cl\\\/new\\\/\"},{\"@type\":\"ListItem\",\"position\":2,\"name\":\"Pescadores de Los Lagos y Ays\u00e9n piden medidas urgentes para recuperar la merluza austral\"}]},{\"@type\":\"WebSite\",\"@id\":\"https:\\\/\\\/www.mundoacuicola.cl\\\/new\\\/#website\",\"url\":\"https:\\\/\\\/www.mundoacuicola.cl\\\/new\\\/\",\"name\":\"Mundoacuicola\",\"description\":\"Revista de Acuicultura.\",\"publisher\":{\"@id\":\"https:\\\/\\\/www.mundoacuicola.cl\\\/new\\\/#organization\"},\"potentialAction\":[{\"@type\":\"SearchAction\",\"target\":{\"@type\":\"EntryPoint\",\"urlTemplate\":\"https:\\\/\\\/www.mundoacuicola.cl\\\/new\\\/?s={search_term_string}\"},\"query-input\":{\"@type\":\"PropertyValueSpecification\",\"valueRequired\":true,\"valueName\":\"search_term_string\"}}],\"inLanguage\":\"es\"},{\"@type\":\"Organization\",\"@id\":\"https:\\\/\\\/www.mundoacuicola.cl\\\/new\\\/#organization\",\"name\":\"Mundoacuicola\",\"url\":\"https:\\\/\\\/www.mundoacuicola.cl\\\/new\\\/\",\"logo\":{\"@type\":\"ImageObject\",\"inLanguage\":\"es\",\"@id\":\"https:\\\/\\\/www.mundoacuicola.cl\\\/new\\\/#\\\/schema\\\/logo\\\/image\\\/\",\"url\":\"https:\\\/\\\/www.mundoacuicola.cl\\\/new\\\/wp-content\\\/uploads\\\/2026\\\/01\\\/cropped-LOGO-Mundo-Acuicola-2026.png\",\"contentUrl\":\"https:\\\/\\\/www.mundoacuicola.cl\\\/new\\\/wp-content\\\/uploads\\\/2026\\\/01\\\/cropped-LOGO-Mundo-Acuicola-2026.png\",\"width\":1252,\"height\":296,\"caption\":\"Mundoacuicola\"},\"image\":{\"@id\":\"https:\\\/\\\/www.mundoacuicola.cl\\\/new\\\/#\\\/schema\\\/logo\\\/image\\\/\"},\"sameAs\":[\"https:\\\/\\\/www.facebook.com\\\/mundo.acuicola\\\/\",\"https:\\\/\\\/x.com\\\/mundoacuicola\",\"https:\\\/\\\/www.linkedin.com\\\/in\\\/mundo-acuicola\"]},{\"@type\":\"Person\",\"@id\":\"https:\\\/\\\/www.mundoacuicola.cl\\\/new\\\/#\\\/schema\\\/person\\\/c00ffe389abb88bd9254653add139315\",\"name\":\"mbarrueto\",\"url\":\"https:\\\/\\\/www.mundoacuicola.cl\\\/new\\\/author\\\/mbarrueto\\\/\"}]}<\/script>\n<!-- \/ Yoast SEO plugin. -->","yoast_head_json":{"title":"Pescadores de Los Lagos y Ays\u00e9n piden medidas urgentes para recuperar la merluza austral - Mundoacuicola","description":"Pescadores de Los Lagos y Ays\u00e9n solicitaron a Subpesca cuatro medidas urgentes para avanzar en la recuperaci\u00f3n de la merluza austral.","robots":{"index":"index","follow":"follow","max-snippet":"max-snippet:-1","max-image-preview":"max-image-preview:large","max-video-preview":"max-video-preview:-1"},"canonical":"https:\/\/www.mundoacuicola.cl\/new\/pescadores-de-los-lagos-y-aysen-piden-medidas-urgentes-para-recuperar-la-merluza-austral\/","og_locale":"es_ES","og_type":"article","og_title":"Pescadores de Los Lagos y Ays\u00e9n piden medidas urgentes para recuperar la merluza austral - Mundoacuicola","og_description":"Pescadores de Los Lagos y Ays\u00e9n solicitaron a Subpesca cuatro medidas urgentes para avanzar en la recuperaci\u00f3n de la merluza austral.","og_url":"https:\/\/www.mundoacuicola.cl\/new\/pescadores-de-los-lagos-y-aysen-piden-medidas-urgentes-para-recuperar-la-merluza-austral\/","og_site_name":"Mundoacuicola","article_publisher":"https:\/\/www.facebook.com\/mundo.acuicola\/","article_published_time":"2026-09-01T16:57:14+00:00","og_image":[{"width":1200,"height":700,"url":"https:\/\/www.mundoacuicola.cl\/new\/wp-content\/uploads\/2026\/09\/Merluza-Austral-Oceana.png","type":"image\/png"}],"author":"mbarrueto","twitter_card":"summary_large_image","twitter_creator":"@mundoacuicola","twitter_site":"@mundoacuicola","twitter_misc":{"Escrito por":"mbarrueto","Tiempo de lectura":"4 minutos"},"schema":{"@context":"https:\/\/schema.org","@graph":[{"@type":"Article","@id":"https:\/\/www.mundoacuicola.cl\/new\/pescadores-de-los-lagos-y-aysen-piden-medidas-urgentes-para-recuperar-la-merluza-austral\/#article","isPartOf":{"@id":"https:\/\/www.mundoacuicola.cl\/new\/pescadores-de-los-lagos-y-aysen-piden-medidas-urgentes-para-recuperar-la-merluza-austral\/"},"author":{"name":"mbarrueto","@id":"https:\/\/www.mundoacuicola.cl\/new\/#\/schema\/person\/c00ffe389abb88bd9254653add139315"},"headline":"Pescadores de Los Lagos y Ays\u00e9n piden medidas urgentes para recuperar la merluza austral","datePublished":"2026-09-01T16:57:14+00:00","mainEntityOfPage":{"@id":"https:\/\/www.mundoacuicola.cl\/new\/pescadores-de-los-lagos-y-aysen-piden-medidas-urgentes-para-recuperar-la-merluza-austral\/"},"wordCount":707,"publisher":{"@id":"https:\/\/www.mundoacuicola.cl\/new\/#organization"},"image":{"@id":"https:\/\/www.mundoacuicola.cl\/new\/pescadores-de-los-lagos-y-aysen-piden-medidas-urgentes-para-recuperar-la-merluza-austral\/#primaryimage"},"thumbnailUrl":"https:\/\/www.mundoacuicola.cl\/new\/wp-content\/uploads\/2026\/09\/Merluza-Austral-Oceana.png","keywords":["conservaci\u00f3n pesquera","Hualaihu\u00e9","Merluza Austral","Osvaldo Urrutia","Pesca artesanal","pesca ilegal","pescadores artesanales","pesquer\u00edas","Regi\u00f3n de Ays\u00e9n","Regi\u00f3n de Los Lagos","Sobreexplotaci\u00f3n","subpesca","veda biol{ogica"],"articleSection":["Titular 2"],"inLanguage":"es"},{"@type":"WebPage","@id":"https:\/\/www.mundoacuicola.cl\/new\/pescadores-de-los-lagos-y-aysen-piden-medidas-urgentes-para-recuperar-la-merluza-austral\/","url":"https:\/\/www.mundoacuicola.cl\/new\/pescadores-de-los-lagos-y-aysen-piden-medidas-urgentes-para-recuperar-la-merluza-austral\/","name":"Pescadores de Los Lagos y Ays\u00e9n piden medidas urgentes para recuperar la merluza austral - Mundoacuicola","isPartOf":{"@id":"https:\/\/www.mundoacuicola.cl\/new\/#website"},"primaryImageOfPage":{"@id":"https:\/\/www.mundoacuicola.cl\/new\/pescadores-de-los-lagos-y-aysen-piden-medidas-urgentes-para-recuperar-la-merluza-austral\/#primaryimage"},"image":{"@id":"https:\/\/www.mundoacuicola.cl\/new\/pescadores-de-los-lagos-y-aysen-piden-medidas-urgentes-para-recuperar-la-merluza-austral\/#primaryimage"},"thumbnailUrl":"https:\/\/www.mundoacuicola.cl\/new\/wp-content\/uploads\/2026\/09\/Merluza-Austral-Oceana.png","datePublished":"2026-09-01T16:57:14+00:00","description":"Pescadores de Los Lagos y Ays\u00e9n solicitaron a Subpesca cuatro medidas urgentes para avanzar en la recuperaci\u00f3n de la merluza austral.","breadcrumb":{"@id":"https:\/\/www.mundoacuicola.cl\/new\/pescadores-de-los-lagos-y-aysen-piden-medidas-urgentes-para-recuperar-la-merluza-austral\/#breadcrumb"},"inLanguage":"es","potentialAction":[{"@type":"ReadAction","target":["https:\/\/www.mundoacuicola.cl\/new\/pescadores-de-los-lagos-y-aysen-piden-medidas-urgentes-para-recuperar-la-merluza-austral\/"]}]},{"@type":"ImageObject","inLanguage":"es","@id":"https:\/\/www.mundoacuicola.cl\/new\/pescadores-de-los-lagos-y-aysen-piden-medidas-urgentes-para-recuperar-la-merluza-austral\/#primaryimage","url":"https:\/\/www.mundoacuicola.cl\/new\/wp-content\/uploads\/2026\/09\/Merluza-Austral-Oceana.png","contentUrl":"https:\/\/www.mundoacuicola.cl\/new\/wp-content\/uploads\/2026\/09\/Merluza-Austral-Oceana.png","width":1200,"height":700},{"@type":"BreadcrumbList","@id":"https:\/\/www.mundoacuicola.cl\/new\/pescadores-de-los-lagos-y-aysen-piden-medidas-urgentes-para-recuperar-la-merluza-austral\/#breadcrumb","itemListElement":[{"@type":"ListItem","position":1,"name":"Portada","item":"https:\/\/www.mundoacuicola.cl\/new\/"},{"@type":"ListItem","position":2,"name":"Pescadores de Los Lagos y Ays\u00e9n piden medidas urgentes para recuperar la merluza austral"}]},{"@type":"WebSite","@id":"https:\/\/www.mundoacuicola.cl\/new\/#website","url":"https:\/\/www.mundoacuicola.cl\/new\/","name":"Mundoacuicola","description":"Revista de Acuicultura.","publisher":{"@id":"https:\/\/www.mundoacuicola.cl\/new\/#organization"},"potentialAction":[{"@type":"SearchAction","target":{"@type":"EntryPoint","urlTemplate":"https:\/\/www.mundoacuicola.cl\/new\/?s={search_term_string}"},"query-input":{"@type":"PropertyValueSpecification","valueRequired":true,"valueName":"search_term_string"}}],"inLanguage":"es"},{"@type":"Organization","@id":"https:\/\/www.mundoacuicola.cl\/new\/#organization","name":"Mundoacuicola","url":"https:\/\/www.mundoacuicola.cl\/new\/","logo":{"@type":"ImageObject","inLanguage":"es","@id":"https:\/\/www.mundoacuicola.cl\/new\/#\/schema\/logo\/image\/","url":"https:\/\/www.mundoacuicola.cl\/new\/wp-content\/uploads\/2026\/01\/cropped-LOGO-Mundo-Acuicola-2026.png","contentUrl":"https:\/\/www.mundoacuicola.cl\/new\/wp-content\/uploads\/2026\/01\/cropped-LOGO-Mundo-Acuicola-2026.png","width":1252,"height":296,"caption":"Mundoacuicola"},"image":{"@id":"https:\/\/www.mundoacuicola.cl\/new\/#\/schema\/logo\/image\/"},"sameAs":["https:\/\/www.facebook.com\/mundo.acuicola\/","https:\/\/x.com\/mundoacuicola","https:\/\/www.linkedin.com\/in\/mundo-acuicola"]},{"@type":"Person","@id":"https:\/\/www.mundoacuicola.cl\/new\/#\/schema\/person\/c00ffe389abb88bd9254653add139315","name":"mbarrueto","url":"https:\/\/www.mundoacuicola.cl\/new\/author\/mbarrueto\/"}]}},"_links":{"self":[{"href":"https:\/\/www.mundoacuicola.cl\/new\/wp-json\/wp\/v2\/posts\/92091","targetHints":{"allow":["GET"]}}],"collection":[{"href":"https:\/\/www.mundoacuicola.cl\/new\/wp-json\/wp\/v2\/posts"}],"about":[{"href":"https:\/\/www.mundoacuicola.cl\/new\/wp-json\/wp\/v2\/types\/post"}],"author":[{"embeddable":true,"href":"https:\/\/www.mundoacuicola.cl\/new\/wp-json\/wp\/v2\/users\/10"}],"replies":[{"embeddable":true,"href":"https:\/\/www.mundoacuicola.cl\/new\/wp-json\/wp\/v2\/comments?post=92091"}],"version-history":[{"count":1,"href":"https:\/\/www.mundoacuicola.cl\/new\/wp-json\/wp\/v2\/posts\/92091\/revisions"}],"predecessor-version":[{"id":92094,"href":"https:\/\/www.mundoacuicola.cl\/new\/wp-json\/wp\/v2\/posts\/92091\/revisions\/92094"}],"wp:featuredmedia":[{"embeddable":true,"href":"https:\/\/www.mundoacuicola.cl\/new\/wp-json\/wp\/v2\/media\/92093"}],"wp:attachment":[{"href":"https:\/\/www.mundoacuicola.cl\/new\/wp-json\/wp\/v2\/media?parent=92091"}],"wp:term":[{"taxonomy":"category","embeddable":true,"href":"https:\/\/www.mundoacuicola.cl\/new\/wp-json\/wp\/v2\/categories?post=92091"},{"taxonomy":"post_tag","embeddable":true,"href":"https:\/\/www.mundoacuicola.cl\/new\/wp-json\/wp\/v2\/tags?post=92091"}],"curies":[{"name":"wp","href":"https:\/\/api.w.org\/{rel}","templated":true}]}}